{"id":1170,"date":"2026-03-17T09:00:00","date_gmt":"2026-03-17T13:00:00","guid":{"rendered":"https:\/\/progresso.com.br\/?p=1170"},"modified":"2026-03-17T08:25:14","modified_gmt":"2026-03-17T12:25:14","slug":"ms-discute-em-brasilia-parceria-estrategica-com-a-bolivia","status":"publish","type":"post","link":"https:\/\/progresso.com.br\/index.php\/2026\/03\/17\/ms-discute-em-brasilia-parceria-estrategica-com-a-bolivia\/","title":{"rendered":"MS discute em Bras\u00edlia parceria estrat\u00e9gica com a Bol\u00edvia"},"content":{"rendered":"\n<p><strong><em>A aproxima\u00e7\u00e3o refor\u00e7a a posi\u00e7\u00e3o de MS como corredor estrat\u00e9gico na Am\u00e9rica do Sul<\/em><\/strong><\/p>\n\n\n\n<p><em>Comunica\u00e7\u00e3o Governo de MS<\/em><\/p>\n\n\n\n<p>O fortalecimento dos la\u00e7os econ\u00f4micos entre Bol\u00edvia e Brasil, em especial com Mato Grosso do Sul, foram discutidos em Bras\u00edlia (DF) nesta segunda-feira (16) em almo\u00e7o realizado no Pal\u00e1cio do Itamaraty, sede do Minist\u00e9rio das Rela\u00e7\u00f5es Exteriores. O evento contou com a presen\u00e7a do presidente boliviano, Rodrigo Paz, do governador sul-mato-grossense, Eduardo Riedel, e do secret\u00e1rio estadual de Desenvolvimento, Jaime Verruck, al\u00e9m do presidente da Rep\u00fablica, Luiz In\u00e1cio Lula da Silva.<\/p>\n\n\n\n<p>Um dos temas debatidos foi a altera\u00e7\u00e3o de pontos regulat\u00f3rios do g\u00e1s natural boliviano, importado para o Brasil passando por Mato Grosso do Sul, onde corresponde a importante fatia de arrecada\u00e7\u00e3o e tamb\u00e9m \u00e9 tido como mola propulsora do desenvolvimento industrial do Estado.<\/p>\n\n\n\n<p>Outra quest\u00e3o abordada foi a integra\u00e7\u00e3o log\u00edstica de Mato Grosso do Sul com a Bol\u00edvia, o que envolve quest\u00f5es como a Hidrovia do Rio Paraguai e uma conex\u00e3o entre a Malha Oeste &#8211; que deve \u00e0 leil\u00e3o pelo Governo Federal at\u00e9 novembro &#8211; e j\u00e1 operante no territ\u00f3rio boliviano Ferroviaria Oriental.<\/p>\n\n\n\n<p>&#8220;Foram discuss\u00f5es muito importantes para o Mato Grosso do Sul, como a reformula\u00e7\u00e3o da legisla\u00e7\u00e3o referente ao g\u00e1s, algo fundamental para que esse setor tenha mais investimentos, beneficiando diretamente o nosso Estado. Conversamos ainda sobre a hidrovia no Rio Paraguai, algo que cabe ao Governo Federal avan\u00e7ar, e a situa\u00e7\u00e3o da ferrovia Malha Oeste. L\u00e1 na Bol\u00edvia eles j\u00e1 tem a linha Oriental&#8221;, explica o governador.<\/p>\n\n\n\n<p>Al\u00e9m dessas discuss\u00f5es, Riedel e as autoridades presentes conversaram sobre os avan\u00e7os que a interconex\u00e3o da rede el\u00e9trica boliviana \u00e0 brasileira &#8211; alvo do acordo bilateral assinado hoje &#8211; podem render para o Brasil e particularmente para o Mato Grosso do Sul, estado onde vai ocorrer a conex\u00e3o.<\/p>\n\n\n\n<p>&#8220;Hoje foi assinado um tratado sobre energia el\u00e9trica que para o Mato Grosso do Sul ser\u00e1 extremamente importante, pois est\u00e1 garantindo mais suprimento de energia para o pa\u00eds e, consequentemente, para o Estado. Certamente todos esses debates feitos hoje v\u00e3o chegar a uma consolida\u00e7\u00e3o de importantes investimentos e da uma integra\u00e7\u00e3o econ\u00f4mica e estrutural Mato Grosso do Sul-Brasil-Bol\u00edvia&#8221;, conclui Riedel.<\/p>\n\n\n\n<p>De acordo com o Minist\u00e9rio de Minas e Energia, o acordo prev\u00ea uma liga\u00e7\u00e3o entre a prov\u00edncia boliviana de Germ\u00e1n Busch, no departamento de Santa Cruz, ao munic\u00edpio de Corumb\u00e1. A iniciativa inclui a instala\u00e7\u00e3o de uma esta\u00e7\u00e3o conversora de frequ\u00eancia no lado brasileiro e a constru\u00e7\u00e3o de linhas de transmiss\u00e3o com capacidade aproximada de 420 megawatts (MW), consolidando a integra\u00e7\u00e3o das infraestruturas.<\/p>\n\n\n\n<p>O interc\u00e2mbio de energia ocorrer\u00e1 principalmente a partir de excedentes de gera\u00e7\u00e3o de cada pa\u00eds, sempre preservando o atendimento priorit\u00e1rio das demandas internas. O documento tamb\u00e9m prev\u00ea a possibilidade de trocas emergenciais em situa\u00e7\u00f5es de conting\u00eancia nos sistemas el\u00e9tricos. Cada pa\u00eds ser\u00e1 respons\u00e1vel por financiar, construir e operar sua pr\u00f3pria infraestrutura.<\/p>\n\n\n\n<p>Al\u00e9m de ocupar boa parte da fronteira com o pa\u00eds vizinho, Mato Grosso do Sul tamb\u00e9m est\u00e1 em posi\u00e7\u00e3o geogr\u00e1fica privilegiada, no centro da Am\u00e9rica do Sul e pr\u00f3ximo de grandes centros econ\u00f4micos e de consumo. Tal situa\u00e7\u00e3o faz com que o territ\u00f3rio sul-mato-grossense ganhe maior potencial como refer\u00eancia log\u00edstica e importante rota para a produ\u00e7\u00e3o sul-americana ganhar mercados globais, e vice e versa.<\/p>\n\n\n\n<p><br><\/p>\n","protected":false},"excerpt":{"rendered":"<p>A aproxima\u00e7\u00e3o refor\u00e7a a posi\u00e7\u00e3o de MS como corredor estrat\u00e9gico na Am\u00e9rica do Sul Comunica\u00e7\u00e3o Governo de MS O fortalecimento dos la\u00e7os econ\u00f4micos entre Bol\u00edvia e Brasil, em especial com Mato Grosso do Sul, foram discutidos em Bras\u00edlia (DF) nesta segunda-feira (16) em almo\u00e7o realizado no Pal\u00e1cio do Itamaraty, sede do Minist\u00e9rio das Rela\u00e7\u00f5es Exteriores. [&hellip;]<\/p>\n","protected":false},"author":2,"featured_media":1171,"comment_status":"open","ping_status":"open","sticky":false,"template":"","format":"standard","meta":{"footnotes":""},"categories":[1],"tags":[],"class_list":["post-1170","post","type-post","status-publish","format-standard","has-post-thumbnail","hentry","category-sem-categoria"],"yoast_head":"<!-- This site is optimized with the Yoast SEO plugin v27.1.1 - https:\/\/yoast.com\/product\/yoast-seo-wordpress\/ -->\n<title>MS discute em Bras\u00edlia parceria estrat\u00e9gica com a Bol\u00edvia - O PROGRESSO<\/title>\n<meta name=\"robots\" content=\"index, follow, max-snippet:-1, max-image-preview:large, max-video-preview:-1\" \/>\n<link rel=\"canonical\" href=\"https:\/\/progresso.com.br\/index.php\/2026\/03\/17\/ms-discute-em-brasilia-parceria-estrategica-com-a-bolivia\/\" \/>\n<meta property=\"og:locale\" content=\"pt_BR\" \/>\n<meta property=\"og:type\" content=\"article\" \/>\n<meta property=\"og:title\" content=\"MS discute em Bras\u00edlia parceria estrat\u00e9gica com a Bol\u00edvia - O PROGRESSO\" \/>\n<meta property=\"og:description\" content=\"A aproxima\u00e7\u00e3o refor\u00e7a a posi\u00e7\u00e3o de MS como corredor estrat\u00e9gico na Am\u00e9rica do Sul Comunica\u00e7\u00e3o Governo de MS O fortalecimento dos la\u00e7os econ\u00f4micos entre Bol\u00edvia e Brasil, em especial com Mato Grosso do Sul, foram discutidos em Bras\u00edlia (DF) nesta segunda-feira (16) em almo\u00e7o realizado no Pal\u00e1cio do Itamaraty, sede do Minist\u00e9rio das Rela\u00e7\u00f5es Exteriores. [&hellip;]\" \/>\n<meta property=\"og:url\" content=\"https:\/\/progresso.com.br\/index.php\/2026\/03\/17\/ms-discute-em-brasilia-parceria-estrategica-com-a-bolivia\/\" \/>\n<meta property=\"og:site_name\" content=\"O PROGRESSO\" \/>\n<meta property=\"article:publisher\" content=\"https:\/\/www.facebook.com\/share\/1CeoksKBj6\/\" \/>\n<meta property=\"article:published_time\" content=\"2026-03-17T13:00:00+00:00\" \/>\n<meta property=\"og:image\" content=\"https:\/\/progresso.com.br\/wp-content\/uploads\/2026\/03\/msgas-730x480-1.png\" \/>\n\t<meta property=\"og:image:width\" content=\"730\" \/>\n\t<meta property=\"og:image:height\" content=\"480\" \/>\n\t<meta property=\"og:image:type\" content=\"image\/png\" \/>\n<meta name=\"author\" content=\"Rose\" \/>\n<meta name=\"twitter:card\" content=\"summary_large_image\" \/>\n<meta name=\"twitter:label1\" content=\"Escrito por\" \/>\n\t<meta name=\"twitter:data1\" content=\"Rose\" \/>\n\t<meta name=\"twitter:label2\" content=\"Est. tempo de leitura\" \/>\n\t<meta name=\"twitter:data2\" content=\"4 minutos\" \/>\n<script type=\"application\/ld+json\" class=\"yoast-schema-graph\">{\"@context\":\"https:\/\/schema.org\",\"@graph\":[{\"@type\":\"Article\",\"@id\":\"https:\/\/progresso.com.br\/index.php\/2026\/03\/17\/ms-discute-em-brasilia-parceria-estrategica-com-a-bolivia\/#article\",\"isPartOf\":{\"@id\":\"https:\/\/progresso.com.br\/index.php\/2026\/03\/17\/ms-discute-em-brasilia-parceria-estrategica-com-a-bolivia\/\"},\"author\":{\"name\":\"Rose\",\"@id\":\"https:\/\/progresso.com.br\/#\/schema\/person\/5dd27138d4463fbbaace62120bfc002b\"},\"headline\":\"MS discute em Bras\u00edlia parceria estrat\u00e9gica com a Bol\u00edvia\",\"datePublished\":\"2026-03-17T13:00:00+00:00\",\"mainEntityOfPage\":{\"@id\":\"https:\/\/progresso.com.br\/index.php\/2026\/03\/17\/ms-discute-em-brasilia-parceria-estrategica-com-a-bolivia\/\"},\"wordCount\":629,\"commentCount\":0,\"publisher\":{\"@id\":\"https:\/\/progresso.com.br\/#organization\"},\"image\":{\"@id\":\"https:\/\/progresso.com.br\/index.php\/2026\/03\/17\/ms-discute-em-brasilia-parceria-estrategica-com-a-bolivia\/#primaryimage\"},\"thumbnailUrl\":\"https:\/\/progresso.com.br\/wp-content\/uploads\/2026\/03\/msgas-730x480-1.png\",\"inLanguage\":\"pt-BR\",\"potentialAction\":[{\"@type\":\"CommentAction\",\"name\":\"Comment\",\"target\":[\"https:\/\/progresso.com.br\/index.php\/2026\/03\/17\/ms-discute-em-brasilia-parceria-estrategica-com-a-bolivia\/#respond\"]}]},{\"@type\":\"WebPage\",\"@id\":\"https:\/\/progresso.com.br\/index.php\/2026\/03\/17\/ms-discute-em-brasilia-parceria-estrategica-com-a-bolivia\/\",\"url\":\"https:\/\/progresso.com.br\/index.php\/2026\/03\/17\/ms-discute-em-brasilia-parceria-estrategica-com-a-bolivia\/\",\"name\":\"MS discute em Bras\u00edlia parceria estrat\u00e9gica com a Bol\u00edvia - O PROGRESSO\",\"isPartOf\":{\"@id\":\"https:\/\/progresso.com.br\/#website\"},\"primaryImageOfPage\":{\"@id\":\"https:\/\/progresso.com.br\/index.php\/2026\/03\/17\/ms-discute-em-brasilia-parceria-estrategica-com-a-bolivia\/#primaryimage\"},\"image\":{\"@id\":\"https:\/\/progresso.com.br\/index.php\/2026\/03\/17\/ms-discute-em-brasilia-parceria-estrategica-com-a-bolivia\/#primaryimage\"},\"thumbnailUrl\":\"https:\/\/progresso.com.br\/wp-content\/uploads\/2026\/03\/msgas-730x480-1.png\",\"datePublished\":\"2026-03-17T13:00:00+00:00\",\"breadcrumb\":{\"@id\":\"https:\/\/progresso.com.br\/index.php\/2026\/03\/17\/ms-discute-em-brasilia-parceria-estrategica-com-a-bolivia\/#breadcrumb\"},\"inLanguage\":\"pt-BR\",\"potentialAction\":[{\"@type\":\"ReadAction\",\"target\":[\"https:\/\/progresso.com.br\/index.php\/2026\/03\/17\/ms-discute-em-brasilia-parceria-estrategica-com-a-bolivia\/\"]}]},{\"@type\":\"ImageObject\",\"inLanguage\":\"pt-BR\",\"@id\":\"https:\/\/progresso.com.br\/index.php\/2026\/03\/17\/ms-discute-em-brasilia-parceria-estrategica-com-a-bolivia\/#primaryimage\",\"url\":\"https:\/\/progresso.com.br\/wp-content\/uploads\/2026\/03\/msgas-730x480-1.png\",\"contentUrl\":\"https:\/\/progresso.com.br\/wp-content\/uploads\/2026\/03\/msgas-730x480-1.png\",\"width\":730,\"height\":480,\"caption\":\"(Foto: Arquivo)\"},{\"@type\":\"BreadcrumbList\",\"@id\":\"https:\/\/progresso.com.br\/index.php\/2026\/03\/17\/ms-discute-em-brasilia-parceria-estrategica-com-a-bolivia\/#breadcrumb\",\"itemListElement\":[{\"@type\":\"ListItem\",\"position\":1,\"name\":\"In\u00edcio\",\"item\":\"https:\/\/progresso.com.br\/\"},{\"@type\":\"ListItem\",\"position\":2,\"name\":\"MS discute em Bras\u00edlia parceria estrat\u00e9gica com a Bol\u00edvia\"}]},{\"@type\":\"WebSite\",\"@id\":\"https:\/\/progresso.com.br\/#website\",\"url\":\"https:\/\/progresso.com.br\/\",\"name\":\"O PROGRESSO\",\"description\":\"\",\"publisher\":{\"@id\":\"https:\/\/progresso.com.br\/#organization\"},\"potentialAction\":[{\"@type\":\"SearchAction\",\"target\":{\"@type\":\"EntryPoint\",\"urlTemplate\":\"https:\/\/progresso.com.br\/?s={search_term_string}\"},\"query-input\":{\"@type\":\"PropertyValueSpecification\",\"valueRequired\":true,\"valueName\":\"search_term_string\"}}],\"inLanguage\":\"pt-BR\"},{\"@type\":\"Organization\",\"@id\":\"https:\/\/progresso.com.br\/#organization\",\"name\":\"O PROGRESSO\",\"url\":\"https:\/\/progresso.com.br\/\",\"logo\":{\"@type\":\"ImageObject\",\"inLanguage\":\"pt-BR\",\"@id\":\"https:\/\/progresso.com.br\/#\/schema\/logo\/image\/\",\"url\":\"https:\/\/progresso.com.br\/wp-content\/uploads\/2026\/03\/logo_proog.jpg\",\"contentUrl\":\"https:\/\/progresso.com.br\/wp-content\/uploads\/2026\/03\/logo_proog.jpg\",\"width\":1960,\"height\":1080,\"caption\":\"O PROGRESSO\"},\"image\":{\"@id\":\"https:\/\/progresso.com.br\/#\/schema\/logo\/image\/\"},\"sameAs\":[\"https:\/\/www.facebook.com\/share\/1CeoksKBj6\/\",\"https:\/\/www.instagram.com\/oprogresso_digital\"]},{\"@type\":\"Person\",\"@id\":\"https:\/\/progresso.com.br\/#\/schema\/person\/5dd27138d4463fbbaace62120bfc002b\",\"name\":\"Rose\",\"image\":{\"@type\":\"ImageObject\",\"inLanguage\":\"pt-BR\",\"@id\":\"https:\/\/progresso.com.br\/#\/schema\/person\/image\/\",\"url\":\"https:\/\/secure.gravatar.com\/avatar\/1b6890e759cdd3a88d9f751cb423720b9861c5239167cd3586355638b6556599?s=96&d=mm&r=g\",\"contentUrl\":\"https:\/\/secure.gravatar.com\/avatar\/1b6890e759cdd3a88d9f751cb423720b9861c5239167cd3586355638b6556599?s=96&d=mm&r=g\",\"caption\":\"Rose\"},\"url\":\"https:\/\/progresso.com.br\/index.php\/author\/rose\/\"}]}<\/script>\n<!-- \/ Yoast SEO plugin. -->","yoast_head_json":{"title":"MS discute em Bras\u00edlia parceria estrat\u00e9gica com a Bol\u00edvia - O PROGRESSO","robots":{"index":"index","follow":"follow","max-snippet":"max-snippet:-1","max-image-preview":"max-image-preview:large","max-video-preview":"max-video-preview:-1"},"canonical":"https:\/\/progresso.com.br\/index.php\/2026\/03\/17\/ms-discute-em-brasilia-parceria-estrategica-com-a-bolivia\/","og_locale":"pt_BR","og_type":"article","og_title":"MS discute em Bras\u00edlia parceria estrat\u00e9gica com a Bol\u00edvia - O PROGRESSO","og_description":"A aproxima\u00e7\u00e3o refor\u00e7a a posi\u00e7\u00e3o de MS como corredor estrat\u00e9gico na Am\u00e9rica do Sul Comunica\u00e7\u00e3o Governo de MS O fortalecimento dos la\u00e7os econ\u00f4micos entre Bol\u00edvia e Brasil, em especial com Mato Grosso do Sul, foram discutidos em Bras\u00edlia (DF) nesta segunda-feira (16) em almo\u00e7o realizado no Pal\u00e1cio do Itamaraty, sede do Minist\u00e9rio das Rela\u00e7\u00f5es Exteriores. [&hellip;]","og_url":"https:\/\/progresso.com.br\/index.php\/2026\/03\/17\/ms-discute-em-brasilia-parceria-estrategica-com-a-bolivia\/","og_site_name":"O PROGRESSO","article_publisher":"https:\/\/www.facebook.com\/share\/1CeoksKBj6\/","article_published_time":"2026-03-17T13:00:00+00:00","og_image":[{"width":730,"height":480,"url":"https:\/\/progresso.com.br\/wp-content\/uploads\/2026\/03\/msgas-730x480-1.png","type":"image\/png"}],"author":"Rose","twitter_card":"summary_large_image","twitter_misc":{"Escrito por":"Rose","Est. tempo de leitura":"4 minutos"},"schema":{"@context":"https:\/\/schema.org","@graph":[{"@type":"Article","@id":"https:\/\/progresso.com.br\/index.php\/2026\/03\/17\/ms-discute-em-brasilia-parceria-estrategica-com-a-bolivia\/#article","isPartOf":{"@id":"https:\/\/progresso.com.br\/index.php\/2026\/03\/17\/ms-discute-em-brasilia-parceria-estrategica-com-a-bolivia\/"},"author":{"name":"Rose","@id":"https:\/\/progresso.com.br\/#\/schema\/person\/5dd27138d4463fbbaace62120bfc002b"},"headline":"MS discute em Bras\u00edlia parceria estrat\u00e9gica com a Bol\u00edvia","datePublished":"2026-03-17T13:00:00+00:00","mainEntityOfPage":{"@id":"https:\/\/progresso.com.br\/index.php\/2026\/03\/17\/ms-discute-em-brasilia-parceria-estrategica-com-a-bolivia\/"},"wordCount":629,"commentCount":0,"publisher":{"@id":"https:\/\/progresso.com.br\/#organization"},"image":{"@id":"https:\/\/progresso.com.br\/index.php\/2026\/03\/17\/ms-discute-em-brasilia-parceria-estrategica-com-a-bolivia\/#primaryimage"},"thumbnailUrl":"https:\/\/progresso.com.br\/wp-content\/uploads\/2026\/03\/msgas-730x480-1.png","inLanguage":"pt-BR","potentialAction":[{"@type":"CommentAction","name":"Comment","target":["https:\/\/progresso.com.br\/index.php\/2026\/03\/17\/ms-discute-em-brasilia-parceria-estrategica-com-a-bolivia\/#respond"]}]},{"@type":"WebPage","@id":"https:\/\/progresso.com.br\/index.php\/2026\/03\/17\/ms-discute-em-brasilia-parceria-estrategica-com-a-bolivia\/","url":"https:\/\/progresso.com.br\/index.php\/2026\/03\/17\/ms-discute-em-brasilia-parceria-estrategica-com-a-bolivia\/","name":"MS discute em Bras\u00edlia parceria estrat\u00e9gica com a Bol\u00edvia - O PROGRESSO","isPartOf":{"@id":"https:\/\/progresso.com.br\/#website"},"primaryImageOfPage":{"@id":"https:\/\/progresso.com.br\/index.php\/2026\/03\/17\/ms-discute-em-brasilia-parceria-estrategica-com-a-bolivia\/#primaryimage"},"image":{"@id":"https:\/\/progresso.com.br\/index.php\/2026\/03\/17\/ms-discute-em-brasilia-parceria-estrategica-com-a-bolivia\/#primaryimage"},"thumbnailUrl":"https:\/\/progresso.com.br\/wp-content\/uploads\/2026\/03\/msgas-730x480-1.png","datePublished":"2026-03-17T13:00:00+00:00","breadcrumb":{"@id":"https:\/\/progresso.com.br\/index.php\/2026\/03\/17\/ms-discute-em-brasilia-parceria-estrategica-com-a-bolivia\/#breadcrumb"},"inLanguage":"pt-BR","potentialAction":[{"@type":"ReadAction","target":["https:\/\/progresso.com.br\/index.php\/2026\/03\/17\/ms-discute-em-brasilia-parceria-estrategica-com-a-bolivia\/"]}]},{"@type":"ImageObject","inLanguage":"pt-BR","@id":"https:\/\/progresso.com.br\/index.php\/2026\/03\/17\/ms-discute-em-brasilia-parceria-estrategica-com-a-bolivia\/#primaryimage","url":"https:\/\/progresso.com.br\/wp-content\/uploads\/2026\/03\/msgas-730x480-1.png","contentUrl":"https:\/\/progresso.com.br\/wp-content\/uploads\/2026\/03\/msgas-730x480-1.png","width":730,"height":480,"caption":"(Foto: Arquivo)"},{"@type":"BreadcrumbList","@id":"https:\/\/progresso.com.br\/index.php\/2026\/03\/17\/ms-discute-em-brasilia-parceria-estrategica-com-a-bolivia\/#breadcrumb","itemListElement":[{"@type":"ListItem","position":1,"name":"In\u00edcio","item":"https:\/\/progresso.com.br\/"},{"@type":"ListItem","position":2,"name":"MS discute em Bras\u00edlia parceria estrat\u00e9gica com a Bol\u00edvia"}]},{"@type":"WebSite","@id":"https:\/\/progresso.com.br\/#website","url":"https:\/\/progresso.com.br\/","name":"O PROGRESSO","description":"","publisher":{"@id":"https:\/\/progresso.com.br\/#organization"},"potentialAction":[{"@type":"SearchAction","target":{"@type":"EntryPoint","urlTemplate":"https:\/\/progresso.com.br\/?s={search_term_string}"},"query-input":{"@type":"PropertyValueSpecification","valueRequired":true,"valueName":"search_term_string"}}],"inLanguage":"pt-BR"},{"@type":"Organization","@id":"https:\/\/progresso.com.br\/#organization","name":"O PROGRESSO","url":"https:\/\/progresso.com.br\/","logo":{"@type":"ImageObject","inLanguage":"pt-BR","@id":"https:\/\/progresso.com.br\/#\/schema\/logo\/image\/","url":"https:\/\/progresso.com.br\/wp-content\/uploads\/2026\/03\/logo_proog.jpg","contentUrl":"https:\/\/progresso.com.br\/wp-content\/uploads\/2026\/03\/logo_proog.jpg","width":1960,"height":1080,"caption":"O PROGRESSO"},"image":{"@id":"https:\/\/progresso.com.br\/#\/schema\/logo\/image\/"},"sameAs":["https:\/\/www.facebook.com\/share\/1CeoksKBj6\/","https:\/\/www.instagram.com\/oprogresso_digital"]},{"@type":"Person","@id":"https:\/\/progresso.com.br\/#\/schema\/person\/5dd27138d4463fbbaace62120bfc002b","name":"Rose","image":{"@type":"ImageObject","inLanguage":"pt-BR","@id":"https:\/\/progresso.com.br\/#\/schema\/person\/image\/","url":"https:\/\/secure.gravatar.com\/avatar\/1b6890e759cdd3a88d9f751cb423720b9861c5239167cd3586355638b6556599?s=96&d=mm&r=g","contentUrl":"https:\/\/secure.gravatar.com\/avatar\/1b6890e759cdd3a88d9f751cb423720b9861c5239167cd3586355638b6556599?s=96&d=mm&r=g","caption":"Rose"},"url":"https:\/\/progresso.com.br\/index.php\/author\/rose\/"}]}},"_links":{"self":[{"href":"https:\/\/progresso.com.br\/index.php\/wp-json\/wp\/v2\/posts\/1170","targetHints":{"allow":["GET"]}}],"collection":[{"href":"https:\/\/progresso.com.br\/index.php\/wp-json\/wp\/v2\/posts"}],"about":[{"href":"https:\/\/progresso.com.br\/index.php\/wp-json\/wp\/v2\/types\/post"}],"author":[{"embeddable":true,"href":"https:\/\/progresso.com.br\/index.php\/wp-json\/wp\/v2\/users\/2"}],"replies":[{"embeddable":true,"href":"https:\/\/progresso.com.br\/index.php\/wp-json\/wp\/v2\/comments?post=1170"}],"version-history":[{"count":1,"href":"https:\/\/progresso.com.br\/index.php\/wp-json\/wp\/v2\/posts\/1170\/revisions"}],"predecessor-version":[{"id":1172,"href":"https:\/\/progresso.com.br\/index.php\/wp-json\/wp\/v2\/posts\/1170\/revisions\/1172"}],"wp:featuredmedia":[{"embeddable":true,"href":"https:\/\/progresso.com.br\/index.php\/wp-json\/wp\/v2\/media\/1171"}],"wp:attachment":[{"href":"https:\/\/progresso.com.br\/index.php\/wp-json\/wp\/v2\/media?parent=1170"}],"wp:term":[{"taxonomy":"category","embeddable":true,"href":"https:\/\/progresso.com.br\/index.php\/wp-json\/wp\/v2\/categories?post=1170"},{"taxonomy":"post_tag","embeddable":true,"href":"https:\/\/progresso.com.br\/index.php\/wp-json\/wp\/v2\/tags?post=1170"}],"curies":[{"name":"wp","href":"https:\/\/api.w.org\/{rel}","templated":true}]}}