{"id":1176,"date":"2026-03-17T09:30:00","date_gmt":"2026-03-17T13:30:00","guid":{"rendered":"https:\/\/progresso.com.br\/?p=1176"},"modified":"2026-03-17T08:50:37","modified_gmt":"2026-03-17T12:50:37","slug":"dia-b-da-saude-bucal-mobiliza-municipios-de-ms","status":"publish","type":"post","link":"https:\/\/progresso.com.br\/index.php\/2026\/03\/17\/dia-b-da-saude-bucal-mobiliza-municipios-de-ms\/","title":{"rendered":"Dia \u201cB\u201d da Sa\u00fade Bucal mobiliza munic\u00edpios de MS"},"content":{"rendered":"\n<p><em><strong>A\u00e7\u00e3o integra movimento nacional e aposta em estrat\u00e9gia eficaz e sem uso de motor odontol\u00f3gico para ampliar o cuidado com a sa\u00fade bucal infantil<\/strong><\/em><\/p>\n\n\n\n<p><em>Comunica\u00e7\u00e3o SES<\/em><\/p>\n\n\n\n<p>Mato Grosso do Sul integra, no pr\u00f3ximo dia 20 de mar\u00e7o, a mobiliza\u00e7\u00e3o nacional do Dia \u201cB\u201d da Sa\u00fade Bucal \u2013 Crian\u00e7a Sorridente, iniciativa que re\u00fane estados e munic\u00edpios em a\u00e7\u00f5es voltadas \u00e0 preven\u00e7\u00e3o e ao cuidado odontol\u00f3gico de crian\u00e7as em idade escolar. No Estado, a mobiliza\u00e7\u00e3o \u00e9 coordenada pela SES (Secretaria de Estado de Sa\u00fade), em parceria com as Secretarias Municipais de Sa\u00fade.<\/p>\n\n\n<div class=\"wp-block-image\">\n<figure class=\"alignright is-resized\"><a href=\"https:\/\/www.saude.ms.gov.br\/wp-content\/uploads\/2026\/03\/Saude-bucal-2.jpeg\"><img decoding=\"async\" src=\"https:\/\/www.saude.ms.gov.br\/wp-content\/uploads\/2026\/03\/Saude-bucal-2-e1773677216100.jpeg\" alt=\"\" class=\"wp-image-45654\" style=\"aspect-ratio:0.8170406457807332;width:402px;height:auto\"\/><\/a><\/figure>\n<\/div>\n\n\n<p>Al\u00e9m das atividades educativas e preventivas, a edi\u00e7\u00e3o deste ano traz um diferencial: a amplia\u00e7\u00e3o do ART (Tratamento Restaurador Atraum\u00e1tico), uma t\u00e9cnica moderna e minimamente invasiva para o tratamento da c\u00e1rie dent\u00e1ria que permite levar o atendimento diretamente para dentro das escolas.<\/p>\n\n\n\n<p>De acordo com Lucas Moura, Coordenador de Sa\u00fade Bucal da SES, a proposta \u00e9 fortalecer uma estrat\u00e9gia que alia preven\u00e7\u00e3o e resolutividade no cuidado odontol\u00f3gico infantil.<\/p>\n\n\n\n<p>\u201cO Tratamento Restaurador Atraum\u00e1tico \u00e9 uma tecnologia simples, moderna e muito eficaz para o controle da c\u00e1rie. Ao incentivar sua realiza\u00e7\u00e3o nas escolas, ampliamos o acesso das crian\u00e7as ao tratamento e conseguimos intervir de forma precoce, evitando a progress\u00e3o da doen\u00e7a e contribuindo para o n\u00famero de indiv\u00edduos sem c\u00e1rie\u201d, destaca.<\/p>\n\n\n\n<p><strong>Sem motorzinho<\/strong><\/p>\n\n\n\n<p>Diferente dos procedimentos tradicionais, o m\u00e9todo dispensa o uso do motor odontol\u00f3gico e &nbsp;da anestesia. O tratamento \u00e9 realizado com instrumentos manuais, como a cureta, que remove apenas o tecido cariado. Em seguida, o dente recebe uma restaura\u00e7\u00e3o com cimento de ion\u00f4mero de vidro, material restaurador que libera fl\u00faor e ajuda a proteger a estrutura dental contra novas les\u00f5es.<\/p>\n\n\n\n<p>A estrat\u00e9gia permite que o tratamento seja feito de forma r\u00e1pida, segura e indolor, ampliando o acesso das crian\u00e7as ao cuidado odontol\u00f3gico e evitando que pequenas les\u00f5es evoluam para problemas mais graves.<\/p>\n\n\n\n<p>Al\u00e9m do processo restaurador, ser\u00e3o realizadas a\u00e7\u00f5es de educa\u00e7\u00e3o em sa\u00fade bucal como a escova\u00e7\u00e3o dental supervisionada, aplica\u00e7\u00e3o t\u00f3pica de fl\u00faor e palestras educativas.<\/p>\n\n\n\n<p><strong>Aten\u00e7\u00e3o aos pais e respons\u00e1veis: s\u00f3 \u00e9 atendido quem leva autoriza\u00e7\u00e3o<\/strong><\/p>\n\n\n\n<p>Como o procedimento envolve interven\u00e7\u00e3o direta na cavidade bucal das crian\u00e7as, a participa\u00e7\u00e3o das fam\u00edlias \u00e9 fundamental. Por isso, as equipes de sa\u00fade tamb\u00e9m est\u00e3o refor\u00e7ando a conscientiza\u00e7\u00e3o dos pais e respons\u00e1veis sobre a import\u00e2ncia da autoriza\u00e7\u00e3o para que os estudantes possam receber avalia\u00e7\u00e3o e, quando necess\u00e1rio, tratamento odontol\u00f3gico no ambiente escolar.<\/p>\n","protected":false},"excerpt":{"rendered":"<p>A\u00e7\u00e3o integra movimento nacional e aposta em estrat\u00e9gia eficaz e sem uso de motor odontol\u00f3gico para ampliar o cuidado com a sa\u00fade bucal infantil Comunica\u00e7\u00e3o SES Mato Grosso do Sul integra, no pr\u00f3ximo dia 20 de mar\u00e7o, a mobiliza\u00e7\u00e3o nacional do Dia \u201cB\u201d da Sa\u00fade Bucal \u2013 Crian\u00e7a Sorridente, iniciativa que re\u00fane estados e munic\u00edpios [&hellip;]<\/p>\n","protected":false},"author":2,"featured_media":1180,"comment_status":"open","ping_status":"open","sticky":false,"template":"","format":"standard","meta":{"footnotes":""},"categories":[1],"tags":[],"class_list":["post-1176","post","type-post","status-publish","format-standard","has-post-thumbnail","hentry","category-sem-categoria"],"yoast_head":"<!-- This site is optimized with the Yoast SEO plugin v27.1.1 - https:\/\/yoast.com\/product\/yoast-seo-wordpress\/ -->\n<title>Dia \u201cB\u201d da Sa\u00fade Bucal mobiliza munic\u00edpios de MS - O PROGRESSO<\/title>\n<meta name=\"robots\" content=\"index, follow, max-snippet:-1, max-image-preview:large, max-video-preview:-1\" \/>\n<link rel=\"canonical\" href=\"https:\/\/progresso.com.br\/index.php\/2026\/03\/17\/dia-b-da-saude-bucal-mobiliza-municipios-de-ms\/\" \/>\n<meta property=\"og:locale\" content=\"pt_BR\" \/>\n<meta property=\"og:type\" content=\"article\" \/>\n<meta property=\"og:title\" content=\"Dia \u201cB\u201d da Sa\u00fade Bucal mobiliza munic\u00edpios de MS - O PROGRESSO\" \/>\n<meta property=\"og:description\" content=\"A\u00e7\u00e3o integra movimento nacional e aposta em estrat\u00e9gia eficaz e sem uso de motor odontol\u00f3gico para ampliar o cuidado com a sa\u00fade bucal infantil Comunica\u00e7\u00e3o SES Mato Grosso do Sul integra, no pr\u00f3ximo dia 20 de mar\u00e7o, a mobiliza\u00e7\u00e3o nacional do Dia \u201cB\u201d da Sa\u00fade Bucal \u2013 Crian\u00e7a Sorridente, iniciativa que re\u00fane estados e munic\u00edpios [&hellip;]\" \/>\n<meta property=\"og:url\" content=\"https:\/\/progresso.com.br\/index.php\/2026\/03\/17\/dia-b-da-saude-bucal-mobiliza-municipios-de-ms\/\" \/>\n<meta property=\"og:site_name\" content=\"O PROGRESSO\" \/>\n<meta property=\"article:publisher\" content=\"https:\/\/www.facebook.com\/share\/1CeoksKBj6\/\" \/>\n<meta property=\"article:published_time\" content=\"2026-03-17T13:30:00+00:00\" \/>\n<meta property=\"og:image\" content=\"https:\/\/progresso.com.br\/wp-content\/uploads\/2026\/03\/acao-bucal-escolas-730x480-1.jpg\" \/>\n\t<meta property=\"og:image:width\" content=\"730\" \/>\n\t<meta property=\"og:image:height\" content=\"480\" \/>\n\t<meta property=\"og:image:type\" content=\"image\/jpeg\" \/>\n<meta name=\"author\" content=\"Rose\" \/>\n<meta name=\"twitter:card\" content=\"summary_large_image\" \/>\n<meta name=\"twitter:label1\" content=\"Escrito por\" \/>\n\t<meta name=\"twitter:data1\" content=\"Rose\" \/>\n\t<meta name=\"twitter:label2\" content=\"Est. tempo de leitura\" \/>\n\t<meta name=\"twitter:data2\" content=\"3 minutos\" \/>\n<script type=\"application\/ld+json\" class=\"yoast-schema-graph\">{\"@context\":\"https:\/\/schema.org\",\"@graph\":[{\"@type\":\"Article\",\"@id\":\"https:\/\/progresso.com.br\/index.php\/2026\/03\/17\/dia-b-da-saude-bucal-mobiliza-municipios-de-ms\/#article\",\"isPartOf\":{\"@id\":\"https:\/\/progresso.com.br\/index.php\/2026\/03\/17\/dia-b-da-saude-bucal-mobiliza-municipios-de-ms\/\"},\"author\":{\"name\":\"Rose\",\"@id\":\"https:\/\/progresso.com.br\/#\/schema\/person\/5dd27138d4463fbbaace62120bfc002b\"},\"headline\":\"Dia \u201cB\u201d da Sa\u00fade Bucal mobiliza munic\u00edpios de MS\",\"datePublished\":\"2026-03-17T13:30:00+00:00\",\"mainEntityOfPage\":{\"@id\":\"https:\/\/progresso.com.br\/index.php\/2026\/03\/17\/dia-b-da-saude-bucal-mobiliza-municipios-de-ms\/\"},\"wordCount\":469,\"commentCount\":0,\"publisher\":{\"@id\":\"https:\/\/progresso.com.br\/#organization\"},\"image\":{\"@id\":\"https:\/\/progresso.com.br\/index.php\/2026\/03\/17\/dia-b-da-saude-bucal-mobiliza-municipios-de-ms\/#primaryimage\"},\"thumbnailUrl\":\"https:\/\/progresso.com.br\/wp-content\/uploads\/2026\/03\/acao-bucal-escolas-730x480-1.jpg\",\"inLanguage\":\"pt-BR\",\"potentialAction\":[{\"@type\":\"CommentAction\",\"name\":\"Comment\",\"target\":[\"https:\/\/progresso.com.br\/index.php\/2026\/03\/17\/dia-b-da-saude-bucal-mobiliza-municipios-de-ms\/#respond\"]}]},{\"@type\":\"WebPage\",\"@id\":\"https:\/\/progresso.com.br\/index.php\/2026\/03\/17\/dia-b-da-saude-bucal-mobiliza-municipios-de-ms\/\",\"url\":\"https:\/\/progresso.com.br\/index.php\/2026\/03\/17\/dia-b-da-saude-bucal-mobiliza-municipios-de-ms\/\",\"name\":\"Dia \u201cB\u201d da Sa\u00fade Bucal mobiliza munic\u00edpios de MS - O PROGRESSO\",\"isPartOf\":{\"@id\":\"https:\/\/progresso.com.br\/#website\"},\"primaryImageOfPage\":{\"@id\":\"https:\/\/progresso.com.br\/index.php\/2026\/03\/17\/dia-b-da-saude-bucal-mobiliza-municipios-de-ms\/#primaryimage\"},\"image\":{\"@id\":\"https:\/\/progresso.com.br\/index.php\/2026\/03\/17\/dia-b-da-saude-bucal-mobiliza-municipios-de-ms\/#primaryimage\"},\"thumbnailUrl\":\"https:\/\/progresso.com.br\/wp-content\/uploads\/2026\/03\/acao-bucal-escolas-730x480-1.jpg\",\"datePublished\":\"2026-03-17T13:30:00+00:00\",\"breadcrumb\":{\"@id\":\"https:\/\/progresso.com.br\/index.php\/2026\/03\/17\/dia-b-da-saude-bucal-mobiliza-municipios-de-ms\/#breadcrumb\"},\"inLanguage\":\"pt-BR\",\"potentialAction\":[{\"@type\":\"ReadAction\",\"target\":[\"https:\/\/progresso.com.br\/index.php\/2026\/03\/17\/dia-b-da-saude-bucal-mobiliza-municipios-de-ms\/\"]}]},{\"@type\":\"ImageObject\",\"inLanguage\":\"pt-BR\",\"@id\":\"https:\/\/progresso.com.br\/index.php\/2026\/03\/17\/dia-b-da-saude-bucal-mobiliza-municipios-de-ms\/#primaryimage\",\"url\":\"https:\/\/progresso.com.br\/wp-content\/uploads\/2026\/03\/acao-bucal-escolas-730x480-1.jpg\",\"contentUrl\":\"https:\/\/progresso.com.br\/wp-content\/uploads\/2026\/03\/acao-bucal-escolas-730x480-1.jpg\",\"width\":730,\"height\":480,\"caption\":\"(Fotos: Divulga\u00e7\u00e3o )\"},{\"@type\":\"BreadcrumbList\",\"@id\":\"https:\/\/progresso.com.br\/index.php\/2026\/03\/17\/dia-b-da-saude-bucal-mobiliza-municipios-de-ms\/#breadcrumb\",\"itemListElement\":[{\"@type\":\"ListItem\",\"position\":1,\"name\":\"In\u00edcio\",\"item\":\"https:\/\/progresso.com.br\/\"},{\"@type\":\"ListItem\",\"position\":2,\"name\":\"Dia \u201cB\u201d da Sa\u00fade Bucal mobiliza munic\u00edpios de MS\"}]},{\"@type\":\"WebSite\",\"@id\":\"https:\/\/progresso.com.br\/#website\",\"url\":\"https:\/\/progresso.com.br\/\",\"name\":\"O PROGRESSO\",\"description\":\"\",\"publisher\":{\"@id\":\"https:\/\/progresso.com.br\/#organization\"},\"potentialAction\":[{\"@type\":\"SearchAction\",\"target\":{\"@type\":\"EntryPoint\",\"urlTemplate\":\"https:\/\/progresso.com.br\/?s={search_term_string}\"},\"query-input\":{\"@type\":\"PropertyValueSpecification\",\"valueRequired\":true,\"valueName\":\"search_term_string\"}}],\"inLanguage\":\"pt-BR\"},{\"@type\":\"Organization\",\"@id\":\"https:\/\/progresso.com.br\/#organization\",\"name\":\"O PROGRESSO\",\"url\":\"https:\/\/progresso.com.br\/\",\"logo\":{\"@type\":\"ImageObject\",\"inLanguage\":\"pt-BR\",\"@id\":\"https:\/\/progresso.com.br\/#\/schema\/logo\/image\/\",\"url\":\"https:\/\/progresso.com.br\/wp-content\/uploads\/2026\/03\/logo_proog.jpg\",\"contentUrl\":\"https:\/\/progresso.com.br\/wp-content\/uploads\/2026\/03\/logo_proog.jpg\",\"width\":1960,\"height\":1080,\"caption\":\"O PROGRESSO\"},\"image\":{\"@id\":\"https:\/\/progresso.com.br\/#\/schema\/logo\/image\/\"},\"sameAs\":[\"https:\/\/www.facebook.com\/share\/1CeoksKBj6\/\",\"https:\/\/www.instagram.com\/oprogresso_digital\"]},{\"@type\":\"Person\",\"@id\":\"https:\/\/progresso.com.br\/#\/schema\/person\/5dd27138d4463fbbaace62120bfc002b\",\"name\":\"Rose\",\"image\":{\"@type\":\"ImageObject\",\"inLanguage\":\"pt-BR\",\"@id\":\"https:\/\/progresso.com.br\/#\/schema\/person\/image\/\",\"url\":\"https:\/\/secure.gravatar.com\/avatar\/1b6890e759cdd3a88d9f751cb423720b9861c5239167cd3586355638b6556599?s=96&d=mm&r=g\",\"contentUrl\":\"https:\/\/secure.gravatar.com\/avatar\/1b6890e759cdd3a88d9f751cb423720b9861c5239167cd3586355638b6556599?s=96&d=mm&r=g\",\"caption\":\"Rose\"},\"url\":\"https:\/\/progresso.com.br\/index.php\/author\/rose\/\"}]}<\/script>\n<!-- \/ Yoast SEO plugin. -->","yoast_head_json":{"title":"Dia \u201cB\u201d da Sa\u00fade Bucal mobiliza munic\u00edpios de MS - O PROGRESSO","robots":{"index":"index","follow":"follow","max-snippet":"max-snippet:-1","max-image-preview":"max-image-preview:large","max-video-preview":"max-video-preview:-1"},"canonical":"https:\/\/progresso.com.br\/index.php\/2026\/03\/17\/dia-b-da-saude-bucal-mobiliza-municipios-de-ms\/","og_locale":"pt_BR","og_type":"article","og_title":"Dia \u201cB\u201d da Sa\u00fade Bucal mobiliza munic\u00edpios de MS - O PROGRESSO","og_description":"A\u00e7\u00e3o integra movimento nacional e aposta em estrat\u00e9gia eficaz e sem uso de motor odontol\u00f3gico para ampliar o cuidado com a sa\u00fade bucal infantil Comunica\u00e7\u00e3o SES Mato Grosso do Sul integra, no pr\u00f3ximo dia 20 de mar\u00e7o, a mobiliza\u00e7\u00e3o nacional do Dia \u201cB\u201d da Sa\u00fade Bucal \u2013 Crian\u00e7a Sorridente, iniciativa que re\u00fane estados e munic\u00edpios [&hellip;]","og_url":"https:\/\/progresso.com.br\/index.php\/2026\/03\/17\/dia-b-da-saude-bucal-mobiliza-municipios-de-ms\/","og_site_name":"O PROGRESSO","article_publisher":"https:\/\/www.facebook.com\/share\/1CeoksKBj6\/","article_published_time":"2026-03-17T13:30:00+00:00","og_image":[{"width":730,"height":480,"url":"https:\/\/progresso.com.br\/wp-content\/uploads\/2026\/03\/acao-bucal-escolas-730x480-1.jpg","type":"image\/jpeg"}],"author":"Rose","twitter_card":"summary_large_image","twitter_misc":{"Escrito por":"Rose","Est. tempo de leitura":"3 minutos"},"schema":{"@context":"https:\/\/schema.org","@graph":[{"@type":"Article","@id":"https:\/\/progresso.com.br\/index.php\/2026\/03\/17\/dia-b-da-saude-bucal-mobiliza-municipios-de-ms\/#article","isPartOf":{"@id":"https:\/\/progresso.com.br\/index.php\/2026\/03\/17\/dia-b-da-saude-bucal-mobiliza-municipios-de-ms\/"},"author":{"name":"Rose","@id":"https:\/\/progresso.com.br\/#\/schema\/person\/5dd27138d4463fbbaace62120bfc002b"},"headline":"Dia \u201cB\u201d da Sa\u00fade Bucal mobiliza munic\u00edpios de MS","datePublished":"2026-03-17T13:30:00+00:00","mainEntityOfPage":{"@id":"https:\/\/progresso.com.br\/index.php\/2026\/03\/17\/dia-b-da-saude-bucal-mobiliza-municipios-de-ms\/"},"wordCount":469,"commentCount":0,"publisher":{"@id":"https:\/\/progresso.com.br\/#organization"},"image":{"@id":"https:\/\/progresso.com.br\/index.php\/2026\/03\/17\/dia-b-da-saude-bucal-mobiliza-municipios-de-ms\/#primaryimage"},"thumbnailUrl":"https:\/\/progresso.com.br\/wp-content\/uploads\/2026\/03\/acao-bucal-escolas-730x480-1.jpg","inLanguage":"pt-BR","potentialAction":[{"@type":"CommentAction","name":"Comment","target":["https:\/\/progresso.com.br\/index.php\/2026\/03\/17\/dia-b-da-saude-bucal-mobiliza-municipios-de-ms\/#respond"]}]},{"@type":"WebPage","@id":"https:\/\/progresso.com.br\/index.php\/2026\/03\/17\/dia-b-da-saude-bucal-mobiliza-municipios-de-ms\/","url":"https:\/\/progresso.com.br\/index.php\/2026\/03\/17\/dia-b-da-saude-bucal-mobiliza-municipios-de-ms\/","name":"Dia \u201cB\u201d da Sa\u00fade Bucal mobiliza munic\u00edpios de MS - O PROGRESSO","isPartOf":{"@id":"https:\/\/progresso.com.br\/#website"},"primaryImageOfPage":{"@id":"https:\/\/progresso.com.br\/index.php\/2026\/03\/17\/dia-b-da-saude-bucal-mobiliza-municipios-de-ms\/#primaryimage"},"image":{"@id":"https:\/\/progresso.com.br\/index.php\/2026\/03\/17\/dia-b-da-saude-bucal-mobiliza-municipios-de-ms\/#primaryimage"},"thumbnailUrl":"https:\/\/progresso.com.br\/wp-content\/uploads\/2026\/03\/acao-bucal-escolas-730x480-1.jpg","datePublished":"2026-03-17T13:30:00+00:00","breadcrumb":{"@id":"https:\/\/progresso.com.br\/index.php\/2026\/03\/17\/dia-b-da-saude-bucal-mobiliza-municipios-de-ms\/#breadcrumb"},"inLanguage":"pt-BR","potentialAction":[{"@type":"ReadAction","target":["https:\/\/progresso.com.br\/index.php\/2026\/03\/17\/dia-b-da-saude-bucal-mobiliza-municipios-de-ms\/"]}]},{"@type":"ImageObject","inLanguage":"pt-BR","@id":"https:\/\/progresso.com.br\/index.php\/2026\/03\/17\/dia-b-da-saude-bucal-mobiliza-municipios-de-ms\/#primaryimage","url":"https:\/\/progresso.com.br\/wp-content\/uploads\/2026\/03\/acao-bucal-escolas-730x480-1.jpg","contentUrl":"https:\/\/progresso.com.br\/wp-content\/uploads\/2026\/03\/acao-bucal-escolas-730x480-1.jpg","width":730,"height":480,"caption":"(Fotos: Divulga\u00e7\u00e3o )"},{"@type":"BreadcrumbList","@id":"https:\/\/progresso.com.br\/index.php\/2026\/03\/17\/dia-b-da-saude-bucal-mobiliza-municipios-de-ms\/#breadcrumb","itemListElement":[{"@type":"ListItem","position":1,"name":"In\u00edcio","item":"https:\/\/progresso.com.br\/"},{"@type":"ListItem","position":2,"name":"Dia \u201cB\u201d da Sa\u00fade Bucal mobiliza munic\u00edpios de MS"}]},{"@type":"WebSite","@id":"https:\/\/progresso.com.br\/#website","url":"https:\/\/progresso.com.br\/","name":"O PROGRESSO","description":"","publisher":{"@id":"https:\/\/progresso.com.br\/#organization"},"potentialAction":[{"@type":"SearchAction","target":{"@type":"EntryPoint","urlTemplate":"https:\/\/progresso.com.br\/?s={search_term_string}"},"query-input":{"@type":"PropertyValueSpecification","valueRequired":true,"valueName":"search_term_string"}}],"inLanguage":"pt-BR"},{"@type":"Organization","@id":"https:\/\/progresso.com.br\/#organization","name":"O PROGRESSO","url":"https:\/\/progresso.com.br\/","logo":{"@type":"ImageObject","inLanguage":"pt-BR","@id":"https:\/\/progresso.com.br\/#\/schema\/logo\/image\/","url":"https:\/\/progresso.com.br\/wp-content\/uploads\/2026\/03\/logo_proog.jpg","contentUrl":"https:\/\/progresso.com.br\/wp-content\/uploads\/2026\/03\/logo_proog.jpg","width":1960,"height":1080,"caption":"O PROGRESSO"},"image":{"@id":"https:\/\/progresso.com.br\/#\/schema\/logo\/image\/"},"sameAs":["https:\/\/www.facebook.com\/share\/1CeoksKBj6\/","https:\/\/www.instagram.com\/oprogresso_digital"]},{"@type":"Person","@id":"https:\/\/progresso.com.br\/#\/schema\/person\/5dd27138d4463fbbaace62120bfc002b","name":"Rose","image":{"@type":"ImageObject","inLanguage":"pt-BR","@id":"https:\/\/progresso.com.br\/#\/schema\/person\/image\/","url":"https:\/\/secure.gravatar.com\/avatar\/1b6890e759cdd3a88d9f751cb423720b9861c5239167cd3586355638b6556599?s=96&d=mm&r=g","contentUrl":"https:\/\/secure.gravatar.com\/avatar\/1b6890e759cdd3a88d9f751cb423720b9861c5239167cd3586355638b6556599?s=96&d=mm&r=g","caption":"Rose"},"url":"https:\/\/progresso.com.br\/index.php\/author\/rose\/"}]}},"_links":{"self":[{"href":"https:\/\/progresso.com.br\/index.php\/wp-json\/wp\/v2\/posts\/1176","targetHints":{"allow":["GET"]}}],"collection":[{"href":"https:\/\/progresso.com.br\/index.php\/wp-json\/wp\/v2\/posts"}],"about":[{"href":"https:\/\/progresso.com.br\/index.php\/wp-json\/wp\/v2\/types\/post"}],"author":[{"embeddable":true,"href":"https:\/\/progresso.com.br\/index.php\/wp-json\/wp\/v2\/users\/2"}],"replies":[{"embeddable":true,"href":"https:\/\/progresso.com.br\/index.php\/wp-json\/wp\/v2\/comments?post=1176"}],"version-history":[{"count":1,"href":"https:\/\/progresso.com.br\/index.php\/wp-json\/wp\/v2\/posts\/1176\/revisions"}],"predecessor-version":[{"id":1181,"href":"https:\/\/progresso.com.br\/index.php\/wp-json\/wp\/v2\/posts\/1176\/revisions\/1181"}],"wp:featuredmedia":[{"embeddable":true,"href":"https:\/\/progresso.com.br\/index.php\/wp-json\/wp\/v2\/media\/1180"}],"wp:attachment":[{"href":"https:\/\/progresso.com.br\/index.php\/wp-json\/wp\/v2\/media?parent=1176"}],"wp:term":[{"taxonomy":"category","embeddable":true,"href":"https:\/\/progresso.com.br\/index.php\/wp-json\/wp\/v2\/categories?post=1176"},{"taxonomy":"post_tag","embeddable":true,"href":"https:\/\/progresso.com.br\/index.php\/wp-json\/wp\/v2\/tags?post=1176"}],"curies":[{"name":"wp","href":"https:\/\/api.w.org\/{rel}","templated":true}]}}