{"id":1573,"date":"2026-03-20T08:45:00","date_gmt":"2026-03-20T12:45:00","guid":{"rendered":"https:\/\/progresso.com.br\/?p=1573"},"modified":"2026-03-20T08:24:27","modified_gmt":"2026-03-20T12:24:27","slug":"13o-do-inss-antecipado-veja-quem-recebe-ja","status":"publish","type":"post","link":"https:\/\/progresso.com.br\/index.php\/2026\/03\/20\/13o-do-inss-antecipado-veja-quem-recebe-ja\/","title":{"rendered":"13\u00ba do INSS antecipado: veja quem recebe j\u00e1"},"content":{"rendered":"\n<p><strong><em>A estimativa \u00e9 de que a medida injete aproximadamente R$ 78,2 bi na economia<\/em><\/strong><\/p>\n\n\n\n<p><em><a href=\"javascript:;\" target=\"_blank\" rel=\"noreferrer noopener\">Agrolink<\/a>\u00a0&#8211; Leonardo Gottems<\/em><\/p>\n\n\n\n<p>A antecipa\u00e7\u00e3o do 13\u00ba sal\u00e1rio para aposentados e pensionistas do Instituto Nacional do Seguro Social (INSS) deve ampliar a circula\u00e7\u00e3o de recursos em munic\u00edpios do interior, com reflexos tamb\u00e9m em regi\u00f5es de forte presen\u00e7a agropecu\u00e1ria. A medida foi oficializada por decreto publicado em 19 de mar\u00e7o de 2026 e prev\u00ea o pagamento do abono em duas parcelas ao longo do primeiro semestre.<\/p>\n\n\n\n<p>As informa\u00e7\u00f5es indicam que o valor correspondente ser\u00e1 depositado junto aos benef\u00edcios de abril e maio, sendo a primeira parcela correspondente a 50% do benef\u00edcio e a segunda referente ao restante. Os pagamentos ocorrer\u00e3o entre o fim de abril e o in\u00edcio de maio, na primeira etapa, e entre o fim de maio e o in\u00edcio de junho, na segunda. Ao todo, cerca de 35,2 milh\u00f5es de benefici\u00e1rios devem receber o 13\u00ba antecipado.<\/p>\n\n\n\n<p>Nesse mesmo contexto, a estimativa do governo \u00e9 de que a medida injete aproximadamente R$ 78,2 bilh\u00f5es na economia. T\u00eam direito ao pagamento segurados que, ao longo de 2026, receberam aposentadoria, pens\u00e3o por morte, aux\u00edlio por incapacidade tempor\u00e1ria, aux\u00edlio-acidente, sal\u00e1rio-maternidade ou aux\u00edlio-reclus\u00e3o, enquanto benefici\u00e1rios do BPC e da Renda Mensal Vital\u00edcia ficam de fora.<\/p>\n\n\n\n<p>Al\u00e9m disso, os dados da folha indicam que 66,2% dos benef\u00edcios possuem valor de at\u00e9 um sal\u00e1rio m\u00ednimo, atualmente fixado em R$ 1.621, enquanto outros 11,9 milh\u00f5es superam esse patamar. Caso o benef\u00edcio seja encerrado antes de 31 de dezembro de 2026, o valor do 13\u00ba ser\u00e1 calculado proporcionalmente ao valor correspondente, com possibilidade de ajuste entre o valor pago e o efetivamente devido.<\/p>\n","protected":false},"excerpt":{"rendered":"<p>A estimativa \u00e9 de que a medida injete aproximadamente R$ 78,2 bi na economia Agrolink\u00a0&#8211; Leonardo Gottems A antecipa\u00e7\u00e3o do 13\u00ba sal\u00e1rio para aposentados e pensionistas do Instituto Nacional do Seguro Social (INSS) deve ampliar a circula\u00e7\u00e3o de recursos em munic\u00edpios do interior, com reflexos tamb\u00e9m em regi\u00f5es de forte presen\u00e7a agropecu\u00e1ria. A medida foi [&hellip;]<\/p>\n","protected":false},"author":2,"featured_media":1574,"comment_status":"open","ping_status":"open","sticky":false,"template":"","format":"standard","meta":{"footnotes":""},"categories":[1],"tags":[],"class_list":["post-1573","post","type-post","status-publish","format-standard","has-post-thumbnail","hentry","category-sem-categoria"],"yoast_head":"<!-- This site is optimized with the Yoast SEO plugin v27.1.1 - https:\/\/yoast.com\/product\/yoast-seo-wordpress\/ -->\n<title>13\u00ba do INSS antecipado: veja quem recebe j\u00e1 - O PROGRESSO<\/title>\n<meta name=\"robots\" content=\"index, follow, max-snippet:-1, max-image-preview:large, max-video-preview:-1\" \/>\n<link rel=\"canonical\" href=\"https:\/\/progresso.com.br\/index.php\/2026\/03\/20\/13o-do-inss-antecipado-veja-quem-recebe-ja\/\" \/>\n<meta property=\"og:locale\" content=\"pt_BR\" \/>\n<meta property=\"og:type\" content=\"article\" \/>\n<meta property=\"og:title\" content=\"13\u00ba do INSS antecipado: veja quem recebe j\u00e1 - O PROGRESSO\" \/>\n<meta property=\"og:description\" content=\"A estimativa \u00e9 de que a medida injete aproximadamente R$ 78,2 bi na economia Agrolink\u00a0&#8211; Leonardo Gottems A antecipa\u00e7\u00e3o do 13\u00ba sal\u00e1rio para aposentados e pensionistas do Instituto Nacional do Seguro Social (INSS) deve ampliar a circula\u00e7\u00e3o de recursos em munic\u00edpios do interior, com reflexos tamb\u00e9m em regi\u00f5es de forte presen\u00e7a agropecu\u00e1ria. A medida foi [&hellip;]\" \/>\n<meta property=\"og:url\" content=\"https:\/\/progresso.com.br\/index.php\/2026\/03\/20\/13o-do-inss-antecipado-veja-quem-recebe-ja\/\" \/>\n<meta property=\"og:site_name\" content=\"O PROGRESSO\" \/>\n<meta property=\"article:publisher\" content=\"https:\/\/www.facebook.com\/share\/1CeoksKBj6\/\" \/>\n<meta property=\"article:published_time\" content=\"2026-03-20T12:45:00+00:00\" \/>\n<meta property=\"og:image\" content=\"https:\/\/progresso.com.br\/wp-content\/uploads\/2026\/03\/7e52ae2bd2de4c149fde04b44464b056_858x483.jpg\" \/>\n\t<meta property=\"og:image:width\" content=\"858\" \/>\n\t<meta property=\"og:image:height\" content=\"483\" \/>\n\t<meta property=\"og:image:type\" content=\"image\/jpeg\" \/>\n<meta name=\"author\" content=\"Rose\" \/>\n<meta name=\"twitter:card\" content=\"summary_large_image\" \/>\n<meta name=\"twitter:label1\" content=\"Escrito por\" \/>\n\t<meta name=\"twitter:data1\" content=\"Rose\" \/>\n\t<meta name=\"twitter:label2\" content=\"Est. tempo de leitura\" \/>\n\t<meta name=\"twitter:data2\" content=\"2 minutos\" \/>\n<script type=\"application\/ld+json\" class=\"yoast-schema-graph\">{\"@context\":\"https:\/\/schema.org\",\"@graph\":[{\"@type\":\"Article\",\"@id\":\"https:\/\/progresso.com.br\/index.php\/2026\/03\/20\/13o-do-inss-antecipado-veja-quem-recebe-ja\/#article\",\"isPartOf\":{\"@id\":\"https:\/\/progresso.com.br\/index.php\/2026\/03\/20\/13o-do-inss-antecipado-veja-quem-recebe-ja\/\"},\"author\":{\"name\":\"Rose\",\"@id\":\"https:\/\/progresso.com.br\/#\/schema\/person\/5dd27138d4463fbbaace62120bfc002b\"},\"headline\":\"13\u00ba do INSS antecipado: veja quem recebe j\u00e1\",\"datePublished\":\"2026-03-20T12:45:00+00:00\",\"mainEntityOfPage\":{\"@id\":\"https:\/\/progresso.com.br\/index.php\/2026\/03\/20\/13o-do-inss-antecipado-veja-quem-recebe-ja\/\"},\"wordCount\":295,\"commentCount\":0,\"publisher\":{\"@id\":\"https:\/\/progresso.com.br\/#organization\"},\"image\":{\"@id\":\"https:\/\/progresso.com.br\/index.php\/2026\/03\/20\/13o-do-inss-antecipado-veja-quem-recebe-ja\/#primaryimage\"},\"thumbnailUrl\":\"https:\/\/progresso.com.br\/wp-content\/uploads\/2026\/03\/7e52ae2bd2de4c149fde04b44464b056_858x483.jpg\",\"inLanguage\":\"pt-BR\",\"potentialAction\":[{\"@type\":\"CommentAction\",\"name\":\"Comment\",\"target\":[\"https:\/\/progresso.com.br\/index.php\/2026\/03\/20\/13o-do-inss-antecipado-veja-quem-recebe-ja\/#respond\"]}]},{\"@type\":\"WebPage\",\"@id\":\"https:\/\/progresso.com.br\/index.php\/2026\/03\/20\/13o-do-inss-antecipado-veja-quem-recebe-ja\/\",\"url\":\"https:\/\/progresso.com.br\/index.php\/2026\/03\/20\/13o-do-inss-antecipado-veja-quem-recebe-ja\/\",\"name\":\"13\u00ba do INSS antecipado: veja quem recebe j\u00e1 - O PROGRESSO\",\"isPartOf\":{\"@id\":\"https:\/\/progresso.com.br\/#website\"},\"primaryImageOfPage\":{\"@id\":\"https:\/\/progresso.com.br\/index.php\/2026\/03\/20\/13o-do-inss-antecipado-veja-quem-recebe-ja\/#primaryimage\"},\"image\":{\"@id\":\"https:\/\/progresso.com.br\/index.php\/2026\/03\/20\/13o-do-inss-antecipado-veja-quem-recebe-ja\/#primaryimage\"},\"thumbnailUrl\":\"https:\/\/progresso.com.br\/wp-content\/uploads\/2026\/03\/7e52ae2bd2de4c149fde04b44464b056_858x483.jpg\",\"datePublished\":\"2026-03-20T12:45:00+00:00\",\"breadcrumb\":{\"@id\":\"https:\/\/progresso.com.br\/index.php\/2026\/03\/20\/13o-do-inss-antecipado-veja-quem-recebe-ja\/#breadcrumb\"},\"inLanguage\":\"pt-BR\",\"potentialAction\":[{\"@type\":\"ReadAction\",\"target\":[\"https:\/\/progresso.com.br\/index.php\/2026\/03\/20\/13o-do-inss-antecipado-veja-quem-recebe-ja\/\"]}]},{\"@type\":\"ImageObject\",\"inLanguage\":\"pt-BR\",\"@id\":\"https:\/\/progresso.com.br\/index.php\/2026\/03\/20\/13o-do-inss-antecipado-veja-quem-recebe-ja\/#primaryimage\",\"url\":\"https:\/\/progresso.com.br\/wp-content\/uploads\/2026\/03\/7e52ae2bd2de4c149fde04b44464b056_858x483.jpg\",\"contentUrl\":\"https:\/\/progresso.com.br\/wp-content\/uploads\/2026\/03\/7e52ae2bd2de4c149fde04b44464b056_858x483.jpg\",\"width\":858,\"height\":483,\"caption\":\"A estimativa \u00e9 de que a medida injete aproximadamente R$ 78,2 bi na economia - Foto: Canva\"},{\"@type\":\"BreadcrumbList\",\"@id\":\"https:\/\/progresso.com.br\/index.php\/2026\/03\/20\/13o-do-inss-antecipado-veja-quem-recebe-ja\/#breadcrumb\",\"itemListElement\":[{\"@type\":\"ListItem\",\"position\":1,\"name\":\"In\u00edcio\",\"item\":\"https:\/\/progresso.com.br\/\"},{\"@type\":\"ListItem\",\"position\":2,\"name\":\"13\u00ba do INSS antecipado: veja quem recebe j\u00e1\"}]},{\"@type\":\"WebSite\",\"@id\":\"https:\/\/progresso.com.br\/#website\",\"url\":\"https:\/\/progresso.com.br\/\",\"name\":\"O PROGRESSO\",\"description\":\"\",\"publisher\":{\"@id\":\"https:\/\/progresso.com.br\/#organization\"},\"potentialAction\":[{\"@type\":\"SearchAction\",\"target\":{\"@type\":\"EntryPoint\",\"urlTemplate\":\"https:\/\/progresso.com.br\/?s={search_term_string}\"},\"query-input\":{\"@type\":\"PropertyValueSpecification\",\"valueRequired\":true,\"valueName\":\"search_term_string\"}}],\"inLanguage\":\"pt-BR\"},{\"@type\":\"Organization\",\"@id\":\"https:\/\/progresso.com.br\/#organization\",\"name\":\"O PROGRESSO\",\"url\":\"https:\/\/progresso.com.br\/\",\"logo\":{\"@type\":\"ImageObject\",\"inLanguage\":\"pt-BR\",\"@id\":\"https:\/\/progresso.com.br\/#\/schema\/logo\/image\/\",\"url\":\"https:\/\/progresso.com.br\/wp-content\/uploads\/2026\/03\/logo_proog.jpg\",\"contentUrl\":\"https:\/\/progresso.com.br\/wp-content\/uploads\/2026\/03\/logo_proog.jpg\",\"width\":1960,\"height\":1080,\"caption\":\"O PROGRESSO\"},\"image\":{\"@id\":\"https:\/\/progresso.com.br\/#\/schema\/logo\/image\/\"},\"sameAs\":[\"https:\/\/www.facebook.com\/share\/1CeoksKBj6\/\",\"https:\/\/www.instagram.com\/oprogresso_digital\"]},{\"@type\":\"Person\",\"@id\":\"https:\/\/progresso.com.br\/#\/schema\/person\/5dd27138d4463fbbaace62120bfc002b\",\"name\":\"Rose\",\"image\":{\"@type\":\"ImageObject\",\"inLanguage\":\"pt-BR\",\"@id\":\"https:\/\/progresso.com.br\/#\/schema\/person\/image\/\",\"url\":\"https:\/\/secure.gravatar.com\/avatar\/1b6890e759cdd3a88d9f751cb423720b9861c5239167cd3586355638b6556599?s=96&d=mm&r=g\",\"contentUrl\":\"https:\/\/secure.gravatar.com\/avatar\/1b6890e759cdd3a88d9f751cb423720b9861c5239167cd3586355638b6556599?s=96&d=mm&r=g\",\"caption\":\"Rose\"},\"url\":\"https:\/\/progresso.com.br\/index.php\/author\/rose\/\"}]}<\/script>\n<!-- \/ Yoast SEO plugin. -->","yoast_head_json":{"title":"13\u00ba do INSS antecipado: veja quem recebe j\u00e1 - O PROGRESSO","robots":{"index":"index","follow":"follow","max-snippet":"max-snippet:-1","max-image-preview":"max-image-preview:large","max-video-preview":"max-video-preview:-1"},"canonical":"https:\/\/progresso.com.br\/index.php\/2026\/03\/20\/13o-do-inss-antecipado-veja-quem-recebe-ja\/","og_locale":"pt_BR","og_type":"article","og_title":"13\u00ba do INSS antecipado: veja quem recebe j\u00e1 - O PROGRESSO","og_description":"A estimativa \u00e9 de que a medida injete aproximadamente R$ 78,2 bi na economia Agrolink\u00a0&#8211; Leonardo Gottems A antecipa\u00e7\u00e3o do 13\u00ba sal\u00e1rio para aposentados e pensionistas do Instituto Nacional do Seguro Social (INSS) deve ampliar a circula\u00e7\u00e3o de recursos em munic\u00edpios do interior, com reflexos tamb\u00e9m em regi\u00f5es de forte presen\u00e7a agropecu\u00e1ria. A medida foi [&hellip;]","og_url":"https:\/\/progresso.com.br\/index.php\/2026\/03\/20\/13o-do-inss-antecipado-veja-quem-recebe-ja\/","og_site_name":"O PROGRESSO","article_publisher":"https:\/\/www.facebook.com\/share\/1CeoksKBj6\/","article_published_time":"2026-03-20T12:45:00+00:00","og_image":[{"width":858,"height":483,"url":"https:\/\/progresso.com.br\/wp-content\/uploads\/2026\/03\/7e52ae2bd2de4c149fde04b44464b056_858x483.jpg","type":"image\/jpeg"}],"author":"Rose","twitter_card":"summary_large_image","twitter_misc":{"Escrito por":"Rose","Est. tempo de leitura":"2 minutos"},"schema":{"@context":"https:\/\/schema.org","@graph":[{"@type":"Article","@id":"https:\/\/progresso.com.br\/index.php\/2026\/03\/20\/13o-do-inss-antecipado-veja-quem-recebe-ja\/#article","isPartOf":{"@id":"https:\/\/progresso.com.br\/index.php\/2026\/03\/20\/13o-do-inss-antecipado-veja-quem-recebe-ja\/"},"author":{"name":"Rose","@id":"https:\/\/progresso.com.br\/#\/schema\/person\/5dd27138d4463fbbaace62120bfc002b"},"headline":"13\u00ba do INSS antecipado: veja quem recebe j\u00e1","datePublished":"2026-03-20T12:45:00+00:00","mainEntityOfPage":{"@id":"https:\/\/progresso.com.br\/index.php\/2026\/03\/20\/13o-do-inss-antecipado-veja-quem-recebe-ja\/"},"wordCount":295,"commentCount":0,"publisher":{"@id":"https:\/\/progresso.com.br\/#organization"},"image":{"@id":"https:\/\/progresso.com.br\/index.php\/2026\/03\/20\/13o-do-inss-antecipado-veja-quem-recebe-ja\/#primaryimage"},"thumbnailUrl":"https:\/\/progresso.com.br\/wp-content\/uploads\/2026\/03\/7e52ae2bd2de4c149fde04b44464b056_858x483.jpg","inLanguage":"pt-BR","potentialAction":[{"@type":"CommentAction","name":"Comment","target":["https:\/\/progresso.com.br\/index.php\/2026\/03\/20\/13o-do-inss-antecipado-veja-quem-recebe-ja\/#respond"]}]},{"@type":"WebPage","@id":"https:\/\/progresso.com.br\/index.php\/2026\/03\/20\/13o-do-inss-antecipado-veja-quem-recebe-ja\/","url":"https:\/\/progresso.com.br\/index.php\/2026\/03\/20\/13o-do-inss-antecipado-veja-quem-recebe-ja\/","name":"13\u00ba do INSS antecipado: veja quem recebe j\u00e1 - O PROGRESSO","isPartOf":{"@id":"https:\/\/progresso.com.br\/#website"},"primaryImageOfPage":{"@id":"https:\/\/progresso.com.br\/index.php\/2026\/03\/20\/13o-do-inss-antecipado-veja-quem-recebe-ja\/#primaryimage"},"image":{"@id":"https:\/\/progresso.com.br\/index.php\/2026\/03\/20\/13o-do-inss-antecipado-veja-quem-recebe-ja\/#primaryimage"},"thumbnailUrl":"https:\/\/progresso.com.br\/wp-content\/uploads\/2026\/03\/7e52ae2bd2de4c149fde04b44464b056_858x483.jpg","datePublished":"2026-03-20T12:45:00+00:00","breadcrumb":{"@id":"https:\/\/progresso.com.br\/index.php\/2026\/03\/20\/13o-do-inss-antecipado-veja-quem-recebe-ja\/#breadcrumb"},"inLanguage":"pt-BR","potentialAction":[{"@type":"ReadAction","target":["https:\/\/progresso.com.br\/index.php\/2026\/03\/20\/13o-do-inss-antecipado-veja-quem-recebe-ja\/"]}]},{"@type":"ImageObject","inLanguage":"pt-BR","@id":"https:\/\/progresso.com.br\/index.php\/2026\/03\/20\/13o-do-inss-antecipado-veja-quem-recebe-ja\/#primaryimage","url":"https:\/\/progresso.com.br\/wp-content\/uploads\/2026\/03\/7e52ae2bd2de4c149fde04b44464b056_858x483.jpg","contentUrl":"https:\/\/progresso.com.br\/wp-content\/uploads\/2026\/03\/7e52ae2bd2de4c149fde04b44464b056_858x483.jpg","width":858,"height":483,"caption":"A estimativa \u00e9 de que a medida injete aproximadamente R$ 78,2 bi na economia - Foto: Canva"},{"@type":"BreadcrumbList","@id":"https:\/\/progresso.com.br\/index.php\/2026\/03\/20\/13o-do-inss-antecipado-veja-quem-recebe-ja\/#breadcrumb","itemListElement":[{"@type":"ListItem","position":1,"name":"In\u00edcio","item":"https:\/\/progresso.com.br\/"},{"@type":"ListItem","position":2,"name":"13\u00ba do INSS antecipado: veja quem recebe j\u00e1"}]},{"@type":"WebSite","@id":"https:\/\/progresso.com.br\/#website","url":"https:\/\/progresso.com.br\/","name":"O PROGRESSO","description":"","publisher":{"@id":"https:\/\/progresso.com.br\/#organization"},"potentialAction":[{"@type":"SearchAction","target":{"@type":"EntryPoint","urlTemplate":"https:\/\/progresso.com.br\/?s={search_term_string}"},"query-input":{"@type":"PropertyValueSpecification","valueRequired":true,"valueName":"search_term_string"}}],"inLanguage":"pt-BR"},{"@type":"Organization","@id":"https:\/\/progresso.com.br\/#organization","name":"O PROGRESSO","url":"https:\/\/progresso.com.br\/","logo":{"@type":"ImageObject","inLanguage":"pt-BR","@id":"https:\/\/progresso.com.br\/#\/schema\/logo\/image\/","url":"https:\/\/progresso.com.br\/wp-content\/uploads\/2026\/03\/logo_proog.jpg","contentUrl":"https:\/\/progresso.com.br\/wp-content\/uploads\/2026\/03\/logo_proog.jpg","width":1960,"height":1080,"caption":"O PROGRESSO"},"image":{"@id":"https:\/\/progresso.com.br\/#\/schema\/logo\/image\/"},"sameAs":["https:\/\/www.facebook.com\/share\/1CeoksKBj6\/","https:\/\/www.instagram.com\/oprogresso_digital"]},{"@type":"Person","@id":"https:\/\/progresso.com.br\/#\/schema\/person\/5dd27138d4463fbbaace62120bfc002b","name":"Rose","image":{"@type":"ImageObject","inLanguage":"pt-BR","@id":"https:\/\/progresso.com.br\/#\/schema\/person\/image\/","url":"https:\/\/secure.gravatar.com\/avatar\/1b6890e759cdd3a88d9f751cb423720b9861c5239167cd3586355638b6556599?s=96&d=mm&r=g","contentUrl":"https:\/\/secure.gravatar.com\/avatar\/1b6890e759cdd3a88d9f751cb423720b9861c5239167cd3586355638b6556599?s=96&d=mm&r=g","caption":"Rose"},"url":"https:\/\/progresso.com.br\/index.php\/author\/rose\/"}]}},"_links":{"self":[{"href":"https:\/\/progresso.com.br\/index.php\/wp-json\/wp\/v2\/posts\/1573","targetHints":{"allow":["GET"]}}],"collection":[{"href":"https:\/\/progresso.com.br\/index.php\/wp-json\/wp\/v2\/posts"}],"about":[{"href":"https:\/\/progresso.com.br\/index.php\/wp-json\/wp\/v2\/types\/post"}],"author":[{"embeddable":true,"href":"https:\/\/progresso.com.br\/index.php\/wp-json\/wp\/v2\/users\/2"}],"replies":[{"embeddable":true,"href":"https:\/\/progresso.com.br\/index.php\/wp-json\/wp\/v2\/comments?post=1573"}],"version-history":[{"count":1,"href":"https:\/\/progresso.com.br\/index.php\/wp-json\/wp\/v2\/posts\/1573\/revisions"}],"predecessor-version":[{"id":1575,"href":"https:\/\/progresso.com.br\/index.php\/wp-json\/wp\/v2\/posts\/1573\/revisions\/1575"}],"wp:featuredmedia":[{"embeddable":true,"href":"https:\/\/progresso.com.br\/index.php\/wp-json\/wp\/v2\/media\/1574"}],"wp:attachment":[{"href":"https:\/\/progresso.com.br\/index.php\/wp-json\/wp\/v2\/media?parent=1573"}],"wp:term":[{"taxonomy":"category","embeddable":true,"href":"https:\/\/progresso.com.br\/index.php\/wp-json\/wp\/v2\/categories?post=1573"},{"taxonomy":"post_tag","embeddable":true,"href":"https:\/\/progresso.com.br\/index.php\/wp-json\/wp\/v2\/tags?post=1573"}],"curies":[{"name":"wp","href":"https:\/\/api.w.org\/{rel}","templated":true}]}}