{"id":1618,"date":"2026-03-20T14:00:00","date_gmt":"2026-03-20T18:00:00","guid":{"rendered":"https:\/\/progresso.com.br\/?p=1618"},"modified":"2026-03-20T13:38:41","modified_gmt":"2026-03-20T17:38:41","slug":"comecam-a-vigorar-novas-regras-para-frete-no-brasil","status":"publish","type":"post","link":"https:\/\/progresso.com.br\/index.php\/2026\/03\/20\/comecam-a-vigorar-novas-regras-para-frete-no-brasil\/","title":{"rendered":"Come\u00e7am a vigorar novas regras para frete no Brasil"},"content":{"rendered":"\n<p><strong><em>MP garantir\u00e1 pagamento de peso m\u00ednimo para motoristas<\/em><\/strong><\/p>\n\n\n\n<p><em>Pedro Peduzzi &#8211;  Ag\u00eancia Brasil<\/em><\/p>\n\n\n\n<p><strong>J\u00e1 est\u00e3o em vigor no pa\u00eds&nbsp;as novas regras para o transporte rodovi\u00e1rio de cargas. Entre as mudan\u00e7as previstas, est\u00e1 a obrigatoriedade de apresentar&nbsp;o&nbsp;C\u00f3digo Identificador da Opera\u00e7\u00e3o de Transporte (CIOT) antes de iniciar&nbsp;o servi\u00e7o de frete.<\/strong><img decoding=\"async\" src=\"https:\/\/agenciabrasil.ebc.com.br\/ebc.png?id=1682779&amp;o=node\"><img decoding=\"async\" src=\"https:\/\/agenciabrasil.ebc.com.br\/ebc.gif?id=1682779&amp;o=node\"><\/p>\n\n\n\n<p>Esse c\u00f3digo garantir\u00e1, segundo a Ag\u00eancia Nacional de Transportes Terrestres (ANTT), que todas contrata\u00e7\u00f5es de frete pagar\u00e3o o piso m\u00ednimo. Caso contr\u00e1rio, n\u00e3o ter\u00e3o o CIOT emitido, de forma a bloquear fretes irregulares ainda na fase de contrata\u00e7\u00e3o.<\/p>\n\n\n\n<p>Como o c\u00f3digo est\u00e1 vinculado ao Manifesto Eletr\u00f4nico de Documentos Fiscais, a fiscaliza\u00e7\u00e3o do cumprimento das novas regras ser\u00e1 autom\u00e1tica e em larga escala, abrangendo todo o territ\u00f3rio nacional.<\/p>\n\n\n\n<p><strong>Dessa forma, o CIOT ser\u00e1 pe\u00e7a central do controle regulat\u00f3rio, ao reunir&nbsp;informa\u00e7\u00f5es completas sobre a opera\u00e7\u00e3o, como contratantes, transportadores, carga, origem, destino, valores pagos e o piso m\u00ednimo aplic\u00e1vel.<\/strong><\/p>\n\n\n\n<p>As novas medidas est\u00e3o previstas na&nbsp;<a href=\"https:\/\/pesquisa.in.gov.br\/imprensa\/jsp\/visualiza\/index.jsp?jornal=600&amp;pagina=1&amp;data=19\/03\/2026&amp;totalArquivos=1\" target=\"_blank\" rel=\"noreferrer noopener\">Medida Provis\u00f3ria 1.343\/2026<\/a>, publicada na quinta-feira (19), e valem para transportadores, empresas contratantes e intermedi\u00e1rios do setor. A publica\u00e7\u00e3o ocorre&nbsp;em meio a amea\u00e7a&nbsp;de paralisa\u00e7\u00e3o por parte dos&nbsp;caminhoneiros, devido \u00e0 tend\u00eancia de alta do diesel por conta da guerra no Oriente M\u00e9dio, envolvendo EUA, Israel e Ir\u00e3.<\/p>\n\n\n\n<p>\u201cSem o c\u00f3digo, o frete n\u00e3o poder\u00e1 ser realizado. Na pr\u00e1tica, opera\u00e7\u00f5es contratadas por valores abaixo do piso m\u00ednimo deixam de ocorrer ainda na origem, antes mesmo de o caminh\u00e3o seguir viagem\u201d, informou a ANTT.<\/p>\n\n\n\n<h2 class=\"wp-block-heading\">Penalidades<\/h2>\n\n\n\n<p><strong>A MP estabelece penalidade espec\u00edfica para aqueles que descumprirem as novas regras relativas ao CIOT, com multa de R$ 10,5 mil por opera\u00e7\u00e3o n\u00e3o registrada.<\/strong><\/p>\n\n\n\n<p>Quem contratar pagando fretes abaixo do piso m\u00ednimo de forma reiterada (mais de tr\u00eas autua\u00e7\u00f5es em seis meses) ter\u00e1 o Registro Nacional do Transportador Rodovi\u00e1rio de Cargas (RNTRC) suspenso.<\/p>\n\n\n\n<p>Caso reincida, o registro poder\u00e1 ser cancelado, com impedimento de atua\u00e7\u00e3o por at\u00e9 dois anos.<\/p>\n\n\n\n<p>Al\u00e9m disso, define algumas responsabilidades. No caso do contratante, ele ser\u00e1 respons\u00e1vel pela emiss\u00e3o do c\u00f3digo quando houver transportador aut\u00f4nomo de cargas.<\/p>\n\n\n\n<p>Nos demais casos, a responsabilidade recair\u00e1 sobre a empresa de transporte.<\/p>\n\n\n\n<p>\u201cEmpresas que contratarem fretes abaixo do piso podem pagar multas que variam entre R$ 1 milh\u00e3o e R$ 10 milh\u00f5es a cada opera\u00e7\u00e3o irregular. Em casos de irregularidades graves, a norma permite alcan\u00e7ar s\u00f3cios e grupos econ\u00f4micos, desde que comprovado abuso ou confus\u00e3o patrimonial\u201d, informou a ANTT.<\/p>\n\n\n\n<p><strong>O governo esclarece que as medidas mais severas de suspens\u00e3o e cancelamento n\u00e3o se aplicam ao transportador aut\u00f4nomo de cargas.<\/strong><\/p>\n","protected":false},"excerpt":{"rendered":"<p>MP garantir\u00e1 pagamento de peso m\u00ednimo para motoristas Pedro Peduzzi &#8211; Ag\u00eancia Brasil J\u00e1 est\u00e3o em vigor no pa\u00eds&nbsp;as novas regras para o transporte rodovi\u00e1rio de cargas. Entre as mudan\u00e7as previstas, est\u00e1 a obrigatoriedade de apresentar&nbsp;o&nbsp;C\u00f3digo Identificador da Opera\u00e7\u00e3o de Transporte (CIOT) antes de iniciar&nbsp;o servi\u00e7o de frete. Esse c\u00f3digo garantir\u00e1, segundo a Ag\u00eancia Nacional [&hellip;]<\/p>\n","protected":false},"author":2,"featured_media":1619,"comment_status":"open","ping_status":"open","sticky":false,"template":"","format":"standard","meta":{"footnotes":""},"categories":[1],"tags":[],"class_list":["post-1618","post","type-post","status-publish","format-standard","has-post-thumbnail","hentry","category-sem-categoria"],"yoast_head":"<!-- This site is optimized with the Yoast SEO plugin v27.1.1 - https:\/\/yoast.com\/product\/yoast-seo-wordpress\/ -->\n<title>Come\u00e7am a vigorar novas regras para frete no Brasil - O PROGRESSO<\/title>\n<meta name=\"robots\" content=\"index, follow, max-snippet:-1, max-image-preview:large, max-video-preview:-1\" \/>\n<link rel=\"canonical\" href=\"https:\/\/progresso.com.br\/index.php\/2026\/03\/20\/comecam-a-vigorar-novas-regras-para-frete-no-brasil\/\" \/>\n<meta property=\"og:locale\" content=\"pt_BR\" \/>\n<meta property=\"og:type\" content=\"article\" \/>\n<meta property=\"og:title\" content=\"Come\u00e7am a vigorar novas regras para frete no Brasil - O PROGRESSO\" \/>\n<meta property=\"og:description\" content=\"MP garantir\u00e1 pagamento de peso m\u00ednimo para motoristas Pedro Peduzzi &#8211; Ag\u00eancia Brasil J\u00e1 est\u00e3o em vigor no pa\u00eds&nbsp;as novas regras para o transporte rodovi\u00e1rio de cargas. Entre as mudan\u00e7as previstas, est\u00e1 a obrigatoriedade de apresentar&nbsp;o&nbsp;C\u00f3digo Identificador da Opera\u00e7\u00e3o de Transporte (CIOT) antes de iniciar&nbsp;o servi\u00e7o de frete. Esse c\u00f3digo garantir\u00e1, segundo a Ag\u00eancia Nacional [&hellip;]\" \/>\n<meta property=\"og:url\" content=\"https:\/\/progresso.com.br\/index.php\/2026\/03\/20\/comecam-a-vigorar-novas-regras-para-frete-no-brasil\/\" \/>\n<meta property=\"og:site_name\" content=\"O PROGRESSO\" \/>\n<meta property=\"article:publisher\" content=\"https:\/\/www.facebook.com\/share\/1CeoksKBj6\/\" \/>\n<meta property=\"article:published_time\" content=\"2026-03-20T18:00:00+00:00\" \/>\n<meta property=\"og:image\" content=\"https:\/\/progresso.com.br\/wp-content\/uploads\/2026\/03\/cda98c07-485a-45ff-a2db-5c9cc1388a0d.webp\" \/>\n\t<meta property=\"og:image:width\" content=\"1170\" \/>\n\t<meta property=\"og:image:height\" content=\"700\" \/>\n\t<meta property=\"og:image:type\" content=\"image\/webp\" \/>\n<meta name=\"author\" content=\"Rose\" \/>\n<meta name=\"twitter:card\" content=\"summary_large_image\" \/>\n<meta name=\"twitter:label1\" content=\"Escrito por\" \/>\n\t<meta name=\"twitter:data1\" content=\"Rose\" \/>\n\t<meta name=\"twitter:label2\" content=\"Est. tempo de leitura\" \/>\n\t<meta name=\"twitter:data2\" content=\"3 minutos\" \/>\n<script type=\"application\/ld+json\" class=\"yoast-schema-graph\">{\"@context\":\"https:\/\/schema.org\",\"@graph\":[{\"@type\":\"Article\",\"@id\":\"https:\/\/progresso.com.br\/index.php\/2026\/03\/20\/comecam-a-vigorar-novas-regras-para-frete-no-brasil\/#article\",\"isPartOf\":{\"@id\":\"https:\/\/progresso.com.br\/index.php\/2026\/03\/20\/comecam-a-vigorar-novas-regras-para-frete-no-brasil\/\"},\"author\":{\"name\":\"Rose\",\"@id\":\"https:\/\/progresso.com.br\/#\/schema\/person\/5dd27138d4463fbbaace62120bfc002b\"},\"headline\":\"Come\u00e7am a vigorar novas regras para frete no Brasil\",\"datePublished\":\"2026-03-20T18:00:00+00:00\",\"mainEntityOfPage\":{\"@id\":\"https:\/\/progresso.com.br\/index.php\/2026\/03\/20\/comecam-a-vigorar-novas-regras-para-frete-no-brasil\/\"},\"wordCount\":488,\"commentCount\":0,\"publisher\":{\"@id\":\"https:\/\/progresso.com.br\/#organization\"},\"image\":{\"@id\":\"https:\/\/progresso.com.br\/index.php\/2026\/03\/20\/comecam-a-vigorar-novas-regras-para-frete-no-brasil\/#primaryimage\"},\"thumbnailUrl\":\"https:\/\/progresso.com.br\/wp-content\/uploads\/2026\/03\/cda98c07-485a-45ff-a2db-5c9cc1388a0d.webp\",\"inLanguage\":\"pt-BR\",\"potentialAction\":[{\"@type\":\"CommentAction\",\"name\":\"Comment\",\"target\":[\"https:\/\/progresso.com.br\/index.php\/2026\/03\/20\/comecam-a-vigorar-novas-regras-para-frete-no-brasil\/#respond\"]}]},{\"@type\":\"WebPage\",\"@id\":\"https:\/\/progresso.com.br\/index.php\/2026\/03\/20\/comecam-a-vigorar-novas-regras-para-frete-no-brasil\/\",\"url\":\"https:\/\/progresso.com.br\/index.php\/2026\/03\/20\/comecam-a-vigorar-novas-regras-para-frete-no-brasil\/\",\"name\":\"Come\u00e7am a vigorar novas regras para frete no Brasil - O PROGRESSO\",\"isPartOf\":{\"@id\":\"https:\/\/progresso.com.br\/#website\"},\"primaryImageOfPage\":{\"@id\":\"https:\/\/progresso.com.br\/index.php\/2026\/03\/20\/comecam-a-vigorar-novas-regras-para-frete-no-brasil\/#primaryimage\"},\"image\":{\"@id\":\"https:\/\/progresso.com.br\/index.php\/2026\/03\/20\/comecam-a-vigorar-novas-regras-para-frete-no-brasil\/#primaryimage\"},\"thumbnailUrl\":\"https:\/\/progresso.com.br\/wp-content\/uploads\/2026\/03\/cda98c07-485a-45ff-a2db-5c9cc1388a0d.webp\",\"datePublished\":\"2026-03-20T18:00:00+00:00\",\"breadcrumb\":{\"@id\":\"https:\/\/progresso.com.br\/index.php\/2026\/03\/20\/comecam-a-vigorar-novas-regras-para-frete-no-brasil\/#breadcrumb\"},\"inLanguage\":\"pt-BR\",\"potentialAction\":[{\"@type\":\"ReadAction\",\"target\":[\"https:\/\/progresso.com.br\/index.php\/2026\/03\/20\/comecam-a-vigorar-novas-regras-para-frete-no-brasil\/\"]}]},{\"@type\":\"ImageObject\",\"inLanguage\":\"pt-BR\",\"@id\":\"https:\/\/progresso.com.br\/index.php\/2026\/03\/20\/comecam-a-vigorar-novas-regras-para-frete-no-brasil\/#primaryimage\",\"url\":\"https:\/\/progresso.com.br\/wp-content\/uploads\/2026\/03\/cda98c07-485a-45ff-a2db-5c9cc1388a0d.webp\",\"contentUrl\":\"https:\/\/progresso.com.br\/wp-content\/uploads\/2026\/03\/cda98c07-485a-45ff-a2db-5c9cc1388a0d.webp\",\"width\":1170,\"height\":700,\"caption\":\"(Foto: M\u00e1rcio Ferreira\/MT)\"},{\"@type\":\"BreadcrumbList\",\"@id\":\"https:\/\/progresso.com.br\/index.php\/2026\/03\/20\/comecam-a-vigorar-novas-regras-para-frete-no-brasil\/#breadcrumb\",\"itemListElement\":[{\"@type\":\"ListItem\",\"position\":1,\"name\":\"In\u00edcio\",\"item\":\"https:\/\/progresso.com.br\/\"},{\"@type\":\"ListItem\",\"position\":2,\"name\":\"Come\u00e7am a vigorar novas regras para frete no Brasil\"}]},{\"@type\":\"WebSite\",\"@id\":\"https:\/\/progresso.com.br\/#website\",\"url\":\"https:\/\/progresso.com.br\/\",\"name\":\"O PROGRESSO\",\"description\":\"\",\"publisher\":{\"@id\":\"https:\/\/progresso.com.br\/#organization\"},\"potentialAction\":[{\"@type\":\"SearchAction\",\"target\":{\"@type\":\"EntryPoint\",\"urlTemplate\":\"https:\/\/progresso.com.br\/?s={search_term_string}\"},\"query-input\":{\"@type\":\"PropertyValueSpecification\",\"valueRequired\":true,\"valueName\":\"search_term_string\"}}],\"inLanguage\":\"pt-BR\"},{\"@type\":\"Organization\",\"@id\":\"https:\/\/progresso.com.br\/#organization\",\"name\":\"O PROGRESSO\",\"url\":\"https:\/\/progresso.com.br\/\",\"logo\":{\"@type\":\"ImageObject\",\"inLanguage\":\"pt-BR\",\"@id\":\"https:\/\/progresso.com.br\/#\/schema\/logo\/image\/\",\"url\":\"https:\/\/progresso.com.br\/wp-content\/uploads\/2026\/03\/logo_proog.jpg\",\"contentUrl\":\"https:\/\/progresso.com.br\/wp-content\/uploads\/2026\/03\/logo_proog.jpg\",\"width\":1960,\"height\":1080,\"caption\":\"O PROGRESSO\"},\"image\":{\"@id\":\"https:\/\/progresso.com.br\/#\/schema\/logo\/image\/\"},\"sameAs\":[\"https:\/\/www.facebook.com\/share\/1CeoksKBj6\/\",\"https:\/\/www.instagram.com\/oprogresso_digital\"]},{\"@type\":\"Person\",\"@id\":\"https:\/\/progresso.com.br\/#\/schema\/person\/5dd27138d4463fbbaace62120bfc002b\",\"name\":\"Rose\",\"image\":{\"@type\":\"ImageObject\",\"inLanguage\":\"pt-BR\",\"@id\":\"https:\/\/progresso.com.br\/#\/schema\/person\/image\/\",\"url\":\"https:\/\/secure.gravatar.com\/avatar\/1b6890e759cdd3a88d9f751cb423720b9861c5239167cd3586355638b6556599?s=96&d=mm&r=g\",\"contentUrl\":\"https:\/\/secure.gravatar.com\/avatar\/1b6890e759cdd3a88d9f751cb423720b9861c5239167cd3586355638b6556599?s=96&d=mm&r=g\",\"caption\":\"Rose\"},\"url\":\"https:\/\/progresso.com.br\/index.php\/author\/rose\/\"}]}<\/script>\n<!-- \/ Yoast SEO plugin. -->","yoast_head_json":{"title":"Come\u00e7am a vigorar novas regras para frete no Brasil - O PROGRESSO","robots":{"index":"index","follow":"follow","max-snippet":"max-snippet:-1","max-image-preview":"max-image-preview:large","max-video-preview":"max-video-preview:-1"},"canonical":"https:\/\/progresso.com.br\/index.php\/2026\/03\/20\/comecam-a-vigorar-novas-regras-para-frete-no-brasil\/","og_locale":"pt_BR","og_type":"article","og_title":"Come\u00e7am a vigorar novas regras para frete no Brasil - O PROGRESSO","og_description":"MP garantir\u00e1 pagamento de peso m\u00ednimo para motoristas Pedro Peduzzi &#8211; Ag\u00eancia Brasil J\u00e1 est\u00e3o em vigor no pa\u00eds&nbsp;as novas regras para o transporte rodovi\u00e1rio de cargas. Entre as mudan\u00e7as previstas, est\u00e1 a obrigatoriedade de apresentar&nbsp;o&nbsp;C\u00f3digo Identificador da Opera\u00e7\u00e3o de Transporte (CIOT) antes de iniciar&nbsp;o servi\u00e7o de frete. Esse c\u00f3digo garantir\u00e1, segundo a Ag\u00eancia Nacional [&hellip;]","og_url":"https:\/\/progresso.com.br\/index.php\/2026\/03\/20\/comecam-a-vigorar-novas-regras-para-frete-no-brasil\/","og_site_name":"O PROGRESSO","article_publisher":"https:\/\/www.facebook.com\/share\/1CeoksKBj6\/","article_published_time":"2026-03-20T18:00:00+00:00","og_image":[{"width":1170,"height":700,"url":"https:\/\/progresso.com.br\/wp-content\/uploads\/2026\/03\/cda98c07-485a-45ff-a2db-5c9cc1388a0d.webp","type":"image\/webp"}],"author":"Rose","twitter_card":"summary_large_image","twitter_misc":{"Escrito por":"Rose","Est. tempo de leitura":"3 minutos"},"schema":{"@context":"https:\/\/schema.org","@graph":[{"@type":"Article","@id":"https:\/\/progresso.com.br\/index.php\/2026\/03\/20\/comecam-a-vigorar-novas-regras-para-frete-no-brasil\/#article","isPartOf":{"@id":"https:\/\/progresso.com.br\/index.php\/2026\/03\/20\/comecam-a-vigorar-novas-regras-para-frete-no-brasil\/"},"author":{"name":"Rose","@id":"https:\/\/progresso.com.br\/#\/schema\/person\/5dd27138d4463fbbaace62120bfc002b"},"headline":"Come\u00e7am a vigorar novas regras para frete no Brasil","datePublished":"2026-03-20T18:00:00+00:00","mainEntityOfPage":{"@id":"https:\/\/progresso.com.br\/index.php\/2026\/03\/20\/comecam-a-vigorar-novas-regras-para-frete-no-brasil\/"},"wordCount":488,"commentCount":0,"publisher":{"@id":"https:\/\/progresso.com.br\/#organization"},"image":{"@id":"https:\/\/progresso.com.br\/index.php\/2026\/03\/20\/comecam-a-vigorar-novas-regras-para-frete-no-brasil\/#primaryimage"},"thumbnailUrl":"https:\/\/progresso.com.br\/wp-content\/uploads\/2026\/03\/cda98c07-485a-45ff-a2db-5c9cc1388a0d.webp","inLanguage":"pt-BR","potentialAction":[{"@type":"CommentAction","name":"Comment","target":["https:\/\/progresso.com.br\/index.php\/2026\/03\/20\/comecam-a-vigorar-novas-regras-para-frete-no-brasil\/#respond"]}]},{"@type":"WebPage","@id":"https:\/\/progresso.com.br\/index.php\/2026\/03\/20\/comecam-a-vigorar-novas-regras-para-frete-no-brasil\/","url":"https:\/\/progresso.com.br\/index.php\/2026\/03\/20\/comecam-a-vigorar-novas-regras-para-frete-no-brasil\/","name":"Come\u00e7am a vigorar novas regras para frete no Brasil - O PROGRESSO","isPartOf":{"@id":"https:\/\/progresso.com.br\/#website"},"primaryImageOfPage":{"@id":"https:\/\/progresso.com.br\/index.php\/2026\/03\/20\/comecam-a-vigorar-novas-regras-para-frete-no-brasil\/#primaryimage"},"image":{"@id":"https:\/\/progresso.com.br\/index.php\/2026\/03\/20\/comecam-a-vigorar-novas-regras-para-frete-no-brasil\/#primaryimage"},"thumbnailUrl":"https:\/\/progresso.com.br\/wp-content\/uploads\/2026\/03\/cda98c07-485a-45ff-a2db-5c9cc1388a0d.webp","datePublished":"2026-03-20T18:00:00+00:00","breadcrumb":{"@id":"https:\/\/progresso.com.br\/index.php\/2026\/03\/20\/comecam-a-vigorar-novas-regras-para-frete-no-brasil\/#breadcrumb"},"inLanguage":"pt-BR","potentialAction":[{"@type":"ReadAction","target":["https:\/\/progresso.com.br\/index.php\/2026\/03\/20\/comecam-a-vigorar-novas-regras-para-frete-no-brasil\/"]}]},{"@type":"ImageObject","inLanguage":"pt-BR","@id":"https:\/\/progresso.com.br\/index.php\/2026\/03\/20\/comecam-a-vigorar-novas-regras-para-frete-no-brasil\/#primaryimage","url":"https:\/\/progresso.com.br\/wp-content\/uploads\/2026\/03\/cda98c07-485a-45ff-a2db-5c9cc1388a0d.webp","contentUrl":"https:\/\/progresso.com.br\/wp-content\/uploads\/2026\/03\/cda98c07-485a-45ff-a2db-5c9cc1388a0d.webp","width":1170,"height":700,"caption":"(Foto: M\u00e1rcio Ferreira\/MT)"},{"@type":"BreadcrumbList","@id":"https:\/\/progresso.com.br\/index.php\/2026\/03\/20\/comecam-a-vigorar-novas-regras-para-frete-no-brasil\/#breadcrumb","itemListElement":[{"@type":"ListItem","position":1,"name":"In\u00edcio","item":"https:\/\/progresso.com.br\/"},{"@type":"ListItem","position":2,"name":"Come\u00e7am a vigorar novas regras para frete no Brasil"}]},{"@type":"WebSite","@id":"https:\/\/progresso.com.br\/#website","url":"https:\/\/progresso.com.br\/","name":"O PROGRESSO","description":"","publisher":{"@id":"https:\/\/progresso.com.br\/#organization"},"potentialAction":[{"@type":"SearchAction","target":{"@type":"EntryPoint","urlTemplate":"https:\/\/progresso.com.br\/?s={search_term_string}"},"query-input":{"@type":"PropertyValueSpecification","valueRequired":true,"valueName":"search_term_string"}}],"inLanguage":"pt-BR"},{"@type":"Organization","@id":"https:\/\/progresso.com.br\/#organization","name":"O PROGRESSO","url":"https:\/\/progresso.com.br\/","logo":{"@type":"ImageObject","inLanguage":"pt-BR","@id":"https:\/\/progresso.com.br\/#\/schema\/logo\/image\/","url":"https:\/\/progresso.com.br\/wp-content\/uploads\/2026\/03\/logo_proog.jpg","contentUrl":"https:\/\/progresso.com.br\/wp-content\/uploads\/2026\/03\/logo_proog.jpg","width":1960,"height":1080,"caption":"O PROGRESSO"},"image":{"@id":"https:\/\/progresso.com.br\/#\/schema\/logo\/image\/"},"sameAs":["https:\/\/www.facebook.com\/share\/1CeoksKBj6\/","https:\/\/www.instagram.com\/oprogresso_digital"]},{"@type":"Person","@id":"https:\/\/progresso.com.br\/#\/schema\/person\/5dd27138d4463fbbaace62120bfc002b","name":"Rose","image":{"@type":"ImageObject","inLanguage":"pt-BR","@id":"https:\/\/progresso.com.br\/#\/schema\/person\/image\/","url":"https:\/\/secure.gravatar.com\/avatar\/1b6890e759cdd3a88d9f751cb423720b9861c5239167cd3586355638b6556599?s=96&d=mm&r=g","contentUrl":"https:\/\/secure.gravatar.com\/avatar\/1b6890e759cdd3a88d9f751cb423720b9861c5239167cd3586355638b6556599?s=96&d=mm&r=g","caption":"Rose"},"url":"https:\/\/progresso.com.br\/index.php\/author\/rose\/"}]}},"_links":{"self":[{"href":"https:\/\/progresso.com.br\/index.php\/wp-json\/wp\/v2\/posts\/1618","targetHints":{"allow":["GET"]}}],"collection":[{"href":"https:\/\/progresso.com.br\/index.php\/wp-json\/wp\/v2\/posts"}],"about":[{"href":"https:\/\/progresso.com.br\/index.php\/wp-json\/wp\/v2\/types\/post"}],"author":[{"embeddable":true,"href":"https:\/\/progresso.com.br\/index.php\/wp-json\/wp\/v2\/users\/2"}],"replies":[{"embeddable":true,"href":"https:\/\/progresso.com.br\/index.php\/wp-json\/wp\/v2\/comments?post=1618"}],"version-history":[{"count":1,"href":"https:\/\/progresso.com.br\/index.php\/wp-json\/wp\/v2\/posts\/1618\/revisions"}],"predecessor-version":[{"id":1620,"href":"https:\/\/progresso.com.br\/index.php\/wp-json\/wp\/v2\/posts\/1618\/revisions\/1620"}],"wp:featuredmedia":[{"embeddable":true,"href":"https:\/\/progresso.com.br\/index.php\/wp-json\/wp\/v2\/media\/1619"}],"wp:attachment":[{"href":"https:\/\/progresso.com.br\/index.php\/wp-json\/wp\/v2\/media?parent=1618"}],"wp:term":[{"taxonomy":"category","embeddable":true,"href":"https:\/\/progresso.com.br\/index.php\/wp-json\/wp\/v2\/categories?post=1618"},{"taxonomy":"post_tag","embeddable":true,"href":"https:\/\/progresso.com.br\/index.php\/wp-json\/wp\/v2\/tags?post=1618"}],"curies":[{"name":"wp","href":"https:\/\/api.w.org\/{rel}","templated":true}]}}