{"id":2117,"date":"2026-03-26T08:45:00","date_gmt":"2026-03-26T12:45:00","guid":{"rendered":"https:\/\/progresso.com.br\/?p=2117"},"modified":"2026-03-26T08:25:22","modified_gmt":"2026-03-26T12:25:22","slug":"seu-abraco-aquece-2026-amplia-doacoes-e-integra-acoes-em-ms","status":"publish","type":"post","link":"https:\/\/progresso.com.br\/index.php\/2026\/03\/26\/seu-abraco-aquece-2026-amplia-doacoes-e-integra-acoes-em-ms\/","title":{"rendered":"\u201cSeu Abra\u00e7o Aquece\u201d 2026 amplia doa\u00e7\u00f5es e integra a\u00e7\u00f5es em MS"},"content":{"rendered":"\n<p><em><strong>Iniciativa criada por servidores p\u00fablicos estaduais ganha refor\u00e7o em 2026 com avan\u00e7o na expans\u00e3o para o interior e atua\u00e7\u00e3o conjunta com outras campanhas de voluntariado e bem-esta<\/strong><\/em><\/p>\n\n\n\n<p><em>Comunica\u00e7\u00e3o SAD<\/em><\/p>\n\n\n\n<p>O Governo de Mato Grosso do Sul lan\u00e7a, no domingo (29), a campanha do agasalho \u201cSeu Abra\u00e7o Aquece: Doe calor e fa\u00e7a o bem\u201d, durante a apresenta\u00e7\u00e3o da 4\u00aa Corrida dos Poderes, \u00e0s 16h30, no Parque das Na\u00e7\u00f5es Ind\u00edgenas, em Campo Grande.<\/p>\n\n\n\n<p>Organizada pela SAD, a a\u00e7\u00e3o integra, em 2026, iniciativas voltadas ao bem-estar e voluntariado dos servidores, ao lado da corrida e da campanha \u201cCaixa Encantada\u201d. O lan\u00e7amento oficial ser\u00e1 na quarta-feira (1\u00ba), com abertura de inscri\u00e7\u00f5es para entidades at\u00e9 24 de abril.<\/p>\n\n\n\n<p>As doa\u00e7\u00f5es seguem at\u00e9 20 de maio, com pontos de coleta em \u00f3rg\u00e3os p\u00fablicos e parceiros. Podem ser entregues roupas, cobertores e cal\u00e7ados de inverno, novos ou em bom estado.<\/p>\n\n\n\n<p>Criada em 2015, a campanha arrecadou 161,8 mil pe\u00e7as em 2025, atendendo 333 entidades em 32 munic\u00edpios. Neste ano, a meta \u00e9 ampliar o alcance, especialmente no interior.<\/p>\n\n\n\n<p>Segundo o governo, a a\u00e7\u00e3o refor\u00e7a a solidariedade, o engajamento dos servidores e a mobiliza\u00e7\u00e3o social, com apoio de diversos \u00f3rg\u00e3os e institui\u00e7\u00f5es do Estado.<\/p>\n","protected":false},"excerpt":{"rendered":"<p>Iniciativa criada por servidores p\u00fablicos estaduais ganha refor\u00e7o em 2026 com avan\u00e7o na expans\u00e3o para o interior e atua\u00e7\u00e3o conjunta com outras campanhas de voluntariado e bem-esta Comunica\u00e7\u00e3o SAD O Governo de Mato Grosso do Sul lan\u00e7a, no domingo (29), a campanha do agasalho \u201cSeu Abra\u00e7o Aquece: Doe calor e fa\u00e7a o bem\u201d, durante a [&hellip;]<\/p>\n","protected":false},"author":2,"featured_media":2118,"comment_status":"open","ping_status":"open","sticky":false,"template":"","format":"standard","meta":{"footnotes":""},"categories":[12],"tags":[],"class_list":["post-2117","post","type-post","status-publish","format-standard","has-post-thumbnail","hentry","category-sociedade"],"yoast_head":"<!-- This site is optimized with the Yoast SEO plugin v27.1.1 - https:\/\/yoast.com\/product\/yoast-seo-wordpress\/ -->\n<title>\u201cSeu Abra\u00e7o Aquece\u201d 2026 amplia doa\u00e7\u00f5es e integra a\u00e7\u00f5es em MS - O PROGRESSO<\/title>\n<meta name=\"robots\" content=\"index, follow, max-snippet:-1, max-image-preview:large, max-video-preview:-1\" \/>\n<link rel=\"canonical\" href=\"https:\/\/progresso.com.br\/index.php\/2026\/03\/26\/seu-abraco-aquece-2026-amplia-doacoes-e-integra-acoes-em-ms\/\" \/>\n<meta property=\"og:locale\" content=\"pt_BR\" \/>\n<meta property=\"og:type\" content=\"article\" \/>\n<meta property=\"og:title\" content=\"\u201cSeu Abra\u00e7o Aquece\u201d 2026 amplia doa\u00e7\u00f5es e integra a\u00e7\u00f5es em MS - O PROGRESSO\" \/>\n<meta property=\"og:description\" content=\"Iniciativa criada por servidores p\u00fablicos estaduais ganha refor\u00e7o em 2026 com avan\u00e7o na expans\u00e3o para o interior e atua\u00e7\u00e3o conjunta com outras campanhas de voluntariado e bem-esta Comunica\u00e7\u00e3o SAD O Governo de Mato Grosso do Sul lan\u00e7a, no domingo (29), a campanha do agasalho \u201cSeu Abra\u00e7o Aquece: Doe calor e fa\u00e7a o bem\u201d, durante a [&hellip;]\" \/>\n<meta property=\"og:url\" content=\"https:\/\/progresso.com.br\/index.php\/2026\/03\/26\/seu-abraco-aquece-2026-amplia-doacoes-e-integra-acoes-em-ms\/\" \/>\n<meta property=\"og:site_name\" content=\"O PROGRESSO\" \/>\n<meta property=\"article:publisher\" content=\"https:\/\/www.facebook.com\/share\/1CeoksKBj6\/\" \/>\n<meta property=\"article:published_time\" content=\"2026-03-26T12:45:00+00:00\" \/>\n<meta property=\"og:image\" content=\"https:\/\/progresso.com.br\/wp-content\/uploads\/2026\/03\/IMG_5950-730x480-1.jpg\" \/>\n\t<meta property=\"og:image:width\" content=\"730\" \/>\n\t<meta property=\"og:image:height\" content=\"480\" \/>\n\t<meta property=\"og:image:type\" content=\"image\/jpeg\" \/>\n<meta name=\"author\" content=\"Rose\" \/>\n<meta name=\"twitter:card\" content=\"summary_large_image\" \/>\n<meta name=\"twitter:label1\" content=\"Escrito por\" \/>\n\t<meta name=\"twitter:data1\" content=\"Rose\" \/>\n\t<meta name=\"twitter:label2\" content=\"Est. tempo de leitura\" \/>\n\t<meta name=\"twitter:data2\" content=\"2 minutos\" \/>\n<script type=\"application\/ld+json\" class=\"yoast-schema-graph\">{\"@context\":\"https:\/\/schema.org\",\"@graph\":[{\"@type\":\"Article\",\"@id\":\"https:\/\/progresso.com.br\/index.php\/2026\/03\/26\/seu-abraco-aquece-2026-amplia-doacoes-e-integra-acoes-em-ms\/#article\",\"isPartOf\":{\"@id\":\"https:\/\/progresso.com.br\/index.php\/2026\/03\/26\/seu-abraco-aquece-2026-amplia-doacoes-e-integra-acoes-em-ms\/\"},\"author\":{\"name\":\"Rose\",\"@id\":\"https:\/\/progresso.com.br\/#\/schema\/person\/5dd27138d4463fbbaace62120bfc002b\"},\"headline\":\"\u201cSeu Abra\u00e7o Aquece\u201d 2026 amplia doa\u00e7\u00f5es e integra a\u00e7\u00f5es em MS\",\"datePublished\":\"2026-03-26T12:45:00+00:00\",\"mainEntityOfPage\":{\"@id\":\"https:\/\/progresso.com.br\/index.php\/2026\/03\/26\/seu-abraco-aquece-2026-amplia-doacoes-e-integra-acoes-em-ms\/\"},\"wordCount\":222,\"commentCount\":0,\"publisher\":{\"@id\":\"https:\/\/progresso.com.br\/#organization\"},\"image\":{\"@id\":\"https:\/\/progresso.com.br\/index.php\/2026\/03\/26\/seu-abraco-aquece-2026-amplia-doacoes-e-integra-acoes-em-ms\/#primaryimage\"},\"thumbnailUrl\":\"https:\/\/progresso.com.br\/wp-content\/uploads\/2026\/03\/IMG_5950-730x480-1.jpg\",\"articleSection\":[\"Sociedade\"],\"inLanguage\":\"pt-BR\",\"potentialAction\":[{\"@type\":\"CommentAction\",\"name\":\"Comment\",\"target\":[\"https:\/\/progresso.com.br\/index.php\/2026\/03\/26\/seu-abraco-aquece-2026-amplia-doacoes-e-integra-acoes-em-ms\/#respond\"]}]},{\"@type\":\"WebPage\",\"@id\":\"https:\/\/progresso.com.br\/index.php\/2026\/03\/26\/seu-abraco-aquece-2026-amplia-doacoes-e-integra-acoes-em-ms\/\",\"url\":\"https:\/\/progresso.com.br\/index.php\/2026\/03\/26\/seu-abraco-aquece-2026-amplia-doacoes-e-integra-acoes-em-ms\/\",\"name\":\"\u201cSeu Abra\u00e7o Aquece\u201d 2026 amplia doa\u00e7\u00f5es e integra a\u00e7\u00f5es em MS - O PROGRESSO\",\"isPartOf\":{\"@id\":\"https:\/\/progresso.com.br\/#website\"},\"primaryImageOfPage\":{\"@id\":\"https:\/\/progresso.com.br\/index.php\/2026\/03\/26\/seu-abraco-aquece-2026-amplia-doacoes-e-integra-acoes-em-ms\/#primaryimage\"},\"image\":{\"@id\":\"https:\/\/progresso.com.br\/index.php\/2026\/03\/26\/seu-abraco-aquece-2026-amplia-doacoes-e-integra-acoes-em-ms\/#primaryimage\"},\"thumbnailUrl\":\"https:\/\/progresso.com.br\/wp-content\/uploads\/2026\/03\/IMG_5950-730x480-1.jpg\",\"datePublished\":\"2026-03-26T12:45:00+00:00\",\"breadcrumb\":{\"@id\":\"https:\/\/progresso.com.br\/index.php\/2026\/03\/26\/seu-abraco-aquece-2026-amplia-doacoes-e-integra-acoes-em-ms\/#breadcrumb\"},\"inLanguage\":\"pt-BR\",\"potentialAction\":[{\"@type\":\"ReadAction\",\"target\":[\"https:\/\/progresso.com.br\/index.php\/2026\/03\/26\/seu-abraco-aquece-2026-amplia-doacoes-e-integra-acoes-em-ms\/\"]}]},{\"@type\":\"ImageObject\",\"inLanguage\":\"pt-BR\",\"@id\":\"https:\/\/progresso.com.br\/index.php\/2026\/03\/26\/seu-abraco-aquece-2026-amplia-doacoes-e-integra-acoes-em-ms\/#primaryimage\",\"url\":\"https:\/\/progresso.com.br\/wp-content\/uploads\/2026\/03\/IMG_5950-730x480-1.jpg\",\"contentUrl\":\"https:\/\/progresso.com.br\/wp-content\/uploads\/2026\/03\/IMG_5950-730x480-1.jpg\",\"width\":730,\"height\":480,\"caption\":\"(Foto: \u00c1lvaro Rezende\/Secom\/Arquivo)\"},{\"@type\":\"BreadcrumbList\",\"@id\":\"https:\/\/progresso.com.br\/index.php\/2026\/03\/26\/seu-abraco-aquece-2026-amplia-doacoes-e-integra-acoes-em-ms\/#breadcrumb\",\"itemListElement\":[{\"@type\":\"ListItem\",\"position\":1,\"name\":\"In\u00edcio\",\"item\":\"https:\/\/progresso.com.br\/\"},{\"@type\":\"ListItem\",\"position\":2,\"name\":\"\u201cSeu Abra\u00e7o Aquece\u201d 2026 amplia doa\u00e7\u00f5es e integra a\u00e7\u00f5es em MS\"}]},{\"@type\":\"WebSite\",\"@id\":\"https:\/\/progresso.com.br\/#website\",\"url\":\"https:\/\/progresso.com.br\/\",\"name\":\"O PROGRESSO\",\"description\":\"\",\"publisher\":{\"@id\":\"https:\/\/progresso.com.br\/#organization\"},\"potentialAction\":[{\"@type\":\"SearchAction\",\"target\":{\"@type\":\"EntryPoint\",\"urlTemplate\":\"https:\/\/progresso.com.br\/?s={search_term_string}\"},\"query-input\":{\"@type\":\"PropertyValueSpecification\",\"valueRequired\":true,\"valueName\":\"search_term_string\"}}],\"inLanguage\":\"pt-BR\"},{\"@type\":\"Organization\",\"@id\":\"https:\/\/progresso.com.br\/#organization\",\"name\":\"O PROGRESSO\",\"url\":\"https:\/\/progresso.com.br\/\",\"logo\":{\"@type\":\"ImageObject\",\"inLanguage\":\"pt-BR\",\"@id\":\"https:\/\/progresso.com.br\/#\/schema\/logo\/image\/\",\"url\":\"https:\/\/progresso.com.br\/wp-content\/uploads\/2026\/03\/logo_proog.jpg\",\"contentUrl\":\"https:\/\/progresso.com.br\/wp-content\/uploads\/2026\/03\/logo_proog.jpg\",\"width\":1960,\"height\":1080,\"caption\":\"O PROGRESSO\"},\"image\":{\"@id\":\"https:\/\/progresso.com.br\/#\/schema\/logo\/image\/\"},\"sameAs\":[\"https:\/\/www.facebook.com\/share\/1CeoksKBj6\/\",\"https:\/\/www.instagram.com\/oprogresso_digital\"]},{\"@type\":\"Person\",\"@id\":\"https:\/\/progresso.com.br\/#\/schema\/person\/5dd27138d4463fbbaace62120bfc002b\",\"name\":\"Rose\",\"image\":{\"@type\":\"ImageObject\",\"inLanguage\":\"pt-BR\",\"@id\":\"https:\/\/progresso.com.br\/#\/schema\/person\/image\/\",\"url\":\"https:\/\/secure.gravatar.com\/avatar\/1b6890e759cdd3a88d9f751cb423720b9861c5239167cd3586355638b6556599?s=96&d=mm&r=g\",\"contentUrl\":\"https:\/\/secure.gravatar.com\/avatar\/1b6890e759cdd3a88d9f751cb423720b9861c5239167cd3586355638b6556599?s=96&d=mm&r=g\",\"caption\":\"Rose\"},\"url\":\"https:\/\/progresso.com.br\/index.php\/author\/rose\/\"}]}<\/script>\n<!-- \/ Yoast SEO plugin. -->","yoast_head_json":{"title":"\u201cSeu Abra\u00e7o Aquece\u201d 2026 amplia doa\u00e7\u00f5es e integra a\u00e7\u00f5es em MS - O PROGRESSO","robots":{"index":"index","follow":"follow","max-snippet":"max-snippet:-1","max-image-preview":"max-image-preview:large","max-video-preview":"max-video-preview:-1"},"canonical":"https:\/\/progresso.com.br\/index.php\/2026\/03\/26\/seu-abraco-aquece-2026-amplia-doacoes-e-integra-acoes-em-ms\/","og_locale":"pt_BR","og_type":"article","og_title":"\u201cSeu Abra\u00e7o Aquece\u201d 2026 amplia doa\u00e7\u00f5es e integra a\u00e7\u00f5es em MS - O PROGRESSO","og_description":"Iniciativa criada por servidores p\u00fablicos estaduais ganha refor\u00e7o em 2026 com avan\u00e7o na expans\u00e3o para o interior e atua\u00e7\u00e3o conjunta com outras campanhas de voluntariado e bem-esta Comunica\u00e7\u00e3o SAD O Governo de Mato Grosso do Sul lan\u00e7a, no domingo (29), a campanha do agasalho \u201cSeu Abra\u00e7o Aquece: Doe calor e fa\u00e7a o bem\u201d, durante a [&hellip;]","og_url":"https:\/\/progresso.com.br\/index.php\/2026\/03\/26\/seu-abraco-aquece-2026-amplia-doacoes-e-integra-acoes-em-ms\/","og_site_name":"O PROGRESSO","article_publisher":"https:\/\/www.facebook.com\/share\/1CeoksKBj6\/","article_published_time":"2026-03-26T12:45:00+00:00","og_image":[{"width":730,"height":480,"url":"https:\/\/progresso.com.br\/wp-content\/uploads\/2026\/03\/IMG_5950-730x480-1.jpg","type":"image\/jpeg"}],"author":"Rose","twitter_card":"summary_large_image","twitter_misc":{"Escrito por":"Rose","Est. tempo de leitura":"2 minutos"},"schema":{"@context":"https:\/\/schema.org","@graph":[{"@type":"Article","@id":"https:\/\/progresso.com.br\/index.php\/2026\/03\/26\/seu-abraco-aquece-2026-amplia-doacoes-e-integra-acoes-em-ms\/#article","isPartOf":{"@id":"https:\/\/progresso.com.br\/index.php\/2026\/03\/26\/seu-abraco-aquece-2026-amplia-doacoes-e-integra-acoes-em-ms\/"},"author":{"name":"Rose","@id":"https:\/\/progresso.com.br\/#\/schema\/person\/5dd27138d4463fbbaace62120bfc002b"},"headline":"\u201cSeu Abra\u00e7o Aquece\u201d 2026 amplia doa\u00e7\u00f5es e integra a\u00e7\u00f5es em MS","datePublished":"2026-03-26T12:45:00+00:00","mainEntityOfPage":{"@id":"https:\/\/progresso.com.br\/index.php\/2026\/03\/26\/seu-abraco-aquece-2026-amplia-doacoes-e-integra-acoes-em-ms\/"},"wordCount":222,"commentCount":0,"publisher":{"@id":"https:\/\/progresso.com.br\/#organization"},"image":{"@id":"https:\/\/progresso.com.br\/index.php\/2026\/03\/26\/seu-abraco-aquece-2026-amplia-doacoes-e-integra-acoes-em-ms\/#primaryimage"},"thumbnailUrl":"https:\/\/progresso.com.br\/wp-content\/uploads\/2026\/03\/IMG_5950-730x480-1.jpg","articleSection":["Sociedade"],"inLanguage":"pt-BR","potentialAction":[{"@type":"CommentAction","name":"Comment","target":["https:\/\/progresso.com.br\/index.php\/2026\/03\/26\/seu-abraco-aquece-2026-amplia-doacoes-e-integra-acoes-em-ms\/#respond"]}]},{"@type":"WebPage","@id":"https:\/\/progresso.com.br\/index.php\/2026\/03\/26\/seu-abraco-aquece-2026-amplia-doacoes-e-integra-acoes-em-ms\/","url":"https:\/\/progresso.com.br\/index.php\/2026\/03\/26\/seu-abraco-aquece-2026-amplia-doacoes-e-integra-acoes-em-ms\/","name":"\u201cSeu Abra\u00e7o Aquece\u201d 2026 amplia doa\u00e7\u00f5es e integra a\u00e7\u00f5es em MS - O PROGRESSO","isPartOf":{"@id":"https:\/\/progresso.com.br\/#website"},"primaryImageOfPage":{"@id":"https:\/\/progresso.com.br\/index.php\/2026\/03\/26\/seu-abraco-aquece-2026-amplia-doacoes-e-integra-acoes-em-ms\/#primaryimage"},"image":{"@id":"https:\/\/progresso.com.br\/index.php\/2026\/03\/26\/seu-abraco-aquece-2026-amplia-doacoes-e-integra-acoes-em-ms\/#primaryimage"},"thumbnailUrl":"https:\/\/progresso.com.br\/wp-content\/uploads\/2026\/03\/IMG_5950-730x480-1.jpg","datePublished":"2026-03-26T12:45:00+00:00","breadcrumb":{"@id":"https:\/\/progresso.com.br\/index.php\/2026\/03\/26\/seu-abraco-aquece-2026-amplia-doacoes-e-integra-acoes-em-ms\/#breadcrumb"},"inLanguage":"pt-BR","potentialAction":[{"@type":"ReadAction","target":["https:\/\/progresso.com.br\/index.php\/2026\/03\/26\/seu-abraco-aquece-2026-amplia-doacoes-e-integra-acoes-em-ms\/"]}]},{"@type":"ImageObject","inLanguage":"pt-BR","@id":"https:\/\/progresso.com.br\/index.php\/2026\/03\/26\/seu-abraco-aquece-2026-amplia-doacoes-e-integra-acoes-em-ms\/#primaryimage","url":"https:\/\/progresso.com.br\/wp-content\/uploads\/2026\/03\/IMG_5950-730x480-1.jpg","contentUrl":"https:\/\/progresso.com.br\/wp-content\/uploads\/2026\/03\/IMG_5950-730x480-1.jpg","width":730,"height":480,"caption":"(Foto: \u00c1lvaro Rezende\/Secom\/Arquivo)"},{"@type":"BreadcrumbList","@id":"https:\/\/progresso.com.br\/index.php\/2026\/03\/26\/seu-abraco-aquece-2026-amplia-doacoes-e-integra-acoes-em-ms\/#breadcrumb","itemListElement":[{"@type":"ListItem","position":1,"name":"In\u00edcio","item":"https:\/\/progresso.com.br\/"},{"@type":"ListItem","position":2,"name":"\u201cSeu Abra\u00e7o Aquece\u201d 2026 amplia doa\u00e7\u00f5es e integra a\u00e7\u00f5es em MS"}]},{"@type":"WebSite","@id":"https:\/\/progresso.com.br\/#website","url":"https:\/\/progresso.com.br\/","name":"O PROGRESSO","description":"","publisher":{"@id":"https:\/\/progresso.com.br\/#organization"},"potentialAction":[{"@type":"SearchAction","target":{"@type":"EntryPoint","urlTemplate":"https:\/\/progresso.com.br\/?s={search_term_string}"},"query-input":{"@type":"PropertyValueSpecification","valueRequired":true,"valueName":"search_term_string"}}],"inLanguage":"pt-BR"},{"@type":"Organization","@id":"https:\/\/progresso.com.br\/#organization","name":"O PROGRESSO","url":"https:\/\/progresso.com.br\/","logo":{"@type":"ImageObject","inLanguage":"pt-BR","@id":"https:\/\/progresso.com.br\/#\/schema\/logo\/image\/","url":"https:\/\/progresso.com.br\/wp-content\/uploads\/2026\/03\/logo_proog.jpg","contentUrl":"https:\/\/progresso.com.br\/wp-content\/uploads\/2026\/03\/logo_proog.jpg","width":1960,"height":1080,"caption":"O PROGRESSO"},"image":{"@id":"https:\/\/progresso.com.br\/#\/schema\/logo\/image\/"},"sameAs":["https:\/\/www.facebook.com\/share\/1CeoksKBj6\/","https:\/\/www.instagram.com\/oprogresso_digital"]},{"@type":"Person","@id":"https:\/\/progresso.com.br\/#\/schema\/person\/5dd27138d4463fbbaace62120bfc002b","name":"Rose","image":{"@type":"ImageObject","inLanguage":"pt-BR","@id":"https:\/\/progresso.com.br\/#\/schema\/person\/image\/","url":"https:\/\/secure.gravatar.com\/avatar\/1b6890e759cdd3a88d9f751cb423720b9861c5239167cd3586355638b6556599?s=96&d=mm&r=g","contentUrl":"https:\/\/secure.gravatar.com\/avatar\/1b6890e759cdd3a88d9f751cb423720b9861c5239167cd3586355638b6556599?s=96&d=mm&r=g","caption":"Rose"},"url":"https:\/\/progresso.com.br\/index.php\/author\/rose\/"}]}},"_links":{"self":[{"href":"https:\/\/progresso.com.br\/index.php\/wp-json\/wp\/v2\/posts\/2117","targetHints":{"allow":["GET"]}}],"collection":[{"href":"https:\/\/progresso.com.br\/index.php\/wp-json\/wp\/v2\/posts"}],"about":[{"href":"https:\/\/progresso.com.br\/index.php\/wp-json\/wp\/v2\/types\/post"}],"author":[{"embeddable":true,"href":"https:\/\/progresso.com.br\/index.php\/wp-json\/wp\/v2\/users\/2"}],"replies":[{"embeddable":true,"href":"https:\/\/progresso.com.br\/index.php\/wp-json\/wp\/v2\/comments?post=2117"}],"version-history":[{"count":1,"href":"https:\/\/progresso.com.br\/index.php\/wp-json\/wp\/v2\/posts\/2117\/revisions"}],"predecessor-version":[{"id":2119,"href":"https:\/\/progresso.com.br\/index.php\/wp-json\/wp\/v2\/posts\/2117\/revisions\/2119"}],"wp:featuredmedia":[{"embeddable":true,"href":"https:\/\/progresso.com.br\/index.php\/wp-json\/wp\/v2\/media\/2118"}],"wp:attachment":[{"href":"https:\/\/progresso.com.br\/index.php\/wp-json\/wp\/v2\/media?parent=2117"}],"wp:term":[{"taxonomy":"category","embeddable":true,"href":"https:\/\/progresso.com.br\/index.php\/wp-json\/wp\/v2\/categories?post=2117"},{"taxonomy":"post_tag","embeddable":true,"href":"https:\/\/progresso.com.br\/index.php\/wp-json\/wp\/v2\/tags?post=2117"}],"curies":[{"name":"wp","href":"https:\/\/api.w.org\/{rel}","templated":true}]}}