{"id":2519,"date":"2026-03-31T09:00:52","date_gmt":"2026-03-31T13:00:52","guid":{"rendered":"https:\/\/progresso.com.br\/?p=2519"},"modified":"2026-03-31T09:00:52","modified_gmt":"2026-03-31T13:00:52","slug":"pesquisa-aponta-simone-tebet-liderando-disputa-pelo-senado-em-sp","status":"publish","type":"post","link":"https:\/\/progresso.com.br\/index.php\/2026\/03\/31\/pesquisa-aponta-simone-tebet-liderando-disputa-pelo-senado-em-sp\/","title":{"rendered":"Pesquisa aponta Simone Tebet liderando disputa pelo Senado em SP"},"content":{"rendered":"\n<p><strong><em>Ministra do Planejamento, rec\u00e9m filiada ao PSB, est\u00e1 numericamente na frente de Guilherme Derrite e Marina Silva<\/em><\/strong><\/p>\n\n\n\n<p><em>Rog\u00e9rio Vidmantas<\/em><\/p>\n\n\n\n<p>A primeira pesquisa ap\u00f3s trocar oficialmente de partido e de domic\u00edlio eleitoral coloca a ministra do Planejamento e Or\u00e7amento, Simone Tebet (PSB), como favorita a conquistar uma das duas vagas no Senado Federal pelo estado de S\u00e3o Paulo nas elei\u00e7\u00f5es de outubro. A sul-mato-grossense aparece na frente na pesquisa Atlas\/Estad\u00e3o divulgada nesta ter\u00e7a-feira (31) pelo jornal paulista.<\/p>\n\n\n\n<p>Segundo o levantamento, Tebet foi lembrada por 22,6% dos entrevistados, numericamente \u00e0 frente do deputado federal Guilherme Derrite (PP), com 22%, e da ministra do Meio Ambiente, Marina Silva (Rede), com 19,6%. Considerando a margem de erro de 2%, para mais ou para menos, os tr\u00eas aparecem tecnicamente empatados.<\/p>\n\n\n\n<p>A pesquisa foi realizada entre os dias 24 e 27 de mar\u00e7o, ouvindo 2.254 eleitores de S\u00e3o Paulo por recrutamento digital aleat\u00f3rio. A margem de erro \u00e9 de 2 pontos percentuais para mais ou para menos e o n\u00edvel de confian\u00e7a \u00e9 de 95%. O levantamento foi registrado no Tribunal Superior Eleitoral (TSE) sob o protocolo BR-01079\/2026.<\/p>\n\n\n\n<figure class=\"wp-block-image size-large\"><img loading=\"lazy\" decoding=\"async\" width=\"1024\" height=\"752\" src=\"https:\/\/progresso.com.br\/wp-content\/uploads\/2026\/03\/Simone-Tebet-1-1024x752.jpeg\" alt=\"\" class=\"wp-image-2521\" srcset=\"https:\/\/progresso.com.br\/wp-content\/uploads\/2026\/03\/Simone-Tebet-1-1024x752.jpeg 1024w, https:\/\/progresso.com.br\/wp-content\/uploads\/2026\/03\/Simone-Tebet-1-300x220.jpeg 300w, https:\/\/progresso.com.br\/wp-content\/uploads\/2026\/03\/Simone-Tebet-1-768x564.jpeg 768w, https:\/\/progresso.com.br\/wp-content\/uploads\/2026\/03\/Simone-Tebet-1-572x420.jpeg 572w, https:\/\/progresso.com.br\/wp-content\/uploads\/2026\/03\/Simone-Tebet-1-80x60.jpeg 80w, https:\/\/progresso.com.br\/wp-content\/uploads\/2026\/03\/Simone-Tebet-1-640x470.jpeg 640w, https:\/\/progresso.com.br\/wp-content\/uploads\/2026\/03\/Simone-Tebet-1-681x500.jpeg 681w, https:\/\/progresso.com.br\/wp-content\/uploads\/2026\/03\/Simone-Tebet-1.jpeg 1179w\" sizes=\"auto, (max-width: 1024px) 100vw, 1024px\" \/><figcaption class=\"wp-element-caption\">Simone Tebet no ato de filia\u00e7\u00e3o ao PSB na \u00faltima sexta-feira, em S\u00e3o Paulo (Foto: @ashlleymelo)<\/figcaption><\/figure>\n\n\n\n<p>Simone Tebet saiu do MDB de Mato Grosso do Sul ap\u00f3s quase 30 anos na legenda e, na \u00faltima sexta-feira (27), em evento com a presen\u00e7a do vice-presidente Geraldo Alckmin e da deputada federal paulista Tabata Amaral, se filiou ao PSB paulista.&nbsp;<\/p>\n\n\n\n<p><strong>Outros Nomes<\/strong><\/p>\n\n\n\n<p>No cen\u00e1rio com Tebet, foram testados outros nomes, como o vice-prefeito de S\u00e3o Paulo, Ricardo Mello Ara\u00fajo (PL), e os deputados federais Ricardo Salles (Novo) e Paulinho da For\u00e7a (Solidariedade).&nbsp;<\/p>\n\n\n\n<p><strong>Veja os n\u00fameros:<\/strong><\/p>\n\n\n\n<p>Simone Tebet: 22,6%<\/p>\n\n\n\n<p>Guilherme Derrite: 22%<\/p>\n\n\n\n<p>Marina Silva: 19,6%<\/p>\n\n\n\n<p>Coronel Mello Ara\u00fajo: 14,8%<\/p>\n\n\n\n<p>Ricardo Salles: 11,1%<\/p>\n\n\n\n<p>Paulinho da For\u00e7a: 0,5%<\/p>\n\n\n\n<p>Brancos\/nulos: 6,7%<\/p>\n\n\n\n<p>N\u00e3o sabem: 2,8%<\/p>\n","protected":false},"excerpt":{"rendered":"<p>Ministra do Planejamento, rec\u00e9m filiada ao PSB, est\u00e1 numericamente na frente de Guilherme Derrite e Marina Silva Rog\u00e9rio Vidmantas A primeira pesquisa ap\u00f3s trocar oficialmente de partido e de domic\u00edlio eleitoral coloca a ministra do Planejamento e Or\u00e7amento, Simone Tebet (PSB), como favorita a conquistar uma das duas vagas no Senado Federal pelo estado de [&hellip;]<\/p>\n","protected":false},"author":5,"featured_media":2527,"comment_status":"open","ping_status":"open","sticky":false,"template":"","format":"standard","meta":{"footnotes":""},"categories":[2,9],"tags":[],"class_list":["post-2519","post","type-post","status-publish","format-standard","has-post-thumbnail","hentry","category-destaque","category-politica"],"yoast_head":"<!-- This site is optimized with the Yoast SEO plugin v27.1.1 - https:\/\/yoast.com\/product\/yoast-seo-wordpress\/ -->\n<title>Pesquisa aponta Simone Tebet liderando disputa pelo Senado em SP - O PROGRESSO<\/title>\n<meta name=\"robots\" content=\"index, follow, max-snippet:-1, max-image-preview:large, max-video-preview:-1\" \/>\n<link rel=\"canonical\" href=\"https:\/\/progresso.com.br\/index.php\/2026\/03\/31\/pesquisa-aponta-simone-tebet-liderando-disputa-pelo-senado-em-sp\/\" \/>\n<meta property=\"og:locale\" content=\"pt_BR\" \/>\n<meta property=\"og:type\" content=\"article\" \/>\n<meta property=\"og:title\" content=\"Pesquisa aponta Simone Tebet liderando disputa pelo Senado em SP - O PROGRESSO\" \/>\n<meta property=\"og:description\" content=\"Ministra do Planejamento, rec\u00e9m filiada ao PSB, est\u00e1 numericamente na frente de Guilherme Derrite e Marina Silva Rog\u00e9rio Vidmantas A primeira pesquisa ap\u00f3s trocar oficialmente de partido e de domic\u00edlio eleitoral coloca a ministra do Planejamento e Or\u00e7amento, Simone Tebet (PSB), como favorita a conquistar uma das duas vagas no Senado Federal pelo estado de [&hellip;]\" \/>\n<meta property=\"og:url\" content=\"https:\/\/progresso.com.br\/index.php\/2026\/03\/31\/pesquisa-aponta-simone-tebet-liderando-disputa-pelo-senado-em-sp\/\" \/>\n<meta property=\"og:site_name\" content=\"O PROGRESSO\" \/>\n<meta property=\"article:publisher\" content=\"https:\/\/www.facebook.com\/share\/1CeoksKBj6\/\" \/>\n<meta property=\"article:published_time\" content=\"2026-03-31T13:00:52+00:00\" \/>\n<meta property=\"og:image\" content=\"https:\/\/progresso.com.br\/wp-content\/uploads\/2026\/03\/Simone-Tebet.jpeg\" \/>\n\t<meta property=\"og:image:width\" content=\"1046\" \/>\n\t<meta property=\"og:image:height\" content=\"697\" \/>\n\t<meta property=\"og:image:type\" content=\"image\/jpeg\" \/>\n<meta name=\"author\" content=\"Rog\u00e9rio Vidmantas\" \/>\n<meta name=\"twitter:card\" content=\"summary_large_image\" \/>\n<meta name=\"twitter:label1\" content=\"Escrito por\" \/>\n\t<meta name=\"twitter:data1\" content=\"Rog\u00e9rio Vidmantas\" \/>\n\t<meta name=\"twitter:label2\" content=\"Est. tempo de leitura\" \/>\n\t<meta name=\"twitter:data2\" content=\"3 minutos\" \/>\n<script type=\"application\/ld+json\" class=\"yoast-schema-graph\">{\"@context\":\"https:\/\/schema.org\",\"@graph\":[{\"@type\":\"Article\",\"@id\":\"https:\/\/progresso.com.br\/index.php\/2026\/03\/31\/pesquisa-aponta-simone-tebet-liderando-disputa-pelo-senado-em-sp\/#article\",\"isPartOf\":{\"@id\":\"https:\/\/progresso.com.br\/index.php\/2026\/03\/31\/pesquisa-aponta-simone-tebet-liderando-disputa-pelo-senado-em-sp\/\"},\"author\":{\"name\":\"Rog\u00e9rio Vidmantas\",\"@id\":\"https:\/\/progresso.com.br\/#\/schema\/person\/471791cc575a7e23811d1070fa9d20ee\"},\"headline\":\"Pesquisa aponta Simone Tebet liderando disputa pelo Senado em SP\",\"datePublished\":\"2026-03-31T13:00:52+00:00\",\"mainEntityOfPage\":{\"@id\":\"https:\/\/progresso.com.br\/index.php\/2026\/03\/31\/pesquisa-aponta-simone-tebet-liderando-disputa-pelo-senado-em-sp\/\"},\"wordCount\":318,\"commentCount\":0,\"publisher\":{\"@id\":\"https:\/\/progresso.com.br\/#organization\"},\"image\":{\"@id\":\"https:\/\/progresso.com.br\/index.php\/2026\/03\/31\/pesquisa-aponta-simone-tebet-liderando-disputa-pelo-senado-em-sp\/#primaryimage\"},\"thumbnailUrl\":\"https:\/\/progresso.com.br\/wp-content\/uploads\/2026\/03\/Simone-Tebet.jpeg\",\"articleSection\":[\"Em destaque\",\"Pol\u00edtica\"],\"inLanguage\":\"pt-BR\",\"potentialAction\":[{\"@type\":\"CommentAction\",\"name\":\"Comment\",\"target\":[\"https:\/\/progresso.com.br\/index.php\/2026\/03\/31\/pesquisa-aponta-simone-tebet-liderando-disputa-pelo-senado-em-sp\/#respond\"]}]},{\"@type\":\"WebPage\",\"@id\":\"https:\/\/progresso.com.br\/index.php\/2026\/03\/31\/pesquisa-aponta-simone-tebet-liderando-disputa-pelo-senado-em-sp\/\",\"url\":\"https:\/\/progresso.com.br\/index.php\/2026\/03\/31\/pesquisa-aponta-simone-tebet-liderando-disputa-pelo-senado-em-sp\/\",\"name\":\"Pesquisa aponta Simone Tebet liderando disputa pelo Senado em SP - O PROGRESSO\",\"isPartOf\":{\"@id\":\"https:\/\/progresso.com.br\/#website\"},\"primaryImageOfPage\":{\"@id\":\"https:\/\/progresso.com.br\/index.php\/2026\/03\/31\/pesquisa-aponta-simone-tebet-liderando-disputa-pelo-senado-em-sp\/#primaryimage\"},\"image\":{\"@id\":\"https:\/\/progresso.com.br\/index.php\/2026\/03\/31\/pesquisa-aponta-simone-tebet-liderando-disputa-pelo-senado-em-sp\/#primaryimage\"},\"thumbnailUrl\":\"https:\/\/progresso.com.br\/wp-content\/uploads\/2026\/03\/Simone-Tebet.jpeg\",\"datePublished\":\"2026-03-31T13:00:52+00:00\",\"breadcrumb\":{\"@id\":\"https:\/\/progresso.com.br\/index.php\/2026\/03\/31\/pesquisa-aponta-simone-tebet-liderando-disputa-pelo-senado-em-sp\/#breadcrumb\"},\"inLanguage\":\"pt-BR\",\"potentialAction\":[{\"@type\":\"ReadAction\",\"target\":[\"https:\/\/progresso.com.br\/index.php\/2026\/03\/31\/pesquisa-aponta-simone-tebet-liderando-disputa-pelo-senado-em-sp\/\"]}]},{\"@type\":\"ImageObject\",\"inLanguage\":\"pt-BR\",\"@id\":\"https:\/\/progresso.com.br\/index.php\/2026\/03\/31\/pesquisa-aponta-simone-tebet-liderando-disputa-pelo-senado-em-sp\/#primaryimage\",\"url\":\"https:\/\/progresso.com.br\/wp-content\/uploads\/2026\/03\/Simone-Tebet.jpeg\",\"contentUrl\":\"https:\/\/progresso.com.br\/wp-content\/uploads\/2026\/03\/Simone-Tebet.jpeg\",\"width\":1046,\"height\":697,\"caption\":\"Simone Tebet, ministra do Planejamento e Or\u00e7amento (Foto: @ashlleymelo)\"},{\"@type\":\"BreadcrumbList\",\"@id\":\"https:\/\/progresso.com.br\/index.php\/2026\/03\/31\/pesquisa-aponta-simone-tebet-liderando-disputa-pelo-senado-em-sp\/#breadcrumb\",\"itemListElement\":[{\"@type\":\"ListItem\",\"position\":1,\"name\":\"In\u00edcio\",\"item\":\"https:\/\/progresso.com.br\/\"},{\"@type\":\"ListItem\",\"position\":2,\"name\":\"Pesquisa aponta Simone Tebet liderando disputa pelo Senado em SP\"}]},{\"@type\":\"WebSite\",\"@id\":\"https:\/\/progresso.com.br\/#website\",\"url\":\"https:\/\/progresso.com.br\/\",\"name\":\"O PROGRESSO\",\"description\":\"\",\"publisher\":{\"@id\":\"https:\/\/progresso.com.br\/#organization\"},\"potentialAction\":[{\"@type\":\"SearchAction\",\"target\":{\"@type\":\"EntryPoint\",\"urlTemplate\":\"https:\/\/progresso.com.br\/?s={search_term_string}\"},\"query-input\":{\"@type\":\"PropertyValueSpecification\",\"valueRequired\":true,\"valueName\":\"search_term_string\"}}],\"inLanguage\":\"pt-BR\"},{\"@type\":\"Organization\",\"@id\":\"https:\/\/progresso.com.br\/#organization\",\"name\":\"O PROGRESSO\",\"url\":\"https:\/\/progresso.com.br\/\",\"logo\":{\"@type\":\"ImageObject\",\"inLanguage\":\"pt-BR\",\"@id\":\"https:\/\/progresso.com.br\/#\/schema\/logo\/image\/\",\"url\":\"https:\/\/progresso.com.br\/wp-content\/uploads\/2026\/03\/logo_proog.jpg\",\"contentUrl\":\"https:\/\/progresso.com.br\/wp-content\/uploads\/2026\/03\/logo_proog.jpg\",\"width\":1960,\"height\":1080,\"caption\":\"O PROGRESSO\"},\"image\":{\"@id\":\"https:\/\/progresso.com.br\/#\/schema\/logo\/image\/\"},\"sameAs\":[\"https:\/\/www.facebook.com\/share\/1CeoksKBj6\/\",\"https:\/\/www.instagram.com\/oprogresso_digital\"]},{\"@type\":\"Person\",\"@id\":\"https:\/\/progresso.com.br\/#\/schema\/person\/471791cc575a7e23811d1070fa9d20ee\",\"name\":\"Rog\u00e9rio Vidmantas\",\"image\":{\"@type\":\"ImageObject\",\"inLanguage\":\"pt-BR\",\"@id\":\"https:\/\/progresso.com.br\/#\/schema\/person\/image\/\",\"url\":\"https:\/\/secure.gravatar.com\/avatar\/10a86aae4992f407879fa7e12fb476cdff79509ad9ec42967d62b4fbcee7c57b?s=96&d=mm&r=g\",\"contentUrl\":\"https:\/\/secure.gravatar.com\/avatar\/10a86aae4992f407879fa7e12fb476cdff79509ad9ec42967d62b4fbcee7c57b?s=96&d=mm&r=g\",\"caption\":\"Rog\u00e9rio Vidmantas\"},\"url\":\"https:\/\/progresso.com.br\/index.php\/author\/vidmantas\/\"}]}<\/script>\n<!-- \/ Yoast SEO plugin. -->","yoast_head_json":{"title":"Pesquisa aponta Simone Tebet liderando disputa pelo Senado em SP - O PROGRESSO","robots":{"index":"index","follow":"follow","max-snippet":"max-snippet:-1","max-image-preview":"max-image-preview:large","max-video-preview":"max-video-preview:-1"},"canonical":"https:\/\/progresso.com.br\/index.php\/2026\/03\/31\/pesquisa-aponta-simone-tebet-liderando-disputa-pelo-senado-em-sp\/","og_locale":"pt_BR","og_type":"article","og_title":"Pesquisa aponta Simone Tebet liderando disputa pelo Senado em SP - O PROGRESSO","og_description":"Ministra do Planejamento, rec\u00e9m filiada ao PSB, est\u00e1 numericamente na frente de Guilherme Derrite e Marina Silva Rog\u00e9rio Vidmantas A primeira pesquisa ap\u00f3s trocar oficialmente de partido e de domic\u00edlio eleitoral coloca a ministra do Planejamento e Or\u00e7amento, Simone Tebet (PSB), como favorita a conquistar uma das duas vagas no Senado Federal pelo estado de [&hellip;]","og_url":"https:\/\/progresso.com.br\/index.php\/2026\/03\/31\/pesquisa-aponta-simone-tebet-liderando-disputa-pelo-senado-em-sp\/","og_site_name":"O PROGRESSO","article_publisher":"https:\/\/www.facebook.com\/share\/1CeoksKBj6\/","article_published_time":"2026-03-31T13:00:52+00:00","og_image":[{"width":1046,"height":697,"url":"https:\/\/progresso.com.br\/wp-content\/uploads\/2026\/03\/Simone-Tebet.jpeg","type":"image\/jpeg"}],"author":"Rog\u00e9rio Vidmantas","twitter_card":"summary_large_image","twitter_misc":{"Escrito por":"Rog\u00e9rio Vidmantas","Est. tempo de leitura":"3 minutos"},"schema":{"@context":"https:\/\/schema.org","@graph":[{"@type":"Article","@id":"https:\/\/progresso.com.br\/index.php\/2026\/03\/31\/pesquisa-aponta-simone-tebet-liderando-disputa-pelo-senado-em-sp\/#article","isPartOf":{"@id":"https:\/\/progresso.com.br\/index.php\/2026\/03\/31\/pesquisa-aponta-simone-tebet-liderando-disputa-pelo-senado-em-sp\/"},"author":{"name":"Rog\u00e9rio Vidmantas","@id":"https:\/\/progresso.com.br\/#\/schema\/person\/471791cc575a7e23811d1070fa9d20ee"},"headline":"Pesquisa aponta Simone Tebet liderando disputa pelo Senado em SP","datePublished":"2026-03-31T13:00:52+00:00","mainEntityOfPage":{"@id":"https:\/\/progresso.com.br\/index.php\/2026\/03\/31\/pesquisa-aponta-simone-tebet-liderando-disputa-pelo-senado-em-sp\/"},"wordCount":318,"commentCount":0,"publisher":{"@id":"https:\/\/progresso.com.br\/#organization"},"image":{"@id":"https:\/\/progresso.com.br\/index.php\/2026\/03\/31\/pesquisa-aponta-simone-tebet-liderando-disputa-pelo-senado-em-sp\/#primaryimage"},"thumbnailUrl":"https:\/\/progresso.com.br\/wp-content\/uploads\/2026\/03\/Simone-Tebet.jpeg","articleSection":["Em destaque","Pol\u00edtica"],"inLanguage":"pt-BR","potentialAction":[{"@type":"CommentAction","name":"Comment","target":["https:\/\/progresso.com.br\/index.php\/2026\/03\/31\/pesquisa-aponta-simone-tebet-liderando-disputa-pelo-senado-em-sp\/#respond"]}]},{"@type":"WebPage","@id":"https:\/\/progresso.com.br\/index.php\/2026\/03\/31\/pesquisa-aponta-simone-tebet-liderando-disputa-pelo-senado-em-sp\/","url":"https:\/\/progresso.com.br\/index.php\/2026\/03\/31\/pesquisa-aponta-simone-tebet-liderando-disputa-pelo-senado-em-sp\/","name":"Pesquisa aponta Simone Tebet liderando disputa pelo Senado em SP - O PROGRESSO","isPartOf":{"@id":"https:\/\/progresso.com.br\/#website"},"primaryImageOfPage":{"@id":"https:\/\/progresso.com.br\/index.php\/2026\/03\/31\/pesquisa-aponta-simone-tebet-liderando-disputa-pelo-senado-em-sp\/#primaryimage"},"image":{"@id":"https:\/\/progresso.com.br\/index.php\/2026\/03\/31\/pesquisa-aponta-simone-tebet-liderando-disputa-pelo-senado-em-sp\/#primaryimage"},"thumbnailUrl":"https:\/\/progresso.com.br\/wp-content\/uploads\/2026\/03\/Simone-Tebet.jpeg","datePublished":"2026-03-31T13:00:52+00:00","breadcrumb":{"@id":"https:\/\/progresso.com.br\/index.php\/2026\/03\/31\/pesquisa-aponta-simone-tebet-liderando-disputa-pelo-senado-em-sp\/#breadcrumb"},"inLanguage":"pt-BR","potentialAction":[{"@type":"ReadAction","target":["https:\/\/progresso.com.br\/index.php\/2026\/03\/31\/pesquisa-aponta-simone-tebet-liderando-disputa-pelo-senado-em-sp\/"]}]},{"@type":"ImageObject","inLanguage":"pt-BR","@id":"https:\/\/progresso.com.br\/index.php\/2026\/03\/31\/pesquisa-aponta-simone-tebet-liderando-disputa-pelo-senado-em-sp\/#primaryimage","url":"https:\/\/progresso.com.br\/wp-content\/uploads\/2026\/03\/Simone-Tebet.jpeg","contentUrl":"https:\/\/progresso.com.br\/wp-content\/uploads\/2026\/03\/Simone-Tebet.jpeg","width":1046,"height":697,"caption":"Simone Tebet, ministra do Planejamento e Or\u00e7amento (Foto: @ashlleymelo)"},{"@type":"BreadcrumbList","@id":"https:\/\/progresso.com.br\/index.php\/2026\/03\/31\/pesquisa-aponta-simone-tebet-liderando-disputa-pelo-senado-em-sp\/#breadcrumb","itemListElement":[{"@type":"ListItem","position":1,"name":"In\u00edcio","item":"https:\/\/progresso.com.br\/"},{"@type":"ListItem","position":2,"name":"Pesquisa aponta Simone Tebet liderando disputa pelo Senado em SP"}]},{"@type":"WebSite","@id":"https:\/\/progresso.com.br\/#website","url":"https:\/\/progresso.com.br\/","name":"O PROGRESSO","description":"","publisher":{"@id":"https:\/\/progresso.com.br\/#organization"},"potentialAction":[{"@type":"SearchAction","target":{"@type":"EntryPoint","urlTemplate":"https:\/\/progresso.com.br\/?s={search_term_string}"},"query-input":{"@type":"PropertyValueSpecification","valueRequired":true,"valueName":"search_term_string"}}],"inLanguage":"pt-BR"},{"@type":"Organization","@id":"https:\/\/progresso.com.br\/#organization","name":"O PROGRESSO","url":"https:\/\/progresso.com.br\/","logo":{"@type":"ImageObject","inLanguage":"pt-BR","@id":"https:\/\/progresso.com.br\/#\/schema\/logo\/image\/","url":"https:\/\/progresso.com.br\/wp-content\/uploads\/2026\/03\/logo_proog.jpg","contentUrl":"https:\/\/progresso.com.br\/wp-content\/uploads\/2026\/03\/logo_proog.jpg","width":1960,"height":1080,"caption":"O PROGRESSO"},"image":{"@id":"https:\/\/progresso.com.br\/#\/schema\/logo\/image\/"},"sameAs":["https:\/\/www.facebook.com\/share\/1CeoksKBj6\/","https:\/\/www.instagram.com\/oprogresso_digital"]},{"@type":"Person","@id":"https:\/\/progresso.com.br\/#\/schema\/person\/471791cc575a7e23811d1070fa9d20ee","name":"Rog\u00e9rio Vidmantas","image":{"@type":"ImageObject","inLanguage":"pt-BR","@id":"https:\/\/progresso.com.br\/#\/schema\/person\/image\/","url":"https:\/\/secure.gravatar.com\/avatar\/10a86aae4992f407879fa7e12fb476cdff79509ad9ec42967d62b4fbcee7c57b?s=96&d=mm&r=g","contentUrl":"https:\/\/secure.gravatar.com\/avatar\/10a86aae4992f407879fa7e12fb476cdff79509ad9ec42967d62b4fbcee7c57b?s=96&d=mm&r=g","caption":"Rog\u00e9rio Vidmantas"},"url":"https:\/\/progresso.com.br\/index.php\/author\/vidmantas\/"}]}},"_links":{"self":[{"href":"https:\/\/progresso.com.br\/index.php\/wp-json\/wp\/v2\/posts\/2519","targetHints":{"allow":["GET"]}}],"collection":[{"href":"https:\/\/progresso.com.br\/index.php\/wp-json\/wp\/v2\/posts"}],"about":[{"href":"https:\/\/progresso.com.br\/index.php\/wp-json\/wp\/v2\/types\/post"}],"author":[{"embeddable":true,"href":"https:\/\/progresso.com.br\/index.php\/wp-json\/wp\/v2\/users\/5"}],"replies":[{"embeddable":true,"href":"https:\/\/progresso.com.br\/index.php\/wp-json\/wp\/v2\/comments?post=2519"}],"version-history":[{"count":1,"href":"https:\/\/progresso.com.br\/index.php\/wp-json\/wp\/v2\/posts\/2519\/revisions"}],"predecessor-version":[{"id":2528,"href":"https:\/\/progresso.com.br\/index.php\/wp-json\/wp\/v2\/posts\/2519\/revisions\/2528"}],"wp:featuredmedia":[{"embeddable":true,"href":"https:\/\/progresso.com.br\/index.php\/wp-json\/wp\/v2\/media\/2527"}],"wp:attachment":[{"href":"https:\/\/progresso.com.br\/index.php\/wp-json\/wp\/v2\/media?parent=2519"}],"wp:term":[{"taxonomy":"category","embeddable":true,"href":"https:\/\/progresso.com.br\/index.php\/wp-json\/wp\/v2\/categories?post=2519"},{"taxonomy":"post_tag","embeddable":true,"href":"https:\/\/progresso.com.br\/index.php\/wp-json\/wp\/v2\/tags?post=2519"}],"curies":[{"name":"wp","href":"https:\/\/api.w.org\/{rel}","templated":true}]}}