{"id":255,"date":"2026-01-23T17:17:02","date_gmt":"2026-01-23T20:17:02","guid":{"rendered":"https:\/\/10nl.com.br\/?p=255"},"modified":"2026-01-23T17:27:17","modified_gmt":"2026-01-23T20:27:17","slug":"safra-25-26-colheita-da-soja-e-iniciada-em-mato-grosso-do-sul","status":"publish","type":"post","link":"https:\/\/progresso.com.br\/index.php\/2026\/01\/23\/safra-25-26-colheita-da-soja-e-iniciada-em-mato-grosso-do-sul\/","title":{"rendered":"Safra 25\/26: colheita da soja \u00e9 iniciada em Mato Grosso do Sul"},"content":{"rendered":"\n<p>A colheita da soja da safra 2025\/26 come\u00e7ou na terceira semana de janeiro, em Mato Grosso do Sul. Os dados do projeto SIGA-MS, desenvolvido pela Aprosoja\/MS, apontam que foram colhidos cerca de 480 hectares, em munic\u00edpios das regi\u00f5es Sul e Centro.<\/p>\n\n\n\n<p>Em compara\u00e7\u00e3o com a safra anterior, os trabalhos de colheita apresentam atraso de aproximadamente uma semana. De acordo com a an\u00e1lise, a diferen\u00e7a no calend\u00e1rio est\u00e1 relacionada \u00e0 aus\u00eancia de estresses clim\u00e1ticos severos ao longo do ciclo da cultura, o que possibilitou o desenvolvimento normal das lavouras, sem a antecipa\u00e7\u00e3o do ciclo registrada na safra passada.<\/p>\n\n\n\n<p>O assessor t\u00e9cnico da Aprosoja\/MS, Flavio Aguena afirma que a opera\u00e7\u00e3o deve ganhar for\u00e7a nas pr\u00f3ximas semanas. &#8220;\u00c0 medida que mais lavouras das regi\u00f5es Sul, Centro e Norte atingirem a matura\u00e7\u00e3o, a expectativa \u00e9 de um avan\u00e7o significativo no percentual da \u00e1rea colhida. Historicamente, Mato Grosso do Sul registra o pico da colheita entre o in\u00edcio de fevereiro e a primeira quinzena de mar\u00e7o, com a conclus\u00e3o dos trabalhos prevista para o m\u00eas de maio.\u201d<\/p>\n\n\n\n<p>A equipe t\u00e9cnica da Aprosoja\/MS permanece em campo, acompanhando o desenvolvimento das lavouras e realizando o levantamento de dados de produtividade. Para saber mais detalhes das lavouras de soja, acesse o&nbsp;<strong><u><a href=\"https:\/\/aprosojams.org.br\/informativo-siga-ms-2026\">boletim completo<\/a><\/u><\/strong>.&nbsp;<\/p>\n\n\n\n<p><\/p>\n","protected":false},"excerpt":{"rendered":"<p>A colheita da soja da safra 2025\/26 come\u00e7ou na terceira semana de janeiro, em Mato Grosso do Sul. Os dados do projeto SIGA-MS, desenvolvido pela Aprosoja\/MS, apontam que foram colhidos cerca de 480 hectares, em munic\u00edpios das regi\u00f5es Sul e Centro. Em compara\u00e7\u00e3o com a safra anterior, os trabalhos de colheita apresentam atraso de aproximadamente [&hellip;]<\/p>\n","protected":false},"author":1,"featured_media":257,"comment_status":"open","ping_status":"open","sticky":false,"template":"","format":"standard","meta":{"footnotes":""},"categories":[2],"tags":[],"class_list":["post-255","post","type-post","status-publish","format-standard","has-post-thumbnail","hentry","category-destaque"],"yoast_head":"<!-- This site is optimized with the Yoast SEO plugin v27.1.1 - https:\/\/yoast.com\/product\/yoast-seo-wordpress\/ -->\n<title>Safra 25\/26: colheita da soja \u00e9 iniciada em Mato Grosso do Sul - O PROGRESSO<\/title>\n<meta name=\"robots\" content=\"index, follow, max-snippet:-1, max-image-preview:large, max-video-preview:-1\" \/>\n<link rel=\"canonical\" href=\"https:\/\/progresso.com.br\/index.php\/2026\/01\/23\/safra-25-26-colheita-da-soja-e-iniciada-em-mato-grosso-do-sul\/\" \/>\n<meta property=\"og:locale\" content=\"pt_BR\" \/>\n<meta property=\"og:type\" content=\"article\" \/>\n<meta property=\"og:title\" content=\"Safra 25\/26: colheita da soja \u00e9 iniciada em Mato Grosso do Sul - O PROGRESSO\" \/>\n<meta property=\"og:description\" content=\"A colheita da soja da safra 2025\/26 come\u00e7ou na terceira semana de janeiro, em Mato Grosso do Sul. Os dados do projeto SIGA-MS, desenvolvido pela Aprosoja\/MS, apontam que foram colhidos cerca de 480 hectares, em munic\u00edpios das regi\u00f5es Sul e Centro. Em compara\u00e7\u00e3o com a safra anterior, os trabalhos de colheita apresentam atraso de aproximadamente [&hellip;]\" \/>\n<meta property=\"og:url\" content=\"https:\/\/progresso.com.br\/index.php\/2026\/01\/23\/safra-25-26-colheita-da-soja-e-iniciada-em-mato-grosso-do-sul\/\" \/>\n<meta property=\"og:site_name\" content=\"O PROGRESSO\" \/>\n<meta property=\"article:publisher\" content=\"https:\/\/www.facebook.com\/share\/1CeoksKBj6\/\" \/>\n<meta property=\"article:published_time\" content=\"2026-01-23T20:17:02+00:00\" \/>\n<meta property=\"article:modified_time\" content=\"2026-01-23T20:27:17+00:00\" \/>\n<meta property=\"og:image\" content=\"https:\/\/progresso.com.br\/wp-content\/uploads\/2026\/01\/whatsapp-image-2026-01-22-at-091315-01.jpeg\" \/>\n\t<meta property=\"og:image:width\" content=\"780\" \/>\n\t<meta property=\"og:image:height\" content=\"536\" \/>\n\t<meta property=\"og:image:type\" content=\"image\/jpeg\" \/>\n<meta name=\"author\" content=\"administrador\" \/>\n<meta name=\"twitter:card\" content=\"summary_large_image\" \/>\n<meta name=\"twitter:label1\" content=\"Escrito por\" \/>\n\t<meta name=\"twitter:data1\" content=\"administrador\" \/>\n\t<meta name=\"twitter:label2\" content=\"Est. tempo de leitura\" \/>\n\t<meta name=\"twitter:data2\" content=\"1 minuto\" \/>\n<script type=\"application\/ld+json\" class=\"yoast-schema-graph\">{\"@context\":\"https:\/\/schema.org\",\"@graph\":[{\"@type\":\"Article\",\"@id\":\"https:\/\/progresso.com.br\/index.php\/2026\/01\/23\/safra-25-26-colheita-da-soja-e-iniciada-em-mato-grosso-do-sul\/#article\",\"isPartOf\":{\"@id\":\"https:\/\/progresso.com.br\/index.php\/2026\/01\/23\/safra-25-26-colheita-da-soja-e-iniciada-em-mato-grosso-do-sul\/\"},\"author\":{\"name\":\"administrador\",\"@id\":\"https:\/\/progresso.com.br\/#\/schema\/person\/fd23938b8bced7080c5ea2cd49270002\"},\"headline\":\"Safra 25\/26: colheita da soja \u00e9 iniciada em Mato Grosso do Sul\",\"datePublished\":\"2026-01-23T20:17:02+00:00\",\"dateModified\":\"2026-01-23T20:27:17+00:00\",\"mainEntityOfPage\":{\"@id\":\"https:\/\/progresso.com.br\/index.php\/2026\/01\/23\/safra-25-26-colheita-da-soja-e-iniciada-em-mato-grosso-do-sul\/\"},\"wordCount\":237,\"commentCount\":0,\"publisher\":{\"@id\":\"https:\/\/progresso.com.br\/#organization\"},\"image\":{\"@id\":\"https:\/\/progresso.com.br\/index.php\/2026\/01\/23\/safra-25-26-colheita-da-soja-e-iniciada-em-mato-grosso-do-sul\/#primaryimage\"},\"thumbnailUrl\":\"https:\/\/progresso.com.br\/wp-content\/uploads\/2026\/01\/whatsapp-image-2026-01-22-at-091315-01.jpeg\",\"articleSection\":[\"Em destaque\"],\"inLanguage\":\"pt-BR\",\"potentialAction\":[{\"@type\":\"CommentAction\",\"name\":\"Comment\",\"target\":[\"https:\/\/progresso.com.br\/index.php\/2026\/01\/23\/safra-25-26-colheita-da-soja-e-iniciada-em-mato-grosso-do-sul\/#respond\"]}]},{\"@type\":\"WebPage\",\"@id\":\"https:\/\/progresso.com.br\/index.php\/2026\/01\/23\/safra-25-26-colheita-da-soja-e-iniciada-em-mato-grosso-do-sul\/\",\"url\":\"https:\/\/progresso.com.br\/index.php\/2026\/01\/23\/safra-25-26-colheita-da-soja-e-iniciada-em-mato-grosso-do-sul\/\",\"name\":\"Safra 25\/26: colheita da soja \u00e9 iniciada em Mato Grosso do Sul - O PROGRESSO\",\"isPartOf\":{\"@id\":\"https:\/\/progresso.com.br\/#website\"},\"primaryImageOfPage\":{\"@id\":\"https:\/\/progresso.com.br\/index.php\/2026\/01\/23\/safra-25-26-colheita-da-soja-e-iniciada-em-mato-grosso-do-sul\/#primaryimage\"},\"image\":{\"@id\":\"https:\/\/progresso.com.br\/index.php\/2026\/01\/23\/safra-25-26-colheita-da-soja-e-iniciada-em-mato-grosso-do-sul\/#primaryimage\"},\"thumbnailUrl\":\"https:\/\/progresso.com.br\/wp-content\/uploads\/2026\/01\/whatsapp-image-2026-01-22-at-091315-01.jpeg\",\"datePublished\":\"2026-01-23T20:17:02+00:00\",\"dateModified\":\"2026-01-23T20:27:17+00:00\",\"breadcrumb\":{\"@id\":\"https:\/\/progresso.com.br\/index.php\/2026\/01\/23\/safra-25-26-colheita-da-soja-e-iniciada-em-mato-grosso-do-sul\/#breadcrumb\"},\"inLanguage\":\"pt-BR\",\"potentialAction\":[{\"@type\":\"ReadAction\",\"target\":[\"https:\/\/progresso.com.br\/index.php\/2026\/01\/23\/safra-25-26-colheita-da-soja-e-iniciada-em-mato-grosso-do-sul\/\"]}]},{\"@type\":\"ImageObject\",\"inLanguage\":\"pt-BR\",\"@id\":\"https:\/\/progresso.com.br\/index.php\/2026\/01\/23\/safra-25-26-colheita-da-soja-e-iniciada-em-mato-grosso-do-sul\/#primaryimage\",\"url\":\"https:\/\/progresso.com.br\/wp-content\/uploads\/2026\/01\/whatsapp-image-2026-01-22-at-091315-01.jpeg\",\"contentUrl\":\"https:\/\/progresso.com.br\/wp-content\/uploads\/2026\/01\/whatsapp-image-2026-01-22-at-091315-01.jpeg\",\"width\":780,\"height\":536},{\"@type\":\"BreadcrumbList\",\"@id\":\"https:\/\/progresso.com.br\/index.php\/2026\/01\/23\/safra-25-26-colheita-da-soja-e-iniciada-em-mato-grosso-do-sul\/#breadcrumb\",\"itemListElement\":[{\"@type\":\"ListItem\",\"position\":1,\"name\":\"In\u00edcio\",\"item\":\"https:\/\/progresso.com.br\/\"},{\"@type\":\"ListItem\",\"position\":2,\"name\":\"Safra 25\/26: colheita da soja \u00e9 iniciada em Mato Grosso do Sul\"}]},{\"@type\":\"WebSite\",\"@id\":\"https:\/\/progresso.com.br\/#website\",\"url\":\"https:\/\/progresso.com.br\/\",\"name\":\"O PROGRESSO\",\"description\":\"\",\"publisher\":{\"@id\":\"https:\/\/progresso.com.br\/#organization\"},\"potentialAction\":[{\"@type\":\"SearchAction\",\"target\":{\"@type\":\"EntryPoint\",\"urlTemplate\":\"https:\/\/progresso.com.br\/?s={search_term_string}\"},\"query-input\":{\"@type\":\"PropertyValueSpecification\",\"valueRequired\":true,\"valueName\":\"search_term_string\"}}],\"inLanguage\":\"pt-BR\"},{\"@type\":\"Organization\",\"@id\":\"https:\/\/progresso.com.br\/#organization\",\"name\":\"O PROGRESSO\",\"url\":\"https:\/\/progresso.com.br\/\",\"logo\":{\"@type\":\"ImageObject\",\"inLanguage\":\"pt-BR\",\"@id\":\"https:\/\/progresso.com.br\/#\/schema\/logo\/image\/\",\"url\":\"https:\/\/progresso.com.br\/wp-content\/uploads\/2026\/03\/logo_proog.jpg\",\"contentUrl\":\"https:\/\/progresso.com.br\/wp-content\/uploads\/2026\/03\/logo_proog.jpg\",\"width\":1960,\"height\":1080,\"caption\":\"O PROGRESSO\"},\"image\":{\"@id\":\"https:\/\/progresso.com.br\/#\/schema\/logo\/image\/\"},\"sameAs\":[\"https:\/\/www.facebook.com\/share\/1CeoksKBj6\/\",\"https:\/\/www.instagram.com\/oprogresso_digital\"]},{\"@type\":\"Person\",\"@id\":\"https:\/\/progresso.com.br\/#\/schema\/person\/fd23938b8bced7080c5ea2cd49270002\",\"name\":\"administrador\",\"image\":{\"@type\":\"ImageObject\",\"inLanguage\":\"pt-BR\",\"@id\":\"https:\/\/progresso.com.br\/#\/schema\/person\/image\/\",\"url\":\"https:\/\/secure.gravatar.com\/avatar\/261ce5c83fe0955c1af8fa96a6f0374b3c83eec808a4d5401121e54d944a904c?s=96&d=mm&r=g\",\"contentUrl\":\"https:\/\/secure.gravatar.com\/avatar\/261ce5c83fe0955c1af8fa96a6f0374b3c83eec808a4d5401121e54d944a904c?s=96&d=mm&r=g\",\"caption\":\"administrador\"},\"sameAs\":[\"http:\/\/56.125.194.108\"],\"url\":\"https:\/\/progresso.com.br\/index.php\/author\/administrador\/\"}]}<\/script>\n<!-- \/ Yoast SEO plugin. -->","yoast_head_json":{"title":"Safra 25\/26: colheita da soja \u00e9 iniciada em Mato Grosso do Sul - O PROGRESSO","robots":{"index":"index","follow":"follow","max-snippet":"max-snippet:-1","max-image-preview":"max-image-preview:large","max-video-preview":"max-video-preview:-1"},"canonical":"https:\/\/progresso.com.br\/index.php\/2026\/01\/23\/safra-25-26-colheita-da-soja-e-iniciada-em-mato-grosso-do-sul\/","og_locale":"pt_BR","og_type":"article","og_title":"Safra 25\/26: colheita da soja \u00e9 iniciada em Mato Grosso do Sul - O PROGRESSO","og_description":"A colheita da soja da safra 2025\/26 come\u00e7ou na terceira semana de janeiro, em Mato Grosso do Sul. Os dados do projeto SIGA-MS, desenvolvido pela Aprosoja\/MS, apontam que foram colhidos cerca de 480 hectares, em munic\u00edpios das regi\u00f5es Sul e Centro. Em compara\u00e7\u00e3o com a safra anterior, os trabalhos de colheita apresentam atraso de aproximadamente [&hellip;]","og_url":"https:\/\/progresso.com.br\/index.php\/2026\/01\/23\/safra-25-26-colheita-da-soja-e-iniciada-em-mato-grosso-do-sul\/","og_site_name":"O PROGRESSO","article_publisher":"https:\/\/www.facebook.com\/share\/1CeoksKBj6\/","article_published_time":"2026-01-23T20:17:02+00:00","article_modified_time":"2026-01-23T20:27:17+00:00","og_image":[{"width":780,"height":536,"url":"https:\/\/progresso.com.br\/wp-content\/uploads\/2026\/01\/whatsapp-image-2026-01-22-at-091315-01.jpeg","type":"image\/jpeg"}],"author":"administrador","twitter_card":"summary_large_image","twitter_misc":{"Escrito por":"administrador","Est. tempo de leitura":"1 minuto"},"schema":{"@context":"https:\/\/schema.org","@graph":[{"@type":"Article","@id":"https:\/\/progresso.com.br\/index.php\/2026\/01\/23\/safra-25-26-colheita-da-soja-e-iniciada-em-mato-grosso-do-sul\/#article","isPartOf":{"@id":"https:\/\/progresso.com.br\/index.php\/2026\/01\/23\/safra-25-26-colheita-da-soja-e-iniciada-em-mato-grosso-do-sul\/"},"author":{"name":"administrador","@id":"https:\/\/progresso.com.br\/#\/schema\/person\/fd23938b8bced7080c5ea2cd49270002"},"headline":"Safra 25\/26: colheita da soja \u00e9 iniciada em Mato Grosso do Sul","datePublished":"2026-01-23T20:17:02+00:00","dateModified":"2026-01-23T20:27:17+00:00","mainEntityOfPage":{"@id":"https:\/\/progresso.com.br\/index.php\/2026\/01\/23\/safra-25-26-colheita-da-soja-e-iniciada-em-mato-grosso-do-sul\/"},"wordCount":237,"commentCount":0,"publisher":{"@id":"https:\/\/progresso.com.br\/#organization"},"image":{"@id":"https:\/\/progresso.com.br\/index.php\/2026\/01\/23\/safra-25-26-colheita-da-soja-e-iniciada-em-mato-grosso-do-sul\/#primaryimage"},"thumbnailUrl":"https:\/\/progresso.com.br\/wp-content\/uploads\/2026\/01\/whatsapp-image-2026-01-22-at-091315-01.jpeg","articleSection":["Em destaque"],"inLanguage":"pt-BR","potentialAction":[{"@type":"CommentAction","name":"Comment","target":["https:\/\/progresso.com.br\/index.php\/2026\/01\/23\/safra-25-26-colheita-da-soja-e-iniciada-em-mato-grosso-do-sul\/#respond"]}]},{"@type":"WebPage","@id":"https:\/\/progresso.com.br\/index.php\/2026\/01\/23\/safra-25-26-colheita-da-soja-e-iniciada-em-mato-grosso-do-sul\/","url":"https:\/\/progresso.com.br\/index.php\/2026\/01\/23\/safra-25-26-colheita-da-soja-e-iniciada-em-mato-grosso-do-sul\/","name":"Safra 25\/26: colheita da soja \u00e9 iniciada em Mato Grosso do Sul - O PROGRESSO","isPartOf":{"@id":"https:\/\/progresso.com.br\/#website"},"primaryImageOfPage":{"@id":"https:\/\/progresso.com.br\/index.php\/2026\/01\/23\/safra-25-26-colheita-da-soja-e-iniciada-em-mato-grosso-do-sul\/#primaryimage"},"image":{"@id":"https:\/\/progresso.com.br\/index.php\/2026\/01\/23\/safra-25-26-colheita-da-soja-e-iniciada-em-mato-grosso-do-sul\/#primaryimage"},"thumbnailUrl":"https:\/\/progresso.com.br\/wp-content\/uploads\/2026\/01\/whatsapp-image-2026-01-22-at-091315-01.jpeg","datePublished":"2026-01-23T20:17:02+00:00","dateModified":"2026-01-23T20:27:17+00:00","breadcrumb":{"@id":"https:\/\/progresso.com.br\/index.php\/2026\/01\/23\/safra-25-26-colheita-da-soja-e-iniciada-em-mato-grosso-do-sul\/#breadcrumb"},"inLanguage":"pt-BR","potentialAction":[{"@type":"ReadAction","target":["https:\/\/progresso.com.br\/index.php\/2026\/01\/23\/safra-25-26-colheita-da-soja-e-iniciada-em-mato-grosso-do-sul\/"]}]},{"@type":"ImageObject","inLanguage":"pt-BR","@id":"https:\/\/progresso.com.br\/index.php\/2026\/01\/23\/safra-25-26-colheita-da-soja-e-iniciada-em-mato-grosso-do-sul\/#primaryimage","url":"https:\/\/progresso.com.br\/wp-content\/uploads\/2026\/01\/whatsapp-image-2026-01-22-at-091315-01.jpeg","contentUrl":"https:\/\/progresso.com.br\/wp-content\/uploads\/2026\/01\/whatsapp-image-2026-01-22-at-091315-01.jpeg","width":780,"height":536},{"@type":"BreadcrumbList","@id":"https:\/\/progresso.com.br\/index.php\/2026\/01\/23\/safra-25-26-colheita-da-soja-e-iniciada-em-mato-grosso-do-sul\/#breadcrumb","itemListElement":[{"@type":"ListItem","position":1,"name":"In\u00edcio","item":"https:\/\/progresso.com.br\/"},{"@type":"ListItem","position":2,"name":"Safra 25\/26: colheita da soja \u00e9 iniciada em Mato Grosso do Sul"}]},{"@type":"WebSite","@id":"https:\/\/progresso.com.br\/#website","url":"https:\/\/progresso.com.br\/","name":"O PROGRESSO","description":"","publisher":{"@id":"https:\/\/progresso.com.br\/#organization"},"potentialAction":[{"@type":"SearchAction","target":{"@type":"EntryPoint","urlTemplate":"https:\/\/progresso.com.br\/?s={search_term_string}"},"query-input":{"@type":"PropertyValueSpecification","valueRequired":true,"valueName":"search_term_string"}}],"inLanguage":"pt-BR"},{"@type":"Organization","@id":"https:\/\/progresso.com.br\/#organization","name":"O PROGRESSO","url":"https:\/\/progresso.com.br\/","logo":{"@type":"ImageObject","inLanguage":"pt-BR","@id":"https:\/\/progresso.com.br\/#\/schema\/logo\/image\/","url":"https:\/\/progresso.com.br\/wp-content\/uploads\/2026\/03\/logo_proog.jpg","contentUrl":"https:\/\/progresso.com.br\/wp-content\/uploads\/2026\/03\/logo_proog.jpg","width":1960,"height":1080,"caption":"O PROGRESSO"},"image":{"@id":"https:\/\/progresso.com.br\/#\/schema\/logo\/image\/"},"sameAs":["https:\/\/www.facebook.com\/share\/1CeoksKBj6\/","https:\/\/www.instagram.com\/oprogresso_digital"]},{"@type":"Person","@id":"https:\/\/progresso.com.br\/#\/schema\/person\/fd23938b8bced7080c5ea2cd49270002","name":"administrador","image":{"@type":"ImageObject","inLanguage":"pt-BR","@id":"https:\/\/progresso.com.br\/#\/schema\/person\/image\/","url":"https:\/\/secure.gravatar.com\/avatar\/261ce5c83fe0955c1af8fa96a6f0374b3c83eec808a4d5401121e54d944a904c?s=96&d=mm&r=g","contentUrl":"https:\/\/secure.gravatar.com\/avatar\/261ce5c83fe0955c1af8fa96a6f0374b3c83eec808a4d5401121e54d944a904c?s=96&d=mm&r=g","caption":"administrador"},"sameAs":["http:\/\/56.125.194.108"],"url":"https:\/\/progresso.com.br\/index.php\/author\/administrador\/"}]}},"_links":{"self":[{"href":"https:\/\/progresso.com.br\/index.php\/wp-json\/wp\/v2\/posts\/255","targetHints":{"allow":["GET"]}}],"collection":[{"href":"https:\/\/progresso.com.br\/index.php\/wp-json\/wp\/v2\/posts"}],"about":[{"href":"https:\/\/progresso.com.br\/index.php\/wp-json\/wp\/v2\/types\/post"}],"author":[{"embeddable":true,"href":"https:\/\/progresso.com.br\/index.php\/wp-json\/wp\/v2\/users\/1"}],"replies":[{"embeddable":true,"href":"https:\/\/progresso.com.br\/index.php\/wp-json\/wp\/v2\/comments?post=255"}],"version-history":[{"count":2,"href":"https:\/\/progresso.com.br\/index.php\/wp-json\/wp\/v2\/posts\/255\/revisions"}],"predecessor-version":[{"id":259,"href":"https:\/\/progresso.com.br\/index.php\/wp-json\/wp\/v2\/posts\/255\/revisions\/259"}],"wp:featuredmedia":[{"embeddable":true,"href":"https:\/\/progresso.com.br\/index.php\/wp-json\/wp\/v2\/media\/257"}],"wp:attachment":[{"href":"https:\/\/progresso.com.br\/index.php\/wp-json\/wp\/v2\/media?parent=255"}],"wp:term":[{"taxonomy":"category","embeddable":true,"href":"https:\/\/progresso.com.br\/index.php\/wp-json\/wp\/v2\/categories?post=255"},{"taxonomy":"post_tag","embeddable":true,"href":"https:\/\/progresso.com.br\/index.php\/wp-json\/wp\/v2\/tags?post=255"}],"curies":[{"name":"wp","href":"https:\/\/api.w.org\/{rel}","templated":true}]}}