{"id":260,"date":"2026-01-23T17:49:07","date_gmt":"2026-01-23T20:49:07","guid":{"rendered":"https:\/\/10nl.com.br\/?p=260"},"modified":"2026-01-23T17:49:07","modified_gmt":"2026-01-23T20:49:07","slug":"lula-e-convidado-para-forum-economico-internacional-da-al-e-caribe","status":"publish","type":"post","link":"https:\/\/progresso.com.br\/index.php\/2026\/01\/23\/lula-e-convidado-para-forum-economico-internacional-da-al-e-caribe\/","title":{"rendered":"Lula \u00e9 convidado para F\u00f3rum Econ\u00f4mico Internacional da AL e Caribe"},"content":{"rendered":"\n<p>O presidente Luiz In\u00e1cio Lula da Silva viajar\u00e1, entre os dias 27 e 28 de janeiro ao Panam\u00e1, onde participar\u00e1, como convidado especial, do F\u00f3rum Econ\u00f4mico Internacional da Am\u00e9rica Latina e Caribe, que seguir\u00e1 at\u00e9 o dia 30.<img decoding=\"async\" src=\"https:\/\/agenciabrasil.ebc.com.br\/ebc.png?id=1675861&amp;o=node\"><img decoding=\"async\" src=\"https:\/\/agenciabrasil.ebc.com.br\/ebc.gif?id=1675861&amp;o=node\"><\/p>\n\n\n\n<p>Os detalhes da viagem foram apresentados nesta sexta-feira (23) pela secret\u00e1ria de Am\u00e9rica Latina e Caribe, Gisela Padovan, no Itamaraty.<\/p>\n\n\n\n<p>De acordo com a agenda presidencial, Lula chegar\u00e1 na ter\u00e7a-feira, dia 27, provavelmente ao final da tarde.&nbsp;<strong>Na quarta-feira, participar\u00e1 da abertura do f\u00f3rum com outros presidentes. Por ser convidado de honra, ele ser\u00e1 o segundo a discursar no f\u00f3rum, ap\u00f3s o presidente do pa\u00eds anfitri\u00e3o, Jos\u00e9 Ra\u00fal Mulino.<\/strong><\/p>\n\n\n\n<p>Por enquanto, a previs\u00e3o \u00e9 que Lula far\u00e1 apenas um pronunciamento, durante o f\u00f3rum.<\/p>\n\n\n\n<p>Ainda na quarta-feira, Lula se deslocar\u00e1 at\u00e9 uma das eclusas do Canal do Panam\u00e1, para a foto oficial do evento. Depois, segundo a programa\u00e7\u00e3o, ele seguir\u00e1 at\u00e9 o pal\u00e1cio presidencial, para uma prov\u00e1vel reuni\u00e3o bilateral com o presidente Mulino \u2013 a reuni\u00e3o ainda n\u00e3o foi confirmada pelo Itamaraty.<br><br><strong>Na sequ\u00eancia, Lula participar\u00e1 de almo\u00e7o com outros chefes de Estado, devendo voltar ao Brasil a partir do meio da tarde de quarta-feira, dia 28.<\/strong><\/p>\n","protected":false},"excerpt":{"rendered":"<p>O presidente Luiz In\u00e1cio Lula da Silva viajar\u00e1, entre os dias 27 e 28 de janeiro ao Panam\u00e1, onde participar\u00e1, como convidado especial, do F\u00f3rum Econ\u00f4mico Internacional da Am\u00e9rica Latina e Caribe, que seguir\u00e1 at\u00e9 o dia 30. Os detalhes da viagem foram apresentados nesta sexta-feira (23) pela secret\u00e1ria de Am\u00e9rica Latina e Caribe, Gisela [&hellip;]<\/p>\n","protected":false},"author":2,"featured_media":262,"comment_status":"open","ping_status":"open","sticky":false,"template":"","format":"standard","meta":{"footnotes":""},"categories":[1],"tags":[],"class_list":["post-260","post","type-post","status-publish","format-standard","has-post-thumbnail","hentry","category-sem-categoria"],"yoast_head":"<!-- This site is optimized with the Yoast SEO plugin v27.1.1 - https:\/\/yoast.com\/product\/yoast-seo-wordpress\/ -->\n<title>Lula \u00e9 convidado para F\u00f3rum Econ\u00f4mico Internacional da AL e Caribe - O PROGRESSO<\/title>\n<meta name=\"robots\" content=\"index, follow, max-snippet:-1, max-image-preview:large, max-video-preview:-1\" \/>\n<link rel=\"canonical\" href=\"https:\/\/progresso.com.br\/index.php\/2026\/01\/23\/lula-e-convidado-para-forum-economico-internacional-da-al-e-caribe\/\" \/>\n<meta property=\"og:locale\" content=\"pt_BR\" \/>\n<meta property=\"og:type\" content=\"article\" \/>\n<meta property=\"og:title\" content=\"Lula \u00e9 convidado para F\u00f3rum Econ\u00f4mico Internacional da AL e Caribe - O PROGRESSO\" \/>\n<meta property=\"og:description\" content=\"O presidente Luiz In\u00e1cio Lula da Silva viajar\u00e1, entre os dias 27 e 28 de janeiro ao Panam\u00e1, onde participar\u00e1, como convidado especial, do F\u00f3rum Econ\u00f4mico Internacional da Am\u00e9rica Latina e Caribe, que seguir\u00e1 at\u00e9 o dia 30. Os detalhes da viagem foram apresentados nesta sexta-feira (23) pela secret\u00e1ria de Am\u00e9rica Latina e Caribe, Gisela [&hellip;]\" \/>\n<meta property=\"og:url\" content=\"https:\/\/progresso.com.br\/index.php\/2026\/01\/23\/lula-e-convidado-para-forum-economico-internacional-da-al-e-caribe\/\" \/>\n<meta property=\"og:site_name\" content=\"O PROGRESSO\" \/>\n<meta property=\"article:publisher\" content=\"https:\/\/www.facebook.com\/share\/1CeoksKBj6\/\" \/>\n<meta property=\"article:published_time\" content=\"2026-01-23T20:49:07+00:00\" \/>\n<meta property=\"og:image\" content=\"https:\/\/progresso.com.br\/wp-content\/uploads\/2026\/01\/54770136894_59403684a2_o1.jpg\" \/>\n\t<meta property=\"og:image:width\" content=\"1170\" \/>\n\t<meta property=\"og:image:height\" content=\"700\" \/>\n\t<meta property=\"og:image:type\" content=\"image\/jpeg\" \/>\n<meta name=\"author\" content=\"Rose\" \/>\n<meta name=\"twitter:card\" content=\"summary_large_image\" \/>\n<meta name=\"twitter:label1\" content=\"Escrito por\" \/>\n\t<meta name=\"twitter:data1\" content=\"Rose\" \/>\n\t<meta name=\"twitter:label2\" content=\"Est. tempo de leitura\" \/>\n\t<meta name=\"twitter:data2\" content=\"1 minuto\" \/>\n<script type=\"application\/ld+json\" class=\"yoast-schema-graph\">{\"@context\":\"https:\/\/schema.org\",\"@graph\":[{\"@type\":\"Article\",\"@id\":\"https:\/\/progresso.com.br\/index.php\/2026\/01\/23\/lula-e-convidado-para-forum-economico-internacional-da-al-e-caribe\/#article\",\"isPartOf\":{\"@id\":\"https:\/\/progresso.com.br\/index.php\/2026\/01\/23\/lula-e-convidado-para-forum-economico-internacional-da-al-e-caribe\/\"},\"author\":{\"name\":\"Rose\",\"@id\":\"https:\/\/progresso.com.br\/#\/schema\/person\/5dd27138d4463fbbaace62120bfc002b\"},\"headline\":\"Lula \u00e9 convidado para F\u00f3rum Econ\u00f4mico Internacional da AL e Caribe\",\"datePublished\":\"2026-01-23T20:49:07+00:00\",\"mainEntityOfPage\":{\"@id\":\"https:\/\/progresso.com.br\/index.php\/2026\/01\/23\/lula-e-convidado-para-forum-economico-internacional-da-al-e-caribe\/\"},\"wordCount\":222,\"commentCount\":0,\"publisher\":{\"@id\":\"https:\/\/progresso.com.br\/#organization\"},\"image\":{\"@id\":\"https:\/\/progresso.com.br\/index.php\/2026\/01\/23\/lula-e-convidado-para-forum-economico-internacional-da-al-e-caribe\/#primaryimage\"},\"thumbnailUrl\":\"https:\/\/progresso.com.br\/wp-content\/uploads\/2026\/01\/54770136894_59403684a2_o1.jpg\",\"inLanguage\":\"pt-BR\",\"potentialAction\":[{\"@type\":\"CommentAction\",\"name\":\"Comment\",\"target\":[\"https:\/\/progresso.com.br\/index.php\/2026\/01\/23\/lula-e-convidado-para-forum-economico-internacional-da-al-e-caribe\/#respond\"]}]},{\"@type\":\"WebPage\",\"@id\":\"https:\/\/progresso.com.br\/index.php\/2026\/01\/23\/lula-e-convidado-para-forum-economico-internacional-da-al-e-caribe\/\",\"url\":\"https:\/\/progresso.com.br\/index.php\/2026\/01\/23\/lula-e-convidado-para-forum-economico-internacional-da-al-e-caribe\/\",\"name\":\"Lula \u00e9 convidado para F\u00f3rum Econ\u00f4mico Internacional da AL e Caribe - O PROGRESSO\",\"isPartOf\":{\"@id\":\"https:\/\/progresso.com.br\/#website\"},\"primaryImageOfPage\":{\"@id\":\"https:\/\/progresso.com.br\/index.php\/2026\/01\/23\/lula-e-convidado-para-forum-economico-internacional-da-al-e-caribe\/#primaryimage\"},\"image\":{\"@id\":\"https:\/\/progresso.com.br\/index.php\/2026\/01\/23\/lula-e-convidado-para-forum-economico-internacional-da-al-e-caribe\/#primaryimage\"},\"thumbnailUrl\":\"https:\/\/progresso.com.br\/wp-content\/uploads\/2026\/01\/54770136894_59403684a2_o1.jpg\",\"datePublished\":\"2026-01-23T20:49:07+00:00\",\"breadcrumb\":{\"@id\":\"https:\/\/progresso.com.br\/index.php\/2026\/01\/23\/lula-e-convidado-para-forum-economico-internacional-da-al-e-caribe\/#breadcrumb\"},\"inLanguage\":\"pt-BR\",\"potentialAction\":[{\"@type\":\"ReadAction\",\"target\":[\"https:\/\/progresso.com.br\/index.php\/2026\/01\/23\/lula-e-convidado-para-forum-economico-internacional-da-al-e-caribe\/\"]}]},{\"@type\":\"ImageObject\",\"inLanguage\":\"pt-BR\",\"@id\":\"https:\/\/progresso.com.br\/index.php\/2026\/01\/23\/lula-e-convidado-para-forum-economico-internacional-da-al-e-caribe\/#primaryimage\",\"url\":\"https:\/\/progresso.com.br\/wp-content\/uploads\/2026\/01\/54770136894_59403684a2_o1.jpg\",\"contentUrl\":\"https:\/\/progresso.com.br\/wp-content\/uploads\/2026\/01\/54770136894_59403684a2_o1.jpg\",\"width\":1170,\"height\":700},{\"@type\":\"BreadcrumbList\",\"@id\":\"https:\/\/progresso.com.br\/index.php\/2026\/01\/23\/lula-e-convidado-para-forum-economico-internacional-da-al-e-caribe\/#breadcrumb\",\"itemListElement\":[{\"@type\":\"ListItem\",\"position\":1,\"name\":\"In\u00edcio\",\"item\":\"https:\/\/progresso.com.br\/\"},{\"@type\":\"ListItem\",\"position\":2,\"name\":\"Lula \u00e9 convidado para F\u00f3rum Econ\u00f4mico Internacional da AL e Caribe\"}]},{\"@type\":\"WebSite\",\"@id\":\"https:\/\/progresso.com.br\/#website\",\"url\":\"https:\/\/progresso.com.br\/\",\"name\":\"O PROGRESSO\",\"description\":\"\",\"publisher\":{\"@id\":\"https:\/\/progresso.com.br\/#organization\"},\"potentialAction\":[{\"@type\":\"SearchAction\",\"target\":{\"@type\":\"EntryPoint\",\"urlTemplate\":\"https:\/\/progresso.com.br\/?s={search_term_string}\"},\"query-input\":{\"@type\":\"PropertyValueSpecification\",\"valueRequired\":true,\"valueName\":\"search_term_string\"}}],\"inLanguage\":\"pt-BR\"},{\"@type\":\"Organization\",\"@id\":\"https:\/\/progresso.com.br\/#organization\",\"name\":\"O PROGRESSO\",\"url\":\"https:\/\/progresso.com.br\/\",\"logo\":{\"@type\":\"ImageObject\",\"inLanguage\":\"pt-BR\",\"@id\":\"https:\/\/progresso.com.br\/#\/schema\/logo\/image\/\",\"url\":\"https:\/\/progresso.com.br\/wp-content\/uploads\/2026\/03\/logo_proog.jpg\",\"contentUrl\":\"https:\/\/progresso.com.br\/wp-content\/uploads\/2026\/03\/logo_proog.jpg\",\"width\":1960,\"height\":1080,\"caption\":\"O PROGRESSO\"},\"image\":{\"@id\":\"https:\/\/progresso.com.br\/#\/schema\/logo\/image\/\"},\"sameAs\":[\"https:\/\/www.facebook.com\/share\/1CeoksKBj6\/\",\"https:\/\/www.instagram.com\/oprogresso_digital\"]},{\"@type\":\"Person\",\"@id\":\"https:\/\/progresso.com.br\/#\/schema\/person\/5dd27138d4463fbbaace62120bfc002b\",\"name\":\"Rose\",\"image\":{\"@type\":\"ImageObject\",\"inLanguage\":\"pt-BR\",\"@id\":\"https:\/\/progresso.com.br\/#\/schema\/person\/image\/\",\"url\":\"https:\/\/secure.gravatar.com\/avatar\/1b6890e759cdd3a88d9f751cb423720b9861c5239167cd3586355638b6556599?s=96&d=mm&r=g\",\"contentUrl\":\"https:\/\/secure.gravatar.com\/avatar\/1b6890e759cdd3a88d9f751cb423720b9861c5239167cd3586355638b6556599?s=96&d=mm&r=g\",\"caption\":\"Rose\"},\"url\":\"https:\/\/progresso.com.br\/index.php\/author\/rose\/\"}]}<\/script>\n<!-- \/ Yoast SEO plugin. -->","yoast_head_json":{"title":"Lula \u00e9 convidado para F\u00f3rum Econ\u00f4mico Internacional da AL e Caribe - O PROGRESSO","robots":{"index":"index","follow":"follow","max-snippet":"max-snippet:-1","max-image-preview":"max-image-preview:large","max-video-preview":"max-video-preview:-1"},"canonical":"https:\/\/progresso.com.br\/index.php\/2026\/01\/23\/lula-e-convidado-para-forum-economico-internacional-da-al-e-caribe\/","og_locale":"pt_BR","og_type":"article","og_title":"Lula \u00e9 convidado para F\u00f3rum Econ\u00f4mico Internacional da AL e Caribe - O PROGRESSO","og_description":"O presidente Luiz In\u00e1cio Lula da Silva viajar\u00e1, entre os dias 27 e 28 de janeiro ao Panam\u00e1, onde participar\u00e1, como convidado especial, do F\u00f3rum Econ\u00f4mico Internacional da Am\u00e9rica Latina e Caribe, que seguir\u00e1 at\u00e9 o dia 30. Os detalhes da viagem foram apresentados nesta sexta-feira (23) pela secret\u00e1ria de Am\u00e9rica Latina e Caribe, Gisela [&hellip;]","og_url":"https:\/\/progresso.com.br\/index.php\/2026\/01\/23\/lula-e-convidado-para-forum-economico-internacional-da-al-e-caribe\/","og_site_name":"O PROGRESSO","article_publisher":"https:\/\/www.facebook.com\/share\/1CeoksKBj6\/","article_published_time":"2026-01-23T20:49:07+00:00","og_image":[{"width":1170,"height":700,"url":"https:\/\/progresso.com.br\/wp-content\/uploads\/2026\/01\/54770136894_59403684a2_o1.jpg","type":"image\/jpeg"}],"author":"Rose","twitter_card":"summary_large_image","twitter_misc":{"Escrito por":"Rose","Est. tempo de leitura":"1 minuto"},"schema":{"@context":"https:\/\/schema.org","@graph":[{"@type":"Article","@id":"https:\/\/progresso.com.br\/index.php\/2026\/01\/23\/lula-e-convidado-para-forum-economico-internacional-da-al-e-caribe\/#article","isPartOf":{"@id":"https:\/\/progresso.com.br\/index.php\/2026\/01\/23\/lula-e-convidado-para-forum-economico-internacional-da-al-e-caribe\/"},"author":{"name":"Rose","@id":"https:\/\/progresso.com.br\/#\/schema\/person\/5dd27138d4463fbbaace62120bfc002b"},"headline":"Lula \u00e9 convidado para F\u00f3rum Econ\u00f4mico Internacional da AL e Caribe","datePublished":"2026-01-23T20:49:07+00:00","mainEntityOfPage":{"@id":"https:\/\/progresso.com.br\/index.php\/2026\/01\/23\/lula-e-convidado-para-forum-economico-internacional-da-al-e-caribe\/"},"wordCount":222,"commentCount":0,"publisher":{"@id":"https:\/\/progresso.com.br\/#organization"},"image":{"@id":"https:\/\/progresso.com.br\/index.php\/2026\/01\/23\/lula-e-convidado-para-forum-economico-internacional-da-al-e-caribe\/#primaryimage"},"thumbnailUrl":"https:\/\/progresso.com.br\/wp-content\/uploads\/2026\/01\/54770136894_59403684a2_o1.jpg","inLanguage":"pt-BR","potentialAction":[{"@type":"CommentAction","name":"Comment","target":["https:\/\/progresso.com.br\/index.php\/2026\/01\/23\/lula-e-convidado-para-forum-economico-internacional-da-al-e-caribe\/#respond"]}]},{"@type":"WebPage","@id":"https:\/\/progresso.com.br\/index.php\/2026\/01\/23\/lula-e-convidado-para-forum-economico-internacional-da-al-e-caribe\/","url":"https:\/\/progresso.com.br\/index.php\/2026\/01\/23\/lula-e-convidado-para-forum-economico-internacional-da-al-e-caribe\/","name":"Lula \u00e9 convidado para F\u00f3rum Econ\u00f4mico Internacional da AL e Caribe - O PROGRESSO","isPartOf":{"@id":"https:\/\/progresso.com.br\/#website"},"primaryImageOfPage":{"@id":"https:\/\/progresso.com.br\/index.php\/2026\/01\/23\/lula-e-convidado-para-forum-economico-internacional-da-al-e-caribe\/#primaryimage"},"image":{"@id":"https:\/\/progresso.com.br\/index.php\/2026\/01\/23\/lula-e-convidado-para-forum-economico-internacional-da-al-e-caribe\/#primaryimage"},"thumbnailUrl":"https:\/\/progresso.com.br\/wp-content\/uploads\/2026\/01\/54770136894_59403684a2_o1.jpg","datePublished":"2026-01-23T20:49:07+00:00","breadcrumb":{"@id":"https:\/\/progresso.com.br\/index.php\/2026\/01\/23\/lula-e-convidado-para-forum-economico-internacional-da-al-e-caribe\/#breadcrumb"},"inLanguage":"pt-BR","potentialAction":[{"@type":"ReadAction","target":["https:\/\/progresso.com.br\/index.php\/2026\/01\/23\/lula-e-convidado-para-forum-economico-internacional-da-al-e-caribe\/"]}]},{"@type":"ImageObject","inLanguage":"pt-BR","@id":"https:\/\/progresso.com.br\/index.php\/2026\/01\/23\/lula-e-convidado-para-forum-economico-internacional-da-al-e-caribe\/#primaryimage","url":"https:\/\/progresso.com.br\/wp-content\/uploads\/2026\/01\/54770136894_59403684a2_o1.jpg","contentUrl":"https:\/\/progresso.com.br\/wp-content\/uploads\/2026\/01\/54770136894_59403684a2_o1.jpg","width":1170,"height":700},{"@type":"BreadcrumbList","@id":"https:\/\/progresso.com.br\/index.php\/2026\/01\/23\/lula-e-convidado-para-forum-economico-internacional-da-al-e-caribe\/#breadcrumb","itemListElement":[{"@type":"ListItem","position":1,"name":"In\u00edcio","item":"https:\/\/progresso.com.br\/"},{"@type":"ListItem","position":2,"name":"Lula \u00e9 convidado para F\u00f3rum Econ\u00f4mico Internacional da AL e Caribe"}]},{"@type":"WebSite","@id":"https:\/\/progresso.com.br\/#website","url":"https:\/\/progresso.com.br\/","name":"O PROGRESSO","description":"","publisher":{"@id":"https:\/\/progresso.com.br\/#organization"},"potentialAction":[{"@type":"SearchAction","target":{"@type":"EntryPoint","urlTemplate":"https:\/\/progresso.com.br\/?s={search_term_string}"},"query-input":{"@type":"PropertyValueSpecification","valueRequired":true,"valueName":"search_term_string"}}],"inLanguage":"pt-BR"},{"@type":"Organization","@id":"https:\/\/progresso.com.br\/#organization","name":"O PROGRESSO","url":"https:\/\/progresso.com.br\/","logo":{"@type":"ImageObject","inLanguage":"pt-BR","@id":"https:\/\/progresso.com.br\/#\/schema\/logo\/image\/","url":"https:\/\/progresso.com.br\/wp-content\/uploads\/2026\/03\/logo_proog.jpg","contentUrl":"https:\/\/progresso.com.br\/wp-content\/uploads\/2026\/03\/logo_proog.jpg","width":1960,"height":1080,"caption":"O PROGRESSO"},"image":{"@id":"https:\/\/progresso.com.br\/#\/schema\/logo\/image\/"},"sameAs":["https:\/\/www.facebook.com\/share\/1CeoksKBj6\/","https:\/\/www.instagram.com\/oprogresso_digital"]},{"@type":"Person","@id":"https:\/\/progresso.com.br\/#\/schema\/person\/5dd27138d4463fbbaace62120bfc002b","name":"Rose","image":{"@type":"ImageObject","inLanguage":"pt-BR","@id":"https:\/\/progresso.com.br\/#\/schema\/person\/image\/","url":"https:\/\/secure.gravatar.com\/avatar\/1b6890e759cdd3a88d9f751cb423720b9861c5239167cd3586355638b6556599?s=96&d=mm&r=g","contentUrl":"https:\/\/secure.gravatar.com\/avatar\/1b6890e759cdd3a88d9f751cb423720b9861c5239167cd3586355638b6556599?s=96&d=mm&r=g","caption":"Rose"},"url":"https:\/\/progresso.com.br\/index.php\/author\/rose\/"}]}},"_links":{"self":[{"href":"https:\/\/progresso.com.br\/index.php\/wp-json\/wp\/v2\/posts\/260","targetHints":{"allow":["GET"]}}],"collection":[{"href":"https:\/\/progresso.com.br\/index.php\/wp-json\/wp\/v2\/posts"}],"about":[{"href":"https:\/\/progresso.com.br\/index.php\/wp-json\/wp\/v2\/types\/post"}],"author":[{"embeddable":true,"href":"https:\/\/progresso.com.br\/index.php\/wp-json\/wp\/v2\/users\/2"}],"replies":[{"embeddable":true,"href":"https:\/\/progresso.com.br\/index.php\/wp-json\/wp\/v2\/comments?post=260"}],"version-history":[{"count":3,"href":"https:\/\/progresso.com.br\/index.php\/wp-json\/wp\/v2\/posts\/260\/revisions"}],"predecessor-version":[{"id":264,"href":"https:\/\/progresso.com.br\/index.php\/wp-json\/wp\/v2\/posts\/260\/revisions\/264"}],"wp:featuredmedia":[{"embeddable":true,"href":"https:\/\/progresso.com.br\/index.php\/wp-json\/wp\/v2\/media\/262"}],"wp:attachment":[{"href":"https:\/\/progresso.com.br\/index.php\/wp-json\/wp\/v2\/media?parent=260"}],"wp:term":[{"taxonomy":"category","embeddable":true,"href":"https:\/\/progresso.com.br\/index.php\/wp-json\/wp\/v2\/categories?post=260"},{"taxonomy":"post_tag","embeddable":true,"href":"https:\/\/progresso.com.br\/index.php\/wp-json\/wp\/v2\/tags?post=260"}],"curies":[{"name":"wp","href":"https:\/\/api.w.org\/{rel}","templated":true}]}}