{"id":271,"date":"2026-01-31T12:20:22","date_gmt":"2026-01-31T15:20:22","guid":{"rendered":"https:\/\/10nl.com.br\/?p=271"},"modified":"2026-01-31T12:20:22","modified_gmt":"2026-01-31T15:20:22","slug":"com-investimento-de-r-26-milhoes-carnaval-de-campo-grande-deve-reunir-mais-de-100-mil-folioes","status":"publish","type":"post","link":"https:\/\/progresso.com.br\/index.php\/2026\/01\/31\/com-investimento-de-r-26-milhoes-carnaval-de-campo-grande-deve-reunir-mais-de-100-mil-folioes\/","title":{"rendered":"Com investimento de R$ 2,6 milh\u00f5es, Carnaval de Campo Grande deve reunir mais de 100 mil foli\u00f5es"},"content":{"rendered":"\n<p>Com expectativa de reunir mais de 100 mil foli\u00f5es ao longo da programa\u00e7\u00e3o, o Carnaval de Campo Grande de 2026 chega fortalecido por um robusto investimento p\u00fablico e pela consolida\u00e7\u00e3o do evento como um dos principais motores culturais, econ\u00f4micos e tur\u00edsticos da Capital. A estimativa de p\u00fablico considera tanto os blocos de rua, que devem concentrar grande parte dos foli\u00f5es, quanto os desfiles das escolas de samba, previstos para os dias 16 e 17 de fevereiro, na Pra\u00e7a do Papa &#8211; regi\u00e3o da Vila Sobrinho, oeste da cidade.<\/p>\n\n\n\n<p>Aproximadamente R$ 2,6 milh\u00f5es foram destinados pelo Governo de Mato Grosso do Sul \u00e0 Liga das Escolas de Samba, o dobro do investido no ano passado. A programa\u00e7\u00e3o integrada refor\u00e7a o conceito de um Carnaval \u00fanico, que une diferentes manifesta\u00e7\u00f5es culturais e amplia o fluxo de visitantes vindos do interior do Estado e de outras regi\u00f5es do pa\u00eds.<\/p>\n\n\n\n<p>Durante entrevista coletiva realizada no MIS (Museu da Imagem e do Som) quarta-feira (28), representantes do Governo do Estado, da prefeitura e das entidades carnavalescas destacaram o aporte financeiro, que&nbsp;reflete a estrat\u00e9gia de ampliar o alcance do Carnaval como instrumento de fomento \u00e0 economia criativa e \u00e0 gera\u00e7\u00e3o de renda.<\/p>\n\n\n\n<p>&#8220;\u00c9 um investimento que a gente considera significativo, uma evolu\u00e7\u00e3o muito grande, principalmente considerando o retorno que isso deu em termos de fomento. Ent\u00e3o, \u00e9 um orgulho muito grande a gente ter tido esse aporte, que com a certeza ter\u00e1 retorno tanto na valoriza\u00e7\u00e3o da nossa cultura como na quest\u00e3o da gera\u00e7\u00e3o de renda para a nossa popula\u00e7\u00e3o&#8221;, frisou o secret\u00e1rio de Estado de Turismo, Esporte e Cultura, Marcelo Miranda.<\/p>\n\n\n\n<p>J\u00e1 o diretor-presidente da Funda\u00e7\u00e3o de Cultura de Mato Grosso do Sul, Eduardo Mendes, destaca que o conceito de que o Carnaval de Campo Grande \u00e9 uma coisa s\u00f3, considerando os blocos e as escolas de samba que animam as ruas da cidade durante o per\u00edodo festivo.<\/p>\n\n\n\n<p>&#8220;Ela [a festa] acaba se dividindo entre blocos e escolas. Ent\u00e3o \u00e9 muito importante n\u00f3s chamarmos de Carnaval de Campo Grande, porque hoje n\u00f3s temos uma grande inten\u00e7\u00e3o. Nessa \u00e9poca j\u00e1 existe um fluxo tur\u00edstico para Campo Grande, de pessoas do interior, de outros estados, pois o nosso Carnaval j\u00e1 se tornou refer\u00eancia. Ent\u00e3o \u00e9 muito importante que a gente una essas for\u00e7as tanto nas escolas de samba como dos blocos de Carnaval&#8221;, comenta Mendes.<\/p>\n\n\n\n<figure class=\"wp-block-image\"><a href=\"https:\/\/agenciadenoticias.ms.gov.br\/wp-content\/uploads\/2026\/01\/WhatsApp-Image-2026-01-28-at-10.32.39.jpeg\"><img decoding=\"async\" src=\"https:\/\/agenciadenoticias.ms.gov.br\/wp-content\/uploads\/2026\/01\/WhatsApp-Image-2026-01-28-at-10.32.39-1024x682.jpeg\" alt=\"\"\/><\/a><\/figure>\n\n\n\n<figure class=\"wp-block-image\"><a href=\"https:\/\/agenciadenoticias.ms.gov.br\/wp-content\/uploads\/2026\/01\/WhatsApp-Image-2026-01-28-at-10.32.382.jpeg\"><img decoding=\"async\" src=\"https:\/\/agenciadenoticias.ms.gov.br\/wp-content\/uploads\/2026\/01\/WhatsApp-Image-2026-01-28-at-10.32.382-1024x682.jpeg\" alt=\"\"\/><\/a><\/figure>\n\n\n\n<figure class=\"wp-block-image\"><a href=\"https:\/\/agenciadenoticias.ms.gov.br\/wp-content\/uploads\/2026\/01\/WhatsApp-Image-2026-01-28-at-10.32.40.jpeg\"><img decoding=\"async\" src=\"https:\/\/agenciadenoticias.ms.gov.br\/wp-content\/uploads\/2026\/01\/WhatsApp-Image-2026-01-28-at-10.32.40-1024x682.jpeg\" alt=\"\"\/><\/a><\/figure>\n\n\n\n<figure class=\"wp-block-image\"><a href=\"https:\/\/agenciadenoticias.ms.gov.br\/wp-content\/uploads\/2026\/01\/WhatsApp-Image-2026-01-28-at-10.32.42.jpeg\"><img decoding=\"async\" src=\"https:\/\/agenciadenoticias.ms.gov.br\/wp-content\/uploads\/2026\/01\/WhatsApp-Image-2026-01-28-at-10.32.42-1024x682.jpeg\" alt=\"\"\/><\/a><\/figure>\n\n\n\n<figure class=\"wp-block-image\"><a href=\"https:\/\/agenciadenoticias.ms.gov.br\/wp-content\/uploads\/2026\/01\/WhatsApp-Image-2026-01-28-at-10.32.49.jpeg\"><img decoding=\"async\" src=\"https:\/\/agenciadenoticias.ms.gov.br\/wp-content\/uploads\/2026\/01\/WhatsApp-Image-2026-01-28-at-10.32.49-1024x682.jpeg\" alt=\"\"\/><\/a><\/figure>\n\n\n\n<figure class=\"wp-block-image\"><a href=\"https:\/\/agenciadenoticias.ms.gov.br\/wp-content\/uploads\/2026\/01\/WhatsApp-Image-2026-01-28-at-10.32.46.jpeg\"><img decoding=\"async\" src=\"https:\/\/agenciadenoticias.ms.gov.br\/wp-content\/uploads\/2026\/01\/WhatsApp-Image-2026-01-28-at-10.32.46-1024x682.jpeg\" alt=\"\"\/><\/a><\/figure>\n\n\n\n<p>O investimento p\u00fablico no Carnaval viabiliza uma estrutura de grande porte, com palcos, ilumina\u00e7\u00e3o, som, servi\u00e7os de apoio e log\u00edstica, al\u00e9m de garantir melhores condi\u00e7\u00f5es para artistas, trabalhadores da cultura e entidades carnavalescas. O impacto econ\u00f4mico \u00e9 sentido em diversos setores, como com\u00e9rcio, hotelaria, alimenta\u00e7\u00e3o e transporte, fortalecendo a cadeia produtiva ligada ao turismo e ao entretenimento.<\/p>\n\n\n\n<p>Al\u00e9m dos desfiles, o calend\u00e1rio oficial inclui a\u00e7\u00f5es culturais paralelas, como a Mostra das Fantasias Carnavalescas, valorizando os carnavalescos e a produ\u00e7\u00e3o art\u00edstica local. Para os blocos, a expectativa \u00e9 oferecer uma experi\u00eancia organizada e segura para um p\u00fablico cada vez maior, consolidando o carnaval de rua como patrim\u00f4nio cultural imaterial de Mato Grosso do Sul.<\/p>\n\n\n\n<p>Presidente da Lienca (Liga das Entidades Carnavalescas de Campo Grande), Alan Catharinelli agradeceu ao Governo do Estado pelos recursos e infraestrutura para realizar o Carnaval.<\/p>\n\n\n\n<p>&#8220;O desfile das Escolas de Samba de Campo Grande acontece na Pra\u00e7a do Papa nos dias 16 e 17 de fevereiro, com uma super estrutura financiada pela Prefeitura e pelo Governo do Estado. Tamb\u00e9m faz parte do nosso calend\u00e1rio a Mostra das Fantasias Carnavalescas no Armaz\u00e9m Cultural, como uma valoriza\u00e7\u00e3o dos nossos carnavalescos. A Liga est\u00e1 de m\u00e3os dadas com o Governo do Estado e a Prefeitura para fazer um Carnaval alegre, festivo e inclusivo com muita seguran\u00e7a para as fam\u00edlias&#8221;.<\/p>\n\n\n\n<figure class=\"wp-block-image\"><a href=\"https:\/\/agenciadenoticias.ms.gov.br\/wp-content\/uploads\/2026\/01\/WhatsApp-Image-2026-01-28-at-10.32.47.jpeg\"><img decoding=\"async\" src=\"https:\/\/agenciadenoticias.ms.gov.br\/wp-content\/uploads\/2026\/01\/WhatsApp-Image-2026-01-28-at-10.32.47-1024x682.jpeg\" alt=\"\"\/><\/a><\/figure>\n\n\n\n<figure class=\"wp-block-image\"><a href=\"https:\/\/agenciadenoticias.ms.gov.br\/wp-content\/uploads\/2026\/01\/WhatsApp-Image-2026-01-28-at-10.32.50.jpeg\"><img decoding=\"async\" src=\"https:\/\/agenciadenoticias.ms.gov.br\/wp-content\/uploads\/2026\/01\/WhatsApp-Image-2026-01-28-at-10.32.50-1024x682.jpeg\" alt=\"\"\/><\/a><\/figure>\n\n\n\n<figure class=\"wp-block-image\"><a href=\"https:\/\/agenciadenoticias.ms.gov.br\/wp-content\/uploads\/2026\/01\/WhatsApp-Image-2026-01-28-at-10.32.381.jpeg\"><img decoding=\"async\" src=\"https:\/\/agenciadenoticias.ms.gov.br\/wp-content\/uploads\/2026\/01\/WhatsApp-Image-2026-01-28-at-10.32.381-1024x682.jpeg\" alt=\"\"\/><\/a><\/figure>\n\n\n\n<figure class=\"wp-block-image\"><a href=\"https:\/\/agenciadenoticias.ms.gov.br\/wp-content\/uploads\/2026\/01\/WhatsApp-Image-2026-01-28-at-10.32.511.jpeg\"><img decoding=\"async\" src=\"https:\/\/agenciadenoticias.ms.gov.br\/wp-content\/uploads\/2026\/01\/WhatsApp-Image-2026-01-28-at-10.32.511-1024x682.jpeg\" alt=\"\"\/><\/a><\/figure>\n\n\n\n<figure class=\"wp-block-image\"><a href=\"https:\/\/agenciadenoticias.ms.gov.br\/wp-content\/uploads\/2026\/01\/WhatsApp-Image-2026-01-28-at-10.32.44.jpeg\"><img decoding=\"async\" src=\"https:\/\/agenciadenoticias.ms.gov.br\/wp-content\/uploads\/2026\/01\/WhatsApp-Image-2026-01-28-at-10.32.44-1024x682.jpeg\" alt=\"\"\/><\/a><\/figure>\n\n\n\n<figure class=\"wp-block-image\"><a href=\"https:\/\/agenciadenoticias.ms.gov.br\/wp-content\/uploads\/2026\/01\/WhatsApp-Image-2026-01-28-at-10.32.391.jpeg\"><img decoding=\"async\" src=\"https:\/\/agenciadenoticias.ms.gov.br\/wp-content\/uploads\/2026\/01\/WhatsApp-Image-2026-01-28-at-10.32.391-1024x682.jpeg\" alt=\"\"\/><\/a><\/figure>\n\n\n\n<p>J\u00e1 o presidente do ABC (Aglomerado de Blocos de Rua de Campo Grande), Thallyson Perez, revelou estar satisfeito com os esfor\u00e7os empregados, j\u00e1 que o Carnaval \u00e9 um patrim\u00f4nio imaterial de toda a sociedade brasileira, e n\u00e3o poderia ser diferente aqui em Mato Grosso do Sul.<\/p>\n\n\n\n<p>&#8220;Esse ano a gente traz bastante novidades. A gente tem uma estrutura para atender mais de 100 mil foli\u00f5es, fazer uma festa bem legal por todo mundo. Temos compromisso com o acesso de todos os blocos, com todos os foli\u00f5es que a gente tem dentro da nossa entidade. E logo se levanta v\u00e1rias pautas sociais de inclus\u00e3o, e tamb\u00e9m que eu gostaria de agradecer porque ningu\u00e9m faz Carnaval sozinho. Agradecer ao Governo do Estado por ser um grande parceiro da nossa identidade. A gente est\u00e1 bem feliz para fazer um Carnaval bem inclusivo para todo mundo&#8221;.<\/p>\n\n\n\n<p>Com a combina\u00e7\u00e3o entre investimento governamental, grande p\u00fablico esperado e planejamento integrado, o Carnaval de Campo Grande avan\u00e7a como um evento estrat\u00e9gico para o desenvolvimento cultural e econ\u00f4mico da Capital, reafirmando sua import\u00e2ncia no calend\u00e1rio oficial de eventos do Estado.<\/p>\n\n\n\n<p><em>Karina Lima, Comunica\u00e7\u00e3o Setesc<\/em><br><em>Edi\u00e7\u00e3o: Nyelder Rodrigues\/Secom<\/em><br><em>Foto de capa: Daniel Reino\/Setesc\/Arquivo<br>Galerias 1 e 2: Ricardo Gomes\/Setesc<\/em><\/p>\n","protected":false},"excerpt":{"rendered":"<p>Com expectativa de reunir mais de 100 mil foli\u00f5es ao longo da programa\u00e7\u00e3o, o Carnaval de Campo Grande de 2026 chega fortalecido por um robusto investimento p\u00fablico e pela consolida\u00e7\u00e3o do evento como um dos principais motores culturais, econ\u00f4micos e tur\u00edsticos da Capital. A estimativa de p\u00fablico considera tanto os blocos de rua, que devem [&hellip;]<\/p>\n","protected":false},"author":3,"featured_media":272,"comment_status":"open","ping_status":"open","sticky":false,"template":"","format":"standard","meta":{"footnotes":""},"categories":[19],"tags":[],"class_list":["post-271","post","type-post","status-publish","format-standard","has-post-thumbnail","hentry","category-cultura"],"yoast_head":"<!-- This site is optimized with the Yoast SEO plugin v27.1.1 - https:\/\/yoast.com\/product\/yoast-seo-wordpress\/ -->\n<title>Com investimento de R$ 2,6 milh\u00f5es, Carnaval de Campo Grande deve reunir mais de 100 mil foli\u00f5es - O PROGRESSO<\/title>\n<meta name=\"robots\" content=\"index, follow, max-snippet:-1, max-image-preview:large, max-video-preview:-1\" \/>\n<link rel=\"canonical\" href=\"https:\/\/progresso.com.br\/index.php\/2026\/01\/31\/com-investimento-de-r-26-milhoes-carnaval-de-campo-grande-deve-reunir-mais-de-100-mil-folioes\/\" \/>\n<meta property=\"og:locale\" content=\"pt_BR\" \/>\n<meta property=\"og:type\" content=\"article\" \/>\n<meta property=\"og:title\" content=\"Com investimento de R$ 2,6 milh\u00f5es, Carnaval de Campo Grande deve reunir mais de 100 mil foli\u00f5es - O PROGRESSO\" \/>\n<meta property=\"og:description\" content=\"Com expectativa de reunir mais de 100 mil foli\u00f5es ao longo da programa\u00e7\u00e3o, o Carnaval de Campo Grande de 2026 chega fortalecido por um robusto investimento p\u00fablico e pela consolida\u00e7\u00e3o do evento como um dos principais motores culturais, econ\u00f4micos e tur\u00edsticos da Capital. A estimativa de p\u00fablico considera tanto os blocos de rua, que devem [&hellip;]\" \/>\n<meta property=\"og:url\" content=\"https:\/\/progresso.com.br\/index.php\/2026\/01\/31\/com-investimento-de-r-26-milhoes-carnaval-de-campo-grande-deve-reunir-mais-de-100-mil-folioes\/\" \/>\n<meta property=\"og:site_name\" content=\"O PROGRESSO\" \/>\n<meta property=\"article:publisher\" content=\"https:\/\/www.facebook.com\/share\/1CeoksKBj6\/\" \/>\n<meta property=\"article:published_time\" content=\"2026-01-31T15:20:22+00:00\" \/>\n<meta property=\"og:image\" content=\"https:\/\/progresso.com.br\/wp-content\/uploads\/2026\/01\/Carnaval-de-rua-Foto-Daniel-Reino_FCMS-1-730x480-1.jpg\" \/>\n\t<meta property=\"og:image:width\" content=\"730\" \/>\n\t<meta property=\"og:image:height\" content=\"480\" \/>\n\t<meta property=\"og:image:type\" content=\"image\/jpeg\" \/>\n<meta name=\"author\" content=\"Alfredo\" \/>\n<meta name=\"twitter:card\" content=\"summary_large_image\" \/>\n<meta name=\"twitter:label1\" content=\"Escrito por\" \/>\n\t<meta name=\"twitter:data1\" content=\"Alfredo\" \/>\n\t<meta name=\"twitter:label2\" content=\"Est. tempo de leitura\" \/>\n\t<meta name=\"twitter:data2\" content=\"4 minutos\" \/>\n<script type=\"application\/ld+json\" class=\"yoast-schema-graph\">{\"@context\":\"https:\/\/schema.org\",\"@graph\":[{\"@type\":\"Article\",\"@id\":\"https:\/\/progresso.com.br\/index.php\/2026\/01\/31\/com-investimento-de-r-26-milhoes-carnaval-de-campo-grande-deve-reunir-mais-de-100-mil-folioes\/#article\",\"isPartOf\":{\"@id\":\"https:\/\/progresso.com.br\/index.php\/2026\/01\/31\/com-investimento-de-r-26-milhoes-carnaval-de-campo-grande-deve-reunir-mais-de-100-mil-folioes\/\"},\"author\":{\"name\":\"Alfredo\",\"@id\":\"https:\/\/progresso.com.br\/#\/schema\/person\/b7390ac97c5e156cc2e02aa8e88f1bf2\"},\"headline\":\"Com investimento de R$ 2,6 milh\u00f5es, Carnaval de Campo Grande deve reunir mais de 100 mil foli\u00f5es\",\"datePublished\":\"2026-01-31T15:20:22+00:00\",\"mainEntityOfPage\":{\"@id\":\"https:\/\/progresso.com.br\/index.php\/2026\/01\/31\/com-investimento-de-r-26-milhoes-carnaval-de-campo-grande-deve-reunir-mais-de-100-mil-folioes\/\"},\"wordCount\":885,\"commentCount\":0,\"publisher\":{\"@id\":\"https:\/\/progresso.com.br\/#organization\"},\"image\":{\"@id\":\"https:\/\/progresso.com.br\/index.php\/2026\/01\/31\/com-investimento-de-r-26-milhoes-carnaval-de-campo-grande-deve-reunir-mais-de-100-mil-folioes\/#primaryimage\"},\"thumbnailUrl\":\"https:\/\/progresso.com.br\/wp-content\/uploads\/2026\/01\/Carnaval-de-rua-Foto-Daniel-Reino_FCMS-1-730x480-1.jpg\",\"articleSection\":[\"Cultura\"],\"inLanguage\":\"pt-BR\",\"potentialAction\":[{\"@type\":\"CommentAction\",\"name\":\"Comment\",\"target\":[\"https:\/\/progresso.com.br\/index.php\/2026\/01\/31\/com-investimento-de-r-26-milhoes-carnaval-de-campo-grande-deve-reunir-mais-de-100-mil-folioes\/#respond\"]}]},{\"@type\":\"WebPage\",\"@id\":\"https:\/\/progresso.com.br\/index.php\/2026\/01\/31\/com-investimento-de-r-26-milhoes-carnaval-de-campo-grande-deve-reunir-mais-de-100-mil-folioes\/\",\"url\":\"https:\/\/progresso.com.br\/index.php\/2026\/01\/31\/com-investimento-de-r-26-milhoes-carnaval-de-campo-grande-deve-reunir-mais-de-100-mil-folioes\/\",\"name\":\"Com investimento de R$ 2,6 milh\u00f5es, Carnaval de Campo Grande deve reunir mais de 100 mil foli\u00f5es - O PROGRESSO\",\"isPartOf\":{\"@id\":\"https:\/\/progresso.com.br\/#website\"},\"primaryImageOfPage\":{\"@id\":\"https:\/\/progresso.com.br\/index.php\/2026\/01\/31\/com-investimento-de-r-26-milhoes-carnaval-de-campo-grande-deve-reunir-mais-de-100-mil-folioes\/#primaryimage\"},\"image\":{\"@id\":\"https:\/\/progresso.com.br\/index.php\/2026\/01\/31\/com-investimento-de-r-26-milhoes-carnaval-de-campo-grande-deve-reunir-mais-de-100-mil-folioes\/#primaryimage\"},\"thumbnailUrl\":\"https:\/\/progresso.com.br\/wp-content\/uploads\/2026\/01\/Carnaval-de-rua-Foto-Daniel-Reino_FCMS-1-730x480-1.jpg\",\"datePublished\":\"2026-01-31T15:20:22+00:00\",\"breadcrumb\":{\"@id\":\"https:\/\/progresso.com.br\/index.php\/2026\/01\/31\/com-investimento-de-r-26-milhoes-carnaval-de-campo-grande-deve-reunir-mais-de-100-mil-folioes\/#breadcrumb\"},\"inLanguage\":\"pt-BR\",\"potentialAction\":[{\"@type\":\"ReadAction\",\"target\":[\"https:\/\/progresso.com.br\/index.php\/2026\/01\/31\/com-investimento-de-r-26-milhoes-carnaval-de-campo-grande-deve-reunir-mais-de-100-mil-folioes\/\"]}]},{\"@type\":\"ImageObject\",\"inLanguage\":\"pt-BR\",\"@id\":\"https:\/\/progresso.com.br\/index.php\/2026\/01\/31\/com-investimento-de-r-26-milhoes-carnaval-de-campo-grande-deve-reunir-mais-de-100-mil-folioes\/#primaryimage\",\"url\":\"https:\/\/progresso.com.br\/wp-content\/uploads\/2026\/01\/Carnaval-de-rua-Foto-Daniel-Reino_FCMS-1-730x480-1.jpg\",\"contentUrl\":\"https:\/\/progresso.com.br\/wp-content\/uploads\/2026\/01\/Carnaval-de-rua-Foto-Daniel-Reino_FCMS-1-730x480-1.jpg\",\"width\":730,\"height\":480},{\"@type\":\"BreadcrumbList\",\"@id\":\"https:\/\/progresso.com.br\/index.php\/2026\/01\/31\/com-investimento-de-r-26-milhoes-carnaval-de-campo-grande-deve-reunir-mais-de-100-mil-folioes\/#breadcrumb\",\"itemListElement\":[{\"@type\":\"ListItem\",\"position\":1,\"name\":\"In\u00edcio\",\"item\":\"https:\/\/progresso.com.br\/\"},{\"@type\":\"ListItem\",\"position\":2,\"name\":\"Com investimento de R$ 2,6 milh\u00f5es, Carnaval de Campo Grande deve reunir mais de 100 mil foli\u00f5es\"}]},{\"@type\":\"WebSite\",\"@id\":\"https:\/\/progresso.com.br\/#website\",\"url\":\"https:\/\/progresso.com.br\/\",\"name\":\"O PROGRESSO\",\"description\":\"\",\"publisher\":{\"@id\":\"https:\/\/progresso.com.br\/#organization\"},\"potentialAction\":[{\"@type\":\"SearchAction\",\"target\":{\"@type\":\"EntryPoint\",\"urlTemplate\":\"https:\/\/progresso.com.br\/?s={search_term_string}\"},\"query-input\":{\"@type\":\"PropertyValueSpecification\",\"valueRequired\":true,\"valueName\":\"search_term_string\"}}],\"inLanguage\":\"pt-BR\"},{\"@type\":\"Organization\",\"@id\":\"https:\/\/progresso.com.br\/#organization\",\"name\":\"O PROGRESSO\",\"url\":\"https:\/\/progresso.com.br\/\",\"logo\":{\"@type\":\"ImageObject\",\"inLanguage\":\"pt-BR\",\"@id\":\"https:\/\/progresso.com.br\/#\/schema\/logo\/image\/\",\"url\":\"https:\/\/progresso.com.br\/wp-content\/uploads\/2026\/03\/logo_proog.jpg\",\"contentUrl\":\"https:\/\/progresso.com.br\/wp-content\/uploads\/2026\/03\/logo_proog.jpg\",\"width\":1960,\"height\":1080,\"caption\":\"O PROGRESSO\"},\"image\":{\"@id\":\"https:\/\/progresso.com.br\/#\/schema\/logo\/image\/\"},\"sameAs\":[\"https:\/\/www.facebook.com\/share\/1CeoksKBj6\/\",\"https:\/\/www.instagram.com\/oprogresso_digital\"]},{\"@type\":\"Person\",\"@id\":\"https:\/\/progresso.com.br\/#\/schema\/person\/b7390ac97c5e156cc2e02aa8e88f1bf2\",\"name\":\"Alfredo\",\"image\":{\"@type\":\"ImageObject\",\"inLanguage\":\"pt-BR\",\"@id\":\"https:\/\/progresso.com.br\/#\/schema\/person\/image\/\",\"url\":\"https:\/\/secure.gravatar.com\/avatar\/ca208a3111522ad69d765c6f0ea1ce4742c74e10aba78ae7158042d704d65a9f?s=96&d=mm&r=g\",\"contentUrl\":\"https:\/\/secure.gravatar.com\/avatar\/ca208a3111522ad69d765c6f0ea1ce4742c74e10aba78ae7158042d704d65a9f?s=96&d=mm&r=g\",\"caption\":\"Alfredo\"},\"url\":\"https:\/\/progresso.com.br\/index.php\/author\/alfredo\/\"}]}<\/script>\n<!-- \/ Yoast SEO plugin. -->","yoast_head_json":{"title":"Com investimento de R$ 2,6 milh\u00f5es, Carnaval de Campo Grande deve reunir mais de 100 mil foli\u00f5es - O PROGRESSO","robots":{"index":"index","follow":"follow","max-snippet":"max-snippet:-1","max-image-preview":"max-image-preview:large","max-video-preview":"max-video-preview:-1"},"canonical":"https:\/\/progresso.com.br\/index.php\/2026\/01\/31\/com-investimento-de-r-26-milhoes-carnaval-de-campo-grande-deve-reunir-mais-de-100-mil-folioes\/","og_locale":"pt_BR","og_type":"article","og_title":"Com investimento de R$ 2,6 milh\u00f5es, Carnaval de Campo Grande deve reunir mais de 100 mil foli\u00f5es - O PROGRESSO","og_description":"Com expectativa de reunir mais de 100 mil foli\u00f5es ao longo da programa\u00e7\u00e3o, o Carnaval de Campo Grande de 2026 chega fortalecido por um robusto investimento p\u00fablico e pela consolida\u00e7\u00e3o do evento como um dos principais motores culturais, econ\u00f4micos e tur\u00edsticos da Capital. A estimativa de p\u00fablico considera tanto os blocos de rua, que devem [&hellip;]","og_url":"https:\/\/progresso.com.br\/index.php\/2026\/01\/31\/com-investimento-de-r-26-milhoes-carnaval-de-campo-grande-deve-reunir-mais-de-100-mil-folioes\/","og_site_name":"O PROGRESSO","article_publisher":"https:\/\/www.facebook.com\/share\/1CeoksKBj6\/","article_published_time":"2026-01-31T15:20:22+00:00","og_image":[{"width":730,"height":480,"url":"https:\/\/progresso.com.br\/wp-content\/uploads\/2026\/01\/Carnaval-de-rua-Foto-Daniel-Reino_FCMS-1-730x480-1.jpg","type":"image\/jpeg"}],"author":"Alfredo","twitter_card":"summary_large_image","twitter_misc":{"Escrito por":"Alfredo","Est. tempo de leitura":"4 minutos"},"schema":{"@context":"https:\/\/schema.org","@graph":[{"@type":"Article","@id":"https:\/\/progresso.com.br\/index.php\/2026\/01\/31\/com-investimento-de-r-26-milhoes-carnaval-de-campo-grande-deve-reunir-mais-de-100-mil-folioes\/#article","isPartOf":{"@id":"https:\/\/progresso.com.br\/index.php\/2026\/01\/31\/com-investimento-de-r-26-milhoes-carnaval-de-campo-grande-deve-reunir-mais-de-100-mil-folioes\/"},"author":{"name":"Alfredo","@id":"https:\/\/progresso.com.br\/#\/schema\/person\/b7390ac97c5e156cc2e02aa8e88f1bf2"},"headline":"Com investimento de R$ 2,6 milh\u00f5es, Carnaval de Campo Grande deve reunir mais de 100 mil foli\u00f5es","datePublished":"2026-01-31T15:20:22+00:00","mainEntityOfPage":{"@id":"https:\/\/progresso.com.br\/index.php\/2026\/01\/31\/com-investimento-de-r-26-milhoes-carnaval-de-campo-grande-deve-reunir-mais-de-100-mil-folioes\/"},"wordCount":885,"commentCount":0,"publisher":{"@id":"https:\/\/progresso.com.br\/#organization"},"image":{"@id":"https:\/\/progresso.com.br\/index.php\/2026\/01\/31\/com-investimento-de-r-26-milhoes-carnaval-de-campo-grande-deve-reunir-mais-de-100-mil-folioes\/#primaryimage"},"thumbnailUrl":"https:\/\/progresso.com.br\/wp-content\/uploads\/2026\/01\/Carnaval-de-rua-Foto-Daniel-Reino_FCMS-1-730x480-1.jpg","articleSection":["Cultura"],"inLanguage":"pt-BR","potentialAction":[{"@type":"CommentAction","name":"Comment","target":["https:\/\/progresso.com.br\/index.php\/2026\/01\/31\/com-investimento-de-r-26-milhoes-carnaval-de-campo-grande-deve-reunir-mais-de-100-mil-folioes\/#respond"]}]},{"@type":"WebPage","@id":"https:\/\/progresso.com.br\/index.php\/2026\/01\/31\/com-investimento-de-r-26-milhoes-carnaval-de-campo-grande-deve-reunir-mais-de-100-mil-folioes\/","url":"https:\/\/progresso.com.br\/index.php\/2026\/01\/31\/com-investimento-de-r-26-milhoes-carnaval-de-campo-grande-deve-reunir-mais-de-100-mil-folioes\/","name":"Com investimento de R$ 2,6 milh\u00f5es, Carnaval de Campo Grande deve reunir mais de 100 mil foli\u00f5es - O PROGRESSO","isPartOf":{"@id":"https:\/\/progresso.com.br\/#website"},"primaryImageOfPage":{"@id":"https:\/\/progresso.com.br\/index.php\/2026\/01\/31\/com-investimento-de-r-26-milhoes-carnaval-de-campo-grande-deve-reunir-mais-de-100-mil-folioes\/#primaryimage"},"image":{"@id":"https:\/\/progresso.com.br\/index.php\/2026\/01\/31\/com-investimento-de-r-26-milhoes-carnaval-de-campo-grande-deve-reunir-mais-de-100-mil-folioes\/#primaryimage"},"thumbnailUrl":"https:\/\/progresso.com.br\/wp-content\/uploads\/2026\/01\/Carnaval-de-rua-Foto-Daniel-Reino_FCMS-1-730x480-1.jpg","datePublished":"2026-01-31T15:20:22+00:00","breadcrumb":{"@id":"https:\/\/progresso.com.br\/index.php\/2026\/01\/31\/com-investimento-de-r-26-milhoes-carnaval-de-campo-grande-deve-reunir-mais-de-100-mil-folioes\/#breadcrumb"},"inLanguage":"pt-BR","potentialAction":[{"@type":"ReadAction","target":["https:\/\/progresso.com.br\/index.php\/2026\/01\/31\/com-investimento-de-r-26-milhoes-carnaval-de-campo-grande-deve-reunir-mais-de-100-mil-folioes\/"]}]},{"@type":"ImageObject","inLanguage":"pt-BR","@id":"https:\/\/progresso.com.br\/index.php\/2026\/01\/31\/com-investimento-de-r-26-milhoes-carnaval-de-campo-grande-deve-reunir-mais-de-100-mil-folioes\/#primaryimage","url":"https:\/\/progresso.com.br\/wp-content\/uploads\/2026\/01\/Carnaval-de-rua-Foto-Daniel-Reino_FCMS-1-730x480-1.jpg","contentUrl":"https:\/\/progresso.com.br\/wp-content\/uploads\/2026\/01\/Carnaval-de-rua-Foto-Daniel-Reino_FCMS-1-730x480-1.jpg","width":730,"height":480},{"@type":"BreadcrumbList","@id":"https:\/\/progresso.com.br\/index.php\/2026\/01\/31\/com-investimento-de-r-26-milhoes-carnaval-de-campo-grande-deve-reunir-mais-de-100-mil-folioes\/#breadcrumb","itemListElement":[{"@type":"ListItem","position":1,"name":"In\u00edcio","item":"https:\/\/progresso.com.br\/"},{"@type":"ListItem","position":2,"name":"Com investimento de R$ 2,6 milh\u00f5es, Carnaval de Campo Grande deve reunir mais de 100 mil foli\u00f5es"}]},{"@type":"WebSite","@id":"https:\/\/progresso.com.br\/#website","url":"https:\/\/progresso.com.br\/","name":"O PROGRESSO","description":"","publisher":{"@id":"https:\/\/progresso.com.br\/#organization"},"potentialAction":[{"@type":"SearchAction","target":{"@type":"EntryPoint","urlTemplate":"https:\/\/progresso.com.br\/?s={search_term_string}"},"query-input":{"@type":"PropertyValueSpecification","valueRequired":true,"valueName":"search_term_string"}}],"inLanguage":"pt-BR"},{"@type":"Organization","@id":"https:\/\/progresso.com.br\/#organization","name":"O PROGRESSO","url":"https:\/\/progresso.com.br\/","logo":{"@type":"ImageObject","inLanguage":"pt-BR","@id":"https:\/\/progresso.com.br\/#\/schema\/logo\/image\/","url":"https:\/\/progresso.com.br\/wp-content\/uploads\/2026\/03\/logo_proog.jpg","contentUrl":"https:\/\/progresso.com.br\/wp-content\/uploads\/2026\/03\/logo_proog.jpg","width":1960,"height":1080,"caption":"O PROGRESSO"},"image":{"@id":"https:\/\/progresso.com.br\/#\/schema\/logo\/image\/"},"sameAs":["https:\/\/www.facebook.com\/share\/1CeoksKBj6\/","https:\/\/www.instagram.com\/oprogresso_digital"]},{"@type":"Person","@id":"https:\/\/progresso.com.br\/#\/schema\/person\/b7390ac97c5e156cc2e02aa8e88f1bf2","name":"Alfredo","image":{"@type":"ImageObject","inLanguage":"pt-BR","@id":"https:\/\/progresso.com.br\/#\/schema\/person\/image\/","url":"https:\/\/secure.gravatar.com\/avatar\/ca208a3111522ad69d765c6f0ea1ce4742c74e10aba78ae7158042d704d65a9f?s=96&d=mm&r=g","contentUrl":"https:\/\/secure.gravatar.com\/avatar\/ca208a3111522ad69d765c6f0ea1ce4742c74e10aba78ae7158042d704d65a9f?s=96&d=mm&r=g","caption":"Alfredo"},"url":"https:\/\/progresso.com.br\/index.php\/author\/alfredo\/"}]}},"_links":{"self":[{"href":"https:\/\/progresso.com.br\/index.php\/wp-json\/wp\/v2\/posts\/271","targetHints":{"allow":["GET"]}}],"collection":[{"href":"https:\/\/progresso.com.br\/index.php\/wp-json\/wp\/v2\/posts"}],"about":[{"href":"https:\/\/progresso.com.br\/index.php\/wp-json\/wp\/v2\/types\/post"}],"author":[{"embeddable":true,"href":"https:\/\/progresso.com.br\/index.php\/wp-json\/wp\/v2\/users\/3"}],"replies":[{"embeddable":true,"href":"https:\/\/progresso.com.br\/index.php\/wp-json\/wp\/v2\/comments?post=271"}],"version-history":[{"count":1,"href":"https:\/\/progresso.com.br\/index.php\/wp-json\/wp\/v2\/posts\/271\/revisions"}],"predecessor-version":[{"id":273,"href":"https:\/\/progresso.com.br\/index.php\/wp-json\/wp\/v2\/posts\/271\/revisions\/273"}],"wp:featuredmedia":[{"embeddable":true,"href":"https:\/\/progresso.com.br\/index.php\/wp-json\/wp\/v2\/media\/272"}],"wp:attachment":[{"href":"https:\/\/progresso.com.br\/index.php\/wp-json\/wp\/v2\/media?parent=271"}],"wp:term":[{"taxonomy":"category","embeddable":true,"href":"https:\/\/progresso.com.br\/index.php\/wp-json\/wp\/v2\/categories?post=271"},{"taxonomy":"post_tag","embeddable":true,"href":"https:\/\/progresso.com.br\/index.php\/wp-json\/wp\/v2\/tags?post=271"}],"curies":[{"name":"wp","href":"https:\/\/api.w.org\/{rel}","templated":true}]}}