{"id":277,"date":"2026-01-31T12:33:55","date_gmt":"2026-01-31T15:33:55","guid":{"rendered":"https:\/\/10nl.com.br\/?p=277"},"modified":"2026-01-31T12:33:56","modified_gmt":"2026-01-31T15:33:56","slug":"navirai-entra-no-circuito-mundial-com-o-1o-campeonato-internacional-de-kyokushin","status":"publish","type":"post","link":"https:\/\/progresso.com.br\/index.php\/2026\/01\/31\/navirai-entra-no-circuito-mundial-com-o-1o-campeonato-internacional-de-kyokushin\/","title":{"rendered":"Navira\u00ed entra no Circuito Mundial com o 1\u00ba Campeonato Internacional de Kyokushin"},"content":{"rendered":"\n<p>Reuni\u00e3o entre o prefeito Rodrigo Sacuno e o atleta e treinador Shihan Fabiano definiu os detalhes do evento, que contar\u00e1 com categorias inclusivas e premia\u00e7\u00e3o em n\u00edvel internacional. A Prefeitura de Navira\u00ed segue investindo no esporte como ferramenta de inclus\u00e3o, desenvolvimento humano e proje\u00e7\u00e3o do munic\u00edpio. Na tarde desta ter\u00e7a-feira (30\/01), o prefeito&nbsp;<strong>Rodrigo Sacuno<\/strong>&nbsp;recebeu em seu gabinete o atleta e treinador&nbsp;<strong>Shihan Fabiano<\/strong>, para alinhar os detalhes de dois grandes eventos esportivos que colocar\u00e3o Navira\u00ed em evid\u00eancia no cen\u00e1rio nacional e internacional: a&nbsp;<strong>7\u00aa edi\u00e7\u00e3o do Desafio dos Fortes<\/strong>&nbsp;e o&nbsp;<strong>1\u00ba Campeonato Internacional de Kyokushin<\/strong>.<\/p>\n\n\n\n<p>Com uma trajet\u00f3ria esportiva consolidada no Brasil e no exterior, Shihan Fabiano soma participa\u00e7\u00f5es em campeonatos no Jap\u00e3o, China, Espanha, \u00c1frica do Sul e Chile. Entre os principais resultados est\u00e3o o t\u00edtulo de campe\u00e3o sul-americano no Chile e coloca\u00e7\u00f5es expressivas em campeonatos mundiais, incluindo terceiros lugares no Jap\u00e3o e no Chile, al\u00e9m de participa\u00e7\u00f5es recentes em 2023 e 2024. Uma carreira constru\u00edda com disciplina, t\u00e9cnica e reconhecimento internacional.<\/p>\n\n\n\n<p>Durante a reuni\u00e3o, o destaque ficou para o&nbsp;<strong>1\u00ba Campeonato Internacional de Kyokushin<\/strong>, que ser\u00e1 realizado em Navira\u00ed e contar\u00e1 com a presen\u00e7a de dois grandes nomes do karat\u00ea mundial:&nbsp;<strong>Shihan Sergei<\/strong>, da Ucr\u00e2nia, e&nbsp;<strong>Shihan Cl\u00e1udio Toledo<\/strong>, do Chile. Ambos integram o comit\u00ea internacional da modalidade e estar\u00e3o no munic\u00edpio para acompanhar de perto a estrutura, a organiza\u00e7\u00e3o e o n\u00edvel t\u00e9cnico da competi\u00e7\u00e3o, que j\u00e1 nasce com padr\u00e3o internacional.<\/p>\n\n\n\n<p>O Desafio dos Fortes, que chega \u00e0 sua s\u00e9tima edi\u00e7\u00e3o consecutiva, tamb\u00e9m foi apresentado ao prefeito como parte desse calend\u00e1rio esportivo consolidado. O evento re\u00fane atletas de diferentes idades, com categorias adaptadas para crian\u00e7as, jovens e adultos, e j\u00e1 se firmou como uma das maiores corridas com obst\u00e1culos do pa\u00eds.<\/p>\n\n\n\n<p>Com mais de 20 anos de experi\u00eancia na organiza\u00e7\u00e3o de eventos esportivos, Shihan Fabiano refor\u00e7ou que o crescimento e a credibilidade das competi\u00e7\u00f5es est\u00e3o diretamente ligados \u00e0 parceria com o poder p\u00fablico. Na edi\u00e7\u00e3o anterior, os eventos reuniram participantes de mais de 40 cidades e cerca de 50 academias, fortalecendo o nome de Navira\u00ed no esporte.<\/p>\n","protected":false},"excerpt":{"rendered":"<p>Reuni\u00e3o entre o prefeito Rodrigo Sacuno e o atleta e treinador Shihan Fabiano definiu os detalhes do evento, que contar\u00e1 com categorias inclusivas e premia\u00e7\u00e3o em n\u00edvel internacional. A Prefeitura de Navira\u00ed segue investindo no esporte como ferramenta de inclus\u00e3o, desenvolvimento humano e proje\u00e7\u00e3o do munic\u00edpio. Na tarde desta ter\u00e7a-feira (30\/01), o prefeito&nbsp;Rodrigo Sacuno&nbsp;recebeu em [&hellip;]<\/p>\n","protected":false},"author":3,"featured_media":278,"comment_status":"open","ping_status":"open","sticky":false,"template":"","format":"standard","meta":{"footnotes":""},"categories":[1],"tags":[],"class_list":["post-277","post","type-post","status-publish","format-standard","has-post-thumbnail","hentry","category-sem-categoria"],"yoast_head":"<!-- This site is optimized with the Yoast SEO plugin v27.1.1 - https:\/\/yoast.com\/product\/yoast-seo-wordpress\/ -->\n<title>Navira\u00ed entra no Circuito Mundial com o 1\u00ba Campeonato Internacional de Kyokushin - O PROGRESSO<\/title>\n<meta name=\"robots\" content=\"index, follow, max-snippet:-1, max-image-preview:large, max-video-preview:-1\" \/>\n<link rel=\"canonical\" href=\"https:\/\/progresso.com.br\/index.php\/2026\/01\/31\/navirai-entra-no-circuito-mundial-com-o-1o-campeonato-internacional-de-kyokushin\/\" \/>\n<meta property=\"og:locale\" content=\"pt_BR\" \/>\n<meta property=\"og:type\" content=\"article\" \/>\n<meta property=\"og:title\" content=\"Navira\u00ed entra no Circuito Mundial com o 1\u00ba Campeonato Internacional de Kyokushin - O PROGRESSO\" \/>\n<meta property=\"og:description\" content=\"Reuni\u00e3o entre o prefeito Rodrigo Sacuno e o atleta e treinador Shihan Fabiano definiu os detalhes do evento, que contar\u00e1 com categorias inclusivas e premia\u00e7\u00e3o em n\u00edvel internacional. A Prefeitura de Navira\u00ed segue investindo no esporte como ferramenta de inclus\u00e3o, desenvolvimento humano e proje\u00e7\u00e3o do munic\u00edpio. Na tarde desta ter\u00e7a-feira (30\/01), o prefeito&nbsp;Rodrigo Sacuno&nbsp;recebeu em [&hellip;]\" \/>\n<meta property=\"og:url\" content=\"https:\/\/progresso.com.br\/index.php\/2026\/01\/31\/navirai-entra-no-circuito-mundial-com-o-1o-campeonato-internacional-de-kyokushin\/\" \/>\n<meta property=\"og:site_name\" content=\"O PROGRESSO\" \/>\n<meta property=\"article:publisher\" content=\"https:\/\/www.facebook.com\/share\/1CeoksKBj6\/\" \/>\n<meta property=\"article:published_time\" content=\"2026-01-31T15:33:55+00:00\" \/>\n<meta property=\"article:modified_time\" content=\"2026-01-31T15:33:56+00:00\" \/>\n<meta property=\"og:image\" content=\"https:\/\/progresso.com.br\/wp-content\/uploads\/2026\/01\/1ef80663-de08-4e1a-bca3-cde4eb386008.jpg\" \/>\n\t<meta property=\"og:image:width\" content=\"1600\" \/>\n\t<meta property=\"og:image:height\" content=\"1067\" \/>\n\t<meta property=\"og:image:type\" content=\"image\/jpeg\" \/>\n<meta name=\"author\" content=\"Alfredo\" \/>\n<meta name=\"twitter:card\" content=\"summary_large_image\" \/>\n<meta name=\"twitter:label1\" content=\"Escrito por\" \/>\n\t<meta name=\"twitter:data1\" content=\"Alfredo\" \/>\n\t<meta name=\"twitter:label2\" content=\"Est. tempo de leitura\" \/>\n\t<meta name=\"twitter:data2\" content=\"2 minutos\" \/>\n<script type=\"application\/ld+json\" class=\"yoast-schema-graph\">{\"@context\":\"https:\/\/schema.org\",\"@graph\":[{\"@type\":\"Article\",\"@id\":\"https:\/\/progresso.com.br\/index.php\/2026\/01\/31\/navirai-entra-no-circuito-mundial-com-o-1o-campeonato-internacional-de-kyokushin\/#article\",\"isPartOf\":{\"@id\":\"https:\/\/progresso.com.br\/index.php\/2026\/01\/31\/navirai-entra-no-circuito-mundial-com-o-1o-campeonato-internacional-de-kyokushin\/\"},\"author\":{\"name\":\"Alfredo\",\"@id\":\"https:\/\/progresso.com.br\/#\/schema\/person\/b7390ac97c5e156cc2e02aa8e88f1bf2\"},\"headline\":\"Navira\u00ed entra no Circuito Mundial com o 1\u00ba Campeonato Internacional de Kyokushin\",\"datePublished\":\"2026-01-31T15:33:55+00:00\",\"dateModified\":\"2026-01-31T15:33:56+00:00\",\"mainEntityOfPage\":{\"@id\":\"https:\/\/progresso.com.br\/index.php\/2026\/01\/31\/navirai-entra-no-circuito-mundial-com-o-1o-campeonato-internacional-de-kyokushin\/\"},\"wordCount\":401,\"commentCount\":0,\"publisher\":{\"@id\":\"https:\/\/progresso.com.br\/#organization\"},\"image\":{\"@id\":\"https:\/\/progresso.com.br\/index.php\/2026\/01\/31\/navirai-entra-no-circuito-mundial-com-o-1o-campeonato-internacional-de-kyokushin\/#primaryimage\"},\"thumbnailUrl\":\"https:\/\/progresso.com.br\/wp-content\/uploads\/2026\/01\/1ef80663-de08-4e1a-bca3-cde4eb386008.jpg\",\"inLanguage\":\"pt-BR\",\"potentialAction\":[{\"@type\":\"CommentAction\",\"name\":\"Comment\",\"target\":[\"https:\/\/progresso.com.br\/index.php\/2026\/01\/31\/navirai-entra-no-circuito-mundial-com-o-1o-campeonato-internacional-de-kyokushin\/#respond\"]}]},{\"@type\":\"WebPage\",\"@id\":\"https:\/\/progresso.com.br\/index.php\/2026\/01\/31\/navirai-entra-no-circuito-mundial-com-o-1o-campeonato-internacional-de-kyokushin\/\",\"url\":\"https:\/\/progresso.com.br\/index.php\/2026\/01\/31\/navirai-entra-no-circuito-mundial-com-o-1o-campeonato-internacional-de-kyokushin\/\",\"name\":\"Navira\u00ed entra no Circuito Mundial com o 1\u00ba Campeonato Internacional de Kyokushin - O PROGRESSO\",\"isPartOf\":{\"@id\":\"https:\/\/progresso.com.br\/#website\"},\"primaryImageOfPage\":{\"@id\":\"https:\/\/progresso.com.br\/index.php\/2026\/01\/31\/navirai-entra-no-circuito-mundial-com-o-1o-campeonato-internacional-de-kyokushin\/#primaryimage\"},\"image\":{\"@id\":\"https:\/\/progresso.com.br\/index.php\/2026\/01\/31\/navirai-entra-no-circuito-mundial-com-o-1o-campeonato-internacional-de-kyokushin\/#primaryimage\"},\"thumbnailUrl\":\"https:\/\/progresso.com.br\/wp-content\/uploads\/2026\/01\/1ef80663-de08-4e1a-bca3-cde4eb386008.jpg\",\"datePublished\":\"2026-01-31T15:33:55+00:00\",\"dateModified\":\"2026-01-31T15:33:56+00:00\",\"breadcrumb\":{\"@id\":\"https:\/\/progresso.com.br\/index.php\/2026\/01\/31\/navirai-entra-no-circuito-mundial-com-o-1o-campeonato-internacional-de-kyokushin\/#breadcrumb\"},\"inLanguage\":\"pt-BR\",\"potentialAction\":[{\"@type\":\"ReadAction\",\"target\":[\"https:\/\/progresso.com.br\/index.php\/2026\/01\/31\/navirai-entra-no-circuito-mundial-com-o-1o-campeonato-internacional-de-kyokushin\/\"]}]},{\"@type\":\"ImageObject\",\"inLanguage\":\"pt-BR\",\"@id\":\"https:\/\/progresso.com.br\/index.php\/2026\/01\/31\/navirai-entra-no-circuito-mundial-com-o-1o-campeonato-internacional-de-kyokushin\/#primaryimage\",\"url\":\"https:\/\/progresso.com.br\/wp-content\/uploads\/2026\/01\/1ef80663-de08-4e1a-bca3-cde4eb386008.jpg\",\"contentUrl\":\"https:\/\/progresso.com.br\/wp-content\/uploads\/2026\/01\/1ef80663-de08-4e1a-bca3-cde4eb386008.jpg\",\"width\":1600,\"height\":1067},{\"@type\":\"BreadcrumbList\",\"@id\":\"https:\/\/progresso.com.br\/index.php\/2026\/01\/31\/navirai-entra-no-circuito-mundial-com-o-1o-campeonato-internacional-de-kyokushin\/#breadcrumb\",\"itemListElement\":[{\"@type\":\"ListItem\",\"position\":1,\"name\":\"In\u00edcio\",\"item\":\"https:\/\/progresso.com.br\/\"},{\"@type\":\"ListItem\",\"position\":2,\"name\":\"Navira\u00ed entra no Circuito Mundial com o 1\u00ba Campeonato Internacional de Kyokushin\"}]},{\"@type\":\"WebSite\",\"@id\":\"https:\/\/progresso.com.br\/#website\",\"url\":\"https:\/\/progresso.com.br\/\",\"name\":\"O PROGRESSO\",\"description\":\"\",\"publisher\":{\"@id\":\"https:\/\/progresso.com.br\/#organization\"},\"potentialAction\":[{\"@type\":\"SearchAction\",\"target\":{\"@type\":\"EntryPoint\",\"urlTemplate\":\"https:\/\/progresso.com.br\/?s={search_term_string}\"},\"query-input\":{\"@type\":\"PropertyValueSpecification\",\"valueRequired\":true,\"valueName\":\"search_term_string\"}}],\"inLanguage\":\"pt-BR\"},{\"@type\":\"Organization\",\"@id\":\"https:\/\/progresso.com.br\/#organization\",\"name\":\"O PROGRESSO\",\"url\":\"https:\/\/progresso.com.br\/\",\"logo\":{\"@type\":\"ImageObject\",\"inLanguage\":\"pt-BR\",\"@id\":\"https:\/\/progresso.com.br\/#\/schema\/logo\/image\/\",\"url\":\"https:\/\/progresso.com.br\/wp-content\/uploads\/2026\/03\/logo_proog.jpg\",\"contentUrl\":\"https:\/\/progresso.com.br\/wp-content\/uploads\/2026\/03\/logo_proog.jpg\",\"width\":1960,\"height\":1080,\"caption\":\"O PROGRESSO\"},\"image\":{\"@id\":\"https:\/\/progresso.com.br\/#\/schema\/logo\/image\/\"},\"sameAs\":[\"https:\/\/www.facebook.com\/share\/1CeoksKBj6\/\",\"https:\/\/www.instagram.com\/oprogresso_digital\"]},{\"@type\":\"Person\",\"@id\":\"https:\/\/progresso.com.br\/#\/schema\/person\/b7390ac97c5e156cc2e02aa8e88f1bf2\",\"name\":\"Alfredo\",\"image\":{\"@type\":\"ImageObject\",\"inLanguage\":\"pt-BR\",\"@id\":\"https:\/\/progresso.com.br\/#\/schema\/person\/image\/\",\"url\":\"https:\/\/secure.gravatar.com\/avatar\/ca208a3111522ad69d765c6f0ea1ce4742c74e10aba78ae7158042d704d65a9f?s=96&d=mm&r=g\",\"contentUrl\":\"https:\/\/secure.gravatar.com\/avatar\/ca208a3111522ad69d765c6f0ea1ce4742c74e10aba78ae7158042d704d65a9f?s=96&d=mm&r=g\",\"caption\":\"Alfredo\"},\"url\":\"https:\/\/progresso.com.br\/index.php\/author\/alfredo\/\"}]}<\/script>\n<!-- \/ Yoast SEO plugin. -->","yoast_head_json":{"title":"Navira\u00ed entra no Circuito Mundial com o 1\u00ba Campeonato Internacional de Kyokushin - O PROGRESSO","robots":{"index":"index","follow":"follow","max-snippet":"max-snippet:-1","max-image-preview":"max-image-preview:large","max-video-preview":"max-video-preview:-1"},"canonical":"https:\/\/progresso.com.br\/index.php\/2026\/01\/31\/navirai-entra-no-circuito-mundial-com-o-1o-campeonato-internacional-de-kyokushin\/","og_locale":"pt_BR","og_type":"article","og_title":"Navira\u00ed entra no Circuito Mundial com o 1\u00ba Campeonato Internacional de Kyokushin - O PROGRESSO","og_description":"Reuni\u00e3o entre o prefeito Rodrigo Sacuno e o atleta e treinador Shihan Fabiano definiu os detalhes do evento, que contar\u00e1 com categorias inclusivas e premia\u00e7\u00e3o em n\u00edvel internacional. A Prefeitura de Navira\u00ed segue investindo no esporte como ferramenta de inclus\u00e3o, desenvolvimento humano e proje\u00e7\u00e3o do munic\u00edpio. Na tarde desta ter\u00e7a-feira (30\/01), o prefeito&nbsp;Rodrigo Sacuno&nbsp;recebeu em [&hellip;]","og_url":"https:\/\/progresso.com.br\/index.php\/2026\/01\/31\/navirai-entra-no-circuito-mundial-com-o-1o-campeonato-internacional-de-kyokushin\/","og_site_name":"O PROGRESSO","article_publisher":"https:\/\/www.facebook.com\/share\/1CeoksKBj6\/","article_published_time":"2026-01-31T15:33:55+00:00","article_modified_time":"2026-01-31T15:33:56+00:00","og_image":[{"width":1600,"height":1067,"url":"https:\/\/progresso.com.br\/wp-content\/uploads\/2026\/01\/1ef80663-de08-4e1a-bca3-cde4eb386008.jpg","type":"image\/jpeg"}],"author":"Alfredo","twitter_card":"summary_large_image","twitter_misc":{"Escrito por":"Alfredo","Est. tempo de leitura":"2 minutos"},"schema":{"@context":"https:\/\/schema.org","@graph":[{"@type":"Article","@id":"https:\/\/progresso.com.br\/index.php\/2026\/01\/31\/navirai-entra-no-circuito-mundial-com-o-1o-campeonato-internacional-de-kyokushin\/#article","isPartOf":{"@id":"https:\/\/progresso.com.br\/index.php\/2026\/01\/31\/navirai-entra-no-circuito-mundial-com-o-1o-campeonato-internacional-de-kyokushin\/"},"author":{"name":"Alfredo","@id":"https:\/\/progresso.com.br\/#\/schema\/person\/b7390ac97c5e156cc2e02aa8e88f1bf2"},"headline":"Navira\u00ed entra no Circuito Mundial com o 1\u00ba Campeonato Internacional de Kyokushin","datePublished":"2026-01-31T15:33:55+00:00","dateModified":"2026-01-31T15:33:56+00:00","mainEntityOfPage":{"@id":"https:\/\/progresso.com.br\/index.php\/2026\/01\/31\/navirai-entra-no-circuito-mundial-com-o-1o-campeonato-internacional-de-kyokushin\/"},"wordCount":401,"commentCount":0,"publisher":{"@id":"https:\/\/progresso.com.br\/#organization"},"image":{"@id":"https:\/\/progresso.com.br\/index.php\/2026\/01\/31\/navirai-entra-no-circuito-mundial-com-o-1o-campeonato-internacional-de-kyokushin\/#primaryimage"},"thumbnailUrl":"https:\/\/progresso.com.br\/wp-content\/uploads\/2026\/01\/1ef80663-de08-4e1a-bca3-cde4eb386008.jpg","inLanguage":"pt-BR","potentialAction":[{"@type":"CommentAction","name":"Comment","target":["https:\/\/progresso.com.br\/index.php\/2026\/01\/31\/navirai-entra-no-circuito-mundial-com-o-1o-campeonato-internacional-de-kyokushin\/#respond"]}]},{"@type":"WebPage","@id":"https:\/\/progresso.com.br\/index.php\/2026\/01\/31\/navirai-entra-no-circuito-mundial-com-o-1o-campeonato-internacional-de-kyokushin\/","url":"https:\/\/progresso.com.br\/index.php\/2026\/01\/31\/navirai-entra-no-circuito-mundial-com-o-1o-campeonato-internacional-de-kyokushin\/","name":"Navira\u00ed entra no Circuito Mundial com o 1\u00ba Campeonato Internacional de Kyokushin - O PROGRESSO","isPartOf":{"@id":"https:\/\/progresso.com.br\/#website"},"primaryImageOfPage":{"@id":"https:\/\/progresso.com.br\/index.php\/2026\/01\/31\/navirai-entra-no-circuito-mundial-com-o-1o-campeonato-internacional-de-kyokushin\/#primaryimage"},"image":{"@id":"https:\/\/progresso.com.br\/index.php\/2026\/01\/31\/navirai-entra-no-circuito-mundial-com-o-1o-campeonato-internacional-de-kyokushin\/#primaryimage"},"thumbnailUrl":"https:\/\/progresso.com.br\/wp-content\/uploads\/2026\/01\/1ef80663-de08-4e1a-bca3-cde4eb386008.jpg","datePublished":"2026-01-31T15:33:55+00:00","dateModified":"2026-01-31T15:33:56+00:00","breadcrumb":{"@id":"https:\/\/progresso.com.br\/index.php\/2026\/01\/31\/navirai-entra-no-circuito-mundial-com-o-1o-campeonato-internacional-de-kyokushin\/#breadcrumb"},"inLanguage":"pt-BR","potentialAction":[{"@type":"ReadAction","target":["https:\/\/progresso.com.br\/index.php\/2026\/01\/31\/navirai-entra-no-circuito-mundial-com-o-1o-campeonato-internacional-de-kyokushin\/"]}]},{"@type":"ImageObject","inLanguage":"pt-BR","@id":"https:\/\/progresso.com.br\/index.php\/2026\/01\/31\/navirai-entra-no-circuito-mundial-com-o-1o-campeonato-internacional-de-kyokushin\/#primaryimage","url":"https:\/\/progresso.com.br\/wp-content\/uploads\/2026\/01\/1ef80663-de08-4e1a-bca3-cde4eb386008.jpg","contentUrl":"https:\/\/progresso.com.br\/wp-content\/uploads\/2026\/01\/1ef80663-de08-4e1a-bca3-cde4eb386008.jpg","width":1600,"height":1067},{"@type":"BreadcrumbList","@id":"https:\/\/progresso.com.br\/index.php\/2026\/01\/31\/navirai-entra-no-circuito-mundial-com-o-1o-campeonato-internacional-de-kyokushin\/#breadcrumb","itemListElement":[{"@type":"ListItem","position":1,"name":"In\u00edcio","item":"https:\/\/progresso.com.br\/"},{"@type":"ListItem","position":2,"name":"Navira\u00ed entra no Circuito Mundial com o 1\u00ba Campeonato Internacional de Kyokushin"}]},{"@type":"WebSite","@id":"https:\/\/progresso.com.br\/#website","url":"https:\/\/progresso.com.br\/","name":"O PROGRESSO","description":"","publisher":{"@id":"https:\/\/progresso.com.br\/#organization"},"potentialAction":[{"@type":"SearchAction","target":{"@type":"EntryPoint","urlTemplate":"https:\/\/progresso.com.br\/?s={search_term_string}"},"query-input":{"@type":"PropertyValueSpecification","valueRequired":true,"valueName":"search_term_string"}}],"inLanguage":"pt-BR"},{"@type":"Organization","@id":"https:\/\/progresso.com.br\/#organization","name":"O PROGRESSO","url":"https:\/\/progresso.com.br\/","logo":{"@type":"ImageObject","inLanguage":"pt-BR","@id":"https:\/\/progresso.com.br\/#\/schema\/logo\/image\/","url":"https:\/\/progresso.com.br\/wp-content\/uploads\/2026\/03\/logo_proog.jpg","contentUrl":"https:\/\/progresso.com.br\/wp-content\/uploads\/2026\/03\/logo_proog.jpg","width":1960,"height":1080,"caption":"O PROGRESSO"},"image":{"@id":"https:\/\/progresso.com.br\/#\/schema\/logo\/image\/"},"sameAs":["https:\/\/www.facebook.com\/share\/1CeoksKBj6\/","https:\/\/www.instagram.com\/oprogresso_digital"]},{"@type":"Person","@id":"https:\/\/progresso.com.br\/#\/schema\/person\/b7390ac97c5e156cc2e02aa8e88f1bf2","name":"Alfredo","image":{"@type":"ImageObject","inLanguage":"pt-BR","@id":"https:\/\/progresso.com.br\/#\/schema\/person\/image\/","url":"https:\/\/secure.gravatar.com\/avatar\/ca208a3111522ad69d765c6f0ea1ce4742c74e10aba78ae7158042d704d65a9f?s=96&d=mm&r=g","contentUrl":"https:\/\/secure.gravatar.com\/avatar\/ca208a3111522ad69d765c6f0ea1ce4742c74e10aba78ae7158042d704d65a9f?s=96&d=mm&r=g","caption":"Alfredo"},"url":"https:\/\/progresso.com.br\/index.php\/author\/alfredo\/"}]}},"_links":{"self":[{"href":"https:\/\/progresso.com.br\/index.php\/wp-json\/wp\/v2\/posts\/277","targetHints":{"allow":["GET"]}}],"collection":[{"href":"https:\/\/progresso.com.br\/index.php\/wp-json\/wp\/v2\/posts"}],"about":[{"href":"https:\/\/progresso.com.br\/index.php\/wp-json\/wp\/v2\/types\/post"}],"author":[{"embeddable":true,"href":"https:\/\/progresso.com.br\/index.php\/wp-json\/wp\/v2\/users\/3"}],"replies":[{"embeddable":true,"href":"https:\/\/progresso.com.br\/index.php\/wp-json\/wp\/v2\/comments?post=277"}],"version-history":[{"count":1,"href":"https:\/\/progresso.com.br\/index.php\/wp-json\/wp\/v2\/posts\/277\/revisions"}],"predecessor-version":[{"id":279,"href":"https:\/\/progresso.com.br\/index.php\/wp-json\/wp\/v2\/posts\/277\/revisions\/279"}],"wp:featuredmedia":[{"embeddable":true,"href":"https:\/\/progresso.com.br\/index.php\/wp-json\/wp\/v2\/media\/278"}],"wp:attachment":[{"href":"https:\/\/progresso.com.br\/index.php\/wp-json\/wp\/v2\/media?parent=277"}],"wp:term":[{"taxonomy":"category","embeddable":true,"href":"https:\/\/progresso.com.br\/index.php\/wp-json\/wp\/v2\/categories?post=277"},{"taxonomy":"post_tag","embeddable":true,"href":"https:\/\/progresso.com.br\/index.php\/wp-json\/wp\/v2\/tags?post=277"}],"curies":[{"name":"wp","href":"https:\/\/api.w.org\/{rel}","templated":true}]}}