{"id":307,"date":"2026-02-24T15:37:40","date_gmt":"2026-02-24T18:37:40","guid":{"rendered":"https:\/\/10nl.com.br\/?p=307"},"modified":"2026-02-24T15:37:40","modified_gmt":"2026-02-24T18:37:40","slug":"para-ampliar-atuacao-da-justica-federal-em-ms-governo-e-bancada-trabalham-em-parceria-com-trf3","status":"publish","type":"post","link":"https:\/\/progresso.com.br\/index.php\/2026\/02\/24\/para-ampliar-atuacao-da-justica-federal-em-ms-governo-e-bancada-trabalham-em-parceria-com-trf3\/","title":{"rendered":"Para ampliar atua\u00e7\u00e3o da Justi\u00e7a Federal em MS, governo e bancada trabalham em parceria com TRF3"},"content":{"rendered":"\n<p>Para discutir a amplia\u00e7\u00e3o e interioriza\u00e7\u00e3o da presta\u00e7\u00e3o jurisdicional em Mato Grosso do Sul, que tramita na C\u00e2mara dos Deputados por meio do projeto de lei que cria e instala seis novas varas na Justi\u00e7a Federal do Estado, o Governo de MS se reuniu com representantes do TRF3 (Tribunal Regional Federal da 3\u00aa Regi\u00e3o) e da bancada federal.<\/p>\n\n\n\n<p>No encontro realizado na manh\u00e3 desta segunda-feira (23), o governador Eduardo Riedel abordou a import\u00e2ncia da medida e reconheceu o apoio do pr\u00f3prio TRF3, e dos parlamentares, deputados federais e senadores. &#8220;Nossa rela\u00e7\u00e3o com a bancada federal \u00e9 sempre focada em buscar solu\u00e7\u00f5es para a sociedade, e o TRF3 abra\u00e7ou Mato Grosso do Sul de forma muito propositiva e ben\u00e9fica para o Estado&#8221;, disse.<\/p>\n\n\n\n<p>A C\u00e2mara dos Deputados recebeu, no m\u00eas de dezembro de 2025, o Projeto de Lei n\u00ba 6.359\/2025, encaminhado pelo STJ (Superior Tribunal de Justi\u00e7a), que prop\u00f5e a cria\u00e7\u00e3o de novos cargos efetivos e a instala\u00e7\u00e3o das seis varas na Justi\u00e7a Federal de Mato Grosso do Sul. A proposta prev\u00ea a instala\u00e7\u00e3o das unidades em Tr\u00eas Lagoas, Ponta Por\u00e3, Navira\u00ed, Dourados, Bonito e Corumb\u00e1.<\/p>\n\n\n\n<figure class=\"wp-block-image\"><a href=\"https:\/\/agenciadenoticias.ms.gov.br\/wp-content\/uploads\/2026\/02\/Reuniao-TRF3-e-Bancada-Federal-Foto-Alvaro-Rezende-3-scaled.jpg\"><img decoding=\"async\" src=\"https:\/\/agenciadenoticias.ms.gov.br\/wp-content\/uploads\/2026\/02\/Reuniao-TRF3-e-Bancada-Federal-Foto-Alvaro-Rezende-3-scaled.jpg\" alt=\"\"\/><\/a><\/figure>\n\n\n\n<figure class=\"wp-block-image\"><a href=\"https:\/\/agenciadenoticias.ms.gov.br\/wp-content\/uploads\/2026\/02\/Reuniao-TRF3-e-Bancada-Federal-Foto-Alvaro-Rezende-9-scaled.jpg\"><img decoding=\"async\" src=\"https:\/\/agenciadenoticias.ms.gov.br\/wp-content\/uploads\/2026\/02\/Reuniao-TRF3-e-Bancada-Federal-Foto-Alvaro-Rezende-9-scaled.jpg\" alt=\"\"\/><\/a><\/figure>\n\n\n\n<p>Para a&nbsp;procuradora-geral do Estado, Ana Ali, a&nbsp;iniciativa contribui para a melhoria da presta\u00e7\u00e3o jurisdicional considerando os grandes projetos em desenvolvimento em MS, como as rotas&nbsp;Bioce\u00e2nica e da Celulose. &#8220;A reuni\u00e3o&nbsp;foi muito positiva em rela\u00e7\u00e3o ao projeto de lei que j\u00e1 tramita na C\u00e2mara dos Deputados para a cria\u00e7\u00e3o das seis novas varas federais. \u00c9 importante a amplia\u00e7\u00e3o da Justi\u00e7a Federal para o Mato Grosso do Sul, com atendimento ao jurisdicionado de forma mais pr\u00f3xima, mais direta. A amplia\u00e7\u00e3o envolve a Rota da Celulose e Rota Bioce\u00e2nica, al\u00e9m do Estado ser regi\u00e3o de fronteira&#8221;, disse.<\/p>\n\n\n\n<p>O deputado federal e coordenador da bancada de MS, Dagoberto Nogueira, destacou a import\u00e2ncia da amplia\u00e7\u00e3o das varas da Justi\u00e7a Federal no Estado e o envolvimento dos parlamentares na aprova\u00e7\u00e3o do projeto. &#8220;\u00c9 um projeto de muito interesse do Mato Grosso do Sul, pois existem muitos processos e poucas varas. Com isso h\u00e1 uma demora muito grande nessas decis\u00f5es. E agora com a Rota Bioce\u00e2nica, acreditamos que vai aumentar a demanda. O governador chamou a bancada para que a gente pudesse agir em favor da aprova\u00e7\u00e3o do projeto de lei, que prev\u00ea a cria\u00e7\u00e3o e que est\u00e1 em tramita\u00e7\u00e3o na C\u00e2mara dos Deputados. N\u00f3s conversamos com o presidente Hugo Mota, ele deu orienta\u00e7\u00f5es para a gente tentar fazer o projeto tramitar em regime de urg\u00eancia e assim votamos nos pr\u00f3ximos dias&#8221;, disse Nogueira.<\/p>\n\n\n\n<p>Em outubro do ano passado&nbsp;o TRF3 instalou em Campo Grande, a Turma Regional de Mato Grosso do Sul. A medida marcou um passo hist\u00f3rico na descentraliza\u00e7\u00e3o da Justi\u00e7a Federal de segundo grau, refor\u00e7ando a presen\u00e7a institucional no Estado e permitindo que julgamentos ocorram de forma mais conectada \u00e0 realidade e \u00e0s demandas regionais,&nbsp;aproximando o cidad\u00e3o sul-mato-grossense das inst\u00e2ncias de decis\u00e3o e tornando mais \u00e1gil a tramita\u00e7\u00e3o de processos.<\/p>\n\n\n\n<figure class=\"wp-block-image\"><a href=\"https:\/\/agenciadenoticias.ms.gov.br\/wp-content\/uploads\/2026\/02\/Reuniao-TRF3-e-Bancada-Federal-Foto-Alvaro-Rezende-11-scaled.jpg\"><img decoding=\"async\" src=\"https:\/\/agenciadenoticias.ms.gov.br\/wp-content\/uploads\/2026\/02\/Reuniao-TRF3-e-Bancada-Federal-Foto-Alvaro-Rezende-11-scaled.jpg\" alt=\"\"\/><\/a><\/figure>\n\n\n\n<figure class=\"wp-block-image\"><a href=\"https:\/\/agenciadenoticias.ms.gov.br\/wp-content\/uploads\/2026\/02\/Reuniao-TRF3-e-Bancada-Federal-Foto-Alvaro-Rezende-4-scaled.jpg\"><img decoding=\"async\" src=\"https:\/\/agenciadenoticias.ms.gov.br\/wp-content\/uploads\/2026\/02\/Reuniao-TRF3-e-Bancada-Federal-Foto-Alvaro-Rezende-4-scaled.jpg\" alt=\"\"\/><\/a><\/figure>\n\n\n\n<figure class=\"wp-block-image\"><a href=\"https:\/\/agenciadenoticias.ms.gov.br\/wp-content\/uploads\/2026\/02\/Reuniao-TRF3-e-Bancada-Federal-Foto-Alvaro-Rezende-7-scaled.jpg\"><img decoding=\"async\" src=\"https:\/\/agenciadenoticias.ms.gov.br\/wp-content\/uploads\/2026\/02\/Reuniao-TRF3-e-Bancada-Federal-Foto-Alvaro-Rezende-7-scaled.jpg\" alt=\"\"\/><\/a><\/figure>\n\n\n\n<p>&#8220;Hoje ser\u00e1 inaugurada a instala\u00e7\u00e3o f\u00edsica da turma recursal do TRF3 no Estado, isso \u00e9 extremamente importante. N\u00f3s nunca tivemos uma mudan\u00e7a estrutural da Justi\u00e7a Federal e que traz uma proximidade, celeridade, e possibilidade de maior proximidade no sentido das especificidades de Mato Grosso do Sul. \u00c9 um momento marcante para a comunidade jur\u00eddica, para toda a advocacia p\u00fablica, privada, e para o jurisdicionado, para aquele que precisa do acesso da Justi\u00e7a Federal&#8221;, disse a procuradora-geral do Estado, Ana Ali.<\/p>\n\n\n\n<p>Tamb\u00e9m participaram do encontro o secret\u00e1rio Rodrigo Perez (Segov) e o desembargador e presidente do TRF 3\u00aa Regi\u00e3o, Carlos Muta, e demais membros do \u00f3rg\u00e3o, al\u00e9m dos senadores Soraya&nbsp;Thronicke e Nelson Trad Filho, e os deputados federais Beto Pereira e Geraldo Resende.<\/p>\n\n\n\n<p><em>Natalia Yahn, Comunica\u00e7\u00e3o Governo de MS<\/em><br><em>Fotos: \u00c1lvaro Rezende, Secom\/MS<\/em><\/p>\n","protected":false},"excerpt":{"rendered":"<p>Para discutir a amplia\u00e7\u00e3o e interioriza\u00e7\u00e3o da presta\u00e7\u00e3o jurisdicional em Mato Grosso do Sul, que tramita na C\u00e2mara dos Deputados por meio do projeto de lei que cria e instala seis novas varas na Justi\u00e7a Federal do Estado, o Governo de MS se reuniu com representantes do TRF3 (Tribunal Regional Federal da 3\u00aa Regi\u00e3o) e [&hellip;]<\/p>\n","protected":false},"author":2,"featured_media":308,"comment_status":"open","ping_status":"open","sticky":false,"template":"","format":"standard","meta":{"footnotes":""},"categories":[2],"tags":[],"class_list":["post-307","post","type-post","status-publish","format-standard","has-post-thumbnail","hentry","category-destaque"],"yoast_head":"<!-- This site is optimized with the Yoast SEO plugin v27.1.1 - https:\/\/yoast.com\/product\/yoast-seo-wordpress\/ -->\n<title>Para ampliar atua\u00e7\u00e3o da Justi\u00e7a Federal em MS, governo e bancada trabalham em parceria com TRF3 - O PROGRESSO<\/title>\n<meta name=\"robots\" content=\"index, follow, max-snippet:-1, max-image-preview:large, max-video-preview:-1\" \/>\n<link rel=\"canonical\" href=\"https:\/\/progresso.com.br\/index.php\/2026\/02\/24\/para-ampliar-atuacao-da-justica-federal-em-ms-governo-e-bancada-trabalham-em-parceria-com-trf3\/\" \/>\n<meta property=\"og:locale\" content=\"pt_BR\" \/>\n<meta property=\"og:type\" content=\"article\" \/>\n<meta property=\"og:title\" content=\"Para ampliar atua\u00e7\u00e3o da Justi\u00e7a Federal em MS, governo e bancada trabalham em parceria com TRF3 - O PROGRESSO\" \/>\n<meta property=\"og:description\" content=\"Para discutir a amplia\u00e7\u00e3o e interioriza\u00e7\u00e3o da presta\u00e7\u00e3o jurisdicional em Mato Grosso do Sul, que tramita na C\u00e2mara dos Deputados por meio do projeto de lei que cria e instala seis novas varas na Justi\u00e7a Federal do Estado, o Governo de MS se reuniu com representantes do TRF3 (Tribunal Regional Federal da 3\u00aa Regi\u00e3o) e [&hellip;]\" \/>\n<meta property=\"og:url\" content=\"https:\/\/progresso.com.br\/index.php\/2026\/02\/24\/para-ampliar-atuacao-da-justica-federal-em-ms-governo-e-bancada-trabalham-em-parceria-com-trf3\/\" \/>\n<meta property=\"og:site_name\" content=\"O PROGRESSO\" \/>\n<meta property=\"article:publisher\" content=\"https:\/\/www.facebook.com\/share\/1CeoksKBj6\/\" \/>\n<meta property=\"article:published_time\" content=\"2026-02-24T18:37:40+00:00\" \/>\n<meta property=\"og:image\" content=\"https:\/\/progresso.com.br\/wp-content\/uploads\/2026\/02\/Reuniao-TRF3-e-Bancada-Federal-Foto-Alvaro-Rezende-2-730x480-1.jpg\" \/>\n\t<meta property=\"og:image:width\" content=\"730\" \/>\n\t<meta property=\"og:image:height\" content=\"480\" \/>\n\t<meta property=\"og:image:type\" content=\"image\/jpeg\" \/>\n<meta name=\"author\" content=\"Rose\" \/>\n<meta name=\"twitter:card\" content=\"summary_large_image\" \/>\n<meta name=\"twitter:label1\" content=\"Escrito por\" \/>\n\t<meta name=\"twitter:data1\" content=\"Rose\" \/>\n\t<meta name=\"twitter:label2\" content=\"Est. tempo de leitura\" \/>\n\t<meta name=\"twitter:data2\" content=\"3 minutos\" \/>\n<script type=\"application\/ld+json\" class=\"yoast-schema-graph\">{\"@context\":\"https:\/\/schema.org\",\"@graph\":[{\"@type\":\"Article\",\"@id\":\"https:\/\/progresso.com.br\/index.php\/2026\/02\/24\/para-ampliar-atuacao-da-justica-federal-em-ms-governo-e-bancada-trabalham-em-parceria-com-trf3\/#article\",\"isPartOf\":{\"@id\":\"https:\/\/progresso.com.br\/index.php\/2026\/02\/24\/para-ampliar-atuacao-da-justica-federal-em-ms-governo-e-bancada-trabalham-em-parceria-com-trf3\/\"},\"author\":{\"name\":\"Rose\",\"@id\":\"https:\/\/progresso.com.br\/#\/schema\/person\/5dd27138d4463fbbaace62120bfc002b\"},\"headline\":\"Para ampliar atua\u00e7\u00e3o da Justi\u00e7a Federal em MS, governo e bancada trabalham em parceria com TRF3\",\"datePublished\":\"2026-02-24T18:37:40+00:00\",\"mainEntityOfPage\":{\"@id\":\"https:\/\/progresso.com.br\/index.php\/2026\/02\/24\/para-ampliar-atuacao-da-justica-federal-em-ms-governo-e-bancada-trabalham-em-parceria-com-trf3\/\"},\"wordCount\":705,\"commentCount\":0,\"publisher\":{\"@id\":\"https:\/\/progresso.com.br\/#organization\"},\"image\":{\"@id\":\"https:\/\/progresso.com.br\/index.php\/2026\/02\/24\/para-ampliar-atuacao-da-justica-federal-em-ms-governo-e-bancada-trabalham-em-parceria-com-trf3\/#primaryimage\"},\"thumbnailUrl\":\"https:\/\/progresso.com.br\/wp-content\/uploads\/2026\/02\/Reuniao-TRF3-e-Bancada-Federal-Foto-Alvaro-Rezende-2-730x480-1.jpg\",\"articleSection\":[\"Em destaque\"],\"inLanguage\":\"pt-BR\",\"potentialAction\":[{\"@type\":\"CommentAction\",\"name\":\"Comment\",\"target\":[\"https:\/\/progresso.com.br\/index.php\/2026\/02\/24\/para-ampliar-atuacao-da-justica-federal-em-ms-governo-e-bancada-trabalham-em-parceria-com-trf3\/#respond\"]}]},{\"@type\":\"WebPage\",\"@id\":\"https:\/\/progresso.com.br\/index.php\/2026\/02\/24\/para-ampliar-atuacao-da-justica-federal-em-ms-governo-e-bancada-trabalham-em-parceria-com-trf3\/\",\"url\":\"https:\/\/progresso.com.br\/index.php\/2026\/02\/24\/para-ampliar-atuacao-da-justica-federal-em-ms-governo-e-bancada-trabalham-em-parceria-com-trf3\/\",\"name\":\"Para ampliar atua\u00e7\u00e3o da Justi\u00e7a Federal em MS, governo e bancada trabalham em parceria com TRF3 - O PROGRESSO\",\"isPartOf\":{\"@id\":\"https:\/\/progresso.com.br\/#website\"},\"primaryImageOfPage\":{\"@id\":\"https:\/\/progresso.com.br\/index.php\/2026\/02\/24\/para-ampliar-atuacao-da-justica-federal-em-ms-governo-e-bancada-trabalham-em-parceria-com-trf3\/#primaryimage\"},\"image\":{\"@id\":\"https:\/\/progresso.com.br\/index.php\/2026\/02\/24\/para-ampliar-atuacao-da-justica-federal-em-ms-governo-e-bancada-trabalham-em-parceria-com-trf3\/#primaryimage\"},\"thumbnailUrl\":\"https:\/\/progresso.com.br\/wp-content\/uploads\/2026\/02\/Reuniao-TRF3-e-Bancada-Federal-Foto-Alvaro-Rezende-2-730x480-1.jpg\",\"datePublished\":\"2026-02-24T18:37:40+00:00\",\"breadcrumb\":{\"@id\":\"https:\/\/progresso.com.br\/index.php\/2026\/02\/24\/para-ampliar-atuacao-da-justica-federal-em-ms-governo-e-bancada-trabalham-em-parceria-com-trf3\/#breadcrumb\"},\"inLanguage\":\"pt-BR\",\"potentialAction\":[{\"@type\":\"ReadAction\",\"target\":[\"https:\/\/progresso.com.br\/index.php\/2026\/02\/24\/para-ampliar-atuacao-da-justica-federal-em-ms-governo-e-bancada-trabalham-em-parceria-com-trf3\/\"]}]},{\"@type\":\"ImageObject\",\"inLanguage\":\"pt-BR\",\"@id\":\"https:\/\/progresso.com.br\/index.php\/2026\/02\/24\/para-ampliar-atuacao-da-justica-federal-em-ms-governo-e-bancada-trabalham-em-parceria-com-trf3\/#primaryimage\",\"url\":\"https:\/\/progresso.com.br\/wp-content\/uploads\/2026\/02\/Reuniao-TRF3-e-Bancada-Federal-Foto-Alvaro-Rezende-2-730x480-1.jpg\",\"contentUrl\":\"https:\/\/progresso.com.br\/wp-content\/uploads\/2026\/02\/Reuniao-TRF3-e-Bancada-Federal-Foto-Alvaro-Rezende-2-730x480-1.jpg\",\"width\":730,\"height\":480},{\"@type\":\"BreadcrumbList\",\"@id\":\"https:\/\/progresso.com.br\/index.php\/2026\/02\/24\/para-ampliar-atuacao-da-justica-federal-em-ms-governo-e-bancada-trabalham-em-parceria-com-trf3\/#breadcrumb\",\"itemListElement\":[{\"@type\":\"ListItem\",\"position\":1,\"name\":\"In\u00edcio\",\"item\":\"https:\/\/progresso.com.br\/\"},{\"@type\":\"ListItem\",\"position\":2,\"name\":\"Para ampliar atua\u00e7\u00e3o da Justi\u00e7a Federal em MS, governo e bancada trabalham em parceria com TRF3\"}]},{\"@type\":\"WebSite\",\"@id\":\"https:\/\/progresso.com.br\/#website\",\"url\":\"https:\/\/progresso.com.br\/\",\"name\":\"O PROGRESSO\",\"description\":\"\",\"publisher\":{\"@id\":\"https:\/\/progresso.com.br\/#organization\"},\"potentialAction\":[{\"@type\":\"SearchAction\",\"target\":{\"@type\":\"EntryPoint\",\"urlTemplate\":\"https:\/\/progresso.com.br\/?s={search_term_string}\"},\"query-input\":{\"@type\":\"PropertyValueSpecification\",\"valueRequired\":true,\"valueName\":\"search_term_string\"}}],\"inLanguage\":\"pt-BR\"},{\"@type\":\"Organization\",\"@id\":\"https:\/\/progresso.com.br\/#organization\",\"name\":\"O PROGRESSO\",\"url\":\"https:\/\/progresso.com.br\/\",\"logo\":{\"@type\":\"ImageObject\",\"inLanguage\":\"pt-BR\",\"@id\":\"https:\/\/progresso.com.br\/#\/schema\/logo\/image\/\",\"url\":\"https:\/\/progresso.com.br\/wp-content\/uploads\/2026\/03\/logo_proog.jpg\",\"contentUrl\":\"https:\/\/progresso.com.br\/wp-content\/uploads\/2026\/03\/logo_proog.jpg\",\"width\":1960,\"height\":1080,\"caption\":\"O PROGRESSO\"},\"image\":{\"@id\":\"https:\/\/progresso.com.br\/#\/schema\/logo\/image\/\"},\"sameAs\":[\"https:\/\/www.facebook.com\/share\/1CeoksKBj6\/\",\"https:\/\/www.instagram.com\/oprogresso_digital\"]},{\"@type\":\"Person\",\"@id\":\"https:\/\/progresso.com.br\/#\/schema\/person\/5dd27138d4463fbbaace62120bfc002b\",\"name\":\"Rose\",\"image\":{\"@type\":\"ImageObject\",\"inLanguage\":\"pt-BR\",\"@id\":\"https:\/\/progresso.com.br\/#\/schema\/person\/image\/\",\"url\":\"https:\/\/secure.gravatar.com\/avatar\/1b6890e759cdd3a88d9f751cb423720b9861c5239167cd3586355638b6556599?s=96&d=mm&r=g\",\"contentUrl\":\"https:\/\/secure.gravatar.com\/avatar\/1b6890e759cdd3a88d9f751cb423720b9861c5239167cd3586355638b6556599?s=96&d=mm&r=g\",\"caption\":\"Rose\"},\"url\":\"https:\/\/progresso.com.br\/index.php\/author\/rose\/\"}]}<\/script>\n<!-- \/ Yoast SEO plugin. -->","yoast_head_json":{"title":"Para ampliar atua\u00e7\u00e3o da Justi\u00e7a Federal em MS, governo e bancada trabalham em parceria com TRF3 - O PROGRESSO","robots":{"index":"index","follow":"follow","max-snippet":"max-snippet:-1","max-image-preview":"max-image-preview:large","max-video-preview":"max-video-preview:-1"},"canonical":"https:\/\/progresso.com.br\/index.php\/2026\/02\/24\/para-ampliar-atuacao-da-justica-federal-em-ms-governo-e-bancada-trabalham-em-parceria-com-trf3\/","og_locale":"pt_BR","og_type":"article","og_title":"Para ampliar atua\u00e7\u00e3o da Justi\u00e7a Federal em MS, governo e bancada trabalham em parceria com TRF3 - O PROGRESSO","og_description":"Para discutir a amplia\u00e7\u00e3o e interioriza\u00e7\u00e3o da presta\u00e7\u00e3o jurisdicional em Mato Grosso do Sul, que tramita na C\u00e2mara dos Deputados por meio do projeto de lei que cria e instala seis novas varas na Justi\u00e7a Federal do Estado, o Governo de MS se reuniu com representantes do TRF3 (Tribunal Regional Federal da 3\u00aa Regi\u00e3o) e [&hellip;]","og_url":"https:\/\/progresso.com.br\/index.php\/2026\/02\/24\/para-ampliar-atuacao-da-justica-federal-em-ms-governo-e-bancada-trabalham-em-parceria-com-trf3\/","og_site_name":"O PROGRESSO","article_publisher":"https:\/\/www.facebook.com\/share\/1CeoksKBj6\/","article_published_time":"2026-02-24T18:37:40+00:00","og_image":[{"width":730,"height":480,"url":"https:\/\/progresso.com.br\/wp-content\/uploads\/2026\/02\/Reuniao-TRF3-e-Bancada-Federal-Foto-Alvaro-Rezende-2-730x480-1.jpg","type":"image\/jpeg"}],"author":"Rose","twitter_card":"summary_large_image","twitter_misc":{"Escrito por":"Rose","Est. tempo de leitura":"3 minutos"},"schema":{"@context":"https:\/\/schema.org","@graph":[{"@type":"Article","@id":"https:\/\/progresso.com.br\/index.php\/2026\/02\/24\/para-ampliar-atuacao-da-justica-federal-em-ms-governo-e-bancada-trabalham-em-parceria-com-trf3\/#article","isPartOf":{"@id":"https:\/\/progresso.com.br\/index.php\/2026\/02\/24\/para-ampliar-atuacao-da-justica-federal-em-ms-governo-e-bancada-trabalham-em-parceria-com-trf3\/"},"author":{"name":"Rose","@id":"https:\/\/progresso.com.br\/#\/schema\/person\/5dd27138d4463fbbaace62120bfc002b"},"headline":"Para ampliar atua\u00e7\u00e3o da Justi\u00e7a Federal em MS, governo e bancada trabalham em parceria com TRF3","datePublished":"2026-02-24T18:37:40+00:00","mainEntityOfPage":{"@id":"https:\/\/progresso.com.br\/index.php\/2026\/02\/24\/para-ampliar-atuacao-da-justica-federal-em-ms-governo-e-bancada-trabalham-em-parceria-com-trf3\/"},"wordCount":705,"commentCount":0,"publisher":{"@id":"https:\/\/progresso.com.br\/#organization"},"image":{"@id":"https:\/\/progresso.com.br\/index.php\/2026\/02\/24\/para-ampliar-atuacao-da-justica-federal-em-ms-governo-e-bancada-trabalham-em-parceria-com-trf3\/#primaryimage"},"thumbnailUrl":"https:\/\/progresso.com.br\/wp-content\/uploads\/2026\/02\/Reuniao-TRF3-e-Bancada-Federal-Foto-Alvaro-Rezende-2-730x480-1.jpg","articleSection":["Em destaque"],"inLanguage":"pt-BR","potentialAction":[{"@type":"CommentAction","name":"Comment","target":["https:\/\/progresso.com.br\/index.php\/2026\/02\/24\/para-ampliar-atuacao-da-justica-federal-em-ms-governo-e-bancada-trabalham-em-parceria-com-trf3\/#respond"]}]},{"@type":"WebPage","@id":"https:\/\/progresso.com.br\/index.php\/2026\/02\/24\/para-ampliar-atuacao-da-justica-federal-em-ms-governo-e-bancada-trabalham-em-parceria-com-trf3\/","url":"https:\/\/progresso.com.br\/index.php\/2026\/02\/24\/para-ampliar-atuacao-da-justica-federal-em-ms-governo-e-bancada-trabalham-em-parceria-com-trf3\/","name":"Para ampliar atua\u00e7\u00e3o da Justi\u00e7a Federal em MS, governo e bancada trabalham em parceria com TRF3 - O PROGRESSO","isPartOf":{"@id":"https:\/\/progresso.com.br\/#website"},"primaryImageOfPage":{"@id":"https:\/\/progresso.com.br\/index.php\/2026\/02\/24\/para-ampliar-atuacao-da-justica-federal-em-ms-governo-e-bancada-trabalham-em-parceria-com-trf3\/#primaryimage"},"image":{"@id":"https:\/\/progresso.com.br\/index.php\/2026\/02\/24\/para-ampliar-atuacao-da-justica-federal-em-ms-governo-e-bancada-trabalham-em-parceria-com-trf3\/#primaryimage"},"thumbnailUrl":"https:\/\/progresso.com.br\/wp-content\/uploads\/2026\/02\/Reuniao-TRF3-e-Bancada-Federal-Foto-Alvaro-Rezende-2-730x480-1.jpg","datePublished":"2026-02-24T18:37:40+00:00","breadcrumb":{"@id":"https:\/\/progresso.com.br\/index.php\/2026\/02\/24\/para-ampliar-atuacao-da-justica-federal-em-ms-governo-e-bancada-trabalham-em-parceria-com-trf3\/#breadcrumb"},"inLanguage":"pt-BR","potentialAction":[{"@type":"ReadAction","target":["https:\/\/progresso.com.br\/index.php\/2026\/02\/24\/para-ampliar-atuacao-da-justica-federal-em-ms-governo-e-bancada-trabalham-em-parceria-com-trf3\/"]}]},{"@type":"ImageObject","inLanguage":"pt-BR","@id":"https:\/\/progresso.com.br\/index.php\/2026\/02\/24\/para-ampliar-atuacao-da-justica-federal-em-ms-governo-e-bancada-trabalham-em-parceria-com-trf3\/#primaryimage","url":"https:\/\/progresso.com.br\/wp-content\/uploads\/2026\/02\/Reuniao-TRF3-e-Bancada-Federal-Foto-Alvaro-Rezende-2-730x480-1.jpg","contentUrl":"https:\/\/progresso.com.br\/wp-content\/uploads\/2026\/02\/Reuniao-TRF3-e-Bancada-Federal-Foto-Alvaro-Rezende-2-730x480-1.jpg","width":730,"height":480},{"@type":"BreadcrumbList","@id":"https:\/\/progresso.com.br\/index.php\/2026\/02\/24\/para-ampliar-atuacao-da-justica-federal-em-ms-governo-e-bancada-trabalham-em-parceria-com-trf3\/#breadcrumb","itemListElement":[{"@type":"ListItem","position":1,"name":"In\u00edcio","item":"https:\/\/progresso.com.br\/"},{"@type":"ListItem","position":2,"name":"Para ampliar atua\u00e7\u00e3o da Justi\u00e7a Federal em MS, governo e bancada trabalham em parceria com TRF3"}]},{"@type":"WebSite","@id":"https:\/\/progresso.com.br\/#website","url":"https:\/\/progresso.com.br\/","name":"O PROGRESSO","description":"","publisher":{"@id":"https:\/\/progresso.com.br\/#organization"},"potentialAction":[{"@type":"SearchAction","target":{"@type":"EntryPoint","urlTemplate":"https:\/\/progresso.com.br\/?s={search_term_string}"},"query-input":{"@type":"PropertyValueSpecification","valueRequired":true,"valueName":"search_term_string"}}],"inLanguage":"pt-BR"},{"@type":"Organization","@id":"https:\/\/progresso.com.br\/#organization","name":"O PROGRESSO","url":"https:\/\/progresso.com.br\/","logo":{"@type":"ImageObject","inLanguage":"pt-BR","@id":"https:\/\/progresso.com.br\/#\/schema\/logo\/image\/","url":"https:\/\/progresso.com.br\/wp-content\/uploads\/2026\/03\/logo_proog.jpg","contentUrl":"https:\/\/progresso.com.br\/wp-content\/uploads\/2026\/03\/logo_proog.jpg","width":1960,"height":1080,"caption":"O PROGRESSO"},"image":{"@id":"https:\/\/progresso.com.br\/#\/schema\/logo\/image\/"},"sameAs":["https:\/\/www.facebook.com\/share\/1CeoksKBj6\/","https:\/\/www.instagram.com\/oprogresso_digital"]},{"@type":"Person","@id":"https:\/\/progresso.com.br\/#\/schema\/person\/5dd27138d4463fbbaace62120bfc002b","name":"Rose","image":{"@type":"ImageObject","inLanguage":"pt-BR","@id":"https:\/\/progresso.com.br\/#\/schema\/person\/image\/","url":"https:\/\/secure.gravatar.com\/avatar\/1b6890e759cdd3a88d9f751cb423720b9861c5239167cd3586355638b6556599?s=96&d=mm&r=g","contentUrl":"https:\/\/secure.gravatar.com\/avatar\/1b6890e759cdd3a88d9f751cb423720b9861c5239167cd3586355638b6556599?s=96&d=mm&r=g","caption":"Rose"},"url":"https:\/\/progresso.com.br\/index.php\/author\/rose\/"}]}},"_links":{"self":[{"href":"https:\/\/progresso.com.br\/index.php\/wp-json\/wp\/v2\/posts\/307","targetHints":{"allow":["GET"]}}],"collection":[{"href":"https:\/\/progresso.com.br\/index.php\/wp-json\/wp\/v2\/posts"}],"about":[{"href":"https:\/\/progresso.com.br\/index.php\/wp-json\/wp\/v2\/types\/post"}],"author":[{"embeddable":true,"href":"https:\/\/progresso.com.br\/index.php\/wp-json\/wp\/v2\/users\/2"}],"replies":[{"embeddable":true,"href":"https:\/\/progresso.com.br\/index.php\/wp-json\/wp\/v2\/comments?post=307"}],"version-history":[{"count":1,"href":"https:\/\/progresso.com.br\/index.php\/wp-json\/wp\/v2\/posts\/307\/revisions"}],"predecessor-version":[{"id":309,"href":"https:\/\/progresso.com.br\/index.php\/wp-json\/wp\/v2\/posts\/307\/revisions\/309"}],"wp:featuredmedia":[{"embeddable":true,"href":"https:\/\/progresso.com.br\/index.php\/wp-json\/wp\/v2\/media\/308"}],"wp:attachment":[{"href":"https:\/\/progresso.com.br\/index.php\/wp-json\/wp\/v2\/media?parent=307"}],"wp:term":[{"taxonomy":"category","embeddable":true,"href":"https:\/\/progresso.com.br\/index.php\/wp-json\/wp\/v2\/categories?post=307"},{"taxonomy":"post_tag","embeddable":true,"href":"https:\/\/progresso.com.br\/index.php\/wp-json\/wp\/v2\/tags?post=307"}],"curies":[{"name":"wp","href":"https:\/\/api.w.org\/{rel}","templated":true}]}}