{"id":318,"date":"2026-02-27T17:01:32","date_gmt":"2026-02-27T20:01:32","guid":{"rendered":"https:\/\/10nl.com.br\/?p=318"},"modified":"2026-02-27T17:01:33","modified_gmt":"2026-02-27T20:01:33","slug":"vereadora-mais-votada-entra-na-mira-dos-colegas-que-podem-cassar-o-mandato-dela","status":"publish","type":"post","link":"https:\/\/progresso.com.br\/index.php\/2026\/02\/27\/vereadora-mais-votada-entra-na-mira-dos-colegas-que-podem-cassar-o-mandato-dela\/","title":{"rendered":"Vereadora mais votada entra na mira dos colegas, que podem cassar o mandato dela"},"content":{"rendered":"\n<p>Em outubro de 2024, Isa Marcondes (Republicanos) recebeu 2.992 votos na urna eletr\u00f4nica e se tornou a vereadora eleita com o maior n\u00famero de votos em Dourados.<\/p>\n\n\n\n<p>Agora, 14 meses ap\u00f3s a posse, viu seus colegas de Legislativo acatando duas den\u00fancias que foram protocoladas na C\u00e2mara Municipal.<\/p>\n\n\n\n<p>A primeira den\u00fancia foi iniciativa de servidores p\u00fablicos que trabalham na UPA (Unidade de Pronto Atendimento) de Dourados, na qual a vereadora \u00e9 acusada de cometer \u201cinfra\u00e7\u00f5es de viola\u00e7\u00e3o ao direito de descanso\u201d.<\/p>\n\n\n\n\n\n<p>A segunda den\u00fancia \u00e9 de autoria do advogado Wagner Batista da Silva, na qual se ampara em eventual a\u00e7\u00e3o de improbidade administrativa tendo como base despesas com combust\u00edveis pagas pela vereadora com recursos da chamada Ceap (Cota para Exerc\u00edcio da Atividade Parlamentar).<\/p>\n\n\n\n<p>As duas den\u00fancias foram aceitas e seguem agora os tr\u00e2mites de acordo com o Regimento Interno da C\u00e2mara Municipal de Dourados, sendo analisadas pela Comiss\u00e3o de \u00c9tica e Decoro Parlamentar at\u00e9 chegar ao plen\u00e1rio.<\/p>\n\n\n\n<p>Nas vota\u00e7\u00f5es ocorridas durante sess\u00e3o na noite de segunda-feira, a presidente Liandra Brambilla da Silva (PSDB), de acordo com as regras, n\u00e3o precisou votar.<\/p>\n\n\n\n<p>J\u00e1 na den\u00fancia do pessoal da UPA, foram votos contr\u00e1rios ao recebimento os vereadores Daniel J\u00fanior (PP), Dill do Povo (Uni\u00e3o Brasil) e Edson Souza (Uni\u00e3o Brasil).<\/p>\n\n\n\n<p>E a den\u00fancia sobre eventual uso irregular de combust\u00edvel teve dois votos contr\u00e1rios, dos vereadores Alex Cadeirante (PSDB) e Dill do Povo (Uni\u00e3o Brasil).<\/p>\n\n\n\n<p>As comiss\u00f5es foram definidas atrav\u00e9s de sorteio e cada uma tem o prazo de 90 dias para apurar o caso e entregar o seu relat\u00f3rio final.<\/p>\n\n\n\n<p>A primeira den\u00fancia (da UPA), est\u00e1 formada com os seguintes vereadores: o presidente \u00e9 Rog\u00e9rio Yuri (PSDB), o vice \u00e9 Laudir Munaretto (MDB) e como membro Cemar Arnal (PP).<\/p>\n\n\n\n<p>E a segunda den\u00fancia (do combust\u00edvel) tem como presidente o vereador M\u00e1rcio Pudim (PSDB), o vice-relator Cemar Arnal (PP) e o membro Ana Paula Benitez (Republicanos).<\/p>\n\n\n\n<p><\/p>\n","protected":false},"excerpt":{"rendered":"<p>Em outubro de 2024, Isa Marcondes (Republicanos) recebeu 2.992 votos na urna eletr\u00f4nica e se tornou a vereadora eleita com o maior n\u00famero de votos em Dourados. Agora, 14 meses ap\u00f3s a posse, viu seus colegas de Legislativo acatando duas den\u00fancias que foram protocoladas na C\u00e2mara Municipal. A primeira den\u00fancia foi iniciativa de servidores p\u00fablicos [&hellip;]<\/p>\n","protected":false},"author":3,"featured_media":319,"comment_status":"open","ping_status":"open","sticky":false,"template":"","format":"standard","meta":{"footnotes":""},"categories":[9],"tags":[],"class_list":["post-318","post","type-post","status-publish","format-standard","has-post-thumbnail","hentry","category-politica"],"yoast_head":"<!-- This site is optimized with the Yoast SEO plugin v27.1.1 - https:\/\/yoast.com\/product\/yoast-seo-wordpress\/ -->\n<title>Vereadora mais votada entra na mira dos colegas, que podem cassar o mandato dela - O PROGRESSO<\/title>\n<meta name=\"robots\" content=\"index, follow, max-snippet:-1, max-image-preview:large, max-video-preview:-1\" \/>\n<link rel=\"canonical\" href=\"https:\/\/progresso.com.br\/index.php\/2026\/02\/27\/vereadora-mais-votada-entra-na-mira-dos-colegas-que-podem-cassar-o-mandato-dela\/\" \/>\n<meta property=\"og:locale\" content=\"pt_BR\" \/>\n<meta property=\"og:type\" content=\"article\" \/>\n<meta property=\"og:title\" content=\"Vereadora mais votada entra na mira dos colegas, que podem cassar o mandato dela - O PROGRESSO\" \/>\n<meta property=\"og:description\" content=\"Em outubro de 2024, Isa Marcondes (Republicanos) recebeu 2.992 votos na urna eletr\u00f4nica e se tornou a vereadora eleita com o maior n\u00famero de votos em Dourados. Agora, 14 meses ap\u00f3s a posse, viu seus colegas de Legislativo acatando duas den\u00fancias que foram protocoladas na C\u00e2mara Municipal. A primeira den\u00fancia foi iniciativa de servidores p\u00fablicos [&hellip;]\" \/>\n<meta property=\"og:url\" content=\"https:\/\/progresso.com.br\/index.php\/2026\/02\/27\/vereadora-mais-votada-entra-na-mira-dos-colegas-que-podem-cassar-o-mandato-dela\/\" \/>\n<meta property=\"og:site_name\" content=\"O PROGRESSO\" \/>\n<meta property=\"article:publisher\" content=\"https:\/\/www.facebook.com\/share\/1CeoksKBj6\/\" \/>\n<meta property=\"article:published_time\" content=\"2026-02-27T20:01:32+00:00\" \/>\n<meta property=\"article:modified_time\" content=\"2026-02-27T20:01:33+00:00\" \/>\n<meta property=\"og:image\" content=\"https:\/\/progresso.com.br\/wp-content\/uploads\/2026\/02\/isa.jpg\" \/>\n\t<meta property=\"og:image:width\" content=\"2560\" \/>\n\t<meta property=\"og:image:height\" content=\"1707\" \/>\n\t<meta property=\"og:image:type\" content=\"image\/jpeg\" \/>\n<meta name=\"author\" content=\"Alfredo\" \/>\n<meta name=\"twitter:card\" content=\"summary_large_image\" \/>\n<meta name=\"twitter:label1\" content=\"Escrito por\" \/>\n\t<meta name=\"twitter:data1\" content=\"Alfredo\" \/>\n\t<meta name=\"twitter:label2\" content=\"Est. tempo de leitura\" \/>\n\t<meta name=\"twitter:data2\" content=\"2 minutos\" \/>\n<script type=\"application\/ld+json\" class=\"yoast-schema-graph\">{\"@context\":\"https:\/\/schema.org\",\"@graph\":[{\"@type\":\"Article\",\"@id\":\"https:\/\/progresso.com.br\/index.php\/2026\/02\/27\/vereadora-mais-votada-entra-na-mira-dos-colegas-que-podem-cassar-o-mandato-dela\/#article\",\"isPartOf\":{\"@id\":\"https:\/\/progresso.com.br\/index.php\/2026\/02\/27\/vereadora-mais-votada-entra-na-mira-dos-colegas-que-podem-cassar-o-mandato-dela\/\"},\"author\":{\"name\":\"Alfredo\",\"@id\":\"https:\/\/progresso.com.br\/#\/schema\/person\/b7390ac97c5e156cc2e02aa8e88f1bf2\"},\"headline\":\"Vereadora mais votada entra na mira dos colegas, que podem cassar o mandato dela\",\"datePublished\":\"2026-02-27T20:01:32+00:00\",\"dateModified\":\"2026-02-27T20:01:33+00:00\",\"mainEntityOfPage\":{\"@id\":\"https:\/\/progresso.com.br\/index.php\/2026\/02\/27\/vereadora-mais-votada-entra-na-mira-dos-colegas-que-podem-cassar-o-mandato-dela\/\"},\"wordCount\":356,\"commentCount\":0,\"publisher\":{\"@id\":\"https:\/\/progresso.com.br\/#organization\"},\"image\":{\"@id\":\"https:\/\/progresso.com.br\/index.php\/2026\/02\/27\/vereadora-mais-votada-entra-na-mira-dos-colegas-que-podem-cassar-o-mandato-dela\/#primaryimage\"},\"thumbnailUrl\":\"https:\/\/progresso.com.br\/wp-content\/uploads\/2026\/02\/isa.jpg\",\"articleSection\":[\"Pol\u00edtica\"],\"inLanguage\":\"pt-BR\",\"potentialAction\":[{\"@type\":\"CommentAction\",\"name\":\"Comment\",\"target\":[\"https:\/\/progresso.com.br\/index.php\/2026\/02\/27\/vereadora-mais-votada-entra-na-mira-dos-colegas-que-podem-cassar-o-mandato-dela\/#respond\"]}]},{\"@type\":\"WebPage\",\"@id\":\"https:\/\/progresso.com.br\/index.php\/2026\/02\/27\/vereadora-mais-votada-entra-na-mira-dos-colegas-que-podem-cassar-o-mandato-dela\/\",\"url\":\"https:\/\/progresso.com.br\/index.php\/2026\/02\/27\/vereadora-mais-votada-entra-na-mira-dos-colegas-que-podem-cassar-o-mandato-dela\/\",\"name\":\"Vereadora mais votada entra na mira dos colegas, que podem cassar o mandato dela - O PROGRESSO\",\"isPartOf\":{\"@id\":\"https:\/\/progresso.com.br\/#website\"},\"primaryImageOfPage\":{\"@id\":\"https:\/\/progresso.com.br\/index.php\/2026\/02\/27\/vereadora-mais-votada-entra-na-mira-dos-colegas-que-podem-cassar-o-mandato-dela\/#primaryimage\"},\"image\":{\"@id\":\"https:\/\/progresso.com.br\/index.php\/2026\/02\/27\/vereadora-mais-votada-entra-na-mira-dos-colegas-que-podem-cassar-o-mandato-dela\/#primaryimage\"},\"thumbnailUrl\":\"https:\/\/progresso.com.br\/wp-content\/uploads\/2026\/02\/isa.jpg\",\"datePublished\":\"2026-02-27T20:01:32+00:00\",\"dateModified\":\"2026-02-27T20:01:33+00:00\",\"breadcrumb\":{\"@id\":\"https:\/\/progresso.com.br\/index.php\/2026\/02\/27\/vereadora-mais-votada-entra-na-mira-dos-colegas-que-podem-cassar-o-mandato-dela\/#breadcrumb\"},\"inLanguage\":\"pt-BR\",\"potentialAction\":[{\"@type\":\"ReadAction\",\"target\":[\"https:\/\/progresso.com.br\/index.php\/2026\/02\/27\/vereadora-mais-votada-entra-na-mira-dos-colegas-que-podem-cassar-o-mandato-dela\/\"]}]},{\"@type\":\"ImageObject\",\"inLanguage\":\"pt-BR\",\"@id\":\"https:\/\/progresso.com.br\/index.php\/2026\/02\/27\/vereadora-mais-votada-entra-na-mira-dos-colegas-que-podem-cassar-o-mandato-dela\/#primaryimage\",\"url\":\"https:\/\/progresso.com.br\/wp-content\/uploads\/2026\/02\/isa.jpg\",\"contentUrl\":\"https:\/\/progresso.com.br\/wp-content\/uploads\/2026\/02\/isa.jpg\",\"width\":2560,\"height\":1707},{\"@type\":\"BreadcrumbList\",\"@id\":\"https:\/\/progresso.com.br\/index.php\/2026\/02\/27\/vereadora-mais-votada-entra-na-mira-dos-colegas-que-podem-cassar-o-mandato-dela\/#breadcrumb\",\"itemListElement\":[{\"@type\":\"ListItem\",\"position\":1,\"name\":\"In\u00edcio\",\"item\":\"https:\/\/progresso.com.br\/\"},{\"@type\":\"ListItem\",\"position\":2,\"name\":\"Vereadora mais votada entra na mira dos colegas, que podem cassar o mandato dela\"}]},{\"@type\":\"WebSite\",\"@id\":\"https:\/\/progresso.com.br\/#website\",\"url\":\"https:\/\/progresso.com.br\/\",\"name\":\"O PROGRESSO\",\"description\":\"\",\"publisher\":{\"@id\":\"https:\/\/progresso.com.br\/#organization\"},\"potentialAction\":[{\"@type\":\"SearchAction\",\"target\":{\"@type\":\"EntryPoint\",\"urlTemplate\":\"https:\/\/progresso.com.br\/?s={search_term_string}\"},\"query-input\":{\"@type\":\"PropertyValueSpecification\",\"valueRequired\":true,\"valueName\":\"search_term_string\"}}],\"inLanguage\":\"pt-BR\"},{\"@type\":\"Organization\",\"@id\":\"https:\/\/progresso.com.br\/#organization\",\"name\":\"O PROGRESSO\",\"url\":\"https:\/\/progresso.com.br\/\",\"logo\":{\"@type\":\"ImageObject\",\"inLanguage\":\"pt-BR\",\"@id\":\"https:\/\/progresso.com.br\/#\/schema\/logo\/image\/\",\"url\":\"https:\/\/progresso.com.br\/wp-content\/uploads\/2026\/03\/logo_proog.jpg\",\"contentUrl\":\"https:\/\/progresso.com.br\/wp-content\/uploads\/2026\/03\/logo_proog.jpg\",\"width\":1960,\"height\":1080,\"caption\":\"O PROGRESSO\"},\"image\":{\"@id\":\"https:\/\/progresso.com.br\/#\/schema\/logo\/image\/\"},\"sameAs\":[\"https:\/\/www.facebook.com\/share\/1CeoksKBj6\/\",\"https:\/\/www.instagram.com\/oprogresso_digital\"]},{\"@type\":\"Person\",\"@id\":\"https:\/\/progresso.com.br\/#\/schema\/person\/b7390ac97c5e156cc2e02aa8e88f1bf2\",\"name\":\"Alfredo\",\"image\":{\"@type\":\"ImageObject\",\"inLanguage\":\"pt-BR\",\"@id\":\"https:\/\/progresso.com.br\/#\/schema\/person\/image\/\",\"url\":\"https:\/\/secure.gravatar.com\/avatar\/ca208a3111522ad69d765c6f0ea1ce4742c74e10aba78ae7158042d704d65a9f?s=96&d=mm&r=g\",\"contentUrl\":\"https:\/\/secure.gravatar.com\/avatar\/ca208a3111522ad69d765c6f0ea1ce4742c74e10aba78ae7158042d704d65a9f?s=96&d=mm&r=g\",\"caption\":\"Alfredo\"},\"url\":\"https:\/\/progresso.com.br\/index.php\/author\/alfredo\/\"}]}<\/script>\n<!-- \/ Yoast SEO plugin. -->","yoast_head_json":{"title":"Vereadora mais votada entra na mira dos colegas, que podem cassar o mandato dela - O PROGRESSO","robots":{"index":"index","follow":"follow","max-snippet":"max-snippet:-1","max-image-preview":"max-image-preview:large","max-video-preview":"max-video-preview:-1"},"canonical":"https:\/\/progresso.com.br\/index.php\/2026\/02\/27\/vereadora-mais-votada-entra-na-mira-dos-colegas-que-podem-cassar-o-mandato-dela\/","og_locale":"pt_BR","og_type":"article","og_title":"Vereadora mais votada entra na mira dos colegas, que podem cassar o mandato dela - O PROGRESSO","og_description":"Em outubro de 2024, Isa Marcondes (Republicanos) recebeu 2.992 votos na urna eletr\u00f4nica e se tornou a vereadora eleita com o maior n\u00famero de votos em Dourados. Agora, 14 meses ap\u00f3s a posse, viu seus colegas de Legislativo acatando duas den\u00fancias que foram protocoladas na C\u00e2mara Municipal. A primeira den\u00fancia foi iniciativa de servidores p\u00fablicos [&hellip;]","og_url":"https:\/\/progresso.com.br\/index.php\/2026\/02\/27\/vereadora-mais-votada-entra-na-mira-dos-colegas-que-podem-cassar-o-mandato-dela\/","og_site_name":"O PROGRESSO","article_publisher":"https:\/\/www.facebook.com\/share\/1CeoksKBj6\/","article_published_time":"2026-02-27T20:01:32+00:00","article_modified_time":"2026-02-27T20:01:33+00:00","og_image":[{"width":2560,"height":1707,"url":"https:\/\/progresso.com.br\/wp-content\/uploads\/2026\/02\/isa.jpg","type":"image\/jpeg"}],"author":"Alfredo","twitter_card":"summary_large_image","twitter_misc":{"Escrito por":"Alfredo","Est. tempo de leitura":"2 minutos"},"schema":{"@context":"https:\/\/schema.org","@graph":[{"@type":"Article","@id":"https:\/\/progresso.com.br\/index.php\/2026\/02\/27\/vereadora-mais-votada-entra-na-mira-dos-colegas-que-podem-cassar-o-mandato-dela\/#article","isPartOf":{"@id":"https:\/\/progresso.com.br\/index.php\/2026\/02\/27\/vereadora-mais-votada-entra-na-mira-dos-colegas-que-podem-cassar-o-mandato-dela\/"},"author":{"name":"Alfredo","@id":"https:\/\/progresso.com.br\/#\/schema\/person\/b7390ac97c5e156cc2e02aa8e88f1bf2"},"headline":"Vereadora mais votada entra na mira dos colegas, que podem cassar o mandato dela","datePublished":"2026-02-27T20:01:32+00:00","dateModified":"2026-02-27T20:01:33+00:00","mainEntityOfPage":{"@id":"https:\/\/progresso.com.br\/index.php\/2026\/02\/27\/vereadora-mais-votada-entra-na-mira-dos-colegas-que-podem-cassar-o-mandato-dela\/"},"wordCount":356,"commentCount":0,"publisher":{"@id":"https:\/\/progresso.com.br\/#organization"},"image":{"@id":"https:\/\/progresso.com.br\/index.php\/2026\/02\/27\/vereadora-mais-votada-entra-na-mira-dos-colegas-que-podem-cassar-o-mandato-dela\/#primaryimage"},"thumbnailUrl":"https:\/\/progresso.com.br\/wp-content\/uploads\/2026\/02\/isa.jpg","articleSection":["Pol\u00edtica"],"inLanguage":"pt-BR","potentialAction":[{"@type":"CommentAction","name":"Comment","target":["https:\/\/progresso.com.br\/index.php\/2026\/02\/27\/vereadora-mais-votada-entra-na-mira-dos-colegas-que-podem-cassar-o-mandato-dela\/#respond"]}]},{"@type":"WebPage","@id":"https:\/\/progresso.com.br\/index.php\/2026\/02\/27\/vereadora-mais-votada-entra-na-mira-dos-colegas-que-podem-cassar-o-mandato-dela\/","url":"https:\/\/progresso.com.br\/index.php\/2026\/02\/27\/vereadora-mais-votada-entra-na-mira-dos-colegas-que-podem-cassar-o-mandato-dela\/","name":"Vereadora mais votada entra na mira dos colegas, que podem cassar o mandato dela - O PROGRESSO","isPartOf":{"@id":"https:\/\/progresso.com.br\/#website"},"primaryImageOfPage":{"@id":"https:\/\/progresso.com.br\/index.php\/2026\/02\/27\/vereadora-mais-votada-entra-na-mira-dos-colegas-que-podem-cassar-o-mandato-dela\/#primaryimage"},"image":{"@id":"https:\/\/progresso.com.br\/index.php\/2026\/02\/27\/vereadora-mais-votada-entra-na-mira-dos-colegas-que-podem-cassar-o-mandato-dela\/#primaryimage"},"thumbnailUrl":"https:\/\/progresso.com.br\/wp-content\/uploads\/2026\/02\/isa.jpg","datePublished":"2026-02-27T20:01:32+00:00","dateModified":"2026-02-27T20:01:33+00:00","breadcrumb":{"@id":"https:\/\/progresso.com.br\/index.php\/2026\/02\/27\/vereadora-mais-votada-entra-na-mira-dos-colegas-que-podem-cassar-o-mandato-dela\/#breadcrumb"},"inLanguage":"pt-BR","potentialAction":[{"@type":"ReadAction","target":["https:\/\/progresso.com.br\/index.php\/2026\/02\/27\/vereadora-mais-votada-entra-na-mira-dos-colegas-que-podem-cassar-o-mandato-dela\/"]}]},{"@type":"ImageObject","inLanguage":"pt-BR","@id":"https:\/\/progresso.com.br\/index.php\/2026\/02\/27\/vereadora-mais-votada-entra-na-mira-dos-colegas-que-podem-cassar-o-mandato-dela\/#primaryimage","url":"https:\/\/progresso.com.br\/wp-content\/uploads\/2026\/02\/isa.jpg","contentUrl":"https:\/\/progresso.com.br\/wp-content\/uploads\/2026\/02\/isa.jpg","width":2560,"height":1707},{"@type":"BreadcrumbList","@id":"https:\/\/progresso.com.br\/index.php\/2026\/02\/27\/vereadora-mais-votada-entra-na-mira-dos-colegas-que-podem-cassar-o-mandato-dela\/#breadcrumb","itemListElement":[{"@type":"ListItem","position":1,"name":"In\u00edcio","item":"https:\/\/progresso.com.br\/"},{"@type":"ListItem","position":2,"name":"Vereadora mais votada entra na mira dos colegas, que podem cassar o mandato dela"}]},{"@type":"WebSite","@id":"https:\/\/progresso.com.br\/#website","url":"https:\/\/progresso.com.br\/","name":"O PROGRESSO","description":"","publisher":{"@id":"https:\/\/progresso.com.br\/#organization"},"potentialAction":[{"@type":"SearchAction","target":{"@type":"EntryPoint","urlTemplate":"https:\/\/progresso.com.br\/?s={search_term_string}"},"query-input":{"@type":"PropertyValueSpecification","valueRequired":true,"valueName":"search_term_string"}}],"inLanguage":"pt-BR"},{"@type":"Organization","@id":"https:\/\/progresso.com.br\/#organization","name":"O PROGRESSO","url":"https:\/\/progresso.com.br\/","logo":{"@type":"ImageObject","inLanguage":"pt-BR","@id":"https:\/\/progresso.com.br\/#\/schema\/logo\/image\/","url":"https:\/\/progresso.com.br\/wp-content\/uploads\/2026\/03\/logo_proog.jpg","contentUrl":"https:\/\/progresso.com.br\/wp-content\/uploads\/2026\/03\/logo_proog.jpg","width":1960,"height":1080,"caption":"O PROGRESSO"},"image":{"@id":"https:\/\/progresso.com.br\/#\/schema\/logo\/image\/"},"sameAs":["https:\/\/www.facebook.com\/share\/1CeoksKBj6\/","https:\/\/www.instagram.com\/oprogresso_digital"]},{"@type":"Person","@id":"https:\/\/progresso.com.br\/#\/schema\/person\/b7390ac97c5e156cc2e02aa8e88f1bf2","name":"Alfredo","image":{"@type":"ImageObject","inLanguage":"pt-BR","@id":"https:\/\/progresso.com.br\/#\/schema\/person\/image\/","url":"https:\/\/secure.gravatar.com\/avatar\/ca208a3111522ad69d765c6f0ea1ce4742c74e10aba78ae7158042d704d65a9f?s=96&d=mm&r=g","contentUrl":"https:\/\/secure.gravatar.com\/avatar\/ca208a3111522ad69d765c6f0ea1ce4742c74e10aba78ae7158042d704d65a9f?s=96&d=mm&r=g","caption":"Alfredo"},"url":"https:\/\/progresso.com.br\/index.php\/author\/alfredo\/"}]}},"_links":{"self":[{"href":"https:\/\/progresso.com.br\/index.php\/wp-json\/wp\/v2\/posts\/318","targetHints":{"allow":["GET"]}}],"collection":[{"href":"https:\/\/progresso.com.br\/index.php\/wp-json\/wp\/v2\/posts"}],"about":[{"href":"https:\/\/progresso.com.br\/index.php\/wp-json\/wp\/v2\/types\/post"}],"author":[{"embeddable":true,"href":"https:\/\/progresso.com.br\/index.php\/wp-json\/wp\/v2\/users\/3"}],"replies":[{"embeddable":true,"href":"https:\/\/progresso.com.br\/index.php\/wp-json\/wp\/v2\/comments?post=318"}],"version-history":[{"count":1,"href":"https:\/\/progresso.com.br\/index.php\/wp-json\/wp\/v2\/posts\/318\/revisions"}],"predecessor-version":[{"id":320,"href":"https:\/\/progresso.com.br\/index.php\/wp-json\/wp\/v2\/posts\/318\/revisions\/320"}],"wp:featuredmedia":[{"embeddable":true,"href":"https:\/\/progresso.com.br\/index.php\/wp-json\/wp\/v2\/media\/319"}],"wp:attachment":[{"href":"https:\/\/progresso.com.br\/index.php\/wp-json\/wp\/v2\/media?parent=318"}],"wp:term":[{"taxonomy":"category","embeddable":true,"href":"https:\/\/progresso.com.br\/index.php\/wp-json\/wp\/v2\/categories?post=318"},{"taxonomy":"post_tag","embeddable":true,"href":"https:\/\/progresso.com.br\/index.php\/wp-json\/wp\/v2\/tags?post=318"}],"curies":[{"name":"wp","href":"https:\/\/api.w.org\/{rel}","templated":true}]}}