{"id":326,"date":"2026-03-06T14:31:43","date_gmt":"2026-03-06T17:31:43","guid":{"rendered":"https:\/\/10nl.com.br\/?p=326"},"modified":"2026-03-06T14:33:26","modified_gmt":"2026-03-06T17:33:26","slug":"ceia-recebe-doacao-do-troco-solidario-do-abv-grupo","status":"publish","type":"post","link":"https:\/\/progresso.com.br\/index.php\/2026\/03\/06\/ceia-recebe-doacao-do-troco-solidario-do-abv-grupo\/","title":{"rendered":"Ceia recebe doa\u00e7\u00e3o do \u2018Troco Solid\u00e1rio\u2019 do ABV Grupo"},"content":{"rendered":"\n<p>A dire\u00e7\u00e3o do ABV Grupo, de Dourados, fez a entrega na semana passada do valor arrecadado com sua promo\u00e7\u00e3o \u00b4Troco Solid\u00e1rio \u2013 Abrace essa Causa\u00b4 para o Ceia (Centro de Integra\u00e7\u00e3o do Adolescente Dom Alberto).<\/p>\n\n\n\n<p>A campanha foi realizada durante o ano de 2025 nos supermercados ABV em Dourados. \u00c9 a soma de pequenas quantias em troco que os clientes acabam doando para o grupo empresarial destinar, neste caso, para o Ceia.<\/p>\n\n\n\n<p><strong>O total arrecadado durante o per\u00edodo foi R$ 14.852,63 (quatorze mil, oitocentos e cinquenta e dois reais e sessenta e tr\u00eas centavos).<\/strong><\/p>\n\n\n\n<p>O dinheiro foi depositado via Pix diretamente na conta da institui\u00e7\u00e3o.<\/p>\n\n\n\n<p>A entrega simb\u00f3lica foi feita pelo supervisor de marketing do ABV Grupo, Wilson Duarte, para o presidente do Ceia Francisco \u2018Kinho\u2019 Chamorro e para a coordenadora da institui\u00e7\u00e3o, Simone Chamorro.<\/p>\n","protected":false},"excerpt":{"rendered":"<p>A dire\u00e7\u00e3o do ABV Grupo, de Dourados, fez a entrega na semana passada do valor arrecadado com sua promo\u00e7\u00e3o \u00b4Troco Solid\u00e1rio \u2013 Abrace essa Causa\u00b4 para o Ceia (Centro de Integra\u00e7\u00e3o do Adolescente Dom Alberto). A campanha foi realizada durante o ano de 2025 nos supermercados ABV em Dourados. \u00c9 a soma de pequenas quantias [&hellip;]<\/p>\n","protected":false},"author":3,"featured_media":348,"comment_status":"open","ping_status":"open","sticky":false,"template":"","format":"standard","meta":{"footnotes":""},"categories":[13,2,1],"tags":[],"class_list":["post-326","post","type-post","status-publish","format-standard","has-post-thumbnail","hentry","category-cotidiano","category-destaque","category-sem-categoria"],"yoast_head":"<!-- This site is optimized with the Yoast SEO plugin v27.1.1 - https:\/\/yoast.com\/product\/yoast-seo-wordpress\/ -->\n<title>Ceia recebe doa\u00e7\u00e3o do \u2018Troco Solid\u00e1rio\u2019 do ABV Grupo - O PROGRESSO<\/title>\n<meta name=\"robots\" content=\"index, follow, max-snippet:-1, max-image-preview:large, max-video-preview:-1\" \/>\n<link rel=\"canonical\" href=\"https:\/\/progresso.com.br\/index.php\/2026\/03\/06\/ceia-recebe-doacao-do-troco-solidario-do-abv-grupo\/\" \/>\n<meta property=\"og:locale\" content=\"pt_BR\" \/>\n<meta property=\"og:type\" content=\"article\" \/>\n<meta property=\"og:title\" content=\"Ceia recebe doa\u00e7\u00e3o do \u2018Troco Solid\u00e1rio\u2019 do ABV Grupo - O PROGRESSO\" \/>\n<meta property=\"og:description\" content=\"A dire\u00e7\u00e3o do ABV Grupo, de Dourados, fez a entrega na semana passada do valor arrecadado com sua promo\u00e7\u00e3o \u00b4Troco Solid\u00e1rio \u2013 Abrace essa Causa\u00b4 para o Ceia (Centro de Integra\u00e7\u00e3o do Adolescente Dom Alberto). A campanha foi realizada durante o ano de 2025 nos supermercados ABV em Dourados. \u00c9 a soma de pequenas quantias [&hellip;]\" \/>\n<meta property=\"og:url\" content=\"https:\/\/progresso.com.br\/index.php\/2026\/03\/06\/ceia-recebe-doacao-do-troco-solidario-do-abv-grupo\/\" \/>\n<meta property=\"og:site_name\" content=\"O PROGRESSO\" \/>\n<meta property=\"article:publisher\" content=\"https:\/\/www.facebook.com\/share\/1CeoksKBj6\/\" \/>\n<meta property=\"article:published_time\" content=\"2026-03-06T17:31:43+00:00\" \/>\n<meta property=\"article:modified_time\" content=\"2026-03-06T17:33:26+00:00\" \/>\n<meta property=\"og:image\" content=\"https:\/\/progresso.com.br\/wp-content\/uploads\/2026\/03\/ceia-abv.jpg\" \/>\n\t<meta property=\"og:image:width\" content=\"1280\" \/>\n\t<meta property=\"og:image:height\" content=\"720\" \/>\n\t<meta property=\"og:image:type\" content=\"image\/jpeg\" \/>\n<meta name=\"author\" content=\"Alfredo\" \/>\n<meta name=\"twitter:card\" content=\"summary_large_image\" \/>\n<meta name=\"twitter:label1\" content=\"Escrito por\" \/>\n\t<meta name=\"twitter:data1\" content=\"Alfredo\" \/>\n\t<meta name=\"twitter:label2\" content=\"Est. tempo de leitura\" \/>\n\t<meta name=\"twitter:data2\" content=\"1 minuto\" \/>\n<script type=\"application\/ld+json\" class=\"yoast-schema-graph\">{\"@context\":\"https:\/\/schema.org\",\"@graph\":[{\"@type\":\"Article\",\"@id\":\"https:\/\/progresso.com.br\/index.php\/2026\/03\/06\/ceia-recebe-doacao-do-troco-solidario-do-abv-grupo\/#article\",\"isPartOf\":{\"@id\":\"https:\/\/progresso.com.br\/index.php\/2026\/03\/06\/ceia-recebe-doacao-do-troco-solidario-do-abv-grupo\/\"},\"author\":{\"name\":\"Alfredo\",\"@id\":\"https:\/\/progresso.com.br\/#\/schema\/person\/b7390ac97c5e156cc2e02aa8e88f1bf2\"},\"headline\":\"Ceia recebe doa\u00e7\u00e3o do \u2018Troco Solid\u00e1rio\u2019 do ABV Grupo\",\"datePublished\":\"2026-03-06T17:31:43+00:00\",\"dateModified\":\"2026-03-06T17:33:26+00:00\",\"mainEntityOfPage\":{\"@id\":\"https:\/\/progresso.com.br\/index.php\/2026\/03\/06\/ceia-recebe-doacao-do-troco-solidario-do-abv-grupo\/\"},\"wordCount\":151,\"commentCount\":0,\"publisher\":{\"@id\":\"https:\/\/progresso.com.br\/#organization\"},\"image\":{\"@id\":\"https:\/\/progresso.com.br\/index.php\/2026\/03\/06\/ceia-recebe-doacao-do-troco-solidario-do-abv-grupo\/#primaryimage\"},\"thumbnailUrl\":\"https:\/\/progresso.com.br\/wp-content\/uploads\/2026\/03\/ceia-abv.jpg\",\"articleSection\":[\"Cotidiano\",\"Em destaque\"],\"inLanguage\":\"pt-BR\",\"potentialAction\":[{\"@type\":\"CommentAction\",\"name\":\"Comment\",\"target\":[\"https:\/\/progresso.com.br\/index.php\/2026\/03\/06\/ceia-recebe-doacao-do-troco-solidario-do-abv-grupo\/#respond\"]}]},{\"@type\":\"WebPage\",\"@id\":\"https:\/\/progresso.com.br\/index.php\/2026\/03\/06\/ceia-recebe-doacao-do-troco-solidario-do-abv-grupo\/\",\"url\":\"https:\/\/progresso.com.br\/index.php\/2026\/03\/06\/ceia-recebe-doacao-do-troco-solidario-do-abv-grupo\/\",\"name\":\"Ceia recebe doa\u00e7\u00e3o do \u2018Troco Solid\u00e1rio\u2019 do ABV Grupo - O PROGRESSO\",\"isPartOf\":{\"@id\":\"https:\/\/progresso.com.br\/#website\"},\"primaryImageOfPage\":{\"@id\":\"https:\/\/progresso.com.br\/index.php\/2026\/03\/06\/ceia-recebe-doacao-do-troco-solidario-do-abv-grupo\/#primaryimage\"},\"image\":{\"@id\":\"https:\/\/progresso.com.br\/index.php\/2026\/03\/06\/ceia-recebe-doacao-do-troco-solidario-do-abv-grupo\/#primaryimage\"},\"thumbnailUrl\":\"https:\/\/progresso.com.br\/wp-content\/uploads\/2026\/03\/ceia-abv.jpg\",\"datePublished\":\"2026-03-06T17:31:43+00:00\",\"dateModified\":\"2026-03-06T17:33:26+00:00\",\"breadcrumb\":{\"@id\":\"https:\/\/progresso.com.br\/index.php\/2026\/03\/06\/ceia-recebe-doacao-do-troco-solidario-do-abv-grupo\/#breadcrumb\"},\"inLanguage\":\"pt-BR\",\"potentialAction\":[{\"@type\":\"ReadAction\",\"target\":[\"https:\/\/progresso.com.br\/index.php\/2026\/03\/06\/ceia-recebe-doacao-do-troco-solidario-do-abv-grupo\/\"]}]},{\"@type\":\"ImageObject\",\"inLanguage\":\"pt-BR\",\"@id\":\"https:\/\/progresso.com.br\/index.php\/2026\/03\/06\/ceia-recebe-doacao-do-troco-solidario-do-abv-grupo\/#primaryimage\",\"url\":\"https:\/\/progresso.com.br\/wp-content\/uploads\/2026\/03\/ceia-abv.jpg\",\"contentUrl\":\"https:\/\/progresso.com.br\/wp-content\/uploads\/2026\/03\/ceia-abv.jpg\",\"width\":1280,\"height\":720,\"caption\":\"Kinho e Simone Chamorro, do Ceia, com Wilson Duarte, do ABV Grupo\"},{\"@type\":\"BreadcrumbList\",\"@id\":\"https:\/\/progresso.com.br\/index.php\/2026\/03\/06\/ceia-recebe-doacao-do-troco-solidario-do-abv-grupo\/#breadcrumb\",\"itemListElement\":[{\"@type\":\"ListItem\",\"position\":1,\"name\":\"In\u00edcio\",\"item\":\"https:\/\/progresso.com.br\/\"},{\"@type\":\"ListItem\",\"position\":2,\"name\":\"Ceia recebe doa\u00e7\u00e3o do \u2018Troco Solid\u00e1rio\u2019 do ABV Grupo\"}]},{\"@type\":\"WebSite\",\"@id\":\"https:\/\/progresso.com.br\/#website\",\"url\":\"https:\/\/progresso.com.br\/\",\"name\":\"O PROGRESSO\",\"description\":\"\",\"publisher\":{\"@id\":\"https:\/\/progresso.com.br\/#organization\"},\"potentialAction\":[{\"@type\":\"SearchAction\",\"target\":{\"@type\":\"EntryPoint\",\"urlTemplate\":\"https:\/\/progresso.com.br\/?s={search_term_string}\"},\"query-input\":{\"@type\":\"PropertyValueSpecification\",\"valueRequired\":true,\"valueName\":\"search_term_string\"}}],\"inLanguage\":\"pt-BR\"},{\"@type\":\"Organization\",\"@id\":\"https:\/\/progresso.com.br\/#organization\",\"name\":\"O PROGRESSO\",\"url\":\"https:\/\/progresso.com.br\/\",\"logo\":{\"@type\":\"ImageObject\",\"inLanguage\":\"pt-BR\",\"@id\":\"https:\/\/progresso.com.br\/#\/schema\/logo\/image\/\",\"url\":\"https:\/\/progresso.com.br\/wp-content\/uploads\/2026\/03\/logo_proog.jpg\",\"contentUrl\":\"https:\/\/progresso.com.br\/wp-content\/uploads\/2026\/03\/logo_proog.jpg\",\"width\":1960,\"height\":1080,\"caption\":\"O PROGRESSO\"},\"image\":{\"@id\":\"https:\/\/progresso.com.br\/#\/schema\/logo\/image\/\"},\"sameAs\":[\"https:\/\/www.facebook.com\/share\/1CeoksKBj6\/\",\"https:\/\/www.instagram.com\/oprogresso_digital\"]},{\"@type\":\"Person\",\"@id\":\"https:\/\/progresso.com.br\/#\/schema\/person\/b7390ac97c5e156cc2e02aa8e88f1bf2\",\"name\":\"Alfredo\",\"image\":{\"@type\":\"ImageObject\",\"inLanguage\":\"pt-BR\",\"@id\":\"https:\/\/progresso.com.br\/#\/schema\/person\/image\/\",\"url\":\"https:\/\/secure.gravatar.com\/avatar\/ca208a3111522ad69d765c6f0ea1ce4742c74e10aba78ae7158042d704d65a9f?s=96&d=mm&r=g\",\"contentUrl\":\"https:\/\/secure.gravatar.com\/avatar\/ca208a3111522ad69d765c6f0ea1ce4742c74e10aba78ae7158042d704d65a9f?s=96&d=mm&r=g\",\"caption\":\"Alfredo\"},\"url\":\"https:\/\/progresso.com.br\/index.php\/author\/alfredo\/\"}]}<\/script>\n<!-- \/ Yoast SEO plugin. -->","yoast_head_json":{"title":"Ceia recebe doa\u00e7\u00e3o do \u2018Troco Solid\u00e1rio\u2019 do ABV Grupo - O PROGRESSO","robots":{"index":"index","follow":"follow","max-snippet":"max-snippet:-1","max-image-preview":"max-image-preview:large","max-video-preview":"max-video-preview:-1"},"canonical":"https:\/\/progresso.com.br\/index.php\/2026\/03\/06\/ceia-recebe-doacao-do-troco-solidario-do-abv-grupo\/","og_locale":"pt_BR","og_type":"article","og_title":"Ceia recebe doa\u00e7\u00e3o do \u2018Troco Solid\u00e1rio\u2019 do ABV Grupo - O PROGRESSO","og_description":"A dire\u00e7\u00e3o do ABV Grupo, de Dourados, fez a entrega na semana passada do valor arrecadado com sua promo\u00e7\u00e3o \u00b4Troco Solid\u00e1rio \u2013 Abrace essa Causa\u00b4 para o Ceia (Centro de Integra\u00e7\u00e3o do Adolescente Dom Alberto). A campanha foi realizada durante o ano de 2025 nos supermercados ABV em Dourados. \u00c9 a soma de pequenas quantias [&hellip;]","og_url":"https:\/\/progresso.com.br\/index.php\/2026\/03\/06\/ceia-recebe-doacao-do-troco-solidario-do-abv-grupo\/","og_site_name":"O PROGRESSO","article_publisher":"https:\/\/www.facebook.com\/share\/1CeoksKBj6\/","article_published_time":"2026-03-06T17:31:43+00:00","article_modified_time":"2026-03-06T17:33:26+00:00","og_image":[{"width":1280,"height":720,"url":"https:\/\/progresso.com.br\/wp-content\/uploads\/2026\/03\/ceia-abv.jpg","type":"image\/jpeg"}],"author":"Alfredo","twitter_card":"summary_large_image","twitter_misc":{"Escrito por":"Alfredo","Est. tempo de leitura":"1 minuto"},"schema":{"@context":"https:\/\/schema.org","@graph":[{"@type":"Article","@id":"https:\/\/progresso.com.br\/index.php\/2026\/03\/06\/ceia-recebe-doacao-do-troco-solidario-do-abv-grupo\/#article","isPartOf":{"@id":"https:\/\/progresso.com.br\/index.php\/2026\/03\/06\/ceia-recebe-doacao-do-troco-solidario-do-abv-grupo\/"},"author":{"name":"Alfredo","@id":"https:\/\/progresso.com.br\/#\/schema\/person\/b7390ac97c5e156cc2e02aa8e88f1bf2"},"headline":"Ceia recebe doa\u00e7\u00e3o do \u2018Troco Solid\u00e1rio\u2019 do ABV Grupo","datePublished":"2026-03-06T17:31:43+00:00","dateModified":"2026-03-06T17:33:26+00:00","mainEntityOfPage":{"@id":"https:\/\/progresso.com.br\/index.php\/2026\/03\/06\/ceia-recebe-doacao-do-troco-solidario-do-abv-grupo\/"},"wordCount":151,"commentCount":0,"publisher":{"@id":"https:\/\/progresso.com.br\/#organization"},"image":{"@id":"https:\/\/progresso.com.br\/index.php\/2026\/03\/06\/ceia-recebe-doacao-do-troco-solidario-do-abv-grupo\/#primaryimage"},"thumbnailUrl":"https:\/\/progresso.com.br\/wp-content\/uploads\/2026\/03\/ceia-abv.jpg","articleSection":["Cotidiano","Em destaque"],"inLanguage":"pt-BR","potentialAction":[{"@type":"CommentAction","name":"Comment","target":["https:\/\/progresso.com.br\/index.php\/2026\/03\/06\/ceia-recebe-doacao-do-troco-solidario-do-abv-grupo\/#respond"]}]},{"@type":"WebPage","@id":"https:\/\/progresso.com.br\/index.php\/2026\/03\/06\/ceia-recebe-doacao-do-troco-solidario-do-abv-grupo\/","url":"https:\/\/progresso.com.br\/index.php\/2026\/03\/06\/ceia-recebe-doacao-do-troco-solidario-do-abv-grupo\/","name":"Ceia recebe doa\u00e7\u00e3o do \u2018Troco Solid\u00e1rio\u2019 do ABV Grupo - O PROGRESSO","isPartOf":{"@id":"https:\/\/progresso.com.br\/#website"},"primaryImageOfPage":{"@id":"https:\/\/progresso.com.br\/index.php\/2026\/03\/06\/ceia-recebe-doacao-do-troco-solidario-do-abv-grupo\/#primaryimage"},"image":{"@id":"https:\/\/progresso.com.br\/index.php\/2026\/03\/06\/ceia-recebe-doacao-do-troco-solidario-do-abv-grupo\/#primaryimage"},"thumbnailUrl":"https:\/\/progresso.com.br\/wp-content\/uploads\/2026\/03\/ceia-abv.jpg","datePublished":"2026-03-06T17:31:43+00:00","dateModified":"2026-03-06T17:33:26+00:00","breadcrumb":{"@id":"https:\/\/progresso.com.br\/index.php\/2026\/03\/06\/ceia-recebe-doacao-do-troco-solidario-do-abv-grupo\/#breadcrumb"},"inLanguage":"pt-BR","potentialAction":[{"@type":"ReadAction","target":["https:\/\/progresso.com.br\/index.php\/2026\/03\/06\/ceia-recebe-doacao-do-troco-solidario-do-abv-grupo\/"]}]},{"@type":"ImageObject","inLanguage":"pt-BR","@id":"https:\/\/progresso.com.br\/index.php\/2026\/03\/06\/ceia-recebe-doacao-do-troco-solidario-do-abv-grupo\/#primaryimage","url":"https:\/\/progresso.com.br\/wp-content\/uploads\/2026\/03\/ceia-abv.jpg","contentUrl":"https:\/\/progresso.com.br\/wp-content\/uploads\/2026\/03\/ceia-abv.jpg","width":1280,"height":720,"caption":"Kinho e Simone Chamorro, do Ceia, com Wilson Duarte, do ABV Grupo"},{"@type":"BreadcrumbList","@id":"https:\/\/progresso.com.br\/index.php\/2026\/03\/06\/ceia-recebe-doacao-do-troco-solidario-do-abv-grupo\/#breadcrumb","itemListElement":[{"@type":"ListItem","position":1,"name":"In\u00edcio","item":"https:\/\/progresso.com.br\/"},{"@type":"ListItem","position":2,"name":"Ceia recebe doa\u00e7\u00e3o do \u2018Troco Solid\u00e1rio\u2019 do ABV Grupo"}]},{"@type":"WebSite","@id":"https:\/\/progresso.com.br\/#website","url":"https:\/\/progresso.com.br\/","name":"O PROGRESSO","description":"","publisher":{"@id":"https:\/\/progresso.com.br\/#organization"},"potentialAction":[{"@type":"SearchAction","target":{"@type":"EntryPoint","urlTemplate":"https:\/\/progresso.com.br\/?s={search_term_string}"},"query-input":{"@type":"PropertyValueSpecification","valueRequired":true,"valueName":"search_term_string"}}],"inLanguage":"pt-BR"},{"@type":"Organization","@id":"https:\/\/progresso.com.br\/#organization","name":"O PROGRESSO","url":"https:\/\/progresso.com.br\/","logo":{"@type":"ImageObject","inLanguage":"pt-BR","@id":"https:\/\/progresso.com.br\/#\/schema\/logo\/image\/","url":"https:\/\/progresso.com.br\/wp-content\/uploads\/2026\/03\/logo_proog.jpg","contentUrl":"https:\/\/progresso.com.br\/wp-content\/uploads\/2026\/03\/logo_proog.jpg","width":1960,"height":1080,"caption":"O PROGRESSO"},"image":{"@id":"https:\/\/progresso.com.br\/#\/schema\/logo\/image\/"},"sameAs":["https:\/\/www.facebook.com\/share\/1CeoksKBj6\/","https:\/\/www.instagram.com\/oprogresso_digital"]},{"@type":"Person","@id":"https:\/\/progresso.com.br\/#\/schema\/person\/b7390ac97c5e156cc2e02aa8e88f1bf2","name":"Alfredo","image":{"@type":"ImageObject","inLanguage":"pt-BR","@id":"https:\/\/progresso.com.br\/#\/schema\/person\/image\/","url":"https:\/\/secure.gravatar.com\/avatar\/ca208a3111522ad69d765c6f0ea1ce4742c74e10aba78ae7158042d704d65a9f?s=96&d=mm&r=g","contentUrl":"https:\/\/secure.gravatar.com\/avatar\/ca208a3111522ad69d765c6f0ea1ce4742c74e10aba78ae7158042d704d65a9f?s=96&d=mm&r=g","caption":"Alfredo"},"url":"https:\/\/progresso.com.br\/index.php\/author\/alfredo\/"}]}},"_links":{"self":[{"href":"https:\/\/progresso.com.br\/index.php\/wp-json\/wp\/v2\/posts\/326","targetHints":{"allow":["GET"]}}],"collection":[{"href":"https:\/\/progresso.com.br\/index.php\/wp-json\/wp\/v2\/posts"}],"about":[{"href":"https:\/\/progresso.com.br\/index.php\/wp-json\/wp\/v2\/types\/post"}],"author":[{"embeddable":true,"href":"https:\/\/progresso.com.br\/index.php\/wp-json\/wp\/v2\/users\/3"}],"replies":[{"embeddable":true,"href":"https:\/\/progresso.com.br\/index.php\/wp-json\/wp\/v2\/comments?post=326"}],"version-history":[{"count":1,"href":"https:\/\/progresso.com.br\/index.php\/wp-json\/wp\/v2\/posts\/326\/revisions"}],"predecessor-version":[{"id":327,"href":"https:\/\/progresso.com.br\/index.php\/wp-json\/wp\/v2\/posts\/326\/revisions\/327"}],"wp:featuredmedia":[{"embeddable":true,"href":"https:\/\/progresso.com.br\/index.php\/wp-json\/wp\/v2\/media\/348"}],"wp:attachment":[{"href":"https:\/\/progresso.com.br\/index.php\/wp-json\/wp\/v2\/media?parent=326"}],"wp:term":[{"taxonomy":"category","embeddable":true,"href":"https:\/\/progresso.com.br\/index.php\/wp-json\/wp\/v2\/categories?post=326"},{"taxonomy":"post_tag","embeddable":true,"href":"https:\/\/progresso.com.br\/index.php\/wp-json\/wp\/v2\/tags?post=326"}],"curies":[{"name":"wp","href":"https:\/\/api.w.org\/{rel}","templated":true}]}}