{"id":349,"date":"2026-03-06T14:39:51","date_gmt":"2026-03-06T17:39:51","guid":{"rendered":"https:\/\/10nl.com.br\/?p=349"},"modified":"2026-03-06T14:39:52","modified_gmt":"2026-03-06T17:39:52","slug":"morre-o-professor-aposentado-ivo-nascimento-aos-76-anos","status":"publish","type":"post","link":"https:\/\/progresso.com.br\/index.php\/2026\/03\/06\/morre-o-professor-aposentado-ivo-nascimento-aos-76-anos\/","title":{"rendered":"Morre o professor aposentado Ivo Nascimento, aos 76 anos"},"content":{"rendered":"\n<p>Morreu na manh\u00e3 desta sexta-feira (6) o professor aposentado Ivo Nascimento, aos 76 anos. Ele estava internado num hospital em Campo Grande para realiza\u00e7\u00e3o de alguns exames e faleceu enquanto dormia.<\/p>\n\n\n\n<p>Ivo Nascimento era casado com Alzira Patussi Nascimento. E deixa tamb\u00e9m tr\u00eas filhos e sete netos.<\/p>\n\n\n\n<p>Ele se mudou para Dourados em 1.982, vindo de Ang\u00e9lica, onde era professor e diretor de escola da rede p\u00fablica estadual.<\/p>\n\n\n\n<p>Em Dourados, ocupou o cargo de secret\u00e1rio municipal em duas gest\u00f5es, com os ex-prefeitos Jos\u00e9 Elias Moreira e Braz Melo (no segundo mandato, quando ocupou a secretaria de Administra\u00e7\u00e3o).<\/p>\n\n\n\n<p>O corpo de Ivo Nascimento vir\u00e1 para Dourados, onde acontecer\u00e3o o vel\u00f3rio (na Pax Primavera) e o enterro. Os hor\u00e1rios ainda n\u00e3o foram definidos pela fam\u00edlia.<\/p>\n","protected":false},"excerpt":{"rendered":"<p>Morreu na manh\u00e3 desta sexta-feira (6) o professor aposentado Ivo Nascimento, aos 76 anos. Ele estava internado num hospital em Campo Grande para realiza\u00e7\u00e3o de alguns exames e faleceu enquanto dormia. Ivo Nascimento era casado com Alzira Patussi Nascimento. E deixa tamb\u00e9m tr\u00eas filhos e sete netos. Ele se mudou para Dourados em 1.982, vindo [&hellip;]<\/p>\n","protected":false},"author":3,"featured_media":350,"comment_status":"open","ping_status":"open","sticky":false,"template":"","format":"standard","meta":{"footnotes":""},"categories":[13],"tags":[],"class_list":["post-349","post","type-post","status-publish","format-standard","has-post-thumbnail","hentry","category-cotidiano"],"yoast_head":"<!-- This site is optimized with the Yoast SEO plugin v27.1.1 - https:\/\/yoast.com\/product\/yoast-seo-wordpress\/ -->\n<title>Morre o professor aposentado Ivo Nascimento, aos 76 anos - O PROGRESSO<\/title>\n<meta name=\"robots\" content=\"index, follow, max-snippet:-1, max-image-preview:large, max-video-preview:-1\" \/>\n<link rel=\"canonical\" href=\"https:\/\/progresso.com.br\/index.php\/2026\/03\/06\/morre-o-professor-aposentado-ivo-nascimento-aos-76-anos\/\" \/>\n<meta property=\"og:locale\" content=\"pt_BR\" \/>\n<meta property=\"og:type\" content=\"article\" \/>\n<meta property=\"og:title\" content=\"Morre o professor aposentado Ivo Nascimento, aos 76 anos - O PROGRESSO\" \/>\n<meta property=\"og:description\" content=\"Morreu na manh\u00e3 desta sexta-feira (6) o professor aposentado Ivo Nascimento, aos 76 anos. Ele estava internado num hospital em Campo Grande para realiza\u00e7\u00e3o de alguns exames e faleceu enquanto dormia. Ivo Nascimento era casado com Alzira Patussi Nascimento. E deixa tamb\u00e9m tr\u00eas filhos e sete netos. Ele se mudou para Dourados em 1.982, vindo [&hellip;]\" \/>\n<meta property=\"og:url\" content=\"https:\/\/progresso.com.br\/index.php\/2026\/03\/06\/morre-o-professor-aposentado-ivo-nascimento-aos-76-anos\/\" \/>\n<meta property=\"og:site_name\" content=\"O PROGRESSO\" \/>\n<meta property=\"article:publisher\" content=\"https:\/\/www.facebook.com\/share\/1CeoksKBj6\/\" \/>\n<meta property=\"article:published_time\" content=\"2026-03-06T17:39:51+00:00\" \/>\n<meta property=\"article:modified_time\" content=\"2026-03-06T17:39:52+00:00\" \/>\n<meta property=\"og:image\" content=\"https:\/\/progresso.com.br\/wp-content\/uploads\/2026\/03\/ivo.jpg\" \/>\n\t<meta property=\"og:image:width\" content=\"319\" \/>\n\t<meta property=\"og:image:height\" content=\"493\" \/>\n\t<meta property=\"og:image:type\" content=\"image\/jpeg\" \/>\n<meta name=\"author\" content=\"Alfredo\" \/>\n<meta name=\"twitter:card\" content=\"summary_large_image\" \/>\n<meta name=\"twitter:label1\" content=\"Escrito por\" \/>\n\t<meta name=\"twitter:data1\" content=\"Alfredo\" \/>\n\t<meta name=\"twitter:label2\" content=\"Est. tempo de leitura\" \/>\n\t<meta name=\"twitter:data2\" content=\"1 minuto\" \/>\n<script type=\"application\/ld+json\" class=\"yoast-schema-graph\">{\"@context\":\"https:\/\/schema.org\",\"@graph\":[{\"@type\":\"Article\",\"@id\":\"https:\/\/progresso.com.br\/index.php\/2026\/03\/06\/morre-o-professor-aposentado-ivo-nascimento-aos-76-anos\/#article\",\"isPartOf\":{\"@id\":\"https:\/\/progresso.com.br\/index.php\/2026\/03\/06\/morre-o-professor-aposentado-ivo-nascimento-aos-76-anos\/\"},\"author\":{\"name\":\"Alfredo\",\"@id\":\"https:\/\/progresso.com.br\/#\/schema\/person\/b7390ac97c5e156cc2e02aa8e88f1bf2\"},\"headline\":\"Morre o professor aposentado Ivo Nascimento, aos 76 anos\",\"datePublished\":\"2026-03-06T17:39:51+00:00\",\"dateModified\":\"2026-03-06T17:39:52+00:00\",\"mainEntityOfPage\":{\"@id\":\"https:\/\/progresso.com.br\/index.php\/2026\/03\/06\/morre-o-professor-aposentado-ivo-nascimento-aos-76-anos\/\"},\"wordCount\":141,\"commentCount\":0,\"publisher\":{\"@id\":\"https:\/\/progresso.com.br\/#organization\"},\"image\":{\"@id\":\"https:\/\/progresso.com.br\/index.php\/2026\/03\/06\/morre-o-professor-aposentado-ivo-nascimento-aos-76-anos\/#primaryimage\"},\"thumbnailUrl\":\"https:\/\/progresso.com.br\/wp-content\/uploads\/2026\/03\/ivo.jpg\",\"articleSection\":[\"Cotidiano\"],\"inLanguage\":\"pt-BR\",\"potentialAction\":[{\"@type\":\"CommentAction\",\"name\":\"Comment\",\"target\":[\"https:\/\/progresso.com.br\/index.php\/2026\/03\/06\/morre-o-professor-aposentado-ivo-nascimento-aos-76-anos\/#respond\"]}]},{\"@type\":\"WebPage\",\"@id\":\"https:\/\/progresso.com.br\/index.php\/2026\/03\/06\/morre-o-professor-aposentado-ivo-nascimento-aos-76-anos\/\",\"url\":\"https:\/\/progresso.com.br\/index.php\/2026\/03\/06\/morre-o-professor-aposentado-ivo-nascimento-aos-76-anos\/\",\"name\":\"Morre o professor aposentado Ivo Nascimento, aos 76 anos - O PROGRESSO\",\"isPartOf\":{\"@id\":\"https:\/\/progresso.com.br\/#website\"},\"primaryImageOfPage\":{\"@id\":\"https:\/\/progresso.com.br\/index.php\/2026\/03\/06\/morre-o-professor-aposentado-ivo-nascimento-aos-76-anos\/#primaryimage\"},\"image\":{\"@id\":\"https:\/\/progresso.com.br\/index.php\/2026\/03\/06\/morre-o-professor-aposentado-ivo-nascimento-aos-76-anos\/#primaryimage\"},\"thumbnailUrl\":\"https:\/\/progresso.com.br\/wp-content\/uploads\/2026\/03\/ivo.jpg\",\"datePublished\":\"2026-03-06T17:39:51+00:00\",\"dateModified\":\"2026-03-06T17:39:52+00:00\",\"breadcrumb\":{\"@id\":\"https:\/\/progresso.com.br\/index.php\/2026\/03\/06\/morre-o-professor-aposentado-ivo-nascimento-aos-76-anos\/#breadcrumb\"},\"inLanguage\":\"pt-BR\",\"potentialAction\":[{\"@type\":\"ReadAction\",\"target\":[\"https:\/\/progresso.com.br\/index.php\/2026\/03\/06\/morre-o-professor-aposentado-ivo-nascimento-aos-76-anos\/\"]}]},{\"@type\":\"ImageObject\",\"inLanguage\":\"pt-BR\",\"@id\":\"https:\/\/progresso.com.br\/index.php\/2026\/03\/06\/morre-o-professor-aposentado-ivo-nascimento-aos-76-anos\/#primaryimage\",\"url\":\"https:\/\/progresso.com.br\/wp-content\/uploads\/2026\/03\/ivo.jpg\",\"contentUrl\":\"https:\/\/progresso.com.br\/wp-content\/uploads\/2026\/03\/ivo.jpg\",\"width\":319,\"height\":493},{\"@type\":\"BreadcrumbList\",\"@id\":\"https:\/\/progresso.com.br\/index.php\/2026\/03\/06\/morre-o-professor-aposentado-ivo-nascimento-aos-76-anos\/#breadcrumb\",\"itemListElement\":[{\"@type\":\"ListItem\",\"position\":1,\"name\":\"In\u00edcio\",\"item\":\"https:\/\/progresso.com.br\/\"},{\"@type\":\"ListItem\",\"position\":2,\"name\":\"Morre o professor aposentado Ivo Nascimento, aos 76 anos\"}]},{\"@type\":\"WebSite\",\"@id\":\"https:\/\/progresso.com.br\/#website\",\"url\":\"https:\/\/progresso.com.br\/\",\"name\":\"O PROGRESSO\",\"description\":\"\",\"publisher\":{\"@id\":\"https:\/\/progresso.com.br\/#organization\"},\"potentialAction\":[{\"@type\":\"SearchAction\",\"target\":{\"@type\":\"EntryPoint\",\"urlTemplate\":\"https:\/\/progresso.com.br\/?s={search_term_string}\"},\"query-input\":{\"@type\":\"PropertyValueSpecification\",\"valueRequired\":true,\"valueName\":\"search_term_string\"}}],\"inLanguage\":\"pt-BR\"},{\"@type\":\"Organization\",\"@id\":\"https:\/\/progresso.com.br\/#organization\",\"name\":\"O PROGRESSO\",\"url\":\"https:\/\/progresso.com.br\/\",\"logo\":{\"@type\":\"ImageObject\",\"inLanguage\":\"pt-BR\",\"@id\":\"https:\/\/progresso.com.br\/#\/schema\/logo\/image\/\",\"url\":\"https:\/\/progresso.com.br\/wp-content\/uploads\/2026\/03\/logo_proog.jpg\",\"contentUrl\":\"https:\/\/progresso.com.br\/wp-content\/uploads\/2026\/03\/logo_proog.jpg\",\"width\":1960,\"height\":1080,\"caption\":\"O PROGRESSO\"},\"image\":{\"@id\":\"https:\/\/progresso.com.br\/#\/schema\/logo\/image\/\"},\"sameAs\":[\"https:\/\/www.facebook.com\/share\/1CeoksKBj6\/\",\"https:\/\/www.instagram.com\/oprogresso_digital\"]},{\"@type\":\"Person\",\"@id\":\"https:\/\/progresso.com.br\/#\/schema\/person\/b7390ac97c5e156cc2e02aa8e88f1bf2\",\"name\":\"Alfredo\",\"image\":{\"@type\":\"ImageObject\",\"inLanguage\":\"pt-BR\",\"@id\":\"https:\/\/progresso.com.br\/#\/schema\/person\/image\/\",\"url\":\"https:\/\/secure.gravatar.com\/avatar\/ca208a3111522ad69d765c6f0ea1ce4742c74e10aba78ae7158042d704d65a9f?s=96&d=mm&r=g\",\"contentUrl\":\"https:\/\/secure.gravatar.com\/avatar\/ca208a3111522ad69d765c6f0ea1ce4742c74e10aba78ae7158042d704d65a9f?s=96&d=mm&r=g\",\"caption\":\"Alfredo\"},\"url\":\"https:\/\/progresso.com.br\/index.php\/author\/alfredo\/\"}]}<\/script>\n<!-- \/ Yoast SEO plugin. -->","yoast_head_json":{"title":"Morre o professor aposentado Ivo Nascimento, aos 76 anos - O PROGRESSO","robots":{"index":"index","follow":"follow","max-snippet":"max-snippet:-1","max-image-preview":"max-image-preview:large","max-video-preview":"max-video-preview:-1"},"canonical":"https:\/\/progresso.com.br\/index.php\/2026\/03\/06\/morre-o-professor-aposentado-ivo-nascimento-aos-76-anos\/","og_locale":"pt_BR","og_type":"article","og_title":"Morre o professor aposentado Ivo Nascimento, aos 76 anos - O PROGRESSO","og_description":"Morreu na manh\u00e3 desta sexta-feira (6) o professor aposentado Ivo Nascimento, aos 76 anos. Ele estava internado num hospital em Campo Grande para realiza\u00e7\u00e3o de alguns exames e faleceu enquanto dormia. Ivo Nascimento era casado com Alzira Patussi Nascimento. E deixa tamb\u00e9m tr\u00eas filhos e sete netos. Ele se mudou para Dourados em 1.982, vindo [&hellip;]","og_url":"https:\/\/progresso.com.br\/index.php\/2026\/03\/06\/morre-o-professor-aposentado-ivo-nascimento-aos-76-anos\/","og_site_name":"O PROGRESSO","article_publisher":"https:\/\/www.facebook.com\/share\/1CeoksKBj6\/","article_published_time":"2026-03-06T17:39:51+00:00","article_modified_time":"2026-03-06T17:39:52+00:00","og_image":[{"width":319,"height":493,"url":"https:\/\/progresso.com.br\/wp-content\/uploads\/2026\/03\/ivo.jpg","type":"image\/jpeg"}],"author":"Alfredo","twitter_card":"summary_large_image","twitter_misc":{"Escrito por":"Alfredo","Est. tempo de leitura":"1 minuto"},"schema":{"@context":"https:\/\/schema.org","@graph":[{"@type":"Article","@id":"https:\/\/progresso.com.br\/index.php\/2026\/03\/06\/morre-o-professor-aposentado-ivo-nascimento-aos-76-anos\/#article","isPartOf":{"@id":"https:\/\/progresso.com.br\/index.php\/2026\/03\/06\/morre-o-professor-aposentado-ivo-nascimento-aos-76-anos\/"},"author":{"name":"Alfredo","@id":"https:\/\/progresso.com.br\/#\/schema\/person\/b7390ac97c5e156cc2e02aa8e88f1bf2"},"headline":"Morre o professor aposentado Ivo Nascimento, aos 76 anos","datePublished":"2026-03-06T17:39:51+00:00","dateModified":"2026-03-06T17:39:52+00:00","mainEntityOfPage":{"@id":"https:\/\/progresso.com.br\/index.php\/2026\/03\/06\/morre-o-professor-aposentado-ivo-nascimento-aos-76-anos\/"},"wordCount":141,"commentCount":0,"publisher":{"@id":"https:\/\/progresso.com.br\/#organization"},"image":{"@id":"https:\/\/progresso.com.br\/index.php\/2026\/03\/06\/morre-o-professor-aposentado-ivo-nascimento-aos-76-anos\/#primaryimage"},"thumbnailUrl":"https:\/\/progresso.com.br\/wp-content\/uploads\/2026\/03\/ivo.jpg","articleSection":["Cotidiano"],"inLanguage":"pt-BR","potentialAction":[{"@type":"CommentAction","name":"Comment","target":["https:\/\/progresso.com.br\/index.php\/2026\/03\/06\/morre-o-professor-aposentado-ivo-nascimento-aos-76-anos\/#respond"]}]},{"@type":"WebPage","@id":"https:\/\/progresso.com.br\/index.php\/2026\/03\/06\/morre-o-professor-aposentado-ivo-nascimento-aos-76-anos\/","url":"https:\/\/progresso.com.br\/index.php\/2026\/03\/06\/morre-o-professor-aposentado-ivo-nascimento-aos-76-anos\/","name":"Morre o professor aposentado Ivo Nascimento, aos 76 anos - O PROGRESSO","isPartOf":{"@id":"https:\/\/progresso.com.br\/#website"},"primaryImageOfPage":{"@id":"https:\/\/progresso.com.br\/index.php\/2026\/03\/06\/morre-o-professor-aposentado-ivo-nascimento-aos-76-anos\/#primaryimage"},"image":{"@id":"https:\/\/progresso.com.br\/index.php\/2026\/03\/06\/morre-o-professor-aposentado-ivo-nascimento-aos-76-anos\/#primaryimage"},"thumbnailUrl":"https:\/\/progresso.com.br\/wp-content\/uploads\/2026\/03\/ivo.jpg","datePublished":"2026-03-06T17:39:51+00:00","dateModified":"2026-03-06T17:39:52+00:00","breadcrumb":{"@id":"https:\/\/progresso.com.br\/index.php\/2026\/03\/06\/morre-o-professor-aposentado-ivo-nascimento-aos-76-anos\/#breadcrumb"},"inLanguage":"pt-BR","potentialAction":[{"@type":"ReadAction","target":["https:\/\/progresso.com.br\/index.php\/2026\/03\/06\/morre-o-professor-aposentado-ivo-nascimento-aos-76-anos\/"]}]},{"@type":"ImageObject","inLanguage":"pt-BR","@id":"https:\/\/progresso.com.br\/index.php\/2026\/03\/06\/morre-o-professor-aposentado-ivo-nascimento-aos-76-anos\/#primaryimage","url":"https:\/\/progresso.com.br\/wp-content\/uploads\/2026\/03\/ivo.jpg","contentUrl":"https:\/\/progresso.com.br\/wp-content\/uploads\/2026\/03\/ivo.jpg","width":319,"height":493},{"@type":"BreadcrumbList","@id":"https:\/\/progresso.com.br\/index.php\/2026\/03\/06\/morre-o-professor-aposentado-ivo-nascimento-aos-76-anos\/#breadcrumb","itemListElement":[{"@type":"ListItem","position":1,"name":"In\u00edcio","item":"https:\/\/progresso.com.br\/"},{"@type":"ListItem","position":2,"name":"Morre o professor aposentado Ivo Nascimento, aos 76 anos"}]},{"@type":"WebSite","@id":"https:\/\/progresso.com.br\/#website","url":"https:\/\/progresso.com.br\/","name":"O PROGRESSO","description":"","publisher":{"@id":"https:\/\/progresso.com.br\/#organization"},"potentialAction":[{"@type":"SearchAction","target":{"@type":"EntryPoint","urlTemplate":"https:\/\/progresso.com.br\/?s={search_term_string}"},"query-input":{"@type":"PropertyValueSpecification","valueRequired":true,"valueName":"search_term_string"}}],"inLanguage":"pt-BR"},{"@type":"Organization","@id":"https:\/\/progresso.com.br\/#organization","name":"O PROGRESSO","url":"https:\/\/progresso.com.br\/","logo":{"@type":"ImageObject","inLanguage":"pt-BR","@id":"https:\/\/progresso.com.br\/#\/schema\/logo\/image\/","url":"https:\/\/progresso.com.br\/wp-content\/uploads\/2026\/03\/logo_proog.jpg","contentUrl":"https:\/\/progresso.com.br\/wp-content\/uploads\/2026\/03\/logo_proog.jpg","width":1960,"height":1080,"caption":"O PROGRESSO"},"image":{"@id":"https:\/\/progresso.com.br\/#\/schema\/logo\/image\/"},"sameAs":["https:\/\/www.facebook.com\/share\/1CeoksKBj6\/","https:\/\/www.instagram.com\/oprogresso_digital"]},{"@type":"Person","@id":"https:\/\/progresso.com.br\/#\/schema\/person\/b7390ac97c5e156cc2e02aa8e88f1bf2","name":"Alfredo","image":{"@type":"ImageObject","inLanguage":"pt-BR","@id":"https:\/\/progresso.com.br\/#\/schema\/person\/image\/","url":"https:\/\/secure.gravatar.com\/avatar\/ca208a3111522ad69d765c6f0ea1ce4742c74e10aba78ae7158042d704d65a9f?s=96&d=mm&r=g","contentUrl":"https:\/\/secure.gravatar.com\/avatar\/ca208a3111522ad69d765c6f0ea1ce4742c74e10aba78ae7158042d704d65a9f?s=96&d=mm&r=g","caption":"Alfredo"},"url":"https:\/\/progresso.com.br\/index.php\/author\/alfredo\/"}]}},"_links":{"self":[{"href":"https:\/\/progresso.com.br\/index.php\/wp-json\/wp\/v2\/posts\/349","targetHints":{"allow":["GET"]}}],"collection":[{"href":"https:\/\/progresso.com.br\/index.php\/wp-json\/wp\/v2\/posts"}],"about":[{"href":"https:\/\/progresso.com.br\/index.php\/wp-json\/wp\/v2\/types\/post"}],"author":[{"embeddable":true,"href":"https:\/\/progresso.com.br\/index.php\/wp-json\/wp\/v2\/users\/3"}],"replies":[{"embeddable":true,"href":"https:\/\/progresso.com.br\/index.php\/wp-json\/wp\/v2\/comments?post=349"}],"version-history":[{"count":1,"href":"https:\/\/progresso.com.br\/index.php\/wp-json\/wp\/v2\/posts\/349\/revisions"}],"predecessor-version":[{"id":351,"href":"https:\/\/progresso.com.br\/index.php\/wp-json\/wp\/v2\/posts\/349\/revisions\/351"}],"wp:featuredmedia":[{"embeddable":true,"href":"https:\/\/progresso.com.br\/index.php\/wp-json\/wp\/v2\/media\/350"}],"wp:attachment":[{"href":"https:\/\/progresso.com.br\/index.php\/wp-json\/wp\/v2\/media?parent=349"}],"wp:term":[{"taxonomy":"category","embeddable":true,"href":"https:\/\/progresso.com.br\/index.php\/wp-json\/wp\/v2\/categories?post=349"},{"taxonomy":"post_tag","embeddable":true,"href":"https:\/\/progresso.com.br\/index.php\/wp-json\/wp\/v2\/tags?post=349"}],"curies":[{"name":"wp","href":"https:\/\/api.w.org\/{rel}","templated":true}]}}