{"id":356,"date":"2026-03-06T14:58:37","date_gmt":"2026-03-06T17:58:37","guid":{"rendered":"https:\/\/10nl.com.br\/?p=356"},"modified":"2026-03-06T14:58:37","modified_gmt":"2026-03-06T17:58:37","slug":"eua-ameaca-agir-sozinho-em-paises-latinos-americanos","status":"publish","type":"post","link":"https:\/\/progresso.com.br\/index.php\/2026\/03\/06\/eua-ameaca-agir-sozinho-em-paises-latinos-americanos\/","title":{"rendered":"EUA amea\u00e7a &#8220;agir sozinho&#8221; em pa\u00edses latinos-americanos"},"content":{"rendered":"\n<ul class=\"wp-block-list\">\n<li>Pa\u00eds firmou acordo de combate a cart\u00e9is com 16 governos aliados<\/li>\n<\/ul>\n\n\n\n<p>Em meio aos ataques contra o Ir\u00e3, o governo dos Estados Unidos firmou acordo com 16 pa\u00edses latino-americanos para \u201ccombate aos cart\u00e9is\u201d na regi\u00e3o e amea\u00e7ou \u201cagir sozinho\u201d na Am\u00e9rica Latina \u201cse necess\u00e1rio\u201d, o que violaria a soberania das na\u00e7\u00f5es latino-americanas sobre o pr\u00f3prio territ\u00f3rio.<img decoding=\"async\" src=\"https:\/\/agenciabrasil.ebc.com.br\/ebc.png?id=1680913&amp;o=node\"><img decoding=\"async\" src=\"https:\/\/agenciabrasil.ebc.com.br\/ebc.gif?id=1680913&amp;o=node\"><\/p>\n\n\n\n<p>O secret\u00e1rio de Defesa dos EUA, Pete Hegseth, liderou na \u00faltima quinta-feira (5), em Doral, na Fl\u00f3rida,&nbsp;a&nbsp;<a href=\"https:\/\/www.southcom.mil\/MEDIA\/NEWS-ARTICLES\/Article\/4423347\/hegseth-promotes-regional-border-security-signs-joint-security-declaration-at-i\/\" target=\"_blank\" rel=\"noreferrer noopener\">Confer\u00eancia das Am\u00e9ricas de Combate aos Cart\u00e9is<\/a>, da qual participaram 16 pa\u00edses latino-americanos.&nbsp;<\/p>\n\n\n\n<p>&#8220;Os Estados Unidos est\u00e3o preparados para enfrentar essas amea\u00e7as e partir para o ataque sozinhos, se necess\u00e1rio. No entanto, nossa prefer\u00eancia \u2014 e o objetivo desta confer\u00eancia \u2014 \u00e9 que, no interesse deste hemisf\u00e9rio, fa\u00e7amos isso juntos; com voc\u00eas, com nossos vizinhos e com nossos aliados&#8221;, disse Hegseth.<\/p>\n\n\n\n<p>O secret\u00e1rio do governo Trump enfatizou que a \u201ccoaliz\u00e3o\u201d firmada na Fl\u00f3rida expressa a pol\u00edtica do&nbsp;<a href=\"https:\/\/agenciabrasil.ebc.com.br\/internacional\/noticia\/2025-12\/eua-afirmam-proeminencia-na-america-latina-em-recado-china\" target=\"_blank\" rel=\"noreferrer noopener\">Corol\u00e1rio Trump \u00e0 Doutrina Monroe<\/a>. Inclu\u00edda na Estrat\u00e9gia&nbsp;de Seguran\u00e7a Nacional, anunciada em dezembro pelos Estados Unidos,&nbsp;a pol\u00edtica reafirma a doutrina criada em 1823 e prega a \u201cproemin\u00eancia\u201d de Washington sobre as Am\u00e9ricas.<\/p>\n\n\n\n<p><a href=\"https:\/\/whatsapp.com\/channel\/0029VaoRTgrInlqYLSk59B2M\" target=\"_blank\" rel=\"noreferrer noopener\">&gt;&gt; Siga o canal da&nbsp;<strong>Ag\u00eancia Brasil&nbsp;<\/strong>no WhatsApp<\/a><\/p>\n\n\n\n<h2 class=\"wp-block-heading\">&#8220;Amea\u00e7a grav\u00edssima&#8221;<\/h2>\n\n\n\n<p>O professor de geopol\u00edtica da Escola Superior de Guerra Ronaldo Carmona disse \u00e0&nbsp;<strong>Ag\u00eancia Brasil<\/strong>&nbsp;que&nbsp;<strong>a fala de Hegseth \u00e9 uma &#8220;amea\u00e7a grav\u00edssima&#8221;.<\/strong><\/p>\n\n\n\n<p>&#8220;Pois sob Trump, as amea\u00e7as costumam se materializar (vide Venezuela e agora Ir\u00e3). Ao evocar a Doutrina Monroe, o faz propondo expurgar a presen\u00e7a de pot\u00eancias extrarregionais das Am\u00e9ricas, em uma amea\u00e7a expl\u00edcita \u00e0 liberdade de a\u00e7\u00e3o das na\u00e7\u00f5es da Am\u00e9rica Latina\u201d, comentou.<\/p>\n\n\n\n<p>O pesquisador do Centro Brasileiro de Rela\u00e7\u00f5es Internacionais (Cebri) acrescentou que o ingresso de drogas nos EUA deve ser uma tarefa interna ao Estado americano, que tenta \u201clatino-americanizar\u201d a quest\u00e3o como \u201cpretexto\u201d para interven\u00e7\u00f5es abertas no continente, como ocorreu na Venezuela.<\/p>\n\n\n\n<p>&#8220;\u00c9 dif\u00edcil imaginar que as for\u00e7as de seguran\u00e7a americana n\u00e3o tenham meios para proteger autonomamente suas pr\u00f3prias fronteiras&#8221;, completou Carmona.&nbsp;<\/p>\n\n\n\n<p>O combate aos cart\u00e9is foi a justificativa usada para o sequestro do presidente da Venezuela, Nicol\u00e1s Maduro. Em seguida, Washington afastou-se do discurso do combate \u00e0s drogas na Venezuela,&nbsp;<a href=\"https:\/\/agenciabrasil.ebc.com.br\/internacional\/noticia\/2026-01\/trump-diz-que-eua-vao-administrar-venezuela-ate-transicao-segura\" target=\"_blank\" rel=\"noreferrer noopener\">priorizando a agenda do com\u00e9rcio petroleiro nas rela\u00e7\u00f5es com Caracas<\/a>.&nbsp;<\/p>\n\n\n\n<h2 class=\"wp-block-heading\">Confer\u00eancia no Comando Sul<\/h2>\n\n\n\n<p>Ao explicar a nova doutrina na Confer\u00eancia da Fl\u00f3rida, o secret\u00e1rio de Defesa Pete Hegseth afirmou que os EUA querem \u201cacesso irrestrito a \u00e1reas estrat\u00e9gicas e ao com\u00e9rcio, para que nossas na\u00e7\u00f5es possam se industrializar&#8221;.<\/p>\n\n\n\n<p>&#8220;Queremos impedir que pot\u00eancias externas ameacem nossa paz e independ\u00eancia em nossa regi\u00e3o comum&#8221;, acrescentou.<\/p>\n\n\n\n<p>A Confer\u00eancia ocorreu na sede do Comando Sul dos EUA, setor das For\u00e7as Armadas respons\u00e1vel por monitorar a Am\u00e9rica Latina e o Caribe.&nbsp;<\/p>\n\n\n\n<p>Da Am\u00e9rica do Sul, estavam presentes representantes da Argentina, Guiana, Bol\u00edvia, Equador, Paraguai, Chile e Peru. Da Am\u00e9rica Central, estavam Belize, Costa Rica, Rep\u00fablica Dominicana, El Salvador, Guatemala, Honduras, Jamaica, Panam\u00e1 e Trinidad e Tobago.<\/p>\n\n\n\n<p><a href=\"https:\/\/www.argentina.gob.ar\/noticias\/la-estabilidad-del-continente-americano-es-condicion-indispensable-para-el-desarrollo-y-la\" target=\"_blank\" rel=\"noreferrer noopener\">O Minist\u00e9rio da Defesa da Argentina informou que, al\u00e9m de uma declara\u00e7\u00e3o conjunta que n\u00e3o foi divulgada, foram firmados acordos bilaterais com os EUA<\/a>. Tais acordos separados teriam permitido \u201cadaptar o marco jur\u00eddico de cada na\u00e7\u00e3o, como um elemento substancial do que foi acordado\u201d.&nbsp;<\/p>\n\n\n\n<p>O professor Carmona acrescentou que Washington tenta vincular os pa\u00edses latino-americanos aos des\u00edgnios estrat\u00e9gicos de Washington, \u201cimpedindo-as de manter rela\u00e7\u00f5es abertas com os v\u00e1rios polos de poder mundial&#8221;.<\/p>\n\n\n\n<blockquote class=\"wp-block-quote is-layout-flow wp-block-quote-is-layout-flow\">\n<p>&#8220;Trata-se de um constrangimento \u00e0 soberania inaceit\u00e1vel para a Am\u00e9rica Latina\u201d.<\/p>\n<\/blockquote>\n\n\n\n<h2 class=\"wp-block-heading\">M\u00e9xico e Brasil<\/h2>\n\n\n\n<p><strong>Os governos do M\u00e9xico e do Brasil t\u00eam informado que o combate aos cart\u00e9is na Am\u00e9rica Latina tem que ser feito respeitando a soberania dos pa\u00edses da regi\u00e3o.<\/strong><\/p>\n\n\n\n<p><a href=\"https:\/\/agenciabrasil.ebc.com.br\/radioagencia-nacional\/internacional\/audio\/2026-01\/sheinbaum-diz-rejeitar-qualquer-acao-dos-eua-em-territorio-mexicano\" target=\"_blank\" rel=\"noreferrer noopener\">A presidente do M\u00e9xico, Claudia Sheinbaum, destacou que o combate \u00e0s drogas, em parceria com Washington, deve ser feito com \u201ccoordena\u00e7\u00e3o e sem subordina\u00e7\u00e3o, como iguais\u201d<\/a>. &nbsp;<\/p>\n\n\n\n<p><a href=\"https:\/\/agenciabrasil.ebc.com.br\/radioagencia-nacional\/internacional\/audio\/2026-02\/lula-inclui-combate-ao-narcotrafico-e-terras-raras-em-agenda-com-trump\" target=\"_blank\" rel=\"noreferrer noopener\">O presidente brasileiro, Luiz In\u00e1cio Lula da Silva, por sua vez, incluiu o combate ao narcotr\u00e1fico na agenda de negocia\u00e7\u00f5es com o governo de Donald Trump.&nbsp;<\/a><\/p>\n\n\n\n<p>O pesquisador do Cebri Ronaldo Carmona afirma que o Brasil sempre diferenciou as atividades policiais, que seriam usadas para combater o narcotr\u00e1fico, das atividades de Defesa, ligada \u00e0&nbsp;soberania territorial. Por\u00e9m, os EUA tentam militarizar esse combate \u00e0s drogas.<\/p>\n\n\n\n<p>\u201cO Brasil precisa urgentemente, como uma prioridade nacional, enfrentar com todas as energias, a come\u00e7ar das for\u00e7as de seguran\u00e7a, as organiza\u00e7\u00f5es criminosas brasileiras, at\u00e9 para n\u00e3o oferecer pretexto a&nbsp;Washington de utiliz\u00e1-las com fins de amea\u00e7a \u00e0 soberania brasileira\u201d, completou.<\/p>\n\n\n\n<h2 class=\"wp-block-heading\">Col\u00f4mbia<\/h2>\n\n\n\n<p>O presidente colombiano, Gustavo Petro, reagiu \u00e0 declara\u00e7\u00e3o do secret\u00e1rio estadunidense, comentando que os EUA \u201cn\u00e3o precisam agir sozinhos para acabar com os cart\u00e9is de droga, pois n\u00e3o saberiam como faz\u00ea-lo bem. Para destruir os cart\u00e9is da m\u00e1fia, precisamos nos unir\u201d.<\/p>\n\n\n\n<blockquote class=\"wp-block-quote is-layout-flow wp-block-quote-is-layout-flow\">\n<p>\u201cSe algu\u00e9m est\u00e1 interessado em destruir os cart\u00e9is, s\u00e3o a Col\u00f4mbia e a Am\u00e9rica Latina, onde milh\u00f5es de pessoas foram assassinadas&nbsp;e onde a democracia foi destru\u00edda em regi\u00f5es que vivem sob o terror&#8221;, disse Petro.<\/p>\n<\/blockquote>\n\n\n\n<p>&#8220;Portanto, a alian\u00e7a contra o tr\u00e1fico de drogas \u00e9 um Pacto pela Vida e pela Paz, e estamos prontos\u201d, disse em uma rede social.\u00a0<\/p>\n\n\n\n<h6 class=\"wp-block-heading\">Equador e Paraguai<\/h6>\n\n\n\n<p>O Equador e o Paraguai est\u00e3o entre os pa\u00edses que mais t\u00eam estreitado rela\u00e7\u00e3o com Washington sob o argumento de combate ao narcotr\u00e1fico.<\/p>\n\n\n\n<p>Um dia antes da Confer\u00eancia na Fl\u00f3rida,&nbsp;<a href=\"https:\/\/www.lanacion.com.py\/politica\/2026\/03\/04\/senado-aprueba-acuerdo-militar-sofa-con-ee-uu-y-pasa-a-diputados\/\" target=\"_blank\" rel=\"noreferrer noopener\">o Senado do Paraguai aprovou acordo com os EUA que prev\u00ea a presen\u00e7a no pa\u00eds de militares enviados por Washington, com imunidade penal para opera\u00e7\u00f5es no pa\u00eds sul-americano<\/a>. O projeto ainda precisa de aprova\u00e7\u00e3o da C\u00e2mara dos Deputados paraguaia.&nbsp;<\/p>\n\n\n\n<p><a href=\"https:\/\/www.southcom.mil\/News\/PressReleases\/Article\/4420523\/ecuadorian-and-us-military-forces-launch-operations-against-narco-terrorists\/\" target=\"_blank\" rel=\"noreferrer noopener\">Tamb\u00e9m nesta semana, o Equador e os EUA anunciaram opera\u00e7\u00f5es militares conjuntas contra cart\u00e9is de drogas.<\/a>&nbsp;<\/p>\n\n\n\n<p>Em novembro de 2025, o presidente do pa\u00eds, Daniel Noboa, tentou aprovar, em referendo, a permiss\u00e3o para instalar bases militares estrangeiras no pa\u00eds, mas&nbsp;<a href=\"https:\/\/agenciabrasil.ebc.com.br\/internacional\/noticia\/2025-11\/em-referendo-equador-rejeita-instalar-bases-militares-estrangeiras\" target=\"_blank\" rel=\"noreferrer noopener\">a consulta foi rejeitada por 60% da popula\u00e7\u00e3o equatoriana que foi \u00e0s urnas<\/a>.&nbsp;<\/p>\n","protected":false},"excerpt":{"rendered":"<p>Em meio aos ataques contra o Ir\u00e3, o governo dos Estados Unidos firmou acordo com 16 pa\u00edses latino-americanos para \u201ccombate aos cart\u00e9is\u201d na regi\u00e3o e amea\u00e7ou \u201cagir sozinho\u201d na Am\u00e9rica Latina \u201cse necess\u00e1rio\u201d, o que violaria a soberania das na\u00e7\u00f5es latino-americanas sobre o pr\u00f3prio territ\u00f3rio. O secret\u00e1rio de Defesa dos EUA, Pete Hegseth, liderou na [&hellip;]<\/p>\n","protected":false},"author":2,"featured_media":360,"comment_status":"open","ping_status":"open","sticky":false,"template":"","format":"standard","meta":{"footnotes":""},"categories":[13,2],"tags":[],"class_list":["post-356","post","type-post","status-publish","format-standard","has-post-thumbnail","hentry","category-cotidiano","category-destaque"],"yoast_head":"<!-- This site is optimized with the Yoast SEO plugin v27.1.1 - https:\/\/yoast.com\/product\/yoast-seo-wordpress\/ -->\n<title>EUA amea\u00e7a &quot;agir sozinho&quot; em pa\u00edses latinos-americanos - O PROGRESSO<\/title>\n<meta name=\"robots\" content=\"index, follow, max-snippet:-1, max-image-preview:large, max-video-preview:-1\" \/>\n<link rel=\"canonical\" href=\"https:\/\/progresso.com.br\/index.php\/2026\/03\/06\/eua-ameaca-agir-sozinho-em-paises-latinos-americanos\/\" \/>\n<meta property=\"og:locale\" content=\"pt_BR\" \/>\n<meta property=\"og:type\" content=\"article\" \/>\n<meta property=\"og:title\" content=\"EUA amea\u00e7a &quot;agir sozinho&quot; em pa\u00edses latinos-americanos - O PROGRESSO\" \/>\n<meta property=\"og:description\" content=\"Em meio aos ataques contra o Ir\u00e3, o governo dos Estados Unidos firmou acordo com 16 pa\u00edses latino-americanos para \u201ccombate aos cart\u00e9is\u201d na regi\u00e3o e amea\u00e7ou \u201cagir sozinho\u201d na Am\u00e9rica Latina \u201cse necess\u00e1rio\u201d, o que violaria a soberania das na\u00e7\u00f5es latino-americanas sobre o pr\u00f3prio territ\u00f3rio. O secret\u00e1rio de Defesa dos EUA, Pete Hegseth, liderou na [&hellip;]\" \/>\n<meta property=\"og:url\" content=\"https:\/\/progresso.com.br\/index.php\/2026\/03\/06\/eua-ameaca-agir-sozinho-em-paises-latinos-americanos\/\" \/>\n<meta property=\"og:site_name\" content=\"O PROGRESSO\" \/>\n<meta property=\"article:publisher\" content=\"https:\/\/www.facebook.com\/share\/1CeoksKBj6\/\" \/>\n<meta property=\"article:published_time\" content=\"2026-03-06T17:58:37+00:00\" \/>\n<meta property=\"og:image\" content=\"https:\/\/progresso.com.br\/wp-content\/uploads\/2026\/03\/260305-o-do439-001.jpg\" \/>\n\t<meta property=\"og:image:width\" content=\"1170\" \/>\n\t<meta property=\"og:image:height\" content=\"700\" \/>\n\t<meta property=\"og:image:type\" content=\"image\/jpeg\" \/>\n<meta name=\"author\" content=\"Rose\" \/>\n<meta name=\"twitter:card\" content=\"summary_large_image\" \/>\n<meta name=\"twitter:label1\" content=\"Escrito por\" \/>\n\t<meta name=\"twitter:data1\" content=\"Rose\" \/>\n\t<meta name=\"twitter:label2\" content=\"Est. tempo de leitura\" \/>\n\t<meta name=\"twitter:data2\" content=\"6 minutos\" \/>\n<script type=\"application\/ld+json\" class=\"yoast-schema-graph\">{\"@context\":\"https:\/\/schema.org\",\"@graph\":[{\"@type\":\"Article\",\"@id\":\"https:\/\/progresso.com.br\/index.php\/2026\/03\/06\/eua-ameaca-agir-sozinho-em-paises-latinos-americanos\/#article\",\"isPartOf\":{\"@id\":\"https:\/\/progresso.com.br\/index.php\/2026\/03\/06\/eua-ameaca-agir-sozinho-em-paises-latinos-americanos\/\"},\"author\":{\"name\":\"Rose\",\"@id\":\"https:\/\/progresso.com.br\/#\/schema\/person\/5dd27138d4463fbbaace62120bfc002b\"},\"headline\":\"EUA amea\u00e7a &#8220;agir sozinho&#8221; em pa\u00edses latinos-americanos\",\"datePublished\":\"2026-03-06T17:58:37+00:00\",\"mainEntityOfPage\":{\"@id\":\"https:\/\/progresso.com.br\/index.php\/2026\/03\/06\/eua-ameaca-agir-sozinho-em-paises-latinos-americanos\/\"},\"wordCount\":1119,\"commentCount\":0,\"publisher\":{\"@id\":\"https:\/\/progresso.com.br\/#organization\"},\"image\":{\"@id\":\"https:\/\/progresso.com.br\/index.php\/2026\/03\/06\/eua-ameaca-agir-sozinho-em-paises-latinos-americanos\/#primaryimage\"},\"thumbnailUrl\":\"https:\/\/progresso.com.br\/wp-content\/uploads\/2026\/03\/260305-o-do439-001.jpg\",\"articleSection\":[\"Cotidiano\",\"Em destaque\"],\"inLanguage\":\"pt-BR\",\"potentialAction\":[{\"@type\":\"CommentAction\",\"name\":\"Comment\",\"target\":[\"https:\/\/progresso.com.br\/index.php\/2026\/03\/06\/eua-ameaca-agir-sozinho-em-paises-latinos-americanos\/#respond\"]}]},{\"@type\":\"WebPage\",\"@id\":\"https:\/\/progresso.com.br\/index.php\/2026\/03\/06\/eua-ameaca-agir-sozinho-em-paises-latinos-americanos\/\",\"url\":\"https:\/\/progresso.com.br\/index.php\/2026\/03\/06\/eua-ameaca-agir-sozinho-em-paises-latinos-americanos\/\",\"name\":\"EUA amea\u00e7a \\\"agir sozinho\\\" em pa\u00edses latinos-americanos - O PROGRESSO\",\"isPartOf\":{\"@id\":\"https:\/\/progresso.com.br\/#website\"},\"primaryImageOfPage\":{\"@id\":\"https:\/\/progresso.com.br\/index.php\/2026\/03\/06\/eua-ameaca-agir-sozinho-em-paises-latinos-americanos\/#primaryimage\"},\"image\":{\"@id\":\"https:\/\/progresso.com.br\/index.php\/2026\/03\/06\/eua-ameaca-agir-sozinho-em-paises-latinos-americanos\/#primaryimage\"},\"thumbnailUrl\":\"https:\/\/progresso.com.br\/wp-content\/uploads\/2026\/03\/260305-o-do439-001.jpg\",\"datePublished\":\"2026-03-06T17:58:37+00:00\",\"breadcrumb\":{\"@id\":\"https:\/\/progresso.com.br\/index.php\/2026\/03\/06\/eua-ameaca-agir-sozinho-em-paises-latinos-americanos\/#breadcrumb\"},\"inLanguage\":\"pt-BR\",\"potentialAction\":[{\"@type\":\"ReadAction\",\"target\":[\"https:\/\/progresso.com.br\/index.php\/2026\/03\/06\/eua-ameaca-agir-sozinho-em-paises-latinos-americanos\/\"]}]},{\"@type\":\"ImageObject\",\"inLanguage\":\"pt-BR\",\"@id\":\"https:\/\/progresso.com.br\/index.php\/2026\/03\/06\/eua-ameaca-agir-sozinho-em-paises-latinos-americanos\/#primaryimage\",\"url\":\"https:\/\/progresso.com.br\/wp-content\/uploads\/2026\/03\/260305-o-do439-001.jpg\",\"contentUrl\":\"https:\/\/progresso.com.br\/wp-content\/uploads\/2026\/03\/260305-o-do439-001.jpg\",\"width\":1170,\"height\":700},{\"@type\":\"BreadcrumbList\",\"@id\":\"https:\/\/progresso.com.br\/index.php\/2026\/03\/06\/eua-ameaca-agir-sozinho-em-paises-latinos-americanos\/#breadcrumb\",\"itemListElement\":[{\"@type\":\"ListItem\",\"position\":1,\"name\":\"In\u00edcio\",\"item\":\"https:\/\/progresso.com.br\/\"},{\"@type\":\"ListItem\",\"position\":2,\"name\":\"EUA amea\u00e7a &#8220;agir sozinho&#8221; em pa\u00edses latinos-americanos\"}]},{\"@type\":\"WebSite\",\"@id\":\"https:\/\/progresso.com.br\/#website\",\"url\":\"https:\/\/progresso.com.br\/\",\"name\":\"O PROGRESSO\",\"description\":\"\",\"publisher\":{\"@id\":\"https:\/\/progresso.com.br\/#organization\"},\"potentialAction\":[{\"@type\":\"SearchAction\",\"target\":{\"@type\":\"EntryPoint\",\"urlTemplate\":\"https:\/\/progresso.com.br\/?s={search_term_string}\"},\"query-input\":{\"@type\":\"PropertyValueSpecification\",\"valueRequired\":true,\"valueName\":\"search_term_string\"}}],\"inLanguage\":\"pt-BR\"},{\"@type\":\"Organization\",\"@id\":\"https:\/\/progresso.com.br\/#organization\",\"name\":\"O PROGRESSO\",\"url\":\"https:\/\/progresso.com.br\/\",\"logo\":{\"@type\":\"ImageObject\",\"inLanguage\":\"pt-BR\",\"@id\":\"https:\/\/progresso.com.br\/#\/schema\/logo\/image\/\",\"url\":\"https:\/\/progresso.com.br\/wp-content\/uploads\/2026\/03\/logo_proog.jpg\",\"contentUrl\":\"https:\/\/progresso.com.br\/wp-content\/uploads\/2026\/03\/logo_proog.jpg\",\"width\":1960,\"height\":1080,\"caption\":\"O PROGRESSO\"},\"image\":{\"@id\":\"https:\/\/progresso.com.br\/#\/schema\/logo\/image\/\"},\"sameAs\":[\"https:\/\/www.facebook.com\/share\/1CeoksKBj6\/\",\"https:\/\/www.instagram.com\/oprogresso_digital\"]},{\"@type\":\"Person\",\"@id\":\"https:\/\/progresso.com.br\/#\/schema\/person\/5dd27138d4463fbbaace62120bfc002b\",\"name\":\"Rose\",\"image\":{\"@type\":\"ImageObject\",\"inLanguage\":\"pt-BR\",\"@id\":\"https:\/\/progresso.com.br\/#\/schema\/person\/image\/\",\"url\":\"https:\/\/secure.gravatar.com\/avatar\/1b6890e759cdd3a88d9f751cb423720b9861c5239167cd3586355638b6556599?s=96&d=mm&r=g\",\"contentUrl\":\"https:\/\/secure.gravatar.com\/avatar\/1b6890e759cdd3a88d9f751cb423720b9861c5239167cd3586355638b6556599?s=96&d=mm&r=g\",\"caption\":\"Rose\"},\"url\":\"https:\/\/progresso.com.br\/index.php\/author\/rose\/\"}]}<\/script>\n<!-- \/ Yoast SEO plugin. -->","yoast_head_json":{"title":"EUA amea\u00e7a \"agir sozinho\" em pa\u00edses latinos-americanos - O PROGRESSO","robots":{"index":"index","follow":"follow","max-snippet":"max-snippet:-1","max-image-preview":"max-image-preview:large","max-video-preview":"max-video-preview:-1"},"canonical":"https:\/\/progresso.com.br\/index.php\/2026\/03\/06\/eua-ameaca-agir-sozinho-em-paises-latinos-americanos\/","og_locale":"pt_BR","og_type":"article","og_title":"EUA amea\u00e7a \"agir sozinho\" em pa\u00edses latinos-americanos - O PROGRESSO","og_description":"Em meio aos ataques contra o Ir\u00e3, o governo dos Estados Unidos firmou acordo com 16 pa\u00edses latino-americanos para \u201ccombate aos cart\u00e9is\u201d na regi\u00e3o e amea\u00e7ou \u201cagir sozinho\u201d na Am\u00e9rica Latina \u201cse necess\u00e1rio\u201d, o que violaria a soberania das na\u00e7\u00f5es latino-americanas sobre o pr\u00f3prio territ\u00f3rio. O secret\u00e1rio de Defesa dos EUA, Pete Hegseth, liderou na [&hellip;]","og_url":"https:\/\/progresso.com.br\/index.php\/2026\/03\/06\/eua-ameaca-agir-sozinho-em-paises-latinos-americanos\/","og_site_name":"O PROGRESSO","article_publisher":"https:\/\/www.facebook.com\/share\/1CeoksKBj6\/","article_published_time":"2026-03-06T17:58:37+00:00","og_image":[{"width":1170,"height":700,"url":"https:\/\/progresso.com.br\/wp-content\/uploads\/2026\/03\/260305-o-do439-001.jpg","type":"image\/jpeg"}],"author":"Rose","twitter_card":"summary_large_image","twitter_misc":{"Escrito por":"Rose","Est. tempo de leitura":"6 minutos"},"schema":{"@context":"https:\/\/schema.org","@graph":[{"@type":"Article","@id":"https:\/\/progresso.com.br\/index.php\/2026\/03\/06\/eua-ameaca-agir-sozinho-em-paises-latinos-americanos\/#article","isPartOf":{"@id":"https:\/\/progresso.com.br\/index.php\/2026\/03\/06\/eua-ameaca-agir-sozinho-em-paises-latinos-americanos\/"},"author":{"name":"Rose","@id":"https:\/\/progresso.com.br\/#\/schema\/person\/5dd27138d4463fbbaace62120bfc002b"},"headline":"EUA amea\u00e7a &#8220;agir sozinho&#8221; em pa\u00edses latinos-americanos","datePublished":"2026-03-06T17:58:37+00:00","mainEntityOfPage":{"@id":"https:\/\/progresso.com.br\/index.php\/2026\/03\/06\/eua-ameaca-agir-sozinho-em-paises-latinos-americanos\/"},"wordCount":1119,"commentCount":0,"publisher":{"@id":"https:\/\/progresso.com.br\/#organization"},"image":{"@id":"https:\/\/progresso.com.br\/index.php\/2026\/03\/06\/eua-ameaca-agir-sozinho-em-paises-latinos-americanos\/#primaryimage"},"thumbnailUrl":"https:\/\/progresso.com.br\/wp-content\/uploads\/2026\/03\/260305-o-do439-001.jpg","articleSection":["Cotidiano","Em destaque"],"inLanguage":"pt-BR","potentialAction":[{"@type":"CommentAction","name":"Comment","target":["https:\/\/progresso.com.br\/index.php\/2026\/03\/06\/eua-ameaca-agir-sozinho-em-paises-latinos-americanos\/#respond"]}]},{"@type":"WebPage","@id":"https:\/\/progresso.com.br\/index.php\/2026\/03\/06\/eua-ameaca-agir-sozinho-em-paises-latinos-americanos\/","url":"https:\/\/progresso.com.br\/index.php\/2026\/03\/06\/eua-ameaca-agir-sozinho-em-paises-latinos-americanos\/","name":"EUA amea\u00e7a \"agir sozinho\" em pa\u00edses latinos-americanos - O PROGRESSO","isPartOf":{"@id":"https:\/\/progresso.com.br\/#website"},"primaryImageOfPage":{"@id":"https:\/\/progresso.com.br\/index.php\/2026\/03\/06\/eua-ameaca-agir-sozinho-em-paises-latinos-americanos\/#primaryimage"},"image":{"@id":"https:\/\/progresso.com.br\/index.php\/2026\/03\/06\/eua-ameaca-agir-sozinho-em-paises-latinos-americanos\/#primaryimage"},"thumbnailUrl":"https:\/\/progresso.com.br\/wp-content\/uploads\/2026\/03\/260305-o-do439-001.jpg","datePublished":"2026-03-06T17:58:37+00:00","breadcrumb":{"@id":"https:\/\/progresso.com.br\/index.php\/2026\/03\/06\/eua-ameaca-agir-sozinho-em-paises-latinos-americanos\/#breadcrumb"},"inLanguage":"pt-BR","potentialAction":[{"@type":"ReadAction","target":["https:\/\/progresso.com.br\/index.php\/2026\/03\/06\/eua-ameaca-agir-sozinho-em-paises-latinos-americanos\/"]}]},{"@type":"ImageObject","inLanguage":"pt-BR","@id":"https:\/\/progresso.com.br\/index.php\/2026\/03\/06\/eua-ameaca-agir-sozinho-em-paises-latinos-americanos\/#primaryimage","url":"https:\/\/progresso.com.br\/wp-content\/uploads\/2026\/03\/260305-o-do439-001.jpg","contentUrl":"https:\/\/progresso.com.br\/wp-content\/uploads\/2026\/03\/260305-o-do439-001.jpg","width":1170,"height":700},{"@type":"BreadcrumbList","@id":"https:\/\/progresso.com.br\/index.php\/2026\/03\/06\/eua-ameaca-agir-sozinho-em-paises-latinos-americanos\/#breadcrumb","itemListElement":[{"@type":"ListItem","position":1,"name":"In\u00edcio","item":"https:\/\/progresso.com.br\/"},{"@type":"ListItem","position":2,"name":"EUA amea\u00e7a &#8220;agir sozinho&#8221; em pa\u00edses latinos-americanos"}]},{"@type":"WebSite","@id":"https:\/\/progresso.com.br\/#website","url":"https:\/\/progresso.com.br\/","name":"O PROGRESSO","description":"","publisher":{"@id":"https:\/\/progresso.com.br\/#organization"},"potentialAction":[{"@type":"SearchAction","target":{"@type":"EntryPoint","urlTemplate":"https:\/\/progresso.com.br\/?s={search_term_string}"},"query-input":{"@type":"PropertyValueSpecification","valueRequired":true,"valueName":"search_term_string"}}],"inLanguage":"pt-BR"},{"@type":"Organization","@id":"https:\/\/progresso.com.br\/#organization","name":"O PROGRESSO","url":"https:\/\/progresso.com.br\/","logo":{"@type":"ImageObject","inLanguage":"pt-BR","@id":"https:\/\/progresso.com.br\/#\/schema\/logo\/image\/","url":"https:\/\/progresso.com.br\/wp-content\/uploads\/2026\/03\/logo_proog.jpg","contentUrl":"https:\/\/progresso.com.br\/wp-content\/uploads\/2026\/03\/logo_proog.jpg","width":1960,"height":1080,"caption":"O PROGRESSO"},"image":{"@id":"https:\/\/progresso.com.br\/#\/schema\/logo\/image\/"},"sameAs":["https:\/\/www.facebook.com\/share\/1CeoksKBj6\/","https:\/\/www.instagram.com\/oprogresso_digital"]},{"@type":"Person","@id":"https:\/\/progresso.com.br\/#\/schema\/person\/5dd27138d4463fbbaace62120bfc002b","name":"Rose","image":{"@type":"ImageObject","inLanguage":"pt-BR","@id":"https:\/\/progresso.com.br\/#\/schema\/person\/image\/","url":"https:\/\/secure.gravatar.com\/avatar\/1b6890e759cdd3a88d9f751cb423720b9861c5239167cd3586355638b6556599?s=96&d=mm&r=g","contentUrl":"https:\/\/secure.gravatar.com\/avatar\/1b6890e759cdd3a88d9f751cb423720b9861c5239167cd3586355638b6556599?s=96&d=mm&r=g","caption":"Rose"},"url":"https:\/\/progresso.com.br\/index.php\/author\/rose\/"}]}},"_links":{"self":[{"href":"https:\/\/progresso.com.br\/index.php\/wp-json\/wp\/v2\/posts\/356","targetHints":{"allow":["GET"]}}],"collection":[{"href":"https:\/\/progresso.com.br\/index.php\/wp-json\/wp\/v2\/posts"}],"about":[{"href":"https:\/\/progresso.com.br\/index.php\/wp-json\/wp\/v2\/types\/post"}],"author":[{"embeddable":true,"href":"https:\/\/progresso.com.br\/index.php\/wp-json\/wp\/v2\/users\/2"}],"replies":[{"embeddable":true,"href":"https:\/\/progresso.com.br\/index.php\/wp-json\/wp\/v2\/comments?post=356"}],"version-history":[{"count":1,"href":"https:\/\/progresso.com.br\/index.php\/wp-json\/wp\/v2\/posts\/356\/revisions"}],"predecessor-version":[{"id":361,"href":"https:\/\/progresso.com.br\/index.php\/wp-json\/wp\/v2\/posts\/356\/revisions\/361"}],"wp:featuredmedia":[{"embeddable":true,"href":"https:\/\/progresso.com.br\/index.php\/wp-json\/wp\/v2\/media\/360"}],"wp:attachment":[{"href":"https:\/\/progresso.com.br\/index.php\/wp-json\/wp\/v2\/media?parent=356"}],"wp:term":[{"taxonomy":"category","embeddable":true,"href":"https:\/\/progresso.com.br\/index.php\/wp-json\/wp\/v2\/categories?post=356"},{"taxonomy":"post_tag","embeddable":true,"href":"https:\/\/progresso.com.br\/index.php\/wp-json\/wp\/v2\/tags?post=356"}],"curies":[{"name":"wp","href":"https:\/\/api.w.org\/{rel}","templated":true}]}}