{"id":362,"date":"2026-03-06T15:08:04","date_gmt":"2026-03-06T18:08:04","guid":{"rendered":"https:\/\/10nl.com.br\/?p=362"},"modified":"2026-03-06T15:08:04","modified_gmt":"2026-03-06T18:08:04","slug":"celeiro-do-ms-reune-liderancas-para-alinhar-estrategias-de-desenvolvimento-regional-em-dourados","status":"publish","type":"post","link":"https:\/\/progresso.com.br\/index.php\/2026\/03\/06\/celeiro-do-ms-reune-liderancas-para-alinhar-estrategias-de-desenvolvimento-regional-em-dourados\/","title":{"rendered":"Celeiro do MS re\u00fane lideran\u00e7as para alinhar estrat\u00e9gias de desenvolvimento regional em Dourados"},"content":{"rendered":"\n<figure class=\"wp-block-table\"><table class=\"has-fixed-layout\"><tbody><tr><td>A integra\u00e7\u00e3o entre lideran\u00e7as p\u00fablicas, empresariais e do terceiro setor foi o eixo central do 4\u00ba Encontro de L\u00edderes do Celeiro do MS, realizado na quinta-feira (5), no pr\u00e9dio do Sebrae\/MS em Dourados. O evento reuniu aproximadamente 50 representantes de diferentes institui\u00e7\u00f5es e munic\u00edpios da regi\u00e3o para alinhar estrat\u00e9gias de desenvolvimento territorial e fortalecer a atua\u00e7\u00e3o conjunta em torno de uma agenda comum, por meio do Plano de A\u00e7\u00e3o para 2026.Promovido pelo Celeiro do MS com apoio do Sebrae, o encontro teve como objetivo fortalecer a articula\u00e7\u00e3o entre lideran\u00e7as e institui\u00e7\u00f5es. Para o gerente da Regional Sul do Sebrae\/MS, Marcus Faria, a iniciativa demonstra a evolu\u00e7\u00e3o do movimento e a consolida\u00e7\u00e3o de um ambiente de colabora\u00e7\u00e3o na regi\u00e3o, fruto do processo iniciado pelo Programa LIDER. \u201c\u00c9 muito gratificante ver como esse trabalho iniciado em 2022 evoluiu. Pensar o desenvolvimento regional exige tempo, di\u00e1logo e colabora\u00e7\u00e3o entre diferentes institui\u00e7\u00f5es. O Celeiro do MS representa exatamente esse esfor\u00e7o coletivo de reunir ideias, alinhar estrat\u00e9gias e construir caminhos conjuntos\u201d, ressaltou.Durante a abertura do encontro, o presidente do Celeiro do MS, Rodrigo Jefferson Trambuch, destacou que a integra\u00e7\u00e3o entre munic\u00edpios e lideran\u00e7as \u00e9 essencial para fortalecer o territ\u00f3rio e ampliar o impacto das iniciativas regionais. \u201cQuando trabalhamos de forma isolada, a capacidade de transforma\u00e7\u00e3o \u00e9 menor. O prop\u00f3sito do Celeiro \u00e9 justamente ser esse espa\u00e7o que re\u00fane lideran\u00e7as, munic\u00edpios e organiza\u00e7\u00f5es para pensar e executar o desenvolvimento regional. Queremos fazer da regi\u00e3o da Grande Dourados o melhor lugar para viver, empreender e inovar em Mato Grosso do Sul, e isso s\u00f3 \u00e9 poss\u00edvel quando as pessoas se unem em torno de um objetivo comum\u201d, afirmou.<\/td><\/tr><\/tbody><\/table><\/figure>\n\n\n\n<figure class=\"wp-block-table\"><table class=\"has-fixed-layout\"><tbody><tr><td><img decoding=\"async\" src=\"https:\/\/ci3.googleusercontent.com\/meips\/ADKq_NaT1KSvYhN3osW2V52NHzX8u0qcyuk44_sYp8sP6o1s98x5OAJdl2wMf5cW78jMTE1kQHhEFzesQcRa96AvWGs1QBAqYE04tPnn9wup7r8fKF5vxQgoS1LZEOWGA5ZHG6oLyJ5Jfj1BB1xmbdQ9ZIx42o7pTmds5LiG6aDbNQ=s0-d-e1-ft#https:\/\/image.divulga.sebrae.ms\/lib\/fe3611727364047f751c72\/m\/1\/d4ddb7fa-3ef7-4915-8232-61e00ae87d0b.jpeg\" alt=\"\"><\/td><\/tr><\/tbody><\/table><\/figure>\n\n\n\n<figure class=\"wp-block-table\"><table class=\"has-fixed-layout\"><tbody><tr><td><strong><em>Durante a abertura do encontro, o presidente do Celeiro do MS, Rodrigo Jefferson Trambuch, destacou que a integra\u00e7\u00e3o entre munic\u00edpios e lideran\u00e7as \u00e9 essencial para fortalecer o territ\u00f3rio e ampliar o impacto das iniciativas regionais.<\/em><\/strong><\/td><\/tr><\/tbody><\/table><\/figure>\n\n\n\n<figure class=\"wp-block-table\"><table class=\"has-fixed-layout\"><tbody><tr><td>O encontro tamb\u00e9m refor\u00e7ou a continuidade das a\u00e7\u00f5es estruturadas a partir do Programa LIDER, iniciativa do Sebrae voltada \u00e0 forma\u00e7\u00e3o de lideran\u00e7as para promover o desenvolvimento territorial organizado. O Celeiro do MS surgiu como desdobramento do LIDER Sul, realizado em 2022, que articulou uma governan\u00e7a regional envolvendo os munic\u00edpios de Dourados, Caarap\u00f3, Deod\u00e1polis, Douradina, F\u00e1tima do Sul, Itapor\u00e3, Ivinhema, Jate\u00ed, Gl\u00f3ria de Dourados, Rio Brilhante, Maracaju e Vicentina.<strong>Plano de a\u00e7\u00e3o fortalece agenda regional<\/strong>Durante o encontro, foi apresentado o Plano de A\u00e7\u00e3o 2026 do Celeiro do MS, composto por 36 iniciativas estrat\u00e9gicas distribu\u00eddas em cinco eixos: Governan\u00e7a; Inova\u00e7\u00e3o, Empreendedorismo e Neg\u00f3cios; Agroneg\u00f3cios e Agricultura Familiar; Rota Bioce\u00e2nica e Rela\u00e7\u00f5es Internacionais; e Turismo.A empres\u00e1ria e secret\u00e1ria do Celeiro do MS, Adriana Ferreira Flores, destacou que o engajamento das lideran\u00e7as \u00e9 fundamental para transformar o planejamento em resultados concretos para o territ\u00f3rio. \u201cUm plano n\u00e3o pode ficar apenas no papel. Ele precisa ser compartilhado, discutido e assumido pelas lideran\u00e7as do territ\u00f3rio. Quando as pessoas se percebem como \u2018gente que faz\u2019, elas se engajam e ajudam a transformar as ideias em a\u00e7\u00f5es que realmente fazem diferen\u00e7a na vida da popula\u00e7\u00e3o\u201d, explicou.O eixo Turismo concentra o maior n\u00famero de iniciativas do plano, refletindo o potencial da atividade como vetor de desenvolvimento regional. Entre as a\u00e7\u00f5es previstas est\u00e3o o diagn\u00f3stico tur\u00edstico dos munic\u00edpios do territ\u00f3rio, o mapeamento de atrativos e experi\u00eancias, o desenvolvimento de rotas de aviturismo, pesca esportiva e cicloturismo, al\u00e9m da realiza\u00e7\u00e3o de eventos como o Festival Internacional de Turismo do Centro-Sul de Mato Grosso do Sul, em Dourados.<\/td><\/tr><\/tbody><\/table><\/figure>\n\n\n\n<figure class=\"wp-block-table\"><table class=\"has-fixed-layout\"><tbody><tr><td><img decoding=\"async\" src=\"https:\/\/ci3.googleusercontent.com\/meips\/ADKq_NY11BYhQDsTihLLjSIQnh29o8_vmwgqlycUdMIaRau97zd5GNYKjyrm11OzcTIY9XagoAfd--ZCPvCBuBXjlnnhyjLtX_lxVMUveKMX47wFBwEZ0gik_Xv76wfv6y0x_M0tXJGANZf2iNnKLXktNU7CqtLEYo_P4C1BBu8tHg=s0-d-e1-ft#https:\/\/image.divulga.sebrae.ms\/lib\/fe3611727364047f751c72\/m\/1\/57c6ee89-5999-4068-84fd-6f127d127e4d.jpeg\" alt=\"\"><\/td><\/tr><\/tbody><\/table><\/figure>\n\n\n\n<figure class=\"wp-block-table\"><table class=\"has-fixed-layout\"><tbody><tr><td><em><strong>Promovido pelo Celeiro do MS com apoio do Sebrae\/MS, o encontro teve como objetivo fortalecer a articula\u00e7\u00e3o entre lideran\u00e7as e institui\u00e7\u00f5es<\/strong><\/em><\/td><\/tr><\/tbody><\/table><\/figure>\n\n\n\n<figure class=\"wp-block-table\"><table class=\"has-fixed-layout\"><tbody><tr><td>A professora do Mestrado em Desenvolvimento Regional da Universidade Estadual de Mato Grosso do Sul (UEMS), Dores Cristina Grechi, destacou que a coopera\u00e7\u00e3o entre munic\u00edpios amplia a diversidade de experi\u00eancias oferecidas aos visitantes e fortalece a competitividade da regi\u00e3o como destino tur\u00edstico. \u201cO turismo envolve uma cadeia produtiva ampla e funciona a partir da colabora\u00e7\u00e3o entre diferentes atores. Para que ele se desenvolva de forma consistente, \u00e9 fundamental que os munic\u00edpios trabalhem de maneira integrada. Essa parceria amplia a diversidade de experi\u00eancias para o visitante e fortalece a competitividade do territ\u00f3rio\u201d, afirmou.<strong>Governan\u00e7a territorial e protagonismo regional<\/strong>Durante o encontro tamb\u00e9m foi ativado o grupo de Governan\u00e7a Institucional do Celeiro do MS, com a identifica\u00e7\u00e3o e reconhecimento coletivo de uma lideran\u00e7a municipal em cada munic\u00edpio do territ\u00f3rio para atuar como representante na governan\u00e7a regional. Essa governan\u00e7a se re\u00fane periodicamente para priorizar a\u00e7\u00f5es, acompanhar indicadores e alinhar estrat\u00e9gias, garantindo que as iniciativas planejadas avancem de forma coordenada em todo o territ\u00f3rio.Mais informa\u00e7\u00f5es pela Central de Relacionamento do Sebrae\/MS, no telefone 0800 570 0800, ou no site:&nbsp;<a href=\"https:\/\/click.divulga.sebrae.ms\/?qs=eyJkZWtJZCI6ImYwMzhiNjRkLTYzMGYtNDQwOC04N2M5LTk3MWEwZTJhMGFkMiIsImRla1ZlcnNpb24iOjEsIml2IjoibWhteW1LUUFiNGU0TW91dE5jNTI1UT09IiwiY2lwaGVyVGV4dCI6IkNXK2x3Umc0MmZneVMxRzY4QlhkNzBSeFdaN2ZndEh0ODNXM0FWRmgvdEJLa1BCR3VVSHVqRmZKeVFQdVdoVUs5bkd3MWNCYStEcURucCtaVjBJaDZKVHRTa0NhR2JLWXBBQnZoN2d5aTYwMXpuYmwiLCJhdXRoVGFnIjoid0ZyNE9vT2VuNWxYUWlIb2xPMUtRQT09In0%3D\" target=\"_blank\" rel=\"noreferrer noopener\">ms.sebrae.com.br.<\/a><\/td><\/tr><\/tbody><\/table><\/figure>\n","protected":false},"excerpt":{"rendered":"<p>A integra\u00e7\u00e3o entre lideran\u00e7as p\u00fablicas, empresariais e do terceiro setor foi o eixo central do 4\u00ba Encontro de L\u00edderes do Celeiro do MS, realizado na quinta-feira (5), no pr\u00e9dio do Sebrae\/MS em Dourados. O evento reuniu aproximadamente 50 representantes de diferentes institui\u00e7\u00f5es e munic\u00edpios da regi\u00e3o para alinhar estrat\u00e9gias de desenvolvimento territorial e fortalecer a [&hellip;]<\/p>\n","protected":false},"author":2,"featured_media":363,"comment_status":"open","ping_status":"open","sticky":false,"template":"","format":"standard","meta":{"footnotes":""},"categories":[13,2],"tags":[],"class_list":["post-362","post","type-post","status-publish","format-standard","has-post-thumbnail","hentry","category-cotidiano","category-destaque"],"yoast_head":"<!-- This site is optimized with the Yoast SEO plugin v27.1.1 - https:\/\/yoast.com\/product\/yoast-seo-wordpress\/ -->\n<title>Celeiro do MS re\u00fane lideran\u00e7as para alinhar estrat\u00e9gias de desenvolvimento regional em Dourados - O PROGRESSO<\/title>\n<meta name=\"robots\" content=\"index, follow, max-snippet:-1, max-image-preview:large, max-video-preview:-1\" \/>\n<link rel=\"canonical\" href=\"https:\/\/progresso.com.br\/index.php\/2026\/03\/06\/celeiro-do-ms-reune-liderancas-para-alinhar-estrategias-de-desenvolvimento-regional-em-dourados\/\" \/>\n<meta property=\"og:locale\" content=\"pt_BR\" \/>\n<meta property=\"og:type\" content=\"article\" \/>\n<meta property=\"og:title\" content=\"Celeiro do MS re\u00fane lideran\u00e7as para alinhar estrat\u00e9gias de desenvolvimento regional em Dourados - O PROGRESSO\" \/>\n<meta property=\"og:description\" content=\"A integra\u00e7\u00e3o entre lideran\u00e7as p\u00fablicas, empresariais e do terceiro setor foi o eixo central do 4\u00ba Encontro de L\u00edderes do Celeiro do MS, realizado na quinta-feira (5), no pr\u00e9dio do Sebrae\/MS em Dourados. O evento reuniu aproximadamente 50 representantes de diferentes institui\u00e7\u00f5es e munic\u00edpios da regi\u00e3o para alinhar estrat\u00e9gias de desenvolvimento territorial e fortalecer a [&hellip;]\" \/>\n<meta property=\"og:url\" content=\"https:\/\/progresso.com.br\/index.php\/2026\/03\/06\/celeiro-do-ms-reune-liderancas-para-alinhar-estrategias-de-desenvolvimento-regional-em-dourados\/\" \/>\n<meta property=\"og:site_name\" content=\"O PROGRESSO\" \/>\n<meta property=\"article:publisher\" content=\"https:\/\/www.facebook.com\/share\/1CeoksKBj6\/\" \/>\n<meta property=\"article:published_time\" content=\"2026-03-06T18:08:04+00:00\" \/>\n<meta property=\"og:image\" content=\"https:\/\/progresso.com.br\/wp-content\/uploads\/2026\/03\/unnamed-2.jpg\" \/>\n\t<meta property=\"og:image:width\" content=\"1600\" \/>\n\t<meta property=\"og:image:height\" content=\"1200\" \/>\n\t<meta property=\"og:image:type\" content=\"image\/jpeg\" \/>\n<meta name=\"author\" content=\"Rose\" \/>\n<meta name=\"twitter:card\" content=\"summary_large_image\" \/>\n<meta name=\"twitter:label1\" content=\"Escrito por\" \/>\n\t<meta name=\"twitter:data1\" content=\"Rose\" \/>\n\t<meta name=\"twitter:label2\" content=\"Est. tempo de leitura\" \/>\n\t<meta name=\"twitter:data2\" content=\"4 minutos\" \/>\n<script type=\"application\/ld+json\" class=\"yoast-schema-graph\">{\"@context\":\"https:\/\/schema.org\",\"@graph\":[{\"@type\":\"Article\",\"@id\":\"https:\/\/progresso.com.br\/index.php\/2026\/03\/06\/celeiro-do-ms-reune-liderancas-para-alinhar-estrategias-de-desenvolvimento-regional-em-dourados\/#article\",\"isPartOf\":{\"@id\":\"https:\/\/progresso.com.br\/index.php\/2026\/03\/06\/celeiro-do-ms-reune-liderancas-para-alinhar-estrategias-de-desenvolvimento-regional-em-dourados\/\"},\"author\":{\"name\":\"Rose\",\"@id\":\"https:\/\/progresso.com.br\/#\/schema\/person\/5dd27138d4463fbbaace62120bfc002b\"},\"headline\":\"Celeiro do MS re\u00fane lideran\u00e7as para alinhar estrat\u00e9gias de desenvolvimento regional em Dourados\",\"datePublished\":\"2026-03-06T18:08:04+00:00\",\"mainEntityOfPage\":{\"@id\":\"https:\/\/progresso.com.br\/index.php\/2026\/03\/06\/celeiro-do-ms-reune-liderancas-para-alinhar-estrategias-de-desenvolvimento-regional-em-dourados\/\"},\"wordCount\":873,\"commentCount\":0,\"publisher\":{\"@id\":\"https:\/\/progresso.com.br\/#organization\"},\"image\":{\"@id\":\"https:\/\/progresso.com.br\/index.php\/2026\/03\/06\/celeiro-do-ms-reune-liderancas-para-alinhar-estrategias-de-desenvolvimento-regional-em-dourados\/#primaryimage\"},\"thumbnailUrl\":\"https:\/\/progresso.com.br\/wp-content\/uploads\/2026\/03\/unnamed-2.jpg\",\"articleSection\":[\"Cotidiano\",\"Em destaque\"],\"inLanguage\":\"pt-BR\",\"potentialAction\":[{\"@type\":\"CommentAction\",\"name\":\"Comment\",\"target\":[\"https:\/\/progresso.com.br\/index.php\/2026\/03\/06\/celeiro-do-ms-reune-liderancas-para-alinhar-estrategias-de-desenvolvimento-regional-em-dourados\/#respond\"]}]},{\"@type\":\"WebPage\",\"@id\":\"https:\/\/progresso.com.br\/index.php\/2026\/03\/06\/celeiro-do-ms-reune-liderancas-para-alinhar-estrategias-de-desenvolvimento-regional-em-dourados\/\",\"url\":\"https:\/\/progresso.com.br\/index.php\/2026\/03\/06\/celeiro-do-ms-reune-liderancas-para-alinhar-estrategias-de-desenvolvimento-regional-em-dourados\/\",\"name\":\"Celeiro do MS re\u00fane lideran\u00e7as para alinhar estrat\u00e9gias de desenvolvimento regional em Dourados - O PROGRESSO\",\"isPartOf\":{\"@id\":\"https:\/\/progresso.com.br\/#website\"},\"primaryImageOfPage\":{\"@id\":\"https:\/\/progresso.com.br\/index.php\/2026\/03\/06\/celeiro-do-ms-reune-liderancas-para-alinhar-estrategias-de-desenvolvimento-regional-em-dourados\/#primaryimage\"},\"image\":{\"@id\":\"https:\/\/progresso.com.br\/index.php\/2026\/03\/06\/celeiro-do-ms-reune-liderancas-para-alinhar-estrategias-de-desenvolvimento-regional-em-dourados\/#primaryimage\"},\"thumbnailUrl\":\"https:\/\/progresso.com.br\/wp-content\/uploads\/2026\/03\/unnamed-2.jpg\",\"datePublished\":\"2026-03-06T18:08:04+00:00\",\"breadcrumb\":{\"@id\":\"https:\/\/progresso.com.br\/index.php\/2026\/03\/06\/celeiro-do-ms-reune-liderancas-para-alinhar-estrategias-de-desenvolvimento-regional-em-dourados\/#breadcrumb\"},\"inLanguage\":\"pt-BR\",\"potentialAction\":[{\"@type\":\"ReadAction\",\"target\":[\"https:\/\/progresso.com.br\/index.php\/2026\/03\/06\/celeiro-do-ms-reune-liderancas-para-alinhar-estrategias-de-desenvolvimento-regional-em-dourados\/\"]}]},{\"@type\":\"ImageObject\",\"inLanguage\":\"pt-BR\",\"@id\":\"https:\/\/progresso.com.br\/index.php\/2026\/03\/06\/celeiro-do-ms-reune-liderancas-para-alinhar-estrategias-de-desenvolvimento-regional-em-dourados\/#primaryimage\",\"url\":\"https:\/\/progresso.com.br\/wp-content\/uploads\/2026\/03\/unnamed-2.jpg\",\"contentUrl\":\"https:\/\/progresso.com.br\/wp-content\/uploads\/2026\/03\/unnamed-2.jpg\",\"width\":1600,\"height\":1200,\"caption\":\"Evento reuniu cerca de 50 lideran\u00e7as em Dourados para consolidar a governan\u00e7a territorial do Celeiro do MS.Fotos: Divulga\u00e7\u00e3o\"},{\"@type\":\"BreadcrumbList\",\"@id\":\"https:\/\/progresso.com.br\/index.php\/2026\/03\/06\/celeiro-do-ms-reune-liderancas-para-alinhar-estrategias-de-desenvolvimento-regional-em-dourados\/#breadcrumb\",\"itemListElement\":[{\"@type\":\"ListItem\",\"position\":1,\"name\":\"In\u00edcio\",\"item\":\"https:\/\/progresso.com.br\/\"},{\"@type\":\"ListItem\",\"position\":2,\"name\":\"Celeiro do MS re\u00fane lideran\u00e7as para alinhar estrat\u00e9gias de desenvolvimento regional em Dourados\"}]},{\"@type\":\"WebSite\",\"@id\":\"https:\/\/progresso.com.br\/#website\",\"url\":\"https:\/\/progresso.com.br\/\",\"name\":\"O PROGRESSO\",\"description\":\"\",\"publisher\":{\"@id\":\"https:\/\/progresso.com.br\/#organization\"},\"potentialAction\":[{\"@type\":\"SearchAction\",\"target\":{\"@type\":\"EntryPoint\",\"urlTemplate\":\"https:\/\/progresso.com.br\/?s={search_term_string}\"},\"query-input\":{\"@type\":\"PropertyValueSpecification\",\"valueRequired\":true,\"valueName\":\"search_term_string\"}}],\"inLanguage\":\"pt-BR\"},{\"@type\":\"Organization\",\"@id\":\"https:\/\/progresso.com.br\/#organization\",\"name\":\"O PROGRESSO\",\"url\":\"https:\/\/progresso.com.br\/\",\"logo\":{\"@type\":\"ImageObject\",\"inLanguage\":\"pt-BR\",\"@id\":\"https:\/\/progresso.com.br\/#\/schema\/logo\/image\/\",\"url\":\"https:\/\/progresso.com.br\/wp-content\/uploads\/2026\/03\/logo_proog.jpg\",\"contentUrl\":\"https:\/\/progresso.com.br\/wp-content\/uploads\/2026\/03\/logo_proog.jpg\",\"width\":1960,\"height\":1080,\"caption\":\"O PROGRESSO\"},\"image\":{\"@id\":\"https:\/\/progresso.com.br\/#\/schema\/logo\/image\/\"},\"sameAs\":[\"https:\/\/www.facebook.com\/share\/1CeoksKBj6\/\",\"https:\/\/www.instagram.com\/oprogresso_digital\"]},{\"@type\":\"Person\",\"@id\":\"https:\/\/progresso.com.br\/#\/schema\/person\/5dd27138d4463fbbaace62120bfc002b\",\"name\":\"Rose\",\"image\":{\"@type\":\"ImageObject\",\"inLanguage\":\"pt-BR\",\"@id\":\"https:\/\/progresso.com.br\/#\/schema\/person\/image\/\",\"url\":\"https:\/\/secure.gravatar.com\/avatar\/1b6890e759cdd3a88d9f751cb423720b9861c5239167cd3586355638b6556599?s=96&d=mm&r=g\",\"contentUrl\":\"https:\/\/secure.gravatar.com\/avatar\/1b6890e759cdd3a88d9f751cb423720b9861c5239167cd3586355638b6556599?s=96&d=mm&r=g\",\"caption\":\"Rose\"},\"url\":\"https:\/\/progresso.com.br\/index.php\/author\/rose\/\"}]}<\/script>\n<!-- \/ Yoast SEO plugin. -->","yoast_head_json":{"title":"Celeiro do MS re\u00fane lideran\u00e7as para alinhar estrat\u00e9gias de desenvolvimento regional em Dourados - O PROGRESSO","robots":{"index":"index","follow":"follow","max-snippet":"max-snippet:-1","max-image-preview":"max-image-preview:large","max-video-preview":"max-video-preview:-1"},"canonical":"https:\/\/progresso.com.br\/index.php\/2026\/03\/06\/celeiro-do-ms-reune-liderancas-para-alinhar-estrategias-de-desenvolvimento-regional-em-dourados\/","og_locale":"pt_BR","og_type":"article","og_title":"Celeiro do MS re\u00fane lideran\u00e7as para alinhar estrat\u00e9gias de desenvolvimento regional em Dourados - O PROGRESSO","og_description":"A integra\u00e7\u00e3o entre lideran\u00e7as p\u00fablicas, empresariais e do terceiro setor foi o eixo central do 4\u00ba Encontro de L\u00edderes do Celeiro do MS, realizado na quinta-feira (5), no pr\u00e9dio do Sebrae\/MS em Dourados. O evento reuniu aproximadamente 50 representantes de diferentes institui\u00e7\u00f5es e munic\u00edpios da regi\u00e3o para alinhar estrat\u00e9gias de desenvolvimento territorial e fortalecer a [&hellip;]","og_url":"https:\/\/progresso.com.br\/index.php\/2026\/03\/06\/celeiro-do-ms-reune-liderancas-para-alinhar-estrategias-de-desenvolvimento-regional-em-dourados\/","og_site_name":"O PROGRESSO","article_publisher":"https:\/\/www.facebook.com\/share\/1CeoksKBj6\/","article_published_time":"2026-03-06T18:08:04+00:00","og_image":[{"width":1600,"height":1200,"url":"https:\/\/progresso.com.br\/wp-content\/uploads\/2026\/03\/unnamed-2.jpg","type":"image\/jpeg"}],"author":"Rose","twitter_card":"summary_large_image","twitter_misc":{"Escrito por":"Rose","Est. tempo de leitura":"4 minutos"},"schema":{"@context":"https:\/\/schema.org","@graph":[{"@type":"Article","@id":"https:\/\/progresso.com.br\/index.php\/2026\/03\/06\/celeiro-do-ms-reune-liderancas-para-alinhar-estrategias-de-desenvolvimento-regional-em-dourados\/#article","isPartOf":{"@id":"https:\/\/progresso.com.br\/index.php\/2026\/03\/06\/celeiro-do-ms-reune-liderancas-para-alinhar-estrategias-de-desenvolvimento-regional-em-dourados\/"},"author":{"name":"Rose","@id":"https:\/\/progresso.com.br\/#\/schema\/person\/5dd27138d4463fbbaace62120bfc002b"},"headline":"Celeiro do MS re\u00fane lideran\u00e7as para alinhar estrat\u00e9gias de desenvolvimento regional em Dourados","datePublished":"2026-03-06T18:08:04+00:00","mainEntityOfPage":{"@id":"https:\/\/progresso.com.br\/index.php\/2026\/03\/06\/celeiro-do-ms-reune-liderancas-para-alinhar-estrategias-de-desenvolvimento-regional-em-dourados\/"},"wordCount":873,"commentCount":0,"publisher":{"@id":"https:\/\/progresso.com.br\/#organization"},"image":{"@id":"https:\/\/progresso.com.br\/index.php\/2026\/03\/06\/celeiro-do-ms-reune-liderancas-para-alinhar-estrategias-de-desenvolvimento-regional-em-dourados\/#primaryimage"},"thumbnailUrl":"https:\/\/progresso.com.br\/wp-content\/uploads\/2026\/03\/unnamed-2.jpg","articleSection":["Cotidiano","Em destaque"],"inLanguage":"pt-BR","potentialAction":[{"@type":"CommentAction","name":"Comment","target":["https:\/\/progresso.com.br\/index.php\/2026\/03\/06\/celeiro-do-ms-reune-liderancas-para-alinhar-estrategias-de-desenvolvimento-regional-em-dourados\/#respond"]}]},{"@type":"WebPage","@id":"https:\/\/progresso.com.br\/index.php\/2026\/03\/06\/celeiro-do-ms-reune-liderancas-para-alinhar-estrategias-de-desenvolvimento-regional-em-dourados\/","url":"https:\/\/progresso.com.br\/index.php\/2026\/03\/06\/celeiro-do-ms-reune-liderancas-para-alinhar-estrategias-de-desenvolvimento-regional-em-dourados\/","name":"Celeiro do MS re\u00fane lideran\u00e7as para alinhar estrat\u00e9gias de desenvolvimento regional em Dourados - O PROGRESSO","isPartOf":{"@id":"https:\/\/progresso.com.br\/#website"},"primaryImageOfPage":{"@id":"https:\/\/progresso.com.br\/index.php\/2026\/03\/06\/celeiro-do-ms-reune-liderancas-para-alinhar-estrategias-de-desenvolvimento-regional-em-dourados\/#primaryimage"},"image":{"@id":"https:\/\/progresso.com.br\/index.php\/2026\/03\/06\/celeiro-do-ms-reune-liderancas-para-alinhar-estrategias-de-desenvolvimento-regional-em-dourados\/#primaryimage"},"thumbnailUrl":"https:\/\/progresso.com.br\/wp-content\/uploads\/2026\/03\/unnamed-2.jpg","datePublished":"2026-03-06T18:08:04+00:00","breadcrumb":{"@id":"https:\/\/progresso.com.br\/index.php\/2026\/03\/06\/celeiro-do-ms-reune-liderancas-para-alinhar-estrategias-de-desenvolvimento-regional-em-dourados\/#breadcrumb"},"inLanguage":"pt-BR","potentialAction":[{"@type":"ReadAction","target":["https:\/\/progresso.com.br\/index.php\/2026\/03\/06\/celeiro-do-ms-reune-liderancas-para-alinhar-estrategias-de-desenvolvimento-regional-em-dourados\/"]}]},{"@type":"ImageObject","inLanguage":"pt-BR","@id":"https:\/\/progresso.com.br\/index.php\/2026\/03\/06\/celeiro-do-ms-reune-liderancas-para-alinhar-estrategias-de-desenvolvimento-regional-em-dourados\/#primaryimage","url":"https:\/\/progresso.com.br\/wp-content\/uploads\/2026\/03\/unnamed-2.jpg","contentUrl":"https:\/\/progresso.com.br\/wp-content\/uploads\/2026\/03\/unnamed-2.jpg","width":1600,"height":1200,"caption":"Evento reuniu cerca de 50 lideran\u00e7as em Dourados para consolidar a governan\u00e7a territorial do Celeiro do MS.Fotos: Divulga\u00e7\u00e3o"},{"@type":"BreadcrumbList","@id":"https:\/\/progresso.com.br\/index.php\/2026\/03\/06\/celeiro-do-ms-reune-liderancas-para-alinhar-estrategias-de-desenvolvimento-regional-em-dourados\/#breadcrumb","itemListElement":[{"@type":"ListItem","position":1,"name":"In\u00edcio","item":"https:\/\/progresso.com.br\/"},{"@type":"ListItem","position":2,"name":"Celeiro do MS re\u00fane lideran\u00e7as para alinhar estrat\u00e9gias de desenvolvimento regional em Dourados"}]},{"@type":"WebSite","@id":"https:\/\/progresso.com.br\/#website","url":"https:\/\/progresso.com.br\/","name":"O PROGRESSO","description":"","publisher":{"@id":"https:\/\/progresso.com.br\/#organization"},"potentialAction":[{"@type":"SearchAction","target":{"@type":"EntryPoint","urlTemplate":"https:\/\/progresso.com.br\/?s={search_term_string}"},"query-input":{"@type":"PropertyValueSpecification","valueRequired":true,"valueName":"search_term_string"}}],"inLanguage":"pt-BR"},{"@type":"Organization","@id":"https:\/\/progresso.com.br\/#organization","name":"O PROGRESSO","url":"https:\/\/progresso.com.br\/","logo":{"@type":"ImageObject","inLanguage":"pt-BR","@id":"https:\/\/progresso.com.br\/#\/schema\/logo\/image\/","url":"https:\/\/progresso.com.br\/wp-content\/uploads\/2026\/03\/logo_proog.jpg","contentUrl":"https:\/\/progresso.com.br\/wp-content\/uploads\/2026\/03\/logo_proog.jpg","width":1960,"height":1080,"caption":"O PROGRESSO"},"image":{"@id":"https:\/\/progresso.com.br\/#\/schema\/logo\/image\/"},"sameAs":["https:\/\/www.facebook.com\/share\/1CeoksKBj6\/","https:\/\/www.instagram.com\/oprogresso_digital"]},{"@type":"Person","@id":"https:\/\/progresso.com.br\/#\/schema\/person\/5dd27138d4463fbbaace62120bfc002b","name":"Rose","image":{"@type":"ImageObject","inLanguage":"pt-BR","@id":"https:\/\/progresso.com.br\/#\/schema\/person\/image\/","url":"https:\/\/secure.gravatar.com\/avatar\/1b6890e759cdd3a88d9f751cb423720b9861c5239167cd3586355638b6556599?s=96&d=mm&r=g","contentUrl":"https:\/\/secure.gravatar.com\/avatar\/1b6890e759cdd3a88d9f751cb423720b9861c5239167cd3586355638b6556599?s=96&d=mm&r=g","caption":"Rose"},"url":"https:\/\/progresso.com.br\/index.php\/author\/rose\/"}]}},"_links":{"self":[{"href":"https:\/\/progresso.com.br\/index.php\/wp-json\/wp\/v2\/posts\/362","targetHints":{"allow":["GET"]}}],"collection":[{"href":"https:\/\/progresso.com.br\/index.php\/wp-json\/wp\/v2\/posts"}],"about":[{"href":"https:\/\/progresso.com.br\/index.php\/wp-json\/wp\/v2\/types\/post"}],"author":[{"embeddable":true,"href":"https:\/\/progresso.com.br\/index.php\/wp-json\/wp\/v2\/users\/2"}],"replies":[{"embeddable":true,"href":"https:\/\/progresso.com.br\/index.php\/wp-json\/wp\/v2\/comments?post=362"}],"version-history":[{"count":1,"href":"https:\/\/progresso.com.br\/index.php\/wp-json\/wp\/v2\/posts\/362\/revisions"}],"predecessor-version":[{"id":364,"href":"https:\/\/progresso.com.br\/index.php\/wp-json\/wp\/v2\/posts\/362\/revisions\/364"}],"wp:featuredmedia":[{"embeddable":true,"href":"https:\/\/progresso.com.br\/index.php\/wp-json\/wp\/v2\/media\/363"}],"wp:attachment":[{"href":"https:\/\/progresso.com.br\/index.php\/wp-json\/wp\/v2\/media?parent=362"}],"wp:term":[{"taxonomy":"category","embeddable":true,"href":"https:\/\/progresso.com.br\/index.php\/wp-json\/wp\/v2\/categories?post=362"},{"taxonomy":"post_tag","embeddable":true,"href":"https:\/\/progresso.com.br\/index.php\/wp-json\/wp\/v2\/tags?post=362"}],"curies":[{"name":"wp","href":"https:\/\/api.w.org\/{rel}","templated":true}]}}