{"id":368,"date":"2026-03-06T15:27:19","date_gmt":"2026-03-06T18:27:19","guid":{"rendered":"https:\/\/10nl.com.br\/?p=368"},"modified":"2026-03-06T15:27:20","modified_gmt":"2026-03-06T18:27:20","slug":"lula-recebe-lucas-pinheiro-medalhista-de-ouro-nos-jogos-olimpicos-de-inverno-2026","status":"publish","type":"post","link":"https:\/\/progresso.com.br\/index.php\/2026\/03\/06\/lula-recebe-lucas-pinheiro-medalhista-de-ouro-nos-jogos-olimpicos-de-inverno-2026\/","title":{"rendered":"Lula recebe Lucas Pinheiro, medalhista de ouro nos Jogos Ol\u00edmpicos de Inverno 2026"},"content":{"rendered":"\n<p>O atleta foi recebido no Pal\u00e1cio do Planalto e se emocionou ao conhecer o presidente e ter a chance de visitar Bras\u00edlia. Encontro foi marcado pela assinatura de decreto que fortalece a Lei de Incentivo ao Esporte<a href=\"https:\/\/facebook.com\/sharer.php?text=%C3%89%20not%C3%ADcia%20na%20AG%C3%8ANCIA%20GOV&amp;u=https:\/\/agenciagov.ebc.com.br\/noticias\/202602\/201cvoce-merece-a-consideracao-do-governo-e-da-sociedade-brasileira201d-diz-lula-ao-receber-o-campeao-olimpico-lucas-pinheiro\" target=\"_blank\" rel=\"noreferrer noopener\">&nbsp;<\/a><a href=\"https:\/\/twitter.com\/intent\/tweet?text=%C3%89%20not%C3%ADcia%20na%20AG%C3%8ANCIA%20GOV:%20https:\/\/agenciagov.ebc.com.br\/noticias\/202602\/201cvoce-merece-a-consideracao-do-governo-e-da-sociedade-brasileira201d-diz-lula-ao-receber-o-campeao-olimpico-lucas-pinheiro\" target=\"_blank\" rel=\"noreferrer noopener\">&nbsp;<\/a><a href=\"https:\/\/t.me\/share\/url?url=https:\/\/agenciagov.ebc.com.br\/noticias\/202602\/201cvoce-merece-a-consideracao-do-governo-e-da-sociedade-brasileira201d-diz-lula-ao-receber-o-campeao-olimpico-lucas-pinheiro&amp;text=%C3%89%20not%C3%ADcia%20na%20AG%C3%8ANCIA%20GOV:%20Lula%20recebe%20Lucas%20Pinheiro,%20medalhista%20de%20ouro%20nos%20Jogos%20Ol%C3%ADmpicos%20de%20Inverno%202026\">&nbsp;<\/a><a href=\"https:\/\/api.whatsapp.com\/send?text=%C3%89%20not%C3%ADcia%20na%20AG%C3%8ANCIA%20GOV%0a%0aAcesse%20o%20link:%20https:\/\/agenciagov.ebc.com.br\/noticias\/202602\/201cvoce-merece-a-consideracao-do-governo-e-da-sociedade-brasileira201d-diz-lula-ao-receber-o-campeao-olimpico-lucas-pinheiro\">&nbsp;<\/a><a href=\"https:\/\/www.linkedin.com\/shareArticle?mini=true&amp;url=https:\/\/agenciagov.ebc.com.br\/noticias\/202602\/201cvoce-merece-a-consideracao-do-governo-e-da-sociedade-brasileira201d-diz-lula-ao-receber-o-campeao-olimpico-lucas-pinheiro&amp;title=Lula%20recebe%20Lucas%20Pinheiro,%20medalhista%20de%20ouro%20nos%20Jogos%20Ol%C3%ADmpicos%20de%20Inverno%202026&amp;summary=O%20atleta%20foi%20recebido%20no%20Pal%C3%A1cio%20do%20Planalto%20e%20se%20emocionou%20ao%20conhecer%20o%20presidente%20e%20ter%20a%20chance%20de%20visitar%20Bras%C3%ADlia.%20Encontro%20foi%20marcado%20pela%20assinatura%20de%20decreto%20que%20fortalece%20a%20Lei%20de%20Incentivo%20ao%20Esporte&amp;source=Ag%C3%AAncia%20Gov\" target=\"_blank\" rel=\"noreferrer noopener\"><\/a><\/p>\n\n\n\n<p>Ag\u00eancia Gov | Via Planalto<\/p>\n\n\n\n<p>O presidente Luiz In\u00e1cio Lula da Silva recebeu, nesta sexta-feira (27\/2), no Pal\u00e1cio do Planalto, o campe\u00e3o ol\u00edmpico Lucas Pinheiro Braathen. Medalhista de ouro no slalom gigante do esqui alpino nos Jogos Ol\u00edmpicos de Inverno de Mil\u00e3o-Cortina 2026, o atleta tornou-se o primeiro brasileiro e o primeiro sul-americano a alcan\u00e7ar o lugar mais alto do p\u00f3dio em Jogos de Inverno.<\/p>\n\n\n\n<p>Lula agradeceu o empenho de Lucas em defender as cores brasileiras no megaevento de Mil\u00e3o-Cortina, encerrado no \u00faltimo domingo (22), e o parabenizou pelo t\u00edtulo ol\u00edmpico. \u201cQuando voc\u00ea toma a decis\u00e3o de estar na Noruega, de viver em uma cultura totalmente diferente da nossa, e na hora que voc\u00ea decide competir por uma medalha voc\u00ea escolhe o Brasil como a sua p\u00e1tria para que voc\u00ea possa representar, efetivamente, \u00e9 motivo de orgulho\u201d, ressaltou o presidente.<\/p>\n\n\n\n<p>\u201c\u00c9 muito motivo de orgulho saber que algu\u00e9m que estava na Noruega, em um mundo totalmente diferente do nosso, muito gelado, com seis meses quase que sem sol, se lembra que tinha uma p\u00e1tria para voc\u00ea escolher para disputar a medalha. Voc\u00ea realmente merece mais que elogios. Voc\u00ea merece considera\u00e7\u00e3o do governo brasileiro e da sociedade brasileira. Porque voc\u00ea se transformou em uma figura muito especial para n\u00f3s. Voc\u00ea mostrou que quando a gente quer, nada \u00e9 imposs\u00edvel. A \u00fanica coisa que a gente n\u00e3o pode fazer \u00e9 n\u00e3o tentar. Voc\u00ea tentou, trocou de bandeira e ganhou a medalha. Parab\u00e9ns, Lucas\u201d, disse o presidente.<\/p>\n\n\n\n<p>Emocionado ap\u00f3s o encontro com Lula, Lucas Pinheiro falou sobre o que sentiu ao ser recebido pelo presidente do Brasil. \u201c\u00c9 uma honra imensa chegar aqui em Bras\u00edlia. Vou usar esse momento como motiva\u00e7\u00e3o para continuar a buscar novas conquistas e seguir representando nossas cores. Foi emocionante (encontrar o presidente). \u00c9 um momento gigantesco para mim. \u00c9 um momento grande para o Brasil. Acho que esse momento representa o nosso poder. O poder da nossa diversidade. A diversidade do Brasil \u00e9 a nossa diferen\u00e7a, \u00e9 o nosso poder\u201d, afirmou Lucas.<\/p>\n\n\n\n<p><strong>CARINHO&nbsp;<\/strong>\u2013 At\u00e9 ent\u00e3o desconhecido de grande parte dos brasileiros, Lucas, que desembarcou no pa\u00eds h\u00e1 poucos dias, tem experimentado um carinho especial por onde passa, sendo reconhecido e atendendo pedidos para fotos e aut\u00f3grafos. \u201c\u00c9 uma sensa\u00e7\u00e3o de muito amor, muita alegria, vibra\u00e7\u00e3o. \u00c9 essa sensa\u00e7\u00e3o que me deixou apaixonado pelos esportes, crescendo, jogando futebol nas ruas de S\u00e3o Paulo, junto com meus primos, meus amigos, vizinhos no bairro. E \u00e9 essa sensa\u00e7\u00e3o que eu estou querendo trazer para o esqui alpino, representando nossas cores. Voltar para o Brasil, depois de conquistar esse ouro, foi uma onda\u201d, celebrou.<\/p>\n\n\n\n<p><strong>BRAS\u00cdLIA&nbsp;<\/strong>\u2013 O campe\u00e3o ol\u00edmpico ainda falou sobre a emo\u00e7\u00e3o de finalmente ter tido a oportunidade de conhecer a capital do Brasil. \u201c\u00c9 uma honra poder ter esse momento aqui em Bras\u00edlia. Estudei muito a arquitetura, o desenho de Bras\u00edlia, uma cidade que representa uma mudan\u00e7a no Brasil. Tive muita inspira\u00e7\u00e3o da arquitetura de Oscar Niemeyer, nos pr\u00e9dios aqui de Bras\u00edlia. Ent\u00e3o, \u00e9 um momento de muito orgulho para mim\u201d, confessou.<\/p>\n\n\n\n<figure class=\"wp-block-image\"><a href=\"https:\/\/www.flickr.com\/photos\/palaciodoplanalto\/55119034816\/\"><img decoding=\"async\" src=\"https:\/\/live.staticflickr.com\/65535\/55119034816_73bf004e04_h.jpg\" alt=\"27.02.2026 - Encontro com o atleta medalhista de ouro nos Jogos Ol\u00edmpicos de Inverno Mil\u00e3o\u2013Cortina 2026, Lucas Pinheiro Braathen\"\/><\/a><\/figure>\n\n\n\n<p><strong>GESTO DE GRANDEZA&nbsp;<\/strong>\u2013 Diversas autoridades, personalidades e parlamentares participaram da cerim\u00f4nia. Ministro do Esporte, Andr\u00e9 Fufuca tamb\u00e9m ressaltou a escolha feita por Lucas Pinheiro ao abrir m\u00e3o de defender a Noruega e competir pelo Brasil nos Jogos Ol\u00edmpicos de Inverno de Mil\u00e3o-Cortina 2026. \u201c\u00c9 a primeira vez que um atleta, no \u00e1pice, escolhe o Brasil para competir. Muito obrigado pelo seu gesto, gesto de grandeza, gesto que o Brasil se orgulha, de saber que voc\u00ea escolheu o nosso territ\u00f3rio, o nosso pa\u00eds, os nossos sonhos para trilhar. A gente se sente muito realizado de ter voc\u00ea fazendo hist\u00f3ria pelo Brasil\u201d, destacou o ministro.<\/p>\n\n\n\n<p><strong>RECONHECIMENTO&nbsp;<\/strong>\u2013 Presidente do Comit\u00ea Ol\u00edmpico do Brasil (COB), Marco La Porta afirmou que a recep\u00e7\u00e3o de Lula no Planalto, al\u00e9m de uma homenagem a Lucas Pinheiro, tamb\u00e9m se configura numa forma de o COB e o pr\u00f3prio atleta agradecerem a todo o apoio recebido por parte do Governo do Brasil. \u201cEu acho que \u00e9 um momento, primeiro, de reconhecimento pelo trabalho que o Lucas fez, por representar t\u00e3o bem o Brasil, colocar a bandeira do Brasil no lugar mais alto do p\u00f3dio. E da nossa parte, do COB, e do pr\u00f3prio Lucas, \u00e9 um agradecimento a todo o apoio que o governo tem prestado ao esporte brasileiro. E \u00e9 fundamental que a gente tenha essa rela\u00e7\u00e3o, que o governo entenda as necessidades do esporte e, ao mesmo tempo, o esporte saiba agradecer o trabalho incans\u00e1vel que o governo tem feito em prol da gente\u201d, disse.<\/p>\n\n\n\n<p>Dono de tr\u00eas medalhas ol\u00edmpicas no v\u00f4lei de praia \u2013 ouro em Atenas-2004, prata em Londres-2012 e bronze em Pequim-2008 \u2013, tr\u00eas vezes campe\u00e3o mundial e dez vezes campe\u00e3o do Circuito Mundial, Emanuel Rego, diretor-geral do COB, tamb\u00e9m ressaltou o gesto do presidente Lula.<\/p>\n\n\n\n<p>\u201c\u00c9 a primeira vez que o Lucas representa o Brasil de forma muito sincera nos Jogos Ol\u00edmpicos de inverno. Eu acho que esse reconhecimento que o Governo do Brasil faz por meio de uma visita a uma excel\u00eancia, que \u00e9 o presidente da Rep\u00fablica, isso \u00e9 muito nobre. Para n\u00f3s, que somos agora gestores do esporte, \u00e9 importante ver essa administra\u00e7\u00e3o fazer com que o Brasil entenda quem \u00e9 um campe\u00e3o ol\u00edmpico. Esse reconhecimento da Presid\u00eancia da Rep\u00fablica \u00e9 muito importante para a gente ter mais possibilidade de ter outros atletas nesse n\u00edvel. Eu fico muito satisfeito quando o gabinete da Presid\u00eancia faz todo um arranjo com a possibilidade de trazer um campe\u00e3o ol\u00edmpico. Acho que essa \u00e9 a forma de a gente homenage\u00e1-lo e homenagear o esporte brasileiro\u201d, afirmou Emanuel.<\/p>\n\n\n\n<p>O encontro reuniu ainda, al\u00e9m da primeira-dama Janja Lula da Silva; a ministra da Secretaria de Rela\u00e7\u00f5es Institucionais, Gleisi Hoffmann; a senadora Leila Barros; o deputado federal Bandeira de Melo; e o presidente da Confedera\u00e7\u00e3o Brasileira de Desportos na Neve (CBDN), Karl Anders Pettersson; entre outros.<\/p>\n\n\n\n<p><strong>\u2060LEI DE INCENTIVO AO ESPORTE&nbsp;<\/strong>\u2013 A cerim\u00f4nia que homenageou Lucas Pinheiro Braathen foi marcada ainda pela assinatura, por parte do presidente Lula, de um decreto relativo \u00e0 Lei de Incentivo ao Esporte. O novo Decreto aprimora as etapas de apresenta\u00e7\u00e3o, an\u00e1lise, aprova\u00e7\u00e3o e execu\u00e7\u00e3o dos projetos; atualiza os crit\u00e9rios t\u00e9cnicos para a avalia\u00e7\u00e3o das propostas; define regras mais precisas sobre a natureza p\u00fablica dos recursos captados; aperfei\u00e7oa as disposi\u00e7\u00f5es relativas \u00e0 celebra\u00e7\u00e3o de Termos de Compromisso e seus aditivos; e estabelece prazos e condi\u00e7\u00f5es para a apresenta\u00e7\u00e3o de presta\u00e7\u00f5es de contas parciais e finais.<br><br>No que diz respeito \u00e0 fiscaliza\u00e7\u00e3o, o decreto refor\u00e7a mecanismos de controle preventivo, concomitante e posterior, resguardando o interesse p\u00fablico, a integridade da pol\u00edtica e a correta aplica\u00e7\u00e3o dos recursos incentivados. Ele tamb\u00e9m consolida par\u00e2metros objetivos de responsabiliza\u00e7\u00e3o administrativa, prevendo penalidades proporcionais \u00e0s infra\u00e7\u00f5es, sempre orientadas pela prote\u00e7\u00e3o do er\u00e1rio.<\/p>\n","protected":false},"excerpt":{"rendered":"<p>O atleta foi recebido no Pal\u00e1cio do Planalto e se emocionou ao conhecer o presidente e ter a chance de visitar Bras\u00edlia. Encontro foi marcado pela assinatura de decreto que fortalece a Lei de Incentivo ao Esporte&nbsp;&nbsp;&nbsp;&nbsp; Ag\u00eancia Gov | Via Planalto O presidente Luiz In\u00e1cio Lula da Silva recebeu, nesta sexta-feira (27\/2), no Pal\u00e1cio [&hellip;]<\/p>\n","protected":false},"author":2,"featured_media":369,"comment_status":"open","ping_status":"open","sticky":false,"template":"","format":"standard","meta":{"footnotes":""},"categories":[17],"tags":[],"class_list":["post-368","post","type-post","status-publish","format-standard","has-post-thumbnail","hentry","category-esporte"],"yoast_head":"<!-- This site is optimized with the Yoast SEO plugin v27.1.1 - https:\/\/yoast.com\/product\/yoast-seo-wordpress\/ -->\n<title>Lula recebe Lucas Pinheiro, medalhista de ouro nos Jogos Ol\u00edmpicos de Inverno 2026 - O PROGRESSO<\/title>\n<meta name=\"robots\" content=\"index, follow, max-snippet:-1, max-image-preview:large, max-video-preview:-1\" \/>\n<link rel=\"canonical\" href=\"https:\/\/progresso.com.br\/index.php\/2026\/03\/06\/lula-recebe-lucas-pinheiro-medalhista-de-ouro-nos-jogos-olimpicos-de-inverno-2026\/\" \/>\n<meta property=\"og:locale\" content=\"pt_BR\" \/>\n<meta property=\"og:type\" content=\"article\" \/>\n<meta property=\"og:title\" content=\"Lula recebe Lucas Pinheiro, medalhista de ouro nos Jogos Ol\u00edmpicos de Inverno 2026 - O PROGRESSO\" \/>\n<meta property=\"og:description\" content=\"O atleta foi recebido no Pal\u00e1cio do Planalto e se emocionou ao conhecer o presidente e ter a chance de visitar Bras\u00edlia. Encontro foi marcado pela assinatura de decreto que fortalece a Lei de Incentivo ao Esporte&nbsp;&nbsp;&nbsp;&nbsp; Ag\u00eancia Gov | Via Planalto O presidente Luiz In\u00e1cio Lula da Silva recebeu, nesta sexta-feira (27\/2), no Pal\u00e1cio [&hellip;]\" \/>\n<meta property=\"og:url\" content=\"https:\/\/progresso.com.br\/index.php\/2026\/03\/06\/lula-recebe-lucas-pinheiro-medalhista-de-ouro-nos-jogos-olimpicos-de-inverno-2026\/\" \/>\n<meta property=\"og:site_name\" content=\"O PROGRESSO\" \/>\n<meta property=\"article:publisher\" content=\"https:\/\/www.facebook.com\/share\/1CeoksKBj6\/\" \/>\n<meta property=\"article:published_time\" content=\"2026-03-06T18:27:19+00:00\" \/>\n<meta property=\"article:modified_time\" content=\"2026-03-06T18:27:20+00:00\" \/>\n<meta property=\"og:image\" content=\"https:\/\/progresso.com.br\/wp-content\/uploads\/2026\/03\/campeaoolimp.png\" \/>\n\t<meta property=\"og:image:width\" content=\"740\" \/>\n\t<meta property=\"og:image:height\" content=\"448\" \/>\n\t<meta property=\"og:image:type\" content=\"image\/png\" \/>\n<meta name=\"author\" content=\"Rose\" \/>\n<meta name=\"twitter:card\" content=\"summary_large_image\" \/>\n<meta name=\"twitter:label1\" content=\"Escrito por\" \/>\n\t<meta name=\"twitter:data1\" content=\"Rose\" \/>\n\t<meta name=\"twitter:label2\" content=\"Est. tempo de leitura\" \/>\n\t<meta name=\"twitter:data2\" content=\"6 minutos\" \/>\n<script type=\"application\/ld+json\" class=\"yoast-schema-graph\">{\"@context\":\"https:\/\/schema.org\",\"@graph\":[{\"@type\":\"Article\",\"@id\":\"https:\/\/progresso.com.br\/index.php\/2026\/03\/06\/lula-recebe-lucas-pinheiro-medalhista-de-ouro-nos-jogos-olimpicos-de-inverno-2026\/#article\",\"isPartOf\":{\"@id\":\"https:\/\/progresso.com.br\/index.php\/2026\/03\/06\/lula-recebe-lucas-pinheiro-medalhista-de-ouro-nos-jogos-olimpicos-de-inverno-2026\/\"},\"author\":{\"name\":\"Rose\",\"@id\":\"https:\/\/progresso.com.br\/#\/schema\/person\/5dd27138d4463fbbaace62120bfc002b\"},\"headline\":\"Lula recebe Lucas Pinheiro, medalhista de ouro nos Jogos Ol\u00edmpicos de Inverno 2026\",\"datePublished\":\"2026-03-06T18:27:19+00:00\",\"dateModified\":\"2026-03-06T18:27:20+00:00\",\"mainEntityOfPage\":{\"@id\":\"https:\/\/progresso.com.br\/index.php\/2026\/03\/06\/lula-recebe-lucas-pinheiro-medalhista-de-ouro-nos-jogos-olimpicos-de-inverno-2026\/\"},\"wordCount\":1254,\"commentCount\":0,\"publisher\":{\"@id\":\"https:\/\/progresso.com.br\/#organization\"},\"image\":{\"@id\":\"https:\/\/progresso.com.br\/index.php\/2026\/03\/06\/lula-recebe-lucas-pinheiro-medalhista-de-ouro-nos-jogos-olimpicos-de-inverno-2026\/#primaryimage\"},\"thumbnailUrl\":\"https:\/\/progresso.com.br\/wp-content\/uploads\/2026\/03\/campeaoolimp.png\",\"articleSection\":[\"Esporte\"],\"inLanguage\":\"pt-BR\",\"potentialAction\":[{\"@type\":\"CommentAction\",\"name\":\"Comment\",\"target\":[\"https:\/\/progresso.com.br\/index.php\/2026\/03\/06\/lula-recebe-lucas-pinheiro-medalhista-de-ouro-nos-jogos-olimpicos-de-inverno-2026\/#respond\"]}]},{\"@type\":\"WebPage\",\"@id\":\"https:\/\/progresso.com.br\/index.php\/2026\/03\/06\/lula-recebe-lucas-pinheiro-medalhista-de-ouro-nos-jogos-olimpicos-de-inverno-2026\/\",\"url\":\"https:\/\/progresso.com.br\/index.php\/2026\/03\/06\/lula-recebe-lucas-pinheiro-medalhista-de-ouro-nos-jogos-olimpicos-de-inverno-2026\/\",\"name\":\"Lula recebe Lucas Pinheiro, medalhista de ouro nos Jogos Ol\u00edmpicos de Inverno 2026 - O PROGRESSO\",\"isPartOf\":{\"@id\":\"https:\/\/progresso.com.br\/#website\"},\"primaryImageOfPage\":{\"@id\":\"https:\/\/progresso.com.br\/index.php\/2026\/03\/06\/lula-recebe-lucas-pinheiro-medalhista-de-ouro-nos-jogos-olimpicos-de-inverno-2026\/#primaryimage\"},\"image\":{\"@id\":\"https:\/\/progresso.com.br\/index.php\/2026\/03\/06\/lula-recebe-lucas-pinheiro-medalhista-de-ouro-nos-jogos-olimpicos-de-inverno-2026\/#primaryimage\"},\"thumbnailUrl\":\"https:\/\/progresso.com.br\/wp-content\/uploads\/2026\/03\/campeaoolimp.png\",\"datePublished\":\"2026-03-06T18:27:19+00:00\",\"dateModified\":\"2026-03-06T18:27:20+00:00\",\"breadcrumb\":{\"@id\":\"https:\/\/progresso.com.br\/index.php\/2026\/03\/06\/lula-recebe-lucas-pinheiro-medalhista-de-ouro-nos-jogos-olimpicos-de-inverno-2026\/#breadcrumb\"},\"inLanguage\":\"pt-BR\",\"potentialAction\":[{\"@type\":\"ReadAction\",\"target\":[\"https:\/\/progresso.com.br\/index.php\/2026\/03\/06\/lula-recebe-lucas-pinheiro-medalhista-de-ouro-nos-jogos-olimpicos-de-inverno-2026\/\"]}]},{\"@type\":\"ImageObject\",\"inLanguage\":\"pt-BR\",\"@id\":\"https:\/\/progresso.com.br\/index.php\/2026\/03\/06\/lula-recebe-lucas-pinheiro-medalhista-de-ouro-nos-jogos-olimpicos-de-inverno-2026\/#primaryimage\",\"url\":\"https:\/\/progresso.com.br\/wp-content\/uploads\/2026\/03\/campeaoolimp.png\",\"contentUrl\":\"https:\/\/progresso.com.br\/wp-content\/uploads\/2026\/03\/campeaoolimp.png\",\"width\":740,\"height\":448,\"caption\":\"Foto: Ricardo Stuckert \/ PR\"},{\"@type\":\"BreadcrumbList\",\"@id\":\"https:\/\/progresso.com.br\/index.php\/2026\/03\/06\/lula-recebe-lucas-pinheiro-medalhista-de-ouro-nos-jogos-olimpicos-de-inverno-2026\/#breadcrumb\",\"itemListElement\":[{\"@type\":\"ListItem\",\"position\":1,\"name\":\"In\u00edcio\",\"item\":\"https:\/\/progresso.com.br\/\"},{\"@type\":\"ListItem\",\"position\":2,\"name\":\"Lula recebe Lucas Pinheiro, medalhista de ouro nos Jogos Ol\u00edmpicos de Inverno 2026\"}]},{\"@type\":\"WebSite\",\"@id\":\"https:\/\/progresso.com.br\/#website\",\"url\":\"https:\/\/progresso.com.br\/\",\"name\":\"O PROGRESSO\",\"description\":\"\",\"publisher\":{\"@id\":\"https:\/\/progresso.com.br\/#organization\"},\"potentialAction\":[{\"@type\":\"SearchAction\",\"target\":{\"@type\":\"EntryPoint\",\"urlTemplate\":\"https:\/\/progresso.com.br\/?s={search_term_string}\"},\"query-input\":{\"@type\":\"PropertyValueSpecification\",\"valueRequired\":true,\"valueName\":\"search_term_string\"}}],\"inLanguage\":\"pt-BR\"},{\"@type\":\"Organization\",\"@id\":\"https:\/\/progresso.com.br\/#organization\",\"name\":\"O PROGRESSO\",\"url\":\"https:\/\/progresso.com.br\/\",\"logo\":{\"@type\":\"ImageObject\",\"inLanguage\":\"pt-BR\",\"@id\":\"https:\/\/progresso.com.br\/#\/schema\/logo\/image\/\",\"url\":\"https:\/\/progresso.com.br\/wp-content\/uploads\/2026\/03\/logo_proog.jpg\",\"contentUrl\":\"https:\/\/progresso.com.br\/wp-content\/uploads\/2026\/03\/logo_proog.jpg\",\"width\":1960,\"height\":1080,\"caption\":\"O PROGRESSO\"},\"image\":{\"@id\":\"https:\/\/progresso.com.br\/#\/schema\/logo\/image\/\"},\"sameAs\":[\"https:\/\/www.facebook.com\/share\/1CeoksKBj6\/\",\"https:\/\/www.instagram.com\/oprogresso_digital\"]},{\"@type\":\"Person\",\"@id\":\"https:\/\/progresso.com.br\/#\/schema\/person\/5dd27138d4463fbbaace62120bfc002b\",\"name\":\"Rose\",\"image\":{\"@type\":\"ImageObject\",\"inLanguage\":\"pt-BR\",\"@id\":\"https:\/\/progresso.com.br\/#\/schema\/person\/image\/\",\"url\":\"https:\/\/secure.gravatar.com\/avatar\/1b6890e759cdd3a88d9f751cb423720b9861c5239167cd3586355638b6556599?s=96&d=mm&r=g\",\"contentUrl\":\"https:\/\/secure.gravatar.com\/avatar\/1b6890e759cdd3a88d9f751cb423720b9861c5239167cd3586355638b6556599?s=96&d=mm&r=g\",\"caption\":\"Rose\"},\"url\":\"https:\/\/progresso.com.br\/index.php\/author\/rose\/\"}]}<\/script>\n<!-- \/ Yoast SEO plugin. -->","yoast_head_json":{"title":"Lula recebe Lucas Pinheiro, medalhista de ouro nos Jogos Ol\u00edmpicos de Inverno 2026 - O PROGRESSO","robots":{"index":"index","follow":"follow","max-snippet":"max-snippet:-1","max-image-preview":"max-image-preview:large","max-video-preview":"max-video-preview:-1"},"canonical":"https:\/\/progresso.com.br\/index.php\/2026\/03\/06\/lula-recebe-lucas-pinheiro-medalhista-de-ouro-nos-jogos-olimpicos-de-inverno-2026\/","og_locale":"pt_BR","og_type":"article","og_title":"Lula recebe Lucas Pinheiro, medalhista de ouro nos Jogos Ol\u00edmpicos de Inverno 2026 - O PROGRESSO","og_description":"O atleta foi recebido no Pal\u00e1cio do Planalto e se emocionou ao conhecer o presidente e ter a chance de visitar Bras\u00edlia. Encontro foi marcado pela assinatura de decreto que fortalece a Lei de Incentivo ao Esporte&nbsp;&nbsp;&nbsp;&nbsp; Ag\u00eancia Gov | Via Planalto O presidente Luiz In\u00e1cio Lula da Silva recebeu, nesta sexta-feira (27\/2), no Pal\u00e1cio [&hellip;]","og_url":"https:\/\/progresso.com.br\/index.php\/2026\/03\/06\/lula-recebe-lucas-pinheiro-medalhista-de-ouro-nos-jogos-olimpicos-de-inverno-2026\/","og_site_name":"O PROGRESSO","article_publisher":"https:\/\/www.facebook.com\/share\/1CeoksKBj6\/","article_published_time":"2026-03-06T18:27:19+00:00","article_modified_time":"2026-03-06T18:27:20+00:00","og_image":[{"width":740,"height":448,"url":"https:\/\/progresso.com.br\/wp-content\/uploads\/2026\/03\/campeaoolimp.png","type":"image\/png"}],"author":"Rose","twitter_card":"summary_large_image","twitter_misc":{"Escrito por":"Rose","Est. tempo de leitura":"6 minutos"},"schema":{"@context":"https:\/\/schema.org","@graph":[{"@type":"Article","@id":"https:\/\/progresso.com.br\/index.php\/2026\/03\/06\/lula-recebe-lucas-pinheiro-medalhista-de-ouro-nos-jogos-olimpicos-de-inverno-2026\/#article","isPartOf":{"@id":"https:\/\/progresso.com.br\/index.php\/2026\/03\/06\/lula-recebe-lucas-pinheiro-medalhista-de-ouro-nos-jogos-olimpicos-de-inverno-2026\/"},"author":{"name":"Rose","@id":"https:\/\/progresso.com.br\/#\/schema\/person\/5dd27138d4463fbbaace62120bfc002b"},"headline":"Lula recebe Lucas Pinheiro, medalhista de ouro nos Jogos Ol\u00edmpicos de Inverno 2026","datePublished":"2026-03-06T18:27:19+00:00","dateModified":"2026-03-06T18:27:20+00:00","mainEntityOfPage":{"@id":"https:\/\/progresso.com.br\/index.php\/2026\/03\/06\/lula-recebe-lucas-pinheiro-medalhista-de-ouro-nos-jogos-olimpicos-de-inverno-2026\/"},"wordCount":1254,"commentCount":0,"publisher":{"@id":"https:\/\/progresso.com.br\/#organization"},"image":{"@id":"https:\/\/progresso.com.br\/index.php\/2026\/03\/06\/lula-recebe-lucas-pinheiro-medalhista-de-ouro-nos-jogos-olimpicos-de-inverno-2026\/#primaryimage"},"thumbnailUrl":"https:\/\/progresso.com.br\/wp-content\/uploads\/2026\/03\/campeaoolimp.png","articleSection":["Esporte"],"inLanguage":"pt-BR","potentialAction":[{"@type":"CommentAction","name":"Comment","target":["https:\/\/progresso.com.br\/index.php\/2026\/03\/06\/lula-recebe-lucas-pinheiro-medalhista-de-ouro-nos-jogos-olimpicos-de-inverno-2026\/#respond"]}]},{"@type":"WebPage","@id":"https:\/\/progresso.com.br\/index.php\/2026\/03\/06\/lula-recebe-lucas-pinheiro-medalhista-de-ouro-nos-jogos-olimpicos-de-inverno-2026\/","url":"https:\/\/progresso.com.br\/index.php\/2026\/03\/06\/lula-recebe-lucas-pinheiro-medalhista-de-ouro-nos-jogos-olimpicos-de-inverno-2026\/","name":"Lula recebe Lucas Pinheiro, medalhista de ouro nos Jogos Ol\u00edmpicos de Inverno 2026 - O PROGRESSO","isPartOf":{"@id":"https:\/\/progresso.com.br\/#website"},"primaryImageOfPage":{"@id":"https:\/\/progresso.com.br\/index.php\/2026\/03\/06\/lula-recebe-lucas-pinheiro-medalhista-de-ouro-nos-jogos-olimpicos-de-inverno-2026\/#primaryimage"},"image":{"@id":"https:\/\/progresso.com.br\/index.php\/2026\/03\/06\/lula-recebe-lucas-pinheiro-medalhista-de-ouro-nos-jogos-olimpicos-de-inverno-2026\/#primaryimage"},"thumbnailUrl":"https:\/\/progresso.com.br\/wp-content\/uploads\/2026\/03\/campeaoolimp.png","datePublished":"2026-03-06T18:27:19+00:00","dateModified":"2026-03-06T18:27:20+00:00","breadcrumb":{"@id":"https:\/\/progresso.com.br\/index.php\/2026\/03\/06\/lula-recebe-lucas-pinheiro-medalhista-de-ouro-nos-jogos-olimpicos-de-inverno-2026\/#breadcrumb"},"inLanguage":"pt-BR","potentialAction":[{"@type":"ReadAction","target":["https:\/\/progresso.com.br\/index.php\/2026\/03\/06\/lula-recebe-lucas-pinheiro-medalhista-de-ouro-nos-jogos-olimpicos-de-inverno-2026\/"]}]},{"@type":"ImageObject","inLanguage":"pt-BR","@id":"https:\/\/progresso.com.br\/index.php\/2026\/03\/06\/lula-recebe-lucas-pinheiro-medalhista-de-ouro-nos-jogos-olimpicos-de-inverno-2026\/#primaryimage","url":"https:\/\/progresso.com.br\/wp-content\/uploads\/2026\/03\/campeaoolimp.png","contentUrl":"https:\/\/progresso.com.br\/wp-content\/uploads\/2026\/03\/campeaoolimp.png","width":740,"height":448,"caption":"Foto: Ricardo Stuckert \/ PR"},{"@type":"BreadcrumbList","@id":"https:\/\/progresso.com.br\/index.php\/2026\/03\/06\/lula-recebe-lucas-pinheiro-medalhista-de-ouro-nos-jogos-olimpicos-de-inverno-2026\/#breadcrumb","itemListElement":[{"@type":"ListItem","position":1,"name":"In\u00edcio","item":"https:\/\/progresso.com.br\/"},{"@type":"ListItem","position":2,"name":"Lula recebe Lucas Pinheiro, medalhista de ouro nos Jogos Ol\u00edmpicos de Inverno 2026"}]},{"@type":"WebSite","@id":"https:\/\/progresso.com.br\/#website","url":"https:\/\/progresso.com.br\/","name":"O PROGRESSO","description":"","publisher":{"@id":"https:\/\/progresso.com.br\/#organization"},"potentialAction":[{"@type":"SearchAction","target":{"@type":"EntryPoint","urlTemplate":"https:\/\/progresso.com.br\/?s={search_term_string}"},"query-input":{"@type":"PropertyValueSpecification","valueRequired":true,"valueName":"search_term_string"}}],"inLanguage":"pt-BR"},{"@type":"Organization","@id":"https:\/\/progresso.com.br\/#organization","name":"O PROGRESSO","url":"https:\/\/progresso.com.br\/","logo":{"@type":"ImageObject","inLanguage":"pt-BR","@id":"https:\/\/progresso.com.br\/#\/schema\/logo\/image\/","url":"https:\/\/progresso.com.br\/wp-content\/uploads\/2026\/03\/logo_proog.jpg","contentUrl":"https:\/\/progresso.com.br\/wp-content\/uploads\/2026\/03\/logo_proog.jpg","width":1960,"height":1080,"caption":"O PROGRESSO"},"image":{"@id":"https:\/\/progresso.com.br\/#\/schema\/logo\/image\/"},"sameAs":["https:\/\/www.facebook.com\/share\/1CeoksKBj6\/","https:\/\/www.instagram.com\/oprogresso_digital"]},{"@type":"Person","@id":"https:\/\/progresso.com.br\/#\/schema\/person\/5dd27138d4463fbbaace62120bfc002b","name":"Rose","image":{"@type":"ImageObject","inLanguage":"pt-BR","@id":"https:\/\/progresso.com.br\/#\/schema\/person\/image\/","url":"https:\/\/secure.gravatar.com\/avatar\/1b6890e759cdd3a88d9f751cb423720b9861c5239167cd3586355638b6556599?s=96&d=mm&r=g","contentUrl":"https:\/\/secure.gravatar.com\/avatar\/1b6890e759cdd3a88d9f751cb423720b9861c5239167cd3586355638b6556599?s=96&d=mm&r=g","caption":"Rose"},"url":"https:\/\/progresso.com.br\/index.php\/author\/rose\/"}]}},"_links":{"self":[{"href":"https:\/\/progresso.com.br\/index.php\/wp-json\/wp\/v2\/posts\/368","targetHints":{"allow":["GET"]}}],"collection":[{"href":"https:\/\/progresso.com.br\/index.php\/wp-json\/wp\/v2\/posts"}],"about":[{"href":"https:\/\/progresso.com.br\/index.php\/wp-json\/wp\/v2\/types\/post"}],"author":[{"embeddable":true,"href":"https:\/\/progresso.com.br\/index.php\/wp-json\/wp\/v2\/users\/2"}],"replies":[{"embeddable":true,"href":"https:\/\/progresso.com.br\/index.php\/wp-json\/wp\/v2\/comments?post=368"}],"version-history":[{"count":1,"href":"https:\/\/progresso.com.br\/index.php\/wp-json\/wp\/v2\/posts\/368\/revisions"}],"predecessor-version":[{"id":370,"href":"https:\/\/progresso.com.br\/index.php\/wp-json\/wp\/v2\/posts\/368\/revisions\/370"}],"wp:featuredmedia":[{"embeddable":true,"href":"https:\/\/progresso.com.br\/index.php\/wp-json\/wp\/v2\/media\/369"}],"wp:attachment":[{"href":"https:\/\/progresso.com.br\/index.php\/wp-json\/wp\/v2\/media?parent=368"}],"wp:term":[{"taxonomy":"category","embeddable":true,"href":"https:\/\/progresso.com.br\/index.php\/wp-json\/wp\/v2\/categories?post=368"},{"taxonomy":"post_tag","embeddable":true,"href":"https:\/\/progresso.com.br\/index.php\/wp-json\/wp\/v2\/tags?post=368"}],"curies":[{"name":"wp","href":"https:\/\/api.w.org\/{rel}","templated":true}]}}