{"id":374,"date":"2026-03-06T15:38:09","date_gmt":"2026-03-06T18:38:09","guid":{"rendered":"https:\/\/10nl.com.br\/?p=374"},"modified":"2026-03-06T15:38:09","modified_gmt":"2026-03-06T18:38:09","slug":"corinthians-confirma-contratacao-do-meia-atacante-ingles-jesse-lingard","status":"publish","type":"post","link":"https:\/\/progresso.com.br\/index.php\/2026\/03\/06\/corinthians-confirma-contratacao-do-meia-atacante-ingles-jesse-lingard\/","title":{"rendered":"Corinthians confirma contrata\u00e7\u00e3o do meia-atacante ingl\u00eas Jesse Lingard"},"content":{"rendered":"\n<p>Por AFP\/Isto\u00c9<a href=\"https:\/\/www.facebook.com\/sharer\/sharer.php?u=https:\/\/istoe.com.br\/corinthians-confirma-contratacao-do-meia-atacante-ingles-jesse-lingard\" target=\"_blank\" rel=\"noreferrer noopener\"><\/a><a href=\"https:\/\/www.linkedin.com\/shareArticle?mini=true&amp;url=https:\/\/istoe.com.br\/corinthians-confirma-contratacao-do-meia-atacante-ingles-jesse-lingard&amp;title=corinthians-confirma-contratacao-do-meia-atacante-ingles-jesse-lingard\" target=\"_blank\" rel=\"noreferrer noopener\"><\/a><a href=\"https:\/\/api.whatsapp.com\/send?text=corinthians-confirma-contratacao-do-meia-atacante-ingles-jesse-lingard%20https:\/\/istoe.com.br\/corinthians-confirma-contratacao-do-meia-atacante-ingles-jesse-lingard\" target=\"_blank\" rel=\"noreferrer noopener\"><\/a><a href=\"https:\/\/telegram.me\/share\/url?url=https:\/\/istoe.com.br\/corinthians-confirma-contratacao-do-meia-atacante-ingles-jesse-lingard\" target=\"_blank\" rel=\"noreferrer noopener\"><\/a><a href=\"mailto:?subject=Isto%C3%A9%20-%20Corinthians%20confirma%20contrata%C3%A7%C3%A3o%20do%20meia-atacante%20ingl%C3%AAs%20Jesse%20Lingard&amp;body=N%C3%A3o%20perca%20essa%20not%C3%ADcia%2C%20acesse%3A%20https%3A%2F%2Fistoe.com.br%2Fcorinthians-confirma-contratacao-do-meia-atacante-ingles-jesse-lingard\" target=\"_blank\" rel=\"noreferrer noopener\"><\/a><\/p>\n\n\n\n<p>O meia-atacante ingl\u00eas Jesse Lingard, ex-Manchester United, foi anunciado nesta sexta-feira (6) como novo refor\u00e7o do Corinthians, onde reencontrar\u00e1 o holand\u00eas Memphis Depay, seu ex-companheiro de \u2018Red Devils\u2019.<\/p>\n\n\n\n<p>Lingard, de 33 anos, treinou com o Tim\u00e3o na quinta-feira ap\u00f3s assinar um contrato at\u00e9 o final da temporada, com possibilidade de renova\u00e7\u00e3o at\u00e9 2027, dependendo do cumprimento de determinadas metas.<\/p>\n\n\n\n<p>O Corinthians aguardava o visto de Lingard para anunciar oficialmente a contrata\u00e7\u00e3o.<\/p>\n\n\n\n<p>\u201cH\u00e1 tanta paix\u00e3o por parte dos torcedores, o que \u00e9 maravilhoso de se ver. O centro de treinamento aqui \u00e9 incr\u00edvel\u201d, disse o novo refor\u00e7o \u00e0 assessoria de imprensa do time.<\/p>\n\n\n\n<p>O meia-atacante estava sem clube desde janeiro, ap\u00f3s encerrar sua passagem pelo FC Seoul, na Coreia do Sul, onde marcou 10 gols e deu quatro assist\u00eancias no campeonato no ano passado.<\/p>\n\n\n\n<p>Ao lado de Depay, Lingard conquistou a Liga Europa em 2017 com o Manchester United. Eles tamb\u00e9m venceram a Copa da Inglaterra e a Copa da Liga Inglesa pelo United.<\/p>\n\n\n\n<p>Seu desempenho lhe rendeu uma vaga na sele\u00e7\u00e3o inglesa, pela qual disputou 32 partidas e participou da Copa do Mundo de 2018 na R\u00fassia. Mas ele foi caindo de produ\u00e7\u00e3o nos \u00faltimos tempos.<\/p>\n\n\n\n<p>Comandado pelo t\u00e9cnico Dorival J\u00fanior, o Corinthians soma sete pontos em quatro jogos no Brasileir\u00e3o, atr\u00e1s dos l\u00edderes Palmeiras e S\u00e3o Paulo, ambos com 10 pontos.<\/p>\n\n\n\n<p>O Tim\u00e3o, que disputar\u00e1 a fase de grupos da Copa Libertadores, conquistou seu primeiro t\u00edtulo da temporada no m\u00eas passado, ao derrotar o favorito Flamengo por 2 a 0 na Supercopa do Brasil.<\/p>\n\n\n\n<p>O clube vem refor\u00e7ando seu elenco apesar das dificuldades financeiras. Entre as novas contrata\u00e7\u00f5es est\u00e3o o meio-campista marroquino Zakaria Labyad, o ponta Kaio C\u00e9sar, o meia Allan e o zagueiro Gabriel Paulista.<\/p>\n","protected":false},"excerpt":{"rendered":"<p>Por AFP\/Isto\u00c9 O meia-atacante ingl\u00eas Jesse Lingard, ex-Manchester United, foi anunciado nesta sexta-feira (6) como novo refor\u00e7o do Corinthians, onde reencontrar\u00e1 o holand\u00eas Memphis Depay, seu ex-companheiro de \u2018Red Devils\u2019. Lingard, de 33 anos, treinou com o Tim\u00e3o na quinta-feira ap\u00f3s assinar um contrato at\u00e9 o final da temporada, com possibilidade de renova\u00e7\u00e3o at\u00e9 2027, [&hellip;]<\/p>\n","protected":false},"author":2,"featured_media":375,"comment_status":"open","ping_status":"open","sticky":false,"template":"","format":"standard","meta":{"footnotes":""},"categories":[17],"tags":[],"class_list":["post-374","post","type-post","status-publish","format-standard","has-post-thumbnail","hentry","category-esporte"],"yoast_head":"<!-- This site is optimized with the Yoast SEO plugin v27.1.1 - https:\/\/yoast.com\/product\/yoast-seo-wordpress\/ -->\n<title>Corinthians confirma contrata\u00e7\u00e3o do meia-atacante ingl\u00eas Jesse Lingard - O PROGRESSO<\/title>\n<meta name=\"robots\" content=\"index, follow, max-snippet:-1, max-image-preview:large, max-video-preview:-1\" \/>\n<link rel=\"canonical\" href=\"https:\/\/progresso.com.br\/index.php\/2026\/03\/06\/corinthians-confirma-contratacao-do-meia-atacante-ingles-jesse-lingard\/\" \/>\n<meta property=\"og:locale\" content=\"pt_BR\" \/>\n<meta property=\"og:type\" content=\"article\" \/>\n<meta property=\"og:title\" content=\"Corinthians confirma contrata\u00e7\u00e3o do meia-atacante ingl\u00eas Jesse Lingard - O PROGRESSO\" \/>\n<meta property=\"og:description\" content=\"Por AFP\/Isto\u00c9 O meia-atacante ingl\u00eas Jesse Lingard, ex-Manchester United, foi anunciado nesta sexta-feira (6) como novo refor\u00e7o do Corinthians, onde reencontrar\u00e1 o holand\u00eas Memphis Depay, seu ex-companheiro de \u2018Red Devils\u2019. Lingard, de 33 anos, treinou com o Tim\u00e3o na quinta-feira ap\u00f3s assinar um contrato at\u00e9 o final da temporada, com possibilidade de renova\u00e7\u00e3o at\u00e9 2027, [&hellip;]\" \/>\n<meta property=\"og:url\" content=\"https:\/\/progresso.com.br\/index.php\/2026\/03\/06\/corinthians-confirma-contratacao-do-meia-atacante-ingles-jesse-lingard\/\" \/>\n<meta property=\"og:site_name\" content=\"O PROGRESSO\" \/>\n<meta property=\"article:publisher\" content=\"https:\/\/www.facebook.com\/share\/1CeoksKBj6\/\" \/>\n<meta property=\"article:published_time\" content=\"2026-03-06T18:38:09+00:00\" \/>\n<meta property=\"og:image\" content=\"https:\/\/progresso.com.br\/wp-content\/uploads\/2026\/03\/meia-ingles-foi-oficializado-como-setimo-reforco-5z941w.jpg\" \/>\n\t<meta property=\"og:image:width\" content=\"941\" \/>\n\t<meta property=\"og:image:height\" content=\"627\" \/>\n\t<meta property=\"og:image:type\" content=\"image\/jpeg\" \/>\n<meta name=\"author\" content=\"Rose\" \/>\n<meta name=\"twitter:card\" content=\"summary_large_image\" \/>\n<meta name=\"twitter:label1\" content=\"Escrito por\" \/>\n\t<meta name=\"twitter:data1\" content=\"Rose\" \/>\n\t<meta name=\"twitter:label2\" content=\"Est. tempo de leitura\" \/>\n\t<meta name=\"twitter:data2\" content=\"2 minutos\" \/>\n<script type=\"application\/ld+json\" class=\"yoast-schema-graph\">{\"@context\":\"https:\/\/schema.org\",\"@graph\":[{\"@type\":\"Article\",\"@id\":\"https:\/\/progresso.com.br\/index.php\/2026\/03\/06\/corinthians-confirma-contratacao-do-meia-atacante-ingles-jesse-lingard\/#article\",\"isPartOf\":{\"@id\":\"https:\/\/progresso.com.br\/index.php\/2026\/03\/06\/corinthians-confirma-contratacao-do-meia-atacante-ingles-jesse-lingard\/\"},\"author\":{\"name\":\"Rose\",\"@id\":\"https:\/\/progresso.com.br\/#\/schema\/person\/5dd27138d4463fbbaace62120bfc002b\"},\"headline\":\"Corinthians confirma contrata\u00e7\u00e3o do meia-atacante ingl\u00eas Jesse Lingard\",\"datePublished\":\"2026-03-06T18:38:09+00:00\",\"mainEntityOfPage\":{\"@id\":\"https:\/\/progresso.com.br\/index.php\/2026\/03\/06\/corinthians-confirma-contratacao-do-meia-atacante-ingles-jesse-lingard\/\"},\"wordCount\":316,\"commentCount\":0,\"publisher\":{\"@id\":\"https:\/\/progresso.com.br\/#organization\"},\"image\":{\"@id\":\"https:\/\/progresso.com.br\/index.php\/2026\/03\/06\/corinthians-confirma-contratacao-do-meia-atacante-ingles-jesse-lingard\/#primaryimage\"},\"thumbnailUrl\":\"https:\/\/progresso.com.br\/wp-content\/uploads\/2026\/03\/meia-ingles-foi-oficializado-como-setimo-reforco-5z941w.jpg\",\"articleSection\":[\"Esporte\"],\"inLanguage\":\"pt-BR\",\"potentialAction\":[{\"@type\":\"CommentAction\",\"name\":\"Comment\",\"target\":[\"https:\/\/progresso.com.br\/index.php\/2026\/03\/06\/corinthians-confirma-contratacao-do-meia-atacante-ingles-jesse-lingard\/#respond\"]}]},{\"@type\":\"WebPage\",\"@id\":\"https:\/\/progresso.com.br\/index.php\/2026\/03\/06\/corinthians-confirma-contratacao-do-meia-atacante-ingles-jesse-lingard\/\",\"url\":\"https:\/\/progresso.com.br\/index.php\/2026\/03\/06\/corinthians-confirma-contratacao-do-meia-atacante-ingles-jesse-lingard\/\",\"name\":\"Corinthians confirma contrata\u00e7\u00e3o do meia-atacante ingl\u00eas Jesse Lingard - O PROGRESSO\",\"isPartOf\":{\"@id\":\"https:\/\/progresso.com.br\/#website\"},\"primaryImageOfPage\":{\"@id\":\"https:\/\/progresso.com.br\/index.php\/2026\/03\/06\/corinthians-confirma-contratacao-do-meia-atacante-ingles-jesse-lingard\/#primaryimage\"},\"image\":{\"@id\":\"https:\/\/progresso.com.br\/index.php\/2026\/03\/06\/corinthians-confirma-contratacao-do-meia-atacante-ingles-jesse-lingard\/#primaryimage\"},\"thumbnailUrl\":\"https:\/\/progresso.com.br\/wp-content\/uploads\/2026\/03\/meia-ingles-foi-oficializado-como-setimo-reforco-5z941w.jpg\",\"datePublished\":\"2026-03-06T18:38:09+00:00\",\"breadcrumb\":{\"@id\":\"https:\/\/progresso.com.br\/index.php\/2026\/03\/06\/corinthians-confirma-contratacao-do-meia-atacante-ingles-jesse-lingard\/#breadcrumb\"},\"inLanguage\":\"pt-BR\",\"potentialAction\":[{\"@type\":\"ReadAction\",\"target\":[\"https:\/\/progresso.com.br\/index.php\/2026\/03\/06\/corinthians-confirma-contratacao-do-meia-atacante-ingles-jesse-lingard\/\"]}]},{\"@type\":\"ImageObject\",\"inLanguage\":\"pt-BR\",\"@id\":\"https:\/\/progresso.com.br\/index.php\/2026\/03\/06\/corinthians-confirma-contratacao-do-meia-atacante-ingles-jesse-lingard\/#primaryimage\",\"url\":\"https:\/\/progresso.com.br\/wp-content\/uploads\/2026\/03\/meia-ingles-foi-oficializado-como-setimo-reforco-5z941w.jpg\",\"contentUrl\":\"https:\/\/progresso.com.br\/wp-content\/uploads\/2026\/03\/meia-ingles-foi-oficializado-como-setimo-reforco-5z941w.jpg\",\"width\":941,\"height\":627,\"caption\":\"Meia ingl\u00eas foi oficializado como s\u00e9timo refor\u00e7o do Tim\u00e3o para a temporada de 2026. Rodrigo Coca \/ Ag\u00eancia Corinthians\"},{\"@type\":\"BreadcrumbList\",\"@id\":\"https:\/\/progresso.com.br\/index.php\/2026\/03\/06\/corinthians-confirma-contratacao-do-meia-atacante-ingles-jesse-lingard\/#breadcrumb\",\"itemListElement\":[{\"@type\":\"ListItem\",\"position\":1,\"name\":\"In\u00edcio\",\"item\":\"https:\/\/progresso.com.br\/\"},{\"@type\":\"ListItem\",\"position\":2,\"name\":\"Corinthians confirma contrata\u00e7\u00e3o do meia-atacante ingl\u00eas Jesse Lingard\"}]},{\"@type\":\"WebSite\",\"@id\":\"https:\/\/progresso.com.br\/#website\",\"url\":\"https:\/\/progresso.com.br\/\",\"name\":\"O PROGRESSO\",\"description\":\"\",\"publisher\":{\"@id\":\"https:\/\/progresso.com.br\/#organization\"},\"potentialAction\":[{\"@type\":\"SearchAction\",\"target\":{\"@type\":\"EntryPoint\",\"urlTemplate\":\"https:\/\/progresso.com.br\/?s={search_term_string}\"},\"query-input\":{\"@type\":\"PropertyValueSpecification\",\"valueRequired\":true,\"valueName\":\"search_term_string\"}}],\"inLanguage\":\"pt-BR\"},{\"@type\":\"Organization\",\"@id\":\"https:\/\/progresso.com.br\/#organization\",\"name\":\"O PROGRESSO\",\"url\":\"https:\/\/progresso.com.br\/\",\"logo\":{\"@type\":\"ImageObject\",\"inLanguage\":\"pt-BR\",\"@id\":\"https:\/\/progresso.com.br\/#\/schema\/logo\/image\/\",\"url\":\"https:\/\/progresso.com.br\/wp-content\/uploads\/2026\/03\/logo_proog.jpg\",\"contentUrl\":\"https:\/\/progresso.com.br\/wp-content\/uploads\/2026\/03\/logo_proog.jpg\",\"width\":1960,\"height\":1080,\"caption\":\"O PROGRESSO\"},\"image\":{\"@id\":\"https:\/\/progresso.com.br\/#\/schema\/logo\/image\/\"},\"sameAs\":[\"https:\/\/www.facebook.com\/share\/1CeoksKBj6\/\",\"https:\/\/www.instagram.com\/oprogresso_digital\"]},{\"@type\":\"Person\",\"@id\":\"https:\/\/progresso.com.br\/#\/schema\/person\/5dd27138d4463fbbaace62120bfc002b\",\"name\":\"Rose\",\"image\":{\"@type\":\"ImageObject\",\"inLanguage\":\"pt-BR\",\"@id\":\"https:\/\/progresso.com.br\/#\/schema\/person\/image\/\",\"url\":\"https:\/\/secure.gravatar.com\/avatar\/1b6890e759cdd3a88d9f751cb423720b9861c5239167cd3586355638b6556599?s=96&d=mm&r=g\",\"contentUrl\":\"https:\/\/secure.gravatar.com\/avatar\/1b6890e759cdd3a88d9f751cb423720b9861c5239167cd3586355638b6556599?s=96&d=mm&r=g\",\"caption\":\"Rose\"},\"url\":\"https:\/\/progresso.com.br\/index.php\/author\/rose\/\"}]}<\/script>\n<!-- \/ Yoast SEO plugin. -->","yoast_head_json":{"title":"Corinthians confirma contrata\u00e7\u00e3o do meia-atacante ingl\u00eas Jesse Lingard - O PROGRESSO","robots":{"index":"index","follow":"follow","max-snippet":"max-snippet:-1","max-image-preview":"max-image-preview:large","max-video-preview":"max-video-preview:-1"},"canonical":"https:\/\/progresso.com.br\/index.php\/2026\/03\/06\/corinthians-confirma-contratacao-do-meia-atacante-ingles-jesse-lingard\/","og_locale":"pt_BR","og_type":"article","og_title":"Corinthians confirma contrata\u00e7\u00e3o do meia-atacante ingl\u00eas Jesse Lingard - O PROGRESSO","og_description":"Por AFP\/Isto\u00c9 O meia-atacante ingl\u00eas Jesse Lingard, ex-Manchester United, foi anunciado nesta sexta-feira (6) como novo refor\u00e7o do Corinthians, onde reencontrar\u00e1 o holand\u00eas Memphis Depay, seu ex-companheiro de \u2018Red Devils\u2019. Lingard, de 33 anos, treinou com o Tim\u00e3o na quinta-feira ap\u00f3s assinar um contrato at\u00e9 o final da temporada, com possibilidade de renova\u00e7\u00e3o at\u00e9 2027, [&hellip;]","og_url":"https:\/\/progresso.com.br\/index.php\/2026\/03\/06\/corinthians-confirma-contratacao-do-meia-atacante-ingles-jesse-lingard\/","og_site_name":"O PROGRESSO","article_publisher":"https:\/\/www.facebook.com\/share\/1CeoksKBj6\/","article_published_time":"2026-03-06T18:38:09+00:00","og_image":[{"width":941,"height":627,"url":"https:\/\/progresso.com.br\/wp-content\/uploads\/2026\/03\/meia-ingles-foi-oficializado-como-setimo-reforco-5z941w.jpg","type":"image\/jpeg"}],"author":"Rose","twitter_card":"summary_large_image","twitter_misc":{"Escrito por":"Rose","Est. tempo de leitura":"2 minutos"},"schema":{"@context":"https:\/\/schema.org","@graph":[{"@type":"Article","@id":"https:\/\/progresso.com.br\/index.php\/2026\/03\/06\/corinthians-confirma-contratacao-do-meia-atacante-ingles-jesse-lingard\/#article","isPartOf":{"@id":"https:\/\/progresso.com.br\/index.php\/2026\/03\/06\/corinthians-confirma-contratacao-do-meia-atacante-ingles-jesse-lingard\/"},"author":{"name":"Rose","@id":"https:\/\/progresso.com.br\/#\/schema\/person\/5dd27138d4463fbbaace62120bfc002b"},"headline":"Corinthians confirma contrata\u00e7\u00e3o do meia-atacante ingl\u00eas Jesse Lingard","datePublished":"2026-03-06T18:38:09+00:00","mainEntityOfPage":{"@id":"https:\/\/progresso.com.br\/index.php\/2026\/03\/06\/corinthians-confirma-contratacao-do-meia-atacante-ingles-jesse-lingard\/"},"wordCount":316,"commentCount":0,"publisher":{"@id":"https:\/\/progresso.com.br\/#organization"},"image":{"@id":"https:\/\/progresso.com.br\/index.php\/2026\/03\/06\/corinthians-confirma-contratacao-do-meia-atacante-ingles-jesse-lingard\/#primaryimage"},"thumbnailUrl":"https:\/\/progresso.com.br\/wp-content\/uploads\/2026\/03\/meia-ingles-foi-oficializado-como-setimo-reforco-5z941w.jpg","articleSection":["Esporte"],"inLanguage":"pt-BR","potentialAction":[{"@type":"CommentAction","name":"Comment","target":["https:\/\/progresso.com.br\/index.php\/2026\/03\/06\/corinthians-confirma-contratacao-do-meia-atacante-ingles-jesse-lingard\/#respond"]}]},{"@type":"WebPage","@id":"https:\/\/progresso.com.br\/index.php\/2026\/03\/06\/corinthians-confirma-contratacao-do-meia-atacante-ingles-jesse-lingard\/","url":"https:\/\/progresso.com.br\/index.php\/2026\/03\/06\/corinthians-confirma-contratacao-do-meia-atacante-ingles-jesse-lingard\/","name":"Corinthians confirma contrata\u00e7\u00e3o do meia-atacante ingl\u00eas Jesse Lingard - O PROGRESSO","isPartOf":{"@id":"https:\/\/progresso.com.br\/#website"},"primaryImageOfPage":{"@id":"https:\/\/progresso.com.br\/index.php\/2026\/03\/06\/corinthians-confirma-contratacao-do-meia-atacante-ingles-jesse-lingard\/#primaryimage"},"image":{"@id":"https:\/\/progresso.com.br\/index.php\/2026\/03\/06\/corinthians-confirma-contratacao-do-meia-atacante-ingles-jesse-lingard\/#primaryimage"},"thumbnailUrl":"https:\/\/progresso.com.br\/wp-content\/uploads\/2026\/03\/meia-ingles-foi-oficializado-como-setimo-reforco-5z941w.jpg","datePublished":"2026-03-06T18:38:09+00:00","breadcrumb":{"@id":"https:\/\/progresso.com.br\/index.php\/2026\/03\/06\/corinthians-confirma-contratacao-do-meia-atacante-ingles-jesse-lingard\/#breadcrumb"},"inLanguage":"pt-BR","potentialAction":[{"@type":"ReadAction","target":["https:\/\/progresso.com.br\/index.php\/2026\/03\/06\/corinthians-confirma-contratacao-do-meia-atacante-ingles-jesse-lingard\/"]}]},{"@type":"ImageObject","inLanguage":"pt-BR","@id":"https:\/\/progresso.com.br\/index.php\/2026\/03\/06\/corinthians-confirma-contratacao-do-meia-atacante-ingles-jesse-lingard\/#primaryimage","url":"https:\/\/progresso.com.br\/wp-content\/uploads\/2026\/03\/meia-ingles-foi-oficializado-como-setimo-reforco-5z941w.jpg","contentUrl":"https:\/\/progresso.com.br\/wp-content\/uploads\/2026\/03\/meia-ingles-foi-oficializado-como-setimo-reforco-5z941w.jpg","width":941,"height":627,"caption":"Meia ingl\u00eas foi oficializado como s\u00e9timo refor\u00e7o do Tim\u00e3o para a temporada de 2026. Rodrigo Coca \/ Ag\u00eancia Corinthians"},{"@type":"BreadcrumbList","@id":"https:\/\/progresso.com.br\/index.php\/2026\/03\/06\/corinthians-confirma-contratacao-do-meia-atacante-ingles-jesse-lingard\/#breadcrumb","itemListElement":[{"@type":"ListItem","position":1,"name":"In\u00edcio","item":"https:\/\/progresso.com.br\/"},{"@type":"ListItem","position":2,"name":"Corinthians confirma contrata\u00e7\u00e3o do meia-atacante ingl\u00eas Jesse Lingard"}]},{"@type":"WebSite","@id":"https:\/\/progresso.com.br\/#website","url":"https:\/\/progresso.com.br\/","name":"O PROGRESSO","description":"","publisher":{"@id":"https:\/\/progresso.com.br\/#organization"},"potentialAction":[{"@type":"SearchAction","target":{"@type":"EntryPoint","urlTemplate":"https:\/\/progresso.com.br\/?s={search_term_string}"},"query-input":{"@type":"PropertyValueSpecification","valueRequired":true,"valueName":"search_term_string"}}],"inLanguage":"pt-BR"},{"@type":"Organization","@id":"https:\/\/progresso.com.br\/#organization","name":"O PROGRESSO","url":"https:\/\/progresso.com.br\/","logo":{"@type":"ImageObject","inLanguage":"pt-BR","@id":"https:\/\/progresso.com.br\/#\/schema\/logo\/image\/","url":"https:\/\/progresso.com.br\/wp-content\/uploads\/2026\/03\/logo_proog.jpg","contentUrl":"https:\/\/progresso.com.br\/wp-content\/uploads\/2026\/03\/logo_proog.jpg","width":1960,"height":1080,"caption":"O PROGRESSO"},"image":{"@id":"https:\/\/progresso.com.br\/#\/schema\/logo\/image\/"},"sameAs":["https:\/\/www.facebook.com\/share\/1CeoksKBj6\/","https:\/\/www.instagram.com\/oprogresso_digital"]},{"@type":"Person","@id":"https:\/\/progresso.com.br\/#\/schema\/person\/5dd27138d4463fbbaace62120bfc002b","name":"Rose","image":{"@type":"ImageObject","inLanguage":"pt-BR","@id":"https:\/\/progresso.com.br\/#\/schema\/person\/image\/","url":"https:\/\/secure.gravatar.com\/avatar\/1b6890e759cdd3a88d9f751cb423720b9861c5239167cd3586355638b6556599?s=96&d=mm&r=g","contentUrl":"https:\/\/secure.gravatar.com\/avatar\/1b6890e759cdd3a88d9f751cb423720b9861c5239167cd3586355638b6556599?s=96&d=mm&r=g","caption":"Rose"},"url":"https:\/\/progresso.com.br\/index.php\/author\/rose\/"}]}},"_links":{"self":[{"href":"https:\/\/progresso.com.br\/index.php\/wp-json\/wp\/v2\/posts\/374","targetHints":{"allow":["GET"]}}],"collection":[{"href":"https:\/\/progresso.com.br\/index.php\/wp-json\/wp\/v2\/posts"}],"about":[{"href":"https:\/\/progresso.com.br\/index.php\/wp-json\/wp\/v2\/types\/post"}],"author":[{"embeddable":true,"href":"https:\/\/progresso.com.br\/index.php\/wp-json\/wp\/v2\/users\/2"}],"replies":[{"embeddable":true,"href":"https:\/\/progresso.com.br\/index.php\/wp-json\/wp\/v2\/comments?post=374"}],"version-history":[{"count":1,"href":"https:\/\/progresso.com.br\/index.php\/wp-json\/wp\/v2\/posts\/374\/revisions"}],"predecessor-version":[{"id":376,"href":"https:\/\/progresso.com.br\/index.php\/wp-json\/wp\/v2\/posts\/374\/revisions\/376"}],"wp:featuredmedia":[{"embeddable":true,"href":"https:\/\/progresso.com.br\/index.php\/wp-json\/wp\/v2\/media\/375"}],"wp:attachment":[{"href":"https:\/\/progresso.com.br\/index.php\/wp-json\/wp\/v2\/media?parent=374"}],"wp:term":[{"taxonomy":"category","embeddable":true,"href":"https:\/\/progresso.com.br\/index.php\/wp-json\/wp\/v2\/categories?post=374"},{"taxonomy":"post_tag","embeddable":true,"href":"https:\/\/progresso.com.br\/index.php\/wp-json\/wp\/v2\/tags?post=374"}],"curies":[{"name":"wp","href":"https:\/\/api.w.org\/{rel}","templated":true}]}}