{"id":380,"date":"2026-03-06T15:46:17","date_gmt":"2026-03-06T18:46:17","guid":{"rendered":"https:\/\/10nl.com.br\/?p=380"},"modified":"2026-03-06T15:46:18","modified_gmt":"2026-03-06T18:46:18","slug":"brasil-se-prepara-para-os-jogos-paralimpicos-de-inverno-milao-cortina-2026","status":"publish","type":"post","link":"https:\/\/progresso.com.br\/index.php\/2026\/03\/06\/brasil-se-prepara-para-os-jogos-paralimpicos-de-inverno-milao-cortina-2026\/","title":{"rendered":"Brasil se prepara para os Jogos Paral\u00edmpicos de Inverno Mil\u00e3o-Cortina 2026"},"content":{"rendered":"\n<p>Com ouro in\u00e9dito, presen\u00e7a constante no Top 20 e jovens talentos em ascens\u00e3o, Brasil consolida protagonismo e inicia prepara\u00e7\u00e3o para as Olimp\u00edadas de Inverno dos Alpes Franceses em 2030.<a href=\"https:\/\/facebook.com\/sharer.php?text=%C3%89%20not%C3%ADcia%20na%20AG%C3%8ANCIA%20GOV&amp;u=https:\/\/agenciagov.ebc.com.br\/noticias\/202602\/apos-campanha-dourada-nos-jogos-olimpicos-de-inverno-brasil-se-prepara-para-os-jogos-paralimpicos-de-inverno-milao-cortina-2026\" target=\"_blank\" rel=\"noreferrer noopener\">&nbsp;<\/a><a href=\"https:\/\/twitter.com\/intent\/tweet?text=%C3%89%20not%C3%ADcia%20na%20AG%C3%8ANCIA%20GOV:%20https:\/\/agenciagov.ebc.com.br\/noticias\/202602\/apos-campanha-dourada-nos-jogos-olimpicos-de-inverno-brasil-se-prepara-para-os-jogos-paralimpicos-de-inverno-milao-cortina-2026\" target=\"_blank\" rel=\"noreferrer noopener\">&nbsp;<\/a><a href=\"https:\/\/t.me\/share\/url?url=https:\/\/agenciagov.ebc.com.br\/noticias\/202602\/apos-campanha-dourada-nos-jogos-olimpicos-de-inverno-brasil-se-prepara-para-os-jogos-paralimpicos-de-inverno-milao-cortina-2026&amp;text=%C3%89%20not%C3%ADcia%20na%20AG%C3%8ANCIA%20GOV:%20Brasil%20se%20prepara%20para%20os%20Jogos%20Paral%C3%ADmpicos%20de%20Inverno%20Mil%C3%A3o-Cortina%202026\">&nbsp;<\/a><a href=\"https:\/\/api.whatsapp.com\/send?text=%C3%89%20not%C3%ADcia%20na%20AG%C3%8ANCIA%20GOV%0a%0aAcesse%20o%20link:%20https:\/\/agenciagov.ebc.com.br\/noticias\/202602\/apos-campanha-dourada-nos-jogos-olimpicos-de-inverno-brasil-se-prepara-para-os-jogos-paralimpicos-de-inverno-milao-cortina-2026\">&nbsp;<\/a><a href=\"https:\/\/www.linkedin.com\/shareArticle?mini=true&amp;url=https:\/\/agenciagov.ebc.com.br\/noticias\/202602\/apos-campanha-dourada-nos-jogos-olimpicos-de-inverno-brasil-se-prepara-para-os-jogos-paralimpicos-de-inverno-milao-cortina-2026&amp;title=Brasil%20se%20prepara%20para%20os%20Jogos%20Paral%C3%ADmpicos%20de%20Inverno%20Mil%C3%A3o-Cortina%202026&amp;summary=Com%20ouro%20in%C3%A9dito,%20presen%C3%A7a%20constante%20no%20Top%2020%20e%20jovens%20talentos%20em%20ascens%C3%A3o,%20Brasil%20consolida%20protagonismo%20e%20inicia%20prepara%C3%A7%C3%A3o%20para%20as%20Olimp%C3%ADadas%20de%20Inverno%20dos%20Alpes%20Franceses%20em%202030.&amp;source=Ag%C3%AAncia%20Gov\" target=\"_blank\" rel=\"noreferrer noopener\"><\/a><\/p>\n\n\n\n<p>Ag\u00eancia Gov | Via Secom\/PR<\/p>\n\n\n\n<p>A participa\u00e7\u00e3o do Brasil nos Jogos Ol\u00edmpicos de Inverno Mil\u00e3o-Cortina 2026 entrou para a hist\u00f3ria. Esta edi\u00e7\u00e3o, encerrada no domingo, 22 de fevereiro, foi marcada pela conquista da primeira medalha do pa\u00eds no megaevento, com o ouro de Lucas Pinheiro Braathen no slalom gigante do esqui alpino. O feito fez de Lucas n\u00e3o apenas o primeiro brasileiro medalhista de ouro, mas o primeiro atleta de um pa\u00eds sul-americano a alcan\u00e7ar o lugar mais alto do p\u00f3dio em Jogos de Inverno.<\/p>\n\n\n\n<p>Al\u00e9m da medalha in\u00e9dita, o Brasil registrou presen\u00e7a constante entre os 20 melhores do mundo em diferentes modalidades e consolidou o protagonismo no cen\u00e1rio internacional. O desempenho do pa\u00eds refor\u00e7a a evolu\u00e7\u00e3o estruturada das modalidades de inverno e amplia as perspectivas para o pr\u00f3ximo ciclo ol\u00edmpico.<\/p>\n\n\n\n<p>Segundo Marco La Porta, presidente do Comit\u00ea Ol\u00edmpico do Brasil (COB), o engajamento do p\u00fablico brasileiro foi um dos destaques da edi\u00e7\u00e3o. Mesmo durante o carnaval, as competi\u00e7\u00f5es tiveram audi\u00eancia significativa em territ\u00f3rio nacional. \u201cO Brasil entrou como protagonista nos Jogos Ol\u00edmpicos de Inverno. Quanto mais pessoas conhecerem os esportes ol\u00edmpicos de inverno, mais atletas surgir\u00e3o\u201d, afirmou.<\/p>\n\n\n\n<p>A campanha em Mil\u00e3o-Cortina evidenciou a for\u00e7a de uma nova gera\u00e7\u00e3o que j\u00e1 apresenta resultados expressivos no circuito internacional.<\/p>\n\n\n\n<h4 class=\"wp-block-heading\"><strong>Entre os destaques est\u00e3o:<\/strong><\/h4>\n\n\n\n<p>\u2022 Gaia Brunello (biatlo), que atingiu crit\u00e9rios de elegibilidade ol\u00edmpica e ficou pr\u00f3xima da vaga;<\/p>\n\n\n\n<p>\u2022 Gustavo Ferreira (bobsled), que assume a pilotagem do tren\u00f3 brasileiro rumo a 2030;<\/p>\n\n\n\n<p>\u2022 Zion Bethonico (snowboard cross), medalhista de bronze nos Jogos da Juventude Gangwon 2024;<\/p>\n\n\n\n<p>\u2022 Lucas Koo (patina\u00e7\u00e3o de velocidade), que ficou na lista de realoca\u00e7\u00e3o mesmo ainda na idade j\u00fanior;<\/p>\n\n\n\n<p>\u2022 Priscila Cid (snowboard halfpipe), destaque na estreia adulta;<\/p>\n\n\n\n<p>\u2022 Eduardo Strapasson (skeleton), top 10 na juventude e quinto na lista de realoca\u00e7\u00e3o ol\u00edmpica;<\/p>\n\n\n\n<p>\u2022 Nat\u00e1lia Pallu Neves (patina\u00e7\u00e3o art\u00edstica), que retorna de les\u00e3o mirando classifica\u00e7\u00e3o ol\u00edmpica;<\/p>\n\n\n\n<p>\u2022 Julia de Vos (patina\u00e7\u00e3o de velocidade), atleta com forma\u00e7\u00e3o nos Pa\u00edses Baixos e que optou por representar o Brasil.<\/p>\n\n\n\n<p><strong>JOGOS PARAL\u00cdMPICOS DE INVERNO&nbsp;<\/strong>\u2013 Encerrados os Jogos Ol\u00edmpicos de Inverno Mil\u00e3o-Cortina 2026, o Brasil se prepara para mais um desafio na neve: os Jogos Paral\u00edmpicos de Inverno Mil\u00e3o-Cortina 2026, que ser\u00e3o disputados entre 6 e 15 de mar\u00e7o.<\/p>\n\n\n\n<p>Nesta competi\u00e7\u00e3o o Brasil tamb\u00e9m alcan\u00e7a um marco hist\u00f3rico: a delega\u00e7\u00e3o contar\u00e1 com oito atletas, n\u00famero recorde de representantes do pa\u00eds na competi\u00e7\u00e3o, que ser\u00e1 realizada entre 6 e 15 de mar\u00e7o. Todos os convocados s\u00e3o benefici\u00e1rios do Programa Bolsa Atleta desde 2022. Seis competir\u00e3o no esqui cross-country e dois no snowboard.<\/p>\n\n\n\n<p>Entre eles est\u00e1 a paulistana Elena Sena, atleta do esqui cross-country do Comit\u00ea Paral\u00edmpico Brasileiro por meio da Escola Paral\u00edmpica de Esportes. O projeto atende crian\u00e7as e jovens com defici\u00eancia f\u00edsica, visual e intelectual e promove a inicia\u00e7\u00e3o em 15 modalidades.<\/p>\n\n\n\n<p>Elena nasceu com m\u00e1-forma\u00e7\u00e3o na perna direita e iniciou no esporte adaptado aos 15 anos. Em 2023, conquistou ouro na etapa da Copa do Mundo em G\u00e5l\u00e5, na Noruega, e neste ano subiu ao p\u00f3dio na Copa Continental da Argentina em quatro provas. Agora, ela chega a Mil\u00e3o-Cortina mirando o topo do p\u00f3dio paral\u00edmpico.<\/p>\n\n\n\n<p>A delega\u00e7\u00e3o brasileira ainda conta com Guilherme Cruz Rocha, Wellington da Silva, Cristian Ribera, Aline Rocha e Robelson Lula (esqui cross-country), al\u00e9m de Andr\u00e9 Barbieri e Vit\u00f3ria Machado (snowboard).<\/p>\n","protected":false},"excerpt":{"rendered":"<p>Com ouro in\u00e9dito, presen\u00e7a constante no Top 20 e jovens talentos em ascens\u00e3o, Brasil consolida protagonismo e inicia prepara\u00e7\u00e3o para as Olimp\u00edadas de Inverno dos Alpes Franceses em 2030.&nbsp;&nbsp;&nbsp;&nbsp; Ag\u00eancia Gov | Via Secom\/PR A participa\u00e7\u00e3o do Brasil nos Jogos Ol\u00edmpicos de Inverno Mil\u00e3o-Cortina 2026 entrou para a hist\u00f3ria. Esta edi\u00e7\u00e3o, encerrada no domingo, 22 [&hellip;]<\/p>\n","protected":false},"author":2,"featured_media":381,"comment_status":"open","ping_status":"open","sticky":false,"template":"","format":"standard","meta":{"footnotes":""},"categories":[17],"tags":[],"class_list":["post-380","post","type-post","status-publish","format-standard","has-post-thumbnail","hentry","category-esporte"],"yoast_head":"<!-- This site is optimized with the Yoast SEO plugin v27.1.1 - https:\/\/yoast.com\/product\/yoast-seo-wordpress\/ -->\n<title>Brasil se prepara para os Jogos Paral\u00edmpicos de Inverno Mil\u00e3o-Cortina 2026 - O PROGRESSO<\/title>\n<meta name=\"robots\" content=\"index, follow, max-snippet:-1, max-image-preview:large, max-video-preview:-1\" \/>\n<link rel=\"canonical\" href=\"https:\/\/progresso.com.br\/index.php\/2026\/03\/06\/brasil-se-prepara-para-os-jogos-paralimpicos-de-inverno-milao-cortina-2026\/\" \/>\n<meta property=\"og:locale\" content=\"pt_BR\" \/>\n<meta property=\"og:type\" content=\"article\" \/>\n<meta property=\"og:title\" content=\"Brasil se prepara para os Jogos Paral\u00edmpicos de Inverno Mil\u00e3o-Cortina 2026 - O PROGRESSO\" \/>\n<meta property=\"og:description\" content=\"Com ouro in\u00e9dito, presen\u00e7a constante no Top 20 e jovens talentos em ascens\u00e3o, Brasil consolida protagonismo e inicia prepara\u00e7\u00e3o para as Olimp\u00edadas de Inverno dos Alpes Franceses em 2030.&nbsp;&nbsp;&nbsp;&nbsp; Ag\u00eancia Gov | Via Secom\/PR A participa\u00e7\u00e3o do Brasil nos Jogos Ol\u00edmpicos de Inverno Mil\u00e3o-Cortina 2026 entrou para a hist\u00f3ria. Esta edi\u00e7\u00e3o, encerrada no domingo, 22 [&hellip;]\" \/>\n<meta property=\"og:url\" content=\"https:\/\/progresso.com.br\/index.php\/2026\/03\/06\/brasil-se-prepara-para-os-jogos-paralimpicos-de-inverno-milao-cortina-2026\/\" \/>\n<meta property=\"og:site_name\" content=\"O PROGRESSO\" \/>\n<meta property=\"article:publisher\" content=\"https:\/\/www.facebook.com\/share\/1CeoksKBj6\/\" \/>\n<meta property=\"article:published_time\" content=\"2026-03-06T18:46:17+00:00\" \/>\n<meta property=\"article:modified_time\" content=\"2026-03-06T18:46:18+00:00\" \/>\n<meta property=\"og:image\" content=\"https:\/\/progresso.com.br\/wp-content\/uploads\/2026\/03\/30db1784-3636-4f1d-b144-0b41b5e20bec.jpeg\" \/>\n\t<meta property=\"og:image:width\" content=\"768\" \/>\n\t<meta property=\"og:image:height\" content=\"512\" \/>\n\t<meta property=\"og:image:type\" content=\"image\/jpeg\" \/>\n<meta name=\"author\" content=\"Rose\" \/>\n<meta name=\"twitter:card\" content=\"summary_large_image\" \/>\n<meta name=\"twitter:label1\" content=\"Escrito por\" \/>\n\t<meta name=\"twitter:data1\" content=\"Rose\" \/>\n\t<meta name=\"twitter:label2\" content=\"Est. tempo de leitura\" \/>\n\t<meta name=\"twitter:data2\" content=\"3 minutos\" \/>\n<script type=\"application\/ld+json\" class=\"yoast-schema-graph\">{\"@context\":\"https:\/\/schema.org\",\"@graph\":[{\"@type\":\"Article\",\"@id\":\"https:\/\/progresso.com.br\/index.php\/2026\/03\/06\/brasil-se-prepara-para-os-jogos-paralimpicos-de-inverno-milao-cortina-2026\/#article\",\"isPartOf\":{\"@id\":\"https:\/\/progresso.com.br\/index.php\/2026\/03\/06\/brasil-se-prepara-para-os-jogos-paralimpicos-de-inverno-milao-cortina-2026\/\"},\"author\":{\"name\":\"Rose\",\"@id\":\"https:\/\/progresso.com.br\/#\/schema\/person\/5dd27138d4463fbbaace62120bfc002b\"},\"headline\":\"Brasil se prepara para os Jogos Paral\u00edmpicos de Inverno Mil\u00e3o-Cortina 2026\",\"datePublished\":\"2026-03-06T18:46:17+00:00\",\"dateModified\":\"2026-03-06T18:46:18+00:00\",\"mainEntityOfPage\":{\"@id\":\"https:\/\/progresso.com.br\/index.php\/2026\/03\/06\/brasil-se-prepara-para-os-jogos-paralimpicos-de-inverno-milao-cortina-2026\/\"},\"wordCount\":652,\"commentCount\":0,\"publisher\":{\"@id\":\"https:\/\/progresso.com.br\/#organization\"},\"image\":{\"@id\":\"https:\/\/progresso.com.br\/index.php\/2026\/03\/06\/brasil-se-prepara-para-os-jogos-paralimpicos-de-inverno-milao-cortina-2026\/#primaryimage\"},\"thumbnailUrl\":\"https:\/\/progresso.com.br\/wp-content\/uploads\/2026\/03\/30db1784-3636-4f1d-b144-0b41b5e20bec.jpeg\",\"articleSection\":[\"Esporte\"],\"inLanguage\":\"pt-BR\",\"potentialAction\":[{\"@type\":\"CommentAction\",\"name\":\"Comment\",\"target\":[\"https:\/\/progresso.com.br\/index.php\/2026\/03\/06\/brasil-se-prepara-para-os-jogos-paralimpicos-de-inverno-milao-cortina-2026\/#respond\"]}]},{\"@type\":\"WebPage\",\"@id\":\"https:\/\/progresso.com.br\/index.php\/2026\/03\/06\/brasil-se-prepara-para-os-jogos-paralimpicos-de-inverno-milao-cortina-2026\/\",\"url\":\"https:\/\/progresso.com.br\/index.php\/2026\/03\/06\/brasil-se-prepara-para-os-jogos-paralimpicos-de-inverno-milao-cortina-2026\/\",\"name\":\"Brasil se prepara para os Jogos Paral\u00edmpicos de Inverno Mil\u00e3o-Cortina 2026 - O PROGRESSO\",\"isPartOf\":{\"@id\":\"https:\/\/progresso.com.br\/#website\"},\"primaryImageOfPage\":{\"@id\":\"https:\/\/progresso.com.br\/index.php\/2026\/03\/06\/brasil-se-prepara-para-os-jogos-paralimpicos-de-inverno-milao-cortina-2026\/#primaryimage\"},\"image\":{\"@id\":\"https:\/\/progresso.com.br\/index.php\/2026\/03\/06\/brasil-se-prepara-para-os-jogos-paralimpicos-de-inverno-milao-cortina-2026\/#primaryimage\"},\"thumbnailUrl\":\"https:\/\/progresso.com.br\/wp-content\/uploads\/2026\/03\/30db1784-3636-4f1d-b144-0b41b5e20bec.jpeg\",\"datePublished\":\"2026-03-06T18:46:17+00:00\",\"dateModified\":\"2026-03-06T18:46:18+00:00\",\"breadcrumb\":{\"@id\":\"https:\/\/progresso.com.br\/index.php\/2026\/03\/06\/brasil-se-prepara-para-os-jogos-paralimpicos-de-inverno-milao-cortina-2026\/#breadcrumb\"},\"inLanguage\":\"pt-BR\",\"potentialAction\":[{\"@type\":\"ReadAction\",\"target\":[\"https:\/\/progresso.com.br\/index.php\/2026\/03\/06\/brasil-se-prepara-para-os-jogos-paralimpicos-de-inverno-milao-cortina-2026\/\"]}]},{\"@type\":\"ImageObject\",\"inLanguage\":\"pt-BR\",\"@id\":\"https:\/\/progresso.com.br\/index.php\/2026\/03\/06\/brasil-se-prepara-para-os-jogos-paralimpicos-de-inverno-milao-cortina-2026\/#primaryimage\",\"url\":\"https:\/\/progresso.com.br\/wp-content\/uploads\/2026\/03\/30db1784-3636-4f1d-b144-0b41b5e20bec.jpeg\",\"contentUrl\":\"https:\/\/progresso.com.br\/wp-content\/uploads\/2026\/03\/30db1784-3636-4f1d-b144-0b41b5e20bec.jpeg\",\"width\":768,\"height\":512,\"caption\":\"Foto: Divulga\u00e7\u00e3o\"},{\"@type\":\"BreadcrumbList\",\"@id\":\"https:\/\/progresso.com.br\/index.php\/2026\/03\/06\/brasil-se-prepara-para-os-jogos-paralimpicos-de-inverno-milao-cortina-2026\/#breadcrumb\",\"itemListElement\":[{\"@type\":\"ListItem\",\"position\":1,\"name\":\"In\u00edcio\",\"item\":\"https:\/\/progresso.com.br\/\"},{\"@type\":\"ListItem\",\"position\":2,\"name\":\"Brasil se prepara para os Jogos Paral\u00edmpicos de Inverno Mil\u00e3o-Cortina 2026\"}]},{\"@type\":\"WebSite\",\"@id\":\"https:\/\/progresso.com.br\/#website\",\"url\":\"https:\/\/progresso.com.br\/\",\"name\":\"O PROGRESSO\",\"description\":\"\",\"publisher\":{\"@id\":\"https:\/\/progresso.com.br\/#organization\"},\"potentialAction\":[{\"@type\":\"SearchAction\",\"target\":{\"@type\":\"EntryPoint\",\"urlTemplate\":\"https:\/\/progresso.com.br\/?s={search_term_string}\"},\"query-input\":{\"@type\":\"PropertyValueSpecification\",\"valueRequired\":true,\"valueName\":\"search_term_string\"}}],\"inLanguage\":\"pt-BR\"},{\"@type\":\"Organization\",\"@id\":\"https:\/\/progresso.com.br\/#organization\",\"name\":\"O PROGRESSO\",\"url\":\"https:\/\/progresso.com.br\/\",\"logo\":{\"@type\":\"ImageObject\",\"inLanguage\":\"pt-BR\",\"@id\":\"https:\/\/progresso.com.br\/#\/schema\/logo\/image\/\",\"url\":\"https:\/\/progresso.com.br\/wp-content\/uploads\/2026\/03\/logo_proog.jpg\",\"contentUrl\":\"https:\/\/progresso.com.br\/wp-content\/uploads\/2026\/03\/logo_proog.jpg\",\"width\":1960,\"height\":1080,\"caption\":\"O PROGRESSO\"},\"image\":{\"@id\":\"https:\/\/progresso.com.br\/#\/schema\/logo\/image\/\"},\"sameAs\":[\"https:\/\/www.facebook.com\/share\/1CeoksKBj6\/\",\"https:\/\/www.instagram.com\/oprogresso_digital\"]},{\"@type\":\"Person\",\"@id\":\"https:\/\/progresso.com.br\/#\/schema\/person\/5dd27138d4463fbbaace62120bfc002b\",\"name\":\"Rose\",\"image\":{\"@type\":\"ImageObject\",\"inLanguage\":\"pt-BR\",\"@id\":\"https:\/\/progresso.com.br\/#\/schema\/person\/image\/\",\"url\":\"https:\/\/secure.gravatar.com\/avatar\/1b6890e759cdd3a88d9f751cb423720b9861c5239167cd3586355638b6556599?s=96&d=mm&r=g\",\"contentUrl\":\"https:\/\/secure.gravatar.com\/avatar\/1b6890e759cdd3a88d9f751cb423720b9861c5239167cd3586355638b6556599?s=96&d=mm&r=g\",\"caption\":\"Rose\"},\"url\":\"https:\/\/progresso.com.br\/index.php\/author\/rose\/\"}]}<\/script>\n<!-- \/ Yoast SEO plugin. -->","yoast_head_json":{"title":"Brasil se prepara para os Jogos Paral\u00edmpicos de Inverno Mil\u00e3o-Cortina 2026 - O PROGRESSO","robots":{"index":"index","follow":"follow","max-snippet":"max-snippet:-1","max-image-preview":"max-image-preview:large","max-video-preview":"max-video-preview:-1"},"canonical":"https:\/\/progresso.com.br\/index.php\/2026\/03\/06\/brasil-se-prepara-para-os-jogos-paralimpicos-de-inverno-milao-cortina-2026\/","og_locale":"pt_BR","og_type":"article","og_title":"Brasil se prepara para os Jogos Paral\u00edmpicos de Inverno Mil\u00e3o-Cortina 2026 - O PROGRESSO","og_description":"Com ouro in\u00e9dito, presen\u00e7a constante no Top 20 e jovens talentos em ascens\u00e3o, Brasil consolida protagonismo e inicia prepara\u00e7\u00e3o para as Olimp\u00edadas de Inverno dos Alpes Franceses em 2030.&nbsp;&nbsp;&nbsp;&nbsp; Ag\u00eancia Gov | Via Secom\/PR A participa\u00e7\u00e3o do Brasil nos Jogos Ol\u00edmpicos de Inverno Mil\u00e3o-Cortina 2026 entrou para a hist\u00f3ria. Esta edi\u00e7\u00e3o, encerrada no domingo, 22 [&hellip;]","og_url":"https:\/\/progresso.com.br\/index.php\/2026\/03\/06\/brasil-se-prepara-para-os-jogos-paralimpicos-de-inverno-milao-cortina-2026\/","og_site_name":"O PROGRESSO","article_publisher":"https:\/\/www.facebook.com\/share\/1CeoksKBj6\/","article_published_time":"2026-03-06T18:46:17+00:00","article_modified_time":"2026-03-06T18:46:18+00:00","og_image":[{"width":768,"height":512,"url":"https:\/\/progresso.com.br\/wp-content\/uploads\/2026\/03\/30db1784-3636-4f1d-b144-0b41b5e20bec.jpeg","type":"image\/jpeg"}],"author":"Rose","twitter_card":"summary_large_image","twitter_misc":{"Escrito por":"Rose","Est. tempo de leitura":"3 minutos"},"schema":{"@context":"https:\/\/schema.org","@graph":[{"@type":"Article","@id":"https:\/\/progresso.com.br\/index.php\/2026\/03\/06\/brasil-se-prepara-para-os-jogos-paralimpicos-de-inverno-milao-cortina-2026\/#article","isPartOf":{"@id":"https:\/\/progresso.com.br\/index.php\/2026\/03\/06\/brasil-se-prepara-para-os-jogos-paralimpicos-de-inverno-milao-cortina-2026\/"},"author":{"name":"Rose","@id":"https:\/\/progresso.com.br\/#\/schema\/person\/5dd27138d4463fbbaace62120bfc002b"},"headline":"Brasil se prepara para os Jogos Paral\u00edmpicos de Inverno Mil\u00e3o-Cortina 2026","datePublished":"2026-03-06T18:46:17+00:00","dateModified":"2026-03-06T18:46:18+00:00","mainEntityOfPage":{"@id":"https:\/\/progresso.com.br\/index.php\/2026\/03\/06\/brasil-se-prepara-para-os-jogos-paralimpicos-de-inverno-milao-cortina-2026\/"},"wordCount":652,"commentCount":0,"publisher":{"@id":"https:\/\/progresso.com.br\/#organization"},"image":{"@id":"https:\/\/progresso.com.br\/index.php\/2026\/03\/06\/brasil-se-prepara-para-os-jogos-paralimpicos-de-inverno-milao-cortina-2026\/#primaryimage"},"thumbnailUrl":"https:\/\/progresso.com.br\/wp-content\/uploads\/2026\/03\/30db1784-3636-4f1d-b144-0b41b5e20bec.jpeg","articleSection":["Esporte"],"inLanguage":"pt-BR","potentialAction":[{"@type":"CommentAction","name":"Comment","target":["https:\/\/progresso.com.br\/index.php\/2026\/03\/06\/brasil-se-prepara-para-os-jogos-paralimpicos-de-inverno-milao-cortina-2026\/#respond"]}]},{"@type":"WebPage","@id":"https:\/\/progresso.com.br\/index.php\/2026\/03\/06\/brasil-se-prepara-para-os-jogos-paralimpicos-de-inverno-milao-cortina-2026\/","url":"https:\/\/progresso.com.br\/index.php\/2026\/03\/06\/brasil-se-prepara-para-os-jogos-paralimpicos-de-inverno-milao-cortina-2026\/","name":"Brasil se prepara para os Jogos Paral\u00edmpicos de Inverno Mil\u00e3o-Cortina 2026 - O PROGRESSO","isPartOf":{"@id":"https:\/\/progresso.com.br\/#website"},"primaryImageOfPage":{"@id":"https:\/\/progresso.com.br\/index.php\/2026\/03\/06\/brasil-se-prepara-para-os-jogos-paralimpicos-de-inverno-milao-cortina-2026\/#primaryimage"},"image":{"@id":"https:\/\/progresso.com.br\/index.php\/2026\/03\/06\/brasil-se-prepara-para-os-jogos-paralimpicos-de-inverno-milao-cortina-2026\/#primaryimage"},"thumbnailUrl":"https:\/\/progresso.com.br\/wp-content\/uploads\/2026\/03\/30db1784-3636-4f1d-b144-0b41b5e20bec.jpeg","datePublished":"2026-03-06T18:46:17+00:00","dateModified":"2026-03-06T18:46:18+00:00","breadcrumb":{"@id":"https:\/\/progresso.com.br\/index.php\/2026\/03\/06\/brasil-se-prepara-para-os-jogos-paralimpicos-de-inverno-milao-cortina-2026\/#breadcrumb"},"inLanguage":"pt-BR","potentialAction":[{"@type":"ReadAction","target":["https:\/\/progresso.com.br\/index.php\/2026\/03\/06\/brasil-se-prepara-para-os-jogos-paralimpicos-de-inverno-milao-cortina-2026\/"]}]},{"@type":"ImageObject","inLanguage":"pt-BR","@id":"https:\/\/progresso.com.br\/index.php\/2026\/03\/06\/brasil-se-prepara-para-os-jogos-paralimpicos-de-inverno-milao-cortina-2026\/#primaryimage","url":"https:\/\/progresso.com.br\/wp-content\/uploads\/2026\/03\/30db1784-3636-4f1d-b144-0b41b5e20bec.jpeg","contentUrl":"https:\/\/progresso.com.br\/wp-content\/uploads\/2026\/03\/30db1784-3636-4f1d-b144-0b41b5e20bec.jpeg","width":768,"height":512,"caption":"Foto: Divulga\u00e7\u00e3o"},{"@type":"BreadcrumbList","@id":"https:\/\/progresso.com.br\/index.php\/2026\/03\/06\/brasil-se-prepara-para-os-jogos-paralimpicos-de-inverno-milao-cortina-2026\/#breadcrumb","itemListElement":[{"@type":"ListItem","position":1,"name":"In\u00edcio","item":"https:\/\/progresso.com.br\/"},{"@type":"ListItem","position":2,"name":"Brasil se prepara para os Jogos Paral\u00edmpicos de Inverno Mil\u00e3o-Cortina 2026"}]},{"@type":"WebSite","@id":"https:\/\/progresso.com.br\/#website","url":"https:\/\/progresso.com.br\/","name":"O PROGRESSO","description":"","publisher":{"@id":"https:\/\/progresso.com.br\/#organization"},"potentialAction":[{"@type":"SearchAction","target":{"@type":"EntryPoint","urlTemplate":"https:\/\/progresso.com.br\/?s={search_term_string}"},"query-input":{"@type":"PropertyValueSpecification","valueRequired":true,"valueName":"search_term_string"}}],"inLanguage":"pt-BR"},{"@type":"Organization","@id":"https:\/\/progresso.com.br\/#organization","name":"O PROGRESSO","url":"https:\/\/progresso.com.br\/","logo":{"@type":"ImageObject","inLanguage":"pt-BR","@id":"https:\/\/progresso.com.br\/#\/schema\/logo\/image\/","url":"https:\/\/progresso.com.br\/wp-content\/uploads\/2026\/03\/logo_proog.jpg","contentUrl":"https:\/\/progresso.com.br\/wp-content\/uploads\/2026\/03\/logo_proog.jpg","width":1960,"height":1080,"caption":"O PROGRESSO"},"image":{"@id":"https:\/\/progresso.com.br\/#\/schema\/logo\/image\/"},"sameAs":["https:\/\/www.facebook.com\/share\/1CeoksKBj6\/","https:\/\/www.instagram.com\/oprogresso_digital"]},{"@type":"Person","@id":"https:\/\/progresso.com.br\/#\/schema\/person\/5dd27138d4463fbbaace62120bfc002b","name":"Rose","image":{"@type":"ImageObject","inLanguage":"pt-BR","@id":"https:\/\/progresso.com.br\/#\/schema\/person\/image\/","url":"https:\/\/secure.gravatar.com\/avatar\/1b6890e759cdd3a88d9f751cb423720b9861c5239167cd3586355638b6556599?s=96&d=mm&r=g","contentUrl":"https:\/\/secure.gravatar.com\/avatar\/1b6890e759cdd3a88d9f751cb423720b9861c5239167cd3586355638b6556599?s=96&d=mm&r=g","caption":"Rose"},"url":"https:\/\/progresso.com.br\/index.php\/author\/rose\/"}]}},"_links":{"self":[{"href":"https:\/\/progresso.com.br\/index.php\/wp-json\/wp\/v2\/posts\/380","targetHints":{"allow":["GET"]}}],"collection":[{"href":"https:\/\/progresso.com.br\/index.php\/wp-json\/wp\/v2\/posts"}],"about":[{"href":"https:\/\/progresso.com.br\/index.php\/wp-json\/wp\/v2\/types\/post"}],"author":[{"embeddable":true,"href":"https:\/\/progresso.com.br\/index.php\/wp-json\/wp\/v2\/users\/2"}],"replies":[{"embeddable":true,"href":"https:\/\/progresso.com.br\/index.php\/wp-json\/wp\/v2\/comments?post=380"}],"version-history":[{"count":1,"href":"https:\/\/progresso.com.br\/index.php\/wp-json\/wp\/v2\/posts\/380\/revisions"}],"predecessor-version":[{"id":382,"href":"https:\/\/progresso.com.br\/index.php\/wp-json\/wp\/v2\/posts\/380\/revisions\/382"}],"wp:featuredmedia":[{"embeddable":true,"href":"https:\/\/progresso.com.br\/index.php\/wp-json\/wp\/v2\/media\/381"}],"wp:attachment":[{"href":"https:\/\/progresso.com.br\/index.php\/wp-json\/wp\/v2\/media?parent=380"}],"wp:term":[{"taxonomy":"category","embeddable":true,"href":"https:\/\/progresso.com.br\/index.php\/wp-json\/wp\/v2\/categories?post=380"},{"taxonomy":"post_tag","embeddable":true,"href":"https:\/\/progresso.com.br\/index.php\/wp-json\/wp\/v2\/tags?post=380"}],"curies":[{"name":"wp","href":"https:\/\/api.w.org\/{rel}","templated":true}]}}