{"id":383,"date":"2026-03-06T15:49:01","date_gmt":"2026-03-06T18:49:01","guid":{"rendered":"https:\/\/10nl.com.br\/?p=383"},"modified":"2026-03-06T15:49:01","modified_gmt":"2026-03-06T18:49:01","slug":"gustavo-marques-e-suspenso-por-fala-machista-contra-arbitra","status":"publish","type":"post","link":"https:\/\/progresso.com.br\/index.php\/2026\/03\/06\/gustavo-marques-e-suspenso-por-fala-machista-contra-arbitra\/","title":{"rendered":"Gustavo Marques \u00e9 suspenso por fala machista contra \u00e1rbitra"},"content":{"rendered":"\n<p>Zagueiro do Bragantino tamb\u00e9m ter\u00e1 que pagar uma multa de R$ 30 mil<\/p>\n\n\n\n<p>Ag\u00eancia Brasil<\/p>\n\n\n\n<p>O Tribunal de Justi\u00e7a Desportiva do Estado de S\u00e3o Paulo (TJD-SP) puniu o zagueiro Gustavo Marques, do Bragantino, com uma suspens\u00e3o de 12 jogos por causa das declara\u00e7\u00f5es machistas feitas contra a \u00e1rbitra Daiane Muniz ap\u00f3s partida contra o S\u00e3o Paulo pelo Campeonato Paulista.<img decoding=\"async\" src=\"https:\/\/agenciabrasil.ebc.com.br\/ebc.png?id=1680875&amp;o=node\"><img decoding=\"async\" src=\"https:\/\/agenciabrasil.ebc.com.br\/ebc.gif?id=1680875&amp;o=node\"><\/p>\n\n\n\n<p>Al\u00e9m disso, a corte decidiu, em julgamento realizado na \u00faltima quarta-feira (4), que o jogador ter\u00e1 que pagar uma multa de R$ 30 mil.<\/p>\n\n\n\n<p>No dia 21 de fevereiro, ap\u00f3s derrota do Bragantino para o S\u00e3o Paulo pelo Campeonato Paulista, Gustavo Marques proferiu falas machistas ao questionar e criticar a escala\u00e7\u00e3o da \u00e1rbitra Daiane Muniz para o jogo. \u201cPrimeiramente, quero falar da arbitragem porque n\u00e3o adianta jogar contra S\u00e3o Paulo, Palmeiras, Corinthians e eles colocarem uma mulher para apitar um jogo desse tamanho. Era nosso sonho chegar \u00e0 semifinal, ou at\u00e9 a final, mas ela acabou com nosso jogo. Acho que a Federa\u00e7\u00e3o Paulista tem que olhar para os jogos desse tamanho e n\u00e3o colocar uma mulher. Todo respeito \u00e0s mulheres do mundo, sou casado, tenho minha m\u00e3e, ent\u00e3o desculpa se estou falando alguma coisa para as mulheres\u201d, declarou o zagueiro em entrevista ap\u00f3s a partida para uma equipe de reportagem da emissora TNT.<\/p>\n\n\n\n<p>Horas ap\u00f3s o ocorrido, em postagem nas redes sociais, o jogador pediu desculpas pelas declara\u00e7\u00f5es: \u201cEstava de cabe\u00e7a quente e muito frustrado pelo resultado da nossa equipe e acabei falando o que n\u00e3o deveria e poderia. Isso n\u00e3o justifica minha atitude e pe\u00e7o desculpas a todas mulheres e em especial a Daiane [\u2026]. Espero sair desse epis\u00f3dio uma pessoa melhor. Prometo aprender com esse erro\u201d.<\/p>\n\n\n\n<p>A atitude foi prontamente criticada pela Federa\u00e7\u00e3o Paulista de Futebol (FPF), que afirmou que encaminharia&nbsp;a declara\u00e7\u00e3o de Gustavo Marques \u00e0 Justi\u00e7a Desportiva: \u201c\u00c9 com profunda indigna\u00e7\u00e3o e revolta que a Federa\u00e7\u00e3o Paulista de Futebol recebeu a entrevista do atleta Gustavo Marques, do Red Bull Bragantino, ap\u00f3s a partida contra o S\u00e3o Paulo [\u2026]. Uma declara\u00e7\u00e3o em rela\u00e7\u00e3o \u00e0 \u00e1rbitra Daiane Muniz que reflete uma vis\u00e3o primitiva, machista, preconceituosa e mis\u00f3gina, incompat\u00edvel com os valores que regem a sociedade e o futebol. \u00c9 absolutamente estarrecedor que um atleta, em qualquer circunst\u00e2ncia, questione a capacidade de um \u00e1rbitro com base em seu g\u00eanero. A FPF tem orgulho de contar em seu quadro com 36 \u00e1rbitras e assistentes e continua trabalhando ativamente para que este n\u00famero cres\u00e7a [\u2026]. A FPF encaminhar\u00e1 tais declara\u00e7\u00f5es \u00e0 Justi\u00e7a Desportiva, para que esta tome todas as provid\u00eancias cab\u00edveis\u201d.<\/p>\n\n\n\n<p>O Bragantino j\u00e1 havia multado o jogador em 50% do total de seus vencimentos. Al\u00e9m disso, o zagueiro n\u00e3o foi relacionado para o jogo entre Massa Bruta e Athletico-PR pelo Campeonato Brasileiro.<\/p>\n\n\n\n<p>A equipe de Bragan\u00e7a Paulista afirmou que \u201co valor da multa ser\u00e1 destinado para a ONG Rendar, que cuida de mulheres em situa\u00e7\u00e3o de vulnerabilidade na regi\u00e3o bragantina\u201d.<\/p>\n","protected":false},"excerpt":{"rendered":"<p>Zagueiro do Bragantino tamb\u00e9m ter\u00e1 que pagar uma multa de R$ 30 mil Ag\u00eancia Brasil O Tribunal de Justi\u00e7a Desportiva do Estado de S\u00e3o Paulo (TJD-SP) puniu o zagueiro Gustavo Marques, do Bragantino, com uma suspens\u00e3o de 12 jogos por causa das declara\u00e7\u00f5es machistas feitas contra a \u00e1rbitra Daiane Muniz ap\u00f3s partida contra o S\u00e3o [&hellip;]<\/p>\n","protected":false},"author":2,"featured_media":384,"comment_status":"open","ping_status":"open","sticky":false,"template":"","format":"standard","meta":{"footnotes":""},"categories":[17],"tags":[],"class_list":["post-383","post","type-post","status-publish","format-standard","has-post-thumbnail","hentry","category-esporte"],"yoast_head":"<!-- This site is optimized with the Yoast SEO plugin v27.1.1 - https:\/\/yoast.com\/product\/yoast-seo-wordpress\/ -->\n<title>Gustavo Marques \u00e9 suspenso por fala machista contra \u00e1rbitra - O PROGRESSO<\/title>\n<meta name=\"robots\" content=\"index, follow, max-snippet:-1, max-image-preview:large, max-video-preview:-1\" \/>\n<link rel=\"canonical\" href=\"https:\/\/progresso.com.br\/index.php\/2026\/03\/06\/gustavo-marques-e-suspenso-por-fala-machista-contra-arbitra\/\" \/>\n<meta property=\"og:locale\" content=\"pt_BR\" \/>\n<meta property=\"og:type\" content=\"article\" \/>\n<meta property=\"og:title\" content=\"Gustavo Marques \u00e9 suspenso por fala machista contra \u00e1rbitra - O PROGRESSO\" \/>\n<meta property=\"og:description\" content=\"Zagueiro do Bragantino tamb\u00e9m ter\u00e1 que pagar uma multa de R$ 30 mil Ag\u00eancia Brasil O Tribunal de Justi\u00e7a Desportiva do Estado de S\u00e3o Paulo (TJD-SP) puniu o zagueiro Gustavo Marques, do Bragantino, com uma suspens\u00e3o de 12 jogos por causa das declara\u00e7\u00f5es machistas feitas contra a \u00e1rbitra Daiane Muniz ap\u00f3s partida contra o S\u00e3o [&hellip;]\" \/>\n<meta property=\"og:url\" content=\"https:\/\/progresso.com.br\/index.php\/2026\/03\/06\/gustavo-marques-e-suspenso-por-fala-machista-contra-arbitra\/\" \/>\n<meta property=\"og:site_name\" content=\"O PROGRESSO\" \/>\n<meta property=\"article:publisher\" content=\"https:\/\/www.facebook.com\/share\/1CeoksKBj6\/\" \/>\n<meta property=\"article:published_time\" content=\"2026-03-06T18:49:01+00:00\" \/>\n<meta property=\"og:image\" content=\"https:\/\/progresso.com.br\/wp-content\/uploads\/2026\/03\/arbitra.png\" \/>\n\t<meta property=\"og:image:width\" content=\"782\" \/>\n\t<meta property=\"og:image:height\" content=\"543\" \/>\n\t<meta property=\"og:image:type\" content=\"image\/png\" \/>\n<meta name=\"author\" content=\"Rose\" \/>\n<meta name=\"twitter:card\" content=\"summary_large_image\" \/>\n<meta name=\"twitter:label1\" content=\"Escrito por\" \/>\n\t<meta name=\"twitter:data1\" content=\"Rose\" \/>\n\t<meta name=\"twitter:label2\" content=\"Est. tempo de leitura\" \/>\n\t<meta name=\"twitter:data2\" content=\"3 minutos\" \/>\n<script type=\"application\/ld+json\" class=\"yoast-schema-graph\">{\"@context\":\"https:\/\/schema.org\",\"@graph\":[{\"@type\":\"Article\",\"@id\":\"https:\/\/progresso.com.br\/index.php\/2026\/03\/06\/gustavo-marques-e-suspenso-por-fala-machista-contra-arbitra\/#article\",\"isPartOf\":{\"@id\":\"https:\/\/progresso.com.br\/index.php\/2026\/03\/06\/gustavo-marques-e-suspenso-por-fala-machista-contra-arbitra\/\"},\"author\":{\"name\":\"Rose\",\"@id\":\"https:\/\/progresso.com.br\/#\/schema\/person\/5dd27138d4463fbbaace62120bfc002b\"},\"headline\":\"Gustavo Marques \u00e9 suspenso por fala machista contra \u00e1rbitra\",\"datePublished\":\"2026-03-06T18:49:01+00:00\",\"mainEntityOfPage\":{\"@id\":\"https:\/\/progresso.com.br\/index.php\/2026\/03\/06\/gustavo-marques-e-suspenso-por-fala-machista-contra-arbitra\/\"},\"wordCount\":524,\"commentCount\":0,\"publisher\":{\"@id\":\"https:\/\/progresso.com.br\/#organization\"},\"image\":{\"@id\":\"https:\/\/progresso.com.br\/index.php\/2026\/03\/06\/gustavo-marques-e-suspenso-por-fala-machista-contra-arbitra\/#primaryimage\"},\"thumbnailUrl\":\"https:\/\/progresso.com.br\/wp-content\/uploads\/2026\/03\/arbitra.png\",\"articleSection\":[\"Esporte\"],\"inLanguage\":\"pt-BR\",\"potentialAction\":[{\"@type\":\"CommentAction\",\"name\":\"Comment\",\"target\":[\"https:\/\/progresso.com.br\/index.php\/2026\/03\/06\/gustavo-marques-e-suspenso-por-fala-machista-contra-arbitra\/#respond\"]}]},{\"@type\":\"WebPage\",\"@id\":\"https:\/\/progresso.com.br\/index.php\/2026\/03\/06\/gustavo-marques-e-suspenso-por-fala-machista-contra-arbitra\/\",\"url\":\"https:\/\/progresso.com.br\/index.php\/2026\/03\/06\/gustavo-marques-e-suspenso-por-fala-machista-contra-arbitra\/\",\"name\":\"Gustavo Marques \u00e9 suspenso por fala machista contra \u00e1rbitra - O PROGRESSO\",\"isPartOf\":{\"@id\":\"https:\/\/progresso.com.br\/#website\"},\"primaryImageOfPage\":{\"@id\":\"https:\/\/progresso.com.br\/index.php\/2026\/03\/06\/gustavo-marques-e-suspenso-por-fala-machista-contra-arbitra\/#primaryimage\"},\"image\":{\"@id\":\"https:\/\/progresso.com.br\/index.php\/2026\/03\/06\/gustavo-marques-e-suspenso-por-fala-machista-contra-arbitra\/#primaryimage\"},\"thumbnailUrl\":\"https:\/\/progresso.com.br\/wp-content\/uploads\/2026\/03\/arbitra.png\",\"datePublished\":\"2026-03-06T18:49:01+00:00\",\"breadcrumb\":{\"@id\":\"https:\/\/progresso.com.br\/index.php\/2026\/03\/06\/gustavo-marques-e-suspenso-por-fala-machista-contra-arbitra\/#breadcrumb\"},\"inLanguage\":\"pt-BR\",\"potentialAction\":[{\"@type\":\"ReadAction\",\"target\":[\"https:\/\/progresso.com.br\/index.php\/2026\/03\/06\/gustavo-marques-e-suspenso-por-fala-machista-contra-arbitra\/\"]}]},{\"@type\":\"ImageObject\",\"inLanguage\":\"pt-BR\",\"@id\":\"https:\/\/progresso.com.br\/index.php\/2026\/03\/06\/gustavo-marques-e-suspenso-por-fala-machista-contra-arbitra\/#primaryimage\",\"url\":\"https:\/\/progresso.com.br\/wp-content\/uploads\/2026\/03\/arbitra.png\",\"contentUrl\":\"https:\/\/progresso.com.br\/wp-content\/uploads\/2026\/03\/arbitra.png\",\"width\":782,\"height\":543,\"caption\":\"O zagueiro Gustavo Marques. \u2014 Reprodu\u00e7\u00e3o\/Ari Ferreira\/Red Bull Bragantino\"},{\"@type\":\"BreadcrumbList\",\"@id\":\"https:\/\/progresso.com.br\/index.php\/2026\/03\/06\/gustavo-marques-e-suspenso-por-fala-machista-contra-arbitra\/#breadcrumb\",\"itemListElement\":[{\"@type\":\"ListItem\",\"position\":1,\"name\":\"In\u00edcio\",\"item\":\"https:\/\/progresso.com.br\/\"},{\"@type\":\"ListItem\",\"position\":2,\"name\":\"Gustavo Marques \u00e9 suspenso por fala machista contra \u00e1rbitra\"}]},{\"@type\":\"WebSite\",\"@id\":\"https:\/\/progresso.com.br\/#website\",\"url\":\"https:\/\/progresso.com.br\/\",\"name\":\"O PROGRESSO\",\"description\":\"\",\"publisher\":{\"@id\":\"https:\/\/progresso.com.br\/#organization\"},\"potentialAction\":[{\"@type\":\"SearchAction\",\"target\":{\"@type\":\"EntryPoint\",\"urlTemplate\":\"https:\/\/progresso.com.br\/?s={search_term_string}\"},\"query-input\":{\"@type\":\"PropertyValueSpecification\",\"valueRequired\":true,\"valueName\":\"search_term_string\"}}],\"inLanguage\":\"pt-BR\"},{\"@type\":\"Organization\",\"@id\":\"https:\/\/progresso.com.br\/#organization\",\"name\":\"O PROGRESSO\",\"url\":\"https:\/\/progresso.com.br\/\",\"logo\":{\"@type\":\"ImageObject\",\"inLanguage\":\"pt-BR\",\"@id\":\"https:\/\/progresso.com.br\/#\/schema\/logo\/image\/\",\"url\":\"https:\/\/progresso.com.br\/wp-content\/uploads\/2026\/03\/logo_proog.jpg\",\"contentUrl\":\"https:\/\/progresso.com.br\/wp-content\/uploads\/2026\/03\/logo_proog.jpg\",\"width\":1960,\"height\":1080,\"caption\":\"O PROGRESSO\"},\"image\":{\"@id\":\"https:\/\/progresso.com.br\/#\/schema\/logo\/image\/\"},\"sameAs\":[\"https:\/\/www.facebook.com\/share\/1CeoksKBj6\/\",\"https:\/\/www.instagram.com\/oprogresso_digital\"]},{\"@type\":\"Person\",\"@id\":\"https:\/\/progresso.com.br\/#\/schema\/person\/5dd27138d4463fbbaace62120bfc002b\",\"name\":\"Rose\",\"image\":{\"@type\":\"ImageObject\",\"inLanguage\":\"pt-BR\",\"@id\":\"https:\/\/progresso.com.br\/#\/schema\/person\/image\/\",\"url\":\"https:\/\/secure.gravatar.com\/avatar\/1b6890e759cdd3a88d9f751cb423720b9861c5239167cd3586355638b6556599?s=96&d=mm&r=g\",\"contentUrl\":\"https:\/\/secure.gravatar.com\/avatar\/1b6890e759cdd3a88d9f751cb423720b9861c5239167cd3586355638b6556599?s=96&d=mm&r=g\",\"caption\":\"Rose\"},\"url\":\"https:\/\/progresso.com.br\/index.php\/author\/rose\/\"}]}<\/script>\n<!-- \/ Yoast SEO plugin. -->","yoast_head_json":{"title":"Gustavo Marques \u00e9 suspenso por fala machista contra \u00e1rbitra - O PROGRESSO","robots":{"index":"index","follow":"follow","max-snippet":"max-snippet:-1","max-image-preview":"max-image-preview:large","max-video-preview":"max-video-preview:-1"},"canonical":"https:\/\/progresso.com.br\/index.php\/2026\/03\/06\/gustavo-marques-e-suspenso-por-fala-machista-contra-arbitra\/","og_locale":"pt_BR","og_type":"article","og_title":"Gustavo Marques \u00e9 suspenso por fala machista contra \u00e1rbitra - O PROGRESSO","og_description":"Zagueiro do Bragantino tamb\u00e9m ter\u00e1 que pagar uma multa de R$ 30 mil Ag\u00eancia Brasil O Tribunal de Justi\u00e7a Desportiva do Estado de S\u00e3o Paulo (TJD-SP) puniu o zagueiro Gustavo Marques, do Bragantino, com uma suspens\u00e3o de 12 jogos por causa das declara\u00e7\u00f5es machistas feitas contra a \u00e1rbitra Daiane Muniz ap\u00f3s partida contra o S\u00e3o [&hellip;]","og_url":"https:\/\/progresso.com.br\/index.php\/2026\/03\/06\/gustavo-marques-e-suspenso-por-fala-machista-contra-arbitra\/","og_site_name":"O PROGRESSO","article_publisher":"https:\/\/www.facebook.com\/share\/1CeoksKBj6\/","article_published_time":"2026-03-06T18:49:01+00:00","og_image":[{"width":782,"height":543,"url":"https:\/\/progresso.com.br\/wp-content\/uploads\/2026\/03\/arbitra.png","type":"image\/png"}],"author":"Rose","twitter_card":"summary_large_image","twitter_misc":{"Escrito por":"Rose","Est. tempo de leitura":"3 minutos"},"schema":{"@context":"https:\/\/schema.org","@graph":[{"@type":"Article","@id":"https:\/\/progresso.com.br\/index.php\/2026\/03\/06\/gustavo-marques-e-suspenso-por-fala-machista-contra-arbitra\/#article","isPartOf":{"@id":"https:\/\/progresso.com.br\/index.php\/2026\/03\/06\/gustavo-marques-e-suspenso-por-fala-machista-contra-arbitra\/"},"author":{"name":"Rose","@id":"https:\/\/progresso.com.br\/#\/schema\/person\/5dd27138d4463fbbaace62120bfc002b"},"headline":"Gustavo Marques \u00e9 suspenso por fala machista contra \u00e1rbitra","datePublished":"2026-03-06T18:49:01+00:00","mainEntityOfPage":{"@id":"https:\/\/progresso.com.br\/index.php\/2026\/03\/06\/gustavo-marques-e-suspenso-por-fala-machista-contra-arbitra\/"},"wordCount":524,"commentCount":0,"publisher":{"@id":"https:\/\/progresso.com.br\/#organization"},"image":{"@id":"https:\/\/progresso.com.br\/index.php\/2026\/03\/06\/gustavo-marques-e-suspenso-por-fala-machista-contra-arbitra\/#primaryimage"},"thumbnailUrl":"https:\/\/progresso.com.br\/wp-content\/uploads\/2026\/03\/arbitra.png","articleSection":["Esporte"],"inLanguage":"pt-BR","potentialAction":[{"@type":"CommentAction","name":"Comment","target":["https:\/\/progresso.com.br\/index.php\/2026\/03\/06\/gustavo-marques-e-suspenso-por-fala-machista-contra-arbitra\/#respond"]}]},{"@type":"WebPage","@id":"https:\/\/progresso.com.br\/index.php\/2026\/03\/06\/gustavo-marques-e-suspenso-por-fala-machista-contra-arbitra\/","url":"https:\/\/progresso.com.br\/index.php\/2026\/03\/06\/gustavo-marques-e-suspenso-por-fala-machista-contra-arbitra\/","name":"Gustavo Marques \u00e9 suspenso por fala machista contra \u00e1rbitra - O PROGRESSO","isPartOf":{"@id":"https:\/\/progresso.com.br\/#website"},"primaryImageOfPage":{"@id":"https:\/\/progresso.com.br\/index.php\/2026\/03\/06\/gustavo-marques-e-suspenso-por-fala-machista-contra-arbitra\/#primaryimage"},"image":{"@id":"https:\/\/progresso.com.br\/index.php\/2026\/03\/06\/gustavo-marques-e-suspenso-por-fala-machista-contra-arbitra\/#primaryimage"},"thumbnailUrl":"https:\/\/progresso.com.br\/wp-content\/uploads\/2026\/03\/arbitra.png","datePublished":"2026-03-06T18:49:01+00:00","breadcrumb":{"@id":"https:\/\/progresso.com.br\/index.php\/2026\/03\/06\/gustavo-marques-e-suspenso-por-fala-machista-contra-arbitra\/#breadcrumb"},"inLanguage":"pt-BR","potentialAction":[{"@type":"ReadAction","target":["https:\/\/progresso.com.br\/index.php\/2026\/03\/06\/gustavo-marques-e-suspenso-por-fala-machista-contra-arbitra\/"]}]},{"@type":"ImageObject","inLanguage":"pt-BR","@id":"https:\/\/progresso.com.br\/index.php\/2026\/03\/06\/gustavo-marques-e-suspenso-por-fala-machista-contra-arbitra\/#primaryimage","url":"https:\/\/progresso.com.br\/wp-content\/uploads\/2026\/03\/arbitra.png","contentUrl":"https:\/\/progresso.com.br\/wp-content\/uploads\/2026\/03\/arbitra.png","width":782,"height":543,"caption":"O zagueiro Gustavo Marques. \u2014 Reprodu\u00e7\u00e3o\/Ari Ferreira\/Red Bull Bragantino"},{"@type":"BreadcrumbList","@id":"https:\/\/progresso.com.br\/index.php\/2026\/03\/06\/gustavo-marques-e-suspenso-por-fala-machista-contra-arbitra\/#breadcrumb","itemListElement":[{"@type":"ListItem","position":1,"name":"In\u00edcio","item":"https:\/\/progresso.com.br\/"},{"@type":"ListItem","position":2,"name":"Gustavo Marques \u00e9 suspenso por fala machista contra \u00e1rbitra"}]},{"@type":"WebSite","@id":"https:\/\/progresso.com.br\/#website","url":"https:\/\/progresso.com.br\/","name":"O PROGRESSO","description":"","publisher":{"@id":"https:\/\/progresso.com.br\/#organization"},"potentialAction":[{"@type":"SearchAction","target":{"@type":"EntryPoint","urlTemplate":"https:\/\/progresso.com.br\/?s={search_term_string}"},"query-input":{"@type":"PropertyValueSpecification","valueRequired":true,"valueName":"search_term_string"}}],"inLanguage":"pt-BR"},{"@type":"Organization","@id":"https:\/\/progresso.com.br\/#organization","name":"O PROGRESSO","url":"https:\/\/progresso.com.br\/","logo":{"@type":"ImageObject","inLanguage":"pt-BR","@id":"https:\/\/progresso.com.br\/#\/schema\/logo\/image\/","url":"https:\/\/progresso.com.br\/wp-content\/uploads\/2026\/03\/logo_proog.jpg","contentUrl":"https:\/\/progresso.com.br\/wp-content\/uploads\/2026\/03\/logo_proog.jpg","width":1960,"height":1080,"caption":"O PROGRESSO"},"image":{"@id":"https:\/\/progresso.com.br\/#\/schema\/logo\/image\/"},"sameAs":["https:\/\/www.facebook.com\/share\/1CeoksKBj6\/","https:\/\/www.instagram.com\/oprogresso_digital"]},{"@type":"Person","@id":"https:\/\/progresso.com.br\/#\/schema\/person\/5dd27138d4463fbbaace62120bfc002b","name":"Rose","image":{"@type":"ImageObject","inLanguage":"pt-BR","@id":"https:\/\/progresso.com.br\/#\/schema\/person\/image\/","url":"https:\/\/secure.gravatar.com\/avatar\/1b6890e759cdd3a88d9f751cb423720b9861c5239167cd3586355638b6556599?s=96&d=mm&r=g","contentUrl":"https:\/\/secure.gravatar.com\/avatar\/1b6890e759cdd3a88d9f751cb423720b9861c5239167cd3586355638b6556599?s=96&d=mm&r=g","caption":"Rose"},"url":"https:\/\/progresso.com.br\/index.php\/author\/rose\/"}]}},"_links":{"self":[{"href":"https:\/\/progresso.com.br\/index.php\/wp-json\/wp\/v2\/posts\/383","targetHints":{"allow":["GET"]}}],"collection":[{"href":"https:\/\/progresso.com.br\/index.php\/wp-json\/wp\/v2\/posts"}],"about":[{"href":"https:\/\/progresso.com.br\/index.php\/wp-json\/wp\/v2\/types\/post"}],"author":[{"embeddable":true,"href":"https:\/\/progresso.com.br\/index.php\/wp-json\/wp\/v2\/users\/2"}],"replies":[{"embeddable":true,"href":"https:\/\/progresso.com.br\/index.php\/wp-json\/wp\/v2\/comments?post=383"}],"version-history":[{"count":1,"href":"https:\/\/progresso.com.br\/index.php\/wp-json\/wp\/v2\/posts\/383\/revisions"}],"predecessor-version":[{"id":385,"href":"https:\/\/progresso.com.br\/index.php\/wp-json\/wp\/v2\/posts\/383\/revisions\/385"}],"wp:featuredmedia":[{"embeddable":true,"href":"https:\/\/progresso.com.br\/index.php\/wp-json\/wp\/v2\/media\/384"}],"wp:attachment":[{"href":"https:\/\/progresso.com.br\/index.php\/wp-json\/wp\/v2\/media?parent=383"}],"wp:term":[{"taxonomy":"category","embeddable":true,"href":"https:\/\/progresso.com.br\/index.php\/wp-json\/wp\/v2\/categories?post=383"},{"taxonomy":"post_tag","embeddable":true,"href":"https:\/\/progresso.com.br\/index.php\/wp-json\/wp\/v2\/tags?post=383"}],"curies":[{"name":"wp","href":"https:\/\/api.w.org\/{rel}","templated":true}]}}