{"id":392,"date":"2026-03-06T16:35:42","date_gmt":"2026-03-06T19:35:42","guid":{"rendered":"https:\/\/10nl.com.br\/?p=392"},"modified":"2026-03-06T17:28:29","modified_gmt":"2026-03-06T20:28:29","slug":"avancos-na-assistencia-fazem-zerar-obito-materno-e-reduzir-mortalidade-infantil","status":"publish","type":"post","link":"https:\/\/progresso.com.br\/index.php\/2026\/03\/06\/avancos-na-assistencia-fazem-zerar-obito-materno-e-reduzir-mortalidade-infantil\/","title":{"rendered":"Avan\u00e7os na assist\u00eancia fazem zerar \u00f3bito materno e reduzir mortalidade infantil"},"content":{"rendered":"\n<p><strong><em>Resultados hist\u00f3ricos foram obtidos ap\u00f3s fortalecimento da rede de cuidado na regi\u00e3o, por meio do PlanificaSUS<\/em><\/strong><\/p>\n\n\n\n<p><em>Andr\u00e9 Lima, Comunica\u00e7\u00e3o SES<\/em> <\/p>\n\n\n\n<p><\/p>\n\n\n\n<p>A Regi\u00e3o do Baixo Pantanal registrou um marco hist\u00f3rico ao zerar os \u00f3bitos maternos no per\u00edodo analisado pelo 3\u00ba RDQA (Relat\u00f3rio Detalhado do Quadrimestre Anterior) de 2025. O resultado refor\u00e7a o impacto das a\u00e7\u00f5es de qualifica\u00e7\u00e3o da assist\u00eancia pr\u00e9-natal, do fortalecimento da APS (Aten\u00e7\u00e3o Prim\u00e1ria \u00e0 Sa\u00fade) e da organiza\u00e7\u00e3o da rede regional de atendimento.<\/p>\n\n\n\n<p>O Baixo Pantanal integra a Macrorregi\u00e3o Centro e \u00e9 composta por 12 munic\u00edpios: Anast\u00e1cio, Aquidauana, Bela Vista, Bodoquena, Bonito, Caracol, Dois Irm\u00e3os do Buriti, Guia Lopes da Laguna, Jardim, Maracaju, Nioaque e Porto Murtinho. Juntos, somam uma popula\u00e7\u00e3o estimada em mais de 245 mil habitantes, conforme o Plano Diretor de Regionaliza\u00e7\u00e3o do Estado.<\/p>\n\n\n\n<figure class=\"wp-block-image size-full\"><img loading=\"lazy\" decoding=\"async\" width=\"730\" height=\"480\" src=\"https:\/\/10nl.com.br\/wp-content\/uploads\/2026\/03\/bebe-recem-nascido-HRMS-730x480-1.jpeg\" alt=\"\" class=\"wp-image-393\"\/><figcaption class=\"wp-element-caption\">Regi\u00e3o tamb\u00e9m apresentou redu\u00e7\u00e3o na taxa de mortalidade infantil (Foto: Bruno Rezende\/Secom-MS)<\/figcaption><\/figure>\n\n\n\n<p>A secret\u00e1ria-adjunta de Sa\u00fade, Crhistinne Maymone, destaca que o indicador \u00e9 reflexo direto do trabalho integrado entre Estado e munic\u00edpios. \u201cZerar o \u00f3bito materno em uma regi\u00e3o demonstra que a rede est\u00e1 funcionando, com pr\u00e9-natal qualificado, identifica\u00e7\u00e3o de risco em tempo oportuno e fluxo assistencial organizado. \u00c9 um resultado que mostra a import\u00e2ncia de uma Aten\u00e7\u00e3o Prim\u00e1ria estruturada e articulada com os demais n\u00edveis de aten\u00e7\u00e3o\u201d, afirmou.<\/p>\n\n\n\n<p>Al\u00e9m do avan\u00e7o na sa\u00fade materna, a regi\u00e3o tamb\u00e9m apresentou redu\u00e7\u00e3o na taxa de mortalidade infantil, consolidando uma tend\u00eancia de melhoria nos indicadores e maior resolutividade no cuidado \u00e0s gestantes e rec\u00e9m-nascidos.<\/p>\n\n\n\n<p><strong>Queda regional e fortalecimento da assist\u00eancia<\/strong><\/p>\n\n\n\n<p>A redu\u00e7\u00e3o da mortalidade infantil no Baixo Pantanal reflete investimentos no acompanhamento pr\u00e9-natal, na qualifica\u00e7\u00e3o das equipes e na amplia\u00e7\u00e3o do acesso aos servi\u00e7os. O monitoramento cont\u00ednuo dos indicadores tem permitido interven\u00e7\u00f5es mais r\u00e1pidas, especialmente nos casos de maior risco.<\/p>\n\n\n\n<figure class=\"wp-block-image size-full\"><img loading=\"lazy\" decoding=\"async\" width=\"730\" height=\"480\" src=\"https:\/\/10nl.com.br\/wp-content\/uploads\/2026\/03\/Foto-Bruno-Rezende-07-730x480-1.jpg\" alt=\"\" class=\"wp-image-390\"\/><figcaption class=\"wp-element-caption\">Emily Teixeira na biblioteca da Escola Emygdio Campos Widal. Foto: Bruno Rezende\/Secom-MS<\/figcaption><\/figure>\n\n\n\n<p><strong>Estrat\u00e9gia ampliada para diagn\u00f3stico precoce<\/strong><\/p>\n\n\n\n<p>Dentro da linha de cuidado materno e infantil, a SES (Secretaria de Estado de Sa\u00fade) tamb\u00e9m tem direcionado esfor\u00e7os para o fortalecimento do diagn\u00f3stico e do cuidado \u00e0s crian\u00e7as com anomalias cong\u00eanitas, especialmente nos primeiros dias de vida.<\/p>\n\n\n\n<p>Os dados apontam que 44% dos \u00f3bitos infantis ocorrem entre 0 e 6 dias, per\u00edodo considerado decisivo para interven\u00e7\u00f5es oportunas. Por isso, a amplia\u00e7\u00e3o da triagem neonatal e a qualifica\u00e7\u00e3o da assist\u00eancia especializada t\u00eam sido prioridades da gest\u00e3o estadual.<\/p>\n\n\n\n<p>Para a coordenadora de Sa\u00fade da Mulher, Crian\u00e7a e Maternidade da SES, Renata Meireles, o enfrentamento desse cen\u00e1rio passa pelo aprimoramento cont\u00ednuo da linha de cuidado materno e infantil. \u201cOs avan\u00e7os mostram que estamos no caminho certo, mas os \u00f3bitos por anomalias cong\u00eanitas exigem aten\u00e7\u00e3o permanente. Precisamos ampliar o diagn\u00f3stico precoce, especialmente das cardiopatias cong\u00eanitas, e fortalecer a triagem neonatal para garantir encaminhamento r\u00e1pido e tratamento oportuno\u201d, destacou.<\/p>\n\n\n\n<p><strong>Foco em cardiopatias cong\u00eanitas e triagem neonatal<\/strong><\/p>\n\n\n\n<p>Diante desse contexto, a SES tem intensificado a\u00e7\u00f5es voltadas ao diagn\u00f3stico e tratamento precoce das cardiopatias cong\u00eanitas, uma das principais causas de morte neonatal.<\/p>\n\n\n\n<p>O fortalecimento da triagem neonatal e a qualifica\u00e7\u00e3o da assist\u00eancia nos primeiros dias de vida s\u00e3o estrat\u00e9gias centrais para reduzir \u00f3bitos evit\u00e1veis e consolidar os avan\u00e7os j\u00e1 alcan\u00e7ados na regi\u00e3o do Baixo Pantanal.<\/p>\n\n\n\n<p><br><\/p>\n\n\n\n<p><\/p>\n\n\n\n<p><\/p>\n","protected":false},"excerpt":{"rendered":"<p>Resultados hist\u00f3ricos foram obtidos ap\u00f3s fortalecimento da rede de cuidado na regi\u00e3o, por meio do PlanificaSUS Andr\u00e9 Lima, Comunica\u00e7\u00e3o SES A Regi\u00e3o do Baixo Pantanal registrou um marco hist\u00f3rico ao zerar os \u00f3bitos maternos no per\u00edodo analisado pelo 3\u00ba RDQA (Relat\u00f3rio Detalhado do Quadrimestre Anterior) de 2025. O resultado refor\u00e7a o impacto das a\u00e7\u00f5es de [&hellip;]<\/p>\n","protected":false},"author":2,"featured_media":393,"comment_status":"open","ping_status":"open","sticky":false,"template":"","format":"standard","meta":{"footnotes":""},"categories":[2,9],"tags":[],"class_list":["post-392","post","type-post","status-publish","format-standard","has-post-thumbnail","hentry","category-destaque","category-politica"],"yoast_head":"<!-- This site is optimized with the Yoast SEO plugin v27.1.1 - https:\/\/yoast.com\/product\/yoast-seo-wordpress\/ -->\n<title>Avan\u00e7os na assist\u00eancia fazem zerar \u00f3bito materno e reduzir mortalidade infantil - O PROGRESSO<\/title>\n<meta name=\"robots\" content=\"index, follow, max-snippet:-1, max-image-preview:large, max-video-preview:-1\" \/>\n<link rel=\"canonical\" href=\"https:\/\/progresso.com.br\/index.php\/2026\/03\/06\/avancos-na-assistencia-fazem-zerar-obito-materno-e-reduzir-mortalidade-infantil\/\" \/>\n<meta property=\"og:locale\" content=\"pt_BR\" \/>\n<meta property=\"og:type\" content=\"article\" \/>\n<meta property=\"og:title\" content=\"Avan\u00e7os na assist\u00eancia fazem zerar \u00f3bito materno e reduzir mortalidade infantil - O PROGRESSO\" \/>\n<meta property=\"og:description\" content=\"Resultados hist\u00f3ricos foram obtidos ap\u00f3s fortalecimento da rede de cuidado na regi\u00e3o, por meio do PlanificaSUS Andr\u00e9 Lima, Comunica\u00e7\u00e3o SES A Regi\u00e3o do Baixo Pantanal registrou um marco hist\u00f3rico ao zerar os \u00f3bitos maternos no per\u00edodo analisado pelo 3\u00ba RDQA (Relat\u00f3rio Detalhado do Quadrimestre Anterior) de 2025. O resultado refor\u00e7a o impacto das a\u00e7\u00f5es de [&hellip;]\" \/>\n<meta property=\"og:url\" content=\"https:\/\/progresso.com.br\/index.php\/2026\/03\/06\/avancos-na-assistencia-fazem-zerar-obito-materno-e-reduzir-mortalidade-infantil\/\" \/>\n<meta property=\"og:site_name\" content=\"O PROGRESSO\" \/>\n<meta property=\"article:publisher\" content=\"https:\/\/www.facebook.com\/share\/1CeoksKBj6\/\" \/>\n<meta property=\"article:published_time\" content=\"2026-03-06T19:35:42+00:00\" \/>\n<meta property=\"article:modified_time\" content=\"2026-03-06T20:28:29+00:00\" \/>\n<meta property=\"og:image\" content=\"https:\/\/progresso.com.br\/wp-content\/uploads\/2026\/03\/bebe-recem-nascido-HRMS-730x480-1.jpeg\" \/>\n\t<meta property=\"og:image:width\" content=\"730\" \/>\n\t<meta property=\"og:image:height\" content=\"480\" \/>\n\t<meta property=\"og:image:type\" content=\"image\/jpeg\" \/>\n<meta name=\"author\" content=\"Rose\" \/>\n<meta name=\"twitter:card\" content=\"summary_large_image\" \/>\n<meta name=\"twitter:label1\" content=\"Escrito por\" \/>\n\t<meta name=\"twitter:data1\" content=\"Rose\" \/>\n\t<meta name=\"twitter:label2\" content=\"Est. tempo de leitura\" \/>\n\t<meta name=\"twitter:data2\" content=\"3 minutos\" \/>\n<script type=\"application\/ld+json\" class=\"yoast-schema-graph\">{\"@context\":\"https:\/\/schema.org\",\"@graph\":[{\"@type\":\"Article\",\"@id\":\"https:\/\/progresso.com.br\/index.php\/2026\/03\/06\/avancos-na-assistencia-fazem-zerar-obito-materno-e-reduzir-mortalidade-infantil\/#article\",\"isPartOf\":{\"@id\":\"https:\/\/progresso.com.br\/index.php\/2026\/03\/06\/avancos-na-assistencia-fazem-zerar-obito-materno-e-reduzir-mortalidade-infantil\/\"},\"author\":{\"name\":\"Rose\",\"@id\":\"https:\/\/progresso.com.br\/#\/schema\/person\/5dd27138d4463fbbaace62120bfc002b\"},\"headline\":\"Avan\u00e7os na assist\u00eancia fazem zerar \u00f3bito materno e reduzir mortalidade infantil\",\"datePublished\":\"2026-03-06T19:35:42+00:00\",\"dateModified\":\"2026-03-06T20:28:29+00:00\",\"mainEntityOfPage\":{\"@id\":\"https:\/\/progresso.com.br\/index.php\/2026\/03\/06\/avancos-na-assistencia-fazem-zerar-obito-materno-e-reduzir-mortalidade-infantil\/\"},\"wordCount\":606,\"commentCount\":0,\"publisher\":{\"@id\":\"https:\/\/progresso.com.br\/#organization\"},\"image\":{\"@id\":\"https:\/\/progresso.com.br\/index.php\/2026\/03\/06\/avancos-na-assistencia-fazem-zerar-obito-materno-e-reduzir-mortalidade-infantil\/#primaryimage\"},\"thumbnailUrl\":\"https:\/\/progresso.com.br\/wp-content\/uploads\/2026\/03\/bebe-recem-nascido-HRMS-730x480-1.jpeg\",\"articleSection\":[\"Em destaque\",\"Pol\u00edtica\"],\"inLanguage\":\"pt-BR\",\"potentialAction\":[{\"@type\":\"CommentAction\",\"name\":\"Comment\",\"target\":[\"https:\/\/progresso.com.br\/index.php\/2026\/03\/06\/avancos-na-assistencia-fazem-zerar-obito-materno-e-reduzir-mortalidade-infantil\/#respond\"]}]},{\"@type\":\"WebPage\",\"@id\":\"https:\/\/progresso.com.br\/index.php\/2026\/03\/06\/avancos-na-assistencia-fazem-zerar-obito-materno-e-reduzir-mortalidade-infantil\/\",\"url\":\"https:\/\/progresso.com.br\/index.php\/2026\/03\/06\/avancos-na-assistencia-fazem-zerar-obito-materno-e-reduzir-mortalidade-infantil\/\",\"name\":\"Avan\u00e7os na assist\u00eancia fazem zerar \u00f3bito materno e reduzir mortalidade infantil - O PROGRESSO\",\"isPartOf\":{\"@id\":\"https:\/\/progresso.com.br\/#website\"},\"primaryImageOfPage\":{\"@id\":\"https:\/\/progresso.com.br\/index.php\/2026\/03\/06\/avancos-na-assistencia-fazem-zerar-obito-materno-e-reduzir-mortalidade-infantil\/#primaryimage\"},\"image\":{\"@id\":\"https:\/\/progresso.com.br\/index.php\/2026\/03\/06\/avancos-na-assistencia-fazem-zerar-obito-materno-e-reduzir-mortalidade-infantil\/#primaryimage\"},\"thumbnailUrl\":\"https:\/\/progresso.com.br\/wp-content\/uploads\/2026\/03\/bebe-recem-nascido-HRMS-730x480-1.jpeg\",\"datePublished\":\"2026-03-06T19:35:42+00:00\",\"dateModified\":\"2026-03-06T20:28:29+00:00\",\"breadcrumb\":{\"@id\":\"https:\/\/progresso.com.br\/index.php\/2026\/03\/06\/avancos-na-assistencia-fazem-zerar-obito-materno-e-reduzir-mortalidade-infantil\/#breadcrumb\"},\"inLanguage\":\"pt-BR\",\"potentialAction\":[{\"@type\":\"ReadAction\",\"target\":[\"https:\/\/progresso.com.br\/index.php\/2026\/03\/06\/avancos-na-assistencia-fazem-zerar-obito-materno-e-reduzir-mortalidade-infantil\/\"]}]},{\"@type\":\"ImageObject\",\"inLanguage\":\"pt-BR\",\"@id\":\"https:\/\/progresso.com.br\/index.php\/2026\/03\/06\/avancos-na-assistencia-fazem-zerar-obito-materno-e-reduzir-mortalidade-infantil\/#primaryimage\",\"url\":\"https:\/\/progresso.com.br\/wp-content\/uploads\/2026\/03\/bebe-recem-nascido-HRMS-730x480-1.jpeg\",\"contentUrl\":\"https:\/\/progresso.com.br\/wp-content\/uploads\/2026\/03\/bebe-recem-nascido-HRMS-730x480-1.jpeg\",\"width\":730,\"height\":480,\"caption\":\"Regi\u00e3o tamb\u00e9m apresentou redu\u00e7\u00e3o na taxa de mortalidade infantil (Foto: Bruno Rezende\/Secom-MS)\"},{\"@type\":\"BreadcrumbList\",\"@id\":\"https:\/\/progresso.com.br\/index.php\/2026\/03\/06\/avancos-na-assistencia-fazem-zerar-obito-materno-e-reduzir-mortalidade-infantil\/#breadcrumb\",\"itemListElement\":[{\"@type\":\"ListItem\",\"position\":1,\"name\":\"In\u00edcio\",\"item\":\"https:\/\/progresso.com.br\/\"},{\"@type\":\"ListItem\",\"position\":2,\"name\":\"Avan\u00e7os na assist\u00eancia fazem zerar \u00f3bito materno e reduzir mortalidade infantil\"}]},{\"@type\":\"WebSite\",\"@id\":\"https:\/\/progresso.com.br\/#website\",\"url\":\"https:\/\/progresso.com.br\/\",\"name\":\"O PROGRESSO\",\"description\":\"\",\"publisher\":{\"@id\":\"https:\/\/progresso.com.br\/#organization\"},\"potentialAction\":[{\"@type\":\"SearchAction\",\"target\":{\"@type\":\"EntryPoint\",\"urlTemplate\":\"https:\/\/progresso.com.br\/?s={search_term_string}\"},\"query-input\":{\"@type\":\"PropertyValueSpecification\",\"valueRequired\":true,\"valueName\":\"search_term_string\"}}],\"inLanguage\":\"pt-BR\"},{\"@type\":\"Organization\",\"@id\":\"https:\/\/progresso.com.br\/#organization\",\"name\":\"O PROGRESSO\",\"url\":\"https:\/\/progresso.com.br\/\",\"logo\":{\"@type\":\"ImageObject\",\"inLanguage\":\"pt-BR\",\"@id\":\"https:\/\/progresso.com.br\/#\/schema\/logo\/image\/\",\"url\":\"https:\/\/progresso.com.br\/wp-content\/uploads\/2026\/03\/logo_proog.jpg\",\"contentUrl\":\"https:\/\/progresso.com.br\/wp-content\/uploads\/2026\/03\/logo_proog.jpg\",\"width\":1960,\"height\":1080,\"caption\":\"O PROGRESSO\"},\"image\":{\"@id\":\"https:\/\/progresso.com.br\/#\/schema\/logo\/image\/\"},\"sameAs\":[\"https:\/\/www.facebook.com\/share\/1CeoksKBj6\/\",\"https:\/\/www.instagram.com\/oprogresso_digital\"]},{\"@type\":\"Person\",\"@id\":\"https:\/\/progresso.com.br\/#\/schema\/person\/5dd27138d4463fbbaace62120bfc002b\",\"name\":\"Rose\",\"image\":{\"@type\":\"ImageObject\",\"inLanguage\":\"pt-BR\",\"@id\":\"https:\/\/progresso.com.br\/#\/schema\/person\/image\/\",\"url\":\"https:\/\/secure.gravatar.com\/avatar\/1b6890e759cdd3a88d9f751cb423720b9861c5239167cd3586355638b6556599?s=96&d=mm&r=g\",\"contentUrl\":\"https:\/\/secure.gravatar.com\/avatar\/1b6890e759cdd3a88d9f751cb423720b9861c5239167cd3586355638b6556599?s=96&d=mm&r=g\",\"caption\":\"Rose\"},\"url\":\"https:\/\/progresso.com.br\/index.php\/author\/rose\/\"}]}<\/script>\n<!-- \/ Yoast SEO plugin. -->","yoast_head_json":{"title":"Avan\u00e7os na assist\u00eancia fazem zerar \u00f3bito materno e reduzir mortalidade infantil - O PROGRESSO","robots":{"index":"index","follow":"follow","max-snippet":"max-snippet:-1","max-image-preview":"max-image-preview:large","max-video-preview":"max-video-preview:-1"},"canonical":"https:\/\/progresso.com.br\/index.php\/2026\/03\/06\/avancos-na-assistencia-fazem-zerar-obito-materno-e-reduzir-mortalidade-infantil\/","og_locale":"pt_BR","og_type":"article","og_title":"Avan\u00e7os na assist\u00eancia fazem zerar \u00f3bito materno e reduzir mortalidade infantil - O PROGRESSO","og_description":"Resultados hist\u00f3ricos foram obtidos ap\u00f3s fortalecimento da rede de cuidado na regi\u00e3o, por meio do PlanificaSUS Andr\u00e9 Lima, Comunica\u00e7\u00e3o SES A Regi\u00e3o do Baixo Pantanal registrou um marco hist\u00f3rico ao zerar os \u00f3bitos maternos no per\u00edodo analisado pelo 3\u00ba RDQA (Relat\u00f3rio Detalhado do Quadrimestre Anterior) de 2025. O resultado refor\u00e7a o impacto das a\u00e7\u00f5es de [&hellip;]","og_url":"https:\/\/progresso.com.br\/index.php\/2026\/03\/06\/avancos-na-assistencia-fazem-zerar-obito-materno-e-reduzir-mortalidade-infantil\/","og_site_name":"O PROGRESSO","article_publisher":"https:\/\/www.facebook.com\/share\/1CeoksKBj6\/","article_published_time":"2026-03-06T19:35:42+00:00","article_modified_time":"2026-03-06T20:28:29+00:00","og_image":[{"width":730,"height":480,"url":"https:\/\/progresso.com.br\/wp-content\/uploads\/2026\/03\/bebe-recem-nascido-HRMS-730x480-1.jpeg","type":"image\/jpeg"}],"author":"Rose","twitter_card":"summary_large_image","twitter_misc":{"Escrito por":"Rose","Est. tempo de leitura":"3 minutos"},"schema":{"@context":"https:\/\/schema.org","@graph":[{"@type":"Article","@id":"https:\/\/progresso.com.br\/index.php\/2026\/03\/06\/avancos-na-assistencia-fazem-zerar-obito-materno-e-reduzir-mortalidade-infantil\/#article","isPartOf":{"@id":"https:\/\/progresso.com.br\/index.php\/2026\/03\/06\/avancos-na-assistencia-fazem-zerar-obito-materno-e-reduzir-mortalidade-infantil\/"},"author":{"name":"Rose","@id":"https:\/\/progresso.com.br\/#\/schema\/person\/5dd27138d4463fbbaace62120bfc002b"},"headline":"Avan\u00e7os na assist\u00eancia fazem zerar \u00f3bito materno e reduzir mortalidade infantil","datePublished":"2026-03-06T19:35:42+00:00","dateModified":"2026-03-06T20:28:29+00:00","mainEntityOfPage":{"@id":"https:\/\/progresso.com.br\/index.php\/2026\/03\/06\/avancos-na-assistencia-fazem-zerar-obito-materno-e-reduzir-mortalidade-infantil\/"},"wordCount":606,"commentCount":0,"publisher":{"@id":"https:\/\/progresso.com.br\/#organization"},"image":{"@id":"https:\/\/progresso.com.br\/index.php\/2026\/03\/06\/avancos-na-assistencia-fazem-zerar-obito-materno-e-reduzir-mortalidade-infantil\/#primaryimage"},"thumbnailUrl":"https:\/\/progresso.com.br\/wp-content\/uploads\/2026\/03\/bebe-recem-nascido-HRMS-730x480-1.jpeg","articleSection":["Em destaque","Pol\u00edtica"],"inLanguage":"pt-BR","potentialAction":[{"@type":"CommentAction","name":"Comment","target":["https:\/\/progresso.com.br\/index.php\/2026\/03\/06\/avancos-na-assistencia-fazem-zerar-obito-materno-e-reduzir-mortalidade-infantil\/#respond"]}]},{"@type":"WebPage","@id":"https:\/\/progresso.com.br\/index.php\/2026\/03\/06\/avancos-na-assistencia-fazem-zerar-obito-materno-e-reduzir-mortalidade-infantil\/","url":"https:\/\/progresso.com.br\/index.php\/2026\/03\/06\/avancos-na-assistencia-fazem-zerar-obito-materno-e-reduzir-mortalidade-infantil\/","name":"Avan\u00e7os na assist\u00eancia fazem zerar \u00f3bito materno e reduzir mortalidade infantil - O PROGRESSO","isPartOf":{"@id":"https:\/\/progresso.com.br\/#website"},"primaryImageOfPage":{"@id":"https:\/\/progresso.com.br\/index.php\/2026\/03\/06\/avancos-na-assistencia-fazem-zerar-obito-materno-e-reduzir-mortalidade-infantil\/#primaryimage"},"image":{"@id":"https:\/\/progresso.com.br\/index.php\/2026\/03\/06\/avancos-na-assistencia-fazem-zerar-obito-materno-e-reduzir-mortalidade-infantil\/#primaryimage"},"thumbnailUrl":"https:\/\/progresso.com.br\/wp-content\/uploads\/2026\/03\/bebe-recem-nascido-HRMS-730x480-1.jpeg","datePublished":"2026-03-06T19:35:42+00:00","dateModified":"2026-03-06T20:28:29+00:00","breadcrumb":{"@id":"https:\/\/progresso.com.br\/index.php\/2026\/03\/06\/avancos-na-assistencia-fazem-zerar-obito-materno-e-reduzir-mortalidade-infantil\/#breadcrumb"},"inLanguage":"pt-BR","potentialAction":[{"@type":"ReadAction","target":["https:\/\/progresso.com.br\/index.php\/2026\/03\/06\/avancos-na-assistencia-fazem-zerar-obito-materno-e-reduzir-mortalidade-infantil\/"]}]},{"@type":"ImageObject","inLanguage":"pt-BR","@id":"https:\/\/progresso.com.br\/index.php\/2026\/03\/06\/avancos-na-assistencia-fazem-zerar-obito-materno-e-reduzir-mortalidade-infantil\/#primaryimage","url":"https:\/\/progresso.com.br\/wp-content\/uploads\/2026\/03\/bebe-recem-nascido-HRMS-730x480-1.jpeg","contentUrl":"https:\/\/progresso.com.br\/wp-content\/uploads\/2026\/03\/bebe-recem-nascido-HRMS-730x480-1.jpeg","width":730,"height":480,"caption":"Regi\u00e3o tamb\u00e9m apresentou redu\u00e7\u00e3o na taxa de mortalidade infantil (Foto: Bruno Rezende\/Secom-MS)"},{"@type":"BreadcrumbList","@id":"https:\/\/progresso.com.br\/index.php\/2026\/03\/06\/avancos-na-assistencia-fazem-zerar-obito-materno-e-reduzir-mortalidade-infantil\/#breadcrumb","itemListElement":[{"@type":"ListItem","position":1,"name":"In\u00edcio","item":"https:\/\/progresso.com.br\/"},{"@type":"ListItem","position":2,"name":"Avan\u00e7os na assist\u00eancia fazem zerar \u00f3bito materno e reduzir mortalidade infantil"}]},{"@type":"WebSite","@id":"https:\/\/progresso.com.br\/#website","url":"https:\/\/progresso.com.br\/","name":"O PROGRESSO","description":"","publisher":{"@id":"https:\/\/progresso.com.br\/#organization"},"potentialAction":[{"@type":"SearchAction","target":{"@type":"EntryPoint","urlTemplate":"https:\/\/progresso.com.br\/?s={search_term_string}"},"query-input":{"@type":"PropertyValueSpecification","valueRequired":true,"valueName":"search_term_string"}}],"inLanguage":"pt-BR"},{"@type":"Organization","@id":"https:\/\/progresso.com.br\/#organization","name":"O PROGRESSO","url":"https:\/\/progresso.com.br\/","logo":{"@type":"ImageObject","inLanguage":"pt-BR","@id":"https:\/\/progresso.com.br\/#\/schema\/logo\/image\/","url":"https:\/\/progresso.com.br\/wp-content\/uploads\/2026\/03\/logo_proog.jpg","contentUrl":"https:\/\/progresso.com.br\/wp-content\/uploads\/2026\/03\/logo_proog.jpg","width":1960,"height":1080,"caption":"O PROGRESSO"},"image":{"@id":"https:\/\/progresso.com.br\/#\/schema\/logo\/image\/"},"sameAs":["https:\/\/www.facebook.com\/share\/1CeoksKBj6\/","https:\/\/www.instagram.com\/oprogresso_digital"]},{"@type":"Person","@id":"https:\/\/progresso.com.br\/#\/schema\/person\/5dd27138d4463fbbaace62120bfc002b","name":"Rose","image":{"@type":"ImageObject","inLanguage":"pt-BR","@id":"https:\/\/progresso.com.br\/#\/schema\/person\/image\/","url":"https:\/\/secure.gravatar.com\/avatar\/1b6890e759cdd3a88d9f751cb423720b9861c5239167cd3586355638b6556599?s=96&d=mm&r=g","contentUrl":"https:\/\/secure.gravatar.com\/avatar\/1b6890e759cdd3a88d9f751cb423720b9861c5239167cd3586355638b6556599?s=96&d=mm&r=g","caption":"Rose"},"url":"https:\/\/progresso.com.br\/index.php\/author\/rose\/"}]}},"_links":{"self":[{"href":"https:\/\/progresso.com.br\/index.php\/wp-json\/wp\/v2\/posts\/392","targetHints":{"allow":["GET"]}}],"collection":[{"href":"https:\/\/progresso.com.br\/index.php\/wp-json\/wp\/v2\/posts"}],"about":[{"href":"https:\/\/progresso.com.br\/index.php\/wp-json\/wp\/v2\/types\/post"}],"author":[{"embeddable":true,"href":"https:\/\/progresso.com.br\/index.php\/wp-json\/wp\/v2\/users\/2"}],"replies":[{"embeddable":true,"href":"https:\/\/progresso.com.br\/index.php\/wp-json\/wp\/v2\/comments?post=392"}],"version-history":[{"count":6,"href":"https:\/\/progresso.com.br\/index.php\/wp-json\/wp\/v2\/posts\/392\/revisions"}],"predecessor-version":[{"id":417,"href":"https:\/\/progresso.com.br\/index.php\/wp-json\/wp\/v2\/posts\/392\/revisions\/417"}],"wp:featuredmedia":[{"embeddable":true,"href":"https:\/\/progresso.com.br\/index.php\/wp-json\/wp\/v2\/media\/393"}],"wp:attachment":[{"href":"https:\/\/progresso.com.br\/index.php\/wp-json\/wp\/v2\/media?parent=392"}],"wp:term":[{"taxonomy":"category","embeddable":true,"href":"https:\/\/progresso.com.br\/index.php\/wp-json\/wp\/v2\/categories?post=392"},{"taxonomy":"post_tag","embeddable":true,"href":"https:\/\/progresso.com.br\/index.php\/wp-json\/wp\/v2\/tags?post=392"}],"curies":[{"name":"wp","href":"https:\/\/api.w.org\/{rel}","templated":true}]}}