{"id":402,"date":"2026-03-06T17:04:02","date_gmt":"2026-03-06T20:04:02","guid":{"rendered":"https:\/\/10nl.com.br\/?p=402"},"modified":"2026-03-06T17:04:03","modified_gmt":"2026-03-06T20:04:03","slug":"senado-aprova-ampliacao-gradual-da-licenca-paternidade-que-chegara-a-20-dias","status":"publish","type":"post","link":"https:\/\/progresso.com.br\/index.php\/2026\/03\/06\/senado-aprova-ampliacao-gradual-da-licenca-paternidade-que-chegara-a-20-dias\/","title":{"rendered":"Senado aprova amplia\u00e7\u00e3o gradual da licen\u00e7a paternidade, que chegar\u00e1 a 20 dias"},"content":{"rendered":"\n<p><strong><em>Medida integra o plano Brasil que Cuida e promove a corresponsabilidade no cuidado familiar. Texto aprovado garante prote\u00e7\u00e3o previdenci\u00e1ria aos trabalhadores<\/em><\/strong><\/p>\n\n\n\n<p><br><em>Por MDS<\/em><\/p>\n\n\n\n<p>Cuidar tamb\u00e9m \u00e9 responsabilidade dos pais, e essa ideia acaba de ganhar mais espa\u00e7o na legisla\u00e7\u00e3o brasileira. O Senado Federal aprovou, nesta quarta-feira (04.03), o projeto de lei que amplia, de forma gradual, o per\u00edodo da licen\u00e7a-paternidade no pa\u00eds. A proposta, que agora segue para san\u00e7\u00e3o do presidente Luiz In\u00e1cio Lula da Silva, regulamenta um direito previsto desde a Constitui\u00e7\u00e3o de 1988 e institui o pagamento do sal\u00e1rio-paternidade pelo Governo do Brasil, por meio da Previd\u00eancia Social.<\/p>\n\n\n\n<p>O texto final, relatado pela senadora Ana Paula Lobato (PSB-MA), estabelece que a licen\u00e7a passar\u00e1 dos atuais cinco dias para dez dias em 2027, 15 dias em 2028 e chegar\u00e1 a 20 dias em 2029. A medida atende a determina\u00e7\u00e3o do Supremo Tribunal Federal (STF), que, em 2023 reconheceu a omiss\u00e3o do Congresso Nacional sobre o tema na A\u00e7\u00e3o Direta de Inconstitucionalidade por Omiss\u00e3o (ADO) n\u00ba 20\/DF. A implementa\u00e7\u00e3o gradual foi o caminho adotado para equilibrar a urg\u00eancia social com a responsabilidade fiscal.<\/p>\n\n\n\n<p>A ADO foi solicitada pela Confedera\u00e7\u00e3o Nacional dos Trabalhadores na Sa\u00fade (CNTS).<\/p>\n\n\n\n<p>Para a diretora de Economia do Cuidado da Secretaria Nacional da Pol\u00edtica de Cuidados e Fam\u00edlia (SNCF), Luana Pinheiro, a aprova\u00e7\u00e3o representa um avan\u00e7o na transforma\u00e7\u00e3o da organiza\u00e7\u00e3o social dos cuidados no pa\u00eds. \u201cEste resultado n\u00e3o \u00e9 apenas uma vit\u00f3ria legislativa, mas o reflexo de uma constru\u00e7\u00e3o coletiva que coloca o cuidado como uma agenda p\u00fablica e compartilhada\u201d, afirma a diretora.<\/p>\n\n\n\n<p>Segundo Pinheiro, a medida responde a uma demanda hist\u00f3rica reafirmada na 5\u00aa Confer\u00eancia Nacional de Pol\u00edticas para as Mulheres. \u201cSabemos que a amplia\u00e7\u00e3o da licen\u00e7a-paternidade para 20 dias ainda est\u00e1 aqu\u00e9m do ideal, mas representa um avan\u00e7o muito importante. Ela contribui para fortalecer a corresponsabiliza\u00e7\u00e3o entre homens e mulheres no cuidado com filhos desde os primeiros dias de vida, sendo um resultado importante da implementa\u00e7\u00e3o da Pol\u00edtica Nacional de Cuidados, demonstrando o compromisso deste governo com a garantia do direito ao cuidado e com a promo\u00e7\u00e3o de uma organiza\u00e7\u00e3o social dos cuidados mais justa e sustent\u00e1vel\u201d, defende.<\/p>\n\n\n\n<p><strong>Benef\u00edcios e prote\u00e7\u00e3o social<\/strong><\/p>\n\n\n\n<p>A nova legisla\u00e7\u00e3o aproxima as regras da paternidade do modelo de prote\u00e7\u00e3o j\u00e1 conferido \u00e0 maternidade. Al\u00e9m da amplia\u00e7\u00e3o do prazo, o projeto garante estabilidade provis\u00f3ria ao pai e o pagamento integral do benef\u00edcio pelo Regime Geral de Previd\u00eancia Social (RGPS), o que reduz a resist\u00eancia na contrata\u00e7\u00e3o decorrentes do custo do afastamento.<\/p>\n\n\n\n<p>O texto tamb\u00e9m prev\u00ea situa\u00e7\u00f5es espec\u00edficas de vulnerabilidade:<\/p>\n\n\n\n<ul class=\"wp-block-list\">\n<li>Filhos com defici\u00eancia: O per\u00edodo de licen\u00e7a ter\u00e1 acr\u00e9scimo de um ter\u00e7o.<\/li>\n\n\n\n<li>Ado\u00e7\u00e3o: O direito \u00e9 estendido a adotantes e a casos de guarda judicial para fins de ado\u00e7\u00e3o.<\/li>\n\n\n\n<li>Casos excepcionais: O benef\u00edcio ser\u00e1 mantido em situa\u00e7\u00f5es de falecimento da m\u00e3e ou parto antecipado.<\/li>\n\n\n\n<li>Veda\u00e7\u00f5es: A licen\u00e7a poder\u00e1 ser suspensa ou indeferida caso existam elementos concretos de viol\u00eancia dom\u00e9stica ou abandono material praticado pelo pai.<\/li>\n<\/ul>\n\n\n\n<p><strong>Articula\u00e7\u00e3o e Pol\u00edtica de Cuidados<\/strong><\/p>\n\n\n\n<p>A aprova\u00e7\u00e3o \u00e9 considerada um resultado relevante da Pol\u00edtica Nacional de Cuidados, coordenada pela&nbsp; Secretaria Nacional da Pol\u00edtica de Cuidados e Fam\u00edlia (SNCF) do Minist\u00e9rio do Desenvolvimento e Assist\u00eancia Social, Fam\u00edlia e Combate \u00e0 Fome (MDS).<\/p>\n\n\n\n<p>Desde 2023, a pasta participa do grupo de trabalho institu\u00eddo no Parlamento para discutir a proposta, buscando alternativas para a amplia\u00e7\u00e3o da licen\u00e7a-paternidade que considerassem as preocupa\u00e7\u00f5es de diferentes minist\u00e9rios e garantissem alinhamento com a Pol\u00edtica e o Plano Nacional de Cuidados, institu\u00eddos pela Lei n\u00ba 15.069\/2024 e pelo Decreto n\u00ba 12.562\/2025.<\/p>\n\n\n\n<p>Mais informa\u00e7\u00f5es sobre as a\u00e7\u00f5es que comp\u00f5em o Plano Nacional de Cuidados est\u00e3o dispon\u00edveis no portal oficial\u00a0<a href=\"https:\/\/www.gov.br\/mds\/pt-br\/acoes-e-programas\/brasil-que-cuida\">gov.br\/brasilquecuida\u00a0<\/a>.<br><br>O acompanhamento das metas e entregas do plano pode ser realizado de forma transparente por meio do\u00a0<a href=\"https:\/\/paineis.mds.gov.br\/public\/Brasil_Que_Cuida\/Brasil_Que_Cuida.html\">Painel Interativo do Brasil que Cuida\u00a0<\/a>.<br><\/p>\n","protected":false},"excerpt":{"rendered":"<p>Medida integra o plano Brasil que Cuida e promove a corresponsabilidade no cuidado familiar. Texto aprovado garante prote\u00e7\u00e3o previdenci\u00e1ria aos trabalhadores Por MDS Cuidar tamb\u00e9m \u00e9 responsabilidade dos pais, e essa ideia acaba de ganhar mais espa\u00e7o na legisla\u00e7\u00e3o brasileira. O Senado Federal aprovou, nesta quarta-feira (04.03), o projeto de lei que amplia, de forma [&hellip;]<\/p>\n","protected":false},"author":2,"featured_media":403,"comment_status":"open","ping_status":"open","sticky":false,"template":"","format":"standard","meta":{"footnotes":""},"categories":[9],"tags":[],"class_list":["post-402","post","type-post","status-publish","format-standard","has-post-thumbnail","hentry","category-politica"],"yoast_head":"<!-- This site is optimized with the Yoast SEO plugin v27.1.1 - https:\/\/yoast.com\/product\/yoast-seo-wordpress\/ -->\n<title>Senado aprova amplia\u00e7\u00e3o gradual da licen\u00e7a paternidade, que chegar\u00e1 a 20 dias - O PROGRESSO<\/title>\n<meta name=\"robots\" content=\"index, follow, max-snippet:-1, max-image-preview:large, max-video-preview:-1\" \/>\n<link rel=\"canonical\" href=\"https:\/\/progresso.com.br\/index.php\/2026\/03\/06\/senado-aprova-ampliacao-gradual-da-licenca-paternidade-que-chegara-a-20-dias\/\" \/>\n<meta property=\"og:locale\" content=\"pt_BR\" \/>\n<meta property=\"og:type\" content=\"article\" \/>\n<meta property=\"og:title\" content=\"Senado aprova amplia\u00e7\u00e3o gradual da licen\u00e7a paternidade, que chegar\u00e1 a 20 dias - O PROGRESSO\" \/>\n<meta property=\"og:description\" content=\"Medida integra o plano Brasil que Cuida e promove a corresponsabilidade no cuidado familiar. Texto aprovado garante prote\u00e7\u00e3o previdenci\u00e1ria aos trabalhadores Por MDS Cuidar tamb\u00e9m \u00e9 responsabilidade dos pais, e essa ideia acaba de ganhar mais espa\u00e7o na legisla\u00e7\u00e3o brasileira. O Senado Federal aprovou, nesta quarta-feira (04.03), o projeto de lei que amplia, de forma [&hellip;]\" \/>\n<meta property=\"og:url\" content=\"https:\/\/progresso.com.br\/index.php\/2026\/03\/06\/senado-aprova-ampliacao-gradual-da-licenca-paternidade-que-chegara-a-20-dias\/\" \/>\n<meta property=\"og:site_name\" content=\"O PROGRESSO\" \/>\n<meta property=\"article:publisher\" content=\"https:\/\/www.facebook.com\/share\/1CeoksKBj6\/\" \/>\n<meta property=\"article:published_time\" content=\"2026-03-06T20:04:02+00:00\" \/>\n<meta property=\"article:modified_time\" content=\"2026-03-06T20:04:03+00:00\" \/>\n<meta property=\"og:image\" content=\"https:\/\/progresso.com.br\/wp-content\/uploads\/2026\/03\/pai.png\" \/>\n\t<meta property=\"og:image:width\" content=\"730\" \/>\n\t<meta property=\"og:image:height\" content=\"456\" \/>\n\t<meta property=\"og:image:type\" content=\"image\/png\" \/>\n<meta name=\"author\" content=\"Rose\" \/>\n<meta name=\"twitter:card\" content=\"summary_large_image\" \/>\n<meta name=\"twitter:label1\" content=\"Escrito por\" \/>\n\t<meta name=\"twitter:data1\" content=\"Rose\" \/>\n\t<meta name=\"twitter:label2\" content=\"Est. tempo de leitura\" \/>\n\t<meta name=\"twitter:data2\" content=\"3 minutos\" \/>\n<script type=\"application\/ld+json\" class=\"yoast-schema-graph\">{\"@context\":\"https:\/\/schema.org\",\"@graph\":[{\"@type\":\"Article\",\"@id\":\"https:\/\/progresso.com.br\/index.php\/2026\/03\/06\/senado-aprova-ampliacao-gradual-da-licenca-paternidade-que-chegara-a-20-dias\/#article\",\"isPartOf\":{\"@id\":\"https:\/\/progresso.com.br\/index.php\/2026\/03\/06\/senado-aprova-ampliacao-gradual-da-licenca-paternidade-que-chegara-a-20-dias\/\"},\"author\":{\"name\":\"Rose\",\"@id\":\"https:\/\/progresso.com.br\/#\/schema\/person\/5dd27138d4463fbbaace62120bfc002b\"},\"headline\":\"Senado aprova amplia\u00e7\u00e3o gradual da licen\u00e7a paternidade, que chegar\u00e1 a 20 dias\",\"datePublished\":\"2026-03-06T20:04:02+00:00\",\"dateModified\":\"2026-03-06T20:04:03+00:00\",\"mainEntityOfPage\":{\"@id\":\"https:\/\/progresso.com.br\/index.php\/2026\/03\/06\/senado-aprova-ampliacao-gradual-da-licenca-paternidade-que-chegara-a-20-dias\/\"},\"wordCount\":709,\"commentCount\":0,\"publisher\":{\"@id\":\"https:\/\/progresso.com.br\/#organization\"},\"image\":{\"@id\":\"https:\/\/progresso.com.br\/index.php\/2026\/03\/06\/senado-aprova-ampliacao-gradual-da-licenca-paternidade-que-chegara-a-20-dias\/#primaryimage\"},\"thumbnailUrl\":\"https:\/\/progresso.com.br\/wp-content\/uploads\/2026\/03\/pai.png\",\"articleSection\":[\"Pol\u00edtica\"],\"inLanguage\":\"pt-BR\",\"potentialAction\":[{\"@type\":\"CommentAction\",\"name\":\"Comment\",\"target\":[\"https:\/\/progresso.com.br\/index.php\/2026\/03\/06\/senado-aprova-ampliacao-gradual-da-licenca-paternidade-que-chegara-a-20-dias\/#respond\"]}]},{\"@type\":\"WebPage\",\"@id\":\"https:\/\/progresso.com.br\/index.php\/2026\/03\/06\/senado-aprova-ampliacao-gradual-da-licenca-paternidade-que-chegara-a-20-dias\/\",\"url\":\"https:\/\/progresso.com.br\/index.php\/2026\/03\/06\/senado-aprova-ampliacao-gradual-da-licenca-paternidade-que-chegara-a-20-dias\/\",\"name\":\"Senado aprova amplia\u00e7\u00e3o gradual da licen\u00e7a paternidade, que chegar\u00e1 a 20 dias - O PROGRESSO\",\"isPartOf\":{\"@id\":\"https:\/\/progresso.com.br\/#website\"},\"primaryImageOfPage\":{\"@id\":\"https:\/\/progresso.com.br\/index.php\/2026\/03\/06\/senado-aprova-ampliacao-gradual-da-licenca-paternidade-que-chegara-a-20-dias\/#primaryimage\"},\"image\":{\"@id\":\"https:\/\/progresso.com.br\/index.php\/2026\/03\/06\/senado-aprova-ampliacao-gradual-da-licenca-paternidade-que-chegara-a-20-dias\/#primaryimage\"},\"thumbnailUrl\":\"https:\/\/progresso.com.br\/wp-content\/uploads\/2026\/03\/pai.png\",\"datePublished\":\"2026-03-06T20:04:02+00:00\",\"dateModified\":\"2026-03-06T20:04:03+00:00\",\"breadcrumb\":{\"@id\":\"https:\/\/progresso.com.br\/index.php\/2026\/03\/06\/senado-aprova-ampliacao-gradual-da-licenca-paternidade-que-chegara-a-20-dias\/#breadcrumb\"},\"inLanguage\":\"pt-BR\",\"potentialAction\":[{\"@type\":\"ReadAction\",\"target\":[\"https:\/\/progresso.com.br\/index.php\/2026\/03\/06\/senado-aprova-ampliacao-gradual-da-licenca-paternidade-que-chegara-a-20-dias\/\"]}]},{\"@type\":\"ImageObject\",\"inLanguage\":\"pt-BR\",\"@id\":\"https:\/\/progresso.com.br\/index.php\/2026\/03\/06\/senado-aprova-ampliacao-gradual-da-licenca-paternidade-que-chegara-a-20-dias\/#primaryimage\",\"url\":\"https:\/\/progresso.com.br\/wp-content\/uploads\/2026\/03\/pai.png\",\"contentUrl\":\"https:\/\/progresso.com.br\/wp-content\/uploads\/2026\/03\/pai.png\",\"width\":730,\"height\":456},{\"@type\":\"BreadcrumbList\",\"@id\":\"https:\/\/progresso.com.br\/index.php\/2026\/03\/06\/senado-aprova-ampliacao-gradual-da-licenca-paternidade-que-chegara-a-20-dias\/#breadcrumb\",\"itemListElement\":[{\"@type\":\"ListItem\",\"position\":1,\"name\":\"In\u00edcio\",\"item\":\"https:\/\/progresso.com.br\/\"},{\"@type\":\"ListItem\",\"position\":2,\"name\":\"Senado aprova amplia\u00e7\u00e3o gradual da licen\u00e7a paternidade, que chegar\u00e1 a 20 dias\"}]},{\"@type\":\"WebSite\",\"@id\":\"https:\/\/progresso.com.br\/#website\",\"url\":\"https:\/\/progresso.com.br\/\",\"name\":\"O PROGRESSO\",\"description\":\"\",\"publisher\":{\"@id\":\"https:\/\/progresso.com.br\/#organization\"},\"potentialAction\":[{\"@type\":\"SearchAction\",\"target\":{\"@type\":\"EntryPoint\",\"urlTemplate\":\"https:\/\/progresso.com.br\/?s={search_term_string}\"},\"query-input\":{\"@type\":\"PropertyValueSpecification\",\"valueRequired\":true,\"valueName\":\"search_term_string\"}}],\"inLanguage\":\"pt-BR\"},{\"@type\":\"Organization\",\"@id\":\"https:\/\/progresso.com.br\/#organization\",\"name\":\"O PROGRESSO\",\"url\":\"https:\/\/progresso.com.br\/\",\"logo\":{\"@type\":\"ImageObject\",\"inLanguage\":\"pt-BR\",\"@id\":\"https:\/\/progresso.com.br\/#\/schema\/logo\/image\/\",\"url\":\"https:\/\/progresso.com.br\/wp-content\/uploads\/2026\/03\/logo_proog.jpg\",\"contentUrl\":\"https:\/\/progresso.com.br\/wp-content\/uploads\/2026\/03\/logo_proog.jpg\",\"width\":1960,\"height\":1080,\"caption\":\"O PROGRESSO\"},\"image\":{\"@id\":\"https:\/\/progresso.com.br\/#\/schema\/logo\/image\/\"},\"sameAs\":[\"https:\/\/www.facebook.com\/share\/1CeoksKBj6\/\",\"https:\/\/www.instagram.com\/oprogresso_digital\"]},{\"@type\":\"Person\",\"@id\":\"https:\/\/progresso.com.br\/#\/schema\/person\/5dd27138d4463fbbaace62120bfc002b\",\"name\":\"Rose\",\"image\":{\"@type\":\"ImageObject\",\"inLanguage\":\"pt-BR\",\"@id\":\"https:\/\/progresso.com.br\/#\/schema\/person\/image\/\",\"url\":\"https:\/\/secure.gravatar.com\/avatar\/1b6890e759cdd3a88d9f751cb423720b9861c5239167cd3586355638b6556599?s=96&d=mm&r=g\",\"contentUrl\":\"https:\/\/secure.gravatar.com\/avatar\/1b6890e759cdd3a88d9f751cb423720b9861c5239167cd3586355638b6556599?s=96&d=mm&r=g\",\"caption\":\"Rose\"},\"url\":\"https:\/\/progresso.com.br\/index.php\/author\/rose\/\"}]}<\/script>\n<!-- \/ Yoast SEO plugin. -->","yoast_head_json":{"title":"Senado aprova amplia\u00e7\u00e3o gradual da licen\u00e7a paternidade, que chegar\u00e1 a 20 dias - O PROGRESSO","robots":{"index":"index","follow":"follow","max-snippet":"max-snippet:-1","max-image-preview":"max-image-preview:large","max-video-preview":"max-video-preview:-1"},"canonical":"https:\/\/progresso.com.br\/index.php\/2026\/03\/06\/senado-aprova-ampliacao-gradual-da-licenca-paternidade-que-chegara-a-20-dias\/","og_locale":"pt_BR","og_type":"article","og_title":"Senado aprova amplia\u00e7\u00e3o gradual da licen\u00e7a paternidade, que chegar\u00e1 a 20 dias - O PROGRESSO","og_description":"Medida integra o plano Brasil que Cuida e promove a corresponsabilidade no cuidado familiar. Texto aprovado garante prote\u00e7\u00e3o previdenci\u00e1ria aos trabalhadores Por MDS Cuidar tamb\u00e9m \u00e9 responsabilidade dos pais, e essa ideia acaba de ganhar mais espa\u00e7o na legisla\u00e7\u00e3o brasileira. O Senado Federal aprovou, nesta quarta-feira (04.03), o projeto de lei que amplia, de forma [&hellip;]","og_url":"https:\/\/progresso.com.br\/index.php\/2026\/03\/06\/senado-aprova-ampliacao-gradual-da-licenca-paternidade-que-chegara-a-20-dias\/","og_site_name":"O PROGRESSO","article_publisher":"https:\/\/www.facebook.com\/share\/1CeoksKBj6\/","article_published_time":"2026-03-06T20:04:02+00:00","article_modified_time":"2026-03-06T20:04:03+00:00","og_image":[{"width":730,"height":456,"url":"https:\/\/progresso.com.br\/wp-content\/uploads\/2026\/03\/pai.png","type":"image\/png"}],"author":"Rose","twitter_card":"summary_large_image","twitter_misc":{"Escrito por":"Rose","Est. tempo de leitura":"3 minutos"},"schema":{"@context":"https:\/\/schema.org","@graph":[{"@type":"Article","@id":"https:\/\/progresso.com.br\/index.php\/2026\/03\/06\/senado-aprova-ampliacao-gradual-da-licenca-paternidade-que-chegara-a-20-dias\/#article","isPartOf":{"@id":"https:\/\/progresso.com.br\/index.php\/2026\/03\/06\/senado-aprova-ampliacao-gradual-da-licenca-paternidade-que-chegara-a-20-dias\/"},"author":{"name":"Rose","@id":"https:\/\/progresso.com.br\/#\/schema\/person\/5dd27138d4463fbbaace62120bfc002b"},"headline":"Senado aprova amplia\u00e7\u00e3o gradual da licen\u00e7a paternidade, que chegar\u00e1 a 20 dias","datePublished":"2026-03-06T20:04:02+00:00","dateModified":"2026-03-06T20:04:03+00:00","mainEntityOfPage":{"@id":"https:\/\/progresso.com.br\/index.php\/2026\/03\/06\/senado-aprova-ampliacao-gradual-da-licenca-paternidade-que-chegara-a-20-dias\/"},"wordCount":709,"commentCount":0,"publisher":{"@id":"https:\/\/progresso.com.br\/#organization"},"image":{"@id":"https:\/\/progresso.com.br\/index.php\/2026\/03\/06\/senado-aprova-ampliacao-gradual-da-licenca-paternidade-que-chegara-a-20-dias\/#primaryimage"},"thumbnailUrl":"https:\/\/progresso.com.br\/wp-content\/uploads\/2026\/03\/pai.png","articleSection":["Pol\u00edtica"],"inLanguage":"pt-BR","potentialAction":[{"@type":"CommentAction","name":"Comment","target":["https:\/\/progresso.com.br\/index.php\/2026\/03\/06\/senado-aprova-ampliacao-gradual-da-licenca-paternidade-que-chegara-a-20-dias\/#respond"]}]},{"@type":"WebPage","@id":"https:\/\/progresso.com.br\/index.php\/2026\/03\/06\/senado-aprova-ampliacao-gradual-da-licenca-paternidade-que-chegara-a-20-dias\/","url":"https:\/\/progresso.com.br\/index.php\/2026\/03\/06\/senado-aprova-ampliacao-gradual-da-licenca-paternidade-que-chegara-a-20-dias\/","name":"Senado aprova amplia\u00e7\u00e3o gradual da licen\u00e7a paternidade, que chegar\u00e1 a 20 dias - O PROGRESSO","isPartOf":{"@id":"https:\/\/progresso.com.br\/#website"},"primaryImageOfPage":{"@id":"https:\/\/progresso.com.br\/index.php\/2026\/03\/06\/senado-aprova-ampliacao-gradual-da-licenca-paternidade-que-chegara-a-20-dias\/#primaryimage"},"image":{"@id":"https:\/\/progresso.com.br\/index.php\/2026\/03\/06\/senado-aprova-ampliacao-gradual-da-licenca-paternidade-que-chegara-a-20-dias\/#primaryimage"},"thumbnailUrl":"https:\/\/progresso.com.br\/wp-content\/uploads\/2026\/03\/pai.png","datePublished":"2026-03-06T20:04:02+00:00","dateModified":"2026-03-06T20:04:03+00:00","breadcrumb":{"@id":"https:\/\/progresso.com.br\/index.php\/2026\/03\/06\/senado-aprova-ampliacao-gradual-da-licenca-paternidade-que-chegara-a-20-dias\/#breadcrumb"},"inLanguage":"pt-BR","potentialAction":[{"@type":"ReadAction","target":["https:\/\/progresso.com.br\/index.php\/2026\/03\/06\/senado-aprova-ampliacao-gradual-da-licenca-paternidade-que-chegara-a-20-dias\/"]}]},{"@type":"ImageObject","inLanguage":"pt-BR","@id":"https:\/\/progresso.com.br\/index.php\/2026\/03\/06\/senado-aprova-ampliacao-gradual-da-licenca-paternidade-que-chegara-a-20-dias\/#primaryimage","url":"https:\/\/progresso.com.br\/wp-content\/uploads\/2026\/03\/pai.png","contentUrl":"https:\/\/progresso.com.br\/wp-content\/uploads\/2026\/03\/pai.png","width":730,"height":456},{"@type":"BreadcrumbList","@id":"https:\/\/progresso.com.br\/index.php\/2026\/03\/06\/senado-aprova-ampliacao-gradual-da-licenca-paternidade-que-chegara-a-20-dias\/#breadcrumb","itemListElement":[{"@type":"ListItem","position":1,"name":"In\u00edcio","item":"https:\/\/progresso.com.br\/"},{"@type":"ListItem","position":2,"name":"Senado aprova amplia\u00e7\u00e3o gradual da licen\u00e7a paternidade, que chegar\u00e1 a 20 dias"}]},{"@type":"WebSite","@id":"https:\/\/progresso.com.br\/#website","url":"https:\/\/progresso.com.br\/","name":"O PROGRESSO","description":"","publisher":{"@id":"https:\/\/progresso.com.br\/#organization"},"potentialAction":[{"@type":"SearchAction","target":{"@type":"EntryPoint","urlTemplate":"https:\/\/progresso.com.br\/?s={search_term_string}"},"query-input":{"@type":"PropertyValueSpecification","valueRequired":true,"valueName":"search_term_string"}}],"inLanguage":"pt-BR"},{"@type":"Organization","@id":"https:\/\/progresso.com.br\/#organization","name":"O PROGRESSO","url":"https:\/\/progresso.com.br\/","logo":{"@type":"ImageObject","inLanguage":"pt-BR","@id":"https:\/\/progresso.com.br\/#\/schema\/logo\/image\/","url":"https:\/\/progresso.com.br\/wp-content\/uploads\/2026\/03\/logo_proog.jpg","contentUrl":"https:\/\/progresso.com.br\/wp-content\/uploads\/2026\/03\/logo_proog.jpg","width":1960,"height":1080,"caption":"O PROGRESSO"},"image":{"@id":"https:\/\/progresso.com.br\/#\/schema\/logo\/image\/"},"sameAs":["https:\/\/www.facebook.com\/share\/1CeoksKBj6\/","https:\/\/www.instagram.com\/oprogresso_digital"]},{"@type":"Person","@id":"https:\/\/progresso.com.br\/#\/schema\/person\/5dd27138d4463fbbaace62120bfc002b","name":"Rose","image":{"@type":"ImageObject","inLanguage":"pt-BR","@id":"https:\/\/progresso.com.br\/#\/schema\/person\/image\/","url":"https:\/\/secure.gravatar.com\/avatar\/1b6890e759cdd3a88d9f751cb423720b9861c5239167cd3586355638b6556599?s=96&d=mm&r=g","contentUrl":"https:\/\/secure.gravatar.com\/avatar\/1b6890e759cdd3a88d9f751cb423720b9861c5239167cd3586355638b6556599?s=96&d=mm&r=g","caption":"Rose"},"url":"https:\/\/progresso.com.br\/index.php\/author\/rose\/"}]}},"_links":{"self":[{"href":"https:\/\/progresso.com.br\/index.php\/wp-json\/wp\/v2\/posts\/402","targetHints":{"allow":["GET"]}}],"collection":[{"href":"https:\/\/progresso.com.br\/index.php\/wp-json\/wp\/v2\/posts"}],"about":[{"href":"https:\/\/progresso.com.br\/index.php\/wp-json\/wp\/v2\/types\/post"}],"author":[{"embeddable":true,"href":"https:\/\/progresso.com.br\/index.php\/wp-json\/wp\/v2\/users\/2"}],"replies":[{"embeddable":true,"href":"https:\/\/progresso.com.br\/index.php\/wp-json\/wp\/v2\/comments?post=402"}],"version-history":[{"count":1,"href":"https:\/\/progresso.com.br\/index.php\/wp-json\/wp\/v2\/posts\/402\/revisions"}],"predecessor-version":[{"id":404,"href":"https:\/\/progresso.com.br\/index.php\/wp-json\/wp\/v2\/posts\/402\/revisions\/404"}],"wp:featuredmedia":[{"embeddable":true,"href":"https:\/\/progresso.com.br\/index.php\/wp-json\/wp\/v2\/media\/403"}],"wp:attachment":[{"href":"https:\/\/progresso.com.br\/index.php\/wp-json\/wp\/v2\/media?parent=402"}],"wp:term":[{"taxonomy":"category","embeddable":true,"href":"https:\/\/progresso.com.br\/index.php\/wp-json\/wp\/v2\/categories?post=402"},{"taxonomy":"post_tag","embeddable":true,"href":"https:\/\/progresso.com.br\/index.php\/wp-json\/wp\/v2\/tags?post=402"}],"curies":[{"name":"wp","href":"https:\/\/api.w.org\/{rel}","templated":true}]}}