{"id":4659,"date":"2026-04-25T21:25:00","date_gmt":"2026-04-26T01:25:00","guid":{"rendered":"https:\/\/progresso.com.br\/?p=4659"},"modified":"2026-04-25T17:00:35","modified_gmt":"2026-04-25T21:00:35","slug":"aos-12-anos-julia-olmos-e-destaque-douradense-nos-tres-tambores-e-planeja-novas-conquistas","status":"publish","type":"post","link":"https:\/\/progresso.com.br\/index.php\/2026\/04\/25\/aos-12-anos-julia-olmos-e-destaque-douradense-nos-tres-tambores-e-planeja-novas-conquistas\/","title":{"rendered":"Estudante de 12 anos \u00e9 destaque douradense nos Tr\u00eas Tambores e planeja novas conquistas"},"content":{"rendered":"\n<p><em>Marcos Morandi, do Voz da Fronteira<\/em><\/p>\n\n\n\n<p>Com apenas 12 anos de idade, J\u00falia Olmos Uhde j\u00e1 galopa com a maturidade de veterana. H\u00e1 quatro anos dedicada \u00e0 modalidade de Tr\u00eas Tambores, a jovem atleta transformou sua paix\u00e3o pelos cavalos em uma trajet\u00f3ria de sucesso, levando o nome de Dourados aos degraus mais altos do p\u00f3dio em Mato Grosso do Sul e no Paran\u00e1.<\/p>\n\n\n\n<p>O que come\u00e7ou como um esporte se tornou uma vitrine de talento e persist\u00eancia. Recentemente, J\u00falia conquistou o t\u00edtulo de campe\u00e3 na categoria mirim da Exponavi, somando mais um trof\u00e9u a uma estante que n\u00e3o para de crescer. S\u00f3 em 2025, ela dominou circuitos importantes, sagrando-se campe\u00e3 nos campeonatos MSTT (MS Tr\u00eas Tambores) e COTT (Campo Grande).<\/p>\n\n\n\n<p>A versatilidade de J\u00falia impressiona: ela transita com facilidade entre as categorias mirim e feminina, competindo de igual para igual em rodeios de prest\u00edgio. Em sua cidade natal, brilhou intensamente na Expoagro Dourados 2025, quando garantiu o primeiro lugar em ambas as categorias.<\/p>\n\n\n\n<p>Sua atua\u00e7\u00e3o ultrapassa as fronteiras estaduais, com um expressivo 6\u00ba lugar no campeonato LetsGo, em Toledo (PR), demonstrando que o talento douradense tem f\u00f4lego para competi\u00e7\u00f5es nacionais.<\/p>\n\n\n\n<figure class=\"wp-block-image size-large\"><img loading=\"lazy\" decoding=\"async\" width=\"1024\" height=\"682\" src=\"https:\/\/progresso.com.br\/wp-content\/uploads\/2026\/04\/cavaleira-julia-1024x682.jpeg\" alt=\"\" class=\"wp-image-4660\" srcset=\"https:\/\/progresso.com.br\/wp-content\/uploads\/2026\/04\/cavaleira-julia-1024x682.jpeg 1024w, https:\/\/progresso.com.br\/wp-content\/uploads\/2026\/04\/cavaleira-julia-300x200.jpeg 300w, https:\/\/progresso.com.br\/wp-content\/uploads\/2026\/04\/cavaleira-julia-768x511.jpeg 768w, https:\/\/progresso.com.br\/wp-content\/uploads\/2026\/04\/cavaleira-julia-631x420.jpeg 631w, https:\/\/progresso.com.br\/wp-content\/uploads\/2026\/04\/cavaleira-julia-640x426.jpeg 640w, https:\/\/progresso.com.br\/wp-content\/uploads\/2026\/04\/cavaleira-julia-681x453.jpeg 681w, https:\/\/progresso.com.br\/wp-content\/uploads\/2026\/04\/cavaleira-julia.jpeg 1537w\" sizes=\"auto, (max-width: 1024px) 100vw, 1024px\" \/><figcaption class=\"wp-element-caption\"> J\u00falia Olmos, que \u00e9 acompanhada pelo treinador Guilherme P\u00e9rez, personifica o novo f\u00f4lego da modalidade na regi\u00e3o. (Fotos: Divulga\u00e7\u00e3o)<\/figcaption><\/figure>\n","protected":false},"excerpt":{"rendered":"<p>Marcos Morandi, do Voz da Fronteira Com apenas 12 anos de idade, J\u00falia Olmos Uhde j\u00e1 galopa com a maturidade de veterana. H\u00e1 quatro anos dedicada \u00e0 modalidade de Tr\u00eas Tambores, a jovem atleta transformou sua paix\u00e3o pelos cavalos em uma trajet\u00f3ria de sucesso, levando o nome de Dourados aos degraus mais altos do p\u00f3dio [&hellip;]<\/p>\n","protected":false},"author":3,"featured_media":4661,"comment_status":"open","ping_status":"open","sticky":false,"template":"","format":"standard","meta":{"footnotes":""},"categories":[19,2],"tags":[],"class_list":["post-4659","post","type-post","status-publish","format-standard","has-post-thumbnail","hentry","category-cultura","category-destaque"],"yoast_head":"<!-- This site is optimized with the Yoast SEO plugin v27.1.1 - https:\/\/yoast.com\/product\/yoast-seo-wordpress\/ -->\n<title>Estudante de 12 anos \u00e9 destaque douradense nos Tr\u00eas Tambores e planeja novas conquistas - O PROGRESSO<\/title>\n<meta name=\"robots\" content=\"index, follow, max-snippet:-1, max-image-preview:large, max-video-preview:-1\" \/>\n<link rel=\"canonical\" href=\"https:\/\/progresso.com.br\/index.php\/2026\/04\/25\/aos-12-anos-julia-olmos-e-destaque-douradense-nos-tres-tambores-e-planeja-novas-conquistas\/\" \/>\n<meta property=\"og:locale\" content=\"pt_BR\" \/>\n<meta property=\"og:type\" content=\"article\" \/>\n<meta property=\"og:title\" content=\"Estudante de 12 anos \u00e9 destaque douradense nos Tr\u00eas Tambores e planeja novas conquistas - O PROGRESSO\" \/>\n<meta property=\"og:description\" content=\"Marcos Morandi, do Voz da Fronteira Com apenas 12 anos de idade, J\u00falia Olmos Uhde j\u00e1 galopa com a maturidade de veterana. H\u00e1 quatro anos dedicada \u00e0 modalidade de Tr\u00eas Tambores, a jovem atleta transformou sua paix\u00e3o pelos cavalos em uma trajet\u00f3ria de sucesso, levando o nome de Dourados aos degraus mais altos do p\u00f3dio [&hellip;]\" \/>\n<meta property=\"og:url\" content=\"https:\/\/progresso.com.br\/index.php\/2026\/04\/25\/aos-12-anos-julia-olmos-e-destaque-douradense-nos-tres-tambores-e-planeja-novas-conquistas\/\" \/>\n<meta property=\"og:site_name\" content=\"O PROGRESSO\" \/>\n<meta property=\"article:publisher\" content=\"https:\/\/www.facebook.com\/share\/1CeoksKBj6\/\" \/>\n<meta property=\"article:published_time\" content=\"2026-04-26T01:25:00+00:00\" \/>\n<meta property=\"og:image\" content=\"https:\/\/progresso.com.br\/wp-content\/uploads\/2026\/04\/cavaleira-julia2.jpg\" \/>\n\t<meta property=\"og:image:width\" content=\"1073\" \/>\n\t<meta property=\"og:image:height\" content=\"1600\" \/>\n\t<meta property=\"og:image:type\" content=\"image\/jpeg\" \/>\n<meta name=\"author\" content=\"Alfredo\" \/>\n<meta name=\"twitter:card\" content=\"summary_large_image\" \/>\n<meta name=\"twitter:label1\" content=\"Escrito por\" \/>\n\t<meta name=\"twitter:data1\" content=\"Alfredo\" \/>\n\t<meta name=\"twitter:label2\" content=\"Est. tempo de leitura\" \/>\n\t<meta name=\"twitter:data2\" content=\"2 minutos\" \/>\n<script type=\"application\/ld+json\" class=\"yoast-schema-graph\">{\"@context\":\"https:\/\/schema.org\",\"@graph\":[{\"@type\":\"Article\",\"@id\":\"https:\/\/progresso.com.br\/index.php\/2026\/04\/25\/aos-12-anos-julia-olmos-e-destaque-douradense-nos-tres-tambores-e-planeja-novas-conquistas\/#article\",\"isPartOf\":{\"@id\":\"https:\/\/progresso.com.br\/index.php\/2026\/04\/25\/aos-12-anos-julia-olmos-e-destaque-douradense-nos-tres-tambores-e-planeja-novas-conquistas\/\"},\"author\":{\"name\":\"Alfredo\",\"@id\":\"https:\/\/progresso.com.br\/#\/schema\/person\/b7390ac97c5e156cc2e02aa8e88f1bf2\"},\"headline\":\"Estudante de 12 anos \u00e9 destaque douradense nos Tr\u00eas Tambores e planeja novas conquistas\",\"datePublished\":\"2026-04-26T01:25:00+00:00\",\"mainEntityOfPage\":{\"@id\":\"https:\/\/progresso.com.br\/index.php\/2026\/04\/25\/aos-12-anos-julia-olmos-e-destaque-douradense-nos-tres-tambores-e-planeja-novas-conquistas\/\"},\"wordCount\":238,\"commentCount\":0,\"publisher\":{\"@id\":\"https:\/\/progresso.com.br\/#organization\"},\"image\":{\"@id\":\"https:\/\/progresso.com.br\/index.php\/2026\/04\/25\/aos-12-anos-julia-olmos-e-destaque-douradense-nos-tres-tambores-e-planeja-novas-conquistas\/#primaryimage\"},\"thumbnailUrl\":\"https:\/\/progresso.com.br\/wp-content\/uploads\/2026\/04\/cavaleira-julia2.jpg\",\"articleSection\":[\"Cultura\",\"Em destaque\"],\"inLanguage\":\"pt-BR\",\"potentialAction\":[{\"@type\":\"CommentAction\",\"name\":\"Comment\",\"target\":[\"https:\/\/progresso.com.br\/index.php\/2026\/04\/25\/aos-12-anos-julia-olmos-e-destaque-douradense-nos-tres-tambores-e-planeja-novas-conquistas\/#respond\"]}]},{\"@type\":\"WebPage\",\"@id\":\"https:\/\/progresso.com.br\/index.php\/2026\/04\/25\/aos-12-anos-julia-olmos-e-destaque-douradense-nos-tres-tambores-e-planeja-novas-conquistas\/\",\"url\":\"https:\/\/progresso.com.br\/index.php\/2026\/04\/25\/aos-12-anos-julia-olmos-e-destaque-douradense-nos-tres-tambores-e-planeja-novas-conquistas\/\",\"name\":\"Estudante de 12 anos \u00e9 destaque douradense nos Tr\u00eas Tambores e planeja novas conquistas - O PROGRESSO\",\"isPartOf\":{\"@id\":\"https:\/\/progresso.com.br\/#website\"},\"primaryImageOfPage\":{\"@id\":\"https:\/\/progresso.com.br\/index.php\/2026\/04\/25\/aos-12-anos-julia-olmos-e-destaque-douradense-nos-tres-tambores-e-planeja-novas-conquistas\/#primaryimage\"},\"image\":{\"@id\":\"https:\/\/progresso.com.br\/index.php\/2026\/04\/25\/aos-12-anos-julia-olmos-e-destaque-douradense-nos-tres-tambores-e-planeja-novas-conquistas\/#primaryimage\"},\"thumbnailUrl\":\"https:\/\/progresso.com.br\/wp-content\/uploads\/2026\/04\/cavaleira-julia2.jpg\",\"datePublished\":\"2026-04-26T01:25:00+00:00\",\"breadcrumb\":{\"@id\":\"https:\/\/progresso.com.br\/index.php\/2026\/04\/25\/aos-12-anos-julia-olmos-e-destaque-douradense-nos-tres-tambores-e-planeja-novas-conquistas\/#breadcrumb\"},\"inLanguage\":\"pt-BR\",\"potentialAction\":[{\"@type\":\"ReadAction\",\"target\":[\"https:\/\/progresso.com.br\/index.php\/2026\/04\/25\/aos-12-anos-julia-olmos-e-destaque-douradense-nos-tres-tambores-e-planeja-novas-conquistas\/\"]}]},{\"@type\":\"ImageObject\",\"inLanguage\":\"pt-BR\",\"@id\":\"https:\/\/progresso.com.br\/index.php\/2026\/04\/25\/aos-12-anos-julia-olmos-e-destaque-douradense-nos-tres-tambores-e-planeja-novas-conquistas\/#primaryimage\",\"url\":\"https:\/\/progresso.com.br\/wp-content\/uploads\/2026\/04\/cavaleira-julia2.jpg\",\"contentUrl\":\"https:\/\/progresso.com.br\/wp-content\/uploads\/2026\/04\/cavaleira-julia2.jpg\",\"width\":1073,\"height\":1600,\"caption\":\"Jovem estudante de Dourados se destaca em competi\u00e7\u00f5es\"},{\"@type\":\"BreadcrumbList\",\"@id\":\"https:\/\/progresso.com.br\/index.php\/2026\/04\/25\/aos-12-anos-julia-olmos-e-destaque-douradense-nos-tres-tambores-e-planeja-novas-conquistas\/#breadcrumb\",\"itemListElement\":[{\"@type\":\"ListItem\",\"position\":1,\"name\":\"In\u00edcio\",\"item\":\"https:\/\/progresso.com.br\/\"},{\"@type\":\"ListItem\",\"position\":2,\"name\":\"Estudante de 12 anos \u00e9 destaque douradense nos Tr\u00eas Tambores e planeja novas conquistas\"}]},{\"@type\":\"WebSite\",\"@id\":\"https:\/\/progresso.com.br\/#website\",\"url\":\"https:\/\/progresso.com.br\/\",\"name\":\"O PROGRESSO\",\"description\":\"\",\"publisher\":{\"@id\":\"https:\/\/progresso.com.br\/#organization\"},\"potentialAction\":[{\"@type\":\"SearchAction\",\"target\":{\"@type\":\"EntryPoint\",\"urlTemplate\":\"https:\/\/progresso.com.br\/?s={search_term_string}\"},\"query-input\":{\"@type\":\"PropertyValueSpecification\",\"valueRequired\":true,\"valueName\":\"search_term_string\"}}],\"inLanguage\":\"pt-BR\"},{\"@type\":\"Organization\",\"@id\":\"https:\/\/progresso.com.br\/#organization\",\"name\":\"O PROGRESSO\",\"url\":\"https:\/\/progresso.com.br\/\",\"logo\":{\"@type\":\"ImageObject\",\"inLanguage\":\"pt-BR\",\"@id\":\"https:\/\/progresso.com.br\/#\/schema\/logo\/image\/\",\"url\":\"https:\/\/progresso.com.br\/wp-content\/uploads\/2026\/03\/logo_proog.jpg\",\"contentUrl\":\"https:\/\/progresso.com.br\/wp-content\/uploads\/2026\/03\/logo_proog.jpg\",\"width\":1960,\"height\":1080,\"caption\":\"O PROGRESSO\"},\"image\":{\"@id\":\"https:\/\/progresso.com.br\/#\/schema\/logo\/image\/\"},\"sameAs\":[\"https:\/\/www.facebook.com\/share\/1CeoksKBj6\/\",\"https:\/\/www.instagram.com\/oprogresso_digital\"]},{\"@type\":\"Person\",\"@id\":\"https:\/\/progresso.com.br\/#\/schema\/person\/b7390ac97c5e156cc2e02aa8e88f1bf2\",\"name\":\"Alfredo\",\"image\":{\"@type\":\"ImageObject\",\"inLanguage\":\"pt-BR\",\"@id\":\"https:\/\/progresso.com.br\/#\/schema\/person\/image\/\",\"url\":\"https:\/\/secure.gravatar.com\/avatar\/ca208a3111522ad69d765c6f0ea1ce4742c74e10aba78ae7158042d704d65a9f?s=96&d=mm&r=g\",\"contentUrl\":\"https:\/\/secure.gravatar.com\/avatar\/ca208a3111522ad69d765c6f0ea1ce4742c74e10aba78ae7158042d704d65a9f?s=96&d=mm&r=g\",\"caption\":\"Alfredo\"},\"url\":\"https:\/\/progresso.com.br\/index.php\/author\/alfredo\/\"}]}<\/script>\n<!-- \/ Yoast SEO plugin. -->","yoast_head_json":{"title":"Estudante de 12 anos \u00e9 destaque douradense nos Tr\u00eas Tambores e planeja novas conquistas - O PROGRESSO","robots":{"index":"index","follow":"follow","max-snippet":"max-snippet:-1","max-image-preview":"max-image-preview:large","max-video-preview":"max-video-preview:-1"},"canonical":"https:\/\/progresso.com.br\/index.php\/2026\/04\/25\/aos-12-anos-julia-olmos-e-destaque-douradense-nos-tres-tambores-e-planeja-novas-conquistas\/","og_locale":"pt_BR","og_type":"article","og_title":"Estudante de 12 anos \u00e9 destaque douradense nos Tr\u00eas Tambores e planeja novas conquistas - O PROGRESSO","og_description":"Marcos Morandi, do Voz da Fronteira Com apenas 12 anos de idade, J\u00falia Olmos Uhde j\u00e1 galopa com a maturidade de veterana. H\u00e1 quatro anos dedicada \u00e0 modalidade de Tr\u00eas Tambores, a jovem atleta transformou sua paix\u00e3o pelos cavalos em uma trajet\u00f3ria de sucesso, levando o nome de Dourados aos degraus mais altos do p\u00f3dio [&hellip;]","og_url":"https:\/\/progresso.com.br\/index.php\/2026\/04\/25\/aos-12-anos-julia-olmos-e-destaque-douradense-nos-tres-tambores-e-planeja-novas-conquistas\/","og_site_name":"O PROGRESSO","article_publisher":"https:\/\/www.facebook.com\/share\/1CeoksKBj6\/","article_published_time":"2026-04-26T01:25:00+00:00","og_image":[{"width":1073,"height":1600,"url":"https:\/\/progresso.com.br\/wp-content\/uploads\/2026\/04\/cavaleira-julia2.jpg","type":"image\/jpeg"}],"author":"Alfredo","twitter_card":"summary_large_image","twitter_misc":{"Escrito por":"Alfredo","Est. tempo de leitura":"2 minutos"},"schema":{"@context":"https:\/\/schema.org","@graph":[{"@type":"Article","@id":"https:\/\/progresso.com.br\/index.php\/2026\/04\/25\/aos-12-anos-julia-olmos-e-destaque-douradense-nos-tres-tambores-e-planeja-novas-conquistas\/#article","isPartOf":{"@id":"https:\/\/progresso.com.br\/index.php\/2026\/04\/25\/aos-12-anos-julia-olmos-e-destaque-douradense-nos-tres-tambores-e-planeja-novas-conquistas\/"},"author":{"name":"Alfredo","@id":"https:\/\/progresso.com.br\/#\/schema\/person\/b7390ac97c5e156cc2e02aa8e88f1bf2"},"headline":"Estudante de 12 anos \u00e9 destaque douradense nos Tr\u00eas Tambores e planeja novas conquistas","datePublished":"2026-04-26T01:25:00+00:00","mainEntityOfPage":{"@id":"https:\/\/progresso.com.br\/index.php\/2026\/04\/25\/aos-12-anos-julia-olmos-e-destaque-douradense-nos-tres-tambores-e-planeja-novas-conquistas\/"},"wordCount":238,"commentCount":0,"publisher":{"@id":"https:\/\/progresso.com.br\/#organization"},"image":{"@id":"https:\/\/progresso.com.br\/index.php\/2026\/04\/25\/aos-12-anos-julia-olmos-e-destaque-douradense-nos-tres-tambores-e-planeja-novas-conquistas\/#primaryimage"},"thumbnailUrl":"https:\/\/progresso.com.br\/wp-content\/uploads\/2026\/04\/cavaleira-julia2.jpg","articleSection":["Cultura","Em destaque"],"inLanguage":"pt-BR","potentialAction":[{"@type":"CommentAction","name":"Comment","target":["https:\/\/progresso.com.br\/index.php\/2026\/04\/25\/aos-12-anos-julia-olmos-e-destaque-douradense-nos-tres-tambores-e-planeja-novas-conquistas\/#respond"]}]},{"@type":"WebPage","@id":"https:\/\/progresso.com.br\/index.php\/2026\/04\/25\/aos-12-anos-julia-olmos-e-destaque-douradense-nos-tres-tambores-e-planeja-novas-conquistas\/","url":"https:\/\/progresso.com.br\/index.php\/2026\/04\/25\/aos-12-anos-julia-olmos-e-destaque-douradense-nos-tres-tambores-e-planeja-novas-conquistas\/","name":"Estudante de 12 anos \u00e9 destaque douradense nos Tr\u00eas Tambores e planeja novas conquistas - O PROGRESSO","isPartOf":{"@id":"https:\/\/progresso.com.br\/#website"},"primaryImageOfPage":{"@id":"https:\/\/progresso.com.br\/index.php\/2026\/04\/25\/aos-12-anos-julia-olmos-e-destaque-douradense-nos-tres-tambores-e-planeja-novas-conquistas\/#primaryimage"},"image":{"@id":"https:\/\/progresso.com.br\/index.php\/2026\/04\/25\/aos-12-anos-julia-olmos-e-destaque-douradense-nos-tres-tambores-e-planeja-novas-conquistas\/#primaryimage"},"thumbnailUrl":"https:\/\/progresso.com.br\/wp-content\/uploads\/2026\/04\/cavaleira-julia2.jpg","datePublished":"2026-04-26T01:25:00+00:00","breadcrumb":{"@id":"https:\/\/progresso.com.br\/index.php\/2026\/04\/25\/aos-12-anos-julia-olmos-e-destaque-douradense-nos-tres-tambores-e-planeja-novas-conquistas\/#breadcrumb"},"inLanguage":"pt-BR","potentialAction":[{"@type":"ReadAction","target":["https:\/\/progresso.com.br\/index.php\/2026\/04\/25\/aos-12-anos-julia-olmos-e-destaque-douradense-nos-tres-tambores-e-planeja-novas-conquistas\/"]}]},{"@type":"ImageObject","inLanguage":"pt-BR","@id":"https:\/\/progresso.com.br\/index.php\/2026\/04\/25\/aos-12-anos-julia-olmos-e-destaque-douradense-nos-tres-tambores-e-planeja-novas-conquistas\/#primaryimage","url":"https:\/\/progresso.com.br\/wp-content\/uploads\/2026\/04\/cavaleira-julia2.jpg","contentUrl":"https:\/\/progresso.com.br\/wp-content\/uploads\/2026\/04\/cavaleira-julia2.jpg","width":1073,"height":1600,"caption":"Jovem estudante de Dourados se destaca em competi\u00e7\u00f5es"},{"@type":"BreadcrumbList","@id":"https:\/\/progresso.com.br\/index.php\/2026\/04\/25\/aos-12-anos-julia-olmos-e-destaque-douradense-nos-tres-tambores-e-planeja-novas-conquistas\/#breadcrumb","itemListElement":[{"@type":"ListItem","position":1,"name":"In\u00edcio","item":"https:\/\/progresso.com.br\/"},{"@type":"ListItem","position":2,"name":"Estudante de 12 anos \u00e9 destaque douradense nos Tr\u00eas Tambores e planeja novas conquistas"}]},{"@type":"WebSite","@id":"https:\/\/progresso.com.br\/#website","url":"https:\/\/progresso.com.br\/","name":"O PROGRESSO","description":"","publisher":{"@id":"https:\/\/progresso.com.br\/#organization"},"potentialAction":[{"@type":"SearchAction","target":{"@type":"EntryPoint","urlTemplate":"https:\/\/progresso.com.br\/?s={search_term_string}"},"query-input":{"@type":"PropertyValueSpecification","valueRequired":true,"valueName":"search_term_string"}}],"inLanguage":"pt-BR"},{"@type":"Organization","@id":"https:\/\/progresso.com.br\/#organization","name":"O PROGRESSO","url":"https:\/\/progresso.com.br\/","logo":{"@type":"ImageObject","inLanguage":"pt-BR","@id":"https:\/\/progresso.com.br\/#\/schema\/logo\/image\/","url":"https:\/\/progresso.com.br\/wp-content\/uploads\/2026\/03\/logo_proog.jpg","contentUrl":"https:\/\/progresso.com.br\/wp-content\/uploads\/2026\/03\/logo_proog.jpg","width":1960,"height":1080,"caption":"O PROGRESSO"},"image":{"@id":"https:\/\/progresso.com.br\/#\/schema\/logo\/image\/"},"sameAs":["https:\/\/www.facebook.com\/share\/1CeoksKBj6\/","https:\/\/www.instagram.com\/oprogresso_digital"]},{"@type":"Person","@id":"https:\/\/progresso.com.br\/#\/schema\/person\/b7390ac97c5e156cc2e02aa8e88f1bf2","name":"Alfredo","image":{"@type":"ImageObject","inLanguage":"pt-BR","@id":"https:\/\/progresso.com.br\/#\/schema\/person\/image\/","url":"https:\/\/secure.gravatar.com\/avatar\/ca208a3111522ad69d765c6f0ea1ce4742c74e10aba78ae7158042d704d65a9f?s=96&d=mm&r=g","contentUrl":"https:\/\/secure.gravatar.com\/avatar\/ca208a3111522ad69d765c6f0ea1ce4742c74e10aba78ae7158042d704d65a9f?s=96&d=mm&r=g","caption":"Alfredo"},"url":"https:\/\/progresso.com.br\/index.php\/author\/alfredo\/"}]}},"_links":{"self":[{"href":"https:\/\/progresso.com.br\/index.php\/wp-json\/wp\/v2\/posts\/4659","targetHints":{"allow":["GET"]}}],"collection":[{"href":"https:\/\/progresso.com.br\/index.php\/wp-json\/wp\/v2\/posts"}],"about":[{"href":"https:\/\/progresso.com.br\/index.php\/wp-json\/wp\/v2\/types\/post"}],"author":[{"embeddable":true,"href":"https:\/\/progresso.com.br\/index.php\/wp-json\/wp\/v2\/users\/3"}],"replies":[{"embeddable":true,"href":"https:\/\/progresso.com.br\/index.php\/wp-json\/wp\/v2\/comments?post=4659"}],"version-history":[{"count":2,"href":"https:\/\/progresso.com.br\/index.php\/wp-json\/wp\/v2\/posts\/4659\/revisions"}],"predecessor-version":[{"id":4755,"href":"https:\/\/progresso.com.br\/index.php\/wp-json\/wp\/v2\/posts\/4659\/revisions\/4755"}],"wp:featuredmedia":[{"embeddable":true,"href":"https:\/\/progresso.com.br\/index.php\/wp-json\/wp\/v2\/media\/4661"}],"wp:attachment":[{"href":"https:\/\/progresso.com.br\/index.php\/wp-json\/wp\/v2\/media?parent=4659"}],"wp:term":[{"taxonomy":"category","embeddable":true,"href":"https:\/\/progresso.com.br\/index.php\/wp-json\/wp\/v2\/categories?post=4659"},{"taxonomy":"post_tag","embeddable":true,"href":"https:\/\/progresso.com.br\/index.php\/wp-json\/wp\/v2\/tags?post=4659"}],"curies":[{"name":"wp","href":"https:\/\/api.w.org\/{rel}","templated":true}]}}