{"id":4663,"date":"2026-04-24T11:52:40","date_gmt":"2026-04-24T15:52:40","guid":{"rendered":"https:\/\/progresso.com.br\/?p=4663"},"modified":"2026-04-24T11:52:41","modified_gmt":"2026-04-24T15:52:41","slug":"medico-diz-que-lula-retirou-lesao-e-deve-repousar-nos-proximos-dias","status":"publish","type":"post","link":"https:\/\/progresso.com.br\/index.php\/2026\/04\/24\/medico-diz-que-lula-retirou-lesao-e-deve-repousar-nos-proximos-dias\/","title":{"rendered":"M\u00e9dico diz que Lula retirou les\u00e3o e deve repousar nos pr\u00f3ximos dias"},"content":{"rendered":"\n<p><strong>O presidente Lula passou por um procedimento cir\u00fargico na manh\u00e3 desta sexta-feira (24), em S\u00e3o Paulo, para retirada de uma les\u00e3o do couro cabeludo. <\/strong><\/p>\n\n\n\n<p>Segundo o m\u00e9dico Ricardo Kalil, que acompanha Lula, correu tudo bem, sem nenhuma intercorr\u00eancia: \u201cele dever\u00e1 permanecer mais algumas horas no hospital e deve ir para casa hoje\u201d, disse o doutor.<img decoding=\"async\" src=\"https:\/\/agenciabrasil.ebc.com.br\/ebc.png?id=1687142&amp;o=node\"><img decoding=\"async\" src=\"https:\/\/agenciabrasil.ebc.com.br\/ebc.gif?id=1687142&amp;o=node\"><\/p>\n\n\n\n<blockquote class=\"wp-block-quote is-layout-flow wp-block-quote-is-layout-flow\">\n<p>O procedimento foi feito pela m\u00e9dica Cristina Abdala e houve a retirada de pele na regi\u00e3o da cabe\u00e7a. <em>\u201cFoi uma les\u00e3o de pele. \u00c9 muito comum, \u00e9 a mais comum que tem no mundo\u201d, conta Kalil.<\/em><\/p>\n<\/blockquote>\n\n\n\n<p>O nome da les\u00e3o \u00e9 basocelular, \u00e9 localizada e n\u00e3o se espalha para outros lugares do corpo. \u201c\u00c9 uma les\u00e3o de pele que vem da exposi\u00e7\u00e3o solar. \u00c9 muito comum e quando ela cresce, a gente tem que tirar\u201d, explicou a doutora Abdala. O tecido passou por bi\u00f3psia.<\/p>\n\n\n\n<p><strong>O presidente tamb\u00e9m fez uma infiltra\u00e7\u00e3o na m\u00e3o direita para tratar uma tendinite.<\/strong><\/p>\n\n\n\n<p>Segundo Kalil, agora o presidente vai para casa e deve ficar em repouso nos pr\u00f3ximos dias, mas isso n\u00e3o afetar\u00e1 a agenda de Lula.<\/p>\n\n\n\n<blockquote class=\"wp-block-quote is-layout-flow wp-block-quote-is-layout-flow\">\n<p>\u201cVamos evitar grandes eventos nos pr\u00f3ximos dias. Lula n\u00e3o vai tomar medicamento. Ficou uma ferida cir\u00fargica e \u00e9 esperar cicatrizar, o que deve demorar um m\u00eas. O cuidado agora \u00e9 curativo, usar chap\u00e9u e tocar a vida normal dele\u201d, afirmou o m\u00e9dico.<\/p>\n<\/blockquote>\n\n\n\n<p><strong>O doutor disse tamb\u00e9m que o tratamento n\u00e3o vai interferir na campanha presidencial: &#8220;vai atrapalhar a campanha? A resposta \u00e9 n\u00e3o. O m\u00e1ximo que vai acontecer \u00e9 ele aparecer de chap\u00e9u, como aconteceu outras vezes&#8221;.<\/strong><\/p>\n\n\n\n<p>O presidente chegou ao hospital por volta das 7h da manh\u00e3 e a mini-cirurgia estava programada, n\u00e3o foi emergencial. Lula esteve acompanhado da primeira-dama Janja da Silva.<\/p>\n\n\n\n<p><em><strong>Ag\u00eancia Brasil com informa\u00e7\u00f5es de Fl\u00e1via Albuquerque.<\/strong><\/em><\/p>\n\n\n\n<p><\/p>\n","protected":false},"excerpt":{"rendered":"<p>O presidente Lula passou por um procedimento cir\u00fargico na manh\u00e3 desta sexta-feira (24), em S\u00e3o Paulo, para retirada de uma les\u00e3o do couro cabeludo. Segundo o m\u00e9dico Ricardo Kalil, que acompanha Lula, correu tudo bem, sem nenhuma intercorr\u00eancia: \u201cele dever\u00e1 permanecer mais algumas horas no hospital e deve ir para casa hoje\u201d, disse o doutor. [&hellip;]<\/p>\n","protected":false},"author":3,"featured_media":4664,"comment_status":"open","ping_status":"open","sticky":false,"template":"","format":"standard","meta":{"footnotes":""},"categories":[9],"tags":[],"class_list":["post-4663","post","type-post","status-publish","format-standard","has-post-thumbnail","hentry","category-politica"],"yoast_head":"<!-- This site is optimized with the Yoast SEO plugin v27.1.1 - https:\/\/yoast.com\/product\/yoast-seo-wordpress\/ -->\n<title>M\u00e9dico diz que Lula retirou les\u00e3o e deve repousar nos pr\u00f3ximos dias - O PROGRESSO<\/title>\n<meta name=\"robots\" content=\"index, follow, max-snippet:-1, max-image-preview:large, max-video-preview:-1\" \/>\n<link rel=\"canonical\" href=\"https:\/\/progresso.com.br\/index.php\/2026\/04\/24\/medico-diz-que-lula-retirou-lesao-e-deve-repousar-nos-proximos-dias\/\" \/>\n<meta property=\"og:locale\" content=\"pt_BR\" \/>\n<meta property=\"og:type\" content=\"article\" \/>\n<meta property=\"og:title\" content=\"M\u00e9dico diz que Lula retirou les\u00e3o e deve repousar nos pr\u00f3ximos dias - O PROGRESSO\" \/>\n<meta property=\"og:description\" content=\"O presidente Lula passou por um procedimento cir\u00fargico na manh\u00e3 desta sexta-feira (24), em S\u00e3o Paulo, para retirada de uma les\u00e3o do couro cabeludo. Segundo o m\u00e9dico Ricardo Kalil, que acompanha Lula, correu tudo bem, sem nenhuma intercorr\u00eancia: \u201cele dever\u00e1 permanecer mais algumas horas no hospital e deve ir para casa hoje\u201d, disse o doutor. [&hellip;]\" \/>\n<meta property=\"og:url\" content=\"https:\/\/progresso.com.br\/index.php\/2026\/04\/24\/medico-diz-que-lula-retirou-lesao-e-deve-repousar-nos-proximos-dias\/\" \/>\n<meta property=\"og:site_name\" content=\"O PROGRESSO\" \/>\n<meta property=\"article:publisher\" content=\"https:\/\/www.facebook.com\/share\/1CeoksKBj6\/\" \/>\n<meta property=\"article:published_time\" content=\"2026-04-24T15:52:40+00:00\" \/>\n<meta property=\"article:modified_time\" content=\"2026-04-24T15:52:41+00:00\" \/>\n<meta property=\"og:image\" content=\"https:\/\/progresso.com.br\/wp-content\/uploads\/2026\/04\/medico-do-lula.webp\" \/>\n\t<meta property=\"og:image:width\" content=\"1170\" \/>\n\t<meta property=\"og:image:height\" content=\"700\" \/>\n\t<meta property=\"og:image:type\" content=\"image\/webp\" \/>\n<meta name=\"author\" content=\"Alfredo\" \/>\n<meta name=\"twitter:card\" content=\"summary_large_image\" \/>\n<meta name=\"twitter:label1\" content=\"Escrito por\" \/>\n\t<meta name=\"twitter:data1\" content=\"Alfredo\" \/>\n\t<meta name=\"twitter:label2\" content=\"Est. tempo de leitura\" \/>\n\t<meta name=\"twitter:data2\" content=\"2 minutos\" \/>\n<script type=\"application\/ld+json\" class=\"yoast-schema-graph\">{\"@context\":\"https:\/\/schema.org\",\"@graph\":[{\"@type\":\"Article\",\"@id\":\"https:\/\/progresso.com.br\/index.php\/2026\/04\/24\/medico-diz-que-lula-retirou-lesao-e-deve-repousar-nos-proximos-dias\/#article\",\"isPartOf\":{\"@id\":\"https:\/\/progresso.com.br\/index.php\/2026\/04\/24\/medico-diz-que-lula-retirou-lesao-e-deve-repousar-nos-proximos-dias\/\"},\"author\":{\"name\":\"Alfredo\",\"@id\":\"https:\/\/progresso.com.br\/#\/schema\/person\/b7390ac97c5e156cc2e02aa8e88f1bf2\"},\"headline\":\"M\u00e9dico diz que Lula retirou les\u00e3o e deve repousar nos pr\u00f3ximos dias\",\"datePublished\":\"2026-04-24T15:52:40+00:00\",\"dateModified\":\"2026-04-24T15:52:41+00:00\",\"mainEntityOfPage\":{\"@id\":\"https:\/\/progresso.com.br\/index.php\/2026\/04\/24\/medico-diz-que-lula-retirou-lesao-e-deve-repousar-nos-proximos-dias\/\"},\"wordCount\":325,\"commentCount\":0,\"publisher\":{\"@id\":\"https:\/\/progresso.com.br\/#organization\"},\"image\":{\"@id\":\"https:\/\/progresso.com.br\/index.php\/2026\/04\/24\/medico-diz-que-lula-retirou-lesao-e-deve-repousar-nos-proximos-dias\/#primaryimage\"},\"thumbnailUrl\":\"https:\/\/progresso.com.br\/wp-content\/uploads\/2026\/04\/medico-do-lula.webp\",\"articleSection\":[\"Pol\u00edtica\"],\"inLanguage\":\"pt-BR\",\"potentialAction\":[{\"@type\":\"CommentAction\",\"name\":\"Comment\",\"target\":[\"https:\/\/progresso.com.br\/index.php\/2026\/04\/24\/medico-diz-que-lula-retirou-lesao-e-deve-repousar-nos-proximos-dias\/#respond\"]}]},{\"@type\":\"WebPage\",\"@id\":\"https:\/\/progresso.com.br\/index.php\/2026\/04\/24\/medico-diz-que-lula-retirou-lesao-e-deve-repousar-nos-proximos-dias\/\",\"url\":\"https:\/\/progresso.com.br\/index.php\/2026\/04\/24\/medico-diz-que-lula-retirou-lesao-e-deve-repousar-nos-proximos-dias\/\",\"name\":\"M\u00e9dico diz que Lula retirou les\u00e3o e deve repousar nos pr\u00f3ximos dias - O PROGRESSO\",\"isPartOf\":{\"@id\":\"https:\/\/progresso.com.br\/#website\"},\"primaryImageOfPage\":{\"@id\":\"https:\/\/progresso.com.br\/index.php\/2026\/04\/24\/medico-diz-que-lula-retirou-lesao-e-deve-repousar-nos-proximos-dias\/#primaryimage\"},\"image\":{\"@id\":\"https:\/\/progresso.com.br\/index.php\/2026\/04\/24\/medico-diz-que-lula-retirou-lesao-e-deve-repousar-nos-proximos-dias\/#primaryimage\"},\"thumbnailUrl\":\"https:\/\/progresso.com.br\/wp-content\/uploads\/2026\/04\/medico-do-lula.webp\",\"datePublished\":\"2026-04-24T15:52:40+00:00\",\"dateModified\":\"2026-04-24T15:52:41+00:00\",\"breadcrumb\":{\"@id\":\"https:\/\/progresso.com.br\/index.php\/2026\/04\/24\/medico-diz-que-lula-retirou-lesao-e-deve-repousar-nos-proximos-dias\/#breadcrumb\"},\"inLanguage\":\"pt-BR\",\"potentialAction\":[{\"@type\":\"ReadAction\",\"target\":[\"https:\/\/progresso.com.br\/index.php\/2026\/04\/24\/medico-diz-que-lula-retirou-lesao-e-deve-repousar-nos-proximos-dias\/\"]}]},{\"@type\":\"ImageObject\",\"inLanguage\":\"pt-BR\",\"@id\":\"https:\/\/progresso.com.br\/index.php\/2026\/04\/24\/medico-diz-que-lula-retirou-lesao-e-deve-repousar-nos-proximos-dias\/#primaryimage\",\"url\":\"https:\/\/progresso.com.br\/wp-content\/uploads\/2026\/04\/medico-do-lula.webp\",\"contentUrl\":\"https:\/\/progresso.com.br\/wp-content\/uploads\/2026\/04\/medico-do-lula.webp\",\"width\":1170,\"height\":700,\"caption\":\"O m\u00e9dico Ricardo Kalil fala em entrevista sobre a mini-cirurgia de Lula no Hospital S\u00edrio-Liban\u00eas, em SP. (Foto: Paulo Pinto\/Ag. Brasil)\"},{\"@type\":\"BreadcrumbList\",\"@id\":\"https:\/\/progresso.com.br\/index.php\/2026\/04\/24\/medico-diz-que-lula-retirou-lesao-e-deve-repousar-nos-proximos-dias\/#breadcrumb\",\"itemListElement\":[{\"@type\":\"ListItem\",\"position\":1,\"name\":\"In\u00edcio\",\"item\":\"https:\/\/progresso.com.br\/\"},{\"@type\":\"ListItem\",\"position\":2,\"name\":\"M\u00e9dico diz que Lula retirou les\u00e3o e deve repousar nos pr\u00f3ximos dias\"}]},{\"@type\":\"WebSite\",\"@id\":\"https:\/\/progresso.com.br\/#website\",\"url\":\"https:\/\/progresso.com.br\/\",\"name\":\"O PROGRESSO\",\"description\":\"\",\"publisher\":{\"@id\":\"https:\/\/progresso.com.br\/#organization\"},\"potentialAction\":[{\"@type\":\"SearchAction\",\"target\":{\"@type\":\"EntryPoint\",\"urlTemplate\":\"https:\/\/progresso.com.br\/?s={search_term_string}\"},\"query-input\":{\"@type\":\"PropertyValueSpecification\",\"valueRequired\":true,\"valueName\":\"search_term_string\"}}],\"inLanguage\":\"pt-BR\"},{\"@type\":\"Organization\",\"@id\":\"https:\/\/progresso.com.br\/#organization\",\"name\":\"O PROGRESSO\",\"url\":\"https:\/\/progresso.com.br\/\",\"logo\":{\"@type\":\"ImageObject\",\"inLanguage\":\"pt-BR\",\"@id\":\"https:\/\/progresso.com.br\/#\/schema\/logo\/image\/\",\"url\":\"https:\/\/progresso.com.br\/wp-content\/uploads\/2026\/03\/logo_proog.jpg\",\"contentUrl\":\"https:\/\/progresso.com.br\/wp-content\/uploads\/2026\/03\/logo_proog.jpg\",\"width\":1960,\"height\":1080,\"caption\":\"O PROGRESSO\"},\"image\":{\"@id\":\"https:\/\/progresso.com.br\/#\/schema\/logo\/image\/\"},\"sameAs\":[\"https:\/\/www.facebook.com\/share\/1CeoksKBj6\/\",\"https:\/\/www.instagram.com\/oprogresso_digital\"]},{\"@type\":\"Person\",\"@id\":\"https:\/\/progresso.com.br\/#\/schema\/person\/b7390ac97c5e156cc2e02aa8e88f1bf2\",\"name\":\"Alfredo\",\"image\":{\"@type\":\"ImageObject\",\"inLanguage\":\"pt-BR\",\"@id\":\"https:\/\/progresso.com.br\/#\/schema\/person\/image\/\",\"url\":\"https:\/\/secure.gravatar.com\/avatar\/ca208a3111522ad69d765c6f0ea1ce4742c74e10aba78ae7158042d704d65a9f?s=96&d=mm&r=g\",\"contentUrl\":\"https:\/\/secure.gravatar.com\/avatar\/ca208a3111522ad69d765c6f0ea1ce4742c74e10aba78ae7158042d704d65a9f?s=96&d=mm&r=g\",\"caption\":\"Alfredo\"},\"url\":\"https:\/\/progresso.com.br\/index.php\/author\/alfredo\/\"}]}<\/script>\n<!-- \/ Yoast SEO plugin. -->","yoast_head_json":{"title":"M\u00e9dico diz que Lula retirou les\u00e3o e deve repousar nos pr\u00f3ximos dias - O PROGRESSO","robots":{"index":"index","follow":"follow","max-snippet":"max-snippet:-1","max-image-preview":"max-image-preview:large","max-video-preview":"max-video-preview:-1"},"canonical":"https:\/\/progresso.com.br\/index.php\/2026\/04\/24\/medico-diz-que-lula-retirou-lesao-e-deve-repousar-nos-proximos-dias\/","og_locale":"pt_BR","og_type":"article","og_title":"M\u00e9dico diz que Lula retirou les\u00e3o e deve repousar nos pr\u00f3ximos dias - O PROGRESSO","og_description":"O presidente Lula passou por um procedimento cir\u00fargico na manh\u00e3 desta sexta-feira (24), em S\u00e3o Paulo, para retirada de uma les\u00e3o do couro cabeludo. Segundo o m\u00e9dico Ricardo Kalil, que acompanha Lula, correu tudo bem, sem nenhuma intercorr\u00eancia: \u201cele dever\u00e1 permanecer mais algumas horas no hospital e deve ir para casa hoje\u201d, disse o doutor. [&hellip;]","og_url":"https:\/\/progresso.com.br\/index.php\/2026\/04\/24\/medico-diz-que-lula-retirou-lesao-e-deve-repousar-nos-proximos-dias\/","og_site_name":"O PROGRESSO","article_publisher":"https:\/\/www.facebook.com\/share\/1CeoksKBj6\/","article_published_time":"2026-04-24T15:52:40+00:00","article_modified_time":"2026-04-24T15:52:41+00:00","og_image":[{"width":1170,"height":700,"url":"https:\/\/progresso.com.br\/wp-content\/uploads\/2026\/04\/medico-do-lula.webp","type":"image\/webp"}],"author":"Alfredo","twitter_card":"summary_large_image","twitter_misc":{"Escrito por":"Alfredo","Est. tempo de leitura":"2 minutos"},"schema":{"@context":"https:\/\/schema.org","@graph":[{"@type":"Article","@id":"https:\/\/progresso.com.br\/index.php\/2026\/04\/24\/medico-diz-que-lula-retirou-lesao-e-deve-repousar-nos-proximos-dias\/#article","isPartOf":{"@id":"https:\/\/progresso.com.br\/index.php\/2026\/04\/24\/medico-diz-que-lula-retirou-lesao-e-deve-repousar-nos-proximos-dias\/"},"author":{"name":"Alfredo","@id":"https:\/\/progresso.com.br\/#\/schema\/person\/b7390ac97c5e156cc2e02aa8e88f1bf2"},"headline":"M\u00e9dico diz que Lula retirou les\u00e3o e deve repousar nos pr\u00f3ximos dias","datePublished":"2026-04-24T15:52:40+00:00","dateModified":"2026-04-24T15:52:41+00:00","mainEntityOfPage":{"@id":"https:\/\/progresso.com.br\/index.php\/2026\/04\/24\/medico-diz-que-lula-retirou-lesao-e-deve-repousar-nos-proximos-dias\/"},"wordCount":325,"commentCount":0,"publisher":{"@id":"https:\/\/progresso.com.br\/#organization"},"image":{"@id":"https:\/\/progresso.com.br\/index.php\/2026\/04\/24\/medico-diz-que-lula-retirou-lesao-e-deve-repousar-nos-proximos-dias\/#primaryimage"},"thumbnailUrl":"https:\/\/progresso.com.br\/wp-content\/uploads\/2026\/04\/medico-do-lula.webp","articleSection":["Pol\u00edtica"],"inLanguage":"pt-BR","potentialAction":[{"@type":"CommentAction","name":"Comment","target":["https:\/\/progresso.com.br\/index.php\/2026\/04\/24\/medico-diz-que-lula-retirou-lesao-e-deve-repousar-nos-proximos-dias\/#respond"]}]},{"@type":"WebPage","@id":"https:\/\/progresso.com.br\/index.php\/2026\/04\/24\/medico-diz-que-lula-retirou-lesao-e-deve-repousar-nos-proximos-dias\/","url":"https:\/\/progresso.com.br\/index.php\/2026\/04\/24\/medico-diz-que-lula-retirou-lesao-e-deve-repousar-nos-proximos-dias\/","name":"M\u00e9dico diz que Lula retirou les\u00e3o e deve repousar nos pr\u00f3ximos dias - O PROGRESSO","isPartOf":{"@id":"https:\/\/progresso.com.br\/#website"},"primaryImageOfPage":{"@id":"https:\/\/progresso.com.br\/index.php\/2026\/04\/24\/medico-diz-que-lula-retirou-lesao-e-deve-repousar-nos-proximos-dias\/#primaryimage"},"image":{"@id":"https:\/\/progresso.com.br\/index.php\/2026\/04\/24\/medico-diz-que-lula-retirou-lesao-e-deve-repousar-nos-proximos-dias\/#primaryimage"},"thumbnailUrl":"https:\/\/progresso.com.br\/wp-content\/uploads\/2026\/04\/medico-do-lula.webp","datePublished":"2026-04-24T15:52:40+00:00","dateModified":"2026-04-24T15:52:41+00:00","breadcrumb":{"@id":"https:\/\/progresso.com.br\/index.php\/2026\/04\/24\/medico-diz-que-lula-retirou-lesao-e-deve-repousar-nos-proximos-dias\/#breadcrumb"},"inLanguage":"pt-BR","potentialAction":[{"@type":"ReadAction","target":["https:\/\/progresso.com.br\/index.php\/2026\/04\/24\/medico-diz-que-lula-retirou-lesao-e-deve-repousar-nos-proximos-dias\/"]}]},{"@type":"ImageObject","inLanguage":"pt-BR","@id":"https:\/\/progresso.com.br\/index.php\/2026\/04\/24\/medico-diz-que-lula-retirou-lesao-e-deve-repousar-nos-proximos-dias\/#primaryimage","url":"https:\/\/progresso.com.br\/wp-content\/uploads\/2026\/04\/medico-do-lula.webp","contentUrl":"https:\/\/progresso.com.br\/wp-content\/uploads\/2026\/04\/medico-do-lula.webp","width":1170,"height":700,"caption":"O m\u00e9dico Ricardo Kalil fala em entrevista sobre a mini-cirurgia de Lula no Hospital S\u00edrio-Liban\u00eas, em SP. (Foto: Paulo Pinto\/Ag. Brasil)"},{"@type":"BreadcrumbList","@id":"https:\/\/progresso.com.br\/index.php\/2026\/04\/24\/medico-diz-que-lula-retirou-lesao-e-deve-repousar-nos-proximos-dias\/#breadcrumb","itemListElement":[{"@type":"ListItem","position":1,"name":"In\u00edcio","item":"https:\/\/progresso.com.br\/"},{"@type":"ListItem","position":2,"name":"M\u00e9dico diz que Lula retirou les\u00e3o e deve repousar nos pr\u00f3ximos dias"}]},{"@type":"WebSite","@id":"https:\/\/progresso.com.br\/#website","url":"https:\/\/progresso.com.br\/","name":"O PROGRESSO","description":"","publisher":{"@id":"https:\/\/progresso.com.br\/#organization"},"potentialAction":[{"@type":"SearchAction","target":{"@type":"EntryPoint","urlTemplate":"https:\/\/progresso.com.br\/?s={search_term_string}"},"query-input":{"@type":"PropertyValueSpecification","valueRequired":true,"valueName":"search_term_string"}}],"inLanguage":"pt-BR"},{"@type":"Organization","@id":"https:\/\/progresso.com.br\/#organization","name":"O PROGRESSO","url":"https:\/\/progresso.com.br\/","logo":{"@type":"ImageObject","inLanguage":"pt-BR","@id":"https:\/\/progresso.com.br\/#\/schema\/logo\/image\/","url":"https:\/\/progresso.com.br\/wp-content\/uploads\/2026\/03\/logo_proog.jpg","contentUrl":"https:\/\/progresso.com.br\/wp-content\/uploads\/2026\/03\/logo_proog.jpg","width":1960,"height":1080,"caption":"O PROGRESSO"},"image":{"@id":"https:\/\/progresso.com.br\/#\/schema\/logo\/image\/"},"sameAs":["https:\/\/www.facebook.com\/share\/1CeoksKBj6\/","https:\/\/www.instagram.com\/oprogresso_digital"]},{"@type":"Person","@id":"https:\/\/progresso.com.br\/#\/schema\/person\/b7390ac97c5e156cc2e02aa8e88f1bf2","name":"Alfredo","image":{"@type":"ImageObject","inLanguage":"pt-BR","@id":"https:\/\/progresso.com.br\/#\/schema\/person\/image\/","url":"https:\/\/secure.gravatar.com\/avatar\/ca208a3111522ad69d765c6f0ea1ce4742c74e10aba78ae7158042d704d65a9f?s=96&d=mm&r=g","contentUrl":"https:\/\/secure.gravatar.com\/avatar\/ca208a3111522ad69d765c6f0ea1ce4742c74e10aba78ae7158042d704d65a9f?s=96&d=mm&r=g","caption":"Alfredo"},"url":"https:\/\/progresso.com.br\/index.php\/author\/alfredo\/"}]}},"_links":{"self":[{"href":"https:\/\/progresso.com.br\/index.php\/wp-json\/wp\/v2\/posts\/4663","targetHints":{"allow":["GET"]}}],"collection":[{"href":"https:\/\/progresso.com.br\/index.php\/wp-json\/wp\/v2\/posts"}],"about":[{"href":"https:\/\/progresso.com.br\/index.php\/wp-json\/wp\/v2\/types\/post"}],"author":[{"embeddable":true,"href":"https:\/\/progresso.com.br\/index.php\/wp-json\/wp\/v2\/users\/3"}],"replies":[{"embeddable":true,"href":"https:\/\/progresso.com.br\/index.php\/wp-json\/wp\/v2\/comments?post=4663"}],"version-history":[{"count":1,"href":"https:\/\/progresso.com.br\/index.php\/wp-json\/wp\/v2\/posts\/4663\/revisions"}],"predecessor-version":[{"id":4665,"href":"https:\/\/progresso.com.br\/index.php\/wp-json\/wp\/v2\/posts\/4663\/revisions\/4665"}],"wp:featuredmedia":[{"embeddable":true,"href":"https:\/\/progresso.com.br\/index.php\/wp-json\/wp\/v2\/media\/4664"}],"wp:attachment":[{"href":"https:\/\/progresso.com.br\/index.php\/wp-json\/wp\/v2\/media?parent=4663"}],"wp:term":[{"taxonomy":"category","embeddable":true,"href":"https:\/\/progresso.com.br\/index.php\/wp-json\/wp\/v2\/categories?post=4663"},{"taxonomy":"post_tag","embeddable":true,"href":"https:\/\/progresso.com.br\/index.php\/wp-json\/wp\/v2\/tags?post=4663"}],"curies":[{"name":"wp","href":"https:\/\/api.w.org\/{rel}","templated":true}]}}