{"id":4708,"date":"2026-04-24T17:00:00","date_gmt":"2026-04-24T21:00:00","guid":{"rendered":"https:\/\/progresso.com.br\/?p=4708"},"modified":"2026-04-24T18:30:16","modified_gmt":"2026-04-24T22:30:16","slug":"ms-355-fortalece-integracao-com-a-rota-bioceanica","status":"publish","type":"post","link":"https:\/\/progresso.com.br\/index.php\/2026\/04\/24\/ms-355-fortalece-integracao-com-a-rota-bioceanica\/","title":{"rendered":"MS-355 fortalece integra\u00e7\u00e3o com a Rota Bioce\u00e2nica"},"content":{"rendered":"\n<p><em>Comunica\u00e7\u00e3o Governo de MS<\/em><\/p>\n\n\n\n<p>Para ampliar a conectividade entre regi\u00f5es produtoras e fortalecer a Rota Bioce\u00e2nica, o Governo do Estado iniciou a implanta\u00e7\u00e3o e pavimenta\u00e7\u00e3o da MS-355, em Terenos. A obra foi autorizada pelo governador Eduardo Riedel nesta sexta-feira (24).<\/p>\n\n\n\n<p>Com investimento de R$ 230,4 milh\u00f5es, a rodovia ter\u00e1 53,9 km e ligar\u00e1 Terenos a Sidrol\u00e2ndia e Dois Irm\u00e3os do Buriti, passando pela Col\u00f4nia Cascavel. A iniciativa integra pacote de R$ 2,3 bilh\u00f5es financiado pelo BNDES.<\/p>\n\n\n\n<p>A pavimenta\u00e7\u00e3o deve melhorar a log\u00edstica, reduzir em cerca de 30 km a dist\u00e2ncia entre Campo Grande e Dois Irm\u00e3os do Buriti e facilitar o escoamento da produ\u00e7\u00e3o agropecu\u00e1ria.<\/p>\n\n\n\n<p>Segundo Riedel, a obra \u00e9 estrat\u00e9gica para o Estado, com impacto no desenvolvimento regional, apoio \u00e0 agricultura familiar e melhoria no acesso a servi\u00e7os como transporte escolar e sa\u00fade.<\/p>\n\n\n\n<p>Durante a agenda, tamb\u00e9m foram entregues uma ponte de concreto sobre o c\u00f3rrego Barreirinho e obras de pavimenta\u00e7\u00e3o na Perimetral Oeste, com investimentos que somam mais de R$ 6,8 milh\u00f5es, melhorando a mobilidade urbana em Terenos.<\/p>\n","protected":false},"excerpt":{"rendered":"<p>Comunica\u00e7\u00e3o Governo de MS Para ampliar a conectividade entre regi\u00f5es produtoras e fortalecer a Rota Bioce\u00e2nica, o Governo do Estado iniciou a implanta\u00e7\u00e3o e pavimenta\u00e7\u00e3o da MS-355, em Terenos. A obra foi autorizada pelo governador Eduardo Riedel nesta sexta-feira (24). Com investimento de R$ 230,4 milh\u00f5es, a rodovia ter\u00e1 53,9 km e ligar\u00e1 Terenos a [&hellip;]<\/p>\n","protected":false},"author":2,"featured_media":4709,"comment_status":"open","ping_status":"open","sticky":false,"template":"","format":"standard","meta":{"footnotes":""},"categories":[1],"tags":[],"class_list":["post-4708","post","type-post","status-publish","format-standard","has-post-thumbnail","hentry","category-sem-categoria"],"yoast_head":"<!-- This site is optimized with the Yoast SEO plugin v27.1.1 - https:\/\/yoast.com\/product\/yoast-seo-wordpress\/ -->\n<title>MS-355 fortalece integra\u00e7\u00e3o com a Rota Bioce\u00e2nica - O PROGRESSO<\/title>\n<meta name=\"robots\" content=\"index, follow, max-snippet:-1, max-image-preview:large, max-video-preview:-1\" \/>\n<link rel=\"canonical\" href=\"https:\/\/progresso.com.br\/index.php\/2026\/04\/24\/ms-355-fortalece-integracao-com-a-rota-bioceanica\/\" \/>\n<meta property=\"og:locale\" content=\"pt_BR\" \/>\n<meta property=\"og:type\" content=\"article\" \/>\n<meta property=\"og:title\" content=\"MS-355 fortalece integra\u00e7\u00e3o com a Rota Bioce\u00e2nica - O PROGRESSO\" \/>\n<meta property=\"og:description\" content=\"Comunica\u00e7\u00e3o Governo de MS Para ampliar a conectividade entre regi\u00f5es produtoras e fortalecer a Rota Bioce\u00e2nica, o Governo do Estado iniciou a implanta\u00e7\u00e3o e pavimenta\u00e7\u00e3o da MS-355, em Terenos. A obra foi autorizada pelo governador Eduardo Riedel nesta sexta-feira (24). Com investimento de R$ 230,4 milh\u00f5es, a rodovia ter\u00e1 53,9 km e ligar\u00e1 Terenos a [&hellip;]\" \/>\n<meta property=\"og:url\" content=\"https:\/\/progresso.com.br\/index.php\/2026\/04\/24\/ms-355-fortalece-integracao-com-a-rota-bioceanica\/\" \/>\n<meta property=\"og:site_name\" content=\"O PROGRESSO\" \/>\n<meta property=\"article:publisher\" content=\"https:\/\/www.facebook.com\/share\/1CeoksKBj6\/\" \/>\n<meta property=\"article:published_time\" content=\"2026-04-24T21:00:00+00:00\" \/>\n<meta property=\"article:modified_time\" content=\"2026-04-24T22:30:16+00:00\" \/>\n<meta property=\"og:image\" content=\"https:\/\/progresso.com.br\/wp-content\/uploads\/2026\/04\/Riedel-obras-em-Terenos-Foto-Saul-Schramm-SecomMS-9-730x480-1.jpeg\" \/>\n\t<meta property=\"og:image:width\" content=\"730\" \/>\n\t<meta property=\"og:image:height\" content=\"480\" \/>\n\t<meta property=\"og:image:type\" content=\"image\/jpeg\" \/>\n<meta name=\"author\" content=\"Rose\" \/>\n<meta name=\"twitter:card\" content=\"summary_large_image\" \/>\n<meta name=\"twitter:label1\" content=\"Escrito por\" \/>\n\t<meta name=\"twitter:data1\" content=\"Rose\" \/>\n\t<meta name=\"twitter:label2\" content=\"Est. tempo de leitura\" \/>\n\t<meta name=\"twitter:data2\" content=\"2 minutos\" \/>\n<script type=\"application\/ld+json\" class=\"yoast-schema-graph\">{\"@context\":\"https:\/\/schema.org\",\"@graph\":[{\"@type\":\"Article\",\"@id\":\"https:\/\/progresso.com.br\/index.php\/2026\/04\/24\/ms-355-fortalece-integracao-com-a-rota-bioceanica\/#article\",\"isPartOf\":{\"@id\":\"https:\/\/progresso.com.br\/index.php\/2026\/04\/24\/ms-355-fortalece-integracao-com-a-rota-bioceanica\/\"},\"author\":{\"name\":\"Rose\",\"@id\":\"https:\/\/progresso.com.br\/#\/schema\/person\/5dd27138d4463fbbaace62120bfc002b\"},\"headline\":\"MS-355 fortalece integra\u00e7\u00e3o com a Rota Bioce\u00e2nica\",\"datePublished\":\"2026-04-24T21:00:00+00:00\",\"dateModified\":\"2026-04-24T22:30:16+00:00\",\"mainEntityOfPage\":{\"@id\":\"https:\/\/progresso.com.br\/index.php\/2026\/04\/24\/ms-355-fortalece-integracao-com-a-rota-bioceanica\/\"},\"wordCount\":194,\"commentCount\":0,\"publisher\":{\"@id\":\"https:\/\/progresso.com.br\/#organization\"},\"image\":{\"@id\":\"https:\/\/progresso.com.br\/index.php\/2026\/04\/24\/ms-355-fortalece-integracao-com-a-rota-bioceanica\/#primaryimage\"},\"thumbnailUrl\":\"https:\/\/progresso.com.br\/wp-content\/uploads\/2026\/04\/Riedel-obras-em-Terenos-Foto-Saul-Schramm-SecomMS-9-730x480-1.jpeg\",\"inLanguage\":\"pt-BR\",\"potentialAction\":[{\"@type\":\"CommentAction\",\"name\":\"Comment\",\"target\":[\"https:\/\/progresso.com.br\/index.php\/2026\/04\/24\/ms-355-fortalece-integracao-com-a-rota-bioceanica\/#respond\"]}]},{\"@type\":\"WebPage\",\"@id\":\"https:\/\/progresso.com.br\/index.php\/2026\/04\/24\/ms-355-fortalece-integracao-com-a-rota-bioceanica\/\",\"url\":\"https:\/\/progresso.com.br\/index.php\/2026\/04\/24\/ms-355-fortalece-integracao-com-a-rota-bioceanica\/\",\"name\":\"MS-355 fortalece integra\u00e7\u00e3o com a Rota Bioce\u00e2nica - O PROGRESSO\",\"isPartOf\":{\"@id\":\"https:\/\/progresso.com.br\/#website\"},\"primaryImageOfPage\":{\"@id\":\"https:\/\/progresso.com.br\/index.php\/2026\/04\/24\/ms-355-fortalece-integracao-com-a-rota-bioceanica\/#primaryimage\"},\"image\":{\"@id\":\"https:\/\/progresso.com.br\/index.php\/2026\/04\/24\/ms-355-fortalece-integracao-com-a-rota-bioceanica\/#primaryimage\"},\"thumbnailUrl\":\"https:\/\/progresso.com.br\/wp-content\/uploads\/2026\/04\/Riedel-obras-em-Terenos-Foto-Saul-Schramm-SecomMS-9-730x480-1.jpeg\",\"datePublished\":\"2026-04-24T21:00:00+00:00\",\"dateModified\":\"2026-04-24T22:30:16+00:00\",\"breadcrumb\":{\"@id\":\"https:\/\/progresso.com.br\/index.php\/2026\/04\/24\/ms-355-fortalece-integracao-com-a-rota-bioceanica\/#breadcrumb\"},\"inLanguage\":\"pt-BR\",\"potentialAction\":[{\"@type\":\"ReadAction\",\"target\":[\"https:\/\/progresso.com.br\/index.php\/2026\/04\/24\/ms-355-fortalece-integracao-com-a-rota-bioceanica\/\"]}]},{\"@type\":\"ImageObject\",\"inLanguage\":\"pt-BR\",\"@id\":\"https:\/\/progresso.com.br\/index.php\/2026\/04\/24\/ms-355-fortalece-integracao-com-a-rota-bioceanica\/#primaryimage\",\"url\":\"https:\/\/progresso.com.br\/wp-content\/uploads\/2026\/04\/Riedel-obras-em-Terenos-Foto-Saul-Schramm-SecomMS-9-730x480-1.jpeg\",\"contentUrl\":\"https:\/\/progresso.com.br\/wp-content\/uploads\/2026\/04\/Riedel-obras-em-Terenos-Foto-Saul-Schramm-SecomMS-9-730x480-1.jpeg\",\"width\":730,\"height\":480,\"caption\":\"Foto: Saul Schramm\/Secom-MS)\"},{\"@type\":\"BreadcrumbList\",\"@id\":\"https:\/\/progresso.com.br\/index.php\/2026\/04\/24\/ms-355-fortalece-integracao-com-a-rota-bioceanica\/#breadcrumb\",\"itemListElement\":[{\"@type\":\"ListItem\",\"position\":1,\"name\":\"In\u00edcio\",\"item\":\"https:\/\/progresso.com.br\/\"},{\"@type\":\"ListItem\",\"position\":2,\"name\":\"MS-355 fortalece integra\u00e7\u00e3o com a Rota Bioce\u00e2nica\"}]},{\"@type\":\"WebSite\",\"@id\":\"https:\/\/progresso.com.br\/#website\",\"url\":\"https:\/\/progresso.com.br\/\",\"name\":\"O PROGRESSO\",\"description\":\"\",\"publisher\":{\"@id\":\"https:\/\/progresso.com.br\/#organization\"},\"potentialAction\":[{\"@type\":\"SearchAction\",\"target\":{\"@type\":\"EntryPoint\",\"urlTemplate\":\"https:\/\/progresso.com.br\/?s={search_term_string}\"},\"query-input\":{\"@type\":\"PropertyValueSpecification\",\"valueRequired\":true,\"valueName\":\"search_term_string\"}}],\"inLanguage\":\"pt-BR\"},{\"@type\":\"Organization\",\"@id\":\"https:\/\/progresso.com.br\/#organization\",\"name\":\"O PROGRESSO\",\"url\":\"https:\/\/progresso.com.br\/\",\"logo\":{\"@type\":\"ImageObject\",\"inLanguage\":\"pt-BR\",\"@id\":\"https:\/\/progresso.com.br\/#\/schema\/logo\/image\/\",\"url\":\"https:\/\/progresso.com.br\/wp-content\/uploads\/2026\/03\/logo_proog.jpg\",\"contentUrl\":\"https:\/\/progresso.com.br\/wp-content\/uploads\/2026\/03\/logo_proog.jpg\",\"width\":1960,\"height\":1080,\"caption\":\"O PROGRESSO\"},\"image\":{\"@id\":\"https:\/\/progresso.com.br\/#\/schema\/logo\/image\/\"},\"sameAs\":[\"https:\/\/www.facebook.com\/share\/1CeoksKBj6\/\",\"https:\/\/www.instagram.com\/oprogresso_digital\"]},{\"@type\":\"Person\",\"@id\":\"https:\/\/progresso.com.br\/#\/schema\/person\/5dd27138d4463fbbaace62120bfc002b\",\"name\":\"Rose\",\"image\":{\"@type\":\"ImageObject\",\"inLanguage\":\"pt-BR\",\"@id\":\"https:\/\/progresso.com.br\/#\/schema\/person\/image\/\",\"url\":\"https:\/\/secure.gravatar.com\/avatar\/1b6890e759cdd3a88d9f751cb423720b9861c5239167cd3586355638b6556599?s=96&d=mm&r=g\",\"contentUrl\":\"https:\/\/secure.gravatar.com\/avatar\/1b6890e759cdd3a88d9f751cb423720b9861c5239167cd3586355638b6556599?s=96&d=mm&r=g\",\"caption\":\"Rose\"},\"url\":\"https:\/\/progresso.com.br\/index.php\/author\/rose\/\"}]}<\/script>\n<!-- \/ Yoast SEO plugin. -->","yoast_head_json":{"title":"MS-355 fortalece integra\u00e7\u00e3o com a Rota Bioce\u00e2nica - O PROGRESSO","robots":{"index":"index","follow":"follow","max-snippet":"max-snippet:-1","max-image-preview":"max-image-preview:large","max-video-preview":"max-video-preview:-1"},"canonical":"https:\/\/progresso.com.br\/index.php\/2026\/04\/24\/ms-355-fortalece-integracao-com-a-rota-bioceanica\/","og_locale":"pt_BR","og_type":"article","og_title":"MS-355 fortalece integra\u00e7\u00e3o com a Rota Bioce\u00e2nica - O PROGRESSO","og_description":"Comunica\u00e7\u00e3o Governo de MS Para ampliar a conectividade entre regi\u00f5es produtoras e fortalecer a Rota Bioce\u00e2nica, o Governo do Estado iniciou a implanta\u00e7\u00e3o e pavimenta\u00e7\u00e3o da MS-355, em Terenos. A obra foi autorizada pelo governador Eduardo Riedel nesta sexta-feira (24). Com investimento de R$ 230,4 milh\u00f5es, a rodovia ter\u00e1 53,9 km e ligar\u00e1 Terenos a [&hellip;]","og_url":"https:\/\/progresso.com.br\/index.php\/2026\/04\/24\/ms-355-fortalece-integracao-com-a-rota-bioceanica\/","og_site_name":"O PROGRESSO","article_publisher":"https:\/\/www.facebook.com\/share\/1CeoksKBj6\/","article_published_time":"2026-04-24T21:00:00+00:00","article_modified_time":"2026-04-24T22:30:16+00:00","og_image":[{"width":730,"height":480,"url":"https:\/\/progresso.com.br\/wp-content\/uploads\/2026\/04\/Riedel-obras-em-Terenos-Foto-Saul-Schramm-SecomMS-9-730x480-1.jpeg","type":"image\/jpeg"}],"author":"Rose","twitter_card":"summary_large_image","twitter_misc":{"Escrito por":"Rose","Est. tempo de leitura":"2 minutos"},"schema":{"@context":"https:\/\/schema.org","@graph":[{"@type":"Article","@id":"https:\/\/progresso.com.br\/index.php\/2026\/04\/24\/ms-355-fortalece-integracao-com-a-rota-bioceanica\/#article","isPartOf":{"@id":"https:\/\/progresso.com.br\/index.php\/2026\/04\/24\/ms-355-fortalece-integracao-com-a-rota-bioceanica\/"},"author":{"name":"Rose","@id":"https:\/\/progresso.com.br\/#\/schema\/person\/5dd27138d4463fbbaace62120bfc002b"},"headline":"MS-355 fortalece integra\u00e7\u00e3o com a Rota Bioce\u00e2nica","datePublished":"2026-04-24T21:00:00+00:00","dateModified":"2026-04-24T22:30:16+00:00","mainEntityOfPage":{"@id":"https:\/\/progresso.com.br\/index.php\/2026\/04\/24\/ms-355-fortalece-integracao-com-a-rota-bioceanica\/"},"wordCount":194,"commentCount":0,"publisher":{"@id":"https:\/\/progresso.com.br\/#organization"},"image":{"@id":"https:\/\/progresso.com.br\/index.php\/2026\/04\/24\/ms-355-fortalece-integracao-com-a-rota-bioceanica\/#primaryimage"},"thumbnailUrl":"https:\/\/progresso.com.br\/wp-content\/uploads\/2026\/04\/Riedel-obras-em-Terenos-Foto-Saul-Schramm-SecomMS-9-730x480-1.jpeg","inLanguage":"pt-BR","potentialAction":[{"@type":"CommentAction","name":"Comment","target":["https:\/\/progresso.com.br\/index.php\/2026\/04\/24\/ms-355-fortalece-integracao-com-a-rota-bioceanica\/#respond"]}]},{"@type":"WebPage","@id":"https:\/\/progresso.com.br\/index.php\/2026\/04\/24\/ms-355-fortalece-integracao-com-a-rota-bioceanica\/","url":"https:\/\/progresso.com.br\/index.php\/2026\/04\/24\/ms-355-fortalece-integracao-com-a-rota-bioceanica\/","name":"MS-355 fortalece integra\u00e7\u00e3o com a Rota Bioce\u00e2nica - O PROGRESSO","isPartOf":{"@id":"https:\/\/progresso.com.br\/#website"},"primaryImageOfPage":{"@id":"https:\/\/progresso.com.br\/index.php\/2026\/04\/24\/ms-355-fortalece-integracao-com-a-rota-bioceanica\/#primaryimage"},"image":{"@id":"https:\/\/progresso.com.br\/index.php\/2026\/04\/24\/ms-355-fortalece-integracao-com-a-rota-bioceanica\/#primaryimage"},"thumbnailUrl":"https:\/\/progresso.com.br\/wp-content\/uploads\/2026\/04\/Riedel-obras-em-Terenos-Foto-Saul-Schramm-SecomMS-9-730x480-1.jpeg","datePublished":"2026-04-24T21:00:00+00:00","dateModified":"2026-04-24T22:30:16+00:00","breadcrumb":{"@id":"https:\/\/progresso.com.br\/index.php\/2026\/04\/24\/ms-355-fortalece-integracao-com-a-rota-bioceanica\/#breadcrumb"},"inLanguage":"pt-BR","potentialAction":[{"@type":"ReadAction","target":["https:\/\/progresso.com.br\/index.php\/2026\/04\/24\/ms-355-fortalece-integracao-com-a-rota-bioceanica\/"]}]},{"@type":"ImageObject","inLanguage":"pt-BR","@id":"https:\/\/progresso.com.br\/index.php\/2026\/04\/24\/ms-355-fortalece-integracao-com-a-rota-bioceanica\/#primaryimage","url":"https:\/\/progresso.com.br\/wp-content\/uploads\/2026\/04\/Riedel-obras-em-Terenos-Foto-Saul-Schramm-SecomMS-9-730x480-1.jpeg","contentUrl":"https:\/\/progresso.com.br\/wp-content\/uploads\/2026\/04\/Riedel-obras-em-Terenos-Foto-Saul-Schramm-SecomMS-9-730x480-1.jpeg","width":730,"height":480,"caption":"Foto: Saul Schramm\/Secom-MS)"},{"@type":"BreadcrumbList","@id":"https:\/\/progresso.com.br\/index.php\/2026\/04\/24\/ms-355-fortalece-integracao-com-a-rota-bioceanica\/#breadcrumb","itemListElement":[{"@type":"ListItem","position":1,"name":"In\u00edcio","item":"https:\/\/progresso.com.br\/"},{"@type":"ListItem","position":2,"name":"MS-355 fortalece integra\u00e7\u00e3o com a Rota Bioce\u00e2nica"}]},{"@type":"WebSite","@id":"https:\/\/progresso.com.br\/#website","url":"https:\/\/progresso.com.br\/","name":"O PROGRESSO","description":"","publisher":{"@id":"https:\/\/progresso.com.br\/#organization"},"potentialAction":[{"@type":"SearchAction","target":{"@type":"EntryPoint","urlTemplate":"https:\/\/progresso.com.br\/?s={search_term_string}"},"query-input":{"@type":"PropertyValueSpecification","valueRequired":true,"valueName":"search_term_string"}}],"inLanguage":"pt-BR"},{"@type":"Organization","@id":"https:\/\/progresso.com.br\/#organization","name":"O PROGRESSO","url":"https:\/\/progresso.com.br\/","logo":{"@type":"ImageObject","inLanguage":"pt-BR","@id":"https:\/\/progresso.com.br\/#\/schema\/logo\/image\/","url":"https:\/\/progresso.com.br\/wp-content\/uploads\/2026\/03\/logo_proog.jpg","contentUrl":"https:\/\/progresso.com.br\/wp-content\/uploads\/2026\/03\/logo_proog.jpg","width":1960,"height":1080,"caption":"O PROGRESSO"},"image":{"@id":"https:\/\/progresso.com.br\/#\/schema\/logo\/image\/"},"sameAs":["https:\/\/www.facebook.com\/share\/1CeoksKBj6\/","https:\/\/www.instagram.com\/oprogresso_digital"]},{"@type":"Person","@id":"https:\/\/progresso.com.br\/#\/schema\/person\/5dd27138d4463fbbaace62120bfc002b","name":"Rose","image":{"@type":"ImageObject","inLanguage":"pt-BR","@id":"https:\/\/progresso.com.br\/#\/schema\/person\/image\/","url":"https:\/\/secure.gravatar.com\/avatar\/1b6890e759cdd3a88d9f751cb423720b9861c5239167cd3586355638b6556599?s=96&d=mm&r=g","contentUrl":"https:\/\/secure.gravatar.com\/avatar\/1b6890e759cdd3a88d9f751cb423720b9861c5239167cd3586355638b6556599?s=96&d=mm&r=g","caption":"Rose"},"url":"https:\/\/progresso.com.br\/index.php\/author\/rose\/"}]}},"_links":{"self":[{"href":"https:\/\/progresso.com.br\/index.php\/wp-json\/wp\/v2\/posts\/4708","targetHints":{"allow":["GET"]}}],"collection":[{"href":"https:\/\/progresso.com.br\/index.php\/wp-json\/wp\/v2\/posts"}],"about":[{"href":"https:\/\/progresso.com.br\/index.php\/wp-json\/wp\/v2\/types\/post"}],"author":[{"embeddable":true,"href":"https:\/\/progresso.com.br\/index.php\/wp-json\/wp\/v2\/users\/2"}],"replies":[{"embeddable":true,"href":"https:\/\/progresso.com.br\/index.php\/wp-json\/wp\/v2\/comments?post=4708"}],"version-history":[{"count":1,"href":"https:\/\/progresso.com.br\/index.php\/wp-json\/wp\/v2\/posts\/4708\/revisions"}],"predecessor-version":[{"id":4710,"href":"https:\/\/progresso.com.br\/index.php\/wp-json\/wp\/v2\/posts\/4708\/revisions\/4710"}],"wp:featuredmedia":[{"embeddable":true,"href":"https:\/\/progresso.com.br\/index.php\/wp-json\/wp\/v2\/media\/4709"}],"wp:attachment":[{"href":"https:\/\/progresso.com.br\/index.php\/wp-json\/wp\/v2\/media?parent=4708"}],"wp:term":[{"taxonomy":"category","embeddable":true,"href":"https:\/\/progresso.com.br\/index.php\/wp-json\/wp\/v2\/categories?post=4708"},{"taxonomy":"post_tag","embeddable":true,"href":"https:\/\/progresso.com.br\/index.php\/wp-json\/wp\/v2\/tags?post=4708"}],"curies":[{"name":"wp","href":"https:\/\/api.w.org\/{rel}","templated":true}]}}