{"id":4714,"date":"2026-04-24T17:30:00","date_gmt":"2026-04-24T21:30:00","guid":{"rendered":"https:\/\/progresso.com.br\/?p=4714"},"modified":"2026-04-24T16:39:45","modified_gmt":"2026-04-24T20:39:45","slug":"moraes-manda-prender-ultimo-nucleo-de-condenados-pela-trama-golpista","status":"publish","type":"post","link":"https:\/\/progresso.com.br\/index.php\/2026\/04\/24\/moraes-manda-prender-ultimo-nucleo-de-condenados-pela-trama-golpista\/","title":{"rendered":"Moraes manda prender \u00faltimo n\u00facleo de condenados pela trama golpista\u00a0"},"content":{"rendered":"\n<p><strong><em>Com isso, ministro encerrou a execu\u00e7\u00e3o definitiva das penas<\/em><\/strong><\/p>\n\n\n\n<p><em>Andr\u00e9 Richter &#8211;  Ag\u00eancia Brasil<\/em><\/p>\n\n\n\n<p><strong>O ministro Alexandre de Moraes, do Supremo Tribunal Federal (STF), encerrou nesta sexta-feira (24) a execu\u00e7\u00e3o definitiva das penas dos condenados pela trama golpista ocorrida durante o governo do ex-presidente Jair Bolsonaro.<\/strong><img decoding=\"async\" src=\"https:\/\/agenciabrasil.ebc.com.br\/ebc.png?id=1687181&amp;o=node\"><img decoding=\"async\" src=\"https:\/\/agenciabrasil.ebc.com.br\/ebc.gif?id=1687181&amp;o=node\"><\/p>\n\n\n\n<p><strong>As pris\u00f5es foram completadas ap\u00f3s o ministro determinar a execu\u00e7\u00e3o das condena\u00e7\u00f5es dos<a href=\"https:\/\/agenciabrasil.ebc.com.br\/justica\/noticia\/2025-12\/trama-golpista-por-unanimidade-stf-condena-cinco-reus-e-absolve-um\">&nbsp;cinco condenados do N\u00facleo 2<\/a>, o \u00faltimo grupo que estava pendente.<\/strong>&nbsp;Os r\u00e9us que pertencem aos n\u00facleos 1, 3 e 4 j\u00e1 tiveram as pris\u00f5es determinadas.&nbsp;<\/p>\n\n\n\n<p>A decis\u00e3o foi proferida ap\u00f3s o ministro reconhecer o tr\u00e2nsito em julgado das condena\u00e7\u00f5es, ou seja, o fim da possibilidade de apresenta\u00e7\u00e3o de recursos.&nbsp;<\/p>\n\n\n\n<p>Com a decis\u00e3o, os condenados passar\u00e3o \u00e0 condi\u00e7\u00e3o de presos definitivos. S\u00e3o eles:<\/p>\n\n\n\n<ul class=\"wp-block-list\">\n<li>M\u00e1rio Fernandes, general da reserva do Ex\u00e9rcito: 26 anos e seis meses de pris\u00e3o;<\/li>\n\n\n\n<li>Silvinei Vasques, ex-diretor da Pol\u00edcia Rodovi\u00e1ria Federal (PRF): 24 anos e seis meses de pris\u00e3o;<\/li>\n\n\n\n<li>Marcelo C\u00e2mara, coronel do Ex\u00e9rcito e ex-assessor de Bolsonaro: 21 anos de pris\u00e3o;\u00a0<\/li>\n\n\n\n<li>Filipe Martins &#8211; ex-assessor de Assuntos Internacionais do ex-presidente Jair Bolsonaro: 21 anos de pris\u00e3o;<\/li>\n\n\n\n<li>Mar\u00edlia de Alencar, ex-diretora de Intelig\u00eancia do Minist\u00e9rio da Justi\u00e7a, foi condenada a 8 anos e seis meses de pris\u00e3o e respondia ao processo em liberdade.<\/li>\n<\/ul>\n\n\n\n<p>Com a execu\u00e7\u00e3o das penas, Mar\u00edlia teve mandado de pris\u00e3o expedido pelo ministro, mas cumprir\u00e1 pris\u00e3o domiciliar por 90 dias e dever\u00e1 usar tornozeleira eletr\u00f4nica.&nbsp;<\/p>\n\n\n\n<p>As penas&nbsp;<a href=\"https:\/\/agenciabrasil.ebc.com.br\/justica\/noticia\/2025-12\/trama-golpista-por-unanimidade-stf-condena-cinco-reus-e-absolve-um\">foram definidas em dezembro do ano passado<\/a>, quando a Primeira Turma da Corte condenou os acusados.&nbsp;<br><br><a href=\"https:\/\/www.whatsapp.com\/channel\/0029VaoRTgrInlqYLSk59B2M\" target=\"_blank\" rel=\"noreferrer noopener\">&gt;&gt; Siga o canal da&nbsp;<strong>Ag\u00eancia Brasil&nbsp;<\/strong>no WhatsApp<\/a><\/p>\n\n\n\n<h2 class=\"wp-block-heading\">Acusa\u00e7\u00f5es<\/h2>\n\n\n\n<p>Filipe Martins foi acusado pela Procuradoria-Geral da Rep\u00fablica (PGR) de atuar como um dos respons\u00e1veis pela elabora\u00e7\u00e3o da minuta de golpe de Estado que foi produzida no final do governo Bolsonaro.<\/p>\n\n\n\n<p>M\u00e1rio Fernandes foi acusado de arquitetar um plano para matar o presidente Luiz In\u00e1cio Lula da Silva, o vice-presidente, Geraldo Alckmin, e Moraes. A pretens\u00e3o foi encontrada em um arquivo de word intitulado &#8220;Punhal Verde e Amarelo&#8221;.<\/p>\n\n\n\n<p>Segundo a PGR, Marcelo C\u00e2mara realizou o monitoramento ilegal da rotina do ministro Alexandre de Moraes.<\/p>\n\n\n\n<p>De acordo com mensagens apreendidas no celular de Mauro Cid, delator e ex-ajudante de ordens de Bolsonaro, C\u00e2mara informou a Cid que Moraes estaria em S\u00e3o Paulo e se referiu ao ministro como &#8220;professora\u201d. O epis\u00f3dio ocorreu em dezembro de 2022.<\/p>\n\n\n\n<p>Silvinei Vasques, ex-diretor da Pol\u00edcia Rodovi\u00e1ria Federal (PRF), atuou para barrar o deslocamento de eleitores do presidente Luiz In\u00e1cio Lula da Silva no segundo turno das elei\u00e7\u00f5es de 2022.&nbsp;<\/p>\n\n\n\n<p>Mar\u00edlia de Alencar foi respons\u00e1vel pelo levantamento de dados que baseou as blitzes.<\/p>\n\n\n\n<h2 class=\"wp-block-heading\">Defesas<\/h2>\n\n\n\n<p>Em dezembro do ano passado, as defesas dos condenados&nbsp;<a href=\"https:\/\/agenciabrasil.ebc.com.br\/justica\/noticia\/2025-12\/stf-encerra-primeiro-dia-do-julgamento-do-nucleo-2-da-trama-golpista\">negaram as acusa\u00e7\u00f5es e defenderam a absolvi\u00e7\u00e3o dos r\u00e9us<\/a>.<\/p>\n\n\n\n<h2 class=\"wp-block-heading\">Balan\u00e7o<\/h2>\n\n\n\n<p><strong>O Supremo j\u00e1 condenou 29 r\u00e9us pela participa\u00e7\u00e3o na trama golpista. Atualmente, 20 presos est\u00e3o em regime fechado.<\/strong><\/p>\n\n\n\n<p>O ex-presidente Jair Bolsonaro, o ex-ministro do Gabinete de Seguran\u00e7a Institucional (GSI) Augusto Heleno e a ex-diretora de Intelig\u00eancia do Minist\u00e9rio da Justi\u00e7a Mar\u00edlia de Alencar cumprem pris\u00e3o domiciliar.&nbsp;<\/p>\n\n\n\n<p>Os militares do Ex\u00e9rcito M\u00e1rcio Nunes de Resende J\u00fanior e Ronald Ferreira de Ara\u00fajo J\u00fanior assinaram acordos com a Procuradoria-Geral da Rep\u00fablica (PGR) e n\u00e3o foram presos. Eles receberam penas de 3 anos e cinco meses e um ano e onze meses de pris\u00e3o, respectivamente.<\/p>\n\n\n\n<p>Mauro Cid, ex-ajudante de Bolsonaro, assinou acordo de dela\u00e7\u00e3o premiada e j\u00e1 est\u00e1 em liberdade.&nbsp;<\/p>\n\n\n\n<p>Tr\u00eas mandados de pris\u00e3o n\u00e3o foram cumpridos. O ex-deputado Alexandre Ramagem, o presidente do Instituto Voto Legal, Carlos Cesar Moretzsohn Rocha, e o coronel do Ex\u00e9rcito Reginaldo Vieira de Abreu est\u00e3o foragidos no exterior.&nbsp;<\/p>\n","protected":false},"excerpt":{"rendered":"<p>Com isso, ministro encerrou a execu\u00e7\u00e3o definitiva das penas Andr\u00e9 Richter &#8211; Ag\u00eancia Brasil O ministro Alexandre de Moraes, do Supremo Tribunal Federal (STF), encerrou nesta sexta-feira (24) a execu\u00e7\u00e3o definitiva das penas dos condenados pela trama golpista ocorrida durante o governo do ex-presidente Jair Bolsonaro. As pris\u00f5es foram completadas ap\u00f3s o ministro determinar a [&hellip;]<\/p>\n","protected":false},"author":2,"featured_media":4715,"comment_status":"open","ping_status":"open","sticky":false,"template":"","format":"standard","meta":{"footnotes":""},"categories":[9],"tags":[],"class_list":["post-4714","post","type-post","status-publish","format-standard","has-post-thumbnail","hentry","category-politica"],"yoast_head":"<!-- This site is optimized with the Yoast SEO plugin v27.1.1 - https:\/\/yoast.com\/product\/yoast-seo-wordpress\/ -->\n<title>Moraes manda prender \u00faltimo n\u00facleo de condenados pela trama golpista\u00a0 - O PROGRESSO<\/title>\n<meta name=\"robots\" content=\"index, follow, max-snippet:-1, max-image-preview:large, max-video-preview:-1\" \/>\n<link rel=\"canonical\" href=\"https:\/\/progresso.com.br\/index.php\/2026\/04\/24\/moraes-manda-prender-ultimo-nucleo-de-condenados-pela-trama-golpista\/\" \/>\n<meta property=\"og:locale\" content=\"pt_BR\" \/>\n<meta property=\"og:type\" content=\"article\" \/>\n<meta property=\"og:title\" content=\"Moraes manda prender \u00faltimo n\u00facleo de condenados pela trama golpista\u00a0 - O PROGRESSO\" \/>\n<meta property=\"og:description\" content=\"Com isso, ministro encerrou a execu\u00e7\u00e3o definitiva das penas Andr\u00e9 Richter &#8211; Ag\u00eancia Brasil O ministro Alexandre de Moraes, do Supremo Tribunal Federal (STF), encerrou nesta sexta-feira (24) a execu\u00e7\u00e3o definitiva das penas dos condenados pela trama golpista ocorrida durante o governo do ex-presidente Jair Bolsonaro. As pris\u00f5es foram completadas ap\u00f3s o ministro determinar a [&hellip;]\" \/>\n<meta property=\"og:url\" content=\"https:\/\/progresso.com.br\/index.php\/2026\/04\/24\/moraes-manda-prender-ultimo-nucleo-de-condenados-pela-trama-golpista\/\" \/>\n<meta property=\"og:site_name\" content=\"O PROGRESSO\" \/>\n<meta property=\"article:publisher\" content=\"https:\/\/www.facebook.com\/share\/1CeoksKBj6\/\" \/>\n<meta property=\"article:published_time\" content=\"2026-04-24T21:30:00+00:00\" \/>\n<meta property=\"og:image\" content=\"https:\/\/progresso.com.br\/wp-content\/uploads\/2026\/04\/julgamento-trama-golpista-mc_abr_11092025-10.webp\" \/>\n\t<meta property=\"og:image:width\" content=\"1170\" \/>\n\t<meta property=\"og:image:height\" content=\"700\" \/>\n\t<meta property=\"og:image:type\" content=\"image\/webp\" \/>\n<meta name=\"author\" content=\"Rose\" \/>\n<meta name=\"twitter:card\" content=\"summary_large_image\" \/>\n<meta name=\"twitter:label1\" content=\"Escrito por\" \/>\n\t<meta name=\"twitter:data1\" content=\"Rose\" \/>\n\t<meta name=\"twitter:label2\" content=\"Est. tempo de leitura\" \/>\n\t<meta name=\"twitter:data2\" content=\"4 minutos\" \/>\n<script type=\"application\/ld+json\" class=\"yoast-schema-graph\">{\"@context\":\"https:\/\/schema.org\",\"@graph\":[{\"@type\":\"Article\",\"@id\":\"https:\/\/progresso.com.br\/index.php\/2026\/04\/24\/moraes-manda-prender-ultimo-nucleo-de-condenados-pela-trama-golpista\/#article\",\"isPartOf\":{\"@id\":\"https:\/\/progresso.com.br\/index.php\/2026\/04\/24\/moraes-manda-prender-ultimo-nucleo-de-condenados-pela-trama-golpista\/\"},\"author\":{\"name\":\"Rose\",\"@id\":\"https:\/\/progresso.com.br\/#\/schema\/person\/5dd27138d4463fbbaace62120bfc002b\"},\"headline\":\"Moraes manda prender \u00faltimo n\u00facleo de condenados pela trama golpista\u00a0\",\"datePublished\":\"2026-04-24T21:30:00+00:00\",\"mainEntityOfPage\":{\"@id\":\"https:\/\/progresso.com.br\/index.php\/2026\/04\/24\/moraes-manda-prender-ultimo-nucleo-de-condenados-pela-trama-golpista\/\"},\"wordCount\":680,\"commentCount\":0,\"publisher\":{\"@id\":\"https:\/\/progresso.com.br\/#organization\"},\"image\":{\"@id\":\"https:\/\/progresso.com.br\/index.php\/2026\/04\/24\/moraes-manda-prender-ultimo-nucleo-de-condenados-pela-trama-golpista\/#primaryimage\"},\"thumbnailUrl\":\"https:\/\/progresso.com.br\/wp-content\/uploads\/2026\/04\/julgamento-trama-golpista-mc_abr_11092025-10.webp\",\"articleSection\":[\"Pol\u00edtica\"],\"inLanguage\":\"pt-BR\",\"potentialAction\":[{\"@type\":\"CommentAction\",\"name\":\"Comment\",\"target\":[\"https:\/\/progresso.com.br\/index.php\/2026\/04\/24\/moraes-manda-prender-ultimo-nucleo-de-condenados-pela-trama-golpista\/#respond\"]}]},{\"@type\":\"WebPage\",\"@id\":\"https:\/\/progresso.com.br\/index.php\/2026\/04\/24\/moraes-manda-prender-ultimo-nucleo-de-condenados-pela-trama-golpista\/\",\"url\":\"https:\/\/progresso.com.br\/index.php\/2026\/04\/24\/moraes-manda-prender-ultimo-nucleo-de-condenados-pela-trama-golpista\/\",\"name\":\"Moraes manda prender \u00faltimo n\u00facleo de condenados pela trama golpista\u00a0 - O PROGRESSO\",\"isPartOf\":{\"@id\":\"https:\/\/progresso.com.br\/#website\"},\"primaryImageOfPage\":{\"@id\":\"https:\/\/progresso.com.br\/index.php\/2026\/04\/24\/moraes-manda-prender-ultimo-nucleo-de-condenados-pela-trama-golpista\/#primaryimage\"},\"image\":{\"@id\":\"https:\/\/progresso.com.br\/index.php\/2026\/04\/24\/moraes-manda-prender-ultimo-nucleo-de-condenados-pela-trama-golpista\/#primaryimage\"},\"thumbnailUrl\":\"https:\/\/progresso.com.br\/wp-content\/uploads\/2026\/04\/julgamento-trama-golpista-mc_abr_11092025-10.webp\",\"datePublished\":\"2026-04-24T21:30:00+00:00\",\"breadcrumb\":{\"@id\":\"https:\/\/progresso.com.br\/index.php\/2026\/04\/24\/moraes-manda-prender-ultimo-nucleo-de-condenados-pela-trama-golpista\/#breadcrumb\"},\"inLanguage\":\"pt-BR\",\"potentialAction\":[{\"@type\":\"ReadAction\",\"target\":[\"https:\/\/progresso.com.br\/index.php\/2026\/04\/24\/moraes-manda-prender-ultimo-nucleo-de-condenados-pela-trama-golpista\/\"]}]},{\"@type\":\"ImageObject\",\"inLanguage\":\"pt-BR\",\"@id\":\"https:\/\/progresso.com.br\/index.php\/2026\/04\/24\/moraes-manda-prender-ultimo-nucleo-de-condenados-pela-trama-golpista\/#primaryimage\",\"url\":\"https:\/\/progresso.com.br\/wp-content\/uploads\/2026\/04\/julgamento-trama-golpista-mc_abr_11092025-10.webp\",\"contentUrl\":\"https:\/\/progresso.com.br\/wp-content\/uploads\/2026\/04\/julgamento-trama-golpista-mc_abr_11092025-10.webp\",\"width\":1170,\"height\":700,\"caption\":\"(Foto: Marcelo Camargo\/Ag\u00eancia Brasil)\"},{\"@type\":\"BreadcrumbList\",\"@id\":\"https:\/\/progresso.com.br\/index.php\/2026\/04\/24\/moraes-manda-prender-ultimo-nucleo-de-condenados-pela-trama-golpista\/#breadcrumb\",\"itemListElement\":[{\"@type\":\"ListItem\",\"position\":1,\"name\":\"In\u00edcio\",\"item\":\"https:\/\/progresso.com.br\/\"},{\"@type\":\"ListItem\",\"position\":2,\"name\":\"Moraes manda prender \u00faltimo n\u00facleo de condenados pela trama golpista\u00a0\"}]},{\"@type\":\"WebSite\",\"@id\":\"https:\/\/progresso.com.br\/#website\",\"url\":\"https:\/\/progresso.com.br\/\",\"name\":\"O PROGRESSO\",\"description\":\"\",\"publisher\":{\"@id\":\"https:\/\/progresso.com.br\/#organization\"},\"potentialAction\":[{\"@type\":\"SearchAction\",\"target\":{\"@type\":\"EntryPoint\",\"urlTemplate\":\"https:\/\/progresso.com.br\/?s={search_term_string}\"},\"query-input\":{\"@type\":\"PropertyValueSpecification\",\"valueRequired\":true,\"valueName\":\"search_term_string\"}}],\"inLanguage\":\"pt-BR\"},{\"@type\":\"Organization\",\"@id\":\"https:\/\/progresso.com.br\/#organization\",\"name\":\"O PROGRESSO\",\"url\":\"https:\/\/progresso.com.br\/\",\"logo\":{\"@type\":\"ImageObject\",\"inLanguage\":\"pt-BR\",\"@id\":\"https:\/\/progresso.com.br\/#\/schema\/logo\/image\/\",\"url\":\"https:\/\/progresso.com.br\/wp-content\/uploads\/2026\/03\/logo_proog.jpg\",\"contentUrl\":\"https:\/\/progresso.com.br\/wp-content\/uploads\/2026\/03\/logo_proog.jpg\",\"width\":1960,\"height\":1080,\"caption\":\"O PROGRESSO\"},\"image\":{\"@id\":\"https:\/\/progresso.com.br\/#\/schema\/logo\/image\/\"},\"sameAs\":[\"https:\/\/www.facebook.com\/share\/1CeoksKBj6\/\",\"https:\/\/www.instagram.com\/oprogresso_digital\"]},{\"@type\":\"Person\",\"@id\":\"https:\/\/progresso.com.br\/#\/schema\/person\/5dd27138d4463fbbaace62120bfc002b\",\"name\":\"Rose\",\"image\":{\"@type\":\"ImageObject\",\"inLanguage\":\"pt-BR\",\"@id\":\"https:\/\/progresso.com.br\/#\/schema\/person\/image\/\",\"url\":\"https:\/\/secure.gravatar.com\/avatar\/1b6890e759cdd3a88d9f751cb423720b9861c5239167cd3586355638b6556599?s=96&d=mm&r=g\",\"contentUrl\":\"https:\/\/secure.gravatar.com\/avatar\/1b6890e759cdd3a88d9f751cb423720b9861c5239167cd3586355638b6556599?s=96&d=mm&r=g\",\"caption\":\"Rose\"},\"url\":\"https:\/\/progresso.com.br\/index.php\/author\/rose\/\"}]}<\/script>\n<!-- \/ Yoast SEO plugin. -->","yoast_head_json":{"title":"Moraes manda prender \u00faltimo n\u00facleo de condenados pela trama golpista\u00a0 - O PROGRESSO","robots":{"index":"index","follow":"follow","max-snippet":"max-snippet:-1","max-image-preview":"max-image-preview:large","max-video-preview":"max-video-preview:-1"},"canonical":"https:\/\/progresso.com.br\/index.php\/2026\/04\/24\/moraes-manda-prender-ultimo-nucleo-de-condenados-pela-trama-golpista\/","og_locale":"pt_BR","og_type":"article","og_title":"Moraes manda prender \u00faltimo n\u00facleo de condenados pela trama golpista\u00a0 - O PROGRESSO","og_description":"Com isso, ministro encerrou a execu\u00e7\u00e3o definitiva das penas Andr\u00e9 Richter &#8211; Ag\u00eancia Brasil O ministro Alexandre de Moraes, do Supremo Tribunal Federal (STF), encerrou nesta sexta-feira (24) a execu\u00e7\u00e3o definitiva das penas dos condenados pela trama golpista ocorrida durante o governo do ex-presidente Jair Bolsonaro. As pris\u00f5es foram completadas ap\u00f3s o ministro determinar a [&hellip;]","og_url":"https:\/\/progresso.com.br\/index.php\/2026\/04\/24\/moraes-manda-prender-ultimo-nucleo-de-condenados-pela-trama-golpista\/","og_site_name":"O PROGRESSO","article_publisher":"https:\/\/www.facebook.com\/share\/1CeoksKBj6\/","article_published_time":"2026-04-24T21:30:00+00:00","og_image":[{"width":1170,"height":700,"url":"https:\/\/progresso.com.br\/wp-content\/uploads\/2026\/04\/julgamento-trama-golpista-mc_abr_11092025-10.webp","type":"image\/webp"}],"author":"Rose","twitter_card":"summary_large_image","twitter_misc":{"Escrito por":"Rose","Est. tempo de leitura":"4 minutos"},"schema":{"@context":"https:\/\/schema.org","@graph":[{"@type":"Article","@id":"https:\/\/progresso.com.br\/index.php\/2026\/04\/24\/moraes-manda-prender-ultimo-nucleo-de-condenados-pela-trama-golpista\/#article","isPartOf":{"@id":"https:\/\/progresso.com.br\/index.php\/2026\/04\/24\/moraes-manda-prender-ultimo-nucleo-de-condenados-pela-trama-golpista\/"},"author":{"name":"Rose","@id":"https:\/\/progresso.com.br\/#\/schema\/person\/5dd27138d4463fbbaace62120bfc002b"},"headline":"Moraes manda prender \u00faltimo n\u00facleo de condenados pela trama golpista\u00a0","datePublished":"2026-04-24T21:30:00+00:00","mainEntityOfPage":{"@id":"https:\/\/progresso.com.br\/index.php\/2026\/04\/24\/moraes-manda-prender-ultimo-nucleo-de-condenados-pela-trama-golpista\/"},"wordCount":680,"commentCount":0,"publisher":{"@id":"https:\/\/progresso.com.br\/#organization"},"image":{"@id":"https:\/\/progresso.com.br\/index.php\/2026\/04\/24\/moraes-manda-prender-ultimo-nucleo-de-condenados-pela-trama-golpista\/#primaryimage"},"thumbnailUrl":"https:\/\/progresso.com.br\/wp-content\/uploads\/2026\/04\/julgamento-trama-golpista-mc_abr_11092025-10.webp","articleSection":["Pol\u00edtica"],"inLanguage":"pt-BR","potentialAction":[{"@type":"CommentAction","name":"Comment","target":["https:\/\/progresso.com.br\/index.php\/2026\/04\/24\/moraes-manda-prender-ultimo-nucleo-de-condenados-pela-trama-golpista\/#respond"]}]},{"@type":"WebPage","@id":"https:\/\/progresso.com.br\/index.php\/2026\/04\/24\/moraes-manda-prender-ultimo-nucleo-de-condenados-pela-trama-golpista\/","url":"https:\/\/progresso.com.br\/index.php\/2026\/04\/24\/moraes-manda-prender-ultimo-nucleo-de-condenados-pela-trama-golpista\/","name":"Moraes manda prender \u00faltimo n\u00facleo de condenados pela trama golpista\u00a0 - O PROGRESSO","isPartOf":{"@id":"https:\/\/progresso.com.br\/#website"},"primaryImageOfPage":{"@id":"https:\/\/progresso.com.br\/index.php\/2026\/04\/24\/moraes-manda-prender-ultimo-nucleo-de-condenados-pela-trama-golpista\/#primaryimage"},"image":{"@id":"https:\/\/progresso.com.br\/index.php\/2026\/04\/24\/moraes-manda-prender-ultimo-nucleo-de-condenados-pela-trama-golpista\/#primaryimage"},"thumbnailUrl":"https:\/\/progresso.com.br\/wp-content\/uploads\/2026\/04\/julgamento-trama-golpista-mc_abr_11092025-10.webp","datePublished":"2026-04-24T21:30:00+00:00","breadcrumb":{"@id":"https:\/\/progresso.com.br\/index.php\/2026\/04\/24\/moraes-manda-prender-ultimo-nucleo-de-condenados-pela-trama-golpista\/#breadcrumb"},"inLanguage":"pt-BR","potentialAction":[{"@type":"ReadAction","target":["https:\/\/progresso.com.br\/index.php\/2026\/04\/24\/moraes-manda-prender-ultimo-nucleo-de-condenados-pela-trama-golpista\/"]}]},{"@type":"ImageObject","inLanguage":"pt-BR","@id":"https:\/\/progresso.com.br\/index.php\/2026\/04\/24\/moraes-manda-prender-ultimo-nucleo-de-condenados-pela-trama-golpista\/#primaryimage","url":"https:\/\/progresso.com.br\/wp-content\/uploads\/2026\/04\/julgamento-trama-golpista-mc_abr_11092025-10.webp","contentUrl":"https:\/\/progresso.com.br\/wp-content\/uploads\/2026\/04\/julgamento-trama-golpista-mc_abr_11092025-10.webp","width":1170,"height":700,"caption":"(Foto: Marcelo Camargo\/Ag\u00eancia Brasil)"},{"@type":"BreadcrumbList","@id":"https:\/\/progresso.com.br\/index.php\/2026\/04\/24\/moraes-manda-prender-ultimo-nucleo-de-condenados-pela-trama-golpista\/#breadcrumb","itemListElement":[{"@type":"ListItem","position":1,"name":"In\u00edcio","item":"https:\/\/progresso.com.br\/"},{"@type":"ListItem","position":2,"name":"Moraes manda prender \u00faltimo n\u00facleo de condenados pela trama golpista\u00a0"}]},{"@type":"WebSite","@id":"https:\/\/progresso.com.br\/#website","url":"https:\/\/progresso.com.br\/","name":"O PROGRESSO","description":"","publisher":{"@id":"https:\/\/progresso.com.br\/#organization"},"potentialAction":[{"@type":"SearchAction","target":{"@type":"EntryPoint","urlTemplate":"https:\/\/progresso.com.br\/?s={search_term_string}"},"query-input":{"@type":"PropertyValueSpecification","valueRequired":true,"valueName":"search_term_string"}}],"inLanguage":"pt-BR"},{"@type":"Organization","@id":"https:\/\/progresso.com.br\/#organization","name":"O PROGRESSO","url":"https:\/\/progresso.com.br\/","logo":{"@type":"ImageObject","inLanguage":"pt-BR","@id":"https:\/\/progresso.com.br\/#\/schema\/logo\/image\/","url":"https:\/\/progresso.com.br\/wp-content\/uploads\/2026\/03\/logo_proog.jpg","contentUrl":"https:\/\/progresso.com.br\/wp-content\/uploads\/2026\/03\/logo_proog.jpg","width":1960,"height":1080,"caption":"O PROGRESSO"},"image":{"@id":"https:\/\/progresso.com.br\/#\/schema\/logo\/image\/"},"sameAs":["https:\/\/www.facebook.com\/share\/1CeoksKBj6\/","https:\/\/www.instagram.com\/oprogresso_digital"]},{"@type":"Person","@id":"https:\/\/progresso.com.br\/#\/schema\/person\/5dd27138d4463fbbaace62120bfc002b","name":"Rose","image":{"@type":"ImageObject","inLanguage":"pt-BR","@id":"https:\/\/progresso.com.br\/#\/schema\/person\/image\/","url":"https:\/\/secure.gravatar.com\/avatar\/1b6890e759cdd3a88d9f751cb423720b9861c5239167cd3586355638b6556599?s=96&d=mm&r=g","contentUrl":"https:\/\/secure.gravatar.com\/avatar\/1b6890e759cdd3a88d9f751cb423720b9861c5239167cd3586355638b6556599?s=96&d=mm&r=g","caption":"Rose"},"url":"https:\/\/progresso.com.br\/index.php\/author\/rose\/"}]}},"_links":{"self":[{"href":"https:\/\/progresso.com.br\/index.php\/wp-json\/wp\/v2\/posts\/4714","targetHints":{"allow":["GET"]}}],"collection":[{"href":"https:\/\/progresso.com.br\/index.php\/wp-json\/wp\/v2\/posts"}],"about":[{"href":"https:\/\/progresso.com.br\/index.php\/wp-json\/wp\/v2\/types\/post"}],"author":[{"embeddable":true,"href":"https:\/\/progresso.com.br\/index.php\/wp-json\/wp\/v2\/users\/2"}],"replies":[{"embeddable":true,"href":"https:\/\/progresso.com.br\/index.php\/wp-json\/wp\/v2\/comments?post=4714"}],"version-history":[{"count":1,"href":"https:\/\/progresso.com.br\/index.php\/wp-json\/wp\/v2\/posts\/4714\/revisions"}],"predecessor-version":[{"id":4716,"href":"https:\/\/progresso.com.br\/index.php\/wp-json\/wp\/v2\/posts\/4714\/revisions\/4716"}],"wp:featuredmedia":[{"embeddable":true,"href":"https:\/\/progresso.com.br\/index.php\/wp-json\/wp\/v2\/media\/4715"}],"wp:attachment":[{"href":"https:\/\/progresso.com.br\/index.php\/wp-json\/wp\/v2\/media?parent=4714"}],"wp:term":[{"taxonomy":"category","embeddable":true,"href":"https:\/\/progresso.com.br\/index.php\/wp-json\/wp\/v2\/categories?post=4714"},{"taxonomy":"post_tag","embeddable":true,"href":"https:\/\/progresso.com.br\/index.php\/wp-json\/wp\/v2\/tags?post=4714"}],"curies":[{"name":"wp","href":"https:\/\/api.w.org\/{rel}","templated":true}]}}