{"id":4728,"date":"2026-04-24T18:36:38","date_gmt":"2026-04-24T22:36:38","guid":{"rendered":"https:\/\/progresso.com.br\/?p=4728"},"modified":"2026-04-24T18:36:39","modified_gmt":"2026-04-24T22:36:39","slug":"governo-anuncia-bloqueio-de-27-plataformas-de-mercado-preditivo","status":"publish","type":"post","link":"https:\/\/progresso.com.br\/index.php\/2026\/04\/24\/governo-anuncia-bloqueio-de-27-plataformas-de-mercado-preditivo\/","title":{"rendered":"Governo anuncia bloqueio de 27 plataformas de mercado preditivo"},"content":{"rendered":"\n<p><em>Pedro Rafael Vilela, da Ag\u00eancia Brasil<\/em><\/p>\n\n\n\n<p>Plataformas online de predi\u00e7\u00e3o tiveram o bloqueio determinado\u00a0nesta\u00a0sexta-feira (24) pelo Minist\u00e9rio da Fazenda.\u00a0<\/p>\n\n\n\n<p><strong>Segundo o ministro, Dario Durigan,\u00a0pelo menos 27 plataformas de mercado preditivo j\u00e1 foram tiradas do ar pela Ag\u00eancia Nacional de Telecomunica\u00e7\u00f5es (Anatel).<\/strong><img decoding=\"async\" src=\"https:\/\/agenciabrasil.ebc.com.br\/ebc.png?id=1687177&amp;o=node\"><img decoding=\"async\" src=\"https:\/\/agenciabrasil.ebc.com.br\/ebc.gif?id=1687177&amp;o=node\"><\/p>\n\n\n\n<p>Por meio desses servi\u00e7os online,&nbsp;usu\u00e1rios arriscam dinheiro em previs\u00f5es sobre entretenimento, temas pol\u00edticos, culturais ou sociais.&nbsp;<strong>Em coletiva de imprensa no Pal\u00e1cio do Planalto, o governo federal explicou que o servi\u00e7o n\u00e3o est\u00e1 previsto na legisla\u00e7\u00e3o e \u00e9 ilegal.<\/strong><\/p>\n\n\n\n<blockquote class=\"wp-block-quote is-layout-flow wp-block-quote-is-layout-flow\">\n<p><em>&#8220;A gente tem acompanhado a evolu\u00e7\u00e3o desse setor no Brasil, que sofreu um espa\u00e7o de anarquia, porque n\u00e3o teve regra, n\u00e3o teve nenhum acompanhamento, de 2018 a 2022&#8221;, afirmou o ministro da Fazenda.<\/em><\/p>\n<\/blockquote>\n\n\n\n<p>&#8220;De modo que a conclus\u00e3o \u00e0 que chega o Minist\u00e9rio da Fazenda, em conjunto com os demais minist\u00e9rios do governo do presidente Lula, \u00e9 que os mercados de predi\u00e7\u00e3o n\u00e3o s\u00e3o legais, n\u00e3o s\u00e3o regulares no Brasil&#8221;.<\/p>\n\n\n\n<p><a href=\"https:\/\/agenciabrasil.ebc.com.br\/economia\/noticia\/2026-04\/apostas-nao-financeiras-em-plataformas-de-previsoes-sao-proibidas\" target=\"_blank\" rel=\"noreferrer noopener\">A ordem de bloqueio foi feita com base em uma resolu\u00e7\u00e3o aprovada pelo Conselho Monet\u00e1rio Nacional (CMN)<\/a>, que busca fechar uma brecha regulat\u00f3ria e definir regras mais claras para esse tipo de atividade.<\/p>\n\n\n\n<p>Dario Durigan apontou que a decis\u00e3o cumpre o objetivo de proteger a poupan\u00e7a popular e evitar maior endividamento da popula\u00e7\u00e3o.<\/p>\n\n\n\n<p>&#8220;No momento em que a gente faz um esfor\u00e7o para diminuir o n\u00edvel de d\u00edvida das fam\u00edlias brasileiras, das pequenas empresas, dos agricultores rurais, dos estudantes, a gente tamb\u00e9m previne, a partir do an\u00fancio que o presidente vai fazer sobre o programa de endividamento, que as pessoas n\u00e3o tomem d\u00edvida nova, por exemplo, nesse tipo de mercado, que \u00e9 uma d\u00edvida ruim, que prejudica a esperan\u00e7a e a qualidade de vida das pessoas&#8221;.<\/p>\n\n\n\n<h2 class=\"wp-block-heading\">O que \u00e9 mercado preditivo?<\/h2>\n\n\n\n<p>O mercado preditivo funciona como uma esp\u00e9cie de &#8220;bolsa de apostas&#8221; sobre eventos futuros. Nele, as pessoas compram e vendem contratos financeiros baseados em perguntas simples como &#8220;Vai acontecer ou n\u00e3o?&#8221;.<\/p>\n\n\n\n<p>Se o evento acontecer, quem apostou ganha dinheiro. Se n\u00e3o acontecer, perde. Esses contratos s\u00e3o chamados de derivativos no jarg\u00e3o do mercado financeiro.<\/p>\n\n\n\n<p>&#8220;A gente n\u00e3o vai ter aqui previs\u00e3o de chuva, morte de uma determinada celebridade, como possibilidade de ser encarado como derivativo regular no Brasil&#8221;, exemplificou o ministro.<\/p>\n\n\n\n<p><strong>Segundo ele, a legisla\u00e7\u00e3o brasileira que regulamenta o mercado de apostas s\u00f3 permite a apostas em eventos esportivos reais e jogos online com regras definidas<\/strong>.<\/p>\n\n\n\n<p>Como essas plataformas de mercado preditivo n\u00e3o se adequavam \u00e0 lei sobre apostas online, elas operavam no mercado financeiro com a venda destes derivativos, sem lastro financeiro, e agora passam a ser proibidas, segundo a resolu\u00e7\u00e3o do CMN.<\/p>\n\n\n\n<p>&#8220;A medida tem como objetivo evitar a consolida\u00e7\u00e3o de um novo mercado de apostas, o chamado mercado de predi\u00e7\u00e3o, para evitar que ele se consolide sem controle. Do nosso ponto de vista, se isso acontecesse, provocaria riscos enormes para a popula\u00e7\u00e3o brasileira&#8221;, destacou a ministra chefe da Casa Civil, Miriam Belchior.<\/p>\n\n\n\n<h2 class=\"wp-block-heading\">Confira a lista de plataformas de mercado preditivo bloqueadas<\/h2>\n\n\n\n<figure class=\"wp-block-image\"><img decoding=\"async\" src=\"https:\/\/imagens.ebc.com.br\/-y2jn3L0Agfj4dWF0Cn3xmWc390=\/754x0\/smart\/https:\/\/agenciabrasil.ebc.com.br\/sites\/default\/files\/thumbnails\/image\/2026\/04\/24\/59e1518f-7ed4-43cf-8842-7fe0ee6a8658.jpg?itok=jtp0OZ4x\" alt=\"Bras\u00edlia (DF), 24\/04\/2026 - Governo anuncia bloqueio de plataformas de mercado preditivo. Regulamento fecha o cerco contra nova modalidade de apostas ilegais. Foto: Governo Federal\/Divulga\u00e7\u00e3o\" title=\"Governo Federal\/Divulga\u00e7\u00e3o\"\/><\/figure>\n\n\n\n<h6 class=\"wp-block-heading\"><em>Governo anuncia bloqueio de plataformas de mercado preditivo. Regulamento fecha o cerco contra nova modalidade de apostas ilegais.\u00a0<strong>Governo Federal\/Divulga\u00e7\u00e3o<\/strong><\/em><\/h6>\n\n\n\n<p><\/p>\n","protected":false},"excerpt":{"rendered":"<p>Pedro Rafael Vilela, da Ag\u00eancia Brasil Plataformas online de predi\u00e7\u00e3o tiveram o bloqueio determinado\u00a0nesta\u00a0sexta-feira (24) pelo Minist\u00e9rio da Fazenda.\u00a0 Segundo o ministro, Dario Durigan,\u00a0pelo menos 27 plataformas de mercado preditivo j\u00e1 foram tiradas do ar pela Ag\u00eancia Nacional de Telecomunica\u00e7\u00f5es (Anatel). Por meio desses servi\u00e7os online,&nbsp;usu\u00e1rios arriscam dinheiro em previs\u00f5es sobre entretenimento, temas pol\u00edticos, culturais [&hellip;]<\/p>\n","protected":false},"author":3,"featured_media":4729,"comment_status":"open","ping_status":"open","sticky":false,"template":"","format":"standard","meta":{"footnotes":""},"categories":[9],"tags":[],"class_list":["post-4728","post","type-post","status-publish","format-standard","has-post-thumbnail","hentry","category-politica"],"yoast_head":"<!-- This site is optimized with the Yoast SEO plugin v27.1.1 - https:\/\/yoast.com\/product\/yoast-seo-wordpress\/ -->\n<title>Governo anuncia bloqueio de 27 plataformas de mercado preditivo - O PROGRESSO<\/title>\n<meta name=\"robots\" content=\"index, follow, max-snippet:-1, max-image-preview:large, max-video-preview:-1\" \/>\n<link rel=\"canonical\" href=\"https:\/\/progresso.com.br\/index.php\/2026\/04\/24\/governo-anuncia-bloqueio-de-27-plataformas-de-mercado-preditivo\/\" \/>\n<meta property=\"og:locale\" content=\"pt_BR\" \/>\n<meta property=\"og:type\" content=\"article\" \/>\n<meta property=\"og:title\" content=\"Governo anuncia bloqueio de 27 plataformas de mercado preditivo - O PROGRESSO\" \/>\n<meta property=\"og:description\" content=\"Pedro Rafael Vilela, da Ag\u00eancia Brasil Plataformas online de predi\u00e7\u00e3o tiveram o bloqueio determinado\u00a0nesta\u00a0sexta-feira (24) pelo Minist\u00e9rio da Fazenda.\u00a0 Segundo o ministro, Dario Durigan,\u00a0pelo menos 27 plataformas de mercado preditivo j\u00e1 foram tiradas do ar pela Ag\u00eancia Nacional de Telecomunica\u00e7\u00f5es (Anatel). Por meio desses servi\u00e7os online,&nbsp;usu\u00e1rios arriscam dinheiro em previs\u00f5es sobre entretenimento, temas pol\u00edticos, culturais [&hellip;]\" \/>\n<meta property=\"og:url\" content=\"https:\/\/progresso.com.br\/index.php\/2026\/04\/24\/governo-anuncia-bloqueio-de-27-plataformas-de-mercado-preditivo\/\" \/>\n<meta property=\"og:site_name\" content=\"O PROGRESSO\" \/>\n<meta property=\"article:publisher\" content=\"https:\/\/www.facebook.com\/share\/1CeoksKBj6\/\" \/>\n<meta property=\"article:published_time\" content=\"2026-04-24T22:36:38+00:00\" \/>\n<meta property=\"article:modified_time\" content=\"2026-04-24T22:36:39+00:00\" \/>\n<meta property=\"og:image\" content=\"https:\/\/progresso.com.br\/wp-content\/uploads\/2026\/04\/dario-durigan2.webp\" \/>\n\t<meta property=\"og:image:width\" content=\"1170\" \/>\n\t<meta property=\"og:image:height\" content=\"700\" \/>\n\t<meta property=\"og:image:type\" content=\"image\/webp\" \/>\n<meta name=\"author\" content=\"Alfredo\" \/>\n<meta name=\"twitter:card\" content=\"summary_large_image\" \/>\n<meta name=\"twitter:label1\" content=\"Escrito por\" \/>\n\t<meta name=\"twitter:data1\" content=\"Alfredo\" \/>\n\t<meta name=\"twitter:label2\" content=\"Est. tempo de leitura\" \/>\n\t<meta name=\"twitter:data2\" content=\"4 minutos\" \/>\n<script type=\"application\/ld+json\" class=\"yoast-schema-graph\">{\"@context\":\"https:\/\/schema.org\",\"@graph\":[{\"@type\":\"Article\",\"@id\":\"https:\/\/progresso.com.br\/index.php\/2026\/04\/24\/governo-anuncia-bloqueio-de-27-plataformas-de-mercado-preditivo\/#article\",\"isPartOf\":{\"@id\":\"https:\/\/progresso.com.br\/index.php\/2026\/04\/24\/governo-anuncia-bloqueio-de-27-plataformas-de-mercado-preditivo\/\"},\"author\":{\"name\":\"Alfredo\",\"@id\":\"https:\/\/progresso.com.br\/#\/schema\/person\/b7390ac97c5e156cc2e02aa8e88f1bf2\"},\"headline\":\"Governo anuncia bloqueio de 27 plataformas de mercado preditivo\",\"datePublished\":\"2026-04-24T22:36:38+00:00\",\"dateModified\":\"2026-04-24T22:36:39+00:00\",\"mainEntityOfPage\":{\"@id\":\"https:\/\/progresso.com.br\/index.php\/2026\/04\/24\/governo-anuncia-bloqueio-de-27-plataformas-de-mercado-preditivo\/\"},\"wordCount\":565,\"commentCount\":0,\"publisher\":{\"@id\":\"https:\/\/progresso.com.br\/#organization\"},\"image\":{\"@id\":\"https:\/\/progresso.com.br\/index.php\/2026\/04\/24\/governo-anuncia-bloqueio-de-27-plataformas-de-mercado-preditivo\/#primaryimage\"},\"thumbnailUrl\":\"https:\/\/progresso.com.br\/wp-content\/uploads\/2026\/04\/dario-durigan2.webp\",\"articleSection\":[\"Pol\u00edtica\"],\"inLanguage\":\"pt-BR\",\"potentialAction\":[{\"@type\":\"CommentAction\",\"name\":\"Comment\",\"target\":[\"https:\/\/progresso.com.br\/index.php\/2026\/04\/24\/governo-anuncia-bloqueio-de-27-plataformas-de-mercado-preditivo\/#respond\"]}]},{\"@type\":\"WebPage\",\"@id\":\"https:\/\/progresso.com.br\/index.php\/2026\/04\/24\/governo-anuncia-bloqueio-de-27-plataformas-de-mercado-preditivo\/\",\"url\":\"https:\/\/progresso.com.br\/index.php\/2026\/04\/24\/governo-anuncia-bloqueio-de-27-plataformas-de-mercado-preditivo\/\",\"name\":\"Governo anuncia bloqueio de 27 plataformas de mercado preditivo - O PROGRESSO\",\"isPartOf\":{\"@id\":\"https:\/\/progresso.com.br\/#website\"},\"primaryImageOfPage\":{\"@id\":\"https:\/\/progresso.com.br\/index.php\/2026\/04\/24\/governo-anuncia-bloqueio-de-27-plataformas-de-mercado-preditivo\/#primaryimage\"},\"image\":{\"@id\":\"https:\/\/progresso.com.br\/index.php\/2026\/04\/24\/governo-anuncia-bloqueio-de-27-plataformas-de-mercado-preditivo\/#primaryimage\"},\"thumbnailUrl\":\"https:\/\/progresso.com.br\/wp-content\/uploads\/2026\/04\/dario-durigan2.webp\",\"datePublished\":\"2026-04-24T22:36:38+00:00\",\"dateModified\":\"2026-04-24T22:36:39+00:00\",\"breadcrumb\":{\"@id\":\"https:\/\/progresso.com.br\/index.php\/2026\/04\/24\/governo-anuncia-bloqueio-de-27-plataformas-de-mercado-preditivo\/#breadcrumb\"},\"inLanguage\":\"pt-BR\",\"potentialAction\":[{\"@type\":\"ReadAction\",\"target\":[\"https:\/\/progresso.com.br\/index.php\/2026\/04\/24\/governo-anuncia-bloqueio-de-27-plataformas-de-mercado-preditivo\/\"]}]},{\"@type\":\"ImageObject\",\"inLanguage\":\"pt-BR\",\"@id\":\"https:\/\/progresso.com.br\/index.php\/2026\/04\/24\/governo-anuncia-bloqueio-de-27-plataformas-de-mercado-preditivo\/#primaryimage\",\"url\":\"https:\/\/progresso.com.br\/wp-content\/uploads\/2026\/04\/dario-durigan2.webp\",\"contentUrl\":\"https:\/\/progresso.com.br\/wp-content\/uploads\/2026\/04\/dario-durigan2.webp\",\"width\":1170,\"height\":700,\"caption\":\"Segundo o ministro Dario Durigan, pelo menos 27 plataformas de mercado preditivo j\u00e1 foram tiradas do ar. (Foto: Washington Costa\/MF)\"},{\"@type\":\"BreadcrumbList\",\"@id\":\"https:\/\/progresso.com.br\/index.php\/2026\/04\/24\/governo-anuncia-bloqueio-de-27-plataformas-de-mercado-preditivo\/#breadcrumb\",\"itemListElement\":[{\"@type\":\"ListItem\",\"position\":1,\"name\":\"In\u00edcio\",\"item\":\"https:\/\/progresso.com.br\/\"},{\"@type\":\"ListItem\",\"position\":2,\"name\":\"Governo anuncia bloqueio de 27 plataformas de mercado preditivo\"}]},{\"@type\":\"WebSite\",\"@id\":\"https:\/\/progresso.com.br\/#website\",\"url\":\"https:\/\/progresso.com.br\/\",\"name\":\"O PROGRESSO\",\"description\":\"\",\"publisher\":{\"@id\":\"https:\/\/progresso.com.br\/#organization\"},\"potentialAction\":[{\"@type\":\"SearchAction\",\"target\":{\"@type\":\"EntryPoint\",\"urlTemplate\":\"https:\/\/progresso.com.br\/?s={search_term_string}\"},\"query-input\":{\"@type\":\"PropertyValueSpecification\",\"valueRequired\":true,\"valueName\":\"search_term_string\"}}],\"inLanguage\":\"pt-BR\"},{\"@type\":\"Organization\",\"@id\":\"https:\/\/progresso.com.br\/#organization\",\"name\":\"O PROGRESSO\",\"url\":\"https:\/\/progresso.com.br\/\",\"logo\":{\"@type\":\"ImageObject\",\"inLanguage\":\"pt-BR\",\"@id\":\"https:\/\/progresso.com.br\/#\/schema\/logo\/image\/\",\"url\":\"https:\/\/progresso.com.br\/wp-content\/uploads\/2026\/03\/logo_proog.jpg\",\"contentUrl\":\"https:\/\/progresso.com.br\/wp-content\/uploads\/2026\/03\/logo_proog.jpg\",\"width\":1960,\"height\":1080,\"caption\":\"O PROGRESSO\"},\"image\":{\"@id\":\"https:\/\/progresso.com.br\/#\/schema\/logo\/image\/\"},\"sameAs\":[\"https:\/\/www.facebook.com\/share\/1CeoksKBj6\/\",\"https:\/\/www.instagram.com\/oprogresso_digital\"]},{\"@type\":\"Person\",\"@id\":\"https:\/\/progresso.com.br\/#\/schema\/person\/b7390ac97c5e156cc2e02aa8e88f1bf2\",\"name\":\"Alfredo\",\"image\":{\"@type\":\"ImageObject\",\"inLanguage\":\"pt-BR\",\"@id\":\"https:\/\/progresso.com.br\/#\/schema\/person\/image\/\",\"url\":\"https:\/\/secure.gravatar.com\/avatar\/ca208a3111522ad69d765c6f0ea1ce4742c74e10aba78ae7158042d704d65a9f?s=96&d=mm&r=g\",\"contentUrl\":\"https:\/\/secure.gravatar.com\/avatar\/ca208a3111522ad69d765c6f0ea1ce4742c74e10aba78ae7158042d704d65a9f?s=96&d=mm&r=g\",\"caption\":\"Alfredo\"},\"url\":\"https:\/\/progresso.com.br\/index.php\/author\/alfredo\/\"}]}<\/script>\n<!-- \/ Yoast SEO plugin. -->","yoast_head_json":{"title":"Governo anuncia bloqueio de 27 plataformas de mercado preditivo - O PROGRESSO","robots":{"index":"index","follow":"follow","max-snippet":"max-snippet:-1","max-image-preview":"max-image-preview:large","max-video-preview":"max-video-preview:-1"},"canonical":"https:\/\/progresso.com.br\/index.php\/2026\/04\/24\/governo-anuncia-bloqueio-de-27-plataformas-de-mercado-preditivo\/","og_locale":"pt_BR","og_type":"article","og_title":"Governo anuncia bloqueio de 27 plataformas de mercado preditivo - O PROGRESSO","og_description":"Pedro Rafael Vilela, da Ag\u00eancia Brasil Plataformas online de predi\u00e7\u00e3o tiveram o bloqueio determinado\u00a0nesta\u00a0sexta-feira (24) pelo Minist\u00e9rio da Fazenda.\u00a0 Segundo o ministro, Dario Durigan,\u00a0pelo menos 27 plataformas de mercado preditivo j\u00e1 foram tiradas do ar pela Ag\u00eancia Nacional de Telecomunica\u00e7\u00f5es (Anatel). Por meio desses servi\u00e7os online,&nbsp;usu\u00e1rios arriscam dinheiro em previs\u00f5es sobre entretenimento, temas pol\u00edticos, culturais [&hellip;]","og_url":"https:\/\/progresso.com.br\/index.php\/2026\/04\/24\/governo-anuncia-bloqueio-de-27-plataformas-de-mercado-preditivo\/","og_site_name":"O PROGRESSO","article_publisher":"https:\/\/www.facebook.com\/share\/1CeoksKBj6\/","article_published_time":"2026-04-24T22:36:38+00:00","article_modified_time":"2026-04-24T22:36:39+00:00","og_image":[{"width":1170,"height":700,"url":"https:\/\/progresso.com.br\/wp-content\/uploads\/2026\/04\/dario-durigan2.webp","type":"image\/webp"}],"author":"Alfredo","twitter_card":"summary_large_image","twitter_misc":{"Escrito por":"Alfredo","Est. tempo de leitura":"4 minutos"},"schema":{"@context":"https:\/\/schema.org","@graph":[{"@type":"Article","@id":"https:\/\/progresso.com.br\/index.php\/2026\/04\/24\/governo-anuncia-bloqueio-de-27-plataformas-de-mercado-preditivo\/#article","isPartOf":{"@id":"https:\/\/progresso.com.br\/index.php\/2026\/04\/24\/governo-anuncia-bloqueio-de-27-plataformas-de-mercado-preditivo\/"},"author":{"name":"Alfredo","@id":"https:\/\/progresso.com.br\/#\/schema\/person\/b7390ac97c5e156cc2e02aa8e88f1bf2"},"headline":"Governo anuncia bloqueio de 27 plataformas de mercado preditivo","datePublished":"2026-04-24T22:36:38+00:00","dateModified":"2026-04-24T22:36:39+00:00","mainEntityOfPage":{"@id":"https:\/\/progresso.com.br\/index.php\/2026\/04\/24\/governo-anuncia-bloqueio-de-27-plataformas-de-mercado-preditivo\/"},"wordCount":565,"commentCount":0,"publisher":{"@id":"https:\/\/progresso.com.br\/#organization"},"image":{"@id":"https:\/\/progresso.com.br\/index.php\/2026\/04\/24\/governo-anuncia-bloqueio-de-27-plataformas-de-mercado-preditivo\/#primaryimage"},"thumbnailUrl":"https:\/\/progresso.com.br\/wp-content\/uploads\/2026\/04\/dario-durigan2.webp","articleSection":["Pol\u00edtica"],"inLanguage":"pt-BR","potentialAction":[{"@type":"CommentAction","name":"Comment","target":["https:\/\/progresso.com.br\/index.php\/2026\/04\/24\/governo-anuncia-bloqueio-de-27-plataformas-de-mercado-preditivo\/#respond"]}]},{"@type":"WebPage","@id":"https:\/\/progresso.com.br\/index.php\/2026\/04\/24\/governo-anuncia-bloqueio-de-27-plataformas-de-mercado-preditivo\/","url":"https:\/\/progresso.com.br\/index.php\/2026\/04\/24\/governo-anuncia-bloqueio-de-27-plataformas-de-mercado-preditivo\/","name":"Governo anuncia bloqueio de 27 plataformas de mercado preditivo - O PROGRESSO","isPartOf":{"@id":"https:\/\/progresso.com.br\/#website"},"primaryImageOfPage":{"@id":"https:\/\/progresso.com.br\/index.php\/2026\/04\/24\/governo-anuncia-bloqueio-de-27-plataformas-de-mercado-preditivo\/#primaryimage"},"image":{"@id":"https:\/\/progresso.com.br\/index.php\/2026\/04\/24\/governo-anuncia-bloqueio-de-27-plataformas-de-mercado-preditivo\/#primaryimage"},"thumbnailUrl":"https:\/\/progresso.com.br\/wp-content\/uploads\/2026\/04\/dario-durigan2.webp","datePublished":"2026-04-24T22:36:38+00:00","dateModified":"2026-04-24T22:36:39+00:00","breadcrumb":{"@id":"https:\/\/progresso.com.br\/index.php\/2026\/04\/24\/governo-anuncia-bloqueio-de-27-plataformas-de-mercado-preditivo\/#breadcrumb"},"inLanguage":"pt-BR","potentialAction":[{"@type":"ReadAction","target":["https:\/\/progresso.com.br\/index.php\/2026\/04\/24\/governo-anuncia-bloqueio-de-27-plataformas-de-mercado-preditivo\/"]}]},{"@type":"ImageObject","inLanguage":"pt-BR","@id":"https:\/\/progresso.com.br\/index.php\/2026\/04\/24\/governo-anuncia-bloqueio-de-27-plataformas-de-mercado-preditivo\/#primaryimage","url":"https:\/\/progresso.com.br\/wp-content\/uploads\/2026\/04\/dario-durigan2.webp","contentUrl":"https:\/\/progresso.com.br\/wp-content\/uploads\/2026\/04\/dario-durigan2.webp","width":1170,"height":700,"caption":"Segundo o ministro Dario Durigan, pelo menos 27 plataformas de mercado preditivo j\u00e1 foram tiradas do ar. (Foto: Washington Costa\/MF)"},{"@type":"BreadcrumbList","@id":"https:\/\/progresso.com.br\/index.php\/2026\/04\/24\/governo-anuncia-bloqueio-de-27-plataformas-de-mercado-preditivo\/#breadcrumb","itemListElement":[{"@type":"ListItem","position":1,"name":"In\u00edcio","item":"https:\/\/progresso.com.br\/"},{"@type":"ListItem","position":2,"name":"Governo anuncia bloqueio de 27 plataformas de mercado preditivo"}]},{"@type":"WebSite","@id":"https:\/\/progresso.com.br\/#website","url":"https:\/\/progresso.com.br\/","name":"O PROGRESSO","description":"","publisher":{"@id":"https:\/\/progresso.com.br\/#organization"},"potentialAction":[{"@type":"SearchAction","target":{"@type":"EntryPoint","urlTemplate":"https:\/\/progresso.com.br\/?s={search_term_string}"},"query-input":{"@type":"PropertyValueSpecification","valueRequired":true,"valueName":"search_term_string"}}],"inLanguage":"pt-BR"},{"@type":"Organization","@id":"https:\/\/progresso.com.br\/#organization","name":"O PROGRESSO","url":"https:\/\/progresso.com.br\/","logo":{"@type":"ImageObject","inLanguage":"pt-BR","@id":"https:\/\/progresso.com.br\/#\/schema\/logo\/image\/","url":"https:\/\/progresso.com.br\/wp-content\/uploads\/2026\/03\/logo_proog.jpg","contentUrl":"https:\/\/progresso.com.br\/wp-content\/uploads\/2026\/03\/logo_proog.jpg","width":1960,"height":1080,"caption":"O PROGRESSO"},"image":{"@id":"https:\/\/progresso.com.br\/#\/schema\/logo\/image\/"},"sameAs":["https:\/\/www.facebook.com\/share\/1CeoksKBj6\/","https:\/\/www.instagram.com\/oprogresso_digital"]},{"@type":"Person","@id":"https:\/\/progresso.com.br\/#\/schema\/person\/b7390ac97c5e156cc2e02aa8e88f1bf2","name":"Alfredo","image":{"@type":"ImageObject","inLanguage":"pt-BR","@id":"https:\/\/progresso.com.br\/#\/schema\/person\/image\/","url":"https:\/\/secure.gravatar.com\/avatar\/ca208a3111522ad69d765c6f0ea1ce4742c74e10aba78ae7158042d704d65a9f?s=96&d=mm&r=g","contentUrl":"https:\/\/secure.gravatar.com\/avatar\/ca208a3111522ad69d765c6f0ea1ce4742c74e10aba78ae7158042d704d65a9f?s=96&d=mm&r=g","caption":"Alfredo"},"url":"https:\/\/progresso.com.br\/index.php\/author\/alfredo\/"}]}},"_links":{"self":[{"href":"https:\/\/progresso.com.br\/index.php\/wp-json\/wp\/v2\/posts\/4728","targetHints":{"allow":["GET"]}}],"collection":[{"href":"https:\/\/progresso.com.br\/index.php\/wp-json\/wp\/v2\/posts"}],"about":[{"href":"https:\/\/progresso.com.br\/index.php\/wp-json\/wp\/v2\/types\/post"}],"author":[{"embeddable":true,"href":"https:\/\/progresso.com.br\/index.php\/wp-json\/wp\/v2\/users\/3"}],"replies":[{"embeddable":true,"href":"https:\/\/progresso.com.br\/index.php\/wp-json\/wp\/v2\/comments?post=4728"}],"version-history":[{"count":1,"href":"https:\/\/progresso.com.br\/index.php\/wp-json\/wp\/v2\/posts\/4728\/revisions"}],"predecessor-version":[{"id":4730,"href":"https:\/\/progresso.com.br\/index.php\/wp-json\/wp\/v2\/posts\/4728\/revisions\/4730"}],"wp:featuredmedia":[{"embeddable":true,"href":"https:\/\/progresso.com.br\/index.php\/wp-json\/wp\/v2\/media\/4729"}],"wp:attachment":[{"href":"https:\/\/progresso.com.br\/index.php\/wp-json\/wp\/v2\/media?parent=4728"}],"wp:term":[{"taxonomy":"category","embeddable":true,"href":"https:\/\/progresso.com.br\/index.php\/wp-json\/wp\/v2\/categories?post=4728"},{"taxonomy":"post_tag","embeddable":true,"href":"https:\/\/progresso.com.br\/index.php\/wp-json\/wp\/v2\/tags?post=4728"}],"curies":[{"name":"wp","href":"https:\/\/api.w.org\/{rel}","templated":true}]}}