{"id":4731,"date":"2026-04-25T13:39:00","date_gmt":"2026-04-25T17:39:00","guid":{"rendered":"https:\/\/progresso.com.br\/?p=4731"},"modified":"2026-04-24T18:46:44","modified_gmt":"2026-04-24T22:46:44","slug":"escorracado-pela-critica-filme-sobre-michael-jackson-estreia-no-brasil","status":"publish","type":"post","link":"https:\/\/progresso.com.br\/index.php\/2026\/04\/25\/escorracado-pela-critica-filme-sobre-michael-jackson-estreia-no-brasil\/","title":{"rendered":"Escorra\u00e7ado pela cr\u00edtica, filme sobre Michael Jackson estreia no Brasil"},"content":{"rendered":"\n<p>Est\u00e1 em cartaz no cinema brasileiros, <strong>inclusive em Dourados,<\/strong> o filme \u00b4Michael`, uma&nbsp;<a href=\"https:\/\/pt.wikipedia.org\/wiki\/Cinebiografia\">cinebiografia<\/a>&nbsp;<a href=\"https:\/\/pt.wikipedia.org\/wiki\/Filme_musical\">musical<\/a>&nbsp;dirigida por&nbsp;<a href=\"https:\/\/pt.wikipedia.org\/wiki\/Antoine_Fuqua\">Antoine Fuqua<\/a>&nbsp;e escrito por&nbsp;<a href=\"https:\/\/pt.wikipedia.org\/wiki\/John_Logan\">John Logan<\/a>. O filme acompanha a vida do cantor americano&nbsp;<a href=\"https:\/\/pt.wikipedia.org\/wiki\/Michael_Jackson\">Michael Jackson<\/a>, desde sua participa\u00e7\u00e3o no&nbsp;<a href=\"https:\/\/pt.wikipedia.org\/wiki\/The_Jackson_5\">Jackson 5<\/a>&nbsp;nos anos 60 at\u00e9 o in\u00edcio de sua carreira solo.<\/p>\n\n\n\n<p>Michael \u00e9 interpretado por seu sobrinho&nbsp;<a href=\"https:\/\/pt.wikipedia.org\/wiki\/Jaafar_Jackson\">Jaafar Jackson<\/a>&nbsp;em sua estreia no cinema. O elenco inclui&nbsp;<a href=\"https:\/\/pt.wikipedia.org\/wiki\/Nia_Long\">Nia Long<\/a>,&nbsp;<a href=\"https:\/\/pt.wikipedia.org\/wiki\/Laura_Harrier\">Laura Harrier<\/a>, Juliano Krue Valdi,&nbsp;<a href=\"https:\/\/pt.wikipedia.org\/wiki\/Miles_Teller\">Miles Teller<\/a>&nbsp;e&nbsp;<a href=\"https:\/\/pt.wikipedia.org\/wiki\/Colman_Domingo\">Colman Domingo<\/a>.<\/p>\n\n\n\n<p><em>A estreia mundial de \u00b4Michael\u00b4<\/em>&nbsp;foi em&nbsp;<a href=\"https:\/\/pt.wikipedia.org\/wiki\/Berlim\">Berlim<\/a>&nbsp;(Alemanha) no dia em 10 de abril. O filme vem recebendo cr\u00edticas majoritariamente negativas.<\/p>\n\n\n\n<p>Para a<strong> BBC<\/strong>, o filme \u201ctem tudo para ser o pior de 2026\u201d.<\/p>\n\n\n\n<p>Para a<strong> Veja,<\/strong> filme \u201c\u00e9 um desastre completo\u201d.<\/p>\n\n\n\n<p>Para o site <strong>Ometele, <\/strong>o filme \u201cs\u00f3 oferece ao Rei do Pop o dom da compet\u00eancia\u201d.<\/p>\n\n\n\n<p>Para o site<strong> CinePop<\/strong>, o filme \u201c\u00e9 uma embalagem bonita para uma caixa vazia\u201d.<\/p>\n\n\n\n<p><em>Apesar das cr\u00edticas negativas, a expectativa \u00e9 que o filme conquiste milh\u00f5es de d\u00f3lares nas bilheterias em todo o mundo.<\/em><\/p>\n\n\n\n<figure class=\"wp-block-image size-full\"><img loading=\"lazy\" decoding=\"async\" width=\"414\" height=\"280\" src=\"https:\/\/progresso.com.br\/wp-content\/uploads\/2026\/04\/michael-sobrinho.webp\" alt=\"\" class=\"wp-image-4732\" srcset=\"https:\/\/progresso.com.br\/wp-content\/uploads\/2026\/04\/michael-sobrinho.webp 414w, https:\/\/progresso.com.br\/wp-content\/uploads\/2026\/04\/michael-sobrinho-300x203.webp 300w\" sizes=\"auto, (max-width: 414px) 100vw, 414px\" \/><figcaption class=\"wp-element-caption\">Michael \u00e9 interpretado por seu sobrinho Jaafar Jackson.<\/figcaption><\/figure>\n\n\n\n<p><\/p>\n\n\n\n<p><strong>Sinopse<\/strong><\/p>\n\n\n\n<p>Michael oferece um retrato cinematogr\u00e1fico da trajet\u00f3ria e do legado de um dos artistas mais influentes da hist\u00f3ria. O filme explora a vida de&nbsp;<a href=\"https:\/\/pt.wikipedia.org\/wiki\/Michael_Jackson\">Michael Jackson<\/a>, desde a revela\u00e7\u00e3o de seu talento extraordin\u00e1rio como o jovem l\u00edder do&nbsp;<a href=\"https:\/\/pt.wikipedia.org\/wiki\/The_Jackson_5\">Jackson<\/a>&nbsp;<a href=\"https:\/\/pt.wikipedia.org\/wiki\/The_Jackson_5\">5<\/a>, at\u00e9 sua ascens\u00e3o como um artista vision\u00e1rio movido por uma ambi\u00e7\u00e3o incessante de ser o maior nome do entretenimento global.<\/p>\n\n\n\n<p>Ou seja, o roteiro do filme vai apenas at\u00e9 1987, quando o cantor e compositor iria iniciar a turn\u00ea mundial do \u00e1lbum \u00b4Bad\u00b4. Assim, o filme simplesmente ignora os esc\u00e2ndalos marcantes da vida do astro, especialmente as acusa\u00e7\u00f5es de abuso sexual de menores, que o levaram diversas vezes a enfrentar um tribunal.<\/p>\n\n\n\n<p><strong>Trilha sonora<\/strong><\/p>\n\n\n\n<p>A trilha sonora apresenta 13 m\u00fasicas exibidas no filme, abrangendo o in\u00edcio de sua carreira com o Jackson 5 (mais tarde conhecido como Jacksons), bem como sele\u00e7\u00f5es de suas grava\u00e7\u00f5es solo, incluindo material dos \u00e1lbuns Off the Wall (1979), Thriller (1982) e Bad (1987).<\/p>\n\n\n\n<figure class=\"wp-block-image size-full\"><img loading=\"lazy\" decoding=\"async\" width=\"607\" height=\"304\" src=\"https:\/\/progresso.com.br\/wp-content\/uploads\/2026\/04\/michael-thriller.jpg\" alt=\"\" class=\"wp-image-4733\" srcset=\"https:\/\/progresso.com.br\/wp-content\/uploads\/2026\/04\/michael-thriller.jpg 607w, https:\/\/progresso.com.br\/wp-content\/uploads\/2026\/04\/michael-thriller-300x150.jpg 300w\" sizes=\"auto, (max-width: 607px) 100vw, 607px\" \/><figcaption class=\"wp-element-caption\">Cena do filme mostra grava\u00e7\u00e3o do clip musical Thriller. <\/figcaption><\/figure>\n","protected":false},"excerpt":{"rendered":"<p>Est\u00e1 em cartaz no cinema brasileiros, inclusive em Dourados, o filme \u00b4Michael`, uma&nbsp;cinebiografia&nbsp;musical&nbsp;dirigida por&nbsp;Antoine Fuqua&nbsp;e escrito por&nbsp;John Logan. O filme acompanha a vida do cantor americano&nbsp;Michael Jackson, desde sua participa\u00e7\u00e3o no&nbsp;Jackson 5&nbsp;nos anos 60 at\u00e9 o in\u00edcio de sua carreira solo. Michael \u00e9 interpretado por seu sobrinho&nbsp;Jaafar Jackson&nbsp;em sua estreia no cinema. O elenco inclui&nbsp;Nia [&hellip;]<\/p>\n","protected":false},"author":3,"featured_media":4734,"comment_status":"open","ping_status":"open","sticky":false,"template":"","format":"standard","meta":{"footnotes":""},"categories":[19],"tags":[],"class_list":["post-4731","post","type-post","status-publish","format-standard","has-post-thumbnail","hentry","category-cultura"],"yoast_head":"<!-- This site is optimized with the Yoast SEO plugin v27.1.1 - https:\/\/yoast.com\/product\/yoast-seo-wordpress\/ -->\n<title>Escorra\u00e7ado pela cr\u00edtica, filme sobre Michael Jackson estreia no Brasil - O PROGRESSO<\/title>\n<meta name=\"robots\" content=\"index, follow, max-snippet:-1, max-image-preview:large, max-video-preview:-1\" \/>\n<link rel=\"canonical\" href=\"https:\/\/progresso.com.br\/index.php\/2026\/04\/25\/escorracado-pela-critica-filme-sobre-michael-jackson-estreia-no-brasil\/\" \/>\n<meta property=\"og:locale\" content=\"pt_BR\" \/>\n<meta property=\"og:type\" content=\"article\" \/>\n<meta property=\"og:title\" content=\"Escorra\u00e7ado pela cr\u00edtica, filme sobre Michael Jackson estreia no Brasil - O PROGRESSO\" \/>\n<meta property=\"og:description\" content=\"Est\u00e1 em cartaz no cinema brasileiros, inclusive em Dourados, o filme \u00b4Michael`, uma&nbsp;cinebiografia&nbsp;musical&nbsp;dirigida por&nbsp;Antoine Fuqua&nbsp;e escrito por&nbsp;John Logan. O filme acompanha a vida do cantor americano&nbsp;Michael Jackson, desde sua participa\u00e7\u00e3o no&nbsp;Jackson 5&nbsp;nos anos 60 at\u00e9 o in\u00edcio de sua carreira solo. Michael \u00e9 interpretado por seu sobrinho&nbsp;Jaafar Jackson&nbsp;em sua estreia no cinema. O elenco inclui&nbsp;Nia [&hellip;]\" \/>\n<meta property=\"og:url\" content=\"https:\/\/progresso.com.br\/index.php\/2026\/04\/25\/escorracado-pela-critica-filme-sobre-michael-jackson-estreia-no-brasil\/\" \/>\n<meta property=\"og:site_name\" content=\"O PROGRESSO\" \/>\n<meta property=\"article:publisher\" content=\"https:\/\/www.facebook.com\/share\/1CeoksKBj6\/\" \/>\n<meta property=\"article:published_time\" content=\"2026-04-25T17:39:00+00:00\" \/>\n<meta property=\"og:image\" content=\"https:\/\/progresso.com.br\/wp-content\/uploads\/2026\/04\/michael.webp\" \/>\n\t<meta property=\"og:image:width\" content=\"774\" \/>\n\t<meta property=\"og:image:height\" content=\"435\" \/>\n\t<meta property=\"og:image:type\" content=\"image\/webp\" \/>\n<meta name=\"author\" content=\"Alfredo\" \/>\n<meta name=\"twitter:card\" content=\"summary_large_image\" \/>\n<meta name=\"twitter:label1\" content=\"Escrito por\" \/>\n\t<meta name=\"twitter:data1\" content=\"Alfredo\" \/>\n\t<meta name=\"twitter:label2\" content=\"Est. tempo de leitura\" \/>\n\t<meta name=\"twitter:data2\" content=\"3 minutos\" \/>\n<script type=\"application\/ld+json\" class=\"yoast-schema-graph\">{\"@context\":\"https:\/\/schema.org\",\"@graph\":[{\"@type\":\"Article\",\"@id\":\"https:\/\/progresso.com.br\/index.php\/2026\/04\/25\/escorracado-pela-critica-filme-sobre-michael-jackson-estreia-no-brasil\/#article\",\"isPartOf\":{\"@id\":\"https:\/\/progresso.com.br\/index.php\/2026\/04\/25\/escorracado-pela-critica-filme-sobre-michael-jackson-estreia-no-brasil\/\"},\"author\":{\"name\":\"Alfredo\",\"@id\":\"https:\/\/progresso.com.br\/#\/schema\/person\/b7390ac97c5e156cc2e02aa8e88f1bf2\"},\"headline\":\"Escorra\u00e7ado pela cr\u00edtica, filme sobre Michael Jackson estreia no Brasil\",\"datePublished\":\"2026-04-25T17:39:00+00:00\",\"mainEntityOfPage\":{\"@id\":\"https:\/\/progresso.com.br\/index.php\/2026\/04\/25\/escorracado-pela-critica-filme-sobre-michael-jackson-estreia-no-brasil\/\"},\"wordCount\":388,\"commentCount\":0,\"publisher\":{\"@id\":\"https:\/\/progresso.com.br\/#organization\"},\"image\":{\"@id\":\"https:\/\/progresso.com.br\/index.php\/2026\/04\/25\/escorracado-pela-critica-filme-sobre-michael-jackson-estreia-no-brasil\/#primaryimage\"},\"thumbnailUrl\":\"https:\/\/progresso.com.br\/wp-content\/uploads\/2026\/04\/michael.webp\",\"articleSection\":[\"Cultura\"],\"inLanguage\":\"pt-BR\",\"potentialAction\":[{\"@type\":\"CommentAction\",\"name\":\"Comment\",\"target\":[\"https:\/\/progresso.com.br\/index.php\/2026\/04\/25\/escorracado-pela-critica-filme-sobre-michael-jackson-estreia-no-brasil\/#respond\"]}]},{\"@type\":\"WebPage\",\"@id\":\"https:\/\/progresso.com.br\/index.php\/2026\/04\/25\/escorracado-pela-critica-filme-sobre-michael-jackson-estreia-no-brasil\/\",\"url\":\"https:\/\/progresso.com.br\/index.php\/2026\/04\/25\/escorracado-pela-critica-filme-sobre-michael-jackson-estreia-no-brasil\/\",\"name\":\"Escorra\u00e7ado pela cr\u00edtica, filme sobre Michael Jackson estreia no Brasil - O PROGRESSO\",\"isPartOf\":{\"@id\":\"https:\/\/progresso.com.br\/#website\"},\"primaryImageOfPage\":{\"@id\":\"https:\/\/progresso.com.br\/index.php\/2026\/04\/25\/escorracado-pela-critica-filme-sobre-michael-jackson-estreia-no-brasil\/#primaryimage\"},\"image\":{\"@id\":\"https:\/\/progresso.com.br\/index.php\/2026\/04\/25\/escorracado-pela-critica-filme-sobre-michael-jackson-estreia-no-brasil\/#primaryimage\"},\"thumbnailUrl\":\"https:\/\/progresso.com.br\/wp-content\/uploads\/2026\/04\/michael.webp\",\"datePublished\":\"2026-04-25T17:39:00+00:00\",\"breadcrumb\":{\"@id\":\"https:\/\/progresso.com.br\/index.php\/2026\/04\/25\/escorracado-pela-critica-filme-sobre-michael-jackson-estreia-no-brasil\/#breadcrumb\"},\"inLanguage\":\"pt-BR\",\"potentialAction\":[{\"@type\":\"ReadAction\",\"target\":[\"https:\/\/progresso.com.br\/index.php\/2026\/04\/25\/escorracado-pela-critica-filme-sobre-michael-jackson-estreia-no-brasil\/\"]}]},{\"@type\":\"ImageObject\",\"inLanguage\":\"pt-BR\",\"@id\":\"https:\/\/progresso.com.br\/index.php\/2026\/04\/25\/escorracado-pela-critica-filme-sobre-michael-jackson-estreia-no-brasil\/#primaryimage\",\"url\":\"https:\/\/progresso.com.br\/wp-content\/uploads\/2026\/04\/michael.webp\",\"contentUrl\":\"https:\/\/progresso.com.br\/wp-content\/uploads\/2026\/04\/michael.webp\",\"width\":774,\"height\":435,\"caption\":\"Filme sobre parte da vida de Michael Jackson est\u00e1 em cartaz no cinema de Dourados. (Fotos: Divulga\u00e7\u00e3o)\"},{\"@type\":\"BreadcrumbList\",\"@id\":\"https:\/\/progresso.com.br\/index.php\/2026\/04\/25\/escorracado-pela-critica-filme-sobre-michael-jackson-estreia-no-brasil\/#breadcrumb\",\"itemListElement\":[{\"@type\":\"ListItem\",\"position\":1,\"name\":\"In\u00edcio\",\"item\":\"https:\/\/progresso.com.br\/\"},{\"@type\":\"ListItem\",\"position\":2,\"name\":\"Escorra\u00e7ado pela cr\u00edtica, filme sobre Michael Jackson estreia no Brasil\"}]},{\"@type\":\"WebSite\",\"@id\":\"https:\/\/progresso.com.br\/#website\",\"url\":\"https:\/\/progresso.com.br\/\",\"name\":\"O PROGRESSO\",\"description\":\"\",\"publisher\":{\"@id\":\"https:\/\/progresso.com.br\/#organization\"},\"potentialAction\":[{\"@type\":\"SearchAction\",\"target\":{\"@type\":\"EntryPoint\",\"urlTemplate\":\"https:\/\/progresso.com.br\/?s={search_term_string}\"},\"query-input\":{\"@type\":\"PropertyValueSpecification\",\"valueRequired\":true,\"valueName\":\"search_term_string\"}}],\"inLanguage\":\"pt-BR\"},{\"@type\":\"Organization\",\"@id\":\"https:\/\/progresso.com.br\/#organization\",\"name\":\"O PROGRESSO\",\"url\":\"https:\/\/progresso.com.br\/\",\"logo\":{\"@type\":\"ImageObject\",\"inLanguage\":\"pt-BR\",\"@id\":\"https:\/\/progresso.com.br\/#\/schema\/logo\/image\/\",\"url\":\"https:\/\/progresso.com.br\/wp-content\/uploads\/2026\/03\/logo_proog.jpg\",\"contentUrl\":\"https:\/\/progresso.com.br\/wp-content\/uploads\/2026\/03\/logo_proog.jpg\",\"width\":1960,\"height\":1080,\"caption\":\"O PROGRESSO\"},\"image\":{\"@id\":\"https:\/\/progresso.com.br\/#\/schema\/logo\/image\/\"},\"sameAs\":[\"https:\/\/www.facebook.com\/share\/1CeoksKBj6\/\",\"https:\/\/www.instagram.com\/oprogresso_digital\"]},{\"@type\":\"Person\",\"@id\":\"https:\/\/progresso.com.br\/#\/schema\/person\/b7390ac97c5e156cc2e02aa8e88f1bf2\",\"name\":\"Alfredo\",\"image\":{\"@type\":\"ImageObject\",\"inLanguage\":\"pt-BR\",\"@id\":\"https:\/\/progresso.com.br\/#\/schema\/person\/image\/\",\"url\":\"https:\/\/secure.gravatar.com\/avatar\/ca208a3111522ad69d765c6f0ea1ce4742c74e10aba78ae7158042d704d65a9f?s=96&d=mm&r=g\",\"contentUrl\":\"https:\/\/secure.gravatar.com\/avatar\/ca208a3111522ad69d765c6f0ea1ce4742c74e10aba78ae7158042d704d65a9f?s=96&d=mm&r=g\",\"caption\":\"Alfredo\"},\"url\":\"https:\/\/progresso.com.br\/index.php\/author\/alfredo\/\"}]}<\/script>\n<!-- \/ Yoast SEO plugin. -->","yoast_head_json":{"title":"Escorra\u00e7ado pela cr\u00edtica, filme sobre Michael Jackson estreia no Brasil - O PROGRESSO","robots":{"index":"index","follow":"follow","max-snippet":"max-snippet:-1","max-image-preview":"max-image-preview:large","max-video-preview":"max-video-preview:-1"},"canonical":"https:\/\/progresso.com.br\/index.php\/2026\/04\/25\/escorracado-pela-critica-filme-sobre-michael-jackson-estreia-no-brasil\/","og_locale":"pt_BR","og_type":"article","og_title":"Escorra\u00e7ado pela cr\u00edtica, filme sobre Michael Jackson estreia no Brasil - O PROGRESSO","og_description":"Est\u00e1 em cartaz no cinema brasileiros, inclusive em Dourados, o filme \u00b4Michael`, uma&nbsp;cinebiografia&nbsp;musical&nbsp;dirigida por&nbsp;Antoine Fuqua&nbsp;e escrito por&nbsp;John Logan. O filme acompanha a vida do cantor americano&nbsp;Michael Jackson, desde sua participa\u00e7\u00e3o no&nbsp;Jackson 5&nbsp;nos anos 60 at\u00e9 o in\u00edcio de sua carreira solo. Michael \u00e9 interpretado por seu sobrinho&nbsp;Jaafar Jackson&nbsp;em sua estreia no cinema. O elenco inclui&nbsp;Nia [&hellip;]","og_url":"https:\/\/progresso.com.br\/index.php\/2026\/04\/25\/escorracado-pela-critica-filme-sobre-michael-jackson-estreia-no-brasil\/","og_site_name":"O PROGRESSO","article_publisher":"https:\/\/www.facebook.com\/share\/1CeoksKBj6\/","article_published_time":"2026-04-25T17:39:00+00:00","og_image":[{"width":774,"height":435,"url":"https:\/\/progresso.com.br\/wp-content\/uploads\/2026\/04\/michael.webp","type":"image\/webp"}],"author":"Alfredo","twitter_card":"summary_large_image","twitter_misc":{"Escrito por":"Alfredo","Est. tempo de leitura":"3 minutos"},"schema":{"@context":"https:\/\/schema.org","@graph":[{"@type":"Article","@id":"https:\/\/progresso.com.br\/index.php\/2026\/04\/25\/escorracado-pela-critica-filme-sobre-michael-jackson-estreia-no-brasil\/#article","isPartOf":{"@id":"https:\/\/progresso.com.br\/index.php\/2026\/04\/25\/escorracado-pela-critica-filme-sobre-michael-jackson-estreia-no-brasil\/"},"author":{"name":"Alfredo","@id":"https:\/\/progresso.com.br\/#\/schema\/person\/b7390ac97c5e156cc2e02aa8e88f1bf2"},"headline":"Escorra\u00e7ado pela cr\u00edtica, filme sobre Michael Jackson estreia no Brasil","datePublished":"2026-04-25T17:39:00+00:00","mainEntityOfPage":{"@id":"https:\/\/progresso.com.br\/index.php\/2026\/04\/25\/escorracado-pela-critica-filme-sobre-michael-jackson-estreia-no-brasil\/"},"wordCount":388,"commentCount":0,"publisher":{"@id":"https:\/\/progresso.com.br\/#organization"},"image":{"@id":"https:\/\/progresso.com.br\/index.php\/2026\/04\/25\/escorracado-pela-critica-filme-sobre-michael-jackson-estreia-no-brasil\/#primaryimage"},"thumbnailUrl":"https:\/\/progresso.com.br\/wp-content\/uploads\/2026\/04\/michael.webp","articleSection":["Cultura"],"inLanguage":"pt-BR","potentialAction":[{"@type":"CommentAction","name":"Comment","target":["https:\/\/progresso.com.br\/index.php\/2026\/04\/25\/escorracado-pela-critica-filme-sobre-michael-jackson-estreia-no-brasil\/#respond"]}]},{"@type":"WebPage","@id":"https:\/\/progresso.com.br\/index.php\/2026\/04\/25\/escorracado-pela-critica-filme-sobre-michael-jackson-estreia-no-brasil\/","url":"https:\/\/progresso.com.br\/index.php\/2026\/04\/25\/escorracado-pela-critica-filme-sobre-michael-jackson-estreia-no-brasil\/","name":"Escorra\u00e7ado pela cr\u00edtica, filme sobre Michael Jackson estreia no Brasil - O PROGRESSO","isPartOf":{"@id":"https:\/\/progresso.com.br\/#website"},"primaryImageOfPage":{"@id":"https:\/\/progresso.com.br\/index.php\/2026\/04\/25\/escorracado-pela-critica-filme-sobre-michael-jackson-estreia-no-brasil\/#primaryimage"},"image":{"@id":"https:\/\/progresso.com.br\/index.php\/2026\/04\/25\/escorracado-pela-critica-filme-sobre-michael-jackson-estreia-no-brasil\/#primaryimage"},"thumbnailUrl":"https:\/\/progresso.com.br\/wp-content\/uploads\/2026\/04\/michael.webp","datePublished":"2026-04-25T17:39:00+00:00","breadcrumb":{"@id":"https:\/\/progresso.com.br\/index.php\/2026\/04\/25\/escorracado-pela-critica-filme-sobre-michael-jackson-estreia-no-brasil\/#breadcrumb"},"inLanguage":"pt-BR","potentialAction":[{"@type":"ReadAction","target":["https:\/\/progresso.com.br\/index.php\/2026\/04\/25\/escorracado-pela-critica-filme-sobre-michael-jackson-estreia-no-brasil\/"]}]},{"@type":"ImageObject","inLanguage":"pt-BR","@id":"https:\/\/progresso.com.br\/index.php\/2026\/04\/25\/escorracado-pela-critica-filme-sobre-michael-jackson-estreia-no-brasil\/#primaryimage","url":"https:\/\/progresso.com.br\/wp-content\/uploads\/2026\/04\/michael.webp","contentUrl":"https:\/\/progresso.com.br\/wp-content\/uploads\/2026\/04\/michael.webp","width":774,"height":435,"caption":"Filme sobre parte da vida de Michael Jackson est\u00e1 em cartaz no cinema de Dourados. (Fotos: Divulga\u00e7\u00e3o)"},{"@type":"BreadcrumbList","@id":"https:\/\/progresso.com.br\/index.php\/2026\/04\/25\/escorracado-pela-critica-filme-sobre-michael-jackson-estreia-no-brasil\/#breadcrumb","itemListElement":[{"@type":"ListItem","position":1,"name":"In\u00edcio","item":"https:\/\/progresso.com.br\/"},{"@type":"ListItem","position":2,"name":"Escorra\u00e7ado pela cr\u00edtica, filme sobre Michael Jackson estreia no Brasil"}]},{"@type":"WebSite","@id":"https:\/\/progresso.com.br\/#website","url":"https:\/\/progresso.com.br\/","name":"O PROGRESSO","description":"","publisher":{"@id":"https:\/\/progresso.com.br\/#organization"},"potentialAction":[{"@type":"SearchAction","target":{"@type":"EntryPoint","urlTemplate":"https:\/\/progresso.com.br\/?s={search_term_string}"},"query-input":{"@type":"PropertyValueSpecification","valueRequired":true,"valueName":"search_term_string"}}],"inLanguage":"pt-BR"},{"@type":"Organization","@id":"https:\/\/progresso.com.br\/#organization","name":"O PROGRESSO","url":"https:\/\/progresso.com.br\/","logo":{"@type":"ImageObject","inLanguage":"pt-BR","@id":"https:\/\/progresso.com.br\/#\/schema\/logo\/image\/","url":"https:\/\/progresso.com.br\/wp-content\/uploads\/2026\/03\/logo_proog.jpg","contentUrl":"https:\/\/progresso.com.br\/wp-content\/uploads\/2026\/03\/logo_proog.jpg","width":1960,"height":1080,"caption":"O PROGRESSO"},"image":{"@id":"https:\/\/progresso.com.br\/#\/schema\/logo\/image\/"},"sameAs":["https:\/\/www.facebook.com\/share\/1CeoksKBj6\/","https:\/\/www.instagram.com\/oprogresso_digital"]},{"@type":"Person","@id":"https:\/\/progresso.com.br\/#\/schema\/person\/b7390ac97c5e156cc2e02aa8e88f1bf2","name":"Alfredo","image":{"@type":"ImageObject","inLanguage":"pt-BR","@id":"https:\/\/progresso.com.br\/#\/schema\/person\/image\/","url":"https:\/\/secure.gravatar.com\/avatar\/ca208a3111522ad69d765c6f0ea1ce4742c74e10aba78ae7158042d704d65a9f?s=96&d=mm&r=g","contentUrl":"https:\/\/secure.gravatar.com\/avatar\/ca208a3111522ad69d765c6f0ea1ce4742c74e10aba78ae7158042d704d65a9f?s=96&d=mm&r=g","caption":"Alfredo"},"url":"https:\/\/progresso.com.br\/index.php\/author\/alfredo\/"}]}},"_links":{"self":[{"href":"https:\/\/progresso.com.br\/index.php\/wp-json\/wp\/v2\/posts\/4731","targetHints":{"allow":["GET"]}}],"collection":[{"href":"https:\/\/progresso.com.br\/index.php\/wp-json\/wp\/v2\/posts"}],"about":[{"href":"https:\/\/progresso.com.br\/index.php\/wp-json\/wp\/v2\/types\/post"}],"author":[{"embeddable":true,"href":"https:\/\/progresso.com.br\/index.php\/wp-json\/wp\/v2\/users\/3"}],"replies":[{"embeddable":true,"href":"https:\/\/progresso.com.br\/index.php\/wp-json\/wp\/v2\/comments?post=4731"}],"version-history":[{"count":1,"href":"https:\/\/progresso.com.br\/index.php\/wp-json\/wp\/v2\/posts\/4731\/revisions"}],"predecessor-version":[{"id":4735,"href":"https:\/\/progresso.com.br\/index.php\/wp-json\/wp\/v2\/posts\/4731\/revisions\/4735"}],"wp:featuredmedia":[{"embeddable":true,"href":"https:\/\/progresso.com.br\/index.php\/wp-json\/wp\/v2\/media\/4734"}],"wp:attachment":[{"href":"https:\/\/progresso.com.br\/index.php\/wp-json\/wp\/v2\/media?parent=4731"}],"wp:term":[{"taxonomy":"category","embeddable":true,"href":"https:\/\/progresso.com.br\/index.php\/wp-json\/wp\/v2\/categories?post=4731"},{"taxonomy":"post_tag","embeddable":true,"href":"https:\/\/progresso.com.br\/index.php\/wp-json\/wp\/v2\/tags?post=4731"}],"curies":[{"name":"wp","href":"https:\/\/api.w.org\/{rel}","templated":true}]}}