{"id":4760,"date":"2026-04-25T18:06:00","date_gmt":"2026-04-25T22:06:00","guid":{"rendered":"https:\/\/progresso.com.br\/?p=4760"},"modified":"2026-04-25T18:04:29","modified_gmt":"2026-04-25T22:04:29","slug":"juventude-ag-encara-minas-tenis-clube-em-duelo-eliminatorio-pela-copa-lnf","status":"publish","type":"post","link":"https:\/\/progresso.com.br\/index.php\/2026\/04\/25\/juventude-ag-encara-minas-tenis-clube-em-duelo-eliminatorio-pela-copa-lnf\/","title":{"rendered":"Juventude AG encara Minas T\u00eanis Clube em duelo eliminat\u00f3rio pela Copa LNF neste domingo"},"content":{"rendered":"\n<p><strong><em>Em jogo \u00fanico em Dourados, neste domingo, equipe sul-mato-grossense busca classifica\u00e7\u00e3o diante de um dos gigantes do futsal nacional<\/em><\/strong><\/p>\n\n\n\n<p><em>Rog\u00e9rio Vidmantas<\/em><\/p>\n\n\n\n<p>O Juventude AG entra em quadra pela terceira competi\u00e7\u00e3o nacional neste primeiro semestre, agora pela primeira edi\u00e7\u00e3o da Copa LNF. Neste domingo (26), \u00e0s 12h30, no Gin\u00e1sio Municipal Ulysses Guimar\u00e3es, em Dourados, o JAG enfrenta o Minas T\u00eanis Clube-MG, uma das equipes mais tradicionais da modalidade no pa\u00eds.&nbsp;<\/p>\n\n\n\n<p>O confronto ser\u00e1 definido em jogo \u00fanico para apontar quem fica com a vaga nas oitavas de final. O vencedor se classifica e, em caso de empate, a partida segue para prorroga\u00e7\u00e3o e, permanecendo a igualdade, a disputa vai para os p\u00eanaltis.<\/p>\n\n\n\n<p>Al\u00e9m da for\u00e7a do advers\u00e1rio, o Juventude AG vai precisar superar o desgaste da longa viagem durante a semana para enfrentar o Balsas Futsal, em S\u00e3o Lu\u00eds (MS), na \u00faltima quinta-feira (23). A delega\u00e7\u00e3o chegou em Dourados no fim da tarde de sexta (24) e fez um treino final neste s\u00e1bado (24). O t\u00e9cnico Jo\u00e3o Carlos Banana tem quase todo elenco \u00e0 disposi\u00e7\u00e3o. A \u00fanica d\u00favida \u00e9 o ala Mau\u00e1, que foi poupado na partida do meio de semana.<\/p>\n\n\n\n<p>Os dois times chegam ao confronto em situa\u00e7\u00e3o semelhante nas competi\u00e7\u00f5es que disputam, ainda em busca da primeira vit\u00f3ria. O Juventude AG perdeu os dois jogos fora de casa, para Liga S\u00e3o Caetano Futsal-SP e Balsas Futsal-MA, e empatou em casa com o Joa\u00e7aba Futsal-SC pela LNF Silver. J\u00e1 o Minas Futsal, LNF Gold, perdeu para o Magnus Futsal na estreia fora de casa e empatou com o ACBF, em BH, e com o Cascavel Futsal, fora.<\/p>\n\n\n\n<figure class=\"wp-block-image size-full\"><img loading=\"lazy\" decoding=\"async\" width=\"969\" height=\"646\" src=\"https:\/\/progresso.com.br\/wp-content\/uploads\/2026\/04\/CAS-x-MTC.jpg\" alt=\"\" class=\"wp-image-4762\" srcset=\"https:\/\/progresso.com.br\/wp-content\/uploads\/2026\/04\/CAS-x-MTC.jpg 969w, https:\/\/progresso.com.br\/wp-content\/uploads\/2026\/04\/CAS-x-MTC-300x200.jpg 300w, https:\/\/progresso.com.br\/wp-content\/uploads\/2026\/04\/CAS-x-MTC-768x512.jpg 768w, https:\/\/progresso.com.br\/wp-content\/uploads\/2026\/04\/CAS-x-MTC-630x420.jpg 630w, https:\/\/progresso.com.br\/wp-content\/uploads\/2026\/04\/CAS-x-MTC-640x427.jpg 640w, https:\/\/progresso.com.br\/wp-content\/uploads\/2026\/04\/CAS-x-MTC-681x454.jpg 681w\" sizes=\"auto, (max-width: 969px) 100vw, 969px\" \/><figcaption class=\"wp-element-caption\">No \u00faltimo jogo pela LNF Gold, o Minas Futsal empatou com o Cascavel em 1 a 1 (Foto: Heldgard Moraes\/MTC)<\/figcaption><\/figure>\n\n\n\n<p><strong>Bilheterias<\/strong><\/p>\n\n\n\n<p>Os ingressos para a partida estar\u00e3o \u00e0 venda a partir das 11h nas bilheterias do Gin\u00e1sio Municipal e custam R$ 20. Estudantes devidamente identificados, professores das redes municipal e estadual&nbsp; pagam meia-entrada a R$ 10. Crian\u00e7as at\u00e9 12 anos, idosos, doadores de sangue e pessoas com defici\u00eancia (PcD) n\u00e3o pagam.<\/p>\n\n\n\n<p><strong>O que \u00e9 a Copa LNF<\/strong><\/p>\n\n\n\n<p>Reunindo clubes da LNF Gold e da LNF Silver, a Copa LNF foi criada para ampliar o calend\u00e1rio e proporcionar confrontos entre equipes de diferentes divis\u00f5es, aumentando ainda mais o n\u00edvel de competitividade e visibilidade do futsal brasileiro.<\/p>\n\n\n\n<p>Disputada em formato de confrontos eliminat\u00f3rios, a Copa LNF coloca frente a frente times das duas divis\u00f5es nacionais. Nesta primeira fase, os mandos de quadra s\u00e3o das equipes da LNF Silver, o que equilibra ainda mais os duelos e valoriza as equipes em ascens\u00e3o no cen\u00e1rio nacional.<\/p>\n\n\n\n<p>A Copa LNF come\u00e7ou no \u00faltimo dia 15 de abril com o confronto entre os times paranaenses S\u00e3o Miguel Futsal e Umuarama Futsal, com classifica\u00e7\u00e3o deste \u00faltimo, nos p\u00eanaltis por 3 a 1, ap\u00f3s empate em 2 a 2.<\/p>\n\n\n\n<figure class=\"wp-block-image size-large\"><img loading=\"lazy\" decoding=\"async\" width=\"1024\" height=\"682\" src=\"https:\/\/progresso.com.br\/wp-content\/uploads\/2026\/04\/JAG-x-SET-0604-MB-1024x682.jpg\" alt=\"\" class=\"wp-image-3101\" srcset=\"https:\/\/progresso.com.br\/wp-content\/uploads\/2026\/04\/JAG-x-SET-0604-MB-1024x682.jpg 1024w, https:\/\/progresso.com.br\/wp-content\/uploads\/2026\/04\/JAG-x-SET-0604-MB-300x200.jpg 300w, https:\/\/progresso.com.br\/wp-content\/uploads\/2026\/04\/JAG-x-SET-0604-MB-768x512.jpg 768w, https:\/\/progresso.com.br\/wp-content\/uploads\/2026\/04\/JAG-x-SET-0604-MB-630x420.jpg 630w, https:\/\/progresso.com.br\/wp-content\/uploads\/2026\/04\/JAG-x-SET-0604-MB-640x427.jpg 640w, https:\/\/progresso.com.br\/wp-content\/uploads\/2026\/04\/JAG-x-SET-0604-MB-681x454.jpg 681w, https:\/\/progresso.com.br\/wp-content\/uploads\/2026\/04\/JAG-x-SET-0604-MB.jpg 1280w\" sizes=\"auto, (max-width: 1024px) 100vw, 1024px\" \/><figcaption class=\"wp-element-caption\">Gin\u00e1sio Ulysses Guimar\u00e3es deve mais uma vez receber grande p\u00fablico neste domingo (Foto: Marcelo Berton\/@berton_shots-jpn\/Juventude AG)<\/figcaption><\/figure>\n\n\n\n<p><strong>Jogos de Domingo<\/strong><\/p>\n\n\n\n<p>S\u00e3o Caetano x Campo Mour\u00e3o<\/p>\n\n\n\n<p>Dracena x Marreco&nbsp;<\/p>\n\n\n\n<p>Am\u00e9rica-RN x Atl\u00e2ntico<\/p>\n\n\n\n<p>Apodi x Magnus<\/p>\n\n\n\n<p>Chopinzinho x Pato<\/p>\n\n\n\n<p>Blumenau x Joinville&nbsp;<\/p>\n\n\n\n<p>Lages x Praia Clube<\/p>\n\n\n\n<p>Joa\u00e7aba x Tubar\u00e3o<\/p>\n\n\n\n<p>Conc\u00f3rdia x Cascavel<\/p>\n\n\n\n<p>Para disputar a LNF Silver, Copa LNF e Copa do Brasil, o Juventude AG tem apoio do Governo do Estado, atrav\u00e9s da Setesc e Fundesporte, Comit\u00ea Brasileiro de Clubes &#8211; CBC, Prefeitura de Dourados, atrav\u00e9s da Funed, Sanesul, Fendt, Grupo FV, LOG Engenharia, A\u00e7o Telha, A\u00e7o Fort, MF CON, CECAD, Lubfil, Cassems, Oxisoldas, BC Construtora, Oximep, Salim Esportes e Sport.Com.<\/p>\n","protected":false},"excerpt":{"rendered":"<p>Em jogo \u00fanico em Dourados, neste domingo, equipe sul-mato-grossense busca classifica\u00e7\u00e3o diante de um dos gigantes do futsal nacional Rog\u00e9rio Vidmantas O Juventude AG entra em quadra pela terceira competi\u00e7\u00e3o nacional neste primeiro semestre, agora pela primeira edi\u00e7\u00e3o da Copa LNF. Neste domingo (26), \u00e0s 12h30, no Gin\u00e1sio Municipal Ulysses Guimar\u00e3es, em Dourados, o JAG [&hellip;]<\/p>\n","protected":false},"author":5,"featured_media":4763,"comment_status":"open","ping_status":"open","sticky":false,"template":"","format":"standard","meta":{"footnotes":""},"categories":[2,17],"tags":[],"class_list":["post-4760","post","type-post","status-publish","format-standard","has-post-thumbnail","hentry","category-destaque","category-esporte"],"yoast_head":"<!-- This site is optimized with the Yoast SEO plugin v27.1.1 - https:\/\/yoast.com\/product\/yoast-seo-wordpress\/ -->\n<title>Juventude AG encara Minas T\u00eanis Clube em duelo eliminat\u00f3rio pela Copa LNF neste domingo - O PROGRESSO<\/title>\n<meta name=\"robots\" content=\"index, follow, max-snippet:-1, max-image-preview:large, max-video-preview:-1\" \/>\n<link rel=\"canonical\" href=\"https:\/\/progresso.com.br\/index.php\/2026\/04\/25\/juventude-ag-encara-minas-tenis-clube-em-duelo-eliminatorio-pela-copa-lnf\/\" \/>\n<meta property=\"og:locale\" content=\"pt_BR\" \/>\n<meta property=\"og:type\" content=\"article\" \/>\n<meta property=\"og:title\" content=\"Juventude AG encara Minas T\u00eanis Clube em duelo eliminat\u00f3rio pela Copa LNF neste domingo - O PROGRESSO\" \/>\n<meta property=\"og:description\" content=\"Em jogo \u00fanico em Dourados, neste domingo, equipe sul-mato-grossense busca classifica\u00e7\u00e3o diante de um dos gigantes do futsal nacional Rog\u00e9rio Vidmantas O Juventude AG entra em quadra pela terceira competi\u00e7\u00e3o nacional neste primeiro semestre, agora pela primeira edi\u00e7\u00e3o da Copa LNF. Neste domingo (26), \u00e0s 12h30, no Gin\u00e1sio Municipal Ulysses Guimar\u00e3es, em Dourados, o JAG [&hellip;]\" \/>\n<meta property=\"og:url\" content=\"https:\/\/progresso.com.br\/index.php\/2026\/04\/25\/juventude-ag-encara-minas-tenis-clube-em-duelo-eliminatorio-pela-copa-lnf\/\" \/>\n<meta property=\"og:site_name\" content=\"O PROGRESSO\" \/>\n<meta property=\"article:publisher\" content=\"https:\/\/www.facebook.com\/share\/1CeoksKBj6\/\" \/>\n<meta property=\"article:published_time\" content=\"2026-04-25T22:06:00+00:00\" \/>\n<meta property=\"og:image\" content=\"https:\/\/progresso.com.br\/wp-content\/uploads\/2026\/04\/Treino-2504.jpg\" \/>\n\t<meta property=\"og:image:width\" content=\"1280\" \/>\n\t<meta property=\"og:image:height\" content=\"720\" \/>\n\t<meta property=\"og:image:type\" content=\"image\/jpeg\" \/>\n<meta name=\"author\" content=\"Rog\u00e9rio Vidmantas\" \/>\n<meta name=\"twitter:card\" content=\"summary_large_image\" \/>\n<meta name=\"twitter:label1\" content=\"Escrito por\" \/>\n\t<meta name=\"twitter:data1\" content=\"Rog\u00e9rio Vidmantas\" \/>\n\t<meta name=\"twitter:label2\" content=\"Est. tempo de leitura\" \/>\n\t<meta name=\"twitter:data2\" content=\"4 minutos\" \/>\n<script type=\"application\/ld+json\" class=\"yoast-schema-graph\">{\"@context\":\"https:\/\/schema.org\",\"@graph\":[{\"@type\":\"Article\",\"@id\":\"https:\/\/progresso.com.br\/index.php\/2026\/04\/25\/juventude-ag-encara-minas-tenis-clube-em-duelo-eliminatorio-pela-copa-lnf\/#article\",\"isPartOf\":{\"@id\":\"https:\/\/progresso.com.br\/index.php\/2026\/04\/25\/juventude-ag-encara-minas-tenis-clube-em-duelo-eliminatorio-pela-copa-lnf\/\"},\"author\":{\"name\":\"Rog\u00e9rio Vidmantas\",\"@id\":\"https:\/\/progresso.com.br\/#\/schema\/person\/471791cc575a7e23811d1070fa9d20ee\"},\"headline\":\"Juventude AG encara Minas T\u00eanis Clube em duelo eliminat\u00f3rio pela Copa LNF neste domingo\",\"datePublished\":\"2026-04-25T22:06:00+00:00\",\"mainEntityOfPage\":{\"@id\":\"https:\/\/progresso.com.br\/index.php\/2026\/04\/25\/juventude-ag-encara-minas-tenis-clube-em-duelo-eliminatorio-pela-copa-lnf\/\"},\"wordCount\":642,\"commentCount\":0,\"publisher\":{\"@id\":\"https:\/\/progresso.com.br\/#organization\"},\"image\":{\"@id\":\"https:\/\/progresso.com.br\/index.php\/2026\/04\/25\/juventude-ag-encara-minas-tenis-clube-em-duelo-eliminatorio-pela-copa-lnf\/#primaryimage\"},\"thumbnailUrl\":\"https:\/\/progresso.com.br\/wp-content\/uploads\/2026\/04\/Treino-2504.jpg\",\"articleSection\":[\"Em destaque\",\"Esporte\"],\"inLanguage\":\"pt-BR\",\"potentialAction\":[{\"@type\":\"CommentAction\",\"name\":\"Comment\",\"target\":[\"https:\/\/progresso.com.br\/index.php\/2026\/04\/25\/juventude-ag-encara-minas-tenis-clube-em-duelo-eliminatorio-pela-copa-lnf\/#respond\"]}]},{\"@type\":\"WebPage\",\"@id\":\"https:\/\/progresso.com.br\/index.php\/2026\/04\/25\/juventude-ag-encara-minas-tenis-clube-em-duelo-eliminatorio-pela-copa-lnf\/\",\"url\":\"https:\/\/progresso.com.br\/index.php\/2026\/04\/25\/juventude-ag-encara-minas-tenis-clube-em-duelo-eliminatorio-pela-copa-lnf\/\",\"name\":\"Juventude AG encara Minas T\u00eanis Clube em duelo eliminat\u00f3rio pela Copa LNF neste domingo - O PROGRESSO\",\"isPartOf\":{\"@id\":\"https:\/\/progresso.com.br\/#website\"},\"primaryImageOfPage\":{\"@id\":\"https:\/\/progresso.com.br\/index.php\/2026\/04\/25\/juventude-ag-encara-minas-tenis-clube-em-duelo-eliminatorio-pela-copa-lnf\/#primaryimage\"},\"image\":{\"@id\":\"https:\/\/progresso.com.br\/index.php\/2026\/04\/25\/juventude-ag-encara-minas-tenis-clube-em-duelo-eliminatorio-pela-copa-lnf\/#primaryimage\"},\"thumbnailUrl\":\"https:\/\/progresso.com.br\/wp-content\/uploads\/2026\/04\/Treino-2504.jpg\",\"datePublished\":\"2026-04-25T22:06:00+00:00\",\"breadcrumb\":{\"@id\":\"https:\/\/progresso.com.br\/index.php\/2026\/04\/25\/juventude-ag-encara-minas-tenis-clube-em-duelo-eliminatorio-pela-copa-lnf\/#breadcrumb\"},\"inLanguage\":\"pt-BR\",\"potentialAction\":[{\"@type\":\"ReadAction\",\"target\":[\"https:\/\/progresso.com.br\/index.php\/2026\/04\/25\/juventude-ag-encara-minas-tenis-clube-em-duelo-eliminatorio-pela-copa-lnf\/\"]}]},{\"@type\":\"ImageObject\",\"inLanguage\":\"pt-BR\",\"@id\":\"https:\/\/progresso.com.br\/index.php\/2026\/04\/25\/juventude-ag-encara-minas-tenis-clube-em-duelo-eliminatorio-pela-copa-lnf\/#primaryimage\",\"url\":\"https:\/\/progresso.com.br\/wp-content\/uploads\/2026\/04\/Treino-2504.jpg\",\"contentUrl\":\"https:\/\/progresso.com.br\/wp-content\/uploads\/2026\/04\/Treino-2504.jpg\",\"width\":1280,\"height\":720,\"caption\":\"Juventude AG fez \u00faltimo treino neste s\u00e1bado no Gin\u00e1sio Municipal (Foto: Gabriel Orris\/Juventude AG)\"},{\"@type\":\"BreadcrumbList\",\"@id\":\"https:\/\/progresso.com.br\/index.php\/2026\/04\/25\/juventude-ag-encara-minas-tenis-clube-em-duelo-eliminatorio-pela-copa-lnf\/#breadcrumb\",\"itemListElement\":[{\"@type\":\"ListItem\",\"position\":1,\"name\":\"In\u00edcio\",\"item\":\"https:\/\/progresso.com.br\/\"},{\"@type\":\"ListItem\",\"position\":2,\"name\":\"Juventude AG encara Minas T\u00eanis Clube em duelo eliminat\u00f3rio pela Copa LNF neste domingo\"}]},{\"@type\":\"WebSite\",\"@id\":\"https:\/\/progresso.com.br\/#website\",\"url\":\"https:\/\/progresso.com.br\/\",\"name\":\"O PROGRESSO\",\"description\":\"\",\"publisher\":{\"@id\":\"https:\/\/progresso.com.br\/#organization\"},\"potentialAction\":[{\"@type\":\"SearchAction\",\"target\":{\"@type\":\"EntryPoint\",\"urlTemplate\":\"https:\/\/progresso.com.br\/?s={search_term_string}\"},\"query-input\":{\"@type\":\"PropertyValueSpecification\",\"valueRequired\":true,\"valueName\":\"search_term_string\"}}],\"inLanguage\":\"pt-BR\"},{\"@type\":\"Organization\",\"@id\":\"https:\/\/progresso.com.br\/#organization\",\"name\":\"O PROGRESSO\",\"url\":\"https:\/\/progresso.com.br\/\",\"logo\":{\"@type\":\"ImageObject\",\"inLanguage\":\"pt-BR\",\"@id\":\"https:\/\/progresso.com.br\/#\/schema\/logo\/image\/\",\"url\":\"https:\/\/progresso.com.br\/wp-content\/uploads\/2026\/03\/logo_proog.jpg\",\"contentUrl\":\"https:\/\/progresso.com.br\/wp-content\/uploads\/2026\/03\/logo_proog.jpg\",\"width\":1960,\"height\":1080,\"caption\":\"O PROGRESSO\"},\"image\":{\"@id\":\"https:\/\/progresso.com.br\/#\/schema\/logo\/image\/\"},\"sameAs\":[\"https:\/\/www.facebook.com\/share\/1CeoksKBj6\/\",\"https:\/\/www.instagram.com\/oprogresso_digital\"]},{\"@type\":\"Person\",\"@id\":\"https:\/\/progresso.com.br\/#\/schema\/person\/471791cc575a7e23811d1070fa9d20ee\",\"name\":\"Rog\u00e9rio Vidmantas\",\"image\":{\"@type\":\"ImageObject\",\"inLanguage\":\"pt-BR\",\"@id\":\"https:\/\/progresso.com.br\/#\/schema\/person\/image\/\",\"url\":\"https:\/\/secure.gravatar.com\/avatar\/10a86aae4992f407879fa7e12fb476cdff79509ad9ec42967d62b4fbcee7c57b?s=96&d=mm&r=g\",\"contentUrl\":\"https:\/\/secure.gravatar.com\/avatar\/10a86aae4992f407879fa7e12fb476cdff79509ad9ec42967d62b4fbcee7c57b?s=96&d=mm&r=g\",\"caption\":\"Rog\u00e9rio Vidmantas\"},\"url\":\"https:\/\/progresso.com.br\/index.php\/author\/vidmantas\/\"}]}<\/script>\n<!-- \/ Yoast SEO plugin. -->","yoast_head_json":{"title":"Juventude AG encara Minas T\u00eanis Clube em duelo eliminat\u00f3rio pela Copa LNF neste domingo - O PROGRESSO","robots":{"index":"index","follow":"follow","max-snippet":"max-snippet:-1","max-image-preview":"max-image-preview:large","max-video-preview":"max-video-preview:-1"},"canonical":"https:\/\/progresso.com.br\/index.php\/2026\/04\/25\/juventude-ag-encara-minas-tenis-clube-em-duelo-eliminatorio-pela-copa-lnf\/","og_locale":"pt_BR","og_type":"article","og_title":"Juventude AG encara Minas T\u00eanis Clube em duelo eliminat\u00f3rio pela Copa LNF neste domingo - O PROGRESSO","og_description":"Em jogo \u00fanico em Dourados, neste domingo, equipe sul-mato-grossense busca classifica\u00e7\u00e3o diante de um dos gigantes do futsal nacional Rog\u00e9rio Vidmantas O Juventude AG entra em quadra pela terceira competi\u00e7\u00e3o nacional neste primeiro semestre, agora pela primeira edi\u00e7\u00e3o da Copa LNF. Neste domingo (26), \u00e0s 12h30, no Gin\u00e1sio Municipal Ulysses Guimar\u00e3es, em Dourados, o JAG [&hellip;]","og_url":"https:\/\/progresso.com.br\/index.php\/2026\/04\/25\/juventude-ag-encara-minas-tenis-clube-em-duelo-eliminatorio-pela-copa-lnf\/","og_site_name":"O PROGRESSO","article_publisher":"https:\/\/www.facebook.com\/share\/1CeoksKBj6\/","article_published_time":"2026-04-25T22:06:00+00:00","og_image":[{"width":1280,"height":720,"url":"https:\/\/progresso.com.br\/wp-content\/uploads\/2026\/04\/Treino-2504.jpg","type":"image\/jpeg"}],"author":"Rog\u00e9rio Vidmantas","twitter_card":"summary_large_image","twitter_misc":{"Escrito por":"Rog\u00e9rio Vidmantas","Est. tempo de leitura":"4 minutos"},"schema":{"@context":"https:\/\/schema.org","@graph":[{"@type":"Article","@id":"https:\/\/progresso.com.br\/index.php\/2026\/04\/25\/juventude-ag-encara-minas-tenis-clube-em-duelo-eliminatorio-pela-copa-lnf\/#article","isPartOf":{"@id":"https:\/\/progresso.com.br\/index.php\/2026\/04\/25\/juventude-ag-encara-minas-tenis-clube-em-duelo-eliminatorio-pela-copa-lnf\/"},"author":{"name":"Rog\u00e9rio Vidmantas","@id":"https:\/\/progresso.com.br\/#\/schema\/person\/471791cc575a7e23811d1070fa9d20ee"},"headline":"Juventude AG encara Minas T\u00eanis Clube em duelo eliminat\u00f3rio pela Copa LNF neste domingo","datePublished":"2026-04-25T22:06:00+00:00","mainEntityOfPage":{"@id":"https:\/\/progresso.com.br\/index.php\/2026\/04\/25\/juventude-ag-encara-minas-tenis-clube-em-duelo-eliminatorio-pela-copa-lnf\/"},"wordCount":642,"commentCount":0,"publisher":{"@id":"https:\/\/progresso.com.br\/#organization"},"image":{"@id":"https:\/\/progresso.com.br\/index.php\/2026\/04\/25\/juventude-ag-encara-minas-tenis-clube-em-duelo-eliminatorio-pela-copa-lnf\/#primaryimage"},"thumbnailUrl":"https:\/\/progresso.com.br\/wp-content\/uploads\/2026\/04\/Treino-2504.jpg","articleSection":["Em destaque","Esporte"],"inLanguage":"pt-BR","potentialAction":[{"@type":"CommentAction","name":"Comment","target":["https:\/\/progresso.com.br\/index.php\/2026\/04\/25\/juventude-ag-encara-minas-tenis-clube-em-duelo-eliminatorio-pela-copa-lnf\/#respond"]}]},{"@type":"WebPage","@id":"https:\/\/progresso.com.br\/index.php\/2026\/04\/25\/juventude-ag-encara-minas-tenis-clube-em-duelo-eliminatorio-pela-copa-lnf\/","url":"https:\/\/progresso.com.br\/index.php\/2026\/04\/25\/juventude-ag-encara-minas-tenis-clube-em-duelo-eliminatorio-pela-copa-lnf\/","name":"Juventude AG encara Minas T\u00eanis Clube em duelo eliminat\u00f3rio pela Copa LNF neste domingo - O PROGRESSO","isPartOf":{"@id":"https:\/\/progresso.com.br\/#website"},"primaryImageOfPage":{"@id":"https:\/\/progresso.com.br\/index.php\/2026\/04\/25\/juventude-ag-encara-minas-tenis-clube-em-duelo-eliminatorio-pela-copa-lnf\/#primaryimage"},"image":{"@id":"https:\/\/progresso.com.br\/index.php\/2026\/04\/25\/juventude-ag-encara-minas-tenis-clube-em-duelo-eliminatorio-pela-copa-lnf\/#primaryimage"},"thumbnailUrl":"https:\/\/progresso.com.br\/wp-content\/uploads\/2026\/04\/Treino-2504.jpg","datePublished":"2026-04-25T22:06:00+00:00","breadcrumb":{"@id":"https:\/\/progresso.com.br\/index.php\/2026\/04\/25\/juventude-ag-encara-minas-tenis-clube-em-duelo-eliminatorio-pela-copa-lnf\/#breadcrumb"},"inLanguage":"pt-BR","potentialAction":[{"@type":"ReadAction","target":["https:\/\/progresso.com.br\/index.php\/2026\/04\/25\/juventude-ag-encara-minas-tenis-clube-em-duelo-eliminatorio-pela-copa-lnf\/"]}]},{"@type":"ImageObject","inLanguage":"pt-BR","@id":"https:\/\/progresso.com.br\/index.php\/2026\/04\/25\/juventude-ag-encara-minas-tenis-clube-em-duelo-eliminatorio-pela-copa-lnf\/#primaryimage","url":"https:\/\/progresso.com.br\/wp-content\/uploads\/2026\/04\/Treino-2504.jpg","contentUrl":"https:\/\/progresso.com.br\/wp-content\/uploads\/2026\/04\/Treino-2504.jpg","width":1280,"height":720,"caption":"Juventude AG fez \u00faltimo treino neste s\u00e1bado no Gin\u00e1sio Municipal (Foto: Gabriel Orris\/Juventude AG)"},{"@type":"BreadcrumbList","@id":"https:\/\/progresso.com.br\/index.php\/2026\/04\/25\/juventude-ag-encara-minas-tenis-clube-em-duelo-eliminatorio-pela-copa-lnf\/#breadcrumb","itemListElement":[{"@type":"ListItem","position":1,"name":"In\u00edcio","item":"https:\/\/progresso.com.br\/"},{"@type":"ListItem","position":2,"name":"Juventude AG encara Minas T\u00eanis Clube em duelo eliminat\u00f3rio pela Copa LNF neste domingo"}]},{"@type":"WebSite","@id":"https:\/\/progresso.com.br\/#website","url":"https:\/\/progresso.com.br\/","name":"O PROGRESSO","description":"","publisher":{"@id":"https:\/\/progresso.com.br\/#organization"},"potentialAction":[{"@type":"SearchAction","target":{"@type":"EntryPoint","urlTemplate":"https:\/\/progresso.com.br\/?s={search_term_string}"},"query-input":{"@type":"PropertyValueSpecification","valueRequired":true,"valueName":"search_term_string"}}],"inLanguage":"pt-BR"},{"@type":"Organization","@id":"https:\/\/progresso.com.br\/#organization","name":"O PROGRESSO","url":"https:\/\/progresso.com.br\/","logo":{"@type":"ImageObject","inLanguage":"pt-BR","@id":"https:\/\/progresso.com.br\/#\/schema\/logo\/image\/","url":"https:\/\/progresso.com.br\/wp-content\/uploads\/2026\/03\/logo_proog.jpg","contentUrl":"https:\/\/progresso.com.br\/wp-content\/uploads\/2026\/03\/logo_proog.jpg","width":1960,"height":1080,"caption":"O PROGRESSO"},"image":{"@id":"https:\/\/progresso.com.br\/#\/schema\/logo\/image\/"},"sameAs":["https:\/\/www.facebook.com\/share\/1CeoksKBj6\/","https:\/\/www.instagram.com\/oprogresso_digital"]},{"@type":"Person","@id":"https:\/\/progresso.com.br\/#\/schema\/person\/471791cc575a7e23811d1070fa9d20ee","name":"Rog\u00e9rio Vidmantas","image":{"@type":"ImageObject","inLanguage":"pt-BR","@id":"https:\/\/progresso.com.br\/#\/schema\/person\/image\/","url":"https:\/\/secure.gravatar.com\/avatar\/10a86aae4992f407879fa7e12fb476cdff79509ad9ec42967d62b4fbcee7c57b?s=96&d=mm&r=g","contentUrl":"https:\/\/secure.gravatar.com\/avatar\/10a86aae4992f407879fa7e12fb476cdff79509ad9ec42967d62b4fbcee7c57b?s=96&d=mm&r=g","caption":"Rog\u00e9rio Vidmantas"},"url":"https:\/\/progresso.com.br\/index.php\/author\/vidmantas\/"}]}},"_links":{"self":[{"href":"https:\/\/progresso.com.br\/index.php\/wp-json\/wp\/v2\/posts\/4760","targetHints":{"allow":["GET"]}}],"collection":[{"href":"https:\/\/progresso.com.br\/index.php\/wp-json\/wp\/v2\/posts"}],"about":[{"href":"https:\/\/progresso.com.br\/index.php\/wp-json\/wp\/v2\/types\/post"}],"author":[{"embeddable":true,"href":"https:\/\/progresso.com.br\/index.php\/wp-json\/wp\/v2\/users\/5"}],"replies":[{"embeddable":true,"href":"https:\/\/progresso.com.br\/index.php\/wp-json\/wp\/v2\/comments?post=4760"}],"version-history":[{"count":2,"href":"https:\/\/progresso.com.br\/index.php\/wp-json\/wp\/v2\/posts\/4760\/revisions"}],"predecessor-version":[{"id":4770,"href":"https:\/\/progresso.com.br\/index.php\/wp-json\/wp\/v2\/posts\/4760\/revisions\/4770"}],"wp:featuredmedia":[{"embeddable":true,"href":"https:\/\/progresso.com.br\/index.php\/wp-json\/wp\/v2\/media\/4763"}],"wp:attachment":[{"href":"https:\/\/progresso.com.br\/index.php\/wp-json\/wp\/v2\/media?parent=4760"}],"wp:term":[{"taxonomy":"category","embeddable":true,"href":"https:\/\/progresso.com.br\/index.php\/wp-json\/wp\/v2\/categories?post=4760"},{"taxonomy":"post_tag","embeddable":true,"href":"https:\/\/progresso.com.br\/index.php\/wp-json\/wp\/v2\/tags?post=4760"}],"curies":[{"name":"wp","href":"https:\/\/api.w.org\/{rel}","templated":true}]}}