{"id":4771,"date":"2026-04-25T18:26:51","date_gmt":"2026-04-25T22:26:51","guid":{"rendered":"https:\/\/progresso.com.br\/?p=4771"},"modified":"2026-04-25T18:26:52","modified_gmt":"2026-04-25T22:26:52","slug":"cientistas-criam-painel-para-orientar-transicao-energetica-global","status":"publish","type":"post","link":"https:\/\/progresso.com.br\/index.php\/2026\/04\/25\/cientistas-criam-painel-para-orientar-transicao-energetica-global\/","title":{"rendered":"Cientistas criam painel para orientar transi\u00e7\u00e3o energ\u00e9tica global"},"content":{"rendered":"\n<p><em>Rafael Cardoso, da Ag\u00eancia Brasil<\/em><\/p>\n\n\n\n<p><\/p>\n\n\n\n<p>Um grupo de cientistas de diferentes \u00e1reas \u2013 como clima, economia e tecnologia \u2013 anunciou a cria\u00e7\u00e3o do Painel Cient\u00edfico para a Transi\u00e7\u00e3o Energ\u00e9tica Global (SPGET) neste s\u00e1bado (25), durante a Primeira Confer\u00eancia Internacional sobre a Transi\u00e7\u00e3o para Longe dos Combust\u00edveis F\u00f3sseis, realizada em <strong>Santa Marta, Col\u00f4mbia.<img decoding=\"async\" src=\"https:\/\/agenciabrasil.ebc.com.br\/ebc.png?id=1687251&amp;o=node\"><img decoding=\"async\" src=\"https:\/\/agenciabrasil.ebc.com.br\/ebc.gif?id=1687251&amp;o=node\"><\/strong><\/p>\n\n\n\n<p><strong>O objetivo \u00e9 assessorar governos na transi\u00e7\u00e3o energ\u00e9tica global e produzir recomenda\u00e7\u00f5es baseadas em evid\u00eancias para orientar pol\u00edticas p\u00fablicas e a\u00e7\u00f5es concretas rumo \u00e0 descarboniza\u00e7\u00e3o.<\/strong><\/p>\n\n\n\n<p>O an\u00fancio contou com a presen\u00e7a de nomes de destaque da ci\u00eancia internacional, como os brasileiros Carlos Nobre, refer\u00eancia em estudos sobre a Amaz\u00f4nia, e Gilberto Jannuzzi, da Universidade Estadual de Campinas (Unicamp), e o sueco Johan Rockstr\u00f6m, diretor do Instituto Potsdam para Pesquisa de Impacto Clim\u00e1tico.<\/p>\n\n\n\n<blockquote class=\"wp-block-quote is-layout-flow wp-block-quote-is-layout-flow\">\n<p><em>\u201cA transi\u00e7\u00e3o energ\u00e9tica \u00e9 complexa e envolve economia, meio ambiente e justi\u00e7a social. A ci\u00eancia pode atuar como ponte entre pa\u00edses que avan\u00e7am mais r\u00e1pido e aqueles que ainda est\u00e3o hesitantes. O painel \u00e9 uma forma de integrar todos gradualmente\u201d, disse Rockstr\u00f6m.<\/em><\/p>\n<\/blockquote>\n\n\n\n<p>Tamb\u00e9m esteve presente a ministra do Meio Ambiente da Col\u00f4mbia, Irene V\u00e9lez Torres, que defendeu a iniciativa por responder a uma lacuna hist\u00f3rica.<\/p>\n\n\n\n<blockquote class=\"wp-block-quote is-layout-flow wp-block-quote-is-layout-flow\">\n<p>\u201cEste painel n\u00e3o s\u00f3 repara uma d\u00edvida ao criar, pela primeira vez, um organismo dedicado \u00e0 supera\u00e7\u00e3o dos combust\u00edveis f\u00f3sseis, como tamb\u00e9m discute outros desafios sociais e econ\u00f4micos dessa transforma\u00e7\u00e3o\u201d, disse Irene.<\/p>\n<\/blockquote>\n\n\n\n<p>\u201c\u00c9 o primeiro concebido para reunir, ao longo dos pr\u00f3ximos cinco anos, as evid\u00eancias cient\u00edficas que permitir\u00e3o que cidades, regi\u00f5es, pa\u00edses e coaliz\u00f5es deem esse grande salto\u201d, completou.<\/p>\n\n\n\n<p><strong>O painel tamb\u00e9m pretende fortalecer a articula\u00e7\u00e3o entre academia e governos, e contribuir para a constru\u00e7\u00e3o de estrat\u00e9gias coordenadas de redu\u00e7\u00e3o das emiss\u00f5es de gases de efeito estufa. A proposta inclui a elabora\u00e7\u00e3o de recomenda\u00e7\u00f5es t\u00e9cnicas, acompanhamento de pol\u00edticas e integra\u00e7\u00e3o com processos internacionais, como a COP30, presidida pelo Brasil.<\/strong><\/p>\n\n\n\n<p>Segundo o coordenador do Observat\u00f3rio do Clima, Claudio Angelo, a ideia \u00e9 que a ci\u00eancia volte para o lugar de primazia como orientadora das decis\u00f5es pol\u00edticas que precisam ser tomadas sobre clima e meio ambiente.<\/p>\n\n\n\n<blockquote class=\"wp-block-quote is-layout-flow wp-block-quote-is-layout-flow\">\n<p>\u201cIsso parece \u00f3bvio, mas vem sendo um pouco esquecido no \u00e2mbito da Conven\u00e7\u00e3o do Clima. Antigamente, todos os grandes encontros para debater mudan\u00e7a clim\u00e1tica, como a Eco-92, come\u00e7aram sob a \u00e9gide de algum relat\u00f3rio do IPCC, o Painel Intergovernamental sobre Mudan\u00e7a Clim\u00e1tica\u201d, disse Claudio.<\/p>\n<\/blockquote>\n\n\n\n<p>\u201cIsso deixou de acontecer de uns anos para c\u00e1. A gente chegou ao c\u00famulo de em 2018, na COP24, um grande relat\u00f3rio do IPCC, que tinha sido inclusive encomendado pela Conven\u00e7\u00e3o do Clima, ter sido relegado a uma nota de rodap\u00e9 na decis\u00e3o da COP\u201d, completou.<\/p>\n\n\n\n<h2 class=\"wp-block-heading\">Confer\u00eancia de Santa Marta<\/h2>\n\n\n\n<p>A Confer\u00eancia de Santa Marta re\u00fane 57 pa\u00edses, incluindo o Brasil, e cerca de 4.200 organiza\u00e7\u00f5es, abrangendo governos, setor privado, povos ind\u00edgenas, academia e sociedade civil. O objetivo \u00e9 avan\u00e7ar em medidas concretas para reduzir a depend\u00eancia de combust\u00edveis f\u00f3sseis, com foco em tr\u00eas eixos: transforma\u00e7\u00e3o econ\u00f4mica, mudan\u00e7a na oferta e demanda de energia e coopera\u00e7\u00e3o internacional.<\/p>\n\n\n\n<p>Nos primeiros dias do encontro, entre 24 e 27 de abril, ser\u00e3o consolidadas propostas que orientar\u00e3o a C\u00fapula de L\u00edderes nos dias 28 e 29. Entre os resultados esperados est\u00e3o mecanismos de coopera\u00e7\u00e3o entre pa\u00edses e um relat\u00f3rio com diretrizes para acelerar a transi\u00e7\u00e3o energ\u00e9tica.<\/p>\n\n\n\n<p>\u201cCom mais de 50% do PIB global representado nesta Confer\u00eancia, este grupo tem a capacidade coletiva de transformar essas cinco palavras em a\u00e7\u00f5es concretas\u201d, disse Van Veldhoven, ministra do Clima e do Crescimento Verde dos Pa\u00edses Baixos, que lidera a iniciativa ao lado da Col\u00f4mbia.<\/p>\n\n\n\n<blockquote class=\"wp-block-quote is-layout-flow wp-block-quote-is-layout-flow\">\n<p>\u201cCom a crescente volatilidade no mercado de combust\u00edveis f\u00f3sseis, n\u00e3o h\u00e1 melhor momento para iniciar a transi\u00e7\u00e3o para longe dos combust\u00edveis f\u00f3sseis, reduzindo o impacto clim\u00e1tico, refor\u00e7ando a independ\u00eancia energ\u00e9tica e impulsionando o crescimento econ\u00f4mico verde\u201d, completou.<\/p>\n<\/blockquote>\n\n\n\n<p>O ativista socioambiental sul-africano Kumi Naidoo entende que a confer\u00eancia representa uma oportunidade de estabelecer medidas concretas que a Confer\u00eancia das Partes (COP), c\u00fapula anual das Na\u00e7\u00f5es Unidas sobre mudan\u00e7as clim\u00e1ticas, n\u00e3o tem conseguido realizar.<\/p>\n\n\n\n<blockquote class=\"wp-block-quote is-layout-flow wp-block-quote-is-layout-flow\">\n<p>\u201cQueremos receber o que pedimos para a COP desde pelo menos 2009: um acordo fant\u00e1stico, que seja justo, ambicioso e vinculativo. Na maioria das vezes, recebemos acordos superficiais, cheios de brechas\u201d, disse Naidoo, que lidera a Iniciativa do Tratado de N\u00e3o Prolifera\u00e7\u00e3o de Combust\u00edveis F\u00f3sseis (Fossil Fuel Treaty).<\/p>\n<\/blockquote>\n\n\n\n<p>\u201cIndependentemente da qualidade do trabalho cient\u00edfico, precisamos garantir que o processo pol\u00edtico esteja em andamento. Outros mecanismos e caminhos juridicamente vinculativos, como o tratado sobre combust\u00edveis f\u00f3sseis, s\u00e3o cruciais\u201d, complementou.<\/p>\n","protected":false},"excerpt":{"rendered":"<p>Rafael Cardoso, da Ag\u00eancia Brasil Um grupo de cientistas de diferentes \u00e1reas \u2013 como clima, economia e tecnologia \u2013 anunciou a cria\u00e7\u00e3o do Painel Cient\u00edfico para a Transi\u00e7\u00e3o Energ\u00e9tica Global (SPGET) neste s\u00e1bado (25), durante a Primeira Confer\u00eancia Internacional sobre a Transi\u00e7\u00e3o para Longe dos Combust\u00edveis F\u00f3sseis, realizada em Santa Marta, Col\u00f4mbia. O objetivo \u00e9 [&hellip;]<\/p>\n","protected":false},"author":3,"featured_media":4772,"comment_status":"open","ping_status":"open","sticky":false,"template":"","format":"standard","meta":{"footnotes":""},"categories":[7],"tags":[],"class_list":["post-4771","post","type-post","status-publish","format-standard","has-post-thumbnail","hentry","category-internacional"],"yoast_head":"<!-- This site is optimized with the Yoast SEO plugin v27.1.1 - https:\/\/yoast.com\/product\/yoast-seo-wordpress\/ -->\n<title>Cientistas criam painel para orientar transi\u00e7\u00e3o energ\u00e9tica global - O PROGRESSO<\/title>\n<meta name=\"robots\" content=\"index, follow, max-snippet:-1, max-image-preview:large, max-video-preview:-1\" \/>\n<link rel=\"canonical\" href=\"https:\/\/progresso.com.br\/index.php\/2026\/04\/25\/cientistas-criam-painel-para-orientar-transicao-energetica-global\/\" \/>\n<meta property=\"og:locale\" content=\"pt_BR\" \/>\n<meta property=\"og:type\" content=\"article\" \/>\n<meta property=\"og:title\" content=\"Cientistas criam painel para orientar transi\u00e7\u00e3o energ\u00e9tica global - O PROGRESSO\" \/>\n<meta property=\"og:description\" content=\"Rafael Cardoso, da Ag\u00eancia Brasil Um grupo de cientistas de diferentes \u00e1reas \u2013 como clima, economia e tecnologia \u2013 anunciou a cria\u00e7\u00e3o do Painel Cient\u00edfico para a Transi\u00e7\u00e3o Energ\u00e9tica Global (SPGET) neste s\u00e1bado (25), durante a Primeira Confer\u00eancia Internacional sobre a Transi\u00e7\u00e3o para Longe dos Combust\u00edveis F\u00f3sseis, realizada em Santa Marta, Col\u00f4mbia. O objetivo \u00e9 [&hellip;]\" \/>\n<meta property=\"og:url\" content=\"https:\/\/progresso.com.br\/index.php\/2026\/04\/25\/cientistas-criam-painel-para-orientar-transicao-energetica-global\/\" \/>\n<meta property=\"og:site_name\" content=\"O PROGRESSO\" \/>\n<meta property=\"article:publisher\" content=\"https:\/\/www.facebook.com\/share\/1CeoksKBj6\/\" \/>\n<meta property=\"article:published_time\" content=\"2026-04-25T22:26:51+00:00\" \/>\n<meta property=\"article:modified_time\" content=\"2026-04-25T22:26:52+00:00\" \/>\n<meta property=\"og:image\" content=\"https:\/\/progresso.com.br\/wp-content\/uploads\/2026\/04\/painel-energetico.webp\" \/>\n\t<meta property=\"og:image:width\" content=\"1170\" \/>\n\t<meta property=\"og:image:height\" content=\"700\" \/>\n\t<meta property=\"og:image:type\" content=\"image\/webp\" \/>\n<meta name=\"author\" content=\"Alfredo\" \/>\n<meta name=\"twitter:card\" content=\"summary_large_image\" \/>\n<meta name=\"twitter:label1\" content=\"Escrito por\" \/>\n\t<meta name=\"twitter:data1\" content=\"Alfredo\" \/>\n\t<meta name=\"twitter:label2\" content=\"Est. tempo de leitura\" \/>\n\t<meta name=\"twitter:data2\" content=\"4 minutos\" \/>\n<script type=\"application\/ld+json\" class=\"yoast-schema-graph\">{\"@context\":\"https:\/\/schema.org\",\"@graph\":[{\"@type\":\"Article\",\"@id\":\"https:\/\/progresso.com.br\/index.php\/2026\/04\/25\/cientistas-criam-painel-para-orientar-transicao-energetica-global\/#article\",\"isPartOf\":{\"@id\":\"https:\/\/progresso.com.br\/index.php\/2026\/04\/25\/cientistas-criam-painel-para-orientar-transicao-energetica-global\/\"},\"author\":{\"name\":\"Alfredo\",\"@id\":\"https:\/\/progresso.com.br\/#\/schema\/person\/b7390ac97c5e156cc2e02aa8e88f1bf2\"},\"headline\":\"Cientistas criam painel para orientar transi\u00e7\u00e3o energ\u00e9tica global\",\"datePublished\":\"2026-04-25T22:26:51+00:00\",\"dateModified\":\"2026-04-25T22:26:52+00:00\",\"mainEntityOfPage\":{\"@id\":\"https:\/\/progresso.com.br\/index.php\/2026\/04\/25\/cientistas-criam-painel-para-orientar-transicao-energetica-global\/\"},\"wordCount\":852,\"commentCount\":0,\"publisher\":{\"@id\":\"https:\/\/progresso.com.br\/#organization\"},\"image\":{\"@id\":\"https:\/\/progresso.com.br\/index.php\/2026\/04\/25\/cientistas-criam-painel-para-orientar-transicao-energetica-global\/#primaryimage\"},\"thumbnailUrl\":\"https:\/\/progresso.com.br\/wp-content\/uploads\/2026\/04\/painel-energetico.webp\",\"articleSection\":[\"Internacional\"],\"inLanguage\":\"pt-BR\",\"potentialAction\":[{\"@type\":\"CommentAction\",\"name\":\"Comment\",\"target\":[\"https:\/\/progresso.com.br\/index.php\/2026\/04\/25\/cientistas-criam-painel-para-orientar-transicao-energetica-global\/#respond\"]}]},{\"@type\":\"WebPage\",\"@id\":\"https:\/\/progresso.com.br\/index.php\/2026\/04\/25\/cientistas-criam-painel-para-orientar-transicao-energetica-global\/\",\"url\":\"https:\/\/progresso.com.br\/index.php\/2026\/04\/25\/cientistas-criam-painel-para-orientar-transicao-energetica-global\/\",\"name\":\"Cientistas criam painel para orientar transi\u00e7\u00e3o energ\u00e9tica global - O PROGRESSO\",\"isPartOf\":{\"@id\":\"https:\/\/progresso.com.br\/#website\"},\"primaryImageOfPage\":{\"@id\":\"https:\/\/progresso.com.br\/index.php\/2026\/04\/25\/cientistas-criam-painel-para-orientar-transicao-energetica-global\/#primaryimage\"},\"image\":{\"@id\":\"https:\/\/progresso.com.br\/index.php\/2026\/04\/25\/cientistas-criam-painel-para-orientar-transicao-energetica-global\/#primaryimage\"},\"thumbnailUrl\":\"https:\/\/progresso.com.br\/wp-content\/uploads\/2026\/04\/painel-energetico.webp\",\"datePublished\":\"2026-04-25T22:26:51+00:00\",\"dateModified\":\"2026-04-25T22:26:52+00:00\",\"breadcrumb\":{\"@id\":\"https:\/\/progresso.com.br\/index.php\/2026\/04\/25\/cientistas-criam-painel-para-orientar-transicao-energetica-global\/#breadcrumb\"},\"inLanguage\":\"pt-BR\",\"potentialAction\":[{\"@type\":\"ReadAction\",\"target\":[\"https:\/\/progresso.com.br\/index.php\/2026\/04\/25\/cientistas-criam-painel-para-orientar-transicao-energetica-global\/\"]}]},{\"@type\":\"ImageObject\",\"inLanguage\":\"pt-BR\",\"@id\":\"https:\/\/progresso.com.br\/index.php\/2026\/04\/25\/cientistas-criam-painel-para-orientar-transicao-energetica-global\/#primaryimage\",\"url\":\"https:\/\/progresso.com.br\/wp-content\/uploads\/2026\/04\/painel-energetico.webp\",\"contentUrl\":\"https:\/\/progresso.com.br\/wp-content\/uploads\/2026\/04\/painel-energetico.webp\",\"width\":1170,\"height\":700,\"caption\":\"Com participa\u00e7\u00e3o de brasileiros, iniciativa foi lan\u00e7ada durante Confer\u00eancia em Santa Marta, Col\u00f4mbia. (Foto: SPGET\/Divulga\u00e7\u00e3o)\"},{\"@type\":\"BreadcrumbList\",\"@id\":\"https:\/\/progresso.com.br\/index.php\/2026\/04\/25\/cientistas-criam-painel-para-orientar-transicao-energetica-global\/#breadcrumb\",\"itemListElement\":[{\"@type\":\"ListItem\",\"position\":1,\"name\":\"In\u00edcio\",\"item\":\"https:\/\/progresso.com.br\/\"},{\"@type\":\"ListItem\",\"position\":2,\"name\":\"Cientistas criam painel para orientar transi\u00e7\u00e3o energ\u00e9tica global\"}]},{\"@type\":\"WebSite\",\"@id\":\"https:\/\/progresso.com.br\/#website\",\"url\":\"https:\/\/progresso.com.br\/\",\"name\":\"O PROGRESSO\",\"description\":\"\",\"publisher\":{\"@id\":\"https:\/\/progresso.com.br\/#organization\"},\"potentialAction\":[{\"@type\":\"SearchAction\",\"target\":{\"@type\":\"EntryPoint\",\"urlTemplate\":\"https:\/\/progresso.com.br\/?s={search_term_string}\"},\"query-input\":{\"@type\":\"PropertyValueSpecification\",\"valueRequired\":true,\"valueName\":\"search_term_string\"}}],\"inLanguage\":\"pt-BR\"},{\"@type\":\"Organization\",\"@id\":\"https:\/\/progresso.com.br\/#organization\",\"name\":\"O PROGRESSO\",\"url\":\"https:\/\/progresso.com.br\/\",\"logo\":{\"@type\":\"ImageObject\",\"inLanguage\":\"pt-BR\",\"@id\":\"https:\/\/progresso.com.br\/#\/schema\/logo\/image\/\",\"url\":\"https:\/\/progresso.com.br\/wp-content\/uploads\/2026\/03\/logo_proog.jpg\",\"contentUrl\":\"https:\/\/progresso.com.br\/wp-content\/uploads\/2026\/03\/logo_proog.jpg\",\"width\":1960,\"height\":1080,\"caption\":\"O PROGRESSO\"},\"image\":{\"@id\":\"https:\/\/progresso.com.br\/#\/schema\/logo\/image\/\"},\"sameAs\":[\"https:\/\/www.facebook.com\/share\/1CeoksKBj6\/\",\"https:\/\/www.instagram.com\/oprogresso_digital\"]},{\"@type\":\"Person\",\"@id\":\"https:\/\/progresso.com.br\/#\/schema\/person\/b7390ac97c5e156cc2e02aa8e88f1bf2\",\"name\":\"Alfredo\",\"image\":{\"@type\":\"ImageObject\",\"inLanguage\":\"pt-BR\",\"@id\":\"https:\/\/progresso.com.br\/#\/schema\/person\/image\/\",\"url\":\"https:\/\/secure.gravatar.com\/avatar\/ca208a3111522ad69d765c6f0ea1ce4742c74e10aba78ae7158042d704d65a9f?s=96&d=mm&r=g\",\"contentUrl\":\"https:\/\/secure.gravatar.com\/avatar\/ca208a3111522ad69d765c6f0ea1ce4742c74e10aba78ae7158042d704d65a9f?s=96&d=mm&r=g\",\"caption\":\"Alfredo\"},\"url\":\"https:\/\/progresso.com.br\/index.php\/author\/alfredo\/\"}]}<\/script>\n<!-- \/ Yoast SEO plugin. -->","yoast_head_json":{"title":"Cientistas criam painel para orientar transi\u00e7\u00e3o energ\u00e9tica global - O PROGRESSO","robots":{"index":"index","follow":"follow","max-snippet":"max-snippet:-1","max-image-preview":"max-image-preview:large","max-video-preview":"max-video-preview:-1"},"canonical":"https:\/\/progresso.com.br\/index.php\/2026\/04\/25\/cientistas-criam-painel-para-orientar-transicao-energetica-global\/","og_locale":"pt_BR","og_type":"article","og_title":"Cientistas criam painel para orientar transi\u00e7\u00e3o energ\u00e9tica global - O PROGRESSO","og_description":"Rafael Cardoso, da Ag\u00eancia Brasil Um grupo de cientistas de diferentes \u00e1reas \u2013 como clima, economia e tecnologia \u2013 anunciou a cria\u00e7\u00e3o do Painel Cient\u00edfico para a Transi\u00e7\u00e3o Energ\u00e9tica Global (SPGET) neste s\u00e1bado (25), durante a Primeira Confer\u00eancia Internacional sobre a Transi\u00e7\u00e3o para Longe dos Combust\u00edveis F\u00f3sseis, realizada em Santa Marta, Col\u00f4mbia. O objetivo \u00e9 [&hellip;]","og_url":"https:\/\/progresso.com.br\/index.php\/2026\/04\/25\/cientistas-criam-painel-para-orientar-transicao-energetica-global\/","og_site_name":"O PROGRESSO","article_publisher":"https:\/\/www.facebook.com\/share\/1CeoksKBj6\/","article_published_time":"2026-04-25T22:26:51+00:00","article_modified_time":"2026-04-25T22:26:52+00:00","og_image":[{"width":1170,"height":700,"url":"https:\/\/progresso.com.br\/wp-content\/uploads\/2026\/04\/painel-energetico.webp","type":"image\/webp"}],"author":"Alfredo","twitter_card":"summary_large_image","twitter_misc":{"Escrito por":"Alfredo","Est. tempo de leitura":"4 minutos"},"schema":{"@context":"https:\/\/schema.org","@graph":[{"@type":"Article","@id":"https:\/\/progresso.com.br\/index.php\/2026\/04\/25\/cientistas-criam-painel-para-orientar-transicao-energetica-global\/#article","isPartOf":{"@id":"https:\/\/progresso.com.br\/index.php\/2026\/04\/25\/cientistas-criam-painel-para-orientar-transicao-energetica-global\/"},"author":{"name":"Alfredo","@id":"https:\/\/progresso.com.br\/#\/schema\/person\/b7390ac97c5e156cc2e02aa8e88f1bf2"},"headline":"Cientistas criam painel para orientar transi\u00e7\u00e3o energ\u00e9tica global","datePublished":"2026-04-25T22:26:51+00:00","dateModified":"2026-04-25T22:26:52+00:00","mainEntityOfPage":{"@id":"https:\/\/progresso.com.br\/index.php\/2026\/04\/25\/cientistas-criam-painel-para-orientar-transicao-energetica-global\/"},"wordCount":852,"commentCount":0,"publisher":{"@id":"https:\/\/progresso.com.br\/#organization"},"image":{"@id":"https:\/\/progresso.com.br\/index.php\/2026\/04\/25\/cientistas-criam-painel-para-orientar-transicao-energetica-global\/#primaryimage"},"thumbnailUrl":"https:\/\/progresso.com.br\/wp-content\/uploads\/2026\/04\/painel-energetico.webp","articleSection":["Internacional"],"inLanguage":"pt-BR","potentialAction":[{"@type":"CommentAction","name":"Comment","target":["https:\/\/progresso.com.br\/index.php\/2026\/04\/25\/cientistas-criam-painel-para-orientar-transicao-energetica-global\/#respond"]}]},{"@type":"WebPage","@id":"https:\/\/progresso.com.br\/index.php\/2026\/04\/25\/cientistas-criam-painel-para-orientar-transicao-energetica-global\/","url":"https:\/\/progresso.com.br\/index.php\/2026\/04\/25\/cientistas-criam-painel-para-orientar-transicao-energetica-global\/","name":"Cientistas criam painel para orientar transi\u00e7\u00e3o energ\u00e9tica global - O PROGRESSO","isPartOf":{"@id":"https:\/\/progresso.com.br\/#website"},"primaryImageOfPage":{"@id":"https:\/\/progresso.com.br\/index.php\/2026\/04\/25\/cientistas-criam-painel-para-orientar-transicao-energetica-global\/#primaryimage"},"image":{"@id":"https:\/\/progresso.com.br\/index.php\/2026\/04\/25\/cientistas-criam-painel-para-orientar-transicao-energetica-global\/#primaryimage"},"thumbnailUrl":"https:\/\/progresso.com.br\/wp-content\/uploads\/2026\/04\/painel-energetico.webp","datePublished":"2026-04-25T22:26:51+00:00","dateModified":"2026-04-25T22:26:52+00:00","breadcrumb":{"@id":"https:\/\/progresso.com.br\/index.php\/2026\/04\/25\/cientistas-criam-painel-para-orientar-transicao-energetica-global\/#breadcrumb"},"inLanguage":"pt-BR","potentialAction":[{"@type":"ReadAction","target":["https:\/\/progresso.com.br\/index.php\/2026\/04\/25\/cientistas-criam-painel-para-orientar-transicao-energetica-global\/"]}]},{"@type":"ImageObject","inLanguage":"pt-BR","@id":"https:\/\/progresso.com.br\/index.php\/2026\/04\/25\/cientistas-criam-painel-para-orientar-transicao-energetica-global\/#primaryimage","url":"https:\/\/progresso.com.br\/wp-content\/uploads\/2026\/04\/painel-energetico.webp","contentUrl":"https:\/\/progresso.com.br\/wp-content\/uploads\/2026\/04\/painel-energetico.webp","width":1170,"height":700,"caption":"Com participa\u00e7\u00e3o de brasileiros, iniciativa foi lan\u00e7ada durante Confer\u00eancia em Santa Marta, Col\u00f4mbia. (Foto: SPGET\/Divulga\u00e7\u00e3o)"},{"@type":"BreadcrumbList","@id":"https:\/\/progresso.com.br\/index.php\/2026\/04\/25\/cientistas-criam-painel-para-orientar-transicao-energetica-global\/#breadcrumb","itemListElement":[{"@type":"ListItem","position":1,"name":"In\u00edcio","item":"https:\/\/progresso.com.br\/"},{"@type":"ListItem","position":2,"name":"Cientistas criam painel para orientar transi\u00e7\u00e3o energ\u00e9tica global"}]},{"@type":"WebSite","@id":"https:\/\/progresso.com.br\/#website","url":"https:\/\/progresso.com.br\/","name":"O PROGRESSO","description":"","publisher":{"@id":"https:\/\/progresso.com.br\/#organization"},"potentialAction":[{"@type":"SearchAction","target":{"@type":"EntryPoint","urlTemplate":"https:\/\/progresso.com.br\/?s={search_term_string}"},"query-input":{"@type":"PropertyValueSpecification","valueRequired":true,"valueName":"search_term_string"}}],"inLanguage":"pt-BR"},{"@type":"Organization","@id":"https:\/\/progresso.com.br\/#organization","name":"O PROGRESSO","url":"https:\/\/progresso.com.br\/","logo":{"@type":"ImageObject","inLanguage":"pt-BR","@id":"https:\/\/progresso.com.br\/#\/schema\/logo\/image\/","url":"https:\/\/progresso.com.br\/wp-content\/uploads\/2026\/03\/logo_proog.jpg","contentUrl":"https:\/\/progresso.com.br\/wp-content\/uploads\/2026\/03\/logo_proog.jpg","width":1960,"height":1080,"caption":"O PROGRESSO"},"image":{"@id":"https:\/\/progresso.com.br\/#\/schema\/logo\/image\/"},"sameAs":["https:\/\/www.facebook.com\/share\/1CeoksKBj6\/","https:\/\/www.instagram.com\/oprogresso_digital"]},{"@type":"Person","@id":"https:\/\/progresso.com.br\/#\/schema\/person\/b7390ac97c5e156cc2e02aa8e88f1bf2","name":"Alfredo","image":{"@type":"ImageObject","inLanguage":"pt-BR","@id":"https:\/\/progresso.com.br\/#\/schema\/person\/image\/","url":"https:\/\/secure.gravatar.com\/avatar\/ca208a3111522ad69d765c6f0ea1ce4742c74e10aba78ae7158042d704d65a9f?s=96&d=mm&r=g","contentUrl":"https:\/\/secure.gravatar.com\/avatar\/ca208a3111522ad69d765c6f0ea1ce4742c74e10aba78ae7158042d704d65a9f?s=96&d=mm&r=g","caption":"Alfredo"},"url":"https:\/\/progresso.com.br\/index.php\/author\/alfredo\/"}]}},"_links":{"self":[{"href":"https:\/\/progresso.com.br\/index.php\/wp-json\/wp\/v2\/posts\/4771","targetHints":{"allow":["GET"]}}],"collection":[{"href":"https:\/\/progresso.com.br\/index.php\/wp-json\/wp\/v2\/posts"}],"about":[{"href":"https:\/\/progresso.com.br\/index.php\/wp-json\/wp\/v2\/types\/post"}],"author":[{"embeddable":true,"href":"https:\/\/progresso.com.br\/index.php\/wp-json\/wp\/v2\/users\/3"}],"replies":[{"embeddable":true,"href":"https:\/\/progresso.com.br\/index.php\/wp-json\/wp\/v2\/comments?post=4771"}],"version-history":[{"count":1,"href":"https:\/\/progresso.com.br\/index.php\/wp-json\/wp\/v2\/posts\/4771\/revisions"}],"predecessor-version":[{"id":4773,"href":"https:\/\/progresso.com.br\/index.php\/wp-json\/wp\/v2\/posts\/4771\/revisions\/4773"}],"wp:featuredmedia":[{"embeddable":true,"href":"https:\/\/progresso.com.br\/index.php\/wp-json\/wp\/v2\/media\/4772"}],"wp:attachment":[{"href":"https:\/\/progresso.com.br\/index.php\/wp-json\/wp\/v2\/media?parent=4771"}],"wp:term":[{"taxonomy":"category","embeddable":true,"href":"https:\/\/progresso.com.br\/index.php\/wp-json\/wp\/v2\/categories?post=4771"},{"taxonomy":"post_tag","embeddable":true,"href":"https:\/\/progresso.com.br\/index.php\/wp-json\/wp\/v2\/tags?post=4771"}],"curies":[{"name":"wp","href":"https:\/\/api.w.org\/{rel}","templated":true}]}}