{"id":4774,"date":"2026-04-26T08:30:00","date_gmt":"2026-04-26T12:30:00","guid":{"rendered":"https:\/\/progresso.com.br\/?p=4774"},"modified":"2026-04-26T08:40:50","modified_gmt":"2026-04-26T12:40:50","slug":"rota-bioceanica-esta-avancando-com-a-pavimentacao-asfaltica-na-regiao-do-chaco","status":"publish","type":"post","link":"https:\/\/progresso.com.br\/index.php\/2026\/04\/26\/rota-bioceanica-esta-avancando-com-a-pavimentacao-asfaltica-na-regiao-do-chaco\/","title":{"rendered":"Rota Bioce\u00e2nica est\u00e1 avan\u00e7ando com pavimenta\u00e7\u00e3o asf\u00e1ltica na regi\u00e3o do Chaco"},"content":{"rendered":"\n<p><strong>A Rota PY15, correspondente a\u00a0<a href=\"https:\/\/rotabioceanica.com.br\/tracado-e-caracteristicas\/\">Rota Bioce\u00e2nica<\/a>, atinge um marco importante com o in\u00edcio da pavimenta\u00e7\u00e3o asf\u00e1ltica nos primeiros trechos do Lote 2, que abrange 59 quil\u00f4metros e registra um progresso de 85% no aterro.<\/strong><\/p>\n\n\n\n<p>Os \u00faltimos relat\u00f3rios de constru\u00e7\u00e3o mostram um progresso constante: 50 quil\u00f4metros de aterro j\u00e1 est\u00e3o conclu\u00eddos; a sub-base com solo-cal atinge 44,3 quil\u00f4metros (75%) e a base de solo-cimento totaliza 32,8 quil\u00f4metros (56%).<\/p>\n\n\n\n<p>O projeto consiste na pavimenta\u00e7\u00e3o de 224 quil\u00f4metros entre Mariscal Estigarribia e Pozo Hondo, divididos em quatro trechos. Este projeto estrat\u00e9gico posicionar\u00e1 o Chaco paraguaio como um centro log\u00edstico, facilitando o com\u00e9rcio internacional e reduzindo custos entre os oceanos Atl\u00e2ntico e Pac\u00edfico.<\/p>\n\n\n\n<figure class=\"wp-block-image size-full\"><img loading=\"lazy\" decoding=\"async\" width=\"768\" height=\"477\" src=\"https:\/\/progresso.com.br\/wp-content\/uploads\/2026\/04\/Rota-PY15-asfalto.jpg\" alt=\"\" class=\"wp-image-4775\" srcset=\"https:\/\/progresso.com.br\/wp-content\/uploads\/2026\/04\/Rota-PY15-asfalto.jpg 768w, https:\/\/progresso.com.br\/wp-content\/uploads\/2026\/04\/Rota-PY15-asfalto-300x186.jpg 300w, https:\/\/progresso.com.br\/wp-content\/uploads\/2026\/04\/Rota-PY15-asfalto-676x420.jpg 676w, https:\/\/progresso.com.br\/wp-content\/uploads\/2026\/04\/Rota-PY15-asfalto-640x398.jpg 640w, https:\/\/progresso.com.br\/wp-content\/uploads\/2026\/04\/Rota-PY15-asfalto-681x423.jpg 681w\" sizes=\"auto, (max-width: 768px) 100vw, 768px\" \/><figcaption class=\"wp-element-caption\">A aplica\u00e7\u00e3o de concreto asf\u00e1ltico j\u00e1 come\u00e7ou em um trecho inicial de um quil\u00f4metro.<\/figcaption><\/figure>\n\n\n\n<p>Nas camadas superiores, a base de pedra est\u00e1 27% conclu\u00edda e a aplica\u00e7\u00e3o de concreto asf\u00e1ltico come\u00e7ou em um trecho inicial de um quil\u00f4metro.<\/p>\n\n\n\n<p>Atualmente, o trabalho est\u00e1 focado na estabiliza\u00e7\u00e3o do leito da estrada com solo melhorado e uma base de cimento, processos essenciais para garantir a capacidade estrutural do pavimento sob o fluxo de tr\u00e1fego previsto. Simultaneamente, a instala\u00e7\u00e3o de bueiros transversais continua para assegurar a drenagem adequada e evitar danos causados pelo ac\u00famulo de \u00e1gua.<\/p>\n\n\n\n<p><em>Fonte: Mopc-PY<\/em><\/p>\n","protected":false},"excerpt":{"rendered":"<p>A Rota PY15, correspondente a\u00a0Rota Bioce\u00e2nica, atinge um marco importante com o in\u00edcio da pavimenta\u00e7\u00e3o asf\u00e1ltica nos primeiros trechos do Lote 2, que abrange 59 quil\u00f4metros e registra um progresso de 85% no aterro. Os \u00faltimos relat\u00f3rios de constru\u00e7\u00e3o mostram um progresso constante: 50 quil\u00f4metros de aterro j\u00e1 est\u00e3o conclu\u00eddos; a sub-base com solo-cal atinge [&hellip;]<\/p>\n","protected":false},"author":3,"featured_media":4776,"comment_status":"open","ping_status":"open","sticky":false,"template":"","format":"standard","meta":{"footnotes":""},"categories":[13,2],"tags":[],"class_list":["post-4774","post","type-post","status-publish","format-standard","has-post-thumbnail","hentry","category-cotidiano","category-destaque"],"yoast_head":"<!-- This site is optimized with the Yoast SEO plugin v27.1.1 - https:\/\/yoast.com\/product\/yoast-seo-wordpress\/ -->\n<title>Rota Bioce\u00e2nica est\u00e1 avan\u00e7ando com pavimenta\u00e7\u00e3o asf\u00e1ltica na regi\u00e3o do Chaco - O PROGRESSO<\/title>\n<meta name=\"robots\" content=\"index, follow, max-snippet:-1, max-image-preview:large, max-video-preview:-1\" \/>\n<link rel=\"canonical\" href=\"https:\/\/progresso.com.br\/index.php\/2026\/04\/26\/rota-bioceanica-esta-avancando-com-a-pavimentacao-asfaltica-na-regiao-do-chaco\/\" \/>\n<meta property=\"og:locale\" content=\"pt_BR\" \/>\n<meta property=\"og:type\" content=\"article\" \/>\n<meta property=\"og:title\" content=\"Rota Bioce\u00e2nica est\u00e1 avan\u00e7ando com pavimenta\u00e7\u00e3o asf\u00e1ltica na regi\u00e3o do Chaco - O PROGRESSO\" \/>\n<meta property=\"og:description\" content=\"A Rota PY15, correspondente a\u00a0Rota Bioce\u00e2nica, atinge um marco importante com o in\u00edcio da pavimenta\u00e7\u00e3o asf\u00e1ltica nos primeiros trechos do Lote 2, que abrange 59 quil\u00f4metros e registra um progresso de 85% no aterro. Os \u00faltimos relat\u00f3rios de constru\u00e7\u00e3o mostram um progresso constante: 50 quil\u00f4metros de aterro j\u00e1 est\u00e3o conclu\u00eddos; a sub-base com solo-cal atinge [&hellip;]\" \/>\n<meta property=\"og:url\" content=\"https:\/\/progresso.com.br\/index.php\/2026\/04\/26\/rota-bioceanica-esta-avancando-com-a-pavimentacao-asfaltica-na-regiao-do-chaco\/\" \/>\n<meta property=\"og:site_name\" content=\"O PROGRESSO\" \/>\n<meta property=\"article:publisher\" content=\"https:\/\/www.facebook.com\/share\/1CeoksKBj6\/\" \/>\n<meta property=\"article:published_time\" content=\"2026-04-26T12:30:00+00:00\" \/>\n<meta property=\"article:modified_time\" content=\"2026-04-26T12:40:50+00:00\" \/>\n<meta property=\"og:image\" content=\"https:\/\/progresso.com.br\/wp-content\/uploads\/2026\/04\/Rota-PY15.jpg\" \/>\n\t<meta property=\"og:image:width\" content=\"1024\" \/>\n\t<meta property=\"og:image:height\" content=\"576\" \/>\n\t<meta property=\"og:image:type\" content=\"image\/jpeg\" \/>\n<meta name=\"author\" content=\"Alfredo\" \/>\n<meta name=\"twitter:card\" content=\"summary_large_image\" \/>\n<meta name=\"twitter:label1\" content=\"Escrito por\" \/>\n\t<meta name=\"twitter:data1\" content=\"Alfredo\" \/>\n\t<meta name=\"twitter:label2\" content=\"Est. tempo de leitura\" \/>\n\t<meta name=\"twitter:data2\" content=\"2 minutos\" \/>\n<script type=\"application\/ld+json\" class=\"yoast-schema-graph\">{\"@context\":\"https:\/\/schema.org\",\"@graph\":[{\"@type\":\"Article\",\"@id\":\"https:\/\/progresso.com.br\/index.php\/2026\/04\/26\/rota-bioceanica-esta-avancando-com-a-pavimentacao-asfaltica-na-regiao-do-chaco\/#article\",\"isPartOf\":{\"@id\":\"https:\/\/progresso.com.br\/index.php\/2026\/04\/26\/rota-bioceanica-esta-avancando-com-a-pavimentacao-asfaltica-na-regiao-do-chaco\/\"},\"author\":{\"name\":\"Alfredo\",\"@id\":\"https:\/\/progresso.com.br\/#\/schema\/person\/b7390ac97c5e156cc2e02aa8e88f1bf2\"},\"headline\":\"Rota Bioce\u00e2nica est\u00e1 avan\u00e7ando com pavimenta\u00e7\u00e3o asf\u00e1ltica na regi\u00e3o do Chaco\",\"datePublished\":\"2026-04-26T12:30:00+00:00\",\"dateModified\":\"2026-04-26T12:40:50+00:00\",\"mainEntityOfPage\":{\"@id\":\"https:\/\/progresso.com.br\/index.php\/2026\/04\/26\/rota-bioceanica-esta-avancando-com-a-pavimentacao-asfaltica-na-regiao-do-chaco\/\"},\"wordCount\":242,\"commentCount\":0,\"publisher\":{\"@id\":\"https:\/\/progresso.com.br\/#organization\"},\"image\":{\"@id\":\"https:\/\/progresso.com.br\/index.php\/2026\/04\/26\/rota-bioceanica-esta-avancando-com-a-pavimentacao-asfaltica-na-regiao-do-chaco\/#primaryimage\"},\"thumbnailUrl\":\"https:\/\/progresso.com.br\/wp-content\/uploads\/2026\/04\/Rota-PY15.jpg\",\"articleSection\":[\"Cotidiano\",\"Em destaque\"],\"inLanguage\":\"pt-BR\",\"potentialAction\":[{\"@type\":\"CommentAction\",\"name\":\"Comment\",\"target\":[\"https:\/\/progresso.com.br\/index.php\/2026\/04\/26\/rota-bioceanica-esta-avancando-com-a-pavimentacao-asfaltica-na-regiao-do-chaco\/#respond\"]}]},{\"@type\":\"WebPage\",\"@id\":\"https:\/\/progresso.com.br\/index.php\/2026\/04\/26\/rota-bioceanica-esta-avancando-com-a-pavimentacao-asfaltica-na-regiao-do-chaco\/\",\"url\":\"https:\/\/progresso.com.br\/index.php\/2026\/04\/26\/rota-bioceanica-esta-avancando-com-a-pavimentacao-asfaltica-na-regiao-do-chaco\/\",\"name\":\"Rota Bioce\u00e2nica est\u00e1 avan\u00e7ando com pavimenta\u00e7\u00e3o asf\u00e1ltica na regi\u00e3o do Chaco - O PROGRESSO\",\"isPartOf\":{\"@id\":\"https:\/\/progresso.com.br\/#website\"},\"primaryImageOfPage\":{\"@id\":\"https:\/\/progresso.com.br\/index.php\/2026\/04\/26\/rota-bioceanica-esta-avancando-com-a-pavimentacao-asfaltica-na-regiao-do-chaco\/#primaryimage\"},\"image\":{\"@id\":\"https:\/\/progresso.com.br\/index.php\/2026\/04\/26\/rota-bioceanica-esta-avancando-com-a-pavimentacao-asfaltica-na-regiao-do-chaco\/#primaryimage\"},\"thumbnailUrl\":\"https:\/\/progresso.com.br\/wp-content\/uploads\/2026\/04\/Rota-PY15.jpg\",\"datePublished\":\"2026-04-26T12:30:00+00:00\",\"dateModified\":\"2026-04-26T12:40:50+00:00\",\"breadcrumb\":{\"@id\":\"https:\/\/progresso.com.br\/index.php\/2026\/04\/26\/rota-bioceanica-esta-avancando-com-a-pavimentacao-asfaltica-na-regiao-do-chaco\/#breadcrumb\"},\"inLanguage\":\"pt-BR\",\"potentialAction\":[{\"@type\":\"ReadAction\",\"target\":[\"https:\/\/progresso.com.br\/index.php\/2026\/04\/26\/rota-bioceanica-esta-avancando-com-a-pavimentacao-asfaltica-na-regiao-do-chaco\/\"]}]},{\"@type\":\"ImageObject\",\"inLanguage\":\"pt-BR\",\"@id\":\"https:\/\/progresso.com.br\/index.php\/2026\/04\/26\/rota-bioceanica-esta-avancando-com-a-pavimentacao-asfaltica-na-regiao-do-chaco\/#primaryimage\",\"url\":\"https:\/\/progresso.com.br\/wp-content\/uploads\/2026\/04\/Rota-PY15.jpg\",\"contentUrl\":\"https:\/\/progresso.com.br\/wp-content\/uploads\/2026\/04\/Rota-PY15.jpg\",\"width\":1024,\"height\":576,\"caption\":\"Projeto consiste na pavimenta\u00e7\u00e3o de 224 quil\u00f4metros entre Mariscal Estigarribia e Pozo Hondo. (Fotos: Mopc-PY)\"},{\"@type\":\"BreadcrumbList\",\"@id\":\"https:\/\/progresso.com.br\/index.php\/2026\/04\/26\/rota-bioceanica-esta-avancando-com-a-pavimentacao-asfaltica-na-regiao-do-chaco\/#breadcrumb\",\"itemListElement\":[{\"@type\":\"ListItem\",\"position\":1,\"name\":\"In\u00edcio\",\"item\":\"https:\/\/progresso.com.br\/\"},{\"@type\":\"ListItem\",\"position\":2,\"name\":\"Rota Bioce\u00e2nica est\u00e1 avan\u00e7ando com pavimenta\u00e7\u00e3o asf\u00e1ltica na regi\u00e3o do Chaco\"}]},{\"@type\":\"WebSite\",\"@id\":\"https:\/\/progresso.com.br\/#website\",\"url\":\"https:\/\/progresso.com.br\/\",\"name\":\"O PROGRESSO\",\"description\":\"\",\"publisher\":{\"@id\":\"https:\/\/progresso.com.br\/#organization\"},\"potentialAction\":[{\"@type\":\"SearchAction\",\"target\":{\"@type\":\"EntryPoint\",\"urlTemplate\":\"https:\/\/progresso.com.br\/?s={search_term_string}\"},\"query-input\":{\"@type\":\"PropertyValueSpecification\",\"valueRequired\":true,\"valueName\":\"search_term_string\"}}],\"inLanguage\":\"pt-BR\"},{\"@type\":\"Organization\",\"@id\":\"https:\/\/progresso.com.br\/#organization\",\"name\":\"O PROGRESSO\",\"url\":\"https:\/\/progresso.com.br\/\",\"logo\":{\"@type\":\"ImageObject\",\"inLanguage\":\"pt-BR\",\"@id\":\"https:\/\/progresso.com.br\/#\/schema\/logo\/image\/\",\"url\":\"https:\/\/progresso.com.br\/wp-content\/uploads\/2026\/03\/logo_proog.jpg\",\"contentUrl\":\"https:\/\/progresso.com.br\/wp-content\/uploads\/2026\/03\/logo_proog.jpg\",\"width\":1960,\"height\":1080,\"caption\":\"O PROGRESSO\"},\"image\":{\"@id\":\"https:\/\/progresso.com.br\/#\/schema\/logo\/image\/\"},\"sameAs\":[\"https:\/\/www.facebook.com\/share\/1CeoksKBj6\/\",\"https:\/\/www.instagram.com\/oprogresso_digital\"]},{\"@type\":\"Person\",\"@id\":\"https:\/\/progresso.com.br\/#\/schema\/person\/b7390ac97c5e156cc2e02aa8e88f1bf2\",\"name\":\"Alfredo\",\"image\":{\"@type\":\"ImageObject\",\"inLanguage\":\"pt-BR\",\"@id\":\"https:\/\/progresso.com.br\/#\/schema\/person\/image\/\",\"url\":\"https:\/\/secure.gravatar.com\/avatar\/ca208a3111522ad69d765c6f0ea1ce4742c74e10aba78ae7158042d704d65a9f?s=96&d=mm&r=g\",\"contentUrl\":\"https:\/\/secure.gravatar.com\/avatar\/ca208a3111522ad69d765c6f0ea1ce4742c74e10aba78ae7158042d704d65a9f?s=96&d=mm&r=g\",\"caption\":\"Alfredo\"},\"url\":\"https:\/\/progresso.com.br\/index.php\/author\/alfredo\/\"}]}<\/script>\n<!-- \/ Yoast SEO plugin. -->","yoast_head_json":{"title":"Rota Bioce\u00e2nica est\u00e1 avan\u00e7ando com pavimenta\u00e7\u00e3o asf\u00e1ltica na regi\u00e3o do Chaco - O PROGRESSO","robots":{"index":"index","follow":"follow","max-snippet":"max-snippet:-1","max-image-preview":"max-image-preview:large","max-video-preview":"max-video-preview:-1"},"canonical":"https:\/\/progresso.com.br\/index.php\/2026\/04\/26\/rota-bioceanica-esta-avancando-com-a-pavimentacao-asfaltica-na-regiao-do-chaco\/","og_locale":"pt_BR","og_type":"article","og_title":"Rota Bioce\u00e2nica est\u00e1 avan\u00e7ando com pavimenta\u00e7\u00e3o asf\u00e1ltica na regi\u00e3o do Chaco - O PROGRESSO","og_description":"A Rota PY15, correspondente a\u00a0Rota Bioce\u00e2nica, atinge um marco importante com o in\u00edcio da pavimenta\u00e7\u00e3o asf\u00e1ltica nos primeiros trechos do Lote 2, que abrange 59 quil\u00f4metros e registra um progresso de 85% no aterro. Os \u00faltimos relat\u00f3rios de constru\u00e7\u00e3o mostram um progresso constante: 50 quil\u00f4metros de aterro j\u00e1 est\u00e3o conclu\u00eddos; a sub-base com solo-cal atinge [&hellip;]","og_url":"https:\/\/progresso.com.br\/index.php\/2026\/04\/26\/rota-bioceanica-esta-avancando-com-a-pavimentacao-asfaltica-na-regiao-do-chaco\/","og_site_name":"O PROGRESSO","article_publisher":"https:\/\/www.facebook.com\/share\/1CeoksKBj6\/","article_published_time":"2026-04-26T12:30:00+00:00","article_modified_time":"2026-04-26T12:40:50+00:00","og_image":[{"width":1024,"height":576,"url":"https:\/\/progresso.com.br\/wp-content\/uploads\/2026\/04\/Rota-PY15.jpg","type":"image\/jpeg"}],"author":"Alfredo","twitter_card":"summary_large_image","twitter_misc":{"Escrito por":"Alfredo","Est. tempo de leitura":"2 minutos"},"schema":{"@context":"https:\/\/schema.org","@graph":[{"@type":"Article","@id":"https:\/\/progresso.com.br\/index.php\/2026\/04\/26\/rota-bioceanica-esta-avancando-com-a-pavimentacao-asfaltica-na-regiao-do-chaco\/#article","isPartOf":{"@id":"https:\/\/progresso.com.br\/index.php\/2026\/04\/26\/rota-bioceanica-esta-avancando-com-a-pavimentacao-asfaltica-na-regiao-do-chaco\/"},"author":{"name":"Alfredo","@id":"https:\/\/progresso.com.br\/#\/schema\/person\/b7390ac97c5e156cc2e02aa8e88f1bf2"},"headline":"Rota Bioce\u00e2nica est\u00e1 avan\u00e7ando com pavimenta\u00e7\u00e3o asf\u00e1ltica na regi\u00e3o do Chaco","datePublished":"2026-04-26T12:30:00+00:00","dateModified":"2026-04-26T12:40:50+00:00","mainEntityOfPage":{"@id":"https:\/\/progresso.com.br\/index.php\/2026\/04\/26\/rota-bioceanica-esta-avancando-com-a-pavimentacao-asfaltica-na-regiao-do-chaco\/"},"wordCount":242,"commentCount":0,"publisher":{"@id":"https:\/\/progresso.com.br\/#organization"},"image":{"@id":"https:\/\/progresso.com.br\/index.php\/2026\/04\/26\/rota-bioceanica-esta-avancando-com-a-pavimentacao-asfaltica-na-regiao-do-chaco\/#primaryimage"},"thumbnailUrl":"https:\/\/progresso.com.br\/wp-content\/uploads\/2026\/04\/Rota-PY15.jpg","articleSection":["Cotidiano","Em destaque"],"inLanguage":"pt-BR","potentialAction":[{"@type":"CommentAction","name":"Comment","target":["https:\/\/progresso.com.br\/index.php\/2026\/04\/26\/rota-bioceanica-esta-avancando-com-a-pavimentacao-asfaltica-na-regiao-do-chaco\/#respond"]}]},{"@type":"WebPage","@id":"https:\/\/progresso.com.br\/index.php\/2026\/04\/26\/rota-bioceanica-esta-avancando-com-a-pavimentacao-asfaltica-na-regiao-do-chaco\/","url":"https:\/\/progresso.com.br\/index.php\/2026\/04\/26\/rota-bioceanica-esta-avancando-com-a-pavimentacao-asfaltica-na-regiao-do-chaco\/","name":"Rota Bioce\u00e2nica est\u00e1 avan\u00e7ando com pavimenta\u00e7\u00e3o asf\u00e1ltica na regi\u00e3o do Chaco - O PROGRESSO","isPartOf":{"@id":"https:\/\/progresso.com.br\/#website"},"primaryImageOfPage":{"@id":"https:\/\/progresso.com.br\/index.php\/2026\/04\/26\/rota-bioceanica-esta-avancando-com-a-pavimentacao-asfaltica-na-regiao-do-chaco\/#primaryimage"},"image":{"@id":"https:\/\/progresso.com.br\/index.php\/2026\/04\/26\/rota-bioceanica-esta-avancando-com-a-pavimentacao-asfaltica-na-regiao-do-chaco\/#primaryimage"},"thumbnailUrl":"https:\/\/progresso.com.br\/wp-content\/uploads\/2026\/04\/Rota-PY15.jpg","datePublished":"2026-04-26T12:30:00+00:00","dateModified":"2026-04-26T12:40:50+00:00","breadcrumb":{"@id":"https:\/\/progresso.com.br\/index.php\/2026\/04\/26\/rota-bioceanica-esta-avancando-com-a-pavimentacao-asfaltica-na-regiao-do-chaco\/#breadcrumb"},"inLanguage":"pt-BR","potentialAction":[{"@type":"ReadAction","target":["https:\/\/progresso.com.br\/index.php\/2026\/04\/26\/rota-bioceanica-esta-avancando-com-a-pavimentacao-asfaltica-na-regiao-do-chaco\/"]}]},{"@type":"ImageObject","inLanguage":"pt-BR","@id":"https:\/\/progresso.com.br\/index.php\/2026\/04\/26\/rota-bioceanica-esta-avancando-com-a-pavimentacao-asfaltica-na-regiao-do-chaco\/#primaryimage","url":"https:\/\/progresso.com.br\/wp-content\/uploads\/2026\/04\/Rota-PY15.jpg","contentUrl":"https:\/\/progresso.com.br\/wp-content\/uploads\/2026\/04\/Rota-PY15.jpg","width":1024,"height":576,"caption":"Projeto consiste na pavimenta\u00e7\u00e3o de 224 quil\u00f4metros entre Mariscal Estigarribia e Pozo Hondo. (Fotos: Mopc-PY)"},{"@type":"BreadcrumbList","@id":"https:\/\/progresso.com.br\/index.php\/2026\/04\/26\/rota-bioceanica-esta-avancando-com-a-pavimentacao-asfaltica-na-regiao-do-chaco\/#breadcrumb","itemListElement":[{"@type":"ListItem","position":1,"name":"In\u00edcio","item":"https:\/\/progresso.com.br\/"},{"@type":"ListItem","position":2,"name":"Rota Bioce\u00e2nica est\u00e1 avan\u00e7ando com pavimenta\u00e7\u00e3o asf\u00e1ltica na regi\u00e3o do Chaco"}]},{"@type":"WebSite","@id":"https:\/\/progresso.com.br\/#website","url":"https:\/\/progresso.com.br\/","name":"O PROGRESSO","description":"","publisher":{"@id":"https:\/\/progresso.com.br\/#organization"},"potentialAction":[{"@type":"SearchAction","target":{"@type":"EntryPoint","urlTemplate":"https:\/\/progresso.com.br\/?s={search_term_string}"},"query-input":{"@type":"PropertyValueSpecification","valueRequired":true,"valueName":"search_term_string"}}],"inLanguage":"pt-BR"},{"@type":"Organization","@id":"https:\/\/progresso.com.br\/#organization","name":"O PROGRESSO","url":"https:\/\/progresso.com.br\/","logo":{"@type":"ImageObject","inLanguage":"pt-BR","@id":"https:\/\/progresso.com.br\/#\/schema\/logo\/image\/","url":"https:\/\/progresso.com.br\/wp-content\/uploads\/2026\/03\/logo_proog.jpg","contentUrl":"https:\/\/progresso.com.br\/wp-content\/uploads\/2026\/03\/logo_proog.jpg","width":1960,"height":1080,"caption":"O PROGRESSO"},"image":{"@id":"https:\/\/progresso.com.br\/#\/schema\/logo\/image\/"},"sameAs":["https:\/\/www.facebook.com\/share\/1CeoksKBj6\/","https:\/\/www.instagram.com\/oprogresso_digital"]},{"@type":"Person","@id":"https:\/\/progresso.com.br\/#\/schema\/person\/b7390ac97c5e156cc2e02aa8e88f1bf2","name":"Alfredo","image":{"@type":"ImageObject","inLanguage":"pt-BR","@id":"https:\/\/progresso.com.br\/#\/schema\/person\/image\/","url":"https:\/\/secure.gravatar.com\/avatar\/ca208a3111522ad69d765c6f0ea1ce4742c74e10aba78ae7158042d704d65a9f?s=96&d=mm&r=g","contentUrl":"https:\/\/secure.gravatar.com\/avatar\/ca208a3111522ad69d765c6f0ea1ce4742c74e10aba78ae7158042d704d65a9f?s=96&d=mm&r=g","caption":"Alfredo"},"url":"https:\/\/progresso.com.br\/index.php\/author\/alfredo\/"}]}},"_links":{"self":[{"href":"https:\/\/progresso.com.br\/index.php\/wp-json\/wp\/v2\/posts\/4774","targetHints":{"allow":["GET"]}}],"collection":[{"href":"https:\/\/progresso.com.br\/index.php\/wp-json\/wp\/v2\/posts"}],"about":[{"href":"https:\/\/progresso.com.br\/index.php\/wp-json\/wp\/v2\/types\/post"}],"author":[{"embeddable":true,"href":"https:\/\/progresso.com.br\/index.php\/wp-json\/wp\/v2\/users\/3"}],"replies":[{"embeddable":true,"href":"https:\/\/progresso.com.br\/index.php\/wp-json\/wp\/v2\/comments?post=4774"}],"version-history":[{"count":2,"href":"https:\/\/progresso.com.br\/index.php\/wp-json\/wp\/v2\/posts\/4774\/revisions"}],"predecessor-version":[{"id":4784,"href":"https:\/\/progresso.com.br\/index.php\/wp-json\/wp\/v2\/posts\/4774\/revisions\/4784"}],"wp:featuredmedia":[{"embeddable":true,"href":"https:\/\/progresso.com.br\/index.php\/wp-json\/wp\/v2\/media\/4776"}],"wp:attachment":[{"href":"https:\/\/progresso.com.br\/index.php\/wp-json\/wp\/v2\/media?parent=4774"}],"wp:term":[{"taxonomy":"category","embeddable":true,"href":"https:\/\/progresso.com.br\/index.php\/wp-json\/wp\/v2\/categories?post=4774"},{"taxonomy":"post_tag","embeddable":true,"href":"https:\/\/progresso.com.br\/index.php\/wp-json\/wp\/v2\/tags?post=4774"}],"curies":[{"name":"wp","href":"https:\/\/api.w.org\/{rel}","templated":true}]}}