{"id":4778,"date":"2026-04-25T18:46:12","date_gmt":"2026-04-25T22:46:12","guid":{"rendered":"https:\/\/progresso.com.br\/?p=4778"},"modified":"2026-04-25T18:46:13","modified_gmt":"2026-04-25T22:46:13","slug":"nunes-marques-assume-presidencia-do-tse-dia-12-de-maio","status":"publish","type":"post","link":"https:\/\/progresso.com.br\/index.php\/2026\/04\/25\/nunes-marques-assume-presidencia-do-tse-dia-12-de-maio\/","title":{"rendered":"Nunes Marques assume presid\u00eancia do TSE dia 12 de maio"},"content":{"rendered":"\n<p><em>Andr\u00e9 Richter, da Ag\u00eancia Brasil<\/em><\/p>\n\n\n\n<p>O Tribunal Superior Eleitoral (TSE) marcou para o dia 12 de maio a posse do ministro Nunes Marques no cargo de presidente da corte eleitoral.<img decoding=\"async\" src=\"https:\/\/agenciabrasil.ebc.com.br\/ebc.png?id=1687209&amp;o=node\"><img decoding=\"async\" src=\"https:\/\/agenciabrasil.ebc.com.br\/ebc.gif?id=1687209&amp;o=node\"><\/p>\n\n\n\n<p><strong>Nunes Marques vai assumir o comando do TSE ap\u00f3s o fim do mandato da atual presidente, ministra C\u00e1rmen L\u00facia, que completar\u00e1 per\u00edodo de dois anos \u00e0 frente do tribunal.<\/strong><\/p>\n\n\n\n<p>A escolha do presidente do tribunal ocorre por antiguidade entre os ministros que tamb\u00e9m comp\u00f5em o Supremo Tribunal Federal (STF). O vice-presidente ser\u00e1 o ministro Andr\u00e9 Mendon\u00e7a.&nbsp;<\/p>\n\n\n\n<h2 class=\"wp-block-heading\">Perfil<\/h2>\n\n\n\n<p>Natural de Teresina (PI), Nunes Marques tem 53 anos de idade e foi indicado ao Supremo em 2020 pelo ex-presidente Jair Bolsonaro para ocupar a vaga deixada pelo ministro Celso de Mello.\u00a0<\/p>\n\n\n\n<p><strong>Antes de chegar ao Supremo, atuou como desembargador do Tribunal Regional Federal (TRF) da 1\u00aa Regi\u00e3o, sediado em Bras\u00edlia.<\/strong>&nbsp;<\/p>\n\n\n\n<p>Foi advogado por cerca de 15 anos e juiz do Tribunal Regional Eleitoral (TRE) do Piau\u00ed.<\/p>\n\n\n\n<h2 class=\"wp-block-heading\">Composi\u00e7\u00e3o<\/h2>\n\n\n\n<p>O TSE \u00e9 composto por sete ministros, sendo tr\u00eas do STF, dois do Superior Tribunal de Justi\u00e7a (STJ) e dois advogados indicados pelo presidente da Rep\u00fablica, al\u00e9m dos respectivos substitutos.<\/p>\n","protected":false},"excerpt":{"rendered":"<p>Andr\u00e9 Richter, da Ag\u00eancia Brasil O Tribunal Superior Eleitoral (TSE) marcou para o dia 12 de maio a posse do ministro Nunes Marques no cargo de presidente da corte eleitoral. Nunes Marques vai assumir o comando do TSE ap\u00f3s o fim do mandato da atual presidente, ministra C\u00e1rmen L\u00facia, que completar\u00e1 per\u00edodo de dois anos [&hellip;]<\/p>\n","protected":false},"author":3,"featured_media":4779,"comment_status":"open","ping_status":"open","sticky":false,"template":"","format":"standard","meta":{"footnotes":""},"categories":[9],"tags":[],"class_list":["post-4778","post","type-post","status-publish","format-standard","has-post-thumbnail","hentry","category-politica"],"yoast_head":"<!-- This site is optimized with the Yoast SEO plugin v27.1.1 - https:\/\/yoast.com\/product\/yoast-seo-wordpress\/ -->\n<title>Nunes Marques assume presid\u00eancia do TSE dia 12 de maio - O PROGRESSO<\/title>\n<meta name=\"robots\" content=\"index, follow, max-snippet:-1, max-image-preview:large, max-video-preview:-1\" \/>\n<link rel=\"canonical\" href=\"https:\/\/progresso.com.br\/index.php\/2026\/04\/25\/nunes-marques-assume-presidencia-do-tse-dia-12-de-maio\/\" \/>\n<meta property=\"og:locale\" content=\"pt_BR\" \/>\n<meta property=\"og:type\" content=\"article\" \/>\n<meta property=\"og:title\" content=\"Nunes Marques assume presid\u00eancia do TSE dia 12 de maio - O PROGRESSO\" \/>\n<meta property=\"og:description\" content=\"Andr\u00e9 Richter, da Ag\u00eancia Brasil O Tribunal Superior Eleitoral (TSE) marcou para o dia 12 de maio a posse do ministro Nunes Marques no cargo de presidente da corte eleitoral. Nunes Marques vai assumir o comando do TSE ap\u00f3s o fim do mandato da atual presidente, ministra C\u00e1rmen L\u00facia, que completar\u00e1 per\u00edodo de dois anos [&hellip;]\" \/>\n<meta property=\"og:url\" content=\"https:\/\/progresso.com.br\/index.php\/2026\/04\/25\/nunes-marques-assume-presidencia-do-tse-dia-12-de-maio\/\" \/>\n<meta property=\"og:site_name\" content=\"O PROGRESSO\" \/>\n<meta property=\"article:publisher\" content=\"https:\/\/www.facebook.com\/share\/1CeoksKBj6\/\" \/>\n<meta property=\"article:published_time\" content=\"2026-04-25T22:46:12+00:00\" \/>\n<meta property=\"article:modified_time\" content=\"2026-04-25T22:46:13+00:00\" \/>\n<meta property=\"og:image\" content=\"https:\/\/progresso.com.br\/wp-content\/uploads\/2026\/04\/Nunes-Marques.jpg\" \/>\n\t<meta property=\"og:image:width\" content=\"2560\" \/>\n\t<meta property=\"og:image:height\" content=\"2113\" \/>\n\t<meta property=\"og:image:type\" content=\"image\/jpeg\" \/>\n<meta name=\"author\" content=\"Alfredo\" \/>\n<meta name=\"twitter:card\" content=\"summary_large_image\" \/>\n<meta name=\"twitter:label1\" content=\"Escrito por\" \/>\n\t<meta name=\"twitter:data1\" content=\"Alfredo\" \/>\n\t<meta name=\"twitter:label2\" content=\"Est. tempo de leitura\" \/>\n\t<meta name=\"twitter:data2\" content=\"2 minutos\" \/>\n<script type=\"application\/ld+json\" class=\"yoast-schema-graph\">{\"@context\":\"https:\/\/schema.org\",\"@graph\":[{\"@type\":\"Article\",\"@id\":\"https:\/\/progresso.com.br\/index.php\/2026\/04\/25\/nunes-marques-assume-presidencia-do-tse-dia-12-de-maio\/#article\",\"isPartOf\":{\"@id\":\"https:\/\/progresso.com.br\/index.php\/2026\/04\/25\/nunes-marques-assume-presidencia-do-tse-dia-12-de-maio\/\"},\"author\":{\"name\":\"Alfredo\",\"@id\":\"https:\/\/progresso.com.br\/#\/schema\/person\/b7390ac97c5e156cc2e02aa8e88f1bf2\"},\"headline\":\"Nunes Marques assume presid\u00eancia do TSE dia 12 de maio\",\"datePublished\":\"2026-04-25T22:46:12+00:00\",\"dateModified\":\"2026-04-25T22:46:13+00:00\",\"mainEntityOfPage\":{\"@id\":\"https:\/\/progresso.com.br\/index.php\/2026\/04\/25\/nunes-marques-assume-presidencia-do-tse-dia-12-de-maio\/\"},\"wordCount\":205,\"commentCount\":0,\"publisher\":{\"@id\":\"https:\/\/progresso.com.br\/#organization\"},\"image\":{\"@id\":\"https:\/\/progresso.com.br\/index.php\/2026\/04\/25\/nunes-marques-assume-presidencia-do-tse-dia-12-de-maio\/#primaryimage\"},\"thumbnailUrl\":\"https:\/\/progresso.com.br\/wp-content\/uploads\/2026\/04\/Nunes-Marques.jpg\",\"articleSection\":[\"Pol\u00edtica\"],\"inLanguage\":\"pt-BR\",\"potentialAction\":[{\"@type\":\"CommentAction\",\"name\":\"Comment\",\"target\":[\"https:\/\/progresso.com.br\/index.php\/2026\/04\/25\/nunes-marques-assume-presidencia-do-tse-dia-12-de-maio\/#respond\"]}]},{\"@type\":\"WebPage\",\"@id\":\"https:\/\/progresso.com.br\/index.php\/2026\/04\/25\/nunes-marques-assume-presidencia-do-tse-dia-12-de-maio\/\",\"url\":\"https:\/\/progresso.com.br\/index.php\/2026\/04\/25\/nunes-marques-assume-presidencia-do-tse-dia-12-de-maio\/\",\"name\":\"Nunes Marques assume presid\u00eancia do TSE dia 12 de maio - O PROGRESSO\",\"isPartOf\":{\"@id\":\"https:\/\/progresso.com.br\/#website\"},\"primaryImageOfPage\":{\"@id\":\"https:\/\/progresso.com.br\/index.php\/2026\/04\/25\/nunes-marques-assume-presidencia-do-tse-dia-12-de-maio\/#primaryimage\"},\"image\":{\"@id\":\"https:\/\/progresso.com.br\/index.php\/2026\/04\/25\/nunes-marques-assume-presidencia-do-tse-dia-12-de-maio\/#primaryimage\"},\"thumbnailUrl\":\"https:\/\/progresso.com.br\/wp-content\/uploads\/2026\/04\/Nunes-Marques.jpg\",\"datePublished\":\"2026-04-25T22:46:12+00:00\",\"dateModified\":\"2026-04-25T22:46:13+00:00\",\"breadcrumb\":{\"@id\":\"https:\/\/progresso.com.br\/index.php\/2026\/04\/25\/nunes-marques-assume-presidencia-do-tse-dia-12-de-maio\/#breadcrumb\"},\"inLanguage\":\"pt-BR\",\"potentialAction\":[{\"@type\":\"ReadAction\",\"target\":[\"https:\/\/progresso.com.br\/index.php\/2026\/04\/25\/nunes-marques-assume-presidencia-do-tse-dia-12-de-maio\/\"]}]},{\"@type\":\"ImageObject\",\"inLanguage\":\"pt-BR\",\"@id\":\"https:\/\/progresso.com.br\/index.php\/2026\/04\/25\/nunes-marques-assume-presidencia-do-tse-dia-12-de-maio\/#primaryimage\",\"url\":\"https:\/\/progresso.com.br\/wp-content\/uploads\/2026\/04\/Nunes-Marques.jpg\",\"contentUrl\":\"https:\/\/progresso.com.br\/wp-content\/uploads\/2026\/04\/Nunes-Marques.jpg\",\"width\":2560,\"height\":2113,\"caption\":\"Ministro entra no lugar de C\u00e1rmen L\u00facia. (Foto: Rosinei Coutinho\/STF)\"},{\"@type\":\"BreadcrumbList\",\"@id\":\"https:\/\/progresso.com.br\/index.php\/2026\/04\/25\/nunes-marques-assume-presidencia-do-tse-dia-12-de-maio\/#breadcrumb\",\"itemListElement\":[{\"@type\":\"ListItem\",\"position\":1,\"name\":\"In\u00edcio\",\"item\":\"https:\/\/progresso.com.br\/\"},{\"@type\":\"ListItem\",\"position\":2,\"name\":\"Nunes Marques assume presid\u00eancia do TSE dia 12 de maio\"}]},{\"@type\":\"WebSite\",\"@id\":\"https:\/\/progresso.com.br\/#website\",\"url\":\"https:\/\/progresso.com.br\/\",\"name\":\"O PROGRESSO\",\"description\":\"\",\"publisher\":{\"@id\":\"https:\/\/progresso.com.br\/#organization\"},\"potentialAction\":[{\"@type\":\"SearchAction\",\"target\":{\"@type\":\"EntryPoint\",\"urlTemplate\":\"https:\/\/progresso.com.br\/?s={search_term_string}\"},\"query-input\":{\"@type\":\"PropertyValueSpecification\",\"valueRequired\":true,\"valueName\":\"search_term_string\"}}],\"inLanguage\":\"pt-BR\"},{\"@type\":\"Organization\",\"@id\":\"https:\/\/progresso.com.br\/#organization\",\"name\":\"O PROGRESSO\",\"url\":\"https:\/\/progresso.com.br\/\",\"logo\":{\"@type\":\"ImageObject\",\"inLanguage\":\"pt-BR\",\"@id\":\"https:\/\/progresso.com.br\/#\/schema\/logo\/image\/\",\"url\":\"https:\/\/progresso.com.br\/wp-content\/uploads\/2026\/03\/logo_proog.jpg\",\"contentUrl\":\"https:\/\/progresso.com.br\/wp-content\/uploads\/2026\/03\/logo_proog.jpg\",\"width\":1960,\"height\":1080,\"caption\":\"O PROGRESSO\"},\"image\":{\"@id\":\"https:\/\/progresso.com.br\/#\/schema\/logo\/image\/\"},\"sameAs\":[\"https:\/\/www.facebook.com\/share\/1CeoksKBj6\/\",\"https:\/\/www.instagram.com\/oprogresso_digital\"]},{\"@type\":\"Person\",\"@id\":\"https:\/\/progresso.com.br\/#\/schema\/person\/b7390ac97c5e156cc2e02aa8e88f1bf2\",\"name\":\"Alfredo\",\"image\":{\"@type\":\"ImageObject\",\"inLanguage\":\"pt-BR\",\"@id\":\"https:\/\/progresso.com.br\/#\/schema\/person\/image\/\",\"url\":\"https:\/\/secure.gravatar.com\/avatar\/ca208a3111522ad69d765c6f0ea1ce4742c74e10aba78ae7158042d704d65a9f?s=96&d=mm&r=g\",\"contentUrl\":\"https:\/\/secure.gravatar.com\/avatar\/ca208a3111522ad69d765c6f0ea1ce4742c74e10aba78ae7158042d704d65a9f?s=96&d=mm&r=g\",\"caption\":\"Alfredo\"},\"url\":\"https:\/\/progresso.com.br\/index.php\/author\/alfredo\/\"}]}<\/script>\n<!-- \/ Yoast SEO plugin. -->","yoast_head_json":{"title":"Nunes Marques assume presid\u00eancia do TSE dia 12 de maio - O PROGRESSO","robots":{"index":"index","follow":"follow","max-snippet":"max-snippet:-1","max-image-preview":"max-image-preview:large","max-video-preview":"max-video-preview:-1"},"canonical":"https:\/\/progresso.com.br\/index.php\/2026\/04\/25\/nunes-marques-assume-presidencia-do-tse-dia-12-de-maio\/","og_locale":"pt_BR","og_type":"article","og_title":"Nunes Marques assume presid\u00eancia do TSE dia 12 de maio - O PROGRESSO","og_description":"Andr\u00e9 Richter, da Ag\u00eancia Brasil O Tribunal Superior Eleitoral (TSE) marcou para o dia 12 de maio a posse do ministro Nunes Marques no cargo de presidente da corte eleitoral. Nunes Marques vai assumir o comando do TSE ap\u00f3s o fim do mandato da atual presidente, ministra C\u00e1rmen L\u00facia, que completar\u00e1 per\u00edodo de dois anos [&hellip;]","og_url":"https:\/\/progresso.com.br\/index.php\/2026\/04\/25\/nunes-marques-assume-presidencia-do-tse-dia-12-de-maio\/","og_site_name":"O PROGRESSO","article_publisher":"https:\/\/www.facebook.com\/share\/1CeoksKBj6\/","article_published_time":"2026-04-25T22:46:12+00:00","article_modified_time":"2026-04-25T22:46:13+00:00","og_image":[{"width":2560,"height":2113,"url":"https:\/\/progresso.com.br\/wp-content\/uploads\/2026\/04\/Nunes-Marques.jpg","type":"image\/jpeg"}],"author":"Alfredo","twitter_card":"summary_large_image","twitter_misc":{"Escrito por":"Alfredo","Est. tempo de leitura":"2 minutos"},"schema":{"@context":"https:\/\/schema.org","@graph":[{"@type":"Article","@id":"https:\/\/progresso.com.br\/index.php\/2026\/04\/25\/nunes-marques-assume-presidencia-do-tse-dia-12-de-maio\/#article","isPartOf":{"@id":"https:\/\/progresso.com.br\/index.php\/2026\/04\/25\/nunes-marques-assume-presidencia-do-tse-dia-12-de-maio\/"},"author":{"name":"Alfredo","@id":"https:\/\/progresso.com.br\/#\/schema\/person\/b7390ac97c5e156cc2e02aa8e88f1bf2"},"headline":"Nunes Marques assume presid\u00eancia do TSE dia 12 de maio","datePublished":"2026-04-25T22:46:12+00:00","dateModified":"2026-04-25T22:46:13+00:00","mainEntityOfPage":{"@id":"https:\/\/progresso.com.br\/index.php\/2026\/04\/25\/nunes-marques-assume-presidencia-do-tse-dia-12-de-maio\/"},"wordCount":205,"commentCount":0,"publisher":{"@id":"https:\/\/progresso.com.br\/#organization"},"image":{"@id":"https:\/\/progresso.com.br\/index.php\/2026\/04\/25\/nunes-marques-assume-presidencia-do-tse-dia-12-de-maio\/#primaryimage"},"thumbnailUrl":"https:\/\/progresso.com.br\/wp-content\/uploads\/2026\/04\/Nunes-Marques.jpg","articleSection":["Pol\u00edtica"],"inLanguage":"pt-BR","potentialAction":[{"@type":"CommentAction","name":"Comment","target":["https:\/\/progresso.com.br\/index.php\/2026\/04\/25\/nunes-marques-assume-presidencia-do-tse-dia-12-de-maio\/#respond"]}]},{"@type":"WebPage","@id":"https:\/\/progresso.com.br\/index.php\/2026\/04\/25\/nunes-marques-assume-presidencia-do-tse-dia-12-de-maio\/","url":"https:\/\/progresso.com.br\/index.php\/2026\/04\/25\/nunes-marques-assume-presidencia-do-tse-dia-12-de-maio\/","name":"Nunes Marques assume presid\u00eancia do TSE dia 12 de maio - O PROGRESSO","isPartOf":{"@id":"https:\/\/progresso.com.br\/#website"},"primaryImageOfPage":{"@id":"https:\/\/progresso.com.br\/index.php\/2026\/04\/25\/nunes-marques-assume-presidencia-do-tse-dia-12-de-maio\/#primaryimage"},"image":{"@id":"https:\/\/progresso.com.br\/index.php\/2026\/04\/25\/nunes-marques-assume-presidencia-do-tse-dia-12-de-maio\/#primaryimage"},"thumbnailUrl":"https:\/\/progresso.com.br\/wp-content\/uploads\/2026\/04\/Nunes-Marques.jpg","datePublished":"2026-04-25T22:46:12+00:00","dateModified":"2026-04-25T22:46:13+00:00","breadcrumb":{"@id":"https:\/\/progresso.com.br\/index.php\/2026\/04\/25\/nunes-marques-assume-presidencia-do-tse-dia-12-de-maio\/#breadcrumb"},"inLanguage":"pt-BR","potentialAction":[{"@type":"ReadAction","target":["https:\/\/progresso.com.br\/index.php\/2026\/04\/25\/nunes-marques-assume-presidencia-do-tse-dia-12-de-maio\/"]}]},{"@type":"ImageObject","inLanguage":"pt-BR","@id":"https:\/\/progresso.com.br\/index.php\/2026\/04\/25\/nunes-marques-assume-presidencia-do-tse-dia-12-de-maio\/#primaryimage","url":"https:\/\/progresso.com.br\/wp-content\/uploads\/2026\/04\/Nunes-Marques.jpg","contentUrl":"https:\/\/progresso.com.br\/wp-content\/uploads\/2026\/04\/Nunes-Marques.jpg","width":2560,"height":2113,"caption":"Ministro entra no lugar de C\u00e1rmen L\u00facia. (Foto: Rosinei Coutinho\/STF)"},{"@type":"BreadcrumbList","@id":"https:\/\/progresso.com.br\/index.php\/2026\/04\/25\/nunes-marques-assume-presidencia-do-tse-dia-12-de-maio\/#breadcrumb","itemListElement":[{"@type":"ListItem","position":1,"name":"In\u00edcio","item":"https:\/\/progresso.com.br\/"},{"@type":"ListItem","position":2,"name":"Nunes Marques assume presid\u00eancia do TSE dia 12 de maio"}]},{"@type":"WebSite","@id":"https:\/\/progresso.com.br\/#website","url":"https:\/\/progresso.com.br\/","name":"O PROGRESSO","description":"","publisher":{"@id":"https:\/\/progresso.com.br\/#organization"},"potentialAction":[{"@type":"SearchAction","target":{"@type":"EntryPoint","urlTemplate":"https:\/\/progresso.com.br\/?s={search_term_string}"},"query-input":{"@type":"PropertyValueSpecification","valueRequired":true,"valueName":"search_term_string"}}],"inLanguage":"pt-BR"},{"@type":"Organization","@id":"https:\/\/progresso.com.br\/#organization","name":"O PROGRESSO","url":"https:\/\/progresso.com.br\/","logo":{"@type":"ImageObject","inLanguage":"pt-BR","@id":"https:\/\/progresso.com.br\/#\/schema\/logo\/image\/","url":"https:\/\/progresso.com.br\/wp-content\/uploads\/2026\/03\/logo_proog.jpg","contentUrl":"https:\/\/progresso.com.br\/wp-content\/uploads\/2026\/03\/logo_proog.jpg","width":1960,"height":1080,"caption":"O PROGRESSO"},"image":{"@id":"https:\/\/progresso.com.br\/#\/schema\/logo\/image\/"},"sameAs":["https:\/\/www.facebook.com\/share\/1CeoksKBj6\/","https:\/\/www.instagram.com\/oprogresso_digital"]},{"@type":"Person","@id":"https:\/\/progresso.com.br\/#\/schema\/person\/b7390ac97c5e156cc2e02aa8e88f1bf2","name":"Alfredo","image":{"@type":"ImageObject","inLanguage":"pt-BR","@id":"https:\/\/progresso.com.br\/#\/schema\/person\/image\/","url":"https:\/\/secure.gravatar.com\/avatar\/ca208a3111522ad69d765c6f0ea1ce4742c74e10aba78ae7158042d704d65a9f?s=96&d=mm&r=g","contentUrl":"https:\/\/secure.gravatar.com\/avatar\/ca208a3111522ad69d765c6f0ea1ce4742c74e10aba78ae7158042d704d65a9f?s=96&d=mm&r=g","caption":"Alfredo"},"url":"https:\/\/progresso.com.br\/index.php\/author\/alfredo\/"}]}},"_links":{"self":[{"href":"https:\/\/progresso.com.br\/index.php\/wp-json\/wp\/v2\/posts\/4778","targetHints":{"allow":["GET"]}}],"collection":[{"href":"https:\/\/progresso.com.br\/index.php\/wp-json\/wp\/v2\/posts"}],"about":[{"href":"https:\/\/progresso.com.br\/index.php\/wp-json\/wp\/v2\/types\/post"}],"author":[{"embeddable":true,"href":"https:\/\/progresso.com.br\/index.php\/wp-json\/wp\/v2\/users\/3"}],"replies":[{"embeddable":true,"href":"https:\/\/progresso.com.br\/index.php\/wp-json\/wp\/v2\/comments?post=4778"}],"version-history":[{"count":1,"href":"https:\/\/progresso.com.br\/index.php\/wp-json\/wp\/v2\/posts\/4778\/revisions"}],"predecessor-version":[{"id":4780,"href":"https:\/\/progresso.com.br\/index.php\/wp-json\/wp\/v2\/posts\/4778\/revisions\/4780"}],"wp:featuredmedia":[{"embeddable":true,"href":"https:\/\/progresso.com.br\/index.php\/wp-json\/wp\/v2\/media\/4779"}],"wp:attachment":[{"href":"https:\/\/progresso.com.br\/index.php\/wp-json\/wp\/v2\/media?parent=4778"}],"wp:term":[{"taxonomy":"category","embeddable":true,"href":"https:\/\/progresso.com.br\/index.php\/wp-json\/wp\/v2\/categories?post=4778"},{"taxonomy":"post_tag","embeddable":true,"href":"https:\/\/progresso.com.br\/index.php\/wp-json\/wp\/v2\/tags?post=4778"}],"curies":[{"name":"wp","href":"https:\/\/api.w.org\/{rel}","templated":true}]}}