{"id":4788,"date":"2026-04-26T09:01:00","date_gmt":"2026-04-26T13:01:00","guid":{"rendered":"https:\/\/progresso.com.br\/?p=4788"},"modified":"2026-04-26T08:45:40","modified_gmt":"2026-04-26T12:45:40","slug":"ivinhema-e-operario-fazem-duelo-sul-mato-grossense-na-serie-d-do-brasileiro","status":"publish","type":"post","link":"https:\/\/progresso.com.br\/index.php\/2026\/04\/26\/ivinhema-e-operario-fazem-duelo-sul-mato-grossense-na-serie-d-do-brasileiro\/","title":{"rendered":"Ivinhema e Oper\u00e1rio fazem duelo sul-mato-grossense na S\u00e9rie D do Brasileiro"},"content":{"rendered":"\n<p><em><strong>Com resultados ruins na \u00faltima rodada, os dois times precisam da vit\u00f3ria na partida deste domingo, no Est\u00e1dio Saraiv\u00e3o<br><\/strong><\/em><\/p>\n\n\n\n<p><em>Rog\u00e9rio Vidmantas<\/em><\/p>\n\n\n\n<p>Um jogo entre times de Mato Grosso do Sul em que s\u00f3 a vit\u00f3ria interessa para os dois lados. Essa \u00e9 a t\u00f4nica do jogo deste domingo (26), \u00e0s 17h, entre Ivinhema FC e Oper\u00e1rio FC pela quarta rodada da S\u00e9rie D do Campeonato Brasileiro. Os trope\u00e7os na \u00faltima rodada custaram caro e agora Azul\u00e3o do Vale e Galo precisam vencer para evitar desconforto maior com o torcedor.<\/p>\n\n\n\n<p>A partida no Est\u00e1dio Saraiv\u00e3o tem arbitragem de Tarc\u00edsio Nascimento Matos, de Tocantins, auxiliado pelos assistentes sul-mato-grossenses C\u00edcero Alessandro de Souza e Diego dos Santos Ruberdo. O quarto \u00e1rbitro \u00e9 Marcos Mateus Pereira.<\/p>\n\n\n\n<p>Nesta temporada, os dois times se enfrentaram uma vez, pela primeira fase do Campeonato Sul-Mato-Grossense. Pela terceira rodada, dia 1\u00ba de fevereiro, tamb\u00e9m no Saraiv\u00e3o, o Oper\u00e1rio foi melhor e venceu por 3 a 1.<\/p>\n\n\n\n<p><strong>Grupo A11<\/strong><\/p>\n\n\n\n<p>Dois jogos aconteceram neste s\u00e1bado (25) pela quarta rodada. Em Ouvidor, o Abecat Ouvidorense-GO perdeu para o CRAC-GO por 2 a 0. Outro que perdeu em casa foi o Betim-MG, batido pelo Uberl\u00e2ndia-MG tamb\u00e9m por 2 a 0.<\/p>\n\n\n\n<p>Os resultados podem beneficiar o Ivinhema que, se vencer o Oper\u00e1rio, garante, pelo menos, a vice-lideran\u00e7a. O Galo, por outro lado, saiu da zona de classifica\u00e7\u00e3o e, para retornar, precisa vencer o advers\u00e1rio fora de casa.<\/p>\n\n\n\n<p>Na classifica\u00e7\u00e3o de momento, o Uberl\u00e2ndia lidera com nove pontos, seguido pelo Betim, com sete, Ivinhema tem seis em terceiro, e o CRAC fecha o G4, com quatro pontos. Oper\u00e1rio, em quinto, tem tr\u00eas pontos, e o Abecat segue na lanterna, com apenas um ponto.<\/p>\n","protected":false},"excerpt":{"rendered":"<p>Com resultados ruins na \u00faltima rodada, os dois times precisam da vit\u00f3ria na partida deste domingo, no Est\u00e1dio Saraiv\u00e3o Rog\u00e9rio Vidmantas Um jogo entre times de Mato Grosso do Sul em que s\u00f3 a vit\u00f3ria interessa para os dois lados. Essa \u00e9 a t\u00f4nica do jogo deste domingo (26), \u00e0s 17h, entre Ivinhema FC e [&hellip;]<\/p>\n","protected":false},"author":5,"featured_media":2918,"comment_status":"open","ping_status":"open","sticky":false,"template":"","format":"standard","meta":{"footnotes":""},"categories":[2,17],"tags":[],"class_list":["post-4788","post","type-post","status-publish","format-standard","has-post-thumbnail","hentry","category-destaque","category-esporte"],"yoast_head":"<!-- This site is optimized with the Yoast SEO plugin v27.1.1 - https:\/\/yoast.com\/product\/yoast-seo-wordpress\/ -->\n<title>Ivinhema e Oper\u00e1rio fazem duelo sul-mato-grossense na S\u00e9rie D do Brasileiro - O PROGRESSO<\/title>\n<meta name=\"robots\" content=\"index, follow, max-snippet:-1, max-image-preview:large, max-video-preview:-1\" \/>\n<link rel=\"canonical\" href=\"https:\/\/progresso.com.br\/index.php\/2026\/04\/26\/ivinhema-e-operario-fazem-duelo-sul-mato-grossense-na-serie-d-do-brasileiro\/\" \/>\n<meta property=\"og:locale\" content=\"pt_BR\" \/>\n<meta property=\"og:type\" content=\"article\" \/>\n<meta property=\"og:title\" content=\"Ivinhema e Oper\u00e1rio fazem duelo sul-mato-grossense na S\u00e9rie D do Brasileiro - O PROGRESSO\" \/>\n<meta property=\"og:description\" content=\"Com resultados ruins na \u00faltima rodada, os dois times precisam da vit\u00f3ria na partida deste domingo, no Est\u00e1dio Saraiv\u00e3o Rog\u00e9rio Vidmantas Um jogo entre times de Mato Grosso do Sul em que s\u00f3 a vit\u00f3ria interessa para os dois lados. Essa \u00e9 a t\u00f4nica do jogo deste domingo (26), \u00e0s 17h, entre Ivinhema FC e [&hellip;]\" \/>\n<meta property=\"og:url\" content=\"https:\/\/progresso.com.br\/index.php\/2026\/04\/26\/ivinhema-e-operario-fazem-duelo-sul-mato-grossense-na-serie-d-do-brasileiro\/\" \/>\n<meta property=\"og:site_name\" content=\"O PROGRESSO\" \/>\n<meta property=\"article:publisher\" content=\"https:\/\/www.facebook.com\/share\/1CeoksKBj6\/\" \/>\n<meta property=\"article:published_time\" content=\"2026-04-26T13:01:00+00:00\" \/>\n<meta property=\"og:image\" content=\"https:\/\/progresso.com.br\/wp-content\/uploads\/2026\/04\/IVH-x-OFC-0102-Ed.jpg\" \/>\n\t<meta property=\"og:image:width\" content=\"854\" \/>\n\t<meta property=\"og:image:height\" content=\"569\" \/>\n\t<meta property=\"og:image:type\" content=\"image\/jpeg\" \/>\n<meta name=\"author\" content=\"Rog\u00e9rio Vidmantas\" \/>\n<meta name=\"twitter:card\" content=\"summary_large_image\" \/>\n<meta name=\"twitter:label1\" content=\"Escrito por\" \/>\n\t<meta name=\"twitter:data1\" content=\"Rog\u00e9rio Vidmantas\" \/>\n\t<meta name=\"twitter:label2\" content=\"Est. tempo de leitura\" \/>\n\t<meta name=\"twitter:data2\" content=\"2 minutos\" \/>\n<script type=\"application\/ld+json\" class=\"yoast-schema-graph\">{\"@context\":\"https:\/\/schema.org\",\"@graph\":[{\"@type\":\"Article\",\"@id\":\"https:\/\/progresso.com.br\/index.php\/2026\/04\/26\/ivinhema-e-operario-fazem-duelo-sul-mato-grossense-na-serie-d-do-brasileiro\/#article\",\"isPartOf\":{\"@id\":\"https:\/\/progresso.com.br\/index.php\/2026\/04\/26\/ivinhema-e-operario-fazem-duelo-sul-mato-grossense-na-serie-d-do-brasileiro\/\"},\"author\":{\"name\":\"Rog\u00e9rio Vidmantas\",\"@id\":\"https:\/\/progresso.com.br\/#\/schema\/person\/471791cc575a7e23811d1070fa9d20ee\"},\"headline\":\"Ivinhema e Oper\u00e1rio fazem duelo sul-mato-grossense na S\u00e9rie D do Brasileiro\",\"datePublished\":\"2026-04-26T13:01:00+00:00\",\"mainEntityOfPage\":{\"@id\":\"https:\/\/progresso.com.br\/index.php\/2026\/04\/26\/ivinhema-e-operario-fazem-duelo-sul-mato-grossense-na-serie-d-do-brasileiro\/\"},\"wordCount\":308,\"commentCount\":0,\"publisher\":{\"@id\":\"https:\/\/progresso.com.br\/#organization\"},\"image\":{\"@id\":\"https:\/\/progresso.com.br\/index.php\/2026\/04\/26\/ivinhema-e-operario-fazem-duelo-sul-mato-grossense-na-serie-d-do-brasileiro\/#primaryimage\"},\"thumbnailUrl\":\"https:\/\/progresso.com.br\/wp-content\/uploads\/2026\/04\/IVH-x-OFC-0102-Ed.jpg\",\"articleSection\":[\"Em destaque\",\"Esporte\"],\"inLanguage\":\"pt-BR\",\"potentialAction\":[{\"@type\":\"CommentAction\",\"name\":\"Comment\",\"target\":[\"https:\/\/progresso.com.br\/index.php\/2026\/04\/26\/ivinhema-e-operario-fazem-duelo-sul-mato-grossense-na-serie-d-do-brasileiro\/#respond\"]}]},{\"@type\":\"WebPage\",\"@id\":\"https:\/\/progresso.com.br\/index.php\/2026\/04\/26\/ivinhema-e-operario-fazem-duelo-sul-mato-grossense-na-serie-d-do-brasileiro\/\",\"url\":\"https:\/\/progresso.com.br\/index.php\/2026\/04\/26\/ivinhema-e-operario-fazem-duelo-sul-mato-grossense-na-serie-d-do-brasileiro\/\",\"name\":\"Ivinhema e Oper\u00e1rio fazem duelo sul-mato-grossense na S\u00e9rie D do Brasileiro - O PROGRESSO\",\"isPartOf\":{\"@id\":\"https:\/\/progresso.com.br\/#website\"},\"primaryImageOfPage\":{\"@id\":\"https:\/\/progresso.com.br\/index.php\/2026\/04\/26\/ivinhema-e-operario-fazem-duelo-sul-mato-grossense-na-serie-d-do-brasileiro\/#primaryimage\"},\"image\":{\"@id\":\"https:\/\/progresso.com.br\/index.php\/2026\/04\/26\/ivinhema-e-operario-fazem-duelo-sul-mato-grossense-na-serie-d-do-brasileiro\/#primaryimage\"},\"thumbnailUrl\":\"https:\/\/progresso.com.br\/wp-content\/uploads\/2026\/04\/IVH-x-OFC-0102-Ed.jpg\",\"datePublished\":\"2026-04-26T13:01:00+00:00\",\"breadcrumb\":{\"@id\":\"https:\/\/progresso.com.br\/index.php\/2026\/04\/26\/ivinhema-e-operario-fazem-duelo-sul-mato-grossense-na-serie-d-do-brasileiro\/#breadcrumb\"},\"inLanguage\":\"pt-BR\",\"potentialAction\":[{\"@type\":\"ReadAction\",\"target\":[\"https:\/\/progresso.com.br\/index.php\/2026\/04\/26\/ivinhema-e-operario-fazem-duelo-sul-mato-grossense-na-serie-d-do-brasileiro\/\"]}]},{\"@type\":\"ImageObject\",\"inLanguage\":\"pt-BR\",\"@id\":\"https:\/\/progresso.com.br\/index.php\/2026\/04\/26\/ivinhema-e-operario-fazem-duelo-sul-mato-grossense-na-serie-d-do-brasileiro\/#primaryimage\",\"url\":\"https:\/\/progresso.com.br\/wp-content\/uploads\/2026\/04\/IVH-x-OFC-0102-Ed.jpg\",\"contentUrl\":\"https:\/\/progresso.com.br\/wp-content\/uploads\/2026\/04\/IVH-x-OFC-0102-Ed.jpg\",\"width\":854,\"height\":569,\"caption\":\"Oper\u00e1rio e Ivinhema representam o Mato Grosso do Sul na S\u00e9rie D do Campeonato Brasileiro (Foto: Edcarlos Calado\/@clavaphotos)\"},{\"@type\":\"BreadcrumbList\",\"@id\":\"https:\/\/progresso.com.br\/index.php\/2026\/04\/26\/ivinhema-e-operario-fazem-duelo-sul-mato-grossense-na-serie-d-do-brasileiro\/#breadcrumb\",\"itemListElement\":[{\"@type\":\"ListItem\",\"position\":1,\"name\":\"In\u00edcio\",\"item\":\"https:\/\/progresso.com.br\/\"},{\"@type\":\"ListItem\",\"position\":2,\"name\":\"Ivinhema e Oper\u00e1rio fazem duelo sul-mato-grossense na S\u00e9rie D do Brasileiro\"}]},{\"@type\":\"WebSite\",\"@id\":\"https:\/\/progresso.com.br\/#website\",\"url\":\"https:\/\/progresso.com.br\/\",\"name\":\"O PROGRESSO\",\"description\":\"\",\"publisher\":{\"@id\":\"https:\/\/progresso.com.br\/#organization\"},\"potentialAction\":[{\"@type\":\"SearchAction\",\"target\":{\"@type\":\"EntryPoint\",\"urlTemplate\":\"https:\/\/progresso.com.br\/?s={search_term_string}\"},\"query-input\":{\"@type\":\"PropertyValueSpecification\",\"valueRequired\":true,\"valueName\":\"search_term_string\"}}],\"inLanguage\":\"pt-BR\"},{\"@type\":\"Organization\",\"@id\":\"https:\/\/progresso.com.br\/#organization\",\"name\":\"O PROGRESSO\",\"url\":\"https:\/\/progresso.com.br\/\",\"logo\":{\"@type\":\"ImageObject\",\"inLanguage\":\"pt-BR\",\"@id\":\"https:\/\/progresso.com.br\/#\/schema\/logo\/image\/\",\"url\":\"https:\/\/progresso.com.br\/wp-content\/uploads\/2026\/03\/logo_proog.jpg\",\"contentUrl\":\"https:\/\/progresso.com.br\/wp-content\/uploads\/2026\/03\/logo_proog.jpg\",\"width\":1960,\"height\":1080,\"caption\":\"O PROGRESSO\"},\"image\":{\"@id\":\"https:\/\/progresso.com.br\/#\/schema\/logo\/image\/\"},\"sameAs\":[\"https:\/\/www.facebook.com\/share\/1CeoksKBj6\/\",\"https:\/\/www.instagram.com\/oprogresso_digital\"]},{\"@type\":\"Person\",\"@id\":\"https:\/\/progresso.com.br\/#\/schema\/person\/471791cc575a7e23811d1070fa9d20ee\",\"name\":\"Rog\u00e9rio Vidmantas\",\"image\":{\"@type\":\"ImageObject\",\"inLanguage\":\"pt-BR\",\"@id\":\"https:\/\/progresso.com.br\/#\/schema\/person\/image\/\",\"url\":\"https:\/\/secure.gravatar.com\/avatar\/10a86aae4992f407879fa7e12fb476cdff79509ad9ec42967d62b4fbcee7c57b?s=96&d=mm&r=g\",\"contentUrl\":\"https:\/\/secure.gravatar.com\/avatar\/10a86aae4992f407879fa7e12fb476cdff79509ad9ec42967d62b4fbcee7c57b?s=96&d=mm&r=g\",\"caption\":\"Rog\u00e9rio Vidmantas\"},\"url\":\"https:\/\/progresso.com.br\/index.php\/author\/vidmantas\/\"}]}<\/script>\n<!-- \/ Yoast SEO plugin. -->","yoast_head_json":{"title":"Ivinhema e Oper\u00e1rio fazem duelo sul-mato-grossense na S\u00e9rie D do Brasileiro - O PROGRESSO","robots":{"index":"index","follow":"follow","max-snippet":"max-snippet:-1","max-image-preview":"max-image-preview:large","max-video-preview":"max-video-preview:-1"},"canonical":"https:\/\/progresso.com.br\/index.php\/2026\/04\/26\/ivinhema-e-operario-fazem-duelo-sul-mato-grossense-na-serie-d-do-brasileiro\/","og_locale":"pt_BR","og_type":"article","og_title":"Ivinhema e Oper\u00e1rio fazem duelo sul-mato-grossense na S\u00e9rie D do Brasileiro - O PROGRESSO","og_description":"Com resultados ruins na \u00faltima rodada, os dois times precisam da vit\u00f3ria na partida deste domingo, no Est\u00e1dio Saraiv\u00e3o Rog\u00e9rio Vidmantas Um jogo entre times de Mato Grosso do Sul em que s\u00f3 a vit\u00f3ria interessa para os dois lados. Essa \u00e9 a t\u00f4nica do jogo deste domingo (26), \u00e0s 17h, entre Ivinhema FC e [&hellip;]","og_url":"https:\/\/progresso.com.br\/index.php\/2026\/04\/26\/ivinhema-e-operario-fazem-duelo-sul-mato-grossense-na-serie-d-do-brasileiro\/","og_site_name":"O PROGRESSO","article_publisher":"https:\/\/www.facebook.com\/share\/1CeoksKBj6\/","article_published_time":"2026-04-26T13:01:00+00:00","og_image":[{"width":854,"height":569,"url":"https:\/\/progresso.com.br\/wp-content\/uploads\/2026\/04\/IVH-x-OFC-0102-Ed.jpg","type":"image\/jpeg"}],"author":"Rog\u00e9rio Vidmantas","twitter_card":"summary_large_image","twitter_misc":{"Escrito por":"Rog\u00e9rio Vidmantas","Est. tempo de leitura":"2 minutos"},"schema":{"@context":"https:\/\/schema.org","@graph":[{"@type":"Article","@id":"https:\/\/progresso.com.br\/index.php\/2026\/04\/26\/ivinhema-e-operario-fazem-duelo-sul-mato-grossense-na-serie-d-do-brasileiro\/#article","isPartOf":{"@id":"https:\/\/progresso.com.br\/index.php\/2026\/04\/26\/ivinhema-e-operario-fazem-duelo-sul-mato-grossense-na-serie-d-do-brasileiro\/"},"author":{"name":"Rog\u00e9rio Vidmantas","@id":"https:\/\/progresso.com.br\/#\/schema\/person\/471791cc575a7e23811d1070fa9d20ee"},"headline":"Ivinhema e Oper\u00e1rio fazem duelo sul-mato-grossense na S\u00e9rie D do Brasileiro","datePublished":"2026-04-26T13:01:00+00:00","mainEntityOfPage":{"@id":"https:\/\/progresso.com.br\/index.php\/2026\/04\/26\/ivinhema-e-operario-fazem-duelo-sul-mato-grossense-na-serie-d-do-brasileiro\/"},"wordCount":308,"commentCount":0,"publisher":{"@id":"https:\/\/progresso.com.br\/#organization"},"image":{"@id":"https:\/\/progresso.com.br\/index.php\/2026\/04\/26\/ivinhema-e-operario-fazem-duelo-sul-mato-grossense-na-serie-d-do-brasileiro\/#primaryimage"},"thumbnailUrl":"https:\/\/progresso.com.br\/wp-content\/uploads\/2026\/04\/IVH-x-OFC-0102-Ed.jpg","articleSection":["Em destaque","Esporte"],"inLanguage":"pt-BR","potentialAction":[{"@type":"CommentAction","name":"Comment","target":["https:\/\/progresso.com.br\/index.php\/2026\/04\/26\/ivinhema-e-operario-fazem-duelo-sul-mato-grossense-na-serie-d-do-brasileiro\/#respond"]}]},{"@type":"WebPage","@id":"https:\/\/progresso.com.br\/index.php\/2026\/04\/26\/ivinhema-e-operario-fazem-duelo-sul-mato-grossense-na-serie-d-do-brasileiro\/","url":"https:\/\/progresso.com.br\/index.php\/2026\/04\/26\/ivinhema-e-operario-fazem-duelo-sul-mato-grossense-na-serie-d-do-brasileiro\/","name":"Ivinhema e Oper\u00e1rio fazem duelo sul-mato-grossense na S\u00e9rie D do Brasileiro - O PROGRESSO","isPartOf":{"@id":"https:\/\/progresso.com.br\/#website"},"primaryImageOfPage":{"@id":"https:\/\/progresso.com.br\/index.php\/2026\/04\/26\/ivinhema-e-operario-fazem-duelo-sul-mato-grossense-na-serie-d-do-brasileiro\/#primaryimage"},"image":{"@id":"https:\/\/progresso.com.br\/index.php\/2026\/04\/26\/ivinhema-e-operario-fazem-duelo-sul-mato-grossense-na-serie-d-do-brasileiro\/#primaryimage"},"thumbnailUrl":"https:\/\/progresso.com.br\/wp-content\/uploads\/2026\/04\/IVH-x-OFC-0102-Ed.jpg","datePublished":"2026-04-26T13:01:00+00:00","breadcrumb":{"@id":"https:\/\/progresso.com.br\/index.php\/2026\/04\/26\/ivinhema-e-operario-fazem-duelo-sul-mato-grossense-na-serie-d-do-brasileiro\/#breadcrumb"},"inLanguage":"pt-BR","potentialAction":[{"@type":"ReadAction","target":["https:\/\/progresso.com.br\/index.php\/2026\/04\/26\/ivinhema-e-operario-fazem-duelo-sul-mato-grossense-na-serie-d-do-brasileiro\/"]}]},{"@type":"ImageObject","inLanguage":"pt-BR","@id":"https:\/\/progresso.com.br\/index.php\/2026\/04\/26\/ivinhema-e-operario-fazem-duelo-sul-mato-grossense-na-serie-d-do-brasileiro\/#primaryimage","url":"https:\/\/progresso.com.br\/wp-content\/uploads\/2026\/04\/IVH-x-OFC-0102-Ed.jpg","contentUrl":"https:\/\/progresso.com.br\/wp-content\/uploads\/2026\/04\/IVH-x-OFC-0102-Ed.jpg","width":854,"height":569,"caption":"Oper\u00e1rio e Ivinhema representam o Mato Grosso do Sul na S\u00e9rie D do Campeonato Brasileiro (Foto: Edcarlos Calado\/@clavaphotos)"},{"@type":"BreadcrumbList","@id":"https:\/\/progresso.com.br\/index.php\/2026\/04\/26\/ivinhema-e-operario-fazem-duelo-sul-mato-grossense-na-serie-d-do-brasileiro\/#breadcrumb","itemListElement":[{"@type":"ListItem","position":1,"name":"In\u00edcio","item":"https:\/\/progresso.com.br\/"},{"@type":"ListItem","position":2,"name":"Ivinhema e Oper\u00e1rio fazem duelo sul-mato-grossense na S\u00e9rie D do Brasileiro"}]},{"@type":"WebSite","@id":"https:\/\/progresso.com.br\/#website","url":"https:\/\/progresso.com.br\/","name":"O PROGRESSO","description":"","publisher":{"@id":"https:\/\/progresso.com.br\/#organization"},"potentialAction":[{"@type":"SearchAction","target":{"@type":"EntryPoint","urlTemplate":"https:\/\/progresso.com.br\/?s={search_term_string}"},"query-input":{"@type":"PropertyValueSpecification","valueRequired":true,"valueName":"search_term_string"}}],"inLanguage":"pt-BR"},{"@type":"Organization","@id":"https:\/\/progresso.com.br\/#organization","name":"O PROGRESSO","url":"https:\/\/progresso.com.br\/","logo":{"@type":"ImageObject","inLanguage":"pt-BR","@id":"https:\/\/progresso.com.br\/#\/schema\/logo\/image\/","url":"https:\/\/progresso.com.br\/wp-content\/uploads\/2026\/03\/logo_proog.jpg","contentUrl":"https:\/\/progresso.com.br\/wp-content\/uploads\/2026\/03\/logo_proog.jpg","width":1960,"height":1080,"caption":"O PROGRESSO"},"image":{"@id":"https:\/\/progresso.com.br\/#\/schema\/logo\/image\/"},"sameAs":["https:\/\/www.facebook.com\/share\/1CeoksKBj6\/","https:\/\/www.instagram.com\/oprogresso_digital"]},{"@type":"Person","@id":"https:\/\/progresso.com.br\/#\/schema\/person\/471791cc575a7e23811d1070fa9d20ee","name":"Rog\u00e9rio Vidmantas","image":{"@type":"ImageObject","inLanguage":"pt-BR","@id":"https:\/\/progresso.com.br\/#\/schema\/person\/image\/","url":"https:\/\/secure.gravatar.com\/avatar\/10a86aae4992f407879fa7e12fb476cdff79509ad9ec42967d62b4fbcee7c57b?s=96&d=mm&r=g","contentUrl":"https:\/\/secure.gravatar.com\/avatar\/10a86aae4992f407879fa7e12fb476cdff79509ad9ec42967d62b4fbcee7c57b?s=96&d=mm&r=g","caption":"Rog\u00e9rio Vidmantas"},"url":"https:\/\/progresso.com.br\/index.php\/author\/vidmantas\/"}]}},"_links":{"self":[{"href":"https:\/\/progresso.com.br\/index.php\/wp-json\/wp\/v2\/posts\/4788","targetHints":{"allow":["GET"]}}],"collection":[{"href":"https:\/\/progresso.com.br\/index.php\/wp-json\/wp\/v2\/posts"}],"about":[{"href":"https:\/\/progresso.com.br\/index.php\/wp-json\/wp\/v2\/types\/post"}],"author":[{"embeddable":true,"href":"https:\/\/progresso.com.br\/index.php\/wp-json\/wp\/v2\/users\/5"}],"replies":[{"embeddable":true,"href":"https:\/\/progresso.com.br\/index.php\/wp-json\/wp\/v2\/comments?post=4788"}],"version-history":[{"count":1,"href":"https:\/\/progresso.com.br\/index.php\/wp-json\/wp\/v2\/posts\/4788\/revisions"}],"predecessor-version":[{"id":4789,"href":"https:\/\/progresso.com.br\/index.php\/wp-json\/wp\/v2\/posts\/4788\/revisions\/4789"}],"wp:featuredmedia":[{"embeddable":true,"href":"https:\/\/progresso.com.br\/index.php\/wp-json\/wp\/v2\/media\/2918"}],"wp:attachment":[{"href":"https:\/\/progresso.com.br\/index.php\/wp-json\/wp\/v2\/media?parent=4788"}],"wp:term":[{"taxonomy":"category","embeddable":true,"href":"https:\/\/progresso.com.br\/index.php\/wp-json\/wp\/v2\/categories?post=4788"},{"taxonomy":"post_tag","embeddable":true,"href":"https:\/\/progresso.com.br\/index.php\/wp-json\/wp\/v2\/tags?post=4788"}],"curies":[{"name":"wp","href":"https:\/\/api.w.org\/{rel}","templated":true}]}}