{"id":4790,"date":"2026-04-26T09:17:00","date_gmt":"2026-04-26T13:17:00","guid":{"rendered":"https:\/\/progresso.com.br\/?p=4790"},"modified":"2026-04-26T09:10:22","modified_gmt":"2026-04-26T13:10:22","slug":"nove-jogos-movimentaram-campeonato-estadual-sub-13-neste-sabado","status":"publish","type":"post","link":"https:\/\/progresso.com.br\/index.php\/2026\/04\/26\/nove-jogos-movimentaram-campeonato-estadual-sub-13-neste-sabado\/","title":{"rendered":"Nove jogos movimentaram Campeonato Estadual Sub-13 neste s\u00e1bado"},"content":{"rendered":"\n<p><strong><em>Foram tr\u00eas jogos na Capital e outros seis espalhados pelas cidades do Interior<br><\/em><\/strong><\/p>\n\n\n\n<p><em>Rog\u00e9rio Vidmantas<\/em><\/p>\n\n\n\n<p>O Campeonato Sul-Mato-Grossense Sub-13 teve, neste s\u00e1bado (25), nove partidas, tr\u00eas delas em Campo Grande e outras distribu\u00eddas em outros seis munic\u00edpios.<\/p>\n\n\n\n<p>Confira os resultados da oitava rodada da primeira fase:<\/p>\n\n\n\n<p><strong>Campo Grande<\/strong><\/p>\n\n\n\n<p>EC Comercial 5 x 0 \u00cdcaro FC &#8211; Vila Nasser<\/p>\n\n\n\n<p>EC Flamengo 1 x 6 EC Uni\u00e3o ABC &#8211; Ram\u00e3o Pereira<\/p>\n\n\n\n<p>FC Pantanal 1 x 2 CE Guaicurus &#8211; Vila Nasser<\/p>\n\n\n\n<p><strong>Interior<\/strong><\/p>\n\n\n\n<p>Ubiratan EC\/DS 2 x 0 SE Nova Andradina &#8211; Est\u00e1dio Dourad\u00e3o<\/p>\n\n\n\n<p>Maracaju AC 0 x 1 N\u00e1utico FC &#8211; Est\u00e1dio Louc\u00e3o<\/p>\n\n\n\n<p>Corumbaense 0 x 1 Gr\u00eamio Santo Ant\u00f4nio &#8211; Est\u00e1dio Arthur Marinho<\/p>\n\n\n\n<p>SE Ponta Por\u00e3 1 x 1 EC \u00c1guia Negra\/Funcerb &#8211; Est\u00e1dio Aral Moreira<\/p>\n\n\n\n<p>Uni\u00e3o AC 1 x 2 CD 7 de Setembro &#8211; Est\u00e1dio Burac\u00e3o<\/p>\n\n\n\n<p>Dourados AC 2 x 1 Instituto Ismaily &#8211; Est\u00e1dio Chavinha<\/p>\n","protected":false},"excerpt":{"rendered":"<p>Foram tr\u00eas jogos na Capital e outros seis espalhados pelas cidades do Interior Rog\u00e9rio Vidmantas O Campeonato Sul-Mato-Grossense Sub-13 teve, neste s\u00e1bado (25), nove partidas, tr\u00eas delas em Campo Grande e outras distribu\u00eddas em outros seis munic\u00edpios. Confira os resultados da oitava rodada da primeira fase: Campo Grande EC Comercial 5 x 0 \u00cdcaro FC [&hellip;]<\/p>\n","protected":false},"author":5,"featured_media":4791,"comment_status":"open","ping_status":"open","sticky":false,"template":"","format":"standard","meta":{"footnotes":""},"categories":[17],"tags":[],"class_list":["post-4790","post","type-post","status-publish","format-standard","has-post-thumbnail","hentry","category-esporte"],"yoast_head":"<!-- This site is optimized with the Yoast SEO plugin v27.1.1 - https:\/\/yoast.com\/product\/yoast-seo-wordpress\/ -->\n<title>Nove jogos movimentaram Campeonato Estadual Sub-13 neste s\u00e1bado - O PROGRESSO<\/title>\n<meta name=\"robots\" content=\"index, follow, max-snippet:-1, max-image-preview:large, max-video-preview:-1\" \/>\n<link rel=\"canonical\" href=\"https:\/\/progresso.com.br\/index.php\/2026\/04\/26\/nove-jogos-movimentaram-campeonato-estadual-sub-13-neste-sabado\/\" \/>\n<meta property=\"og:locale\" content=\"pt_BR\" \/>\n<meta property=\"og:type\" content=\"article\" \/>\n<meta property=\"og:title\" content=\"Nove jogos movimentaram Campeonato Estadual Sub-13 neste s\u00e1bado - O PROGRESSO\" \/>\n<meta property=\"og:description\" content=\"Foram tr\u00eas jogos na Capital e outros seis espalhados pelas cidades do Interior Rog\u00e9rio Vidmantas O Campeonato Sul-Mato-Grossense Sub-13 teve, neste s\u00e1bado (25), nove partidas, tr\u00eas delas em Campo Grande e outras distribu\u00eddas em outros seis munic\u00edpios. Confira os resultados da oitava rodada da primeira fase: Campo Grande EC Comercial 5 x 0 \u00cdcaro FC [&hellip;]\" \/>\n<meta property=\"og:url\" content=\"https:\/\/progresso.com.br\/index.php\/2026\/04\/26\/nove-jogos-movimentaram-campeonato-estadual-sub-13-neste-sabado\/\" \/>\n<meta property=\"og:site_name\" content=\"O PROGRESSO\" \/>\n<meta property=\"article:publisher\" content=\"https:\/\/www.facebook.com\/share\/1CeoksKBj6\/\" \/>\n<meta property=\"article:published_time\" content=\"2026-04-26T13:17:00+00:00\" \/>\n<meta property=\"og:image\" content=\"https:\/\/progresso.com.br\/wp-content\/uploads\/2026\/04\/DAC-x-ISM-2504-MN.jpg\" \/>\n\t<meta property=\"og:image:width\" content=\"1280\" \/>\n\t<meta property=\"og:image:height\" content=\"853\" \/>\n\t<meta property=\"og:image:type\" content=\"image\/jpeg\" \/>\n<meta name=\"author\" content=\"Rog\u00e9rio Vidmantas\" \/>\n<meta name=\"twitter:card\" content=\"summary_large_image\" \/>\n<meta name=\"twitter:label1\" content=\"Escrito por\" \/>\n\t<meta name=\"twitter:data1\" content=\"Rog\u00e9rio Vidmantas\" \/>\n\t<meta name=\"twitter:label2\" content=\"Est. tempo de leitura\" \/>\n\t<meta name=\"twitter:data2\" content=\"1 minuto\" \/>\n<script type=\"application\/ld+json\" class=\"yoast-schema-graph\">{\"@context\":\"https:\/\/schema.org\",\"@graph\":[{\"@type\":\"Article\",\"@id\":\"https:\/\/progresso.com.br\/index.php\/2026\/04\/26\/nove-jogos-movimentaram-campeonato-estadual-sub-13-neste-sabado\/#article\",\"isPartOf\":{\"@id\":\"https:\/\/progresso.com.br\/index.php\/2026\/04\/26\/nove-jogos-movimentaram-campeonato-estadual-sub-13-neste-sabado\/\"},\"author\":{\"name\":\"Rog\u00e9rio Vidmantas\",\"@id\":\"https:\/\/progresso.com.br\/#\/schema\/person\/471791cc575a7e23811d1070fa9d20ee\"},\"headline\":\"Nove jogos movimentaram Campeonato Estadual Sub-13 neste s\u00e1bado\",\"datePublished\":\"2026-04-26T13:17:00+00:00\",\"mainEntityOfPage\":{\"@id\":\"https:\/\/progresso.com.br\/index.php\/2026\/04\/26\/nove-jogos-movimentaram-campeonato-estadual-sub-13-neste-sabado\/\"},\"wordCount\":159,\"commentCount\":0,\"publisher\":{\"@id\":\"https:\/\/progresso.com.br\/#organization\"},\"image\":{\"@id\":\"https:\/\/progresso.com.br\/index.php\/2026\/04\/26\/nove-jogos-movimentaram-campeonato-estadual-sub-13-neste-sabado\/#primaryimage\"},\"thumbnailUrl\":\"https:\/\/progresso.com.br\/wp-content\/uploads\/2026\/04\/DAC-x-ISM-2504-MN.jpg\",\"articleSection\":[\"Esporte\"],\"inLanguage\":\"pt-BR\",\"potentialAction\":[{\"@type\":\"CommentAction\",\"name\":\"Comment\",\"target\":[\"https:\/\/progresso.com.br\/index.php\/2026\/04\/26\/nove-jogos-movimentaram-campeonato-estadual-sub-13-neste-sabado\/#respond\"]}]},{\"@type\":\"WebPage\",\"@id\":\"https:\/\/progresso.com.br\/index.php\/2026\/04\/26\/nove-jogos-movimentaram-campeonato-estadual-sub-13-neste-sabado\/\",\"url\":\"https:\/\/progresso.com.br\/index.php\/2026\/04\/26\/nove-jogos-movimentaram-campeonato-estadual-sub-13-neste-sabado\/\",\"name\":\"Nove jogos movimentaram Campeonato Estadual Sub-13 neste s\u00e1bado - O PROGRESSO\",\"isPartOf\":{\"@id\":\"https:\/\/progresso.com.br\/#website\"},\"primaryImageOfPage\":{\"@id\":\"https:\/\/progresso.com.br\/index.php\/2026\/04\/26\/nove-jogos-movimentaram-campeonato-estadual-sub-13-neste-sabado\/#primaryimage\"},\"image\":{\"@id\":\"https:\/\/progresso.com.br\/index.php\/2026\/04\/26\/nove-jogos-movimentaram-campeonato-estadual-sub-13-neste-sabado\/#primaryimage\"},\"thumbnailUrl\":\"https:\/\/progresso.com.br\/wp-content\/uploads\/2026\/04\/DAC-x-ISM-2504-MN.jpg\",\"datePublished\":\"2026-04-26T13:17:00+00:00\",\"breadcrumb\":{\"@id\":\"https:\/\/progresso.com.br\/index.php\/2026\/04\/26\/nove-jogos-movimentaram-campeonato-estadual-sub-13-neste-sabado\/#breadcrumb\"},\"inLanguage\":\"pt-BR\",\"potentialAction\":[{\"@type\":\"ReadAction\",\"target\":[\"https:\/\/progresso.com.br\/index.php\/2026\/04\/26\/nove-jogos-movimentaram-campeonato-estadual-sub-13-neste-sabado\/\"]}]},{\"@type\":\"ImageObject\",\"inLanguage\":\"pt-BR\",\"@id\":\"https:\/\/progresso.com.br\/index.php\/2026\/04\/26\/nove-jogos-movimentaram-campeonato-estadual-sub-13-neste-sabado\/#primaryimage\",\"url\":\"https:\/\/progresso.com.br\/wp-content\/uploads\/2026\/04\/DAC-x-ISM-2504-MN.jpg\",\"contentUrl\":\"https:\/\/progresso.com.br\/wp-content\/uploads\/2026\/04\/DAC-x-ISM-2504-MN.jpg\",\"width\":1280,\"height\":853,\"caption\":\"DAC venceu o Instituto Ismaily por 2 a 1 no Est\u00e1dio Chavinha, em Itapor\u00e3 (Foto: Mari Nakano)\"},{\"@type\":\"BreadcrumbList\",\"@id\":\"https:\/\/progresso.com.br\/index.php\/2026\/04\/26\/nove-jogos-movimentaram-campeonato-estadual-sub-13-neste-sabado\/#breadcrumb\",\"itemListElement\":[{\"@type\":\"ListItem\",\"position\":1,\"name\":\"In\u00edcio\",\"item\":\"https:\/\/progresso.com.br\/\"},{\"@type\":\"ListItem\",\"position\":2,\"name\":\"Nove jogos movimentaram Campeonato Estadual Sub-13 neste s\u00e1bado\"}]},{\"@type\":\"WebSite\",\"@id\":\"https:\/\/progresso.com.br\/#website\",\"url\":\"https:\/\/progresso.com.br\/\",\"name\":\"O PROGRESSO\",\"description\":\"\",\"publisher\":{\"@id\":\"https:\/\/progresso.com.br\/#organization\"},\"potentialAction\":[{\"@type\":\"SearchAction\",\"target\":{\"@type\":\"EntryPoint\",\"urlTemplate\":\"https:\/\/progresso.com.br\/?s={search_term_string}\"},\"query-input\":{\"@type\":\"PropertyValueSpecification\",\"valueRequired\":true,\"valueName\":\"search_term_string\"}}],\"inLanguage\":\"pt-BR\"},{\"@type\":\"Organization\",\"@id\":\"https:\/\/progresso.com.br\/#organization\",\"name\":\"O PROGRESSO\",\"url\":\"https:\/\/progresso.com.br\/\",\"logo\":{\"@type\":\"ImageObject\",\"inLanguage\":\"pt-BR\",\"@id\":\"https:\/\/progresso.com.br\/#\/schema\/logo\/image\/\",\"url\":\"https:\/\/progresso.com.br\/wp-content\/uploads\/2026\/03\/logo_proog.jpg\",\"contentUrl\":\"https:\/\/progresso.com.br\/wp-content\/uploads\/2026\/03\/logo_proog.jpg\",\"width\":1960,\"height\":1080,\"caption\":\"O PROGRESSO\"},\"image\":{\"@id\":\"https:\/\/progresso.com.br\/#\/schema\/logo\/image\/\"},\"sameAs\":[\"https:\/\/www.facebook.com\/share\/1CeoksKBj6\/\",\"https:\/\/www.instagram.com\/oprogresso_digital\"]},{\"@type\":\"Person\",\"@id\":\"https:\/\/progresso.com.br\/#\/schema\/person\/471791cc575a7e23811d1070fa9d20ee\",\"name\":\"Rog\u00e9rio Vidmantas\",\"image\":{\"@type\":\"ImageObject\",\"inLanguage\":\"pt-BR\",\"@id\":\"https:\/\/progresso.com.br\/#\/schema\/person\/image\/\",\"url\":\"https:\/\/secure.gravatar.com\/avatar\/10a86aae4992f407879fa7e12fb476cdff79509ad9ec42967d62b4fbcee7c57b?s=96&d=mm&r=g\",\"contentUrl\":\"https:\/\/secure.gravatar.com\/avatar\/10a86aae4992f407879fa7e12fb476cdff79509ad9ec42967d62b4fbcee7c57b?s=96&d=mm&r=g\",\"caption\":\"Rog\u00e9rio Vidmantas\"},\"url\":\"https:\/\/progresso.com.br\/index.php\/author\/vidmantas\/\"}]}<\/script>\n<!-- \/ Yoast SEO plugin. -->","yoast_head_json":{"title":"Nove jogos movimentaram Campeonato Estadual Sub-13 neste s\u00e1bado - O PROGRESSO","robots":{"index":"index","follow":"follow","max-snippet":"max-snippet:-1","max-image-preview":"max-image-preview:large","max-video-preview":"max-video-preview:-1"},"canonical":"https:\/\/progresso.com.br\/index.php\/2026\/04\/26\/nove-jogos-movimentaram-campeonato-estadual-sub-13-neste-sabado\/","og_locale":"pt_BR","og_type":"article","og_title":"Nove jogos movimentaram Campeonato Estadual Sub-13 neste s\u00e1bado - O PROGRESSO","og_description":"Foram tr\u00eas jogos na Capital e outros seis espalhados pelas cidades do Interior Rog\u00e9rio Vidmantas O Campeonato Sul-Mato-Grossense Sub-13 teve, neste s\u00e1bado (25), nove partidas, tr\u00eas delas em Campo Grande e outras distribu\u00eddas em outros seis munic\u00edpios. Confira os resultados da oitava rodada da primeira fase: Campo Grande EC Comercial 5 x 0 \u00cdcaro FC [&hellip;]","og_url":"https:\/\/progresso.com.br\/index.php\/2026\/04\/26\/nove-jogos-movimentaram-campeonato-estadual-sub-13-neste-sabado\/","og_site_name":"O PROGRESSO","article_publisher":"https:\/\/www.facebook.com\/share\/1CeoksKBj6\/","article_published_time":"2026-04-26T13:17:00+00:00","og_image":[{"width":1280,"height":853,"url":"https:\/\/progresso.com.br\/wp-content\/uploads\/2026\/04\/DAC-x-ISM-2504-MN.jpg","type":"image\/jpeg"}],"author":"Rog\u00e9rio Vidmantas","twitter_card":"summary_large_image","twitter_misc":{"Escrito por":"Rog\u00e9rio Vidmantas","Est. tempo de leitura":"1 minuto"},"schema":{"@context":"https:\/\/schema.org","@graph":[{"@type":"Article","@id":"https:\/\/progresso.com.br\/index.php\/2026\/04\/26\/nove-jogos-movimentaram-campeonato-estadual-sub-13-neste-sabado\/#article","isPartOf":{"@id":"https:\/\/progresso.com.br\/index.php\/2026\/04\/26\/nove-jogos-movimentaram-campeonato-estadual-sub-13-neste-sabado\/"},"author":{"name":"Rog\u00e9rio Vidmantas","@id":"https:\/\/progresso.com.br\/#\/schema\/person\/471791cc575a7e23811d1070fa9d20ee"},"headline":"Nove jogos movimentaram Campeonato Estadual Sub-13 neste s\u00e1bado","datePublished":"2026-04-26T13:17:00+00:00","mainEntityOfPage":{"@id":"https:\/\/progresso.com.br\/index.php\/2026\/04\/26\/nove-jogos-movimentaram-campeonato-estadual-sub-13-neste-sabado\/"},"wordCount":159,"commentCount":0,"publisher":{"@id":"https:\/\/progresso.com.br\/#organization"},"image":{"@id":"https:\/\/progresso.com.br\/index.php\/2026\/04\/26\/nove-jogos-movimentaram-campeonato-estadual-sub-13-neste-sabado\/#primaryimage"},"thumbnailUrl":"https:\/\/progresso.com.br\/wp-content\/uploads\/2026\/04\/DAC-x-ISM-2504-MN.jpg","articleSection":["Esporte"],"inLanguage":"pt-BR","potentialAction":[{"@type":"CommentAction","name":"Comment","target":["https:\/\/progresso.com.br\/index.php\/2026\/04\/26\/nove-jogos-movimentaram-campeonato-estadual-sub-13-neste-sabado\/#respond"]}]},{"@type":"WebPage","@id":"https:\/\/progresso.com.br\/index.php\/2026\/04\/26\/nove-jogos-movimentaram-campeonato-estadual-sub-13-neste-sabado\/","url":"https:\/\/progresso.com.br\/index.php\/2026\/04\/26\/nove-jogos-movimentaram-campeonato-estadual-sub-13-neste-sabado\/","name":"Nove jogos movimentaram Campeonato Estadual Sub-13 neste s\u00e1bado - O PROGRESSO","isPartOf":{"@id":"https:\/\/progresso.com.br\/#website"},"primaryImageOfPage":{"@id":"https:\/\/progresso.com.br\/index.php\/2026\/04\/26\/nove-jogos-movimentaram-campeonato-estadual-sub-13-neste-sabado\/#primaryimage"},"image":{"@id":"https:\/\/progresso.com.br\/index.php\/2026\/04\/26\/nove-jogos-movimentaram-campeonato-estadual-sub-13-neste-sabado\/#primaryimage"},"thumbnailUrl":"https:\/\/progresso.com.br\/wp-content\/uploads\/2026\/04\/DAC-x-ISM-2504-MN.jpg","datePublished":"2026-04-26T13:17:00+00:00","breadcrumb":{"@id":"https:\/\/progresso.com.br\/index.php\/2026\/04\/26\/nove-jogos-movimentaram-campeonato-estadual-sub-13-neste-sabado\/#breadcrumb"},"inLanguage":"pt-BR","potentialAction":[{"@type":"ReadAction","target":["https:\/\/progresso.com.br\/index.php\/2026\/04\/26\/nove-jogos-movimentaram-campeonato-estadual-sub-13-neste-sabado\/"]}]},{"@type":"ImageObject","inLanguage":"pt-BR","@id":"https:\/\/progresso.com.br\/index.php\/2026\/04\/26\/nove-jogos-movimentaram-campeonato-estadual-sub-13-neste-sabado\/#primaryimage","url":"https:\/\/progresso.com.br\/wp-content\/uploads\/2026\/04\/DAC-x-ISM-2504-MN.jpg","contentUrl":"https:\/\/progresso.com.br\/wp-content\/uploads\/2026\/04\/DAC-x-ISM-2504-MN.jpg","width":1280,"height":853,"caption":"DAC venceu o Instituto Ismaily por 2 a 1 no Est\u00e1dio Chavinha, em Itapor\u00e3 (Foto: Mari Nakano)"},{"@type":"BreadcrumbList","@id":"https:\/\/progresso.com.br\/index.php\/2026\/04\/26\/nove-jogos-movimentaram-campeonato-estadual-sub-13-neste-sabado\/#breadcrumb","itemListElement":[{"@type":"ListItem","position":1,"name":"In\u00edcio","item":"https:\/\/progresso.com.br\/"},{"@type":"ListItem","position":2,"name":"Nove jogos movimentaram Campeonato Estadual Sub-13 neste s\u00e1bado"}]},{"@type":"WebSite","@id":"https:\/\/progresso.com.br\/#website","url":"https:\/\/progresso.com.br\/","name":"O PROGRESSO","description":"","publisher":{"@id":"https:\/\/progresso.com.br\/#organization"},"potentialAction":[{"@type":"SearchAction","target":{"@type":"EntryPoint","urlTemplate":"https:\/\/progresso.com.br\/?s={search_term_string}"},"query-input":{"@type":"PropertyValueSpecification","valueRequired":true,"valueName":"search_term_string"}}],"inLanguage":"pt-BR"},{"@type":"Organization","@id":"https:\/\/progresso.com.br\/#organization","name":"O PROGRESSO","url":"https:\/\/progresso.com.br\/","logo":{"@type":"ImageObject","inLanguage":"pt-BR","@id":"https:\/\/progresso.com.br\/#\/schema\/logo\/image\/","url":"https:\/\/progresso.com.br\/wp-content\/uploads\/2026\/03\/logo_proog.jpg","contentUrl":"https:\/\/progresso.com.br\/wp-content\/uploads\/2026\/03\/logo_proog.jpg","width":1960,"height":1080,"caption":"O PROGRESSO"},"image":{"@id":"https:\/\/progresso.com.br\/#\/schema\/logo\/image\/"},"sameAs":["https:\/\/www.facebook.com\/share\/1CeoksKBj6\/","https:\/\/www.instagram.com\/oprogresso_digital"]},{"@type":"Person","@id":"https:\/\/progresso.com.br\/#\/schema\/person\/471791cc575a7e23811d1070fa9d20ee","name":"Rog\u00e9rio Vidmantas","image":{"@type":"ImageObject","inLanguage":"pt-BR","@id":"https:\/\/progresso.com.br\/#\/schema\/person\/image\/","url":"https:\/\/secure.gravatar.com\/avatar\/10a86aae4992f407879fa7e12fb476cdff79509ad9ec42967d62b4fbcee7c57b?s=96&d=mm&r=g","contentUrl":"https:\/\/secure.gravatar.com\/avatar\/10a86aae4992f407879fa7e12fb476cdff79509ad9ec42967d62b4fbcee7c57b?s=96&d=mm&r=g","caption":"Rog\u00e9rio Vidmantas"},"url":"https:\/\/progresso.com.br\/index.php\/author\/vidmantas\/"}]}},"_links":{"self":[{"href":"https:\/\/progresso.com.br\/index.php\/wp-json\/wp\/v2\/posts\/4790","targetHints":{"allow":["GET"]}}],"collection":[{"href":"https:\/\/progresso.com.br\/index.php\/wp-json\/wp\/v2\/posts"}],"about":[{"href":"https:\/\/progresso.com.br\/index.php\/wp-json\/wp\/v2\/types\/post"}],"author":[{"embeddable":true,"href":"https:\/\/progresso.com.br\/index.php\/wp-json\/wp\/v2\/users\/5"}],"replies":[{"embeddable":true,"href":"https:\/\/progresso.com.br\/index.php\/wp-json\/wp\/v2\/comments?post=4790"}],"version-history":[{"count":1,"href":"https:\/\/progresso.com.br\/index.php\/wp-json\/wp\/v2\/posts\/4790\/revisions"}],"predecessor-version":[{"id":4792,"href":"https:\/\/progresso.com.br\/index.php\/wp-json\/wp\/v2\/posts\/4790\/revisions\/4792"}],"wp:featuredmedia":[{"embeddable":true,"href":"https:\/\/progresso.com.br\/index.php\/wp-json\/wp\/v2\/media\/4791"}],"wp:attachment":[{"href":"https:\/\/progresso.com.br\/index.php\/wp-json\/wp\/v2\/media?parent=4790"}],"wp:term":[{"taxonomy":"category","embeddable":true,"href":"https:\/\/progresso.com.br\/index.php\/wp-json\/wp\/v2\/categories?post=4790"},{"taxonomy":"post_tag","embeddable":true,"href":"https:\/\/progresso.com.br\/index.php\/wp-json\/wp\/v2\/tags?post=4790"}],"curies":[{"name":"wp","href":"https:\/\/api.w.org\/{rel}","templated":true}]}}