{"id":4794,"date":"2026-04-27T08:01:00","date_gmt":"2026-04-27T12:01:00","guid":{"rendered":"https:\/\/progresso.com.br\/?p=4794"},"modified":"2026-04-27T05:52:45","modified_gmt":"2026-04-27T09:52:45","slug":"vacinacao-nas-escolas-segue-ate-dia-30-e-meta-e-imunizar-27-milhoes","status":"publish","type":"post","link":"https:\/\/progresso.com.br\/index.php\/2026\/04\/27\/vacinacao-nas-escolas-segue-ate-dia-30-e-meta-e-imunizar-27-milhoes\/","title":{"rendered":"Vacina\u00e7\u00e3o nas escolas segue at\u00e9 dia 30 e meta \u00e9 imunizar 27 milh\u00f5es"},"content":{"rendered":"\n<p><strong><em>Governo Federal refor\u00e7a uso da Caderneta Digital de Vacina\u00e7\u00e3o da Crian\u00e7a<br><\/em><\/strong><\/p>\n\n\n\n<p><em>Ag\u00eancia Brasil<\/em><\/p>\n\n\n\n<p>A Semana de Vacina\u00e7\u00e3o nas Escolas tem meta de imunizar 27 milh\u00f5es de estudantes de escolas p\u00fablicas do pa\u00eds at\u00e9 a pr\u00f3xima quinta-feira (30). A campanha que come\u00e7ou nesta sexta-feira (24) visa atualizar a caderneta de vacina\u00e7\u00e3o de crian\u00e7as e adolescentes de 9 meses a 15 anos com a oferta de seis tipos de imunizantes.<\/p>\n\n\n\n<p>As vacinas ofertadas s\u00e3o: HPV, febre amarela, tr\u00edplice viral, tr\u00edplice bacteriana (DTP), meningoc\u00f3cica ACWY e covid-19. A estrat\u00e9gia tamb\u00e9m inclui a vacina\u00e7\u00e3o contra o HPV para jovens de 15 a 19 anos que ainda n\u00e3o se imunizaram.<\/p>\n\n\n\n<p>A vacina\u00e7\u00e3o \u00e9 realizada por profissionais de sa\u00fade, mediante autoriza\u00e7\u00e3o dos pais ou respons\u00e1veis, e integra o Programa Sa\u00fade na Escola (PSE), parceria entre os minist\u00e9rios da Sa\u00fade e da Educa\u00e7\u00e3o.<\/p>\n\n\n\n<p>O governo tamb\u00e9m refor\u00e7a o uso da Caderneta Digital de Vacina\u00e7\u00e3o da Crian\u00e7a, dispon\u00edvel no aplicativo Meu SUS Digital. Lan\u00e7ada em abril de 2025, a ferramenta j\u00e1 soma mais de 3,3 milh\u00f5es de acessos e permite acompanhar o hist\u00f3rico de vacinas e consultar as pr\u00f3ximas doses.<\/p>\n\n\n\n<p>Agora, o aplicativo tem uma nova funcionalidade e passou a enviar lembretes autom\u00e1ticos para pais, m\u00e3es e respons\u00e1veis, de acordo com a idade das crian\u00e7as, incentivando a atualiza\u00e7\u00e3o da caderneta.<\/p>\n\n\n\n<p><strong>Cobertura vacinal<\/strong><\/p>\n\n\n\n<p>Em comunicado, o Minist\u00e9rio da Sa\u00fade destacou a revers\u00e3o da queda hist\u00f3rica nas coberturas vacinais registrada nos anos anteriores, agravada pelos impactos da pandemia de covid-19. De acordo com a pasta, em 2025, todas as vacinas do calend\u00e1rio infantil apresentaram aumento de cobertura em rela\u00e7\u00e3o a 2022.<\/p>\n\n\n\n<p>A tr\u00edplice viral, que protege contra sarampo, caxumba e rub\u00e9ola, chegou a 92,96% de cobertura, ante 80,7% em 2022, mantendo o Brasil livre do sarampo, mesmo diante do avan\u00e7o de casos na Am\u00e9rica do Norte.<\/p>\n\n\n\n<p>A vacina\u00e7\u00e3o contra o HPV, que previne o c\u00e2ncer de colo de \u00fatero, tamb\u00e9m avan\u00e7ou. A cobertura chegou a 86,11% entre meninas de 9 a 14 anos e a 74,46% entre os meninos. No p\u00fablico feminino, o \u00edndice \u00e9 cinco vezes superior \u00e0 m\u00e9dia mundial.<\/p>\n\n\n\n<p>No caso da meningite, a cobertura da vacina meningoc\u00f3cica ACWY passou de 45,8% em 2022 para 67,75% em 2025.<\/p>\n","protected":false},"excerpt":{"rendered":"<p>Governo Federal refor\u00e7a uso da Caderneta Digital de Vacina\u00e7\u00e3o da Crian\u00e7a Ag\u00eancia Brasil A Semana de Vacina\u00e7\u00e3o nas Escolas tem meta de imunizar 27 milh\u00f5es de estudantes de escolas p\u00fablicas do pa\u00eds at\u00e9 a pr\u00f3xima quinta-feira (30). A campanha que come\u00e7ou nesta sexta-feira (24) visa atualizar a caderneta de vacina\u00e7\u00e3o de crian\u00e7as e adolescentes de [&hellip;]<\/p>\n","protected":false},"author":5,"featured_media":4796,"comment_status":"open","ping_status":"open","sticky":false,"template":"","format":"standard","meta":{"footnotes":""},"categories":[30,13,2],"tags":[],"class_list":["post-4794","post","type-post","status-publish","format-standard","has-post-thumbnail","hentry","category-brasil","category-cotidiano","category-destaque"],"yoast_head":"<!-- This site is optimized with the Yoast SEO plugin v27.1.1 - https:\/\/yoast.com\/product\/yoast-seo-wordpress\/ -->\n<title>Vacina\u00e7\u00e3o nas escolas segue at\u00e9 dia 30 e meta \u00e9 imunizar 27 milh\u00f5es - O PROGRESSO<\/title>\n<meta name=\"robots\" content=\"index, follow, max-snippet:-1, max-image-preview:large, max-video-preview:-1\" \/>\n<link rel=\"canonical\" href=\"https:\/\/progresso.com.br\/index.php\/2026\/04\/27\/vacinacao-nas-escolas-segue-ate-dia-30-e-meta-e-imunizar-27-milhoes\/\" \/>\n<meta property=\"og:locale\" content=\"pt_BR\" \/>\n<meta property=\"og:type\" content=\"article\" \/>\n<meta property=\"og:title\" content=\"Vacina\u00e7\u00e3o nas escolas segue at\u00e9 dia 30 e meta \u00e9 imunizar 27 milh\u00f5es - O PROGRESSO\" \/>\n<meta property=\"og:description\" content=\"Governo Federal refor\u00e7a uso da Caderneta Digital de Vacina\u00e7\u00e3o da Crian\u00e7a Ag\u00eancia Brasil A Semana de Vacina\u00e7\u00e3o nas Escolas tem meta de imunizar 27 milh\u00f5es de estudantes de escolas p\u00fablicas do pa\u00eds at\u00e9 a pr\u00f3xima quinta-feira (30). A campanha que come\u00e7ou nesta sexta-feira (24) visa atualizar a caderneta de vacina\u00e7\u00e3o de crian\u00e7as e adolescentes de [&hellip;]\" \/>\n<meta property=\"og:url\" content=\"https:\/\/progresso.com.br\/index.php\/2026\/04\/27\/vacinacao-nas-escolas-segue-ate-dia-30-e-meta-e-imunizar-27-milhoes\/\" \/>\n<meta property=\"og:site_name\" content=\"O PROGRESSO\" \/>\n<meta property=\"article:publisher\" content=\"https:\/\/www.facebook.com\/share\/1CeoksKBj6\/\" \/>\n<meta property=\"article:published_time\" content=\"2026-04-27T12:01:00+00:00\" \/>\n<meta property=\"og:image\" content=\"https:\/\/progresso.com.br\/wp-content\/uploads\/2026\/04\/Vacinacao-AB-scaled.jpg\" \/>\n\t<meta property=\"og:image:width\" content=\"2560\" \/>\n\t<meta property=\"og:image:height\" content=\"1707\" \/>\n\t<meta property=\"og:image:type\" content=\"image\/jpeg\" \/>\n<meta name=\"author\" content=\"Rog\u00e9rio Vidmantas\" \/>\n<meta name=\"twitter:card\" content=\"summary_large_image\" \/>\n<meta name=\"twitter:label1\" content=\"Escrito por\" \/>\n\t<meta name=\"twitter:data1\" content=\"Rog\u00e9rio Vidmantas\" \/>\n\t<meta name=\"twitter:label2\" content=\"Est. tempo de leitura\" \/>\n\t<meta name=\"twitter:data2\" content=\"3 minutos\" \/>\n<script type=\"application\/ld+json\" class=\"yoast-schema-graph\">{\"@context\":\"https:\/\/schema.org\",\"@graph\":[{\"@type\":\"Article\",\"@id\":\"https:\/\/progresso.com.br\/index.php\/2026\/04\/27\/vacinacao-nas-escolas-segue-ate-dia-30-e-meta-e-imunizar-27-milhoes\/#article\",\"isPartOf\":{\"@id\":\"https:\/\/progresso.com.br\/index.php\/2026\/04\/27\/vacinacao-nas-escolas-segue-ate-dia-30-e-meta-e-imunizar-27-milhoes\/\"},\"author\":{\"name\":\"Rog\u00e9rio Vidmantas\",\"@id\":\"https:\/\/progresso.com.br\/#\/schema\/person\/471791cc575a7e23811d1070fa9d20ee\"},\"headline\":\"Vacina\u00e7\u00e3o nas escolas segue at\u00e9 dia 30 e meta \u00e9 imunizar 27 milh\u00f5es\",\"datePublished\":\"2026-04-27T12:01:00+00:00\",\"mainEntityOfPage\":{\"@id\":\"https:\/\/progresso.com.br\/index.php\/2026\/04\/27\/vacinacao-nas-escolas-segue-ate-dia-30-e-meta-e-imunizar-27-milhoes\/\"},\"wordCount\":406,\"commentCount\":0,\"publisher\":{\"@id\":\"https:\/\/progresso.com.br\/#organization\"},\"image\":{\"@id\":\"https:\/\/progresso.com.br\/index.php\/2026\/04\/27\/vacinacao-nas-escolas-segue-ate-dia-30-e-meta-e-imunizar-27-milhoes\/#primaryimage\"},\"thumbnailUrl\":\"https:\/\/progresso.com.br\/wp-content\/uploads\/2026\/04\/Vacinacao-AB-scaled.jpg\",\"articleSection\":[\"Brasil\",\"Cotidiano\",\"Em destaque\"],\"inLanguage\":\"pt-BR\",\"potentialAction\":[{\"@type\":\"CommentAction\",\"name\":\"Comment\",\"target\":[\"https:\/\/progresso.com.br\/index.php\/2026\/04\/27\/vacinacao-nas-escolas-segue-ate-dia-30-e-meta-e-imunizar-27-milhoes\/#respond\"]}]},{\"@type\":\"WebPage\",\"@id\":\"https:\/\/progresso.com.br\/index.php\/2026\/04\/27\/vacinacao-nas-escolas-segue-ate-dia-30-e-meta-e-imunizar-27-milhoes\/\",\"url\":\"https:\/\/progresso.com.br\/index.php\/2026\/04\/27\/vacinacao-nas-escolas-segue-ate-dia-30-e-meta-e-imunizar-27-milhoes\/\",\"name\":\"Vacina\u00e7\u00e3o nas escolas segue at\u00e9 dia 30 e meta \u00e9 imunizar 27 milh\u00f5es - O PROGRESSO\",\"isPartOf\":{\"@id\":\"https:\/\/progresso.com.br\/#website\"},\"primaryImageOfPage\":{\"@id\":\"https:\/\/progresso.com.br\/index.php\/2026\/04\/27\/vacinacao-nas-escolas-segue-ate-dia-30-e-meta-e-imunizar-27-milhoes\/#primaryimage\"},\"image\":{\"@id\":\"https:\/\/progresso.com.br\/index.php\/2026\/04\/27\/vacinacao-nas-escolas-segue-ate-dia-30-e-meta-e-imunizar-27-milhoes\/#primaryimage\"},\"thumbnailUrl\":\"https:\/\/progresso.com.br\/wp-content\/uploads\/2026\/04\/Vacinacao-AB-scaled.jpg\",\"datePublished\":\"2026-04-27T12:01:00+00:00\",\"breadcrumb\":{\"@id\":\"https:\/\/progresso.com.br\/index.php\/2026\/04\/27\/vacinacao-nas-escolas-segue-ate-dia-30-e-meta-e-imunizar-27-milhoes\/#breadcrumb\"},\"inLanguage\":\"pt-BR\",\"potentialAction\":[{\"@type\":\"ReadAction\",\"target\":[\"https:\/\/progresso.com.br\/index.php\/2026\/04\/27\/vacinacao-nas-escolas-segue-ate-dia-30-e-meta-e-imunizar-27-milhoes\/\"]}]},{\"@type\":\"ImageObject\",\"inLanguage\":\"pt-BR\",\"@id\":\"https:\/\/progresso.com.br\/index.php\/2026\/04\/27\/vacinacao-nas-escolas-segue-ate-dia-30-e-meta-e-imunizar-27-milhoes\/#primaryimage\",\"url\":\"https:\/\/progresso.com.br\/wp-content\/uploads\/2026\/04\/Vacinacao-AB-scaled.jpg\",\"contentUrl\":\"https:\/\/progresso.com.br\/wp-content\/uploads\/2026\/04\/Vacinacao-AB-scaled.jpg\",\"width\":2560,\"height\":1707,\"caption\":\"Vacinas ofertadas s\u00e3o: HPV, febre amarela, tr\u00edplice viral, tr\u00edplice bacteriana (DTP), meningoc\u00f3cica ACWY e covid-19 (Foto: Fabio Rodrigues-Pozzebom\/Ag\u00eancia Brasil)\"},{\"@type\":\"BreadcrumbList\",\"@id\":\"https:\/\/progresso.com.br\/index.php\/2026\/04\/27\/vacinacao-nas-escolas-segue-ate-dia-30-e-meta-e-imunizar-27-milhoes\/#breadcrumb\",\"itemListElement\":[{\"@type\":\"ListItem\",\"position\":1,\"name\":\"In\u00edcio\",\"item\":\"https:\/\/progresso.com.br\/\"},{\"@type\":\"ListItem\",\"position\":2,\"name\":\"Vacina\u00e7\u00e3o nas escolas segue at\u00e9 dia 30 e meta \u00e9 imunizar 27 milh\u00f5es\"}]},{\"@type\":\"WebSite\",\"@id\":\"https:\/\/progresso.com.br\/#website\",\"url\":\"https:\/\/progresso.com.br\/\",\"name\":\"O PROGRESSO\",\"description\":\"\",\"publisher\":{\"@id\":\"https:\/\/progresso.com.br\/#organization\"},\"potentialAction\":[{\"@type\":\"SearchAction\",\"target\":{\"@type\":\"EntryPoint\",\"urlTemplate\":\"https:\/\/progresso.com.br\/?s={search_term_string}\"},\"query-input\":{\"@type\":\"PropertyValueSpecification\",\"valueRequired\":true,\"valueName\":\"search_term_string\"}}],\"inLanguage\":\"pt-BR\"},{\"@type\":\"Organization\",\"@id\":\"https:\/\/progresso.com.br\/#organization\",\"name\":\"O PROGRESSO\",\"url\":\"https:\/\/progresso.com.br\/\",\"logo\":{\"@type\":\"ImageObject\",\"inLanguage\":\"pt-BR\",\"@id\":\"https:\/\/progresso.com.br\/#\/schema\/logo\/image\/\",\"url\":\"https:\/\/progresso.com.br\/wp-content\/uploads\/2026\/03\/logo_proog.jpg\",\"contentUrl\":\"https:\/\/progresso.com.br\/wp-content\/uploads\/2026\/03\/logo_proog.jpg\",\"width\":1960,\"height\":1080,\"caption\":\"O PROGRESSO\"},\"image\":{\"@id\":\"https:\/\/progresso.com.br\/#\/schema\/logo\/image\/\"},\"sameAs\":[\"https:\/\/www.facebook.com\/share\/1CeoksKBj6\/\",\"https:\/\/www.instagram.com\/oprogresso_digital\"]},{\"@type\":\"Person\",\"@id\":\"https:\/\/progresso.com.br\/#\/schema\/person\/471791cc575a7e23811d1070fa9d20ee\",\"name\":\"Rog\u00e9rio Vidmantas\",\"image\":{\"@type\":\"ImageObject\",\"inLanguage\":\"pt-BR\",\"@id\":\"https:\/\/progresso.com.br\/#\/schema\/person\/image\/\",\"url\":\"https:\/\/secure.gravatar.com\/avatar\/10a86aae4992f407879fa7e12fb476cdff79509ad9ec42967d62b4fbcee7c57b?s=96&d=mm&r=g\",\"contentUrl\":\"https:\/\/secure.gravatar.com\/avatar\/10a86aae4992f407879fa7e12fb476cdff79509ad9ec42967d62b4fbcee7c57b?s=96&d=mm&r=g\",\"caption\":\"Rog\u00e9rio Vidmantas\"},\"url\":\"https:\/\/progresso.com.br\/index.php\/author\/vidmantas\/\"}]}<\/script>\n<!-- \/ Yoast SEO plugin. -->","yoast_head_json":{"title":"Vacina\u00e7\u00e3o nas escolas segue at\u00e9 dia 30 e meta \u00e9 imunizar 27 milh\u00f5es - O PROGRESSO","robots":{"index":"index","follow":"follow","max-snippet":"max-snippet:-1","max-image-preview":"max-image-preview:large","max-video-preview":"max-video-preview:-1"},"canonical":"https:\/\/progresso.com.br\/index.php\/2026\/04\/27\/vacinacao-nas-escolas-segue-ate-dia-30-e-meta-e-imunizar-27-milhoes\/","og_locale":"pt_BR","og_type":"article","og_title":"Vacina\u00e7\u00e3o nas escolas segue at\u00e9 dia 30 e meta \u00e9 imunizar 27 milh\u00f5es - O PROGRESSO","og_description":"Governo Federal refor\u00e7a uso da Caderneta Digital de Vacina\u00e7\u00e3o da Crian\u00e7a Ag\u00eancia Brasil A Semana de Vacina\u00e7\u00e3o nas Escolas tem meta de imunizar 27 milh\u00f5es de estudantes de escolas p\u00fablicas do pa\u00eds at\u00e9 a pr\u00f3xima quinta-feira (30). A campanha que come\u00e7ou nesta sexta-feira (24) visa atualizar a caderneta de vacina\u00e7\u00e3o de crian\u00e7as e adolescentes de [&hellip;]","og_url":"https:\/\/progresso.com.br\/index.php\/2026\/04\/27\/vacinacao-nas-escolas-segue-ate-dia-30-e-meta-e-imunizar-27-milhoes\/","og_site_name":"O PROGRESSO","article_publisher":"https:\/\/www.facebook.com\/share\/1CeoksKBj6\/","article_published_time":"2026-04-27T12:01:00+00:00","og_image":[{"width":2560,"height":1707,"url":"https:\/\/progresso.com.br\/wp-content\/uploads\/2026\/04\/Vacinacao-AB-scaled.jpg","type":"image\/jpeg"}],"author":"Rog\u00e9rio Vidmantas","twitter_card":"summary_large_image","twitter_misc":{"Escrito por":"Rog\u00e9rio Vidmantas","Est. tempo de leitura":"3 minutos"},"schema":{"@context":"https:\/\/schema.org","@graph":[{"@type":"Article","@id":"https:\/\/progresso.com.br\/index.php\/2026\/04\/27\/vacinacao-nas-escolas-segue-ate-dia-30-e-meta-e-imunizar-27-milhoes\/#article","isPartOf":{"@id":"https:\/\/progresso.com.br\/index.php\/2026\/04\/27\/vacinacao-nas-escolas-segue-ate-dia-30-e-meta-e-imunizar-27-milhoes\/"},"author":{"name":"Rog\u00e9rio Vidmantas","@id":"https:\/\/progresso.com.br\/#\/schema\/person\/471791cc575a7e23811d1070fa9d20ee"},"headline":"Vacina\u00e7\u00e3o nas escolas segue at\u00e9 dia 30 e meta \u00e9 imunizar 27 milh\u00f5es","datePublished":"2026-04-27T12:01:00+00:00","mainEntityOfPage":{"@id":"https:\/\/progresso.com.br\/index.php\/2026\/04\/27\/vacinacao-nas-escolas-segue-ate-dia-30-e-meta-e-imunizar-27-milhoes\/"},"wordCount":406,"commentCount":0,"publisher":{"@id":"https:\/\/progresso.com.br\/#organization"},"image":{"@id":"https:\/\/progresso.com.br\/index.php\/2026\/04\/27\/vacinacao-nas-escolas-segue-ate-dia-30-e-meta-e-imunizar-27-milhoes\/#primaryimage"},"thumbnailUrl":"https:\/\/progresso.com.br\/wp-content\/uploads\/2026\/04\/Vacinacao-AB-scaled.jpg","articleSection":["Brasil","Cotidiano","Em destaque"],"inLanguage":"pt-BR","potentialAction":[{"@type":"CommentAction","name":"Comment","target":["https:\/\/progresso.com.br\/index.php\/2026\/04\/27\/vacinacao-nas-escolas-segue-ate-dia-30-e-meta-e-imunizar-27-milhoes\/#respond"]}]},{"@type":"WebPage","@id":"https:\/\/progresso.com.br\/index.php\/2026\/04\/27\/vacinacao-nas-escolas-segue-ate-dia-30-e-meta-e-imunizar-27-milhoes\/","url":"https:\/\/progresso.com.br\/index.php\/2026\/04\/27\/vacinacao-nas-escolas-segue-ate-dia-30-e-meta-e-imunizar-27-milhoes\/","name":"Vacina\u00e7\u00e3o nas escolas segue at\u00e9 dia 30 e meta \u00e9 imunizar 27 milh\u00f5es - O PROGRESSO","isPartOf":{"@id":"https:\/\/progresso.com.br\/#website"},"primaryImageOfPage":{"@id":"https:\/\/progresso.com.br\/index.php\/2026\/04\/27\/vacinacao-nas-escolas-segue-ate-dia-30-e-meta-e-imunizar-27-milhoes\/#primaryimage"},"image":{"@id":"https:\/\/progresso.com.br\/index.php\/2026\/04\/27\/vacinacao-nas-escolas-segue-ate-dia-30-e-meta-e-imunizar-27-milhoes\/#primaryimage"},"thumbnailUrl":"https:\/\/progresso.com.br\/wp-content\/uploads\/2026\/04\/Vacinacao-AB-scaled.jpg","datePublished":"2026-04-27T12:01:00+00:00","breadcrumb":{"@id":"https:\/\/progresso.com.br\/index.php\/2026\/04\/27\/vacinacao-nas-escolas-segue-ate-dia-30-e-meta-e-imunizar-27-milhoes\/#breadcrumb"},"inLanguage":"pt-BR","potentialAction":[{"@type":"ReadAction","target":["https:\/\/progresso.com.br\/index.php\/2026\/04\/27\/vacinacao-nas-escolas-segue-ate-dia-30-e-meta-e-imunizar-27-milhoes\/"]}]},{"@type":"ImageObject","inLanguage":"pt-BR","@id":"https:\/\/progresso.com.br\/index.php\/2026\/04\/27\/vacinacao-nas-escolas-segue-ate-dia-30-e-meta-e-imunizar-27-milhoes\/#primaryimage","url":"https:\/\/progresso.com.br\/wp-content\/uploads\/2026\/04\/Vacinacao-AB-scaled.jpg","contentUrl":"https:\/\/progresso.com.br\/wp-content\/uploads\/2026\/04\/Vacinacao-AB-scaled.jpg","width":2560,"height":1707,"caption":"Vacinas ofertadas s\u00e3o: HPV, febre amarela, tr\u00edplice viral, tr\u00edplice bacteriana (DTP), meningoc\u00f3cica ACWY e covid-19 (Foto: Fabio Rodrigues-Pozzebom\/Ag\u00eancia Brasil)"},{"@type":"BreadcrumbList","@id":"https:\/\/progresso.com.br\/index.php\/2026\/04\/27\/vacinacao-nas-escolas-segue-ate-dia-30-e-meta-e-imunizar-27-milhoes\/#breadcrumb","itemListElement":[{"@type":"ListItem","position":1,"name":"In\u00edcio","item":"https:\/\/progresso.com.br\/"},{"@type":"ListItem","position":2,"name":"Vacina\u00e7\u00e3o nas escolas segue at\u00e9 dia 30 e meta \u00e9 imunizar 27 milh\u00f5es"}]},{"@type":"WebSite","@id":"https:\/\/progresso.com.br\/#website","url":"https:\/\/progresso.com.br\/","name":"O PROGRESSO","description":"","publisher":{"@id":"https:\/\/progresso.com.br\/#organization"},"potentialAction":[{"@type":"SearchAction","target":{"@type":"EntryPoint","urlTemplate":"https:\/\/progresso.com.br\/?s={search_term_string}"},"query-input":{"@type":"PropertyValueSpecification","valueRequired":true,"valueName":"search_term_string"}}],"inLanguage":"pt-BR"},{"@type":"Organization","@id":"https:\/\/progresso.com.br\/#organization","name":"O PROGRESSO","url":"https:\/\/progresso.com.br\/","logo":{"@type":"ImageObject","inLanguage":"pt-BR","@id":"https:\/\/progresso.com.br\/#\/schema\/logo\/image\/","url":"https:\/\/progresso.com.br\/wp-content\/uploads\/2026\/03\/logo_proog.jpg","contentUrl":"https:\/\/progresso.com.br\/wp-content\/uploads\/2026\/03\/logo_proog.jpg","width":1960,"height":1080,"caption":"O PROGRESSO"},"image":{"@id":"https:\/\/progresso.com.br\/#\/schema\/logo\/image\/"},"sameAs":["https:\/\/www.facebook.com\/share\/1CeoksKBj6\/","https:\/\/www.instagram.com\/oprogresso_digital"]},{"@type":"Person","@id":"https:\/\/progresso.com.br\/#\/schema\/person\/471791cc575a7e23811d1070fa9d20ee","name":"Rog\u00e9rio Vidmantas","image":{"@type":"ImageObject","inLanguage":"pt-BR","@id":"https:\/\/progresso.com.br\/#\/schema\/person\/image\/","url":"https:\/\/secure.gravatar.com\/avatar\/10a86aae4992f407879fa7e12fb476cdff79509ad9ec42967d62b4fbcee7c57b?s=96&d=mm&r=g","contentUrl":"https:\/\/secure.gravatar.com\/avatar\/10a86aae4992f407879fa7e12fb476cdff79509ad9ec42967d62b4fbcee7c57b?s=96&d=mm&r=g","caption":"Rog\u00e9rio Vidmantas"},"url":"https:\/\/progresso.com.br\/index.php\/author\/vidmantas\/"}]}},"_links":{"self":[{"href":"https:\/\/progresso.com.br\/index.php\/wp-json\/wp\/v2\/posts\/4794","targetHints":{"allow":["GET"]}}],"collection":[{"href":"https:\/\/progresso.com.br\/index.php\/wp-json\/wp\/v2\/posts"}],"about":[{"href":"https:\/\/progresso.com.br\/index.php\/wp-json\/wp\/v2\/types\/post"}],"author":[{"embeddable":true,"href":"https:\/\/progresso.com.br\/index.php\/wp-json\/wp\/v2\/users\/5"}],"replies":[{"embeddable":true,"href":"https:\/\/progresso.com.br\/index.php\/wp-json\/wp\/v2\/comments?post=4794"}],"version-history":[{"count":1,"href":"https:\/\/progresso.com.br\/index.php\/wp-json\/wp\/v2\/posts\/4794\/revisions"}],"predecessor-version":[{"id":4798,"href":"https:\/\/progresso.com.br\/index.php\/wp-json\/wp\/v2\/posts\/4794\/revisions\/4798"}],"wp:featuredmedia":[{"embeddable":true,"href":"https:\/\/progresso.com.br\/index.php\/wp-json\/wp\/v2\/media\/4796"}],"wp:attachment":[{"href":"https:\/\/progresso.com.br\/index.php\/wp-json\/wp\/v2\/media?parent=4794"}],"wp:term":[{"taxonomy":"category","embeddable":true,"href":"https:\/\/progresso.com.br\/index.php\/wp-json\/wp\/v2\/categories?post=4794"},{"taxonomy":"post_tag","embeddable":true,"href":"https:\/\/progresso.com.br\/index.php\/wp-json\/wp\/v2\/tags?post=4794"}],"curies":[{"name":"wp","href":"https:\/\/api.w.org\/{rel}","templated":true}]}}