{"id":4795,"date":"2026-04-26T09:45:41","date_gmt":"2026-04-26T13:45:41","guid":{"rendered":"https:\/\/progresso.com.br\/?p=4795"},"modified":"2026-04-26T09:45:42","modified_gmt":"2026-04-26T13:45:42","slug":"homem-atira-durante-jantar-de-trump-com-correspondentes-em-washington","status":"publish","type":"post","link":"https:\/\/progresso.com.br\/index.php\/2026\/04\/26\/homem-atira-durante-jantar-de-trump-com-correspondentes-em-washington\/","title":{"rendered":"Homem atira durante jantar de Trump com correspondentes em Washington"},"content":{"rendered":"\n<p>Um homem fez disparos na noite de s\u00e1bado (25) durante um jantar, num hotel em Washington, do presidente Donald Trump\u00a0com correspondentes que cobrem a Casa Branca.<img decoding=\"async\" src=\"https:\/\/agenciabrasil.ebc.com.br\/ebc.png?id=1687255&amp;o=node\"><img decoding=\"async\" src=\"https:\/\/agenciabrasil.ebc.com.br\/ebc.gif?id=1687255&amp;o=node\"><\/p>\n\n\n\n<p>Tiros foram ouvidos nas imedia\u00e7\u00f5es do local do evento e o\u00a0presidente e a primeira-dama Melania Trump\u00a0foram retirados rapidamente do lugar pelo Servi\u00e7o Secreto norte-americano. O suspeito de ter feito o ataque foi preso.<\/p>\n\n\n\n<p>Segundo informa\u00e7\u00f5es obtidas pela Reuters, o suspeito atirou em um agente do servi\u00e7o secreto, mas n\u00e3o se feriu gra\u00e7as ao colete \u00e0 prova de balas que usava. Al\u00e9m dos disparos, testemunhas disseram a ag\u00eancias internacionais que tamb\u00e9m foram ouvidas explos\u00f5es na \u00e1rea pr\u00f3xima ao hotel.<\/p>\n\n\n\n<p>O jantar teve as presen\u00e7as do vice-presidente J.D. Vance e do secret\u00e1rio de Estado Marco Rubio. Eles tamb\u00e9m foram retirados do hotel e est\u00e3o em seguran\u00e7a.<\/p>\n\n\n\n<p>O presidente Trump deu uma entrevista coletiva na Casa Branca ap\u00f3s o ataque e disse que o atirador \u00e9 um &#8220;lobo solit\u00e1rio&#8221;, termo usado para descrever supostos criminosos que atuam sozinhos.<\/p>\n\n\n\n<figure class=\"wp-block-image size-full\"><img loading=\"lazy\" decoding=\"async\" width=\"923\" height=\"693\" src=\"https:\/\/progresso.com.br\/wp-content\/uploads\/2026\/04\/Trump-suspeito.webp\" alt=\"\" class=\"wp-image-4800\" srcset=\"https:\/\/progresso.com.br\/wp-content\/uploads\/2026\/04\/Trump-suspeito.webp 923w, https:\/\/progresso.com.br\/wp-content\/uploads\/2026\/04\/Trump-suspeito-300x225.webp 300w, https:\/\/progresso.com.br\/wp-content\/uploads\/2026\/04\/Trump-suspeito-768x577.webp 768w, https:\/\/progresso.com.br\/wp-content\/uploads\/2026\/04\/Trump-suspeito-559x420.webp 559w, https:\/\/progresso.com.br\/wp-content\/uploads\/2026\/04\/Trump-suspeito-80x60.webp 80w, https:\/\/progresso.com.br\/wp-content\/uploads\/2026\/04\/Trump-suspeito-100x75.webp 100w, https:\/\/progresso.com.br\/wp-content\/uploads\/2026\/04\/Trump-suspeito-180x135.webp 180w, https:\/\/progresso.com.br\/wp-content\/uploads\/2026\/04\/Trump-suspeito-238x178.webp 238w, https:\/\/progresso.com.br\/wp-content\/uploads\/2026\/04\/Trump-suspeito-265x198.webp 265w, https:\/\/progresso.com.br\/wp-content\/uploads\/2026\/04\/Trump-suspeito-640x481.webp 640w, https:\/\/progresso.com.br\/wp-content\/uploads\/2026\/04\/Trump-suspeito-681x511.webp 681w\" sizes=\"auto, (max-width: 923px) 100vw, 923px\" \/><figcaption class=\"wp-element-caption\">Esta imagem do atirador em jantar com correspondentes da Casa Branca foi divulgada por Trump.  \u2022 (Foto: Reprodu\u00e7\u00e3o\/Truth Social)<\/figcaption><\/figure>\n\n\n\n<p><strong>O suspeito<\/strong><\/p>\n\n\n\n<p>O homem suspeito de ter feito os disparos foi identificado como\u00a0Cole Tomas Allen, 31 anos, e seria\u00a0residente na cidade litor\u00e2nea de Torrance, na Calif\u00f3rnia. Ele estava hospedado no mesmo hotel onde acontecia o jantar do presidente com jornalistas.<\/p>\n\n\n\n<p>Ele estava armado com uma espingarda, uma pistola e v\u00e1rias facas, segundo a pol\u00edcia de Washington. Ele vai ser apresentado a um tribunal nesta segunda-feira (27). <\/p>\n\n\n\n<p><strong><em>(Com informa\u00e7\u00f5es da Ag\u00eancia Brasil)<\/em><\/strong><\/p>\n","protected":false},"excerpt":{"rendered":"<p>Um homem fez disparos na noite de s\u00e1bado (25) durante um jantar, num hotel em Washington, do presidente Donald Trump\u00a0com correspondentes que cobrem a Casa Branca. Tiros foram ouvidos nas imedia\u00e7\u00f5es do local do evento e o\u00a0presidente e a primeira-dama Melania Trump\u00a0foram retirados rapidamente do lugar pelo Servi\u00e7o Secreto norte-americano. O suspeito de ter feito [&hellip;]<\/p>\n","protected":false},"author":3,"featured_media":4801,"comment_status":"open","ping_status":"open","sticky":false,"template":"","format":"standard","meta":{"footnotes":""},"categories":[7],"tags":[],"class_list":["post-4795","post","type-post","status-publish","format-standard","has-post-thumbnail","hentry","category-internacional"],"yoast_head":"<!-- This site is optimized with the Yoast SEO plugin v27.1.1 - https:\/\/yoast.com\/product\/yoast-seo-wordpress\/ -->\n<title>Homem atira durante jantar de Trump com correspondentes em Washington - O PROGRESSO<\/title>\n<meta name=\"robots\" content=\"index, follow, max-snippet:-1, max-image-preview:large, max-video-preview:-1\" \/>\n<link rel=\"canonical\" href=\"https:\/\/progresso.com.br\/index.php\/2026\/04\/26\/homem-atira-durante-jantar-de-trump-com-correspondentes-em-washington\/\" \/>\n<meta property=\"og:locale\" content=\"pt_BR\" \/>\n<meta property=\"og:type\" content=\"article\" \/>\n<meta property=\"og:title\" content=\"Homem atira durante jantar de Trump com correspondentes em Washington - O PROGRESSO\" \/>\n<meta property=\"og:description\" content=\"Um homem fez disparos na noite de s\u00e1bado (25) durante um jantar, num hotel em Washington, do presidente Donald Trump\u00a0com correspondentes que cobrem a Casa Branca. Tiros foram ouvidos nas imedia\u00e7\u00f5es do local do evento e o\u00a0presidente e a primeira-dama Melania Trump\u00a0foram retirados rapidamente do lugar pelo Servi\u00e7o Secreto norte-americano. O suspeito de ter feito [&hellip;]\" \/>\n<meta property=\"og:url\" content=\"https:\/\/progresso.com.br\/index.php\/2026\/04\/26\/homem-atira-durante-jantar-de-trump-com-correspondentes-em-washington\/\" \/>\n<meta property=\"og:site_name\" content=\"O PROGRESSO\" \/>\n<meta property=\"article:publisher\" content=\"https:\/\/www.facebook.com\/share\/1CeoksKBj6\/\" \/>\n<meta property=\"article:published_time\" content=\"2026-04-26T13:45:41+00:00\" \/>\n<meta property=\"article:modified_time\" content=\"2026-04-26T13:45:42+00:00\" \/>\n<meta property=\"og:image\" content=\"https:\/\/progresso.com.br\/wp-content\/uploads\/2026\/04\/trump-coletiva.webp\" \/>\n\t<meta property=\"og:image:width\" content=\"1170\" \/>\n\t<meta property=\"og:image:height\" content=\"700\" \/>\n\t<meta property=\"og:image:type\" content=\"image\/webp\" \/>\n<meta name=\"author\" content=\"Alfredo\" \/>\n<meta name=\"twitter:card\" content=\"summary_large_image\" \/>\n<meta name=\"twitter:label1\" content=\"Escrito por\" \/>\n\t<meta name=\"twitter:data1\" content=\"Alfredo\" \/>\n\t<meta name=\"twitter:label2\" content=\"Est. tempo de leitura\" \/>\n\t<meta name=\"twitter:data2\" content=\"3 minutos\" \/>\n<script type=\"application\/ld+json\" class=\"yoast-schema-graph\">{\"@context\":\"https:\/\/schema.org\",\"@graph\":[{\"@type\":\"Article\",\"@id\":\"https:\/\/progresso.com.br\/index.php\/2026\/04\/26\/homem-atira-durante-jantar-de-trump-com-correspondentes-em-washington\/#article\",\"isPartOf\":{\"@id\":\"https:\/\/progresso.com.br\/index.php\/2026\/04\/26\/homem-atira-durante-jantar-de-trump-com-correspondentes-em-washington\/\"},\"author\":{\"name\":\"Alfredo\",\"@id\":\"https:\/\/progresso.com.br\/#\/schema\/person\/b7390ac97c5e156cc2e02aa8e88f1bf2\"},\"headline\":\"Homem atira durante jantar de Trump com correspondentes em Washington\",\"datePublished\":\"2026-04-26T13:45:41+00:00\",\"dateModified\":\"2026-04-26T13:45:42+00:00\",\"mainEntityOfPage\":{\"@id\":\"https:\/\/progresso.com.br\/index.php\/2026\/04\/26\/homem-atira-durante-jantar-de-trump-com-correspondentes-em-washington\/\"},\"wordCount\":288,\"commentCount\":0,\"publisher\":{\"@id\":\"https:\/\/progresso.com.br\/#organization\"},\"image\":{\"@id\":\"https:\/\/progresso.com.br\/index.php\/2026\/04\/26\/homem-atira-durante-jantar-de-trump-com-correspondentes-em-washington\/#primaryimage\"},\"thumbnailUrl\":\"https:\/\/progresso.com.br\/wp-content\/uploads\/2026\/04\/trump-coletiva.webp\",\"articleSection\":[\"Internacional\"],\"inLanguage\":\"pt-BR\",\"potentialAction\":[{\"@type\":\"CommentAction\",\"name\":\"Comment\",\"target\":[\"https:\/\/progresso.com.br\/index.php\/2026\/04\/26\/homem-atira-durante-jantar-de-trump-com-correspondentes-em-washington\/#respond\"]}]},{\"@type\":\"WebPage\",\"@id\":\"https:\/\/progresso.com.br\/index.php\/2026\/04\/26\/homem-atira-durante-jantar-de-trump-com-correspondentes-em-washington\/\",\"url\":\"https:\/\/progresso.com.br\/index.php\/2026\/04\/26\/homem-atira-durante-jantar-de-trump-com-correspondentes-em-washington\/\",\"name\":\"Homem atira durante jantar de Trump com correspondentes em Washington - O PROGRESSO\",\"isPartOf\":{\"@id\":\"https:\/\/progresso.com.br\/#website\"},\"primaryImageOfPage\":{\"@id\":\"https:\/\/progresso.com.br\/index.php\/2026\/04\/26\/homem-atira-durante-jantar-de-trump-com-correspondentes-em-washington\/#primaryimage\"},\"image\":{\"@id\":\"https:\/\/progresso.com.br\/index.php\/2026\/04\/26\/homem-atira-durante-jantar-de-trump-com-correspondentes-em-washington\/#primaryimage\"},\"thumbnailUrl\":\"https:\/\/progresso.com.br\/wp-content\/uploads\/2026\/04\/trump-coletiva.webp\",\"datePublished\":\"2026-04-26T13:45:41+00:00\",\"dateModified\":\"2026-04-26T13:45:42+00:00\",\"breadcrumb\":{\"@id\":\"https:\/\/progresso.com.br\/index.php\/2026\/04\/26\/homem-atira-durante-jantar-de-trump-com-correspondentes-em-washington\/#breadcrumb\"},\"inLanguage\":\"pt-BR\",\"potentialAction\":[{\"@type\":\"ReadAction\",\"target\":[\"https:\/\/progresso.com.br\/index.php\/2026\/04\/26\/homem-atira-durante-jantar-de-trump-com-correspondentes-em-washington\/\"]}]},{\"@type\":\"ImageObject\",\"inLanguage\":\"pt-BR\",\"@id\":\"https:\/\/progresso.com.br\/index.php\/2026\/04\/26\/homem-atira-durante-jantar-de-trump-com-correspondentes-em-washington\/#primaryimage\",\"url\":\"https:\/\/progresso.com.br\/wp-content\/uploads\/2026\/04\/trump-coletiva.webp\",\"contentUrl\":\"https:\/\/progresso.com.br\/wp-content\/uploads\/2026\/04\/trump-coletiva.webp\",\"width\":1170,\"height\":700,\"caption\":\"Trump durante coletiva na Casa Branca, logo ap\u00f3s o incidente no hotel. (Foto: Jonathan Erns)\"},{\"@type\":\"BreadcrumbList\",\"@id\":\"https:\/\/progresso.com.br\/index.php\/2026\/04\/26\/homem-atira-durante-jantar-de-trump-com-correspondentes-em-washington\/#breadcrumb\",\"itemListElement\":[{\"@type\":\"ListItem\",\"position\":1,\"name\":\"In\u00edcio\",\"item\":\"https:\/\/progresso.com.br\/\"},{\"@type\":\"ListItem\",\"position\":2,\"name\":\"Homem atira durante jantar de Trump com correspondentes em Washington\"}]},{\"@type\":\"WebSite\",\"@id\":\"https:\/\/progresso.com.br\/#website\",\"url\":\"https:\/\/progresso.com.br\/\",\"name\":\"O PROGRESSO\",\"description\":\"\",\"publisher\":{\"@id\":\"https:\/\/progresso.com.br\/#organization\"},\"potentialAction\":[{\"@type\":\"SearchAction\",\"target\":{\"@type\":\"EntryPoint\",\"urlTemplate\":\"https:\/\/progresso.com.br\/?s={search_term_string}\"},\"query-input\":{\"@type\":\"PropertyValueSpecification\",\"valueRequired\":true,\"valueName\":\"search_term_string\"}}],\"inLanguage\":\"pt-BR\"},{\"@type\":\"Organization\",\"@id\":\"https:\/\/progresso.com.br\/#organization\",\"name\":\"O PROGRESSO\",\"url\":\"https:\/\/progresso.com.br\/\",\"logo\":{\"@type\":\"ImageObject\",\"inLanguage\":\"pt-BR\",\"@id\":\"https:\/\/progresso.com.br\/#\/schema\/logo\/image\/\",\"url\":\"https:\/\/progresso.com.br\/wp-content\/uploads\/2026\/03\/logo_proog.jpg\",\"contentUrl\":\"https:\/\/progresso.com.br\/wp-content\/uploads\/2026\/03\/logo_proog.jpg\",\"width\":1960,\"height\":1080,\"caption\":\"O PROGRESSO\"},\"image\":{\"@id\":\"https:\/\/progresso.com.br\/#\/schema\/logo\/image\/\"},\"sameAs\":[\"https:\/\/www.facebook.com\/share\/1CeoksKBj6\/\",\"https:\/\/www.instagram.com\/oprogresso_digital\"]},{\"@type\":\"Person\",\"@id\":\"https:\/\/progresso.com.br\/#\/schema\/person\/b7390ac97c5e156cc2e02aa8e88f1bf2\",\"name\":\"Alfredo\",\"image\":{\"@type\":\"ImageObject\",\"inLanguage\":\"pt-BR\",\"@id\":\"https:\/\/progresso.com.br\/#\/schema\/person\/image\/\",\"url\":\"https:\/\/secure.gravatar.com\/avatar\/ca208a3111522ad69d765c6f0ea1ce4742c74e10aba78ae7158042d704d65a9f?s=96&d=mm&r=g\",\"contentUrl\":\"https:\/\/secure.gravatar.com\/avatar\/ca208a3111522ad69d765c6f0ea1ce4742c74e10aba78ae7158042d704d65a9f?s=96&d=mm&r=g\",\"caption\":\"Alfredo\"},\"url\":\"https:\/\/progresso.com.br\/index.php\/author\/alfredo\/\"}]}<\/script>\n<!-- \/ Yoast SEO plugin. -->","yoast_head_json":{"title":"Homem atira durante jantar de Trump com correspondentes em Washington - O PROGRESSO","robots":{"index":"index","follow":"follow","max-snippet":"max-snippet:-1","max-image-preview":"max-image-preview:large","max-video-preview":"max-video-preview:-1"},"canonical":"https:\/\/progresso.com.br\/index.php\/2026\/04\/26\/homem-atira-durante-jantar-de-trump-com-correspondentes-em-washington\/","og_locale":"pt_BR","og_type":"article","og_title":"Homem atira durante jantar de Trump com correspondentes em Washington - O PROGRESSO","og_description":"Um homem fez disparos na noite de s\u00e1bado (25) durante um jantar, num hotel em Washington, do presidente Donald Trump\u00a0com correspondentes que cobrem a Casa Branca. Tiros foram ouvidos nas imedia\u00e7\u00f5es do local do evento e o\u00a0presidente e a primeira-dama Melania Trump\u00a0foram retirados rapidamente do lugar pelo Servi\u00e7o Secreto norte-americano. O suspeito de ter feito [&hellip;]","og_url":"https:\/\/progresso.com.br\/index.php\/2026\/04\/26\/homem-atira-durante-jantar-de-trump-com-correspondentes-em-washington\/","og_site_name":"O PROGRESSO","article_publisher":"https:\/\/www.facebook.com\/share\/1CeoksKBj6\/","article_published_time":"2026-04-26T13:45:41+00:00","article_modified_time":"2026-04-26T13:45:42+00:00","og_image":[{"width":1170,"height":700,"url":"https:\/\/progresso.com.br\/wp-content\/uploads\/2026\/04\/trump-coletiva.webp","type":"image\/webp"}],"author":"Alfredo","twitter_card":"summary_large_image","twitter_misc":{"Escrito por":"Alfredo","Est. tempo de leitura":"3 minutos"},"schema":{"@context":"https:\/\/schema.org","@graph":[{"@type":"Article","@id":"https:\/\/progresso.com.br\/index.php\/2026\/04\/26\/homem-atira-durante-jantar-de-trump-com-correspondentes-em-washington\/#article","isPartOf":{"@id":"https:\/\/progresso.com.br\/index.php\/2026\/04\/26\/homem-atira-durante-jantar-de-trump-com-correspondentes-em-washington\/"},"author":{"name":"Alfredo","@id":"https:\/\/progresso.com.br\/#\/schema\/person\/b7390ac97c5e156cc2e02aa8e88f1bf2"},"headline":"Homem atira durante jantar de Trump com correspondentes em Washington","datePublished":"2026-04-26T13:45:41+00:00","dateModified":"2026-04-26T13:45:42+00:00","mainEntityOfPage":{"@id":"https:\/\/progresso.com.br\/index.php\/2026\/04\/26\/homem-atira-durante-jantar-de-trump-com-correspondentes-em-washington\/"},"wordCount":288,"commentCount":0,"publisher":{"@id":"https:\/\/progresso.com.br\/#organization"},"image":{"@id":"https:\/\/progresso.com.br\/index.php\/2026\/04\/26\/homem-atira-durante-jantar-de-trump-com-correspondentes-em-washington\/#primaryimage"},"thumbnailUrl":"https:\/\/progresso.com.br\/wp-content\/uploads\/2026\/04\/trump-coletiva.webp","articleSection":["Internacional"],"inLanguage":"pt-BR","potentialAction":[{"@type":"CommentAction","name":"Comment","target":["https:\/\/progresso.com.br\/index.php\/2026\/04\/26\/homem-atira-durante-jantar-de-trump-com-correspondentes-em-washington\/#respond"]}]},{"@type":"WebPage","@id":"https:\/\/progresso.com.br\/index.php\/2026\/04\/26\/homem-atira-durante-jantar-de-trump-com-correspondentes-em-washington\/","url":"https:\/\/progresso.com.br\/index.php\/2026\/04\/26\/homem-atira-durante-jantar-de-trump-com-correspondentes-em-washington\/","name":"Homem atira durante jantar de Trump com correspondentes em Washington - O PROGRESSO","isPartOf":{"@id":"https:\/\/progresso.com.br\/#website"},"primaryImageOfPage":{"@id":"https:\/\/progresso.com.br\/index.php\/2026\/04\/26\/homem-atira-durante-jantar-de-trump-com-correspondentes-em-washington\/#primaryimage"},"image":{"@id":"https:\/\/progresso.com.br\/index.php\/2026\/04\/26\/homem-atira-durante-jantar-de-trump-com-correspondentes-em-washington\/#primaryimage"},"thumbnailUrl":"https:\/\/progresso.com.br\/wp-content\/uploads\/2026\/04\/trump-coletiva.webp","datePublished":"2026-04-26T13:45:41+00:00","dateModified":"2026-04-26T13:45:42+00:00","breadcrumb":{"@id":"https:\/\/progresso.com.br\/index.php\/2026\/04\/26\/homem-atira-durante-jantar-de-trump-com-correspondentes-em-washington\/#breadcrumb"},"inLanguage":"pt-BR","potentialAction":[{"@type":"ReadAction","target":["https:\/\/progresso.com.br\/index.php\/2026\/04\/26\/homem-atira-durante-jantar-de-trump-com-correspondentes-em-washington\/"]}]},{"@type":"ImageObject","inLanguage":"pt-BR","@id":"https:\/\/progresso.com.br\/index.php\/2026\/04\/26\/homem-atira-durante-jantar-de-trump-com-correspondentes-em-washington\/#primaryimage","url":"https:\/\/progresso.com.br\/wp-content\/uploads\/2026\/04\/trump-coletiva.webp","contentUrl":"https:\/\/progresso.com.br\/wp-content\/uploads\/2026\/04\/trump-coletiva.webp","width":1170,"height":700,"caption":"Trump durante coletiva na Casa Branca, logo ap\u00f3s o incidente no hotel. (Foto: Jonathan Erns)"},{"@type":"BreadcrumbList","@id":"https:\/\/progresso.com.br\/index.php\/2026\/04\/26\/homem-atira-durante-jantar-de-trump-com-correspondentes-em-washington\/#breadcrumb","itemListElement":[{"@type":"ListItem","position":1,"name":"In\u00edcio","item":"https:\/\/progresso.com.br\/"},{"@type":"ListItem","position":2,"name":"Homem atira durante jantar de Trump com correspondentes em Washington"}]},{"@type":"WebSite","@id":"https:\/\/progresso.com.br\/#website","url":"https:\/\/progresso.com.br\/","name":"O PROGRESSO","description":"","publisher":{"@id":"https:\/\/progresso.com.br\/#organization"},"potentialAction":[{"@type":"SearchAction","target":{"@type":"EntryPoint","urlTemplate":"https:\/\/progresso.com.br\/?s={search_term_string}"},"query-input":{"@type":"PropertyValueSpecification","valueRequired":true,"valueName":"search_term_string"}}],"inLanguage":"pt-BR"},{"@type":"Organization","@id":"https:\/\/progresso.com.br\/#organization","name":"O PROGRESSO","url":"https:\/\/progresso.com.br\/","logo":{"@type":"ImageObject","inLanguage":"pt-BR","@id":"https:\/\/progresso.com.br\/#\/schema\/logo\/image\/","url":"https:\/\/progresso.com.br\/wp-content\/uploads\/2026\/03\/logo_proog.jpg","contentUrl":"https:\/\/progresso.com.br\/wp-content\/uploads\/2026\/03\/logo_proog.jpg","width":1960,"height":1080,"caption":"O PROGRESSO"},"image":{"@id":"https:\/\/progresso.com.br\/#\/schema\/logo\/image\/"},"sameAs":["https:\/\/www.facebook.com\/share\/1CeoksKBj6\/","https:\/\/www.instagram.com\/oprogresso_digital"]},{"@type":"Person","@id":"https:\/\/progresso.com.br\/#\/schema\/person\/b7390ac97c5e156cc2e02aa8e88f1bf2","name":"Alfredo","image":{"@type":"ImageObject","inLanguage":"pt-BR","@id":"https:\/\/progresso.com.br\/#\/schema\/person\/image\/","url":"https:\/\/secure.gravatar.com\/avatar\/ca208a3111522ad69d765c6f0ea1ce4742c74e10aba78ae7158042d704d65a9f?s=96&d=mm&r=g","contentUrl":"https:\/\/secure.gravatar.com\/avatar\/ca208a3111522ad69d765c6f0ea1ce4742c74e10aba78ae7158042d704d65a9f?s=96&d=mm&r=g","caption":"Alfredo"},"url":"https:\/\/progresso.com.br\/index.php\/author\/alfredo\/"}]}},"_links":{"self":[{"href":"https:\/\/progresso.com.br\/index.php\/wp-json\/wp\/v2\/posts\/4795","targetHints":{"allow":["GET"]}}],"collection":[{"href":"https:\/\/progresso.com.br\/index.php\/wp-json\/wp\/v2\/posts"}],"about":[{"href":"https:\/\/progresso.com.br\/index.php\/wp-json\/wp\/v2\/types\/post"}],"author":[{"embeddable":true,"href":"https:\/\/progresso.com.br\/index.php\/wp-json\/wp\/v2\/users\/3"}],"replies":[{"embeddable":true,"href":"https:\/\/progresso.com.br\/index.php\/wp-json\/wp\/v2\/comments?post=4795"}],"version-history":[{"count":1,"href":"https:\/\/progresso.com.br\/index.php\/wp-json\/wp\/v2\/posts\/4795\/revisions"}],"predecessor-version":[{"id":4802,"href":"https:\/\/progresso.com.br\/index.php\/wp-json\/wp\/v2\/posts\/4795\/revisions\/4802"}],"wp:featuredmedia":[{"embeddable":true,"href":"https:\/\/progresso.com.br\/index.php\/wp-json\/wp\/v2\/media\/4801"}],"wp:attachment":[{"href":"https:\/\/progresso.com.br\/index.php\/wp-json\/wp\/v2\/media?parent=4795"}],"wp:term":[{"taxonomy":"category","embeddable":true,"href":"https:\/\/progresso.com.br\/index.php\/wp-json\/wp\/v2\/categories?post=4795"},{"taxonomy":"post_tag","embeddable":true,"href":"https:\/\/progresso.com.br\/index.php\/wp-json\/wp\/v2\/tags?post=4795"}],"curies":[{"name":"wp","href":"https:\/\/api.w.org\/{rel}","templated":true}]}}