{"id":4809,"date":"2026-04-26T10:38:23","date_gmt":"2026-04-26T14:38:23","guid":{"rendered":"https:\/\/progresso.com.br\/?p=4809"},"modified":"2026-04-26T10:38:23","modified_gmt":"2026-04-26T14:38:23","slug":"voce-sabia-que-hoje-e-dia-do-guarda-redes-tambem-conhecido-como-goleiro","status":"publish","type":"post","link":"https:\/\/progresso.com.br\/index.php\/2026\/04\/26\/voce-sabia-que-hoje-e-dia-do-guarda-redes-tambem-conhecido-como-goleiro\/","title":{"rendered":"Voc\u00ea sabia que hoje \u00e9 dia do guarda-redes, tamb\u00e9m conhecido como goleiro?"},"content":{"rendered":"\n<p>Hoje, domingo (26 de abril) \u00e9 comemorado no Brasil o Dia do Goleiro. A data \u00e9 refer\u00eancia ao dia do nascimento do ex-goleiro Manga e valoriza os guardi\u00f5es das redes.<\/p>\n\n\n\n<p>A data reconhece a posi\u00e7\u00e3o mais desafiadora do futebol, marcada pela responsabilidade, press\u00e3o e defesas decisivas.<\/p>\n\n\n\n<p>A data foi criada em refer\u00eancia ao anivers\u00e1rio de Ha\u00edlton Corr\u00eaa de Arruda, o<strong> &#8220;Manga&#8221;<\/strong>, \u00eddolo do Botafogo, Internacional e da Sele\u00e7\u00e3o Brasileira.<\/p>\n\n\n\n<p>Tal homenagem representa o reconhecimento do atleta que assume a responsabilidade de &#8220;parar o imposs\u00edvel&#8221;, quase sempre sendo o \u00faltimo basti\u00e3o de defesa do time.<\/p>\n\n\n\n<p>Clubes e torcedores do Brasil relembram grandes nomes da posi\u00e7\u00e3o, como Marcos, Rog\u00e9rio Ceni, Taffarel, Dida, Victor, Le\u00e3o, J\u00falio C\u00e9sar, F\u00e9lix, Zetti, C\u00e1ssio e Alisson, entre tantos outros, frequentemente utilizando a data para palestras com ex-goleiros.<\/p>\n\n\n\n<p>No reconhecimento a esse profissional dos gramados \u00e9 comum o uso da hashtag <strong>#DiadoGoleiro<\/strong> para compartilhar defesas, agradecer aos arqueiros e destacar a import\u00e2ncia da camisa 1.<\/p>\n\n\n\n<p>A data serve tamb\u00e9m para conscientizar sobre a press\u00e3o psicol\u00f3gica e a necessidade de talento e concentra\u00e7\u00e3o que a posi\u00e7\u00e3o exige.<\/p>\n\n\n\n<p><strong>O goleiro tamb\u00e9m pode ser chamado de guardi\u00e3o das redes, arqueiro, pared\u00e3o, camisa 1 e, para os conterr\u00e2neos portugueses, de guarda-redes.<\/strong><\/p>\n\n\n\n<p><\/p>\n","protected":false},"excerpt":{"rendered":"<p>Hoje, domingo (26 de abril) \u00e9 comemorado no Brasil o Dia do Goleiro. A data \u00e9 refer\u00eancia ao dia do nascimento do ex-goleiro Manga e valoriza os guardi\u00f5es das redes. A data reconhece a posi\u00e7\u00e3o mais desafiadora do futebol, marcada pela responsabilidade, press\u00e3o e defesas decisivas. A data foi criada em refer\u00eancia ao anivers\u00e1rio de [&hellip;]<\/p>\n","protected":false},"author":3,"featured_media":4810,"comment_status":"open","ping_status":"open","sticky":false,"template":"","format":"standard","meta":{"footnotes":""},"categories":[2],"tags":[],"class_list":["post-4809","post","type-post","status-publish","format-standard","has-post-thumbnail","hentry","category-destaque"],"yoast_head":"<!-- This site is optimized with the Yoast SEO plugin v27.1.1 - https:\/\/yoast.com\/product\/yoast-seo-wordpress\/ -->\n<title>Voc\u00ea sabia que hoje \u00e9 dia do guarda-redes, tamb\u00e9m conhecido como goleiro? - O PROGRESSO<\/title>\n<meta name=\"robots\" content=\"index, follow, max-snippet:-1, max-image-preview:large, max-video-preview:-1\" \/>\n<link rel=\"canonical\" href=\"https:\/\/progresso.com.br\/index.php\/2026\/04\/26\/voce-sabia-que-hoje-e-dia-do-guarda-redes-tambem-conhecido-como-goleiro\/\" \/>\n<meta property=\"og:locale\" content=\"pt_BR\" \/>\n<meta property=\"og:type\" content=\"article\" \/>\n<meta property=\"og:title\" content=\"Voc\u00ea sabia que hoje \u00e9 dia do guarda-redes, tamb\u00e9m conhecido como goleiro? - O PROGRESSO\" \/>\n<meta property=\"og:description\" content=\"Hoje, domingo (26 de abril) \u00e9 comemorado no Brasil o Dia do Goleiro. A data \u00e9 refer\u00eancia ao dia do nascimento do ex-goleiro Manga e valoriza os guardi\u00f5es das redes. A data reconhece a posi\u00e7\u00e3o mais desafiadora do futebol, marcada pela responsabilidade, press\u00e3o e defesas decisivas. A data foi criada em refer\u00eancia ao anivers\u00e1rio de [&hellip;]\" \/>\n<meta property=\"og:url\" content=\"https:\/\/progresso.com.br\/index.php\/2026\/04\/26\/voce-sabia-que-hoje-e-dia-do-guarda-redes-tambem-conhecido-como-goleiro\/\" \/>\n<meta property=\"og:site_name\" content=\"O PROGRESSO\" \/>\n<meta property=\"article:publisher\" content=\"https:\/\/www.facebook.com\/share\/1CeoksKBj6\/\" \/>\n<meta property=\"article:published_time\" content=\"2026-04-26T14:38:23+00:00\" \/>\n<meta property=\"og:image\" content=\"https:\/\/progresso.com.br\/wp-content\/uploads\/2026\/04\/Manga-goleiro.webp\" \/>\n\t<meta property=\"og:image:width\" content=\"640\" \/>\n\t<meta property=\"og:image:height\" content=\"440\" \/>\n\t<meta property=\"og:image:type\" content=\"image\/webp\" \/>\n<meta name=\"author\" content=\"Alfredo\" \/>\n<meta name=\"twitter:card\" content=\"summary_large_image\" \/>\n<meta name=\"twitter:label1\" content=\"Escrito por\" \/>\n\t<meta name=\"twitter:data1\" content=\"Alfredo\" \/>\n\t<meta name=\"twitter:label2\" content=\"Est. tempo de leitura\" \/>\n\t<meta name=\"twitter:data2\" content=\"2 minutos\" \/>\n<script type=\"application\/ld+json\" class=\"yoast-schema-graph\">{\"@context\":\"https:\/\/schema.org\",\"@graph\":[{\"@type\":\"Article\",\"@id\":\"https:\/\/progresso.com.br\/index.php\/2026\/04\/26\/voce-sabia-que-hoje-e-dia-do-guarda-redes-tambem-conhecido-como-goleiro\/#article\",\"isPartOf\":{\"@id\":\"https:\/\/progresso.com.br\/index.php\/2026\/04\/26\/voce-sabia-que-hoje-e-dia-do-guarda-redes-tambem-conhecido-como-goleiro\/\"},\"author\":{\"name\":\"Alfredo\",\"@id\":\"https:\/\/progresso.com.br\/#\/schema\/person\/b7390ac97c5e156cc2e02aa8e88f1bf2\"},\"headline\":\"Voc\u00ea sabia que hoje \u00e9 dia do guarda-redes, tamb\u00e9m conhecido como goleiro?\",\"datePublished\":\"2026-04-26T14:38:23+00:00\",\"mainEntityOfPage\":{\"@id\":\"https:\/\/progresso.com.br\/index.php\/2026\/04\/26\/voce-sabia-que-hoje-e-dia-do-guarda-redes-tambem-conhecido-como-goleiro\/\"},\"wordCount\":233,\"commentCount\":0,\"publisher\":{\"@id\":\"https:\/\/progresso.com.br\/#organization\"},\"image\":{\"@id\":\"https:\/\/progresso.com.br\/index.php\/2026\/04\/26\/voce-sabia-que-hoje-e-dia-do-guarda-redes-tambem-conhecido-como-goleiro\/#primaryimage\"},\"thumbnailUrl\":\"https:\/\/progresso.com.br\/wp-content\/uploads\/2026\/04\/Manga-goleiro.webp\",\"articleSection\":[\"Em destaque\"],\"inLanguage\":\"pt-BR\",\"potentialAction\":[{\"@type\":\"CommentAction\",\"name\":\"Comment\",\"target\":[\"https:\/\/progresso.com.br\/index.php\/2026\/04\/26\/voce-sabia-que-hoje-e-dia-do-guarda-redes-tambem-conhecido-como-goleiro\/#respond\"]}]},{\"@type\":\"WebPage\",\"@id\":\"https:\/\/progresso.com.br\/index.php\/2026\/04\/26\/voce-sabia-que-hoje-e-dia-do-guarda-redes-tambem-conhecido-como-goleiro\/\",\"url\":\"https:\/\/progresso.com.br\/index.php\/2026\/04\/26\/voce-sabia-que-hoje-e-dia-do-guarda-redes-tambem-conhecido-como-goleiro\/\",\"name\":\"Voc\u00ea sabia que hoje \u00e9 dia do guarda-redes, tamb\u00e9m conhecido como goleiro? - O PROGRESSO\",\"isPartOf\":{\"@id\":\"https:\/\/progresso.com.br\/#website\"},\"primaryImageOfPage\":{\"@id\":\"https:\/\/progresso.com.br\/index.php\/2026\/04\/26\/voce-sabia-que-hoje-e-dia-do-guarda-redes-tambem-conhecido-como-goleiro\/#primaryimage\"},\"image\":{\"@id\":\"https:\/\/progresso.com.br\/index.php\/2026\/04\/26\/voce-sabia-que-hoje-e-dia-do-guarda-redes-tambem-conhecido-como-goleiro\/#primaryimage\"},\"thumbnailUrl\":\"https:\/\/progresso.com.br\/wp-content\/uploads\/2026\/04\/Manga-goleiro.webp\",\"datePublished\":\"2026-04-26T14:38:23+00:00\",\"breadcrumb\":{\"@id\":\"https:\/\/progresso.com.br\/index.php\/2026\/04\/26\/voce-sabia-que-hoje-e-dia-do-guarda-redes-tambem-conhecido-como-goleiro\/#breadcrumb\"},\"inLanguage\":\"pt-BR\",\"potentialAction\":[{\"@type\":\"ReadAction\",\"target\":[\"https:\/\/progresso.com.br\/index.php\/2026\/04\/26\/voce-sabia-que-hoje-e-dia-do-guarda-redes-tambem-conhecido-como-goleiro\/\"]}]},{\"@type\":\"ImageObject\",\"inLanguage\":\"pt-BR\",\"@id\":\"https:\/\/progresso.com.br\/index.php\/2026\/04\/26\/voce-sabia-que-hoje-e-dia-do-guarda-redes-tambem-conhecido-como-goleiro\/#primaryimage\",\"url\":\"https:\/\/progresso.com.br\/wp-content\/uploads\/2026\/04\/Manga-goleiro.webp\",\"contentUrl\":\"https:\/\/progresso.com.br\/wp-content\/uploads\/2026\/04\/Manga-goleiro.webp\",\"width\":640,\"height\":440,\"caption\":\"Data \u00e9 homenagem ao dia do nascimento de Manga, goleiro que fez hist\u00f3ria no Botafogo, Internacional e sele\u00e7\u00e3o brasileira. (Foto: Reprodu\u00e7\u00e3o)\"},{\"@type\":\"BreadcrumbList\",\"@id\":\"https:\/\/progresso.com.br\/index.php\/2026\/04\/26\/voce-sabia-que-hoje-e-dia-do-guarda-redes-tambem-conhecido-como-goleiro\/#breadcrumb\",\"itemListElement\":[{\"@type\":\"ListItem\",\"position\":1,\"name\":\"In\u00edcio\",\"item\":\"https:\/\/progresso.com.br\/\"},{\"@type\":\"ListItem\",\"position\":2,\"name\":\"Voc\u00ea sabia que hoje \u00e9 dia do guarda-redes, tamb\u00e9m conhecido como goleiro?\"}]},{\"@type\":\"WebSite\",\"@id\":\"https:\/\/progresso.com.br\/#website\",\"url\":\"https:\/\/progresso.com.br\/\",\"name\":\"O PROGRESSO\",\"description\":\"\",\"publisher\":{\"@id\":\"https:\/\/progresso.com.br\/#organization\"},\"potentialAction\":[{\"@type\":\"SearchAction\",\"target\":{\"@type\":\"EntryPoint\",\"urlTemplate\":\"https:\/\/progresso.com.br\/?s={search_term_string}\"},\"query-input\":{\"@type\":\"PropertyValueSpecification\",\"valueRequired\":true,\"valueName\":\"search_term_string\"}}],\"inLanguage\":\"pt-BR\"},{\"@type\":\"Organization\",\"@id\":\"https:\/\/progresso.com.br\/#organization\",\"name\":\"O PROGRESSO\",\"url\":\"https:\/\/progresso.com.br\/\",\"logo\":{\"@type\":\"ImageObject\",\"inLanguage\":\"pt-BR\",\"@id\":\"https:\/\/progresso.com.br\/#\/schema\/logo\/image\/\",\"url\":\"https:\/\/progresso.com.br\/wp-content\/uploads\/2026\/03\/logo_proog.jpg\",\"contentUrl\":\"https:\/\/progresso.com.br\/wp-content\/uploads\/2026\/03\/logo_proog.jpg\",\"width\":1960,\"height\":1080,\"caption\":\"O PROGRESSO\"},\"image\":{\"@id\":\"https:\/\/progresso.com.br\/#\/schema\/logo\/image\/\"},\"sameAs\":[\"https:\/\/www.facebook.com\/share\/1CeoksKBj6\/\",\"https:\/\/www.instagram.com\/oprogresso_digital\"]},{\"@type\":\"Person\",\"@id\":\"https:\/\/progresso.com.br\/#\/schema\/person\/b7390ac97c5e156cc2e02aa8e88f1bf2\",\"name\":\"Alfredo\",\"image\":{\"@type\":\"ImageObject\",\"inLanguage\":\"pt-BR\",\"@id\":\"https:\/\/progresso.com.br\/#\/schema\/person\/image\/\",\"url\":\"https:\/\/secure.gravatar.com\/avatar\/ca208a3111522ad69d765c6f0ea1ce4742c74e10aba78ae7158042d704d65a9f?s=96&d=mm&r=g\",\"contentUrl\":\"https:\/\/secure.gravatar.com\/avatar\/ca208a3111522ad69d765c6f0ea1ce4742c74e10aba78ae7158042d704d65a9f?s=96&d=mm&r=g\",\"caption\":\"Alfredo\"},\"url\":\"https:\/\/progresso.com.br\/index.php\/author\/alfredo\/\"}]}<\/script>\n<!-- \/ Yoast SEO plugin. -->","yoast_head_json":{"title":"Voc\u00ea sabia que hoje \u00e9 dia do guarda-redes, tamb\u00e9m conhecido como goleiro? - O PROGRESSO","robots":{"index":"index","follow":"follow","max-snippet":"max-snippet:-1","max-image-preview":"max-image-preview:large","max-video-preview":"max-video-preview:-1"},"canonical":"https:\/\/progresso.com.br\/index.php\/2026\/04\/26\/voce-sabia-que-hoje-e-dia-do-guarda-redes-tambem-conhecido-como-goleiro\/","og_locale":"pt_BR","og_type":"article","og_title":"Voc\u00ea sabia que hoje \u00e9 dia do guarda-redes, tamb\u00e9m conhecido como goleiro? - O PROGRESSO","og_description":"Hoje, domingo (26 de abril) \u00e9 comemorado no Brasil o Dia do Goleiro. A data \u00e9 refer\u00eancia ao dia do nascimento do ex-goleiro Manga e valoriza os guardi\u00f5es das redes. A data reconhece a posi\u00e7\u00e3o mais desafiadora do futebol, marcada pela responsabilidade, press\u00e3o e defesas decisivas. A data foi criada em refer\u00eancia ao anivers\u00e1rio de [&hellip;]","og_url":"https:\/\/progresso.com.br\/index.php\/2026\/04\/26\/voce-sabia-que-hoje-e-dia-do-guarda-redes-tambem-conhecido-como-goleiro\/","og_site_name":"O PROGRESSO","article_publisher":"https:\/\/www.facebook.com\/share\/1CeoksKBj6\/","article_published_time":"2026-04-26T14:38:23+00:00","og_image":[{"width":640,"height":440,"url":"https:\/\/progresso.com.br\/wp-content\/uploads\/2026\/04\/Manga-goleiro.webp","type":"image\/webp"}],"author":"Alfredo","twitter_card":"summary_large_image","twitter_misc":{"Escrito por":"Alfredo","Est. tempo de leitura":"2 minutos"},"schema":{"@context":"https:\/\/schema.org","@graph":[{"@type":"Article","@id":"https:\/\/progresso.com.br\/index.php\/2026\/04\/26\/voce-sabia-que-hoje-e-dia-do-guarda-redes-tambem-conhecido-como-goleiro\/#article","isPartOf":{"@id":"https:\/\/progresso.com.br\/index.php\/2026\/04\/26\/voce-sabia-que-hoje-e-dia-do-guarda-redes-tambem-conhecido-como-goleiro\/"},"author":{"name":"Alfredo","@id":"https:\/\/progresso.com.br\/#\/schema\/person\/b7390ac97c5e156cc2e02aa8e88f1bf2"},"headline":"Voc\u00ea sabia que hoje \u00e9 dia do guarda-redes, tamb\u00e9m conhecido como goleiro?","datePublished":"2026-04-26T14:38:23+00:00","mainEntityOfPage":{"@id":"https:\/\/progresso.com.br\/index.php\/2026\/04\/26\/voce-sabia-que-hoje-e-dia-do-guarda-redes-tambem-conhecido-como-goleiro\/"},"wordCount":233,"commentCount":0,"publisher":{"@id":"https:\/\/progresso.com.br\/#organization"},"image":{"@id":"https:\/\/progresso.com.br\/index.php\/2026\/04\/26\/voce-sabia-que-hoje-e-dia-do-guarda-redes-tambem-conhecido-como-goleiro\/#primaryimage"},"thumbnailUrl":"https:\/\/progresso.com.br\/wp-content\/uploads\/2026\/04\/Manga-goleiro.webp","articleSection":["Em destaque"],"inLanguage":"pt-BR","potentialAction":[{"@type":"CommentAction","name":"Comment","target":["https:\/\/progresso.com.br\/index.php\/2026\/04\/26\/voce-sabia-que-hoje-e-dia-do-guarda-redes-tambem-conhecido-como-goleiro\/#respond"]}]},{"@type":"WebPage","@id":"https:\/\/progresso.com.br\/index.php\/2026\/04\/26\/voce-sabia-que-hoje-e-dia-do-guarda-redes-tambem-conhecido-como-goleiro\/","url":"https:\/\/progresso.com.br\/index.php\/2026\/04\/26\/voce-sabia-que-hoje-e-dia-do-guarda-redes-tambem-conhecido-como-goleiro\/","name":"Voc\u00ea sabia que hoje \u00e9 dia do guarda-redes, tamb\u00e9m conhecido como goleiro? - O PROGRESSO","isPartOf":{"@id":"https:\/\/progresso.com.br\/#website"},"primaryImageOfPage":{"@id":"https:\/\/progresso.com.br\/index.php\/2026\/04\/26\/voce-sabia-que-hoje-e-dia-do-guarda-redes-tambem-conhecido-como-goleiro\/#primaryimage"},"image":{"@id":"https:\/\/progresso.com.br\/index.php\/2026\/04\/26\/voce-sabia-que-hoje-e-dia-do-guarda-redes-tambem-conhecido-como-goleiro\/#primaryimage"},"thumbnailUrl":"https:\/\/progresso.com.br\/wp-content\/uploads\/2026\/04\/Manga-goleiro.webp","datePublished":"2026-04-26T14:38:23+00:00","breadcrumb":{"@id":"https:\/\/progresso.com.br\/index.php\/2026\/04\/26\/voce-sabia-que-hoje-e-dia-do-guarda-redes-tambem-conhecido-como-goleiro\/#breadcrumb"},"inLanguage":"pt-BR","potentialAction":[{"@type":"ReadAction","target":["https:\/\/progresso.com.br\/index.php\/2026\/04\/26\/voce-sabia-que-hoje-e-dia-do-guarda-redes-tambem-conhecido-como-goleiro\/"]}]},{"@type":"ImageObject","inLanguage":"pt-BR","@id":"https:\/\/progresso.com.br\/index.php\/2026\/04\/26\/voce-sabia-que-hoje-e-dia-do-guarda-redes-tambem-conhecido-como-goleiro\/#primaryimage","url":"https:\/\/progresso.com.br\/wp-content\/uploads\/2026\/04\/Manga-goleiro.webp","contentUrl":"https:\/\/progresso.com.br\/wp-content\/uploads\/2026\/04\/Manga-goleiro.webp","width":640,"height":440,"caption":"Data \u00e9 homenagem ao dia do nascimento de Manga, goleiro que fez hist\u00f3ria no Botafogo, Internacional e sele\u00e7\u00e3o brasileira. (Foto: Reprodu\u00e7\u00e3o)"},{"@type":"BreadcrumbList","@id":"https:\/\/progresso.com.br\/index.php\/2026\/04\/26\/voce-sabia-que-hoje-e-dia-do-guarda-redes-tambem-conhecido-como-goleiro\/#breadcrumb","itemListElement":[{"@type":"ListItem","position":1,"name":"In\u00edcio","item":"https:\/\/progresso.com.br\/"},{"@type":"ListItem","position":2,"name":"Voc\u00ea sabia que hoje \u00e9 dia do guarda-redes, tamb\u00e9m conhecido como goleiro?"}]},{"@type":"WebSite","@id":"https:\/\/progresso.com.br\/#website","url":"https:\/\/progresso.com.br\/","name":"O PROGRESSO","description":"","publisher":{"@id":"https:\/\/progresso.com.br\/#organization"},"potentialAction":[{"@type":"SearchAction","target":{"@type":"EntryPoint","urlTemplate":"https:\/\/progresso.com.br\/?s={search_term_string}"},"query-input":{"@type":"PropertyValueSpecification","valueRequired":true,"valueName":"search_term_string"}}],"inLanguage":"pt-BR"},{"@type":"Organization","@id":"https:\/\/progresso.com.br\/#organization","name":"O PROGRESSO","url":"https:\/\/progresso.com.br\/","logo":{"@type":"ImageObject","inLanguage":"pt-BR","@id":"https:\/\/progresso.com.br\/#\/schema\/logo\/image\/","url":"https:\/\/progresso.com.br\/wp-content\/uploads\/2026\/03\/logo_proog.jpg","contentUrl":"https:\/\/progresso.com.br\/wp-content\/uploads\/2026\/03\/logo_proog.jpg","width":1960,"height":1080,"caption":"O PROGRESSO"},"image":{"@id":"https:\/\/progresso.com.br\/#\/schema\/logo\/image\/"},"sameAs":["https:\/\/www.facebook.com\/share\/1CeoksKBj6\/","https:\/\/www.instagram.com\/oprogresso_digital"]},{"@type":"Person","@id":"https:\/\/progresso.com.br\/#\/schema\/person\/b7390ac97c5e156cc2e02aa8e88f1bf2","name":"Alfredo","image":{"@type":"ImageObject","inLanguage":"pt-BR","@id":"https:\/\/progresso.com.br\/#\/schema\/person\/image\/","url":"https:\/\/secure.gravatar.com\/avatar\/ca208a3111522ad69d765c6f0ea1ce4742c74e10aba78ae7158042d704d65a9f?s=96&d=mm&r=g","contentUrl":"https:\/\/secure.gravatar.com\/avatar\/ca208a3111522ad69d765c6f0ea1ce4742c74e10aba78ae7158042d704d65a9f?s=96&d=mm&r=g","caption":"Alfredo"},"url":"https:\/\/progresso.com.br\/index.php\/author\/alfredo\/"}]}},"_links":{"self":[{"href":"https:\/\/progresso.com.br\/index.php\/wp-json\/wp\/v2\/posts\/4809","targetHints":{"allow":["GET"]}}],"collection":[{"href":"https:\/\/progresso.com.br\/index.php\/wp-json\/wp\/v2\/posts"}],"about":[{"href":"https:\/\/progresso.com.br\/index.php\/wp-json\/wp\/v2\/types\/post"}],"author":[{"embeddable":true,"href":"https:\/\/progresso.com.br\/index.php\/wp-json\/wp\/v2\/users\/3"}],"replies":[{"embeddable":true,"href":"https:\/\/progresso.com.br\/index.php\/wp-json\/wp\/v2\/comments?post=4809"}],"version-history":[{"count":1,"href":"https:\/\/progresso.com.br\/index.php\/wp-json\/wp\/v2\/posts\/4809\/revisions"}],"predecessor-version":[{"id":4811,"href":"https:\/\/progresso.com.br\/index.php\/wp-json\/wp\/v2\/posts\/4809\/revisions\/4811"}],"wp:featuredmedia":[{"embeddable":true,"href":"https:\/\/progresso.com.br\/index.php\/wp-json\/wp\/v2\/media\/4810"}],"wp:attachment":[{"href":"https:\/\/progresso.com.br\/index.php\/wp-json\/wp\/v2\/media?parent=4809"}],"wp:term":[{"taxonomy":"category","embeddable":true,"href":"https:\/\/progresso.com.br\/index.php\/wp-json\/wp\/v2\/categories?post=4809"},{"taxonomy":"post_tag","embeddable":true,"href":"https:\/\/progresso.com.br\/index.php\/wp-json\/wp\/v2\/tags?post=4809"}],"curies":[{"name":"wp","href":"https:\/\/api.w.org\/{rel}","templated":true}]}}