{"id":4815,"date":"2026-04-26T11:08:49","date_gmt":"2026-04-26T15:08:49","guid":{"rendered":"https:\/\/progresso.com.br\/?p=4815"},"modified":"2026-04-26T11:08:50","modified_gmt":"2026-04-26T15:08:50","slug":"medina-e-vice-na-australia-e-assume-lideranca-do-ranking-mundial","status":"publish","type":"post","link":"https:\/\/progresso.com.br\/index.php\/2026\/04\/26\/medina-e-vice-na-australia-e-assume-lideranca-do-ranking-mundial\/","title":{"rendered":"Medina \u00e9 vice na Austr\u00e1lia e assume lideran\u00e7a do ranking mundial"},"content":{"rendered":"\n<p>Os brasileiros Gabriel Medina e Luana Silva garantiram o vice-campeonato, respectivamente nas chaves masculina e feminina, da etapa de Margaret River (Austr\u00e1lia). A defini\u00e7\u00e3o dos campe\u00f5es da segunda parada do Circuito Mundial de Surfe se deu no in\u00edcio da madrugada deste domingo (26).<img decoding=\"async\" src=\"https:\/\/agenciabrasil.ebc.com.br\/ebc.png?id=1687256&amp;o=node\"><img decoding=\"async\" src=\"https:\/\/agenciabrasil.ebc.com.br\/ebc.gif?id=1687256&amp;o=node\"><\/p>\n\n\n\n<p>Havia muita expectativa em torno de Medina, que disputava sua primeira final de etapa ap\u00f3s ficar fora da temporada de 2025 por causa de uma les\u00e3o no ombro esquerdo. Por\u00e9m, o tricampe\u00e3o mundial (2014, 2018 e 2021) e medalhista ol\u00edmpico de bronze nos Jogos de Paris (2024) n\u00e3o foi p\u00e1reo&nbsp;para o australiano George Pittar, de 23 anos e&nbsp;que triunfou por 15,17 a 12,46 pontos.<\/p>\n\n\n\n<p><strong>Mas, mesmo com a derrota na decis\u00e3o em Margaret River, Gabriel Medina assumiu a lideran\u00e7a do ranking mundial masculino.<\/strong><\/p>\n\n\n\n<p>J\u00e1 na disputa feminina a jovem Luana Silva, de apenas 21 anos de idade, garantiu o vice-campeonato da etapa australiana ap\u00f3s ser superada na decis\u00e3o pela norte-americana Lakey Peterson por 12,23 a 11,83 pontos.<\/p>\n\n\n\n<p>A segunda posi\u00e7\u00e3o em Margaret River fez a brasileira alcan\u00e7ar a quarta posi\u00e7\u00e3o do ranking mundial. Esta \u00e9 a terceira oportunidade na qual Luana Silva disputa a decis\u00e3o de uma etapa do Circuito Mundial. Em 2025 ela ficou com o vice-campeonato em Saquarema (Brasil) e em Bells Beach (Austr\u00e1lia).<strong><em> (Da Ag\u00eancia Brasil)<\/em><\/strong><\/p>\n\n\n\n<p><\/p>\n\n\n\n<p><a href=\"https:\/\/agenciabrasil.ebc.com.br\/esportes\/noticia\/2026-04\/miguel-pupo-abre-temporada-do-surfe-com-vitoria-em-final-brasileira\"><\/a><\/p>\n","protected":false},"excerpt":{"rendered":"<p>Os brasileiros Gabriel Medina e Luana Silva garantiram o vice-campeonato, respectivamente nas chaves masculina e feminina, da etapa de Margaret River (Austr\u00e1lia). A defini\u00e7\u00e3o dos campe\u00f5es da segunda parada do Circuito Mundial de Surfe se deu no in\u00edcio da madrugada deste domingo (26). Havia muita expectativa em torno de Medina, que disputava sua primeira final [&hellip;]<\/p>\n","protected":false},"author":3,"featured_media":4816,"comment_status":"open","ping_status":"open","sticky":false,"template":"","format":"standard","meta":{"footnotes":""},"categories":[17],"tags":[],"class_list":["post-4815","post","type-post","status-publish","format-standard","has-post-thumbnail","hentry","category-esporte"],"yoast_head":"<!-- This site is optimized with the Yoast SEO plugin v27.1.1 - https:\/\/yoast.com\/product\/yoast-seo-wordpress\/ -->\n<title>Medina \u00e9 vice na Austr\u00e1lia e assume lideran\u00e7a do ranking mundial - O PROGRESSO<\/title>\n<meta name=\"robots\" content=\"index, follow, max-snippet:-1, max-image-preview:large, max-video-preview:-1\" \/>\n<link rel=\"canonical\" href=\"https:\/\/progresso.com.br\/index.php\/2026\/04\/26\/medina-e-vice-na-australia-e-assume-lideranca-do-ranking-mundial\/\" \/>\n<meta property=\"og:locale\" content=\"pt_BR\" \/>\n<meta property=\"og:type\" content=\"article\" \/>\n<meta property=\"og:title\" content=\"Medina \u00e9 vice na Austr\u00e1lia e assume lideran\u00e7a do ranking mundial - O PROGRESSO\" \/>\n<meta property=\"og:description\" content=\"Os brasileiros Gabriel Medina e Luana Silva garantiram o vice-campeonato, respectivamente nas chaves masculina e feminina, da etapa de Margaret River (Austr\u00e1lia). A defini\u00e7\u00e3o dos campe\u00f5es da segunda parada do Circuito Mundial de Surfe se deu no in\u00edcio da madrugada deste domingo (26). Havia muita expectativa em torno de Medina, que disputava sua primeira final [&hellip;]\" \/>\n<meta property=\"og:url\" content=\"https:\/\/progresso.com.br\/index.php\/2026\/04\/26\/medina-e-vice-na-australia-e-assume-lideranca-do-ranking-mundial\/\" \/>\n<meta property=\"og:site_name\" content=\"O PROGRESSO\" \/>\n<meta property=\"article:publisher\" content=\"https:\/\/www.facebook.com\/share\/1CeoksKBj6\/\" \/>\n<meta property=\"article:published_time\" content=\"2026-04-26T15:08:49+00:00\" \/>\n<meta property=\"article:modified_time\" content=\"2026-04-26T15:08:50+00:00\" \/>\n<meta property=\"og:image\" content=\"https:\/\/progresso.com.br\/wp-content\/uploads\/2026\/04\/Gabriel-Medina.jpg\" \/>\n\t<meta property=\"og:image:width\" content=\"1024\" \/>\n\t<meta property=\"og:image:height\" content=\"683\" \/>\n\t<meta property=\"og:image:type\" content=\"image\/jpeg\" \/>\n<meta name=\"author\" content=\"Alfredo\" \/>\n<meta name=\"twitter:card\" content=\"summary_large_image\" \/>\n<meta name=\"twitter:label1\" content=\"Escrito por\" \/>\n\t<meta name=\"twitter:data1\" content=\"Alfredo\" \/>\n\t<meta name=\"twitter:label2\" content=\"Est. tempo de leitura\" \/>\n\t<meta name=\"twitter:data2\" content=\"2 minutos\" \/>\n<script type=\"application\/ld+json\" class=\"yoast-schema-graph\">{\"@context\":\"https:\/\/schema.org\",\"@graph\":[{\"@type\":\"Article\",\"@id\":\"https:\/\/progresso.com.br\/index.php\/2026\/04\/26\/medina-e-vice-na-australia-e-assume-lideranca-do-ranking-mundial\/#article\",\"isPartOf\":{\"@id\":\"https:\/\/progresso.com.br\/index.php\/2026\/04\/26\/medina-e-vice-na-australia-e-assume-lideranca-do-ranking-mundial\/\"},\"author\":{\"name\":\"Alfredo\",\"@id\":\"https:\/\/progresso.com.br\/#\/schema\/person\/b7390ac97c5e156cc2e02aa8e88f1bf2\"},\"headline\":\"Medina \u00e9 vice na Austr\u00e1lia e assume lideran\u00e7a do ranking mundial\",\"datePublished\":\"2026-04-26T15:08:49+00:00\",\"dateModified\":\"2026-04-26T15:08:50+00:00\",\"mainEntityOfPage\":{\"@id\":\"https:\/\/progresso.com.br\/index.php\/2026\/04\/26\/medina-e-vice-na-australia-e-assume-lideranca-do-ranking-mundial\/\"},\"wordCount\":235,\"commentCount\":0,\"publisher\":{\"@id\":\"https:\/\/progresso.com.br\/#organization\"},\"image\":{\"@id\":\"https:\/\/progresso.com.br\/index.php\/2026\/04\/26\/medina-e-vice-na-australia-e-assume-lideranca-do-ranking-mundial\/#primaryimage\"},\"thumbnailUrl\":\"https:\/\/progresso.com.br\/wp-content\/uploads\/2026\/04\/Gabriel-Medina.jpg\",\"articleSection\":[\"Esporte\"],\"inLanguage\":\"pt-BR\",\"potentialAction\":[{\"@type\":\"CommentAction\",\"name\":\"Comment\",\"target\":[\"https:\/\/progresso.com.br\/index.php\/2026\/04\/26\/medina-e-vice-na-australia-e-assume-lideranca-do-ranking-mundial\/#respond\"]}]},{\"@type\":\"WebPage\",\"@id\":\"https:\/\/progresso.com.br\/index.php\/2026\/04\/26\/medina-e-vice-na-australia-e-assume-lideranca-do-ranking-mundial\/\",\"url\":\"https:\/\/progresso.com.br\/index.php\/2026\/04\/26\/medina-e-vice-na-australia-e-assume-lideranca-do-ranking-mundial\/\",\"name\":\"Medina \u00e9 vice na Austr\u00e1lia e assume lideran\u00e7a do ranking mundial - O PROGRESSO\",\"isPartOf\":{\"@id\":\"https:\/\/progresso.com.br\/#website\"},\"primaryImageOfPage\":{\"@id\":\"https:\/\/progresso.com.br\/index.php\/2026\/04\/26\/medina-e-vice-na-australia-e-assume-lideranca-do-ranking-mundial\/#primaryimage\"},\"image\":{\"@id\":\"https:\/\/progresso.com.br\/index.php\/2026\/04\/26\/medina-e-vice-na-australia-e-assume-lideranca-do-ranking-mundial\/#primaryimage\"},\"thumbnailUrl\":\"https:\/\/progresso.com.br\/wp-content\/uploads\/2026\/04\/Gabriel-Medina.jpg\",\"datePublished\":\"2026-04-26T15:08:49+00:00\",\"dateModified\":\"2026-04-26T15:08:50+00:00\",\"breadcrumb\":{\"@id\":\"https:\/\/progresso.com.br\/index.php\/2026\/04\/26\/medina-e-vice-na-australia-e-assume-lideranca-do-ranking-mundial\/#breadcrumb\"},\"inLanguage\":\"pt-BR\",\"potentialAction\":[{\"@type\":\"ReadAction\",\"target\":[\"https:\/\/progresso.com.br\/index.php\/2026\/04\/26\/medina-e-vice-na-australia-e-assume-lideranca-do-ranking-mundial\/\"]}]},{\"@type\":\"ImageObject\",\"inLanguage\":\"pt-BR\",\"@id\":\"https:\/\/progresso.com.br\/index.php\/2026\/04\/26\/medina-e-vice-na-australia-e-assume-lideranca-do-ranking-mundial\/#primaryimage\",\"url\":\"https:\/\/progresso.com.br\/wp-content\/uploads\/2026\/04\/Gabriel-Medina.jpg\",\"contentUrl\":\"https:\/\/progresso.com.br\/wp-content\/uploads\/2026\/04\/Gabriel-Medina.jpg\",\"width\":1024,\"height\":683,\"caption\":\"Surfista brasileiro ficou com o vice lugar em Margaret River. (Foto: Hannah Anderson)\"},{\"@type\":\"BreadcrumbList\",\"@id\":\"https:\/\/progresso.com.br\/index.php\/2026\/04\/26\/medina-e-vice-na-australia-e-assume-lideranca-do-ranking-mundial\/#breadcrumb\",\"itemListElement\":[{\"@type\":\"ListItem\",\"position\":1,\"name\":\"In\u00edcio\",\"item\":\"https:\/\/progresso.com.br\/\"},{\"@type\":\"ListItem\",\"position\":2,\"name\":\"Medina \u00e9 vice na Austr\u00e1lia e assume lideran\u00e7a do ranking mundial\"}]},{\"@type\":\"WebSite\",\"@id\":\"https:\/\/progresso.com.br\/#website\",\"url\":\"https:\/\/progresso.com.br\/\",\"name\":\"O PROGRESSO\",\"description\":\"\",\"publisher\":{\"@id\":\"https:\/\/progresso.com.br\/#organization\"},\"potentialAction\":[{\"@type\":\"SearchAction\",\"target\":{\"@type\":\"EntryPoint\",\"urlTemplate\":\"https:\/\/progresso.com.br\/?s={search_term_string}\"},\"query-input\":{\"@type\":\"PropertyValueSpecification\",\"valueRequired\":true,\"valueName\":\"search_term_string\"}}],\"inLanguage\":\"pt-BR\"},{\"@type\":\"Organization\",\"@id\":\"https:\/\/progresso.com.br\/#organization\",\"name\":\"O PROGRESSO\",\"url\":\"https:\/\/progresso.com.br\/\",\"logo\":{\"@type\":\"ImageObject\",\"inLanguage\":\"pt-BR\",\"@id\":\"https:\/\/progresso.com.br\/#\/schema\/logo\/image\/\",\"url\":\"https:\/\/progresso.com.br\/wp-content\/uploads\/2026\/03\/logo_proog.jpg\",\"contentUrl\":\"https:\/\/progresso.com.br\/wp-content\/uploads\/2026\/03\/logo_proog.jpg\",\"width\":1960,\"height\":1080,\"caption\":\"O PROGRESSO\"},\"image\":{\"@id\":\"https:\/\/progresso.com.br\/#\/schema\/logo\/image\/\"},\"sameAs\":[\"https:\/\/www.facebook.com\/share\/1CeoksKBj6\/\",\"https:\/\/www.instagram.com\/oprogresso_digital\"]},{\"@type\":\"Person\",\"@id\":\"https:\/\/progresso.com.br\/#\/schema\/person\/b7390ac97c5e156cc2e02aa8e88f1bf2\",\"name\":\"Alfredo\",\"image\":{\"@type\":\"ImageObject\",\"inLanguage\":\"pt-BR\",\"@id\":\"https:\/\/progresso.com.br\/#\/schema\/person\/image\/\",\"url\":\"https:\/\/secure.gravatar.com\/avatar\/ca208a3111522ad69d765c6f0ea1ce4742c74e10aba78ae7158042d704d65a9f?s=96&d=mm&r=g\",\"contentUrl\":\"https:\/\/secure.gravatar.com\/avatar\/ca208a3111522ad69d765c6f0ea1ce4742c74e10aba78ae7158042d704d65a9f?s=96&d=mm&r=g\",\"caption\":\"Alfredo\"},\"url\":\"https:\/\/progresso.com.br\/index.php\/author\/alfredo\/\"}]}<\/script>\n<!-- \/ Yoast SEO plugin. -->","yoast_head_json":{"title":"Medina \u00e9 vice na Austr\u00e1lia e assume lideran\u00e7a do ranking mundial - O PROGRESSO","robots":{"index":"index","follow":"follow","max-snippet":"max-snippet:-1","max-image-preview":"max-image-preview:large","max-video-preview":"max-video-preview:-1"},"canonical":"https:\/\/progresso.com.br\/index.php\/2026\/04\/26\/medina-e-vice-na-australia-e-assume-lideranca-do-ranking-mundial\/","og_locale":"pt_BR","og_type":"article","og_title":"Medina \u00e9 vice na Austr\u00e1lia e assume lideran\u00e7a do ranking mundial - O PROGRESSO","og_description":"Os brasileiros Gabriel Medina e Luana Silva garantiram o vice-campeonato, respectivamente nas chaves masculina e feminina, da etapa de Margaret River (Austr\u00e1lia). A defini\u00e7\u00e3o dos campe\u00f5es da segunda parada do Circuito Mundial de Surfe se deu no in\u00edcio da madrugada deste domingo (26). Havia muita expectativa em torno de Medina, que disputava sua primeira final [&hellip;]","og_url":"https:\/\/progresso.com.br\/index.php\/2026\/04\/26\/medina-e-vice-na-australia-e-assume-lideranca-do-ranking-mundial\/","og_site_name":"O PROGRESSO","article_publisher":"https:\/\/www.facebook.com\/share\/1CeoksKBj6\/","article_published_time":"2026-04-26T15:08:49+00:00","article_modified_time":"2026-04-26T15:08:50+00:00","og_image":[{"width":1024,"height":683,"url":"https:\/\/progresso.com.br\/wp-content\/uploads\/2026\/04\/Gabriel-Medina.jpg","type":"image\/jpeg"}],"author":"Alfredo","twitter_card":"summary_large_image","twitter_misc":{"Escrito por":"Alfredo","Est. tempo de leitura":"2 minutos"},"schema":{"@context":"https:\/\/schema.org","@graph":[{"@type":"Article","@id":"https:\/\/progresso.com.br\/index.php\/2026\/04\/26\/medina-e-vice-na-australia-e-assume-lideranca-do-ranking-mundial\/#article","isPartOf":{"@id":"https:\/\/progresso.com.br\/index.php\/2026\/04\/26\/medina-e-vice-na-australia-e-assume-lideranca-do-ranking-mundial\/"},"author":{"name":"Alfredo","@id":"https:\/\/progresso.com.br\/#\/schema\/person\/b7390ac97c5e156cc2e02aa8e88f1bf2"},"headline":"Medina \u00e9 vice na Austr\u00e1lia e assume lideran\u00e7a do ranking mundial","datePublished":"2026-04-26T15:08:49+00:00","dateModified":"2026-04-26T15:08:50+00:00","mainEntityOfPage":{"@id":"https:\/\/progresso.com.br\/index.php\/2026\/04\/26\/medina-e-vice-na-australia-e-assume-lideranca-do-ranking-mundial\/"},"wordCount":235,"commentCount":0,"publisher":{"@id":"https:\/\/progresso.com.br\/#organization"},"image":{"@id":"https:\/\/progresso.com.br\/index.php\/2026\/04\/26\/medina-e-vice-na-australia-e-assume-lideranca-do-ranking-mundial\/#primaryimage"},"thumbnailUrl":"https:\/\/progresso.com.br\/wp-content\/uploads\/2026\/04\/Gabriel-Medina.jpg","articleSection":["Esporte"],"inLanguage":"pt-BR","potentialAction":[{"@type":"CommentAction","name":"Comment","target":["https:\/\/progresso.com.br\/index.php\/2026\/04\/26\/medina-e-vice-na-australia-e-assume-lideranca-do-ranking-mundial\/#respond"]}]},{"@type":"WebPage","@id":"https:\/\/progresso.com.br\/index.php\/2026\/04\/26\/medina-e-vice-na-australia-e-assume-lideranca-do-ranking-mundial\/","url":"https:\/\/progresso.com.br\/index.php\/2026\/04\/26\/medina-e-vice-na-australia-e-assume-lideranca-do-ranking-mundial\/","name":"Medina \u00e9 vice na Austr\u00e1lia e assume lideran\u00e7a do ranking mundial - O PROGRESSO","isPartOf":{"@id":"https:\/\/progresso.com.br\/#website"},"primaryImageOfPage":{"@id":"https:\/\/progresso.com.br\/index.php\/2026\/04\/26\/medina-e-vice-na-australia-e-assume-lideranca-do-ranking-mundial\/#primaryimage"},"image":{"@id":"https:\/\/progresso.com.br\/index.php\/2026\/04\/26\/medina-e-vice-na-australia-e-assume-lideranca-do-ranking-mundial\/#primaryimage"},"thumbnailUrl":"https:\/\/progresso.com.br\/wp-content\/uploads\/2026\/04\/Gabriel-Medina.jpg","datePublished":"2026-04-26T15:08:49+00:00","dateModified":"2026-04-26T15:08:50+00:00","breadcrumb":{"@id":"https:\/\/progresso.com.br\/index.php\/2026\/04\/26\/medina-e-vice-na-australia-e-assume-lideranca-do-ranking-mundial\/#breadcrumb"},"inLanguage":"pt-BR","potentialAction":[{"@type":"ReadAction","target":["https:\/\/progresso.com.br\/index.php\/2026\/04\/26\/medina-e-vice-na-australia-e-assume-lideranca-do-ranking-mundial\/"]}]},{"@type":"ImageObject","inLanguage":"pt-BR","@id":"https:\/\/progresso.com.br\/index.php\/2026\/04\/26\/medina-e-vice-na-australia-e-assume-lideranca-do-ranking-mundial\/#primaryimage","url":"https:\/\/progresso.com.br\/wp-content\/uploads\/2026\/04\/Gabriel-Medina.jpg","contentUrl":"https:\/\/progresso.com.br\/wp-content\/uploads\/2026\/04\/Gabriel-Medina.jpg","width":1024,"height":683,"caption":"Surfista brasileiro ficou com o vice lugar em Margaret River. (Foto: Hannah Anderson)"},{"@type":"BreadcrumbList","@id":"https:\/\/progresso.com.br\/index.php\/2026\/04\/26\/medina-e-vice-na-australia-e-assume-lideranca-do-ranking-mundial\/#breadcrumb","itemListElement":[{"@type":"ListItem","position":1,"name":"In\u00edcio","item":"https:\/\/progresso.com.br\/"},{"@type":"ListItem","position":2,"name":"Medina \u00e9 vice na Austr\u00e1lia e assume lideran\u00e7a do ranking mundial"}]},{"@type":"WebSite","@id":"https:\/\/progresso.com.br\/#website","url":"https:\/\/progresso.com.br\/","name":"O PROGRESSO","description":"","publisher":{"@id":"https:\/\/progresso.com.br\/#organization"},"potentialAction":[{"@type":"SearchAction","target":{"@type":"EntryPoint","urlTemplate":"https:\/\/progresso.com.br\/?s={search_term_string}"},"query-input":{"@type":"PropertyValueSpecification","valueRequired":true,"valueName":"search_term_string"}}],"inLanguage":"pt-BR"},{"@type":"Organization","@id":"https:\/\/progresso.com.br\/#organization","name":"O PROGRESSO","url":"https:\/\/progresso.com.br\/","logo":{"@type":"ImageObject","inLanguage":"pt-BR","@id":"https:\/\/progresso.com.br\/#\/schema\/logo\/image\/","url":"https:\/\/progresso.com.br\/wp-content\/uploads\/2026\/03\/logo_proog.jpg","contentUrl":"https:\/\/progresso.com.br\/wp-content\/uploads\/2026\/03\/logo_proog.jpg","width":1960,"height":1080,"caption":"O PROGRESSO"},"image":{"@id":"https:\/\/progresso.com.br\/#\/schema\/logo\/image\/"},"sameAs":["https:\/\/www.facebook.com\/share\/1CeoksKBj6\/","https:\/\/www.instagram.com\/oprogresso_digital"]},{"@type":"Person","@id":"https:\/\/progresso.com.br\/#\/schema\/person\/b7390ac97c5e156cc2e02aa8e88f1bf2","name":"Alfredo","image":{"@type":"ImageObject","inLanguage":"pt-BR","@id":"https:\/\/progresso.com.br\/#\/schema\/person\/image\/","url":"https:\/\/secure.gravatar.com\/avatar\/ca208a3111522ad69d765c6f0ea1ce4742c74e10aba78ae7158042d704d65a9f?s=96&d=mm&r=g","contentUrl":"https:\/\/secure.gravatar.com\/avatar\/ca208a3111522ad69d765c6f0ea1ce4742c74e10aba78ae7158042d704d65a9f?s=96&d=mm&r=g","caption":"Alfredo"},"url":"https:\/\/progresso.com.br\/index.php\/author\/alfredo\/"}]}},"_links":{"self":[{"href":"https:\/\/progresso.com.br\/index.php\/wp-json\/wp\/v2\/posts\/4815","targetHints":{"allow":["GET"]}}],"collection":[{"href":"https:\/\/progresso.com.br\/index.php\/wp-json\/wp\/v2\/posts"}],"about":[{"href":"https:\/\/progresso.com.br\/index.php\/wp-json\/wp\/v2\/types\/post"}],"author":[{"embeddable":true,"href":"https:\/\/progresso.com.br\/index.php\/wp-json\/wp\/v2\/users\/3"}],"replies":[{"embeddable":true,"href":"https:\/\/progresso.com.br\/index.php\/wp-json\/wp\/v2\/comments?post=4815"}],"version-history":[{"count":1,"href":"https:\/\/progresso.com.br\/index.php\/wp-json\/wp\/v2\/posts\/4815\/revisions"}],"predecessor-version":[{"id":4817,"href":"https:\/\/progresso.com.br\/index.php\/wp-json\/wp\/v2\/posts\/4815\/revisions\/4817"}],"wp:featuredmedia":[{"embeddable":true,"href":"https:\/\/progresso.com.br\/index.php\/wp-json\/wp\/v2\/media\/4816"}],"wp:attachment":[{"href":"https:\/\/progresso.com.br\/index.php\/wp-json\/wp\/v2\/media?parent=4815"}],"wp:term":[{"taxonomy":"category","embeddable":true,"href":"https:\/\/progresso.com.br\/index.php\/wp-json\/wp\/v2\/categories?post=4815"},{"taxonomy":"post_tag","embeddable":true,"href":"https:\/\/progresso.com.br\/index.php\/wp-json\/wp\/v2\/tags?post=4815"}],"curies":[{"name":"wp","href":"https:\/\/api.w.org\/{rel}","templated":true}]}}