{"id":4818,"date":"2026-04-26T13:20:00","date_gmt":"2026-04-26T17:20:00","guid":{"rendered":"https:\/\/progresso.com.br\/?p=4818"},"modified":"2026-04-26T11:39:30","modified_gmt":"2026-04-26T15:39:30","slug":"veja-quem-ganhou-o-concurso-de-miss-e-mister-indigena-2026-em-dourados","status":"publish","type":"post","link":"https:\/\/progresso.com.br\/index.php\/2026\/04\/26\/veja-quem-ganhou-o-concurso-de-miss-e-mister-indigena-2026-em-dourados\/","title":{"rendered":"Veja quem ganhou o concurso de Miss e Mister Ind\u00edgena 2026 em Dourados"},"content":{"rendered":"\n<p>O novo Mister Ind\u00edgena \u00e9<strong> Victtor Franco Ramos Bertolino de 16 anos<\/strong>. Ele \u00e9 da etnia Terena e mora na Aldeia Jaguapiru.<\/p>\n\n\n\n<p><br>A nova Miss Ind\u00edgena \u00e9 <strong>Ana Caroline Moreira Marques, de 23 anos.<\/strong> Ela mora na Aldeia Jaguapiru e \u00e9 da etnia Guarani.<\/p>\n\n\n\n<p>Ambos foram eleitos na noite de s\u00e1bado (25) em concurso realizado na Vila Ol\u00edmpica, localizada na Reserva Ind\u00edgena de Dourados. Em uma noite de resist\u00eancia e celebra\u00e7\u00e3o da cultura dos povos origin\u00e1rios, 20 jovens das etnias Terena, Guarani e Kaiow\u00e1 concorreram e, no palco, enalteceram a beleza ind\u00edgena de Mato Grosso do Sul.<\/p>\n\n\n\n<p><br>Durante a noite deste s\u00e1bado, os finalistas contaram com o apoio e torcida dos moradores da regi\u00e3o em sua maioria das aldeias Jaguapiru, Boror\u00f3 e Panambizinho.<\/p>\n\n\n\n<p><br>Os candidatos desfilaram com trajes sociais e t\u00edpicos que valorizavam o grafismo e acess\u00f3rios espec\u00edficosde cada etnia.<br><\/p>\n\n\n\n<p>O evento contou com barracas de artesano e apresenta\u00e7\u00f5es culturais Terena, Guarani e Kaiow\u00e1 que mostraram a for\u00e7a das express\u00f5es art\u00edsticas dos povos origin\u00e1rios.<br><\/p>\n\n\n\n<p>Tamb\u00e9m marcou presen\u00e7a na final do concurso o <strong>Grupo Br\u00f4 MC&#8217;s <\/strong>que \u00e9 o primeiro grupo de rap ind\u00edgena do Brasil, formado em 2009 na Reserva Ind\u00edgena de Dourados \u00e9 composto por jovens Guarani e Kaiow\u00e1, o grupo mistura rap com cultura ancestral.<\/p>\n\n\n\n<figure class=\"wp-block-image size-large\"><img loading=\"lazy\" decoding=\"async\" width=\"1024\" height=\"768\" src=\"https:\/\/progresso.com.br\/wp-content\/uploads\/2026\/04\/miss-e-mister-indigena26-1024x768.jpeg\" alt=\"\" class=\"wp-image-4819\" srcset=\"https:\/\/progresso.com.br\/wp-content\/uploads\/2026\/04\/miss-e-mister-indigena26-1024x768.jpeg 1024w, https:\/\/progresso.com.br\/wp-content\/uploads\/2026\/04\/miss-e-mister-indigena26-300x225.jpeg 300w, https:\/\/progresso.com.br\/wp-content\/uploads\/2026\/04\/miss-e-mister-indigena26-768x576.jpeg 768w, https:\/\/progresso.com.br\/wp-content\/uploads\/2026\/04\/miss-e-mister-indigena26-560x420.jpeg 560w, https:\/\/progresso.com.br\/wp-content\/uploads\/2026\/04\/miss-e-mister-indigena26-80x60.jpeg 80w, https:\/\/progresso.com.br\/wp-content\/uploads\/2026\/04\/miss-e-mister-indigena26-100x75.jpeg 100w, https:\/\/progresso.com.br\/wp-content\/uploads\/2026\/04\/miss-e-mister-indigena26-180x135.jpeg 180w, https:\/\/progresso.com.br\/wp-content\/uploads\/2026\/04\/miss-e-mister-indigena26-238x178.jpeg 238w, https:\/\/progresso.com.br\/wp-content\/uploads\/2026\/04\/miss-e-mister-indigena26-265x198.jpeg 265w, https:\/\/progresso.com.br\/wp-content\/uploads\/2026\/04\/miss-e-mister-indigena26-640x480.jpeg 640w, https:\/\/progresso.com.br\/wp-content\/uploads\/2026\/04\/miss-e-mister-indigena26-681x511.jpeg 681w, https:\/\/progresso.com.br\/wp-content\/uploads\/2026\/04\/miss-e-mister-indigena26.jpeg 1280w\" sizes=\"auto, (max-width: 1024px) 100vw, 1024px\" \/><\/figure>\n","protected":false},"excerpt":{"rendered":"<p>O novo Mister Ind\u00edgena \u00e9 Victtor Franco Ramos Bertolino de 16 anos. Ele \u00e9 da etnia Terena e mora na Aldeia Jaguapiru. A nova Miss Ind\u00edgena \u00e9 Ana Caroline Moreira Marques, de 23 anos. Ela mora na Aldeia Jaguapiru e \u00e9 da etnia Guarani. Ambos foram eleitos na noite de s\u00e1bado (25) em concurso realizado [&hellip;]<\/p>\n","protected":false},"author":3,"featured_media":4820,"comment_status":"open","ping_status":"open","sticky":false,"template":"","format":"standard","meta":{"footnotes":""},"categories":[19,2],"tags":[],"class_list":["post-4818","post","type-post","status-publish","format-standard","has-post-thumbnail","hentry","category-cultura","category-destaque"],"yoast_head":"<!-- This site is optimized with the Yoast SEO plugin v27.1.1 - https:\/\/yoast.com\/product\/yoast-seo-wordpress\/ -->\n<title>Veja quem ganhou o concurso de Miss e Mister Ind\u00edgena 2026 em Dourados - O PROGRESSO<\/title>\n<meta name=\"robots\" content=\"index, follow, max-snippet:-1, max-image-preview:large, max-video-preview:-1\" \/>\n<link rel=\"canonical\" href=\"https:\/\/progresso.com.br\/index.php\/2026\/04\/26\/veja-quem-ganhou-o-concurso-de-miss-e-mister-indigena-2026-em-dourados\/\" \/>\n<meta property=\"og:locale\" content=\"pt_BR\" \/>\n<meta property=\"og:type\" content=\"article\" \/>\n<meta property=\"og:title\" content=\"Veja quem ganhou o concurso de Miss e Mister Ind\u00edgena 2026 em Dourados - O PROGRESSO\" \/>\n<meta property=\"og:description\" content=\"O novo Mister Ind\u00edgena \u00e9 Victtor Franco Ramos Bertolino de 16 anos. Ele \u00e9 da etnia Terena e mora na Aldeia Jaguapiru. A nova Miss Ind\u00edgena \u00e9 Ana Caroline Moreira Marques, de 23 anos. Ela mora na Aldeia Jaguapiru e \u00e9 da etnia Guarani. Ambos foram eleitos na noite de s\u00e1bado (25) em concurso realizado [&hellip;]\" \/>\n<meta property=\"og:url\" content=\"https:\/\/progresso.com.br\/index.php\/2026\/04\/26\/veja-quem-ganhou-o-concurso-de-miss-e-mister-indigena-2026-em-dourados\/\" \/>\n<meta property=\"og:site_name\" content=\"O PROGRESSO\" \/>\n<meta property=\"article:publisher\" content=\"https:\/\/www.facebook.com\/share\/1CeoksKBj6\/\" \/>\n<meta property=\"article:published_time\" content=\"2026-04-26T17:20:00+00:00\" \/>\n<meta property=\"og:image\" content=\"https:\/\/progresso.com.br\/wp-content\/uploads\/2026\/04\/miss-e-mister-indigena27.jpeg\" \/>\n\t<meta property=\"og:image:width\" content=\"1280\" \/>\n\t<meta property=\"og:image:height\" content=\"907\" \/>\n\t<meta property=\"og:image:type\" content=\"image\/jpeg\" \/>\n<meta name=\"author\" content=\"Alfredo\" \/>\n<meta name=\"twitter:card\" content=\"summary_large_image\" \/>\n<meta name=\"twitter:label1\" content=\"Escrito por\" \/>\n\t<meta name=\"twitter:data1\" content=\"Alfredo\" \/>\n\t<meta name=\"twitter:label2\" content=\"Est. tempo de leitura\" \/>\n\t<meta name=\"twitter:data2\" content=\"2 minutos\" \/>\n<script type=\"application\/ld+json\" class=\"yoast-schema-graph\">{\"@context\":\"https:\/\/schema.org\",\"@graph\":[{\"@type\":\"Article\",\"@id\":\"https:\/\/progresso.com.br\/index.php\/2026\/04\/26\/veja-quem-ganhou-o-concurso-de-miss-e-mister-indigena-2026-em-dourados\/#article\",\"isPartOf\":{\"@id\":\"https:\/\/progresso.com.br\/index.php\/2026\/04\/26\/veja-quem-ganhou-o-concurso-de-miss-e-mister-indigena-2026-em-dourados\/\"},\"author\":{\"name\":\"Alfredo\",\"@id\":\"https:\/\/progresso.com.br\/#\/schema\/person\/b7390ac97c5e156cc2e02aa8e88f1bf2\"},\"headline\":\"Veja quem ganhou o concurso de Miss e Mister Ind\u00edgena 2026 em Dourados\",\"datePublished\":\"2026-04-26T17:20:00+00:00\",\"mainEntityOfPage\":{\"@id\":\"https:\/\/progresso.com.br\/index.php\/2026\/04\/26\/veja-quem-ganhou-o-concurso-de-miss-e-mister-indigena-2026-em-dourados\/\"},\"wordCount\":233,\"commentCount\":0,\"publisher\":{\"@id\":\"https:\/\/progresso.com.br\/#organization\"},\"image\":{\"@id\":\"https:\/\/progresso.com.br\/index.php\/2026\/04\/26\/veja-quem-ganhou-o-concurso-de-miss-e-mister-indigena-2026-em-dourados\/#primaryimage\"},\"thumbnailUrl\":\"https:\/\/progresso.com.br\/wp-content\/uploads\/2026\/04\/miss-e-mister-indigena27.jpeg\",\"articleSection\":[\"Cultura\",\"Em destaque\"],\"inLanguage\":\"pt-BR\",\"potentialAction\":[{\"@type\":\"CommentAction\",\"name\":\"Comment\",\"target\":[\"https:\/\/progresso.com.br\/index.php\/2026\/04\/26\/veja-quem-ganhou-o-concurso-de-miss-e-mister-indigena-2026-em-dourados\/#respond\"]}]},{\"@type\":\"WebPage\",\"@id\":\"https:\/\/progresso.com.br\/index.php\/2026\/04\/26\/veja-quem-ganhou-o-concurso-de-miss-e-mister-indigena-2026-em-dourados\/\",\"url\":\"https:\/\/progresso.com.br\/index.php\/2026\/04\/26\/veja-quem-ganhou-o-concurso-de-miss-e-mister-indigena-2026-em-dourados\/\",\"name\":\"Veja quem ganhou o concurso de Miss e Mister Ind\u00edgena 2026 em Dourados - O PROGRESSO\",\"isPartOf\":{\"@id\":\"https:\/\/progresso.com.br\/#website\"},\"primaryImageOfPage\":{\"@id\":\"https:\/\/progresso.com.br\/index.php\/2026\/04\/26\/veja-quem-ganhou-o-concurso-de-miss-e-mister-indigena-2026-em-dourados\/#primaryimage\"},\"image\":{\"@id\":\"https:\/\/progresso.com.br\/index.php\/2026\/04\/26\/veja-quem-ganhou-o-concurso-de-miss-e-mister-indigena-2026-em-dourados\/#primaryimage\"},\"thumbnailUrl\":\"https:\/\/progresso.com.br\/wp-content\/uploads\/2026\/04\/miss-e-mister-indigena27.jpeg\",\"datePublished\":\"2026-04-26T17:20:00+00:00\",\"breadcrumb\":{\"@id\":\"https:\/\/progresso.com.br\/index.php\/2026\/04\/26\/veja-quem-ganhou-o-concurso-de-miss-e-mister-indigena-2026-em-dourados\/#breadcrumb\"},\"inLanguage\":\"pt-BR\",\"potentialAction\":[{\"@type\":\"ReadAction\",\"target\":[\"https:\/\/progresso.com.br\/index.php\/2026\/04\/26\/veja-quem-ganhou-o-concurso-de-miss-e-mister-indigena-2026-em-dourados\/\"]}]},{\"@type\":\"ImageObject\",\"inLanguage\":\"pt-BR\",\"@id\":\"https:\/\/progresso.com.br\/index.php\/2026\/04\/26\/veja-quem-ganhou-o-concurso-de-miss-e-mister-indigena-2026-em-dourados\/#primaryimage\",\"url\":\"https:\/\/progresso.com.br\/wp-content\/uploads\/2026\/04\/miss-e-mister-indigena27.jpeg\",\"contentUrl\":\"https:\/\/progresso.com.br\/wp-content\/uploads\/2026\/04\/miss-e-mister-indigena27.jpeg\",\"width\":1280,\"height\":907,\"caption\":\"Os finalistas do concurso que ocorreu na Vila Ol\u00edmpica da Reserva Ind\u00edgena de Dourados. (Fotos: Franz Mendes)\"},{\"@type\":\"BreadcrumbList\",\"@id\":\"https:\/\/progresso.com.br\/index.php\/2026\/04\/26\/veja-quem-ganhou-o-concurso-de-miss-e-mister-indigena-2026-em-dourados\/#breadcrumb\",\"itemListElement\":[{\"@type\":\"ListItem\",\"position\":1,\"name\":\"In\u00edcio\",\"item\":\"https:\/\/progresso.com.br\/\"},{\"@type\":\"ListItem\",\"position\":2,\"name\":\"Veja quem ganhou o concurso de Miss e Mister Ind\u00edgena 2026 em Dourados\"}]},{\"@type\":\"WebSite\",\"@id\":\"https:\/\/progresso.com.br\/#website\",\"url\":\"https:\/\/progresso.com.br\/\",\"name\":\"O PROGRESSO\",\"description\":\"\",\"publisher\":{\"@id\":\"https:\/\/progresso.com.br\/#organization\"},\"potentialAction\":[{\"@type\":\"SearchAction\",\"target\":{\"@type\":\"EntryPoint\",\"urlTemplate\":\"https:\/\/progresso.com.br\/?s={search_term_string}\"},\"query-input\":{\"@type\":\"PropertyValueSpecification\",\"valueRequired\":true,\"valueName\":\"search_term_string\"}}],\"inLanguage\":\"pt-BR\"},{\"@type\":\"Organization\",\"@id\":\"https:\/\/progresso.com.br\/#organization\",\"name\":\"O PROGRESSO\",\"url\":\"https:\/\/progresso.com.br\/\",\"logo\":{\"@type\":\"ImageObject\",\"inLanguage\":\"pt-BR\",\"@id\":\"https:\/\/progresso.com.br\/#\/schema\/logo\/image\/\",\"url\":\"https:\/\/progresso.com.br\/wp-content\/uploads\/2026\/03\/logo_proog.jpg\",\"contentUrl\":\"https:\/\/progresso.com.br\/wp-content\/uploads\/2026\/03\/logo_proog.jpg\",\"width\":1960,\"height\":1080,\"caption\":\"O PROGRESSO\"},\"image\":{\"@id\":\"https:\/\/progresso.com.br\/#\/schema\/logo\/image\/\"},\"sameAs\":[\"https:\/\/www.facebook.com\/share\/1CeoksKBj6\/\",\"https:\/\/www.instagram.com\/oprogresso_digital\"]},{\"@type\":\"Person\",\"@id\":\"https:\/\/progresso.com.br\/#\/schema\/person\/b7390ac97c5e156cc2e02aa8e88f1bf2\",\"name\":\"Alfredo\",\"image\":{\"@type\":\"ImageObject\",\"inLanguage\":\"pt-BR\",\"@id\":\"https:\/\/progresso.com.br\/#\/schema\/person\/image\/\",\"url\":\"https:\/\/secure.gravatar.com\/avatar\/ca208a3111522ad69d765c6f0ea1ce4742c74e10aba78ae7158042d704d65a9f?s=96&d=mm&r=g\",\"contentUrl\":\"https:\/\/secure.gravatar.com\/avatar\/ca208a3111522ad69d765c6f0ea1ce4742c74e10aba78ae7158042d704d65a9f?s=96&d=mm&r=g\",\"caption\":\"Alfredo\"},\"url\":\"https:\/\/progresso.com.br\/index.php\/author\/alfredo\/\"}]}<\/script>\n<!-- \/ Yoast SEO plugin. -->","yoast_head_json":{"title":"Veja quem ganhou o concurso de Miss e Mister Ind\u00edgena 2026 em Dourados - O PROGRESSO","robots":{"index":"index","follow":"follow","max-snippet":"max-snippet:-1","max-image-preview":"max-image-preview:large","max-video-preview":"max-video-preview:-1"},"canonical":"https:\/\/progresso.com.br\/index.php\/2026\/04\/26\/veja-quem-ganhou-o-concurso-de-miss-e-mister-indigena-2026-em-dourados\/","og_locale":"pt_BR","og_type":"article","og_title":"Veja quem ganhou o concurso de Miss e Mister Ind\u00edgena 2026 em Dourados - O PROGRESSO","og_description":"O novo Mister Ind\u00edgena \u00e9 Victtor Franco Ramos Bertolino de 16 anos. Ele \u00e9 da etnia Terena e mora na Aldeia Jaguapiru. A nova Miss Ind\u00edgena \u00e9 Ana Caroline Moreira Marques, de 23 anos. Ela mora na Aldeia Jaguapiru e \u00e9 da etnia Guarani. Ambos foram eleitos na noite de s\u00e1bado (25) em concurso realizado [&hellip;]","og_url":"https:\/\/progresso.com.br\/index.php\/2026\/04\/26\/veja-quem-ganhou-o-concurso-de-miss-e-mister-indigena-2026-em-dourados\/","og_site_name":"O PROGRESSO","article_publisher":"https:\/\/www.facebook.com\/share\/1CeoksKBj6\/","article_published_time":"2026-04-26T17:20:00+00:00","og_image":[{"width":1280,"height":907,"url":"https:\/\/progresso.com.br\/wp-content\/uploads\/2026\/04\/miss-e-mister-indigena27.jpeg","type":"image\/jpeg"}],"author":"Alfredo","twitter_card":"summary_large_image","twitter_misc":{"Escrito por":"Alfredo","Est. tempo de leitura":"2 minutos"},"schema":{"@context":"https:\/\/schema.org","@graph":[{"@type":"Article","@id":"https:\/\/progresso.com.br\/index.php\/2026\/04\/26\/veja-quem-ganhou-o-concurso-de-miss-e-mister-indigena-2026-em-dourados\/#article","isPartOf":{"@id":"https:\/\/progresso.com.br\/index.php\/2026\/04\/26\/veja-quem-ganhou-o-concurso-de-miss-e-mister-indigena-2026-em-dourados\/"},"author":{"name":"Alfredo","@id":"https:\/\/progresso.com.br\/#\/schema\/person\/b7390ac97c5e156cc2e02aa8e88f1bf2"},"headline":"Veja quem ganhou o concurso de Miss e Mister Ind\u00edgena 2026 em Dourados","datePublished":"2026-04-26T17:20:00+00:00","mainEntityOfPage":{"@id":"https:\/\/progresso.com.br\/index.php\/2026\/04\/26\/veja-quem-ganhou-o-concurso-de-miss-e-mister-indigena-2026-em-dourados\/"},"wordCount":233,"commentCount":0,"publisher":{"@id":"https:\/\/progresso.com.br\/#organization"},"image":{"@id":"https:\/\/progresso.com.br\/index.php\/2026\/04\/26\/veja-quem-ganhou-o-concurso-de-miss-e-mister-indigena-2026-em-dourados\/#primaryimage"},"thumbnailUrl":"https:\/\/progresso.com.br\/wp-content\/uploads\/2026\/04\/miss-e-mister-indigena27.jpeg","articleSection":["Cultura","Em destaque"],"inLanguage":"pt-BR","potentialAction":[{"@type":"CommentAction","name":"Comment","target":["https:\/\/progresso.com.br\/index.php\/2026\/04\/26\/veja-quem-ganhou-o-concurso-de-miss-e-mister-indigena-2026-em-dourados\/#respond"]}]},{"@type":"WebPage","@id":"https:\/\/progresso.com.br\/index.php\/2026\/04\/26\/veja-quem-ganhou-o-concurso-de-miss-e-mister-indigena-2026-em-dourados\/","url":"https:\/\/progresso.com.br\/index.php\/2026\/04\/26\/veja-quem-ganhou-o-concurso-de-miss-e-mister-indigena-2026-em-dourados\/","name":"Veja quem ganhou o concurso de Miss e Mister Ind\u00edgena 2026 em Dourados - O PROGRESSO","isPartOf":{"@id":"https:\/\/progresso.com.br\/#website"},"primaryImageOfPage":{"@id":"https:\/\/progresso.com.br\/index.php\/2026\/04\/26\/veja-quem-ganhou-o-concurso-de-miss-e-mister-indigena-2026-em-dourados\/#primaryimage"},"image":{"@id":"https:\/\/progresso.com.br\/index.php\/2026\/04\/26\/veja-quem-ganhou-o-concurso-de-miss-e-mister-indigena-2026-em-dourados\/#primaryimage"},"thumbnailUrl":"https:\/\/progresso.com.br\/wp-content\/uploads\/2026\/04\/miss-e-mister-indigena27.jpeg","datePublished":"2026-04-26T17:20:00+00:00","breadcrumb":{"@id":"https:\/\/progresso.com.br\/index.php\/2026\/04\/26\/veja-quem-ganhou-o-concurso-de-miss-e-mister-indigena-2026-em-dourados\/#breadcrumb"},"inLanguage":"pt-BR","potentialAction":[{"@type":"ReadAction","target":["https:\/\/progresso.com.br\/index.php\/2026\/04\/26\/veja-quem-ganhou-o-concurso-de-miss-e-mister-indigena-2026-em-dourados\/"]}]},{"@type":"ImageObject","inLanguage":"pt-BR","@id":"https:\/\/progresso.com.br\/index.php\/2026\/04\/26\/veja-quem-ganhou-o-concurso-de-miss-e-mister-indigena-2026-em-dourados\/#primaryimage","url":"https:\/\/progresso.com.br\/wp-content\/uploads\/2026\/04\/miss-e-mister-indigena27.jpeg","contentUrl":"https:\/\/progresso.com.br\/wp-content\/uploads\/2026\/04\/miss-e-mister-indigena27.jpeg","width":1280,"height":907,"caption":"Os finalistas do concurso que ocorreu na Vila Ol\u00edmpica da Reserva Ind\u00edgena de Dourados. (Fotos: Franz Mendes)"},{"@type":"BreadcrumbList","@id":"https:\/\/progresso.com.br\/index.php\/2026\/04\/26\/veja-quem-ganhou-o-concurso-de-miss-e-mister-indigena-2026-em-dourados\/#breadcrumb","itemListElement":[{"@type":"ListItem","position":1,"name":"In\u00edcio","item":"https:\/\/progresso.com.br\/"},{"@type":"ListItem","position":2,"name":"Veja quem ganhou o concurso de Miss e Mister Ind\u00edgena 2026 em Dourados"}]},{"@type":"WebSite","@id":"https:\/\/progresso.com.br\/#website","url":"https:\/\/progresso.com.br\/","name":"O PROGRESSO","description":"","publisher":{"@id":"https:\/\/progresso.com.br\/#organization"},"potentialAction":[{"@type":"SearchAction","target":{"@type":"EntryPoint","urlTemplate":"https:\/\/progresso.com.br\/?s={search_term_string}"},"query-input":{"@type":"PropertyValueSpecification","valueRequired":true,"valueName":"search_term_string"}}],"inLanguage":"pt-BR"},{"@type":"Organization","@id":"https:\/\/progresso.com.br\/#organization","name":"O PROGRESSO","url":"https:\/\/progresso.com.br\/","logo":{"@type":"ImageObject","inLanguage":"pt-BR","@id":"https:\/\/progresso.com.br\/#\/schema\/logo\/image\/","url":"https:\/\/progresso.com.br\/wp-content\/uploads\/2026\/03\/logo_proog.jpg","contentUrl":"https:\/\/progresso.com.br\/wp-content\/uploads\/2026\/03\/logo_proog.jpg","width":1960,"height":1080,"caption":"O PROGRESSO"},"image":{"@id":"https:\/\/progresso.com.br\/#\/schema\/logo\/image\/"},"sameAs":["https:\/\/www.facebook.com\/share\/1CeoksKBj6\/","https:\/\/www.instagram.com\/oprogresso_digital"]},{"@type":"Person","@id":"https:\/\/progresso.com.br\/#\/schema\/person\/b7390ac97c5e156cc2e02aa8e88f1bf2","name":"Alfredo","image":{"@type":"ImageObject","inLanguage":"pt-BR","@id":"https:\/\/progresso.com.br\/#\/schema\/person\/image\/","url":"https:\/\/secure.gravatar.com\/avatar\/ca208a3111522ad69d765c6f0ea1ce4742c74e10aba78ae7158042d704d65a9f?s=96&d=mm&r=g","contentUrl":"https:\/\/secure.gravatar.com\/avatar\/ca208a3111522ad69d765c6f0ea1ce4742c74e10aba78ae7158042d704d65a9f?s=96&d=mm&r=g","caption":"Alfredo"},"url":"https:\/\/progresso.com.br\/index.php\/author\/alfredo\/"}]}},"_links":{"self":[{"href":"https:\/\/progresso.com.br\/index.php\/wp-json\/wp\/v2\/posts\/4818","targetHints":{"allow":["GET"]}}],"collection":[{"href":"https:\/\/progresso.com.br\/index.php\/wp-json\/wp\/v2\/posts"}],"about":[{"href":"https:\/\/progresso.com.br\/index.php\/wp-json\/wp\/v2\/types\/post"}],"author":[{"embeddable":true,"href":"https:\/\/progresso.com.br\/index.php\/wp-json\/wp\/v2\/users\/3"}],"replies":[{"embeddable":true,"href":"https:\/\/progresso.com.br\/index.php\/wp-json\/wp\/v2\/comments?post=4818"}],"version-history":[{"count":2,"href":"https:\/\/progresso.com.br\/index.php\/wp-json\/wp\/v2\/posts\/4818\/revisions"}],"predecessor-version":[{"id":4822,"href":"https:\/\/progresso.com.br\/index.php\/wp-json\/wp\/v2\/posts\/4818\/revisions\/4822"}],"wp:featuredmedia":[{"embeddable":true,"href":"https:\/\/progresso.com.br\/index.php\/wp-json\/wp\/v2\/media\/4820"}],"wp:attachment":[{"href":"https:\/\/progresso.com.br\/index.php\/wp-json\/wp\/v2\/media?parent=4818"}],"wp:term":[{"taxonomy":"category","embeddable":true,"href":"https:\/\/progresso.com.br\/index.php\/wp-json\/wp\/v2\/categories?post=4818"},{"taxonomy":"post_tag","embeddable":true,"href":"https:\/\/progresso.com.br\/index.php\/wp-json\/wp\/v2\/tags?post=4818"}],"curies":[{"name":"wp","href":"https:\/\/api.w.org\/{rel}","templated":true}]}}