{"id":4835,"date":"2026-04-27T07:53:23","date_gmt":"2026-04-27T11:53:23","guid":{"rendered":"https:\/\/progresso.com.br\/?p=4835"},"modified":"2026-04-27T07:53:23","modified_gmt":"2026-04-27T11:53:23","slug":"mato-grosso-do-sul-conquista-nota-maxima-e-lidera-o-brasil-em-cobertura-vacinal","status":"publish","type":"post","link":"https:\/\/progresso.com.br\/index.php\/2026\/04\/27\/mato-grosso-do-sul-conquista-nota-maxima-e-lidera-o-brasil-em-cobertura-vacinal\/","title":{"rendered":"Mato Grosso do Sul conquista nota m\u00e1xima e lidera o Brasil em cobertura vacinal"},"content":{"rendered":"\n<p><strong>\u00a0<em>Estado mant\u00e9m desempenho de excel\u00eancia no Ranking de Competitividade e refor\u00e7a efetividade das estrat\u00e9gias de imuniza\u00e7\u00e3o em todo o territ\u00f3rio<\/em><\/strong><\/p>\n\n\n\n<p><em>Comunica\u00e7\u00e3o SES<\/em><\/p>\n\n\n\n<p>Mato Grosso do Sul se mant\u00e9m como refer\u00eancia nacional em imuniza\u00e7\u00e3o e, pelo segundo ano consecutivo, alcan\u00e7ou nota m\u00e1xima (100 pontos) e o 1\u00ba lugar no indicador de cobertura vacinal do Ranking de Competitividade dos Estados 2025, elaborado pelo CLP (Centro de Lideran\u00e7a P\u00fablica).<\/p>\n\n\n\n<p>O resultado consolida o Estado na lideran\u00e7a nacional e reflete a efetividade das estrat\u00e9gias coordenadas pela SES (Secretaria de Estado de Sa\u00fade), em parceria com os munic\u00edpios, garantindo alta cobertura em diferentes p\u00fablicos e imunizantes.<\/p>\n\n\n\n<p>A metodologia do ranking considera o n\u00famero de doses aplicadas \u2014 incluindo primeira, segunda, terceira ou dose \u00fanica \u2014 em rela\u00e7\u00e3o \u00e0 popula\u00e7\u00e3o-alvo, evidenciando a capacidade da rede p\u00fablica de alcan\u00e7ar n\u00edveis elevados de prote\u00e7\u00e3o coletiva.<\/p>\n\n\n\n<p>Ao longo de 2025, o Estado intensificou campanhas, ampliou o acesso \u00e0 vacina\u00e7\u00e3o e manteve indicadores acima das metas preconizadas pelo Minist\u00e9rio da Sa\u00fade, com destaque para a\u00e7\u00f5es extramuros, vacina\u00e7\u00e3o em escolas e estrat\u00e9gias voltadas \u00e0 busca ativa de n\u00e3o vacinados.<\/p>\n\n\n\n<p><strong>A\u00e7\u00f5es estrat\u00e9gicas ampliam alcance<\/strong><\/p>\n\n\n\n<p>O alto desempenho do Estado \u00e9 sustentado por um conjunto de a\u00e7\u00f5es articuladas dentro do programa MS Vacina Mais, principal estrat\u00e9gia estadual para amplia\u00e7\u00e3o das coberturas vacinais.<\/p>\n\n\n\n<p>A partir dele, s\u00e3o desenvolvidas iniciativas como o Aluno Imunizado, a exig\u00eancia de declara\u00e7\u00e3o de vacina\u00e7\u00e3o atualizada em parceria entre as \u00e1reas de sa\u00fade e educa\u00e7\u00e3o, e a estrat\u00e9gia Cuidar de Quem Cuida, voltada \u00e0 imuniza\u00e7\u00e3o de profissionais de sa\u00fade \u2014 medidas que ampliam o alcance da vacina\u00e7\u00e3o em p\u00fablicos estrat\u00e9gicos.<\/p>\n\n\n\n<p>Essas a\u00e7\u00f5es se integram \u00e0s campanhas nacionais, como vacina\u00e7\u00e3o em \u00e1reas de fronteira, campanhas contra a influenza e vacina\u00e7\u00e3o nas escolas, fortalecendo a cobertura vacinal e garantindo maior acesso da popula\u00e7\u00e3o aos imunizantes em todo o Estado.<\/p>\n\n\n\n<p><strong>Consolida\u00e7\u00e3o de resultados<\/strong><\/p>\n\n\n\n<p>Para a coordenadora estadual de Imuniza\u00e7\u00e3o da SES, Ana Paula Rezende Goldfinger, o desempenho cont\u00ednuo est\u00e1 diretamente relacionado \u00e0 qualifica\u00e7\u00e3o da gest\u00e3o e ao monitoramento permanente dos indicadores.<\/p>\n\n\n\n<p>\u201cTrata-se de um resultado sustentado por planejamento t\u00e9cnico, monitoramento sistem\u00e1tico das coberturas vacinais e ado\u00e7\u00e3o de estrat\u00e9gias baseadas em evid\u00eancias. A integra\u00e7\u00e3o entre Estado e munic\u00edpios tem sido determinante para ampliar o acesso, reduzir bols\u00f5es de n\u00e3o vacinados e garantir homogeneidade nas coberturas\u201d, destacou.<\/p>\n\n\n\n<p>Com mais de 2,5 milh\u00f5es de doses aplicadas em 2025, o secret\u00e1rio de Estado de Sa\u00fade, Maur\u00edcio Sim\u00f5es Corr\u00eaa, destaca que o volume expressivo de imuniza\u00e7\u00f5es reflete ainda a capacidade operacional da rede e o compromisso com a sa\u00fade p\u00fablica. \u201cAlcan\u00e7ar esse quantitativo de doses aplicadas demonstra a efici\u00eancia da nossa rede e o alinhamento com os munic\u00edpios. Esse resultado est\u00e1 inserido em um conjunto de medidas estruturantes voltadas \u00e0 qualifica\u00e7\u00e3o da assist\u00eancia e \u00e0 amplia\u00e7\u00e3o do acesso \u00e0 vacina\u00e7\u00e3o em todo o Estado\u201d, finaliza.<br><em><br><\/em><\/p>\n","protected":false},"excerpt":{"rendered":"<p>\u00a0Estado mant\u00e9m desempenho de excel\u00eancia no Ranking de Competitividade e refor\u00e7a efetividade das estrat\u00e9gias de imuniza\u00e7\u00e3o em todo o territ\u00f3rio Comunica\u00e7\u00e3o SES Mato Grosso do Sul se mant\u00e9m como refer\u00eancia nacional em imuniza\u00e7\u00e3o e, pelo segundo ano consecutivo, alcan\u00e7ou nota m\u00e1xima (100 pontos) e o 1\u00ba lugar no indicador de cobertura vacinal do Ranking de [&hellip;]<\/p>\n","protected":false},"author":2,"featured_media":4836,"comment_status":"open","ping_status":"open","sticky":false,"template":"","format":"standard","meta":{"footnotes":""},"categories":[13,2],"tags":[],"class_list":["post-4835","post","type-post","status-publish","format-standard","has-post-thumbnail","hentry","category-cotidiano","category-destaque"],"yoast_head":"<!-- This site is optimized with the Yoast SEO plugin v27.1.1 - https:\/\/yoast.com\/product\/yoast-seo-wordpress\/ -->\n<title>Mato Grosso do Sul conquista nota m\u00e1xima e lidera o Brasil em cobertura vacinal - O PROGRESSO<\/title>\n<meta name=\"robots\" content=\"index, follow, max-snippet:-1, max-image-preview:large, max-video-preview:-1\" \/>\n<link rel=\"canonical\" href=\"https:\/\/progresso.com.br\/index.php\/2026\/04\/27\/mato-grosso-do-sul-conquista-nota-maxima-e-lidera-o-brasil-em-cobertura-vacinal\/\" \/>\n<meta property=\"og:locale\" content=\"pt_BR\" \/>\n<meta property=\"og:type\" content=\"article\" \/>\n<meta property=\"og:title\" content=\"Mato Grosso do Sul conquista nota m\u00e1xima e lidera o Brasil em cobertura vacinal - O PROGRESSO\" \/>\n<meta property=\"og:description\" content=\"\u00a0Estado mant\u00e9m desempenho de excel\u00eancia no Ranking de Competitividade e refor\u00e7a efetividade das estrat\u00e9gias de imuniza\u00e7\u00e3o em todo o territ\u00f3rio Comunica\u00e7\u00e3o SES Mato Grosso do Sul se mant\u00e9m como refer\u00eancia nacional em imuniza\u00e7\u00e3o e, pelo segundo ano consecutivo, alcan\u00e7ou nota m\u00e1xima (100 pontos) e o 1\u00ba lugar no indicador de cobertura vacinal do Ranking de [&hellip;]\" \/>\n<meta property=\"og:url\" content=\"https:\/\/progresso.com.br\/index.php\/2026\/04\/27\/mato-grosso-do-sul-conquista-nota-maxima-e-lidera-o-brasil-em-cobertura-vacinal\/\" \/>\n<meta property=\"og:site_name\" content=\"O PROGRESSO\" \/>\n<meta property=\"article:publisher\" content=\"https:\/\/www.facebook.com\/share\/1CeoksKBj6\/\" \/>\n<meta property=\"article:published_time\" content=\"2026-04-27T11:53:23+00:00\" \/>\n<meta property=\"og:image\" content=\"https:\/\/progresso.com.br\/wp-content\/uploads\/2026\/04\/WhatsApp-Image-2026-04-24-at-13.29.10-730x480-1.jpeg\" \/>\n\t<meta property=\"og:image:width\" content=\"730\" \/>\n\t<meta property=\"og:image:height\" content=\"480\" \/>\n\t<meta property=\"og:image:type\" content=\"image\/jpeg\" \/>\n<meta name=\"author\" content=\"Rose\" \/>\n<meta name=\"twitter:card\" content=\"summary_large_image\" \/>\n<meta name=\"twitter:label1\" content=\"Escrito por\" \/>\n\t<meta name=\"twitter:data1\" content=\"Rose\" \/>\n\t<meta name=\"twitter:label2\" content=\"Est. tempo de leitura\" \/>\n\t<meta name=\"twitter:data2\" content=\"3 minutos\" \/>\n<script type=\"application\/ld+json\" class=\"yoast-schema-graph\">{\"@context\":\"https:\/\/schema.org\",\"@graph\":[{\"@type\":\"Article\",\"@id\":\"https:\/\/progresso.com.br\/index.php\/2026\/04\/27\/mato-grosso-do-sul-conquista-nota-maxima-e-lidera-o-brasil-em-cobertura-vacinal\/#article\",\"isPartOf\":{\"@id\":\"https:\/\/progresso.com.br\/index.php\/2026\/04\/27\/mato-grosso-do-sul-conquista-nota-maxima-e-lidera-o-brasil-em-cobertura-vacinal\/\"},\"author\":{\"name\":\"Rose\",\"@id\":\"https:\/\/progresso.com.br\/#\/schema\/person\/5dd27138d4463fbbaace62120bfc002b\"},\"headline\":\"Mato Grosso do Sul conquista nota m\u00e1xima e lidera o Brasil em cobertura vacinal\",\"datePublished\":\"2026-04-27T11:53:23+00:00\",\"mainEntityOfPage\":{\"@id\":\"https:\/\/progresso.com.br\/index.php\/2026\/04\/27\/mato-grosso-do-sul-conquista-nota-maxima-e-lidera-o-brasil-em-cobertura-vacinal\/\"},\"wordCount\":538,\"commentCount\":0,\"publisher\":{\"@id\":\"https:\/\/progresso.com.br\/#organization\"},\"image\":{\"@id\":\"https:\/\/progresso.com.br\/index.php\/2026\/04\/27\/mato-grosso-do-sul-conquista-nota-maxima-e-lidera-o-brasil-em-cobertura-vacinal\/#primaryimage\"},\"thumbnailUrl\":\"https:\/\/progresso.com.br\/wp-content\/uploads\/2026\/04\/WhatsApp-Image-2026-04-24-at-13.29.10-730x480-1.jpeg\",\"articleSection\":[\"Cotidiano\",\"Em destaque\"],\"inLanguage\":\"pt-BR\",\"potentialAction\":[{\"@type\":\"CommentAction\",\"name\":\"Comment\",\"target\":[\"https:\/\/progresso.com.br\/index.php\/2026\/04\/27\/mato-grosso-do-sul-conquista-nota-maxima-e-lidera-o-brasil-em-cobertura-vacinal\/#respond\"]}]},{\"@type\":\"WebPage\",\"@id\":\"https:\/\/progresso.com.br\/index.php\/2026\/04\/27\/mato-grosso-do-sul-conquista-nota-maxima-e-lidera-o-brasil-em-cobertura-vacinal\/\",\"url\":\"https:\/\/progresso.com.br\/index.php\/2026\/04\/27\/mato-grosso-do-sul-conquista-nota-maxima-e-lidera-o-brasil-em-cobertura-vacinal\/\",\"name\":\"Mato Grosso do Sul conquista nota m\u00e1xima e lidera o Brasil em cobertura vacinal - O PROGRESSO\",\"isPartOf\":{\"@id\":\"https:\/\/progresso.com.br\/#website\"},\"primaryImageOfPage\":{\"@id\":\"https:\/\/progresso.com.br\/index.php\/2026\/04\/27\/mato-grosso-do-sul-conquista-nota-maxima-e-lidera-o-brasil-em-cobertura-vacinal\/#primaryimage\"},\"image\":{\"@id\":\"https:\/\/progresso.com.br\/index.php\/2026\/04\/27\/mato-grosso-do-sul-conquista-nota-maxima-e-lidera-o-brasil-em-cobertura-vacinal\/#primaryimage\"},\"thumbnailUrl\":\"https:\/\/progresso.com.br\/wp-content\/uploads\/2026\/04\/WhatsApp-Image-2026-04-24-at-13.29.10-730x480-1.jpeg\",\"datePublished\":\"2026-04-27T11:53:23+00:00\",\"breadcrumb\":{\"@id\":\"https:\/\/progresso.com.br\/index.php\/2026\/04\/27\/mato-grosso-do-sul-conquista-nota-maxima-e-lidera-o-brasil-em-cobertura-vacinal\/#breadcrumb\"},\"inLanguage\":\"pt-BR\",\"potentialAction\":[{\"@type\":\"ReadAction\",\"target\":[\"https:\/\/progresso.com.br\/index.php\/2026\/04\/27\/mato-grosso-do-sul-conquista-nota-maxima-e-lidera-o-brasil-em-cobertura-vacinal\/\"]}]},{\"@type\":\"ImageObject\",\"inLanguage\":\"pt-BR\",\"@id\":\"https:\/\/progresso.com.br\/index.php\/2026\/04\/27\/mato-grosso-do-sul-conquista-nota-maxima-e-lidera-o-brasil-em-cobertura-vacinal\/#primaryimage\",\"url\":\"https:\/\/progresso.com.br\/wp-content\/uploads\/2026\/04\/WhatsApp-Image-2026-04-24-at-13.29.10-730x480-1.jpeg\",\"contentUrl\":\"https:\/\/progresso.com.br\/wp-content\/uploads\/2026\/04\/WhatsApp-Image-2026-04-24-at-13.29.10-730x480-1.jpeg\",\"width\":730,\"height\":480,\"caption\":\"(Foto: Andr\u00e9 Lima)\"},{\"@type\":\"BreadcrumbList\",\"@id\":\"https:\/\/progresso.com.br\/index.php\/2026\/04\/27\/mato-grosso-do-sul-conquista-nota-maxima-e-lidera-o-brasil-em-cobertura-vacinal\/#breadcrumb\",\"itemListElement\":[{\"@type\":\"ListItem\",\"position\":1,\"name\":\"In\u00edcio\",\"item\":\"https:\/\/progresso.com.br\/\"},{\"@type\":\"ListItem\",\"position\":2,\"name\":\"Mato Grosso do Sul conquista nota m\u00e1xima e lidera o Brasil em cobertura vacinal\"}]},{\"@type\":\"WebSite\",\"@id\":\"https:\/\/progresso.com.br\/#website\",\"url\":\"https:\/\/progresso.com.br\/\",\"name\":\"O PROGRESSO\",\"description\":\"\",\"publisher\":{\"@id\":\"https:\/\/progresso.com.br\/#organization\"},\"potentialAction\":[{\"@type\":\"SearchAction\",\"target\":{\"@type\":\"EntryPoint\",\"urlTemplate\":\"https:\/\/progresso.com.br\/?s={search_term_string}\"},\"query-input\":{\"@type\":\"PropertyValueSpecification\",\"valueRequired\":true,\"valueName\":\"search_term_string\"}}],\"inLanguage\":\"pt-BR\"},{\"@type\":\"Organization\",\"@id\":\"https:\/\/progresso.com.br\/#organization\",\"name\":\"O PROGRESSO\",\"url\":\"https:\/\/progresso.com.br\/\",\"logo\":{\"@type\":\"ImageObject\",\"inLanguage\":\"pt-BR\",\"@id\":\"https:\/\/progresso.com.br\/#\/schema\/logo\/image\/\",\"url\":\"https:\/\/progresso.com.br\/wp-content\/uploads\/2026\/03\/logo_proog.jpg\",\"contentUrl\":\"https:\/\/progresso.com.br\/wp-content\/uploads\/2026\/03\/logo_proog.jpg\",\"width\":1960,\"height\":1080,\"caption\":\"O PROGRESSO\"},\"image\":{\"@id\":\"https:\/\/progresso.com.br\/#\/schema\/logo\/image\/\"},\"sameAs\":[\"https:\/\/www.facebook.com\/share\/1CeoksKBj6\/\",\"https:\/\/www.instagram.com\/oprogresso_digital\"]},{\"@type\":\"Person\",\"@id\":\"https:\/\/progresso.com.br\/#\/schema\/person\/5dd27138d4463fbbaace62120bfc002b\",\"name\":\"Rose\",\"image\":{\"@type\":\"ImageObject\",\"inLanguage\":\"pt-BR\",\"@id\":\"https:\/\/progresso.com.br\/#\/schema\/person\/image\/\",\"url\":\"https:\/\/secure.gravatar.com\/avatar\/1b6890e759cdd3a88d9f751cb423720b9861c5239167cd3586355638b6556599?s=96&d=mm&r=g\",\"contentUrl\":\"https:\/\/secure.gravatar.com\/avatar\/1b6890e759cdd3a88d9f751cb423720b9861c5239167cd3586355638b6556599?s=96&d=mm&r=g\",\"caption\":\"Rose\"},\"url\":\"https:\/\/progresso.com.br\/index.php\/author\/rose\/\"}]}<\/script>\n<!-- \/ Yoast SEO plugin. -->","yoast_head_json":{"title":"Mato Grosso do Sul conquista nota m\u00e1xima e lidera o Brasil em cobertura vacinal - O PROGRESSO","robots":{"index":"index","follow":"follow","max-snippet":"max-snippet:-1","max-image-preview":"max-image-preview:large","max-video-preview":"max-video-preview:-1"},"canonical":"https:\/\/progresso.com.br\/index.php\/2026\/04\/27\/mato-grosso-do-sul-conquista-nota-maxima-e-lidera-o-brasil-em-cobertura-vacinal\/","og_locale":"pt_BR","og_type":"article","og_title":"Mato Grosso do Sul conquista nota m\u00e1xima e lidera o Brasil em cobertura vacinal - O PROGRESSO","og_description":"\u00a0Estado mant\u00e9m desempenho de excel\u00eancia no Ranking de Competitividade e refor\u00e7a efetividade das estrat\u00e9gias de imuniza\u00e7\u00e3o em todo o territ\u00f3rio Comunica\u00e7\u00e3o SES Mato Grosso do Sul se mant\u00e9m como refer\u00eancia nacional em imuniza\u00e7\u00e3o e, pelo segundo ano consecutivo, alcan\u00e7ou nota m\u00e1xima (100 pontos) e o 1\u00ba lugar no indicador de cobertura vacinal do Ranking de [&hellip;]","og_url":"https:\/\/progresso.com.br\/index.php\/2026\/04\/27\/mato-grosso-do-sul-conquista-nota-maxima-e-lidera-o-brasil-em-cobertura-vacinal\/","og_site_name":"O PROGRESSO","article_publisher":"https:\/\/www.facebook.com\/share\/1CeoksKBj6\/","article_published_time":"2026-04-27T11:53:23+00:00","og_image":[{"width":730,"height":480,"url":"https:\/\/progresso.com.br\/wp-content\/uploads\/2026\/04\/WhatsApp-Image-2026-04-24-at-13.29.10-730x480-1.jpeg","type":"image\/jpeg"}],"author":"Rose","twitter_card":"summary_large_image","twitter_misc":{"Escrito por":"Rose","Est. tempo de leitura":"3 minutos"},"schema":{"@context":"https:\/\/schema.org","@graph":[{"@type":"Article","@id":"https:\/\/progresso.com.br\/index.php\/2026\/04\/27\/mato-grosso-do-sul-conquista-nota-maxima-e-lidera-o-brasil-em-cobertura-vacinal\/#article","isPartOf":{"@id":"https:\/\/progresso.com.br\/index.php\/2026\/04\/27\/mato-grosso-do-sul-conquista-nota-maxima-e-lidera-o-brasil-em-cobertura-vacinal\/"},"author":{"name":"Rose","@id":"https:\/\/progresso.com.br\/#\/schema\/person\/5dd27138d4463fbbaace62120bfc002b"},"headline":"Mato Grosso do Sul conquista nota m\u00e1xima e lidera o Brasil em cobertura vacinal","datePublished":"2026-04-27T11:53:23+00:00","mainEntityOfPage":{"@id":"https:\/\/progresso.com.br\/index.php\/2026\/04\/27\/mato-grosso-do-sul-conquista-nota-maxima-e-lidera-o-brasil-em-cobertura-vacinal\/"},"wordCount":538,"commentCount":0,"publisher":{"@id":"https:\/\/progresso.com.br\/#organization"},"image":{"@id":"https:\/\/progresso.com.br\/index.php\/2026\/04\/27\/mato-grosso-do-sul-conquista-nota-maxima-e-lidera-o-brasil-em-cobertura-vacinal\/#primaryimage"},"thumbnailUrl":"https:\/\/progresso.com.br\/wp-content\/uploads\/2026\/04\/WhatsApp-Image-2026-04-24-at-13.29.10-730x480-1.jpeg","articleSection":["Cotidiano","Em destaque"],"inLanguage":"pt-BR","potentialAction":[{"@type":"CommentAction","name":"Comment","target":["https:\/\/progresso.com.br\/index.php\/2026\/04\/27\/mato-grosso-do-sul-conquista-nota-maxima-e-lidera-o-brasil-em-cobertura-vacinal\/#respond"]}]},{"@type":"WebPage","@id":"https:\/\/progresso.com.br\/index.php\/2026\/04\/27\/mato-grosso-do-sul-conquista-nota-maxima-e-lidera-o-brasil-em-cobertura-vacinal\/","url":"https:\/\/progresso.com.br\/index.php\/2026\/04\/27\/mato-grosso-do-sul-conquista-nota-maxima-e-lidera-o-brasil-em-cobertura-vacinal\/","name":"Mato Grosso do Sul conquista nota m\u00e1xima e lidera o Brasil em cobertura vacinal - O PROGRESSO","isPartOf":{"@id":"https:\/\/progresso.com.br\/#website"},"primaryImageOfPage":{"@id":"https:\/\/progresso.com.br\/index.php\/2026\/04\/27\/mato-grosso-do-sul-conquista-nota-maxima-e-lidera-o-brasil-em-cobertura-vacinal\/#primaryimage"},"image":{"@id":"https:\/\/progresso.com.br\/index.php\/2026\/04\/27\/mato-grosso-do-sul-conquista-nota-maxima-e-lidera-o-brasil-em-cobertura-vacinal\/#primaryimage"},"thumbnailUrl":"https:\/\/progresso.com.br\/wp-content\/uploads\/2026\/04\/WhatsApp-Image-2026-04-24-at-13.29.10-730x480-1.jpeg","datePublished":"2026-04-27T11:53:23+00:00","breadcrumb":{"@id":"https:\/\/progresso.com.br\/index.php\/2026\/04\/27\/mato-grosso-do-sul-conquista-nota-maxima-e-lidera-o-brasil-em-cobertura-vacinal\/#breadcrumb"},"inLanguage":"pt-BR","potentialAction":[{"@type":"ReadAction","target":["https:\/\/progresso.com.br\/index.php\/2026\/04\/27\/mato-grosso-do-sul-conquista-nota-maxima-e-lidera-o-brasil-em-cobertura-vacinal\/"]}]},{"@type":"ImageObject","inLanguage":"pt-BR","@id":"https:\/\/progresso.com.br\/index.php\/2026\/04\/27\/mato-grosso-do-sul-conquista-nota-maxima-e-lidera-o-brasil-em-cobertura-vacinal\/#primaryimage","url":"https:\/\/progresso.com.br\/wp-content\/uploads\/2026\/04\/WhatsApp-Image-2026-04-24-at-13.29.10-730x480-1.jpeg","contentUrl":"https:\/\/progresso.com.br\/wp-content\/uploads\/2026\/04\/WhatsApp-Image-2026-04-24-at-13.29.10-730x480-1.jpeg","width":730,"height":480,"caption":"(Foto: Andr\u00e9 Lima)"},{"@type":"BreadcrumbList","@id":"https:\/\/progresso.com.br\/index.php\/2026\/04\/27\/mato-grosso-do-sul-conquista-nota-maxima-e-lidera-o-brasil-em-cobertura-vacinal\/#breadcrumb","itemListElement":[{"@type":"ListItem","position":1,"name":"In\u00edcio","item":"https:\/\/progresso.com.br\/"},{"@type":"ListItem","position":2,"name":"Mato Grosso do Sul conquista nota m\u00e1xima e lidera o Brasil em cobertura vacinal"}]},{"@type":"WebSite","@id":"https:\/\/progresso.com.br\/#website","url":"https:\/\/progresso.com.br\/","name":"O PROGRESSO","description":"","publisher":{"@id":"https:\/\/progresso.com.br\/#organization"},"potentialAction":[{"@type":"SearchAction","target":{"@type":"EntryPoint","urlTemplate":"https:\/\/progresso.com.br\/?s={search_term_string}"},"query-input":{"@type":"PropertyValueSpecification","valueRequired":true,"valueName":"search_term_string"}}],"inLanguage":"pt-BR"},{"@type":"Organization","@id":"https:\/\/progresso.com.br\/#organization","name":"O PROGRESSO","url":"https:\/\/progresso.com.br\/","logo":{"@type":"ImageObject","inLanguage":"pt-BR","@id":"https:\/\/progresso.com.br\/#\/schema\/logo\/image\/","url":"https:\/\/progresso.com.br\/wp-content\/uploads\/2026\/03\/logo_proog.jpg","contentUrl":"https:\/\/progresso.com.br\/wp-content\/uploads\/2026\/03\/logo_proog.jpg","width":1960,"height":1080,"caption":"O PROGRESSO"},"image":{"@id":"https:\/\/progresso.com.br\/#\/schema\/logo\/image\/"},"sameAs":["https:\/\/www.facebook.com\/share\/1CeoksKBj6\/","https:\/\/www.instagram.com\/oprogresso_digital"]},{"@type":"Person","@id":"https:\/\/progresso.com.br\/#\/schema\/person\/5dd27138d4463fbbaace62120bfc002b","name":"Rose","image":{"@type":"ImageObject","inLanguage":"pt-BR","@id":"https:\/\/progresso.com.br\/#\/schema\/person\/image\/","url":"https:\/\/secure.gravatar.com\/avatar\/1b6890e759cdd3a88d9f751cb423720b9861c5239167cd3586355638b6556599?s=96&d=mm&r=g","contentUrl":"https:\/\/secure.gravatar.com\/avatar\/1b6890e759cdd3a88d9f751cb423720b9861c5239167cd3586355638b6556599?s=96&d=mm&r=g","caption":"Rose"},"url":"https:\/\/progresso.com.br\/index.php\/author\/rose\/"}]}},"_links":{"self":[{"href":"https:\/\/progresso.com.br\/index.php\/wp-json\/wp\/v2\/posts\/4835","targetHints":{"allow":["GET"]}}],"collection":[{"href":"https:\/\/progresso.com.br\/index.php\/wp-json\/wp\/v2\/posts"}],"about":[{"href":"https:\/\/progresso.com.br\/index.php\/wp-json\/wp\/v2\/types\/post"}],"author":[{"embeddable":true,"href":"https:\/\/progresso.com.br\/index.php\/wp-json\/wp\/v2\/users\/2"}],"replies":[{"embeddable":true,"href":"https:\/\/progresso.com.br\/index.php\/wp-json\/wp\/v2\/comments?post=4835"}],"version-history":[{"count":1,"href":"https:\/\/progresso.com.br\/index.php\/wp-json\/wp\/v2\/posts\/4835\/revisions"}],"predecessor-version":[{"id":4837,"href":"https:\/\/progresso.com.br\/index.php\/wp-json\/wp\/v2\/posts\/4835\/revisions\/4837"}],"wp:featuredmedia":[{"embeddable":true,"href":"https:\/\/progresso.com.br\/index.php\/wp-json\/wp\/v2\/media\/4836"}],"wp:attachment":[{"href":"https:\/\/progresso.com.br\/index.php\/wp-json\/wp\/v2\/media?parent=4835"}],"wp:term":[{"taxonomy":"category","embeddable":true,"href":"https:\/\/progresso.com.br\/index.php\/wp-json\/wp\/v2\/categories?post=4835"},{"taxonomy":"post_tag","embeddable":true,"href":"https:\/\/progresso.com.br\/index.php\/wp-json\/wp\/v2\/tags?post=4835"}],"curies":[{"name":"wp","href":"https:\/\/api.w.org\/{rel}","templated":true}]}}