{"id":4854,"date":"2026-04-27T09:45:00","date_gmt":"2026-04-27T13:45:00","guid":{"rendered":"https:\/\/progresso.com.br\/?p=4854"},"modified":"2026-04-27T08:49:38","modified_gmt":"2026-04-27T12:49:38","slug":"governo-anuncia-nesta-segunda-r-909-milhoes-para-a-cadeia-do-leite-e-a-reforma-agraria","status":"publish","type":"post","link":"https:\/\/progresso.com.br\/index.php\/2026\/04\/27\/governo-anuncia-nesta-segunda-r-909-milhoes-para-a-cadeia-do-leite-e-a-reforma-agraria\/","title":{"rendered":"Governo anuncia nesta segunda R$ 909 milh\u00f5es para a cadeia do leite e a reforma agr\u00e1ria"},"content":{"rendered":"\n<p><strong><em>Ato em Andradina (SP), com presen\u00e7a do vice-presidente Geraldo Alckmin, re\u00fane medidas para ampliar a produtividade da agricultura familiar, fortalecer cooperativas leiteiras e beneficiar fam\u00edlias assentadas em todo o pa\u00eds<\/em><\/strong><\/p>\n\n\n\n<p><em>Ag\u00eancia Gov | Via Planalto<\/em><br><\/p>\n\n\n\n<p>O Governo do Brasil anuncia nesta segunda-feira (27\/4), em Andradina (SP), mais de R$ 909 milh\u00f5es em investimentos para fortalecer a cadeia produtiva do leite da agricultura familiar e avan\u00e7ar na reforma agr\u00e1ria. As medidas incluem cr\u00e9dito para amplia\u00e7\u00e3o da produ\u00e7\u00e3o leiteira, apoio a cooperativas, assist\u00eancia t\u00e9cnica e novos assentamentos rurais.<\/p>\n\n\n\n<p>A agenda contar\u00e1 com a presen\u00e7a do vice-presidente Geraldo Alckmin, da ministra do Desenvolvimento Agr\u00e1rio e Agricultura Familiar, Fernanda Machiaveli, e participa\u00e7\u00e3o remota do presidente Luiz In\u00e1cio Lula da Silva.&nbsp;<\/p>\n\n\n\n<p><strong>CR\u00c9DITO, TECNOLOGIA E APOIO \u00c0 PRODU\u00c7\u00c3O<\/strong><strong>&nbsp;<\/strong>\u2013 Entre as principais a\u00e7\u00f5es est\u00e1 o an\u00fancio de R$ 450 milh\u00f5es para o Pronaf Mais Leite, programa que ir\u00e1 viabilizar a implanta\u00e7\u00e3o de at\u00e9 300 mil embri\u00f5es para o melhoramento gen\u00e9tico dos rebanhos da agricultura familiar. A iniciativa beneficiar\u00e1 cerca de 40 mil produtores, ampliando a produtividade e fortalecendo a renda no campo.<\/p>\n\n\n\n<p>Tamb\u00e9m ser\u00e1 formalizado contrato de R$ 15 milh\u00f5es do Pronaf Agroind\u00fastria com a Cooperativa de Produ\u00e7\u00e3o, Industrializa\u00e7\u00e3o e Comercializa\u00e7\u00e3o Agropecu\u00e1ria dos Assentados e Agricultores Familiares da Regi\u00e3o Noroeste do Estado de S\u00e3o Paulo (Coapar) para a constru\u00e7\u00e3o de uma nova unidade de produ\u00e7\u00e3o de leite em p\u00f3. A agroind\u00fastria ampliar\u00e1 a capacidade de beneficiamento local, agregar\u00e1 valor \u00e0 produ\u00e7\u00e3o e fortalecer\u00e1 a inser\u00e7\u00e3o da cooperativa em mercados institucionais e convencionais.<\/p>\n\n\n\n<p>O Governo do Brasil anunciar\u00e1 ainda uma nova linha de cr\u00e9dito do Pronaf, com volume total de R$ 150 milh\u00f5es, destinada ao beneficiamento, industrializa\u00e7\u00e3o e comercializa\u00e7\u00e3o de leite por cooperativas da agricultura familiar. A linha ter\u00e1 taxa de juros de 8% ao ano, prazo de at\u00e9 seis anos para pagamento e at\u00e9 12 meses de car\u00eancia, apoiando a amplia\u00e7\u00e3o da capacidade produtiva e o enfrentamento das dificuldades da cadeia leiteira.<\/p>\n\n\n\n<p><strong>Leia tamb\u00e9m<\/strong><br><a href=\"https:\/\/agenciagov.ebc.com.br\/noticias\/202604\/governo-do-brasil-anuncia-r-450-milhoes-para-fortalecer-a-producao-de-leite-da-agricultura-familiar\">Minist\u00e9rio anuncia R$ 450 milh\u00f5es para fortalecer produ\u00e7\u00e3o de leite da agricultura familiar<\/a><\/p>\n\n\n\n<p>Outra medida ser\u00e1 o lan\u00e7amento de chamada p\u00fablica de Assist\u00eancia T\u00e9cnica e Extens\u00e3o Rural (ATER), coordenada pela Anater, no valor de R$ 28,5 milh\u00f5es, com abrang\u00eancia nacional. O edital atender\u00e1 4.050 fam\u00edlias agricultoras, promovendo qualifica\u00e7\u00e3o da produ\u00e7\u00e3o, melhoria da gest\u00e3o e amplia\u00e7\u00e3o do acesso \u00e0 tecnologia.<\/p>\n\n\n\n<p><strong>SEGURAN\u00c7A ALIMENTAR&nbsp;<\/strong>\u2013 Como medida para absorver a oferta de leite no mercado e garantir seguran\u00e7a alimentar, o Governo do Brasil tamb\u00e9m anunciar\u00e1 a destina\u00e7\u00e3o de R$ 100 milh\u00f5es em leite em p\u00f3, adquiridos por meio do Programa de Aquisi\u00e7\u00e3o de Alimentos (PAA).<\/p>\n\n\n\n<p>Ao todo, foram compradas quase 2 mil toneladas de leite em p\u00f3 de 41 cooperativas e associa\u00e7\u00f5es da agricultura familiar, beneficiando diretamente 3.773 fam\u00edlias fornecedoras. Os produtos ser\u00e3o destinados a cozinhas solid\u00e1rias, bancos de alimentos e entidades da sociedade civil.<\/p>\n\n\n\n<p>A iniciativa fortalece a produ\u00e7\u00e3o da agricultura familiar ao mesmo tempo em que amplia o acesso a alimentos para popula\u00e7\u00f5es em situa\u00e7\u00e3o de vulnerabilidade.<\/p>\n\n\n\n<p><strong>REFORMA AGR\u00c1RIA&nbsp;<\/strong>\u2013 Na \u00e1rea da reforma agr\u00e1ria, o evento marcar\u00e1 a assinatura de dois decretos presidenciais de desapropria\u00e7\u00e3o por interesse social para cria\u00e7\u00e3o de assentamentos.<\/p>\n\n\n\n<p>Um deles destina a Fazenda S\u00edtio Boa Vista, em Americana (SP), com \u00e1rea de 103,45 hectares, para a implanta\u00e7\u00e3o do Projeto de Desenvolvimento Sustent\u00e1vel Milton Santos, com capacidade para atender cerca de 70 fam\u00edlias. O valor total dessa desapropria\u00e7\u00e3o foi definido em R$ 5,1 milh\u00f5es.<\/p>\n\n\n\n<p>O outro decreto envolve a Fazenda Cara\u00fabas, em Santa Quit\u00e9ria (CE), com \u00e1rea de 3.130,91 hectares e potencial para beneficiar 48 fam\u00edlias \u2013 valor total de R$ 5,3 milh\u00f5es para essa desapropria\u00e7\u00e3o.<\/p>\n\n\n\n<p>Tamb\u00e9m ser\u00e1 anunciada a libera\u00e7\u00e3o de R$ 155 milh\u00f5es em cr\u00e9ditos de instala\u00e7\u00e3o do Incra, para atender 9.621 fam\u00edlias assentadas em todo o pa\u00eds. Desse total, R$ 24,5 milh\u00f5es ser\u00e3o destinados ao estado de S\u00e3o Paulo, beneficiando 794 fam\u00edlias com recursos para fomento produtivo e habita\u00e7\u00e3o rural.<\/p>\n\n\n\n<p>As entregas refor\u00e7am o compromisso do Governo do Brasil com a amplia\u00e7\u00e3o do acesso \u00e0 terra, o fortalecimento da produ\u00e7\u00e3o agr\u00edcola e a melhoria das condi\u00e7\u00f5es de vida no campo.<\/p>\n","protected":false},"excerpt":{"rendered":"<p>Ato em Andradina (SP), com presen\u00e7a do vice-presidente Geraldo Alckmin, re\u00fane medidas para ampliar a produtividade da agricultura familiar, fortalecer cooperativas leiteiras e beneficiar fam\u00edlias assentadas em todo o pa\u00eds Ag\u00eancia Gov | Via Planalto O Governo do Brasil anuncia nesta segunda-feira (27\/4), em Andradina (SP), mais de R$ 909 milh\u00f5es em investimentos para fortalecer [&hellip;]<\/p>\n","protected":false},"author":2,"featured_media":4855,"comment_status":"open","ping_status":"open","sticky":false,"template":"","format":"standard","meta":{"footnotes":""},"categories":[14],"tags":[],"class_list":["post-4854","post","type-post","status-publish","format-standard","has-post-thumbnail","hentry","category-agro"],"yoast_head":"<!-- This site is optimized with the Yoast SEO plugin v27.1.1 - https:\/\/yoast.com\/product\/yoast-seo-wordpress\/ -->\n<title>Governo anuncia nesta segunda R$ 909 milh\u00f5es para a cadeia do leite e a reforma agr\u00e1ria - O PROGRESSO<\/title>\n<meta name=\"robots\" content=\"index, follow, max-snippet:-1, max-image-preview:large, max-video-preview:-1\" \/>\n<link rel=\"canonical\" href=\"https:\/\/progresso.com.br\/index.php\/2026\/04\/27\/governo-anuncia-nesta-segunda-r-909-milhoes-para-a-cadeia-do-leite-e-a-reforma-agraria\/\" \/>\n<meta property=\"og:locale\" content=\"pt_BR\" \/>\n<meta property=\"og:type\" content=\"article\" \/>\n<meta property=\"og:title\" content=\"Governo anuncia nesta segunda R$ 909 milh\u00f5es para a cadeia do leite e a reforma agr\u00e1ria - O PROGRESSO\" \/>\n<meta property=\"og:description\" content=\"Ato em Andradina (SP), com presen\u00e7a do vice-presidente Geraldo Alckmin, re\u00fane medidas para ampliar a produtividade da agricultura familiar, fortalecer cooperativas leiteiras e beneficiar fam\u00edlias assentadas em todo o pa\u00eds Ag\u00eancia Gov | Via Planalto O Governo do Brasil anuncia nesta segunda-feira (27\/4), em Andradina (SP), mais de R$ 909 milh\u00f5es em investimentos para fortalecer [&hellip;]\" \/>\n<meta property=\"og:url\" content=\"https:\/\/progresso.com.br\/index.php\/2026\/04\/27\/governo-anuncia-nesta-segunda-r-909-milhoes-para-a-cadeia-do-leite-e-a-reforma-agraria\/\" \/>\n<meta property=\"og:site_name\" content=\"O PROGRESSO\" \/>\n<meta property=\"article:publisher\" content=\"https:\/\/www.facebook.com\/share\/1CeoksKBj6\/\" \/>\n<meta property=\"article:published_time\" content=\"2026-04-27T13:45:00+00:00\" \/>\n<meta property=\"og:image\" content=\"https:\/\/progresso.com.br\/wp-content\/uploads\/2026\/04\/leite.jpg\" \/>\n\t<meta property=\"og:image:width\" content=\"814\" \/>\n\t<meta property=\"og:image:height\" content=\"492\" \/>\n\t<meta property=\"og:image:type\" content=\"image\/jpeg\" \/>\n<meta name=\"author\" content=\"Rose\" \/>\n<meta name=\"twitter:card\" content=\"summary_large_image\" \/>\n<meta name=\"twitter:label1\" content=\"Escrito por\" \/>\n\t<meta name=\"twitter:data1\" content=\"Rose\" \/>\n\t<meta name=\"twitter:label2\" content=\"Est. tempo de leitura\" \/>\n\t<meta name=\"twitter:data2\" content=\"4 minutos\" \/>\n<script type=\"application\/ld+json\" class=\"yoast-schema-graph\">{\"@context\":\"https:\/\/schema.org\",\"@graph\":[{\"@type\":\"Article\",\"@id\":\"https:\/\/progresso.com.br\/index.php\/2026\/04\/27\/governo-anuncia-nesta-segunda-r-909-milhoes-para-a-cadeia-do-leite-e-a-reforma-agraria\/#article\",\"isPartOf\":{\"@id\":\"https:\/\/progresso.com.br\/index.php\/2026\/04\/27\/governo-anuncia-nesta-segunda-r-909-milhoes-para-a-cadeia-do-leite-e-a-reforma-agraria\/\"},\"author\":{\"name\":\"Rose\",\"@id\":\"https:\/\/progresso.com.br\/#\/schema\/person\/5dd27138d4463fbbaace62120bfc002b\"},\"headline\":\"Governo anuncia nesta segunda R$ 909 milh\u00f5es para a cadeia do leite e a reforma agr\u00e1ria\",\"datePublished\":\"2026-04-27T13:45:00+00:00\",\"mainEntityOfPage\":{\"@id\":\"https:\/\/progresso.com.br\/index.php\/2026\/04\/27\/governo-anuncia-nesta-segunda-r-909-milhoes-para-a-cadeia-do-leite-e-a-reforma-agraria\/\"},\"wordCount\":756,\"commentCount\":0,\"publisher\":{\"@id\":\"https:\/\/progresso.com.br\/#organization\"},\"image\":{\"@id\":\"https:\/\/progresso.com.br\/index.php\/2026\/04\/27\/governo-anuncia-nesta-segunda-r-909-milhoes-para-a-cadeia-do-leite-e-a-reforma-agraria\/#primaryimage\"},\"thumbnailUrl\":\"https:\/\/progresso.com.br\/wp-content\/uploads\/2026\/04\/leite.jpg\",\"articleSection\":[\"Agro\"],\"inLanguage\":\"pt-BR\",\"potentialAction\":[{\"@type\":\"CommentAction\",\"name\":\"Comment\",\"target\":[\"https:\/\/progresso.com.br\/index.php\/2026\/04\/27\/governo-anuncia-nesta-segunda-r-909-milhoes-para-a-cadeia-do-leite-e-a-reforma-agraria\/#respond\"]}]},{\"@type\":\"WebPage\",\"@id\":\"https:\/\/progresso.com.br\/index.php\/2026\/04\/27\/governo-anuncia-nesta-segunda-r-909-milhoes-para-a-cadeia-do-leite-e-a-reforma-agraria\/\",\"url\":\"https:\/\/progresso.com.br\/index.php\/2026\/04\/27\/governo-anuncia-nesta-segunda-r-909-milhoes-para-a-cadeia-do-leite-e-a-reforma-agraria\/\",\"name\":\"Governo anuncia nesta segunda R$ 909 milh\u00f5es para a cadeia do leite e a reforma agr\u00e1ria - O PROGRESSO\",\"isPartOf\":{\"@id\":\"https:\/\/progresso.com.br\/#website\"},\"primaryImageOfPage\":{\"@id\":\"https:\/\/progresso.com.br\/index.php\/2026\/04\/27\/governo-anuncia-nesta-segunda-r-909-milhoes-para-a-cadeia-do-leite-e-a-reforma-agraria\/#primaryimage\"},\"image\":{\"@id\":\"https:\/\/progresso.com.br\/index.php\/2026\/04\/27\/governo-anuncia-nesta-segunda-r-909-milhoes-para-a-cadeia-do-leite-e-a-reforma-agraria\/#primaryimage\"},\"thumbnailUrl\":\"https:\/\/progresso.com.br\/wp-content\/uploads\/2026\/04\/leite.jpg\",\"datePublished\":\"2026-04-27T13:45:00+00:00\",\"breadcrumb\":{\"@id\":\"https:\/\/progresso.com.br\/index.php\/2026\/04\/27\/governo-anuncia-nesta-segunda-r-909-milhoes-para-a-cadeia-do-leite-e-a-reforma-agraria\/#breadcrumb\"},\"inLanguage\":\"pt-BR\",\"potentialAction\":[{\"@type\":\"ReadAction\",\"target\":[\"https:\/\/progresso.com.br\/index.php\/2026\/04\/27\/governo-anuncia-nesta-segunda-r-909-milhoes-para-a-cadeia-do-leite-e-a-reforma-agraria\/\"]}]},{\"@type\":\"ImageObject\",\"inLanguage\":\"pt-BR\",\"@id\":\"https:\/\/progresso.com.br\/index.php\/2026\/04\/27\/governo-anuncia-nesta-segunda-r-909-milhoes-para-a-cadeia-do-leite-e-a-reforma-agraria\/#primaryimage\",\"url\":\"https:\/\/progresso.com.br\/wp-content\/uploads\/2026\/04\/leite.jpg\",\"contentUrl\":\"https:\/\/progresso.com.br\/wp-content\/uploads\/2026\/04\/leite.jpg\",\"width\":814,\"height\":492,\"caption\":\"Entre as principais a\u00e7\u00f5es est\u00e1 o an\u00fancio de R$ 450 milh\u00f5es para o Pronaf Mais Leite, programa que ir\u00e1 viabilizar a implanta\u00e7\u00e3o de at\u00e9 300 mil embri\u00f5es para o melhoramento gen\u00e9tico dos rebanhos. Divulga\u00e7\u00e3o\"},{\"@type\":\"BreadcrumbList\",\"@id\":\"https:\/\/progresso.com.br\/index.php\/2026\/04\/27\/governo-anuncia-nesta-segunda-r-909-milhoes-para-a-cadeia-do-leite-e-a-reforma-agraria\/#breadcrumb\",\"itemListElement\":[{\"@type\":\"ListItem\",\"position\":1,\"name\":\"In\u00edcio\",\"item\":\"https:\/\/progresso.com.br\/\"},{\"@type\":\"ListItem\",\"position\":2,\"name\":\"Governo anuncia nesta segunda R$ 909 milh\u00f5es para a cadeia do leite e a reforma agr\u00e1ria\"}]},{\"@type\":\"WebSite\",\"@id\":\"https:\/\/progresso.com.br\/#website\",\"url\":\"https:\/\/progresso.com.br\/\",\"name\":\"O PROGRESSO\",\"description\":\"\",\"publisher\":{\"@id\":\"https:\/\/progresso.com.br\/#organization\"},\"potentialAction\":[{\"@type\":\"SearchAction\",\"target\":{\"@type\":\"EntryPoint\",\"urlTemplate\":\"https:\/\/progresso.com.br\/?s={search_term_string}\"},\"query-input\":{\"@type\":\"PropertyValueSpecification\",\"valueRequired\":true,\"valueName\":\"search_term_string\"}}],\"inLanguage\":\"pt-BR\"},{\"@type\":\"Organization\",\"@id\":\"https:\/\/progresso.com.br\/#organization\",\"name\":\"O PROGRESSO\",\"url\":\"https:\/\/progresso.com.br\/\",\"logo\":{\"@type\":\"ImageObject\",\"inLanguage\":\"pt-BR\",\"@id\":\"https:\/\/progresso.com.br\/#\/schema\/logo\/image\/\",\"url\":\"https:\/\/progresso.com.br\/wp-content\/uploads\/2026\/03\/logo_proog.jpg\",\"contentUrl\":\"https:\/\/progresso.com.br\/wp-content\/uploads\/2026\/03\/logo_proog.jpg\",\"width\":1960,\"height\":1080,\"caption\":\"O PROGRESSO\"},\"image\":{\"@id\":\"https:\/\/progresso.com.br\/#\/schema\/logo\/image\/\"},\"sameAs\":[\"https:\/\/www.facebook.com\/share\/1CeoksKBj6\/\",\"https:\/\/www.instagram.com\/oprogresso_digital\"]},{\"@type\":\"Person\",\"@id\":\"https:\/\/progresso.com.br\/#\/schema\/person\/5dd27138d4463fbbaace62120bfc002b\",\"name\":\"Rose\",\"image\":{\"@type\":\"ImageObject\",\"inLanguage\":\"pt-BR\",\"@id\":\"https:\/\/progresso.com.br\/#\/schema\/person\/image\/\",\"url\":\"https:\/\/secure.gravatar.com\/avatar\/1b6890e759cdd3a88d9f751cb423720b9861c5239167cd3586355638b6556599?s=96&d=mm&r=g\",\"contentUrl\":\"https:\/\/secure.gravatar.com\/avatar\/1b6890e759cdd3a88d9f751cb423720b9861c5239167cd3586355638b6556599?s=96&d=mm&r=g\",\"caption\":\"Rose\"},\"url\":\"https:\/\/progresso.com.br\/index.php\/author\/rose\/\"}]}<\/script>\n<!-- \/ Yoast SEO plugin. -->","yoast_head_json":{"title":"Governo anuncia nesta segunda R$ 909 milh\u00f5es para a cadeia do leite e a reforma agr\u00e1ria - O PROGRESSO","robots":{"index":"index","follow":"follow","max-snippet":"max-snippet:-1","max-image-preview":"max-image-preview:large","max-video-preview":"max-video-preview:-1"},"canonical":"https:\/\/progresso.com.br\/index.php\/2026\/04\/27\/governo-anuncia-nesta-segunda-r-909-milhoes-para-a-cadeia-do-leite-e-a-reforma-agraria\/","og_locale":"pt_BR","og_type":"article","og_title":"Governo anuncia nesta segunda R$ 909 milh\u00f5es para a cadeia do leite e a reforma agr\u00e1ria - O PROGRESSO","og_description":"Ato em Andradina (SP), com presen\u00e7a do vice-presidente Geraldo Alckmin, re\u00fane medidas para ampliar a produtividade da agricultura familiar, fortalecer cooperativas leiteiras e beneficiar fam\u00edlias assentadas em todo o pa\u00eds Ag\u00eancia Gov | Via Planalto O Governo do Brasil anuncia nesta segunda-feira (27\/4), em Andradina (SP), mais de R$ 909 milh\u00f5es em investimentos para fortalecer [&hellip;]","og_url":"https:\/\/progresso.com.br\/index.php\/2026\/04\/27\/governo-anuncia-nesta-segunda-r-909-milhoes-para-a-cadeia-do-leite-e-a-reforma-agraria\/","og_site_name":"O PROGRESSO","article_publisher":"https:\/\/www.facebook.com\/share\/1CeoksKBj6\/","article_published_time":"2026-04-27T13:45:00+00:00","og_image":[{"width":814,"height":492,"url":"https:\/\/progresso.com.br\/wp-content\/uploads\/2026\/04\/leite.jpg","type":"image\/jpeg"}],"author":"Rose","twitter_card":"summary_large_image","twitter_misc":{"Escrito por":"Rose","Est. tempo de leitura":"4 minutos"},"schema":{"@context":"https:\/\/schema.org","@graph":[{"@type":"Article","@id":"https:\/\/progresso.com.br\/index.php\/2026\/04\/27\/governo-anuncia-nesta-segunda-r-909-milhoes-para-a-cadeia-do-leite-e-a-reforma-agraria\/#article","isPartOf":{"@id":"https:\/\/progresso.com.br\/index.php\/2026\/04\/27\/governo-anuncia-nesta-segunda-r-909-milhoes-para-a-cadeia-do-leite-e-a-reforma-agraria\/"},"author":{"name":"Rose","@id":"https:\/\/progresso.com.br\/#\/schema\/person\/5dd27138d4463fbbaace62120bfc002b"},"headline":"Governo anuncia nesta segunda R$ 909 milh\u00f5es para a cadeia do leite e a reforma agr\u00e1ria","datePublished":"2026-04-27T13:45:00+00:00","mainEntityOfPage":{"@id":"https:\/\/progresso.com.br\/index.php\/2026\/04\/27\/governo-anuncia-nesta-segunda-r-909-milhoes-para-a-cadeia-do-leite-e-a-reforma-agraria\/"},"wordCount":756,"commentCount":0,"publisher":{"@id":"https:\/\/progresso.com.br\/#organization"},"image":{"@id":"https:\/\/progresso.com.br\/index.php\/2026\/04\/27\/governo-anuncia-nesta-segunda-r-909-milhoes-para-a-cadeia-do-leite-e-a-reforma-agraria\/#primaryimage"},"thumbnailUrl":"https:\/\/progresso.com.br\/wp-content\/uploads\/2026\/04\/leite.jpg","articleSection":["Agro"],"inLanguage":"pt-BR","potentialAction":[{"@type":"CommentAction","name":"Comment","target":["https:\/\/progresso.com.br\/index.php\/2026\/04\/27\/governo-anuncia-nesta-segunda-r-909-milhoes-para-a-cadeia-do-leite-e-a-reforma-agraria\/#respond"]}]},{"@type":"WebPage","@id":"https:\/\/progresso.com.br\/index.php\/2026\/04\/27\/governo-anuncia-nesta-segunda-r-909-milhoes-para-a-cadeia-do-leite-e-a-reforma-agraria\/","url":"https:\/\/progresso.com.br\/index.php\/2026\/04\/27\/governo-anuncia-nesta-segunda-r-909-milhoes-para-a-cadeia-do-leite-e-a-reforma-agraria\/","name":"Governo anuncia nesta segunda R$ 909 milh\u00f5es para a cadeia do leite e a reforma agr\u00e1ria - O PROGRESSO","isPartOf":{"@id":"https:\/\/progresso.com.br\/#website"},"primaryImageOfPage":{"@id":"https:\/\/progresso.com.br\/index.php\/2026\/04\/27\/governo-anuncia-nesta-segunda-r-909-milhoes-para-a-cadeia-do-leite-e-a-reforma-agraria\/#primaryimage"},"image":{"@id":"https:\/\/progresso.com.br\/index.php\/2026\/04\/27\/governo-anuncia-nesta-segunda-r-909-milhoes-para-a-cadeia-do-leite-e-a-reforma-agraria\/#primaryimage"},"thumbnailUrl":"https:\/\/progresso.com.br\/wp-content\/uploads\/2026\/04\/leite.jpg","datePublished":"2026-04-27T13:45:00+00:00","breadcrumb":{"@id":"https:\/\/progresso.com.br\/index.php\/2026\/04\/27\/governo-anuncia-nesta-segunda-r-909-milhoes-para-a-cadeia-do-leite-e-a-reforma-agraria\/#breadcrumb"},"inLanguage":"pt-BR","potentialAction":[{"@type":"ReadAction","target":["https:\/\/progresso.com.br\/index.php\/2026\/04\/27\/governo-anuncia-nesta-segunda-r-909-milhoes-para-a-cadeia-do-leite-e-a-reforma-agraria\/"]}]},{"@type":"ImageObject","inLanguage":"pt-BR","@id":"https:\/\/progresso.com.br\/index.php\/2026\/04\/27\/governo-anuncia-nesta-segunda-r-909-milhoes-para-a-cadeia-do-leite-e-a-reforma-agraria\/#primaryimage","url":"https:\/\/progresso.com.br\/wp-content\/uploads\/2026\/04\/leite.jpg","contentUrl":"https:\/\/progresso.com.br\/wp-content\/uploads\/2026\/04\/leite.jpg","width":814,"height":492,"caption":"Entre as principais a\u00e7\u00f5es est\u00e1 o an\u00fancio de R$ 450 milh\u00f5es para o Pronaf Mais Leite, programa que ir\u00e1 viabilizar a implanta\u00e7\u00e3o de at\u00e9 300 mil embri\u00f5es para o melhoramento gen\u00e9tico dos rebanhos. Divulga\u00e7\u00e3o"},{"@type":"BreadcrumbList","@id":"https:\/\/progresso.com.br\/index.php\/2026\/04\/27\/governo-anuncia-nesta-segunda-r-909-milhoes-para-a-cadeia-do-leite-e-a-reforma-agraria\/#breadcrumb","itemListElement":[{"@type":"ListItem","position":1,"name":"In\u00edcio","item":"https:\/\/progresso.com.br\/"},{"@type":"ListItem","position":2,"name":"Governo anuncia nesta segunda R$ 909 milh\u00f5es para a cadeia do leite e a reforma agr\u00e1ria"}]},{"@type":"WebSite","@id":"https:\/\/progresso.com.br\/#website","url":"https:\/\/progresso.com.br\/","name":"O PROGRESSO","description":"","publisher":{"@id":"https:\/\/progresso.com.br\/#organization"},"potentialAction":[{"@type":"SearchAction","target":{"@type":"EntryPoint","urlTemplate":"https:\/\/progresso.com.br\/?s={search_term_string}"},"query-input":{"@type":"PropertyValueSpecification","valueRequired":true,"valueName":"search_term_string"}}],"inLanguage":"pt-BR"},{"@type":"Organization","@id":"https:\/\/progresso.com.br\/#organization","name":"O PROGRESSO","url":"https:\/\/progresso.com.br\/","logo":{"@type":"ImageObject","inLanguage":"pt-BR","@id":"https:\/\/progresso.com.br\/#\/schema\/logo\/image\/","url":"https:\/\/progresso.com.br\/wp-content\/uploads\/2026\/03\/logo_proog.jpg","contentUrl":"https:\/\/progresso.com.br\/wp-content\/uploads\/2026\/03\/logo_proog.jpg","width":1960,"height":1080,"caption":"O PROGRESSO"},"image":{"@id":"https:\/\/progresso.com.br\/#\/schema\/logo\/image\/"},"sameAs":["https:\/\/www.facebook.com\/share\/1CeoksKBj6\/","https:\/\/www.instagram.com\/oprogresso_digital"]},{"@type":"Person","@id":"https:\/\/progresso.com.br\/#\/schema\/person\/5dd27138d4463fbbaace62120bfc002b","name":"Rose","image":{"@type":"ImageObject","inLanguage":"pt-BR","@id":"https:\/\/progresso.com.br\/#\/schema\/person\/image\/","url":"https:\/\/secure.gravatar.com\/avatar\/1b6890e759cdd3a88d9f751cb423720b9861c5239167cd3586355638b6556599?s=96&d=mm&r=g","contentUrl":"https:\/\/secure.gravatar.com\/avatar\/1b6890e759cdd3a88d9f751cb423720b9861c5239167cd3586355638b6556599?s=96&d=mm&r=g","caption":"Rose"},"url":"https:\/\/progresso.com.br\/index.php\/author\/rose\/"}]}},"_links":{"self":[{"href":"https:\/\/progresso.com.br\/index.php\/wp-json\/wp\/v2\/posts\/4854","targetHints":{"allow":["GET"]}}],"collection":[{"href":"https:\/\/progresso.com.br\/index.php\/wp-json\/wp\/v2\/posts"}],"about":[{"href":"https:\/\/progresso.com.br\/index.php\/wp-json\/wp\/v2\/types\/post"}],"author":[{"embeddable":true,"href":"https:\/\/progresso.com.br\/index.php\/wp-json\/wp\/v2\/users\/2"}],"replies":[{"embeddable":true,"href":"https:\/\/progresso.com.br\/index.php\/wp-json\/wp\/v2\/comments?post=4854"}],"version-history":[{"count":1,"href":"https:\/\/progresso.com.br\/index.php\/wp-json\/wp\/v2\/posts\/4854\/revisions"}],"predecessor-version":[{"id":4856,"href":"https:\/\/progresso.com.br\/index.php\/wp-json\/wp\/v2\/posts\/4854\/revisions\/4856"}],"wp:featuredmedia":[{"embeddable":true,"href":"https:\/\/progresso.com.br\/index.php\/wp-json\/wp\/v2\/media\/4855"}],"wp:attachment":[{"href":"https:\/\/progresso.com.br\/index.php\/wp-json\/wp\/v2\/media?parent=4854"}],"wp:term":[{"taxonomy":"category","embeddable":true,"href":"https:\/\/progresso.com.br\/index.php\/wp-json\/wp\/v2\/categories?post=4854"},{"taxonomy":"post_tag","embeddable":true,"href":"https:\/\/progresso.com.br\/index.php\/wp-json\/wp\/v2\/tags?post=4854"}],"curies":[{"name":"wp","href":"https:\/\/api.w.org\/{rel}","templated":true}]}}