{"id":4857,"date":"2026-04-27T10:00:00","date_gmt":"2026-04-27T14:00:00","guid":{"rendered":"https:\/\/progresso.com.br\/?p=4857"},"modified":"2026-04-27T09:32:29","modified_gmt":"2026-04-27T13:32:29","slug":"boletim-focus-mercado-preve-inflacao-de-486-em-2026","status":"publish","type":"post","link":"https:\/\/progresso.com.br\/index.php\/2026\/04\/27\/boletim-focus-mercado-preve-inflacao-de-486-em-2026\/","title":{"rendered":"Boletim Focus: mercado prev\u00ea infla\u00e7\u00e3o de 4,86% em 2026"},"content":{"rendered":"\n<p><em><strong>Expectativa \u00e9 que economia do pa\u00eds cres\u00e7a 1,85%<\/strong><\/em><\/p>\n\n\n\n<p><em>Pedro Peduzzi &#8211;  Ag\u00eancia Brasil<\/em><\/p>\n\n\n\n<p>O mercado financeiro aumentou, pela s\u00e9tima semana consecutiva, as previs\u00f5es de infla\u00e7\u00e3o para 2026. De acordo com o&nbsp;<strong>Boletim Focus<\/strong>, o ano fechar\u00e1 com o&nbsp;<strong>\u00cdndice Nacional de Pre\u00e7os ao Consumidor Amplo (IPCA)<\/strong>, refer\u00eancia oficial da infla\u00e7\u00e3o no pa\u00eds,&nbsp;<strong>em 4,86%<\/strong>.<img decoding=\"async\" src=\"https:\/\/agenciabrasil.ebc.com.br\/ebc.png?id=1687363&amp;o=node\"><img decoding=\"async\" src=\"https:\/\/agenciabrasil.ebc.com.br\/ebc.gif?id=1687363&amp;o=node\"><\/p>\n\n\n\n<p>Na edi\u00e7\u00e3o anterior do boletim divulgado pelo Banco Central, a previs\u00e3o era de que o IPCA de 2026 ficaria em 4,80%, acima dos 4,31% projetados h\u00e1 quatro semanas.<\/p>\n\n\n\n<p>Para os anos subsequentes, as&nbsp;<strong>proje\u00e7\u00f5es do mercado est\u00e3o em 4% para 2027; e 3,61% para 2028.<\/strong><\/p>\n\n\n\n<p><a href=\"https:\/\/agenciabrasil.ebc.com.br\/economia\/noticia\/2026-04\/inflacao-oficial-chega-088-em-marco-diz-ibge\" target=\"_blank\" rel=\"noreferrer noopener\">Em mar\u00e7o, a alta dos pre\u00e7os em transportes e alimenta\u00e7\u00e3o fez a infla\u00e7\u00e3o oficial do m\u00eas fechar em 0,88%<\/a>&nbsp;\u2013 ante 0,7% em fevereiro. O IPCA acumulado em 12 meses ficou em 4,14%, de acordo com o Instituto Brasileiro de Geografia e Estat\u00edstica (IBGE).<\/p>\n\n\n\n<h2 class=\"wp-block-heading\">Taxa Selic<\/h2>\n\n\n\n<p>Para alcan\u00e7ar a meta de infla\u00e7\u00e3o, o Banco Central usa como principal instrumento a&nbsp;<strong>taxa b\u00e1sica de juros, a Selic<\/strong>, definida atualmente<strong>&nbsp;<\/strong>em<strong>&nbsp;14,75% ao ano<\/strong>&nbsp;pelo Comit\u00ea de Pol\u00edtica Monet\u00e1ria (Copom) do BC.<\/p>\n\n\n\n<p>Atualmente, o mercado projeta que a Selic fechar\u00e1 o ano em 13% \u2013 mesmo percentual projetado na semana passada, mas 0,5 ponto percentual acima das proje\u00e7\u00f5es feitas h\u00e1 quatro semanas (12,5%).<strong>&nbsp;Para 2027 e 2028, as proje\u00e7\u00f5es s\u00e3o de Selic a 11% e a 10%, respectivamente<\/strong>.<\/p>\n\n\n\n<p>Quando estava em 15% ao ano, a Selic registrava o maior n\u00edvel desde julho de 2006, quando estava fixada em 15,25% ao ano. De setembro de 2024 a junho de 2025, a taxa foi elevada sete vezes seguidas.<\/p>\n\n\n\n<h2 class=\"wp-block-heading\">PIB e C\u00e2mbio<\/h2>\n\n\n\n<p>Com rela\u00e7\u00e3o ao&nbsp;<strong>Produto Interno Bruto (PIB)<\/strong>, a soma de todas riquezas produzidas no pa\u00eds) e ao c\u00e2mbio, o mercado reviu para baixo esses \u00edndices, na compara\u00e7\u00e3o com a semana anterior.<\/p>\n\n\n\n<p>A expectativa \u00e9 de que a economia do pa\u00eds cres\u00e7a&nbsp;<strong>1,85% em 2026<\/strong>, percentual ligeiramente abaixo do 1,86% projetado na semana passada. Para 2027, o mercado projeta que o PIB feche o ano&nbsp;<strong>em 1,80%<\/strong>. Para 2028, projeta-se uma&nbsp;<strong>infla\u00e7\u00e3o de 2%<\/strong>, segundo o Focus.<\/p>\n\n\n\n<p>O d\u00f3lar fechar\u00e1 2026 contado a&nbsp;<strong>R$ 5,25<\/strong>, caso as proje\u00e7\u00f5es do mercado financeiro se confirmarem. Na semana passada, a cota\u00e7\u00e3o da moeda estadunidense estava em&nbsp;<strong>R$ 5,30<\/strong>; e h\u00e1 quatro semanas estava em&nbsp;<strong>R$ 5,40<\/strong>.<\/p>\n\n\n\n<p>Para&nbsp;<strong>2027 e 2028<\/strong>, as expectativas apontadas pelo boletim \u00e9 de o d\u00f3lar a&nbsp;<strong>R$ 5,35 e R$ 5,40<\/strong>, respectivamente.<\/p>\n","protected":false},"excerpt":{"rendered":"<p>Expectativa \u00e9 que economia do pa\u00eds cres\u00e7a 1,85% Pedro Peduzzi &#8211; Ag\u00eancia Brasil O mercado financeiro aumentou, pela s\u00e9tima semana consecutiva, as previs\u00f5es de infla\u00e7\u00e3o para 2026. De acordo com o&nbsp;Boletim Focus, o ano fechar\u00e1 com o&nbsp;\u00cdndice Nacional de Pre\u00e7os ao Consumidor Amplo (IPCA), refer\u00eancia oficial da infla\u00e7\u00e3o no pa\u00eds,&nbsp;em 4,86%. Na edi\u00e7\u00e3o anterior do [&hellip;]<\/p>\n","protected":false},"author":2,"featured_media":4858,"comment_status":"open","ping_status":"open","sticky":false,"template":"","format":"standard","meta":{"footnotes":""},"categories":[10],"tags":[],"class_list":["post-4857","post","type-post","status-publish","format-standard","has-post-thumbnail","hentry","category-economia"],"yoast_head":"<!-- This site is optimized with the Yoast SEO plugin v27.1.1 - https:\/\/yoast.com\/product\/yoast-seo-wordpress\/ -->\n<title>Boletim Focus: mercado prev\u00ea infla\u00e7\u00e3o de 4,86% em 2026 - O PROGRESSO<\/title>\n<meta name=\"robots\" content=\"index, follow, max-snippet:-1, max-image-preview:large, max-video-preview:-1\" \/>\n<link rel=\"canonical\" href=\"https:\/\/progresso.com.br\/index.php\/2026\/04\/27\/boletim-focus-mercado-preve-inflacao-de-486-em-2026\/\" \/>\n<meta property=\"og:locale\" content=\"pt_BR\" \/>\n<meta property=\"og:type\" content=\"article\" \/>\n<meta property=\"og:title\" content=\"Boletim Focus: mercado prev\u00ea infla\u00e7\u00e3o de 4,86% em 2026 - O PROGRESSO\" \/>\n<meta property=\"og:description\" content=\"Expectativa \u00e9 que economia do pa\u00eds cres\u00e7a 1,85% Pedro Peduzzi &#8211; Ag\u00eancia Brasil O mercado financeiro aumentou, pela s\u00e9tima semana consecutiva, as previs\u00f5es de infla\u00e7\u00e3o para 2026. De acordo com o&nbsp;Boletim Focus, o ano fechar\u00e1 com o&nbsp;\u00cdndice Nacional de Pre\u00e7os ao Consumidor Amplo (IPCA), refer\u00eancia oficial da infla\u00e7\u00e3o no pa\u00eds,&nbsp;em 4,86%. Na edi\u00e7\u00e3o anterior do [&hellip;]\" \/>\n<meta property=\"og:url\" content=\"https:\/\/progresso.com.br\/index.php\/2026\/04\/27\/boletim-focus-mercado-preve-inflacao-de-486-em-2026\/\" \/>\n<meta property=\"og:site_name\" content=\"O PROGRESSO\" \/>\n<meta property=\"article:publisher\" content=\"https:\/\/www.facebook.com\/share\/1CeoksKBj6\/\" \/>\n<meta property=\"article:published_time\" content=\"2026-04-27T14:00:00+00:00\" \/>\n<meta property=\"og:image\" content=\"https:\/\/progresso.com.br\/wp-content\/uploads\/2026\/04\/economia_ilustracao-2.webp\" \/>\n\t<meta property=\"og:image:width\" content=\"1170\" \/>\n\t<meta property=\"og:image:height\" content=\"700\" \/>\n\t<meta property=\"og:image:type\" content=\"image\/webp\" \/>\n<meta name=\"author\" content=\"Rose\" \/>\n<meta name=\"twitter:card\" content=\"summary_large_image\" \/>\n<meta name=\"twitter:label1\" content=\"Escrito por\" \/>\n\t<meta name=\"twitter:data1\" content=\"Rose\" \/>\n\t<meta name=\"twitter:label2\" content=\"Est. tempo de leitura\" \/>\n\t<meta name=\"twitter:data2\" content=\"3 minutos\" \/>\n<script type=\"application\/ld+json\" class=\"yoast-schema-graph\">{\"@context\":\"https:\/\/schema.org\",\"@graph\":[{\"@type\":\"Article\",\"@id\":\"https:\/\/progresso.com.br\/index.php\/2026\/04\/27\/boletim-focus-mercado-preve-inflacao-de-486-em-2026\/#article\",\"isPartOf\":{\"@id\":\"https:\/\/progresso.com.br\/index.php\/2026\/04\/27\/boletim-focus-mercado-preve-inflacao-de-486-em-2026\/\"},\"author\":{\"name\":\"Rose\",\"@id\":\"https:\/\/progresso.com.br\/#\/schema\/person\/5dd27138d4463fbbaace62120bfc002b\"},\"headline\":\"Boletim Focus: mercado prev\u00ea infla\u00e7\u00e3o de 4,86% em 2026\",\"datePublished\":\"2026-04-27T14:00:00+00:00\",\"mainEntityOfPage\":{\"@id\":\"https:\/\/progresso.com.br\/index.php\/2026\/04\/27\/boletim-focus-mercado-preve-inflacao-de-486-em-2026\/\"},\"wordCount\":419,\"commentCount\":0,\"publisher\":{\"@id\":\"https:\/\/progresso.com.br\/#organization\"},\"image\":{\"@id\":\"https:\/\/progresso.com.br\/index.php\/2026\/04\/27\/boletim-focus-mercado-preve-inflacao-de-486-em-2026\/#primaryimage\"},\"thumbnailUrl\":\"https:\/\/progresso.com.br\/wp-content\/uploads\/2026\/04\/economia_ilustracao-2.webp\",\"articleSection\":[\"Economia\"],\"inLanguage\":\"pt-BR\",\"potentialAction\":[{\"@type\":\"CommentAction\",\"name\":\"Comment\",\"target\":[\"https:\/\/progresso.com.br\/index.php\/2026\/04\/27\/boletim-focus-mercado-preve-inflacao-de-486-em-2026\/#respond\"]}]},{\"@type\":\"WebPage\",\"@id\":\"https:\/\/progresso.com.br\/index.php\/2026\/04\/27\/boletim-focus-mercado-preve-inflacao-de-486-em-2026\/\",\"url\":\"https:\/\/progresso.com.br\/index.php\/2026\/04\/27\/boletim-focus-mercado-preve-inflacao-de-486-em-2026\/\",\"name\":\"Boletim Focus: mercado prev\u00ea infla\u00e7\u00e3o de 4,86% em 2026 - O PROGRESSO\",\"isPartOf\":{\"@id\":\"https:\/\/progresso.com.br\/#website\"},\"primaryImageOfPage\":{\"@id\":\"https:\/\/progresso.com.br\/index.php\/2026\/04\/27\/boletim-focus-mercado-preve-inflacao-de-486-em-2026\/#primaryimage\"},\"image\":{\"@id\":\"https:\/\/progresso.com.br\/index.php\/2026\/04\/27\/boletim-focus-mercado-preve-inflacao-de-486-em-2026\/#primaryimage\"},\"thumbnailUrl\":\"https:\/\/progresso.com.br\/wp-content\/uploads\/2026\/04\/economia_ilustracao-2.webp\",\"datePublished\":\"2026-04-27T14:00:00+00:00\",\"breadcrumb\":{\"@id\":\"https:\/\/progresso.com.br\/index.php\/2026\/04\/27\/boletim-focus-mercado-preve-inflacao-de-486-em-2026\/#breadcrumb\"},\"inLanguage\":\"pt-BR\",\"potentialAction\":[{\"@type\":\"ReadAction\",\"target\":[\"https:\/\/progresso.com.br\/index.php\/2026\/04\/27\/boletim-focus-mercado-preve-inflacao-de-486-em-2026\/\"]}]},{\"@type\":\"ImageObject\",\"inLanguage\":\"pt-BR\",\"@id\":\"https:\/\/progresso.com.br\/index.php\/2026\/04\/27\/boletim-focus-mercado-preve-inflacao-de-486-em-2026\/#primaryimage\",\"url\":\"https:\/\/progresso.com.br\/wp-content\/uploads\/2026\/04\/economia_ilustracao-2.webp\",\"contentUrl\":\"https:\/\/progresso.com.br\/wp-content\/uploads\/2026\/04\/economia_ilustracao-2.webp\",\"width\":1170,\"height\":700,\"caption\":\"( Marcello Casal Jr\/Ag\u00eancia Brasil\/Arquivo)\"},{\"@type\":\"BreadcrumbList\",\"@id\":\"https:\/\/progresso.com.br\/index.php\/2026\/04\/27\/boletim-focus-mercado-preve-inflacao-de-486-em-2026\/#breadcrumb\",\"itemListElement\":[{\"@type\":\"ListItem\",\"position\":1,\"name\":\"In\u00edcio\",\"item\":\"https:\/\/progresso.com.br\/\"},{\"@type\":\"ListItem\",\"position\":2,\"name\":\"Boletim Focus: mercado prev\u00ea infla\u00e7\u00e3o de 4,86% em 2026\"}]},{\"@type\":\"WebSite\",\"@id\":\"https:\/\/progresso.com.br\/#website\",\"url\":\"https:\/\/progresso.com.br\/\",\"name\":\"O PROGRESSO\",\"description\":\"\",\"publisher\":{\"@id\":\"https:\/\/progresso.com.br\/#organization\"},\"potentialAction\":[{\"@type\":\"SearchAction\",\"target\":{\"@type\":\"EntryPoint\",\"urlTemplate\":\"https:\/\/progresso.com.br\/?s={search_term_string}\"},\"query-input\":{\"@type\":\"PropertyValueSpecification\",\"valueRequired\":true,\"valueName\":\"search_term_string\"}}],\"inLanguage\":\"pt-BR\"},{\"@type\":\"Organization\",\"@id\":\"https:\/\/progresso.com.br\/#organization\",\"name\":\"O PROGRESSO\",\"url\":\"https:\/\/progresso.com.br\/\",\"logo\":{\"@type\":\"ImageObject\",\"inLanguage\":\"pt-BR\",\"@id\":\"https:\/\/progresso.com.br\/#\/schema\/logo\/image\/\",\"url\":\"https:\/\/progresso.com.br\/wp-content\/uploads\/2026\/03\/logo_proog.jpg\",\"contentUrl\":\"https:\/\/progresso.com.br\/wp-content\/uploads\/2026\/03\/logo_proog.jpg\",\"width\":1960,\"height\":1080,\"caption\":\"O PROGRESSO\"},\"image\":{\"@id\":\"https:\/\/progresso.com.br\/#\/schema\/logo\/image\/\"},\"sameAs\":[\"https:\/\/www.facebook.com\/share\/1CeoksKBj6\/\",\"https:\/\/www.instagram.com\/oprogresso_digital\"]},{\"@type\":\"Person\",\"@id\":\"https:\/\/progresso.com.br\/#\/schema\/person\/5dd27138d4463fbbaace62120bfc002b\",\"name\":\"Rose\",\"image\":{\"@type\":\"ImageObject\",\"inLanguage\":\"pt-BR\",\"@id\":\"https:\/\/progresso.com.br\/#\/schema\/person\/image\/\",\"url\":\"https:\/\/secure.gravatar.com\/avatar\/1b6890e759cdd3a88d9f751cb423720b9861c5239167cd3586355638b6556599?s=96&d=mm&r=g\",\"contentUrl\":\"https:\/\/secure.gravatar.com\/avatar\/1b6890e759cdd3a88d9f751cb423720b9861c5239167cd3586355638b6556599?s=96&d=mm&r=g\",\"caption\":\"Rose\"},\"url\":\"https:\/\/progresso.com.br\/index.php\/author\/rose\/\"}]}<\/script>\n<!-- \/ Yoast SEO plugin. -->","yoast_head_json":{"title":"Boletim Focus: mercado prev\u00ea infla\u00e7\u00e3o de 4,86% em 2026 - O PROGRESSO","robots":{"index":"index","follow":"follow","max-snippet":"max-snippet:-1","max-image-preview":"max-image-preview:large","max-video-preview":"max-video-preview:-1"},"canonical":"https:\/\/progresso.com.br\/index.php\/2026\/04\/27\/boletim-focus-mercado-preve-inflacao-de-486-em-2026\/","og_locale":"pt_BR","og_type":"article","og_title":"Boletim Focus: mercado prev\u00ea infla\u00e7\u00e3o de 4,86% em 2026 - O PROGRESSO","og_description":"Expectativa \u00e9 que economia do pa\u00eds cres\u00e7a 1,85% Pedro Peduzzi &#8211; Ag\u00eancia Brasil O mercado financeiro aumentou, pela s\u00e9tima semana consecutiva, as previs\u00f5es de infla\u00e7\u00e3o para 2026. De acordo com o&nbsp;Boletim Focus, o ano fechar\u00e1 com o&nbsp;\u00cdndice Nacional de Pre\u00e7os ao Consumidor Amplo (IPCA), refer\u00eancia oficial da infla\u00e7\u00e3o no pa\u00eds,&nbsp;em 4,86%. Na edi\u00e7\u00e3o anterior do [&hellip;]","og_url":"https:\/\/progresso.com.br\/index.php\/2026\/04\/27\/boletim-focus-mercado-preve-inflacao-de-486-em-2026\/","og_site_name":"O PROGRESSO","article_publisher":"https:\/\/www.facebook.com\/share\/1CeoksKBj6\/","article_published_time":"2026-04-27T14:00:00+00:00","og_image":[{"width":1170,"height":700,"url":"https:\/\/progresso.com.br\/wp-content\/uploads\/2026\/04\/economia_ilustracao-2.webp","type":"image\/webp"}],"author":"Rose","twitter_card":"summary_large_image","twitter_misc":{"Escrito por":"Rose","Est. tempo de leitura":"3 minutos"},"schema":{"@context":"https:\/\/schema.org","@graph":[{"@type":"Article","@id":"https:\/\/progresso.com.br\/index.php\/2026\/04\/27\/boletim-focus-mercado-preve-inflacao-de-486-em-2026\/#article","isPartOf":{"@id":"https:\/\/progresso.com.br\/index.php\/2026\/04\/27\/boletim-focus-mercado-preve-inflacao-de-486-em-2026\/"},"author":{"name":"Rose","@id":"https:\/\/progresso.com.br\/#\/schema\/person\/5dd27138d4463fbbaace62120bfc002b"},"headline":"Boletim Focus: mercado prev\u00ea infla\u00e7\u00e3o de 4,86% em 2026","datePublished":"2026-04-27T14:00:00+00:00","mainEntityOfPage":{"@id":"https:\/\/progresso.com.br\/index.php\/2026\/04\/27\/boletim-focus-mercado-preve-inflacao-de-486-em-2026\/"},"wordCount":419,"commentCount":0,"publisher":{"@id":"https:\/\/progresso.com.br\/#organization"},"image":{"@id":"https:\/\/progresso.com.br\/index.php\/2026\/04\/27\/boletim-focus-mercado-preve-inflacao-de-486-em-2026\/#primaryimage"},"thumbnailUrl":"https:\/\/progresso.com.br\/wp-content\/uploads\/2026\/04\/economia_ilustracao-2.webp","articleSection":["Economia"],"inLanguage":"pt-BR","potentialAction":[{"@type":"CommentAction","name":"Comment","target":["https:\/\/progresso.com.br\/index.php\/2026\/04\/27\/boletim-focus-mercado-preve-inflacao-de-486-em-2026\/#respond"]}]},{"@type":"WebPage","@id":"https:\/\/progresso.com.br\/index.php\/2026\/04\/27\/boletim-focus-mercado-preve-inflacao-de-486-em-2026\/","url":"https:\/\/progresso.com.br\/index.php\/2026\/04\/27\/boletim-focus-mercado-preve-inflacao-de-486-em-2026\/","name":"Boletim Focus: mercado prev\u00ea infla\u00e7\u00e3o de 4,86% em 2026 - O PROGRESSO","isPartOf":{"@id":"https:\/\/progresso.com.br\/#website"},"primaryImageOfPage":{"@id":"https:\/\/progresso.com.br\/index.php\/2026\/04\/27\/boletim-focus-mercado-preve-inflacao-de-486-em-2026\/#primaryimage"},"image":{"@id":"https:\/\/progresso.com.br\/index.php\/2026\/04\/27\/boletim-focus-mercado-preve-inflacao-de-486-em-2026\/#primaryimage"},"thumbnailUrl":"https:\/\/progresso.com.br\/wp-content\/uploads\/2026\/04\/economia_ilustracao-2.webp","datePublished":"2026-04-27T14:00:00+00:00","breadcrumb":{"@id":"https:\/\/progresso.com.br\/index.php\/2026\/04\/27\/boletim-focus-mercado-preve-inflacao-de-486-em-2026\/#breadcrumb"},"inLanguage":"pt-BR","potentialAction":[{"@type":"ReadAction","target":["https:\/\/progresso.com.br\/index.php\/2026\/04\/27\/boletim-focus-mercado-preve-inflacao-de-486-em-2026\/"]}]},{"@type":"ImageObject","inLanguage":"pt-BR","@id":"https:\/\/progresso.com.br\/index.php\/2026\/04\/27\/boletim-focus-mercado-preve-inflacao-de-486-em-2026\/#primaryimage","url":"https:\/\/progresso.com.br\/wp-content\/uploads\/2026\/04\/economia_ilustracao-2.webp","contentUrl":"https:\/\/progresso.com.br\/wp-content\/uploads\/2026\/04\/economia_ilustracao-2.webp","width":1170,"height":700,"caption":"( Marcello Casal Jr\/Ag\u00eancia Brasil\/Arquivo)"},{"@type":"BreadcrumbList","@id":"https:\/\/progresso.com.br\/index.php\/2026\/04\/27\/boletim-focus-mercado-preve-inflacao-de-486-em-2026\/#breadcrumb","itemListElement":[{"@type":"ListItem","position":1,"name":"In\u00edcio","item":"https:\/\/progresso.com.br\/"},{"@type":"ListItem","position":2,"name":"Boletim Focus: mercado prev\u00ea infla\u00e7\u00e3o de 4,86% em 2026"}]},{"@type":"WebSite","@id":"https:\/\/progresso.com.br\/#website","url":"https:\/\/progresso.com.br\/","name":"O PROGRESSO","description":"","publisher":{"@id":"https:\/\/progresso.com.br\/#organization"},"potentialAction":[{"@type":"SearchAction","target":{"@type":"EntryPoint","urlTemplate":"https:\/\/progresso.com.br\/?s={search_term_string}"},"query-input":{"@type":"PropertyValueSpecification","valueRequired":true,"valueName":"search_term_string"}}],"inLanguage":"pt-BR"},{"@type":"Organization","@id":"https:\/\/progresso.com.br\/#organization","name":"O PROGRESSO","url":"https:\/\/progresso.com.br\/","logo":{"@type":"ImageObject","inLanguage":"pt-BR","@id":"https:\/\/progresso.com.br\/#\/schema\/logo\/image\/","url":"https:\/\/progresso.com.br\/wp-content\/uploads\/2026\/03\/logo_proog.jpg","contentUrl":"https:\/\/progresso.com.br\/wp-content\/uploads\/2026\/03\/logo_proog.jpg","width":1960,"height":1080,"caption":"O PROGRESSO"},"image":{"@id":"https:\/\/progresso.com.br\/#\/schema\/logo\/image\/"},"sameAs":["https:\/\/www.facebook.com\/share\/1CeoksKBj6\/","https:\/\/www.instagram.com\/oprogresso_digital"]},{"@type":"Person","@id":"https:\/\/progresso.com.br\/#\/schema\/person\/5dd27138d4463fbbaace62120bfc002b","name":"Rose","image":{"@type":"ImageObject","inLanguage":"pt-BR","@id":"https:\/\/progresso.com.br\/#\/schema\/person\/image\/","url":"https:\/\/secure.gravatar.com\/avatar\/1b6890e759cdd3a88d9f751cb423720b9861c5239167cd3586355638b6556599?s=96&d=mm&r=g","contentUrl":"https:\/\/secure.gravatar.com\/avatar\/1b6890e759cdd3a88d9f751cb423720b9861c5239167cd3586355638b6556599?s=96&d=mm&r=g","caption":"Rose"},"url":"https:\/\/progresso.com.br\/index.php\/author\/rose\/"}]}},"_links":{"self":[{"href":"https:\/\/progresso.com.br\/index.php\/wp-json\/wp\/v2\/posts\/4857","targetHints":{"allow":["GET"]}}],"collection":[{"href":"https:\/\/progresso.com.br\/index.php\/wp-json\/wp\/v2\/posts"}],"about":[{"href":"https:\/\/progresso.com.br\/index.php\/wp-json\/wp\/v2\/types\/post"}],"author":[{"embeddable":true,"href":"https:\/\/progresso.com.br\/index.php\/wp-json\/wp\/v2\/users\/2"}],"replies":[{"embeddable":true,"href":"https:\/\/progresso.com.br\/index.php\/wp-json\/wp\/v2\/comments?post=4857"}],"version-history":[{"count":1,"href":"https:\/\/progresso.com.br\/index.php\/wp-json\/wp\/v2\/posts\/4857\/revisions"}],"predecessor-version":[{"id":4859,"href":"https:\/\/progresso.com.br\/index.php\/wp-json\/wp\/v2\/posts\/4857\/revisions\/4859"}],"wp:featuredmedia":[{"embeddable":true,"href":"https:\/\/progresso.com.br\/index.php\/wp-json\/wp\/v2\/media\/4858"}],"wp:attachment":[{"href":"https:\/\/progresso.com.br\/index.php\/wp-json\/wp\/v2\/media?parent=4857"}],"wp:term":[{"taxonomy":"category","embeddable":true,"href":"https:\/\/progresso.com.br\/index.php\/wp-json\/wp\/v2\/categories?post=4857"},{"taxonomy":"post_tag","embeddable":true,"href":"https:\/\/progresso.com.br\/index.php\/wp-json\/wp\/v2\/tags?post=4857"}],"curies":[{"name":"wp","href":"https:\/\/api.w.org\/{rel}","templated":true}]}}