{"id":4860,"date":"2026-04-27T10:15:00","date_gmt":"2026-04-27T14:15:00","guid":{"rendered":"https:\/\/progresso.com.br\/?p=4860"},"modified":"2026-04-27T09:34:50","modified_gmt":"2026-04-27T13:34:50","slug":"enem-2026-prazo-para-pedir-isencao-da-taxa-de-inscricao-vai-ate-quinta","status":"publish","type":"post","link":"https:\/\/progresso.com.br\/index.php\/2026\/04\/27\/enem-2026-prazo-para-pedir-isencao-da-taxa-de-inscricao-vai-ate-quinta\/","title":{"rendered":"Enem 2026: prazo para pedir isen\u00e7\u00e3o da taxa de inscri\u00e7\u00e3o vai at\u00e9 quinta"},"content":{"rendered":"\n<p><strong><em>O prazo final foi estendido de sexta (24) para o dia 30. Veja os casos em que \u00e9 poss\u00edvel ter a gratuidade<\/em><\/strong><\/p>\n\n\n\n<p><em>Ag\u00eancia Gov | Via Inep<\/em><br><\/p>\n\n\n\n<p>O Minist\u00e9rio da Educa\u00e7\u00e3o (MEC) e o Instituto Nacional de Estudos e Pesquisas Educacionais An\u00edsio Teixeira (Inep) prorrogaram o prazo para que os interessados solicitem a isen\u00e7\u00e3o da taxa de inscri\u00e7\u00e3o do Exame Nacional do Ensino M\u00e9dio (Enem) 2026. O per\u00edodo, que se encerraria na sexta-feira (24\/4), foi estendido at\u00e9 o dia 30, quinta-feira. O novo prazo tamb\u00e9m valer\u00e1 para as justificativas de aus\u00eancia no Enem 2025.<\/p>\n\n\n\n<p>O pedido de isen\u00e7\u00e3o, bem como a justificativa de aus\u00eancia, deve ser realizado na&nbsp;P\u00e1gina do Participante, com o login \u00fanico do Gov.br. O Inep prev\u00ea a gratuidade para pessoas que se enquadrem nos seguintes perfis:<\/p>\n\n\n\n<ul class=\"wp-block-list\">\n<li>Matriculados no 3\u00ba ano do ensino m\u00e9dio em escola p\u00fablica, em\u00a02026;<\/li>\n\n\n\n<li>Aqueles que cursaram todo o ensino m\u00e9dio em escola p\u00fablica ou como bolsistas integrais em escola privada e que possuam renda de at\u00e9 1,5 sal\u00e1rio m\u00ednimo por pessoa da fam\u00edlia;<\/li>\n\n\n\n<li>Pessoas em situa\u00e7\u00e3o de vulnerabilidade socioecon\u00f4mica, de fam\u00edlias de baixa renda, com registro no Cadastro \u00danico para Programas Sociais do Governo Federal (Cad\u00danico).<\/li>\n\n\n\n<li>Participantes\u00a0do\u00a0programa P\u00e9-de-Meia.<\/li>\n<\/ul>\n\n\n\n<p>Independentemente do pedido de&nbsp;isen\u00e7\u00e3o, o estudante precisar\u00e1 fazer a inscri\u00e7\u00e3o no&nbsp;Enem em per\u00edodo a ser anunciado no edital do exame. A inscri\u00e7\u00e3o no Enem \u00e9 obrigat\u00f3ria, mesmo para quem solicitou a isen\u00e7\u00e3o e teve o deferimento concedido. A divulga\u00e7\u00e3o do resultado dos pedidos de isen\u00e7\u00e3o ser\u00e1 em 13 de maio.<\/p>\n\n\n\n<p>A&nbsp;justificativa&nbsp;de&nbsp;aus\u00eancia&nbsp;\u00e9 destinada ao participante que conseguiu&nbsp;a&nbsp;isen\u00e7\u00e3o&nbsp;da&nbsp;taxa&nbsp;de inscri\u00e7\u00e3o no Enem 2025, mas faltou&nbsp;aos dois dias de&nbsp;aplica\u00e7\u00e3o e deseja&nbsp;solicitar&nbsp;isen\u00e7\u00e3o&nbsp;na&nbsp;edi\u00e7\u00e3o de 2026.<\/p>\n\n\n\n<p><strong>P\u00e9-de-Meia&nbsp;\u2013&nbsp;<\/strong>Os participantes do&nbsp;<a href=\"https:\/\/www.gov.br\/mec\/pt-br\/pe-de-meia\" rel=\"noreferrer noopener\" target=\"_blank\">P\u00e9-de-Meia&nbsp;<\/a>que conclu\u00edrem o ensino m\u00e9dio em 2026&nbsp;e participarem dos dois dias de prova do Enem podem receber um incentivo adicional de R$ 200. O pagamento do incentivo extra ser\u00e1 efetuado ap\u00f3s confirma\u00e7\u00e3o da conclus\u00e3o da etapa de ensino, na mesma conta banc\u00e1ria utilizada para as demais parcelas do programa.<\/p>\n\n\n\n<p><strong>Cad\u00danico&nbsp;<\/strong>\u2013 O participante do Cadastro \u00danico (Cad\u00danico) que solicitar isen\u00e7\u00e3o no Enem precisa estar com a situa\u00e7\u00e3o cadastral regular. O benef\u00edcio integra o sistema de programas sociais que identifica e caracteriza as fam\u00edlias de baixa renda. A falta de atualiza\u00e7\u00e3o no Cad\u00danico pode levar ao indeferimento da isen\u00e7\u00e3o no Enem.<\/p>\n\n\n\n<p>A aprova\u00e7\u00e3o da justificativa de aus\u00eancia no Enem 2025 e\/ou da solicita\u00e7\u00e3o de isen\u00e7\u00e3o da taxa de inscri\u00e7\u00e3o no Enem 2026 n\u00e3o garante a efetiva\u00e7\u00e3o da inscri\u00e7\u00e3o no Enem 2026. Os interessados devem acompanhar a publica\u00e7\u00e3o do edital espec\u00edfico, com disposi\u00e7\u00f5es, procedimentos e prazos.<\/p>\n\n\n\n<p><strong>Com a amplia\u00e7\u00e3o do prazo, o cronograma foi atualizado. Veja as novas datas:<\/strong><\/p>\n\n\n\n<ul class=\"wp-block-list\">\n<li><strong>Pedido de isen\u00e7\u00e3o da taxa e justificativa de aus\u00eancia:\u00a0<\/strong>at\u00e9 30 de abril<\/li>\n\n\n\n<li><strong>Resultado dos pedidos:\u00a0<\/strong>13 de maio<\/li>\n\n\n\n<li><strong>Prazo para entrar com recurso:\u00a0<\/strong>de 13 a 19 de maio<\/li>\n\n\n\n<li><strong>Resultado dos recursos:\u00a0<\/strong>25 de maio<\/li>\n<\/ul>\n\n\n\n<p><strong>Enem&nbsp;<\/strong>\u2013 Ao longo de mais de duas d\u00e9cadas de exist\u00eancia, o Enem tornou-se a principal porta de entrada para a educa\u00e7\u00e3o superior no Brasil, por meio do Sistema de Sele\u00e7\u00e3o Unificada (Sisu), do Programa Universidade para Todos (Prouni) e do Fundo de Financiamento Estudantil (Fies).<\/p>\n\n\n\n<p>Institui\u00e7\u00f5es de ensino p\u00fablicas e privadas tamb\u00e9m utilizam o Enem para selecionar estudantes, como crit\u00e9rio \u00fanico ou complementar aos processos seletivos. Os resultados individuais do Enem podem, ainda, ser aproveitados nos processos seletivos de institui\u00e7\u00f5es portuguesas que possuem conv\u00eanio com o Inep para aceitar as notas do exame. Os acordos garantem acesso facilitado \u00e0s notas dos estudantes brasileiros interessados em cursar a educa\u00e7\u00e3o superior em Portugal.<\/p>\n","protected":false},"excerpt":{"rendered":"<p>O prazo final foi estendido de sexta (24) para o dia 30. Veja os casos em que \u00e9 poss\u00edvel ter a gratuidade Ag\u00eancia Gov | Via Inep O Minist\u00e9rio da Educa\u00e7\u00e3o (MEC) e o Instituto Nacional de Estudos e Pesquisas Educacionais An\u00edsio Teixeira (Inep) prorrogaram o prazo para que os interessados solicitem a isen\u00e7\u00e3o da [&hellip;]<\/p>\n","protected":false},"author":2,"featured_media":4861,"comment_status":"open","ping_status":"open","sticky":false,"template":"","format":"standard","meta":{"footnotes":""},"categories":[13,2],"tags":[],"class_list":["post-4860","post","type-post","status-publish","format-standard","has-post-thumbnail","hentry","category-cotidiano","category-destaque"],"yoast_head":"<!-- This site is optimized with the Yoast SEO plugin v27.1.1 - https:\/\/yoast.com\/product\/yoast-seo-wordpress\/ -->\n<title>Enem 2026: prazo para pedir isen\u00e7\u00e3o da taxa de inscri\u00e7\u00e3o vai at\u00e9 quinta - O PROGRESSO<\/title>\n<meta name=\"robots\" content=\"index, follow, max-snippet:-1, max-image-preview:large, max-video-preview:-1\" \/>\n<link rel=\"canonical\" href=\"https:\/\/progresso.com.br\/index.php\/2026\/04\/27\/enem-2026-prazo-para-pedir-isencao-da-taxa-de-inscricao-vai-ate-quinta\/\" \/>\n<meta property=\"og:locale\" content=\"pt_BR\" \/>\n<meta property=\"og:type\" content=\"article\" \/>\n<meta property=\"og:title\" content=\"Enem 2026: prazo para pedir isen\u00e7\u00e3o da taxa de inscri\u00e7\u00e3o vai at\u00e9 quinta - O PROGRESSO\" \/>\n<meta property=\"og:description\" content=\"O prazo final foi estendido de sexta (24) para o dia 30. Veja os casos em que \u00e9 poss\u00edvel ter a gratuidade Ag\u00eancia Gov | Via Inep O Minist\u00e9rio da Educa\u00e7\u00e3o (MEC) e o Instituto Nacional de Estudos e Pesquisas Educacionais An\u00edsio Teixeira (Inep) prorrogaram o prazo para que os interessados solicitem a isen\u00e7\u00e3o da [&hellip;]\" \/>\n<meta property=\"og:url\" content=\"https:\/\/progresso.com.br\/index.php\/2026\/04\/27\/enem-2026-prazo-para-pedir-isencao-da-taxa-de-inscricao-vai-ate-quinta\/\" \/>\n<meta property=\"og:site_name\" content=\"O PROGRESSO\" \/>\n<meta property=\"article:publisher\" content=\"https:\/\/www.facebook.com\/share\/1CeoksKBj6\/\" \/>\n<meta property=\"article:published_time\" content=\"2026-04-27T14:15:00+00:00\" \/>\n<meta property=\"og:image\" content=\"https:\/\/progresso.com.br\/wp-content\/uploads\/2026\/04\/enen.jpg\" \/>\n\t<meta property=\"og:image:width\" content=\"806\" \/>\n\t<meta property=\"og:image:height\" content=\"506\" \/>\n\t<meta property=\"og:image:type\" content=\"image\/jpeg\" \/>\n<meta name=\"author\" content=\"Rose\" \/>\n<meta name=\"twitter:card\" content=\"summary_large_image\" \/>\n<meta name=\"twitter:label1\" content=\"Escrito por\" \/>\n\t<meta name=\"twitter:data1\" content=\"Rose\" \/>\n\t<meta name=\"twitter:label2\" content=\"Est. tempo de leitura\" \/>\n\t<meta name=\"twitter:data2\" content=\"4 minutos\" \/>\n<script type=\"application\/ld+json\" class=\"yoast-schema-graph\">{\"@context\":\"https:\/\/schema.org\",\"@graph\":[{\"@type\":\"Article\",\"@id\":\"https:\/\/progresso.com.br\/index.php\/2026\/04\/27\/enem-2026-prazo-para-pedir-isencao-da-taxa-de-inscricao-vai-ate-quinta\/#article\",\"isPartOf\":{\"@id\":\"https:\/\/progresso.com.br\/index.php\/2026\/04\/27\/enem-2026-prazo-para-pedir-isencao-da-taxa-de-inscricao-vai-ate-quinta\/\"},\"author\":{\"name\":\"Rose\",\"@id\":\"https:\/\/progresso.com.br\/#\/schema\/person\/5dd27138d4463fbbaace62120bfc002b\"},\"headline\":\"Enem 2026: prazo para pedir isen\u00e7\u00e3o da taxa de inscri\u00e7\u00e3o vai at\u00e9 quinta\",\"datePublished\":\"2026-04-27T14:15:00+00:00\",\"mainEntityOfPage\":{\"@id\":\"https:\/\/progresso.com.br\/index.php\/2026\/04\/27\/enem-2026-prazo-para-pedir-isencao-da-taxa-de-inscricao-vai-ate-quinta\/\"},\"wordCount\":691,\"commentCount\":0,\"publisher\":{\"@id\":\"https:\/\/progresso.com.br\/#organization\"},\"image\":{\"@id\":\"https:\/\/progresso.com.br\/index.php\/2026\/04\/27\/enem-2026-prazo-para-pedir-isencao-da-taxa-de-inscricao-vai-ate-quinta\/#primaryimage\"},\"thumbnailUrl\":\"https:\/\/progresso.com.br\/wp-content\/uploads\/2026\/04\/enen.jpg\",\"articleSection\":[\"Cotidiano\",\"Em destaque\"],\"inLanguage\":\"pt-BR\",\"potentialAction\":[{\"@type\":\"CommentAction\",\"name\":\"Comment\",\"target\":[\"https:\/\/progresso.com.br\/index.php\/2026\/04\/27\/enem-2026-prazo-para-pedir-isencao-da-taxa-de-inscricao-vai-ate-quinta\/#respond\"]}]},{\"@type\":\"WebPage\",\"@id\":\"https:\/\/progresso.com.br\/index.php\/2026\/04\/27\/enem-2026-prazo-para-pedir-isencao-da-taxa-de-inscricao-vai-ate-quinta\/\",\"url\":\"https:\/\/progresso.com.br\/index.php\/2026\/04\/27\/enem-2026-prazo-para-pedir-isencao-da-taxa-de-inscricao-vai-ate-quinta\/\",\"name\":\"Enem 2026: prazo para pedir isen\u00e7\u00e3o da taxa de inscri\u00e7\u00e3o vai at\u00e9 quinta - O PROGRESSO\",\"isPartOf\":{\"@id\":\"https:\/\/progresso.com.br\/#website\"},\"primaryImageOfPage\":{\"@id\":\"https:\/\/progresso.com.br\/index.php\/2026\/04\/27\/enem-2026-prazo-para-pedir-isencao-da-taxa-de-inscricao-vai-ate-quinta\/#primaryimage\"},\"image\":{\"@id\":\"https:\/\/progresso.com.br\/index.php\/2026\/04\/27\/enem-2026-prazo-para-pedir-isencao-da-taxa-de-inscricao-vai-ate-quinta\/#primaryimage\"},\"thumbnailUrl\":\"https:\/\/progresso.com.br\/wp-content\/uploads\/2026\/04\/enen.jpg\",\"datePublished\":\"2026-04-27T14:15:00+00:00\",\"breadcrumb\":{\"@id\":\"https:\/\/progresso.com.br\/index.php\/2026\/04\/27\/enem-2026-prazo-para-pedir-isencao-da-taxa-de-inscricao-vai-ate-quinta\/#breadcrumb\"},\"inLanguage\":\"pt-BR\",\"potentialAction\":[{\"@type\":\"ReadAction\",\"target\":[\"https:\/\/progresso.com.br\/index.php\/2026\/04\/27\/enem-2026-prazo-para-pedir-isencao-da-taxa-de-inscricao-vai-ate-quinta\/\"]}]},{\"@type\":\"ImageObject\",\"inLanguage\":\"pt-BR\",\"@id\":\"https:\/\/progresso.com.br\/index.php\/2026\/04\/27\/enem-2026-prazo-para-pedir-isencao-da-taxa-de-inscricao-vai-ate-quinta\/#primaryimage\",\"url\":\"https:\/\/progresso.com.br\/wp-content\/uploads\/2026\/04\/enen.jpg\",\"contentUrl\":\"https:\/\/progresso.com.br\/wp-content\/uploads\/2026\/04\/enen.jpg\",\"width\":806,\"height\":506,\"caption\":\"(Foto: Marcelo Camargo\/Ag\u00eancia Brasil)\"},{\"@type\":\"BreadcrumbList\",\"@id\":\"https:\/\/progresso.com.br\/index.php\/2026\/04\/27\/enem-2026-prazo-para-pedir-isencao-da-taxa-de-inscricao-vai-ate-quinta\/#breadcrumb\",\"itemListElement\":[{\"@type\":\"ListItem\",\"position\":1,\"name\":\"In\u00edcio\",\"item\":\"https:\/\/progresso.com.br\/\"},{\"@type\":\"ListItem\",\"position\":2,\"name\":\"Enem 2026: prazo para pedir isen\u00e7\u00e3o da taxa de inscri\u00e7\u00e3o vai at\u00e9 quinta\"}]},{\"@type\":\"WebSite\",\"@id\":\"https:\/\/progresso.com.br\/#website\",\"url\":\"https:\/\/progresso.com.br\/\",\"name\":\"O PROGRESSO\",\"description\":\"\",\"publisher\":{\"@id\":\"https:\/\/progresso.com.br\/#organization\"},\"potentialAction\":[{\"@type\":\"SearchAction\",\"target\":{\"@type\":\"EntryPoint\",\"urlTemplate\":\"https:\/\/progresso.com.br\/?s={search_term_string}\"},\"query-input\":{\"@type\":\"PropertyValueSpecification\",\"valueRequired\":true,\"valueName\":\"search_term_string\"}}],\"inLanguage\":\"pt-BR\"},{\"@type\":\"Organization\",\"@id\":\"https:\/\/progresso.com.br\/#organization\",\"name\":\"O PROGRESSO\",\"url\":\"https:\/\/progresso.com.br\/\",\"logo\":{\"@type\":\"ImageObject\",\"inLanguage\":\"pt-BR\",\"@id\":\"https:\/\/progresso.com.br\/#\/schema\/logo\/image\/\",\"url\":\"https:\/\/progresso.com.br\/wp-content\/uploads\/2026\/03\/logo_proog.jpg\",\"contentUrl\":\"https:\/\/progresso.com.br\/wp-content\/uploads\/2026\/03\/logo_proog.jpg\",\"width\":1960,\"height\":1080,\"caption\":\"O PROGRESSO\"},\"image\":{\"@id\":\"https:\/\/progresso.com.br\/#\/schema\/logo\/image\/\"},\"sameAs\":[\"https:\/\/www.facebook.com\/share\/1CeoksKBj6\/\",\"https:\/\/www.instagram.com\/oprogresso_digital\"]},{\"@type\":\"Person\",\"@id\":\"https:\/\/progresso.com.br\/#\/schema\/person\/5dd27138d4463fbbaace62120bfc002b\",\"name\":\"Rose\",\"image\":{\"@type\":\"ImageObject\",\"inLanguage\":\"pt-BR\",\"@id\":\"https:\/\/progresso.com.br\/#\/schema\/person\/image\/\",\"url\":\"https:\/\/secure.gravatar.com\/avatar\/1b6890e759cdd3a88d9f751cb423720b9861c5239167cd3586355638b6556599?s=96&d=mm&r=g\",\"contentUrl\":\"https:\/\/secure.gravatar.com\/avatar\/1b6890e759cdd3a88d9f751cb423720b9861c5239167cd3586355638b6556599?s=96&d=mm&r=g\",\"caption\":\"Rose\"},\"url\":\"https:\/\/progresso.com.br\/index.php\/author\/rose\/\"}]}<\/script>\n<!-- \/ Yoast SEO plugin. -->","yoast_head_json":{"title":"Enem 2026: prazo para pedir isen\u00e7\u00e3o da taxa de inscri\u00e7\u00e3o vai at\u00e9 quinta - O PROGRESSO","robots":{"index":"index","follow":"follow","max-snippet":"max-snippet:-1","max-image-preview":"max-image-preview:large","max-video-preview":"max-video-preview:-1"},"canonical":"https:\/\/progresso.com.br\/index.php\/2026\/04\/27\/enem-2026-prazo-para-pedir-isencao-da-taxa-de-inscricao-vai-ate-quinta\/","og_locale":"pt_BR","og_type":"article","og_title":"Enem 2026: prazo para pedir isen\u00e7\u00e3o da taxa de inscri\u00e7\u00e3o vai at\u00e9 quinta - O PROGRESSO","og_description":"O prazo final foi estendido de sexta (24) para o dia 30. Veja os casos em que \u00e9 poss\u00edvel ter a gratuidade Ag\u00eancia Gov | Via Inep O Minist\u00e9rio da Educa\u00e7\u00e3o (MEC) e o Instituto Nacional de Estudos e Pesquisas Educacionais An\u00edsio Teixeira (Inep) prorrogaram o prazo para que os interessados solicitem a isen\u00e7\u00e3o da [&hellip;]","og_url":"https:\/\/progresso.com.br\/index.php\/2026\/04\/27\/enem-2026-prazo-para-pedir-isencao-da-taxa-de-inscricao-vai-ate-quinta\/","og_site_name":"O PROGRESSO","article_publisher":"https:\/\/www.facebook.com\/share\/1CeoksKBj6\/","article_published_time":"2026-04-27T14:15:00+00:00","og_image":[{"width":806,"height":506,"url":"https:\/\/progresso.com.br\/wp-content\/uploads\/2026\/04\/enen.jpg","type":"image\/jpeg"}],"author":"Rose","twitter_card":"summary_large_image","twitter_misc":{"Escrito por":"Rose","Est. tempo de leitura":"4 minutos"},"schema":{"@context":"https:\/\/schema.org","@graph":[{"@type":"Article","@id":"https:\/\/progresso.com.br\/index.php\/2026\/04\/27\/enem-2026-prazo-para-pedir-isencao-da-taxa-de-inscricao-vai-ate-quinta\/#article","isPartOf":{"@id":"https:\/\/progresso.com.br\/index.php\/2026\/04\/27\/enem-2026-prazo-para-pedir-isencao-da-taxa-de-inscricao-vai-ate-quinta\/"},"author":{"name":"Rose","@id":"https:\/\/progresso.com.br\/#\/schema\/person\/5dd27138d4463fbbaace62120bfc002b"},"headline":"Enem 2026: prazo para pedir isen\u00e7\u00e3o da taxa de inscri\u00e7\u00e3o vai at\u00e9 quinta","datePublished":"2026-04-27T14:15:00+00:00","mainEntityOfPage":{"@id":"https:\/\/progresso.com.br\/index.php\/2026\/04\/27\/enem-2026-prazo-para-pedir-isencao-da-taxa-de-inscricao-vai-ate-quinta\/"},"wordCount":691,"commentCount":0,"publisher":{"@id":"https:\/\/progresso.com.br\/#organization"},"image":{"@id":"https:\/\/progresso.com.br\/index.php\/2026\/04\/27\/enem-2026-prazo-para-pedir-isencao-da-taxa-de-inscricao-vai-ate-quinta\/#primaryimage"},"thumbnailUrl":"https:\/\/progresso.com.br\/wp-content\/uploads\/2026\/04\/enen.jpg","articleSection":["Cotidiano","Em destaque"],"inLanguage":"pt-BR","potentialAction":[{"@type":"CommentAction","name":"Comment","target":["https:\/\/progresso.com.br\/index.php\/2026\/04\/27\/enem-2026-prazo-para-pedir-isencao-da-taxa-de-inscricao-vai-ate-quinta\/#respond"]}]},{"@type":"WebPage","@id":"https:\/\/progresso.com.br\/index.php\/2026\/04\/27\/enem-2026-prazo-para-pedir-isencao-da-taxa-de-inscricao-vai-ate-quinta\/","url":"https:\/\/progresso.com.br\/index.php\/2026\/04\/27\/enem-2026-prazo-para-pedir-isencao-da-taxa-de-inscricao-vai-ate-quinta\/","name":"Enem 2026: prazo para pedir isen\u00e7\u00e3o da taxa de inscri\u00e7\u00e3o vai at\u00e9 quinta - O PROGRESSO","isPartOf":{"@id":"https:\/\/progresso.com.br\/#website"},"primaryImageOfPage":{"@id":"https:\/\/progresso.com.br\/index.php\/2026\/04\/27\/enem-2026-prazo-para-pedir-isencao-da-taxa-de-inscricao-vai-ate-quinta\/#primaryimage"},"image":{"@id":"https:\/\/progresso.com.br\/index.php\/2026\/04\/27\/enem-2026-prazo-para-pedir-isencao-da-taxa-de-inscricao-vai-ate-quinta\/#primaryimage"},"thumbnailUrl":"https:\/\/progresso.com.br\/wp-content\/uploads\/2026\/04\/enen.jpg","datePublished":"2026-04-27T14:15:00+00:00","breadcrumb":{"@id":"https:\/\/progresso.com.br\/index.php\/2026\/04\/27\/enem-2026-prazo-para-pedir-isencao-da-taxa-de-inscricao-vai-ate-quinta\/#breadcrumb"},"inLanguage":"pt-BR","potentialAction":[{"@type":"ReadAction","target":["https:\/\/progresso.com.br\/index.php\/2026\/04\/27\/enem-2026-prazo-para-pedir-isencao-da-taxa-de-inscricao-vai-ate-quinta\/"]}]},{"@type":"ImageObject","inLanguage":"pt-BR","@id":"https:\/\/progresso.com.br\/index.php\/2026\/04\/27\/enem-2026-prazo-para-pedir-isencao-da-taxa-de-inscricao-vai-ate-quinta\/#primaryimage","url":"https:\/\/progresso.com.br\/wp-content\/uploads\/2026\/04\/enen.jpg","contentUrl":"https:\/\/progresso.com.br\/wp-content\/uploads\/2026\/04\/enen.jpg","width":806,"height":506,"caption":"(Foto: Marcelo Camargo\/Ag\u00eancia Brasil)"},{"@type":"BreadcrumbList","@id":"https:\/\/progresso.com.br\/index.php\/2026\/04\/27\/enem-2026-prazo-para-pedir-isencao-da-taxa-de-inscricao-vai-ate-quinta\/#breadcrumb","itemListElement":[{"@type":"ListItem","position":1,"name":"In\u00edcio","item":"https:\/\/progresso.com.br\/"},{"@type":"ListItem","position":2,"name":"Enem 2026: prazo para pedir isen\u00e7\u00e3o da taxa de inscri\u00e7\u00e3o vai at\u00e9 quinta"}]},{"@type":"WebSite","@id":"https:\/\/progresso.com.br\/#website","url":"https:\/\/progresso.com.br\/","name":"O PROGRESSO","description":"","publisher":{"@id":"https:\/\/progresso.com.br\/#organization"},"potentialAction":[{"@type":"SearchAction","target":{"@type":"EntryPoint","urlTemplate":"https:\/\/progresso.com.br\/?s={search_term_string}"},"query-input":{"@type":"PropertyValueSpecification","valueRequired":true,"valueName":"search_term_string"}}],"inLanguage":"pt-BR"},{"@type":"Organization","@id":"https:\/\/progresso.com.br\/#organization","name":"O PROGRESSO","url":"https:\/\/progresso.com.br\/","logo":{"@type":"ImageObject","inLanguage":"pt-BR","@id":"https:\/\/progresso.com.br\/#\/schema\/logo\/image\/","url":"https:\/\/progresso.com.br\/wp-content\/uploads\/2026\/03\/logo_proog.jpg","contentUrl":"https:\/\/progresso.com.br\/wp-content\/uploads\/2026\/03\/logo_proog.jpg","width":1960,"height":1080,"caption":"O PROGRESSO"},"image":{"@id":"https:\/\/progresso.com.br\/#\/schema\/logo\/image\/"},"sameAs":["https:\/\/www.facebook.com\/share\/1CeoksKBj6\/","https:\/\/www.instagram.com\/oprogresso_digital"]},{"@type":"Person","@id":"https:\/\/progresso.com.br\/#\/schema\/person\/5dd27138d4463fbbaace62120bfc002b","name":"Rose","image":{"@type":"ImageObject","inLanguage":"pt-BR","@id":"https:\/\/progresso.com.br\/#\/schema\/person\/image\/","url":"https:\/\/secure.gravatar.com\/avatar\/1b6890e759cdd3a88d9f751cb423720b9861c5239167cd3586355638b6556599?s=96&d=mm&r=g","contentUrl":"https:\/\/secure.gravatar.com\/avatar\/1b6890e759cdd3a88d9f751cb423720b9861c5239167cd3586355638b6556599?s=96&d=mm&r=g","caption":"Rose"},"url":"https:\/\/progresso.com.br\/index.php\/author\/rose\/"}]}},"_links":{"self":[{"href":"https:\/\/progresso.com.br\/index.php\/wp-json\/wp\/v2\/posts\/4860","targetHints":{"allow":["GET"]}}],"collection":[{"href":"https:\/\/progresso.com.br\/index.php\/wp-json\/wp\/v2\/posts"}],"about":[{"href":"https:\/\/progresso.com.br\/index.php\/wp-json\/wp\/v2\/types\/post"}],"author":[{"embeddable":true,"href":"https:\/\/progresso.com.br\/index.php\/wp-json\/wp\/v2\/users\/2"}],"replies":[{"embeddable":true,"href":"https:\/\/progresso.com.br\/index.php\/wp-json\/wp\/v2\/comments?post=4860"}],"version-history":[{"count":1,"href":"https:\/\/progresso.com.br\/index.php\/wp-json\/wp\/v2\/posts\/4860\/revisions"}],"predecessor-version":[{"id":4862,"href":"https:\/\/progresso.com.br\/index.php\/wp-json\/wp\/v2\/posts\/4860\/revisions\/4862"}],"wp:featuredmedia":[{"embeddable":true,"href":"https:\/\/progresso.com.br\/index.php\/wp-json\/wp\/v2\/media\/4861"}],"wp:attachment":[{"href":"https:\/\/progresso.com.br\/index.php\/wp-json\/wp\/v2\/media?parent=4860"}],"wp:term":[{"taxonomy":"category","embeddable":true,"href":"https:\/\/progresso.com.br\/index.php\/wp-json\/wp\/v2\/categories?post=4860"},{"taxonomy":"post_tag","embeddable":true,"href":"https:\/\/progresso.com.br\/index.php\/wp-json\/wp\/v2\/tags?post=4860"}],"curies":[{"name":"wp","href":"https:\/\/api.w.org\/{rel}","templated":true}]}}