{"id":4864,"date":"2026-04-27T09:56:18","date_gmt":"2026-04-27T13:56:18","guid":{"rendered":"https:\/\/progresso.com.br\/?p=4864"},"modified":"2026-04-27T09:56:18","modified_gmt":"2026-04-27T13:56:18","slug":"que-coisa-feia-vereador-cospe-no-prato-que-comeu","status":"publish","type":"post","link":"https:\/\/progresso.com.br\/index.php\/2026\/04\/27\/que-coisa-feia-vereador-cospe-no-prato-que-comeu\/","title":{"rendered":"Que coisa feia: vereador cospe no prato que comeu"},"content":{"rendered":"\n<div class=\"wp-block-media-text is-stacked-on-mobile\"><figure class=\"wp-block-media-text__media\"><img loading=\"lazy\" decoding=\"async\" width=\"567\" height=\"283\" src=\"https:\/\/progresso.com.br\/wp-content\/uploads\/2026\/04\/vereador-cuspindo.jpeg\" alt=\"\" class=\"wp-image-4867 size-full\" srcset=\"https:\/\/progresso.com.br\/wp-content\/uploads\/2026\/04\/vereador-cuspindo.jpeg 567w, https:\/\/progresso.com.br\/wp-content\/uploads\/2026\/04\/vereador-cuspindo-300x150.jpeg 300w\" sizes=\"auto, (max-width: 567px) 100vw, 567px\" \/><\/figure><div class=\"wp-block-media-text__content\">\n<p><em>\u00b4Cuspir no prato que comeu\u00b4 \u00e9 uma express\u00e3o popular bastante conhecida e muita usada. Ela pode ser entendida como ingratid\u00e3o, j\u00e1 que ocorre em situa\u00e7\u00f5es como criticar um trabalho antigo ap\u00f3s sair dele, ou em situa\u00e7\u00f5es de desprezo para algu\u00e9m que j\u00e1 foi \u00fatil e\/ou ben\u00e9fico. Resumo da \u00f3pera: aponta para a falta de reconhecimento com quem pode ter lhe ajudado. Se refere a uma a\u00e7\u00e3o que \u00e9 muito praticada no meio pol\u00edtico. E um caso t\u00edpico dessa natureza est\u00e1 ocorrendo nas \u00faltimas semanas, atrav\u00e9s de um vereador da C\u00e2mara Municipal de Dourados. Que coisa feia!<\/em><\/p>\n<\/div><\/div>\n\n\n\n<p><\/p>\n\n\n\n<p><strong>Embate<\/strong><\/p>\n\n\n\n<p>A segunda vaga do Partido Liberal par concorrer ao Senado da Rep\u00fablica, em outubro pr\u00f3ximo, continua dando o que falar e, a cada dia, surge um fato novo para jogar mais lenha nessa fogueira. O embate entre Marcos Pollon e Capit\u00e3o Contar s\u00f3 tende a aumentar.<\/p>\n\n\n\n<p>&#8230;<\/p>\n\n\n\n<p><strong>Embate, vaga<\/strong><\/p>\n\n\n\n<p>A primeira vaga, todo mundo j\u00e1 sabe, \u00e9 do ex-governador Reinaldo Azambuja que, ali\u00e1s, \u00e9 o presidente estadual do PL e, aparentemente, tem garantias (e apoio) do presidente nacional, Valdemar da Costa Neto.<\/p>\n\n\n\n<p>&#8230;<\/p>\n\n\n\n<p><strong>Embate, outra vaga<\/strong><\/p>\n\n\n\n<p>A segunda vaga, contudo, \u00e9 o centro da disc\u00f3rdia que agita os bastidores do PL em Mato Grosso do Sul. Publicamente, Pollon e Contar demonstram que n\u00e3o abrem m\u00e3o da indica\u00e7\u00e3o e cada qual se apresenta com padrinhos diferentes. A confus\u00e3o \u00e9 grande, at\u00e9 mesmo entre gente mais pr\u00f3xima aos dois.<\/p>\n\n\n\n<p>&#8230;<\/p>\n\n\n\n<p><strong>Embate, padrinhos<\/strong><\/p>\n\n\n\n<p>Pollon diz pra todo mundo que \u00e9 o preferido do ex-presidente Jair Bolsonaro e da ex-primeira-dama Michele. E Contar conta com o apoio do senador Fl\u00e1vio Bolsonaro, filho 01 do ex-presidente e pr\u00e9-candidato do partido \u00e0 Presid\u00eancia da Rep\u00fablica.<\/p>\n\n\n\n<p>&#8230;<\/p>\n\n\n\n<p><strong>Pollon na Exponavi<\/strong><\/p>\n\n\n\n<p>O deputado federal foi passear pela Exponavi, a feira agropecu\u00e1ria de Navira\u00ed. Falando explicitamente que \u00e9 pr\u00e9-candidato a senador, Pollon &nbsp;gravou um v\u00eddeo com Eunice Tikka, pr\u00e9-candidata a deputada estadual pelo partido Novo.<\/p>\n\n\n\n<p>&#8230;<\/p>\n\n\n\n<p><strong>Pollon em Navira\u00ed<\/strong><\/p>\n\n\n\n<p>O v\u00eddeo ganhou as redes sociais principalmente por uma frase dita pela pr\u00e9-candidata. Ela se referiu a Pollon como \u201cpr\u00e9-candidato ao Senado\u201d. Pollon, vale lembrar, amea\u00e7ou trocar o PL pelo Novo antes do fechamento da janela partid\u00e1ria. Mas tudo n\u00e3o passou de amea\u00e7a e ele ficou mesmo no PL.<\/p>\n\n\n\n<p>&#8230;<\/p>\n\n\n\n<p><strong>Contar na Exponavi<\/strong><\/p>\n\n\n\n<p>O ex-deputado estadual tamb\u00e9m foi passear pela feira de Navira\u00ed. Ele apareceu em dia diferente do que foi Pollon. Contar andou pelo parque de exposi\u00e7\u00f5es e comprovou que sua popularidade est\u00e1 em alta. Caminhando distante de outros pol\u00edticos, Contar era seguido por f\u00e3s gritando e pedindo para fazer fotos.<\/p>\n\n\n\n<p>&#8230;<\/p>\n\n\n\n<p><strong>Outros aplausos<\/strong><\/p>\n\n\n\n<p>Falando em sucesso junto ao p\u00fablico, aqui vai mais um coment\u00e1rio sobre a vereadora Isa Marcondes (Republicanos), de Dourados. A mo\u00e7a deu o ar de sua gra\u00e7a na Exponavi e, mesmo sem ter direito a discurso, foi chamada ao centro da arena de rodeio.<\/p>\n\n\n\n<p>&#8230;<\/p>\n\n\n\n<p><strong>Mais outros aplausos<\/strong><\/p>\n\n\n\n<p>\u201cParecia que ela estava em Dourados\u201d. Esse foi o coment\u00e1rio feito por passarinho douradense que estava em Navira\u00ed trabalhando num estande. Segundo ele, a vereadora foi a pessoa mais aplaudida da noite pelo p\u00fablico que ocupava as arquibancadas.<\/p>\n\n\n\n<p>&#8230;<\/p>\n\n\n\n<p><strong>Caroninha<\/strong><\/p>\n\n\n\n<p>Quem tamb\u00e9m deu o ar da gra\u00e7a na Exponavi foi a deputada estadual Mara Caseiro (PL). Pr\u00e9-candidata a uma cadeira na C\u00e2mara Federal, ela bateu ponto na feira e, na manh\u00e3 seguinte, bem cedinho, pegou carona num avi\u00e3o e partiu para Alcin\u00f3polis marcar presen\u00e7a em outra festa popular.<\/p>\n\n\n\n<p>&#8230;<\/p>\n\n\n\n<p><strong>Imprensa<\/strong><\/p>\n\n\n\n<p>O Clube de Imprensa de MS promoveu um encontro s\u00e1bado em Campo Grande para debater a \u201cDemocracia na era da IA: entre algoritmos e votos, o novo campo de batalha eleitoral\u201d. O jornalista Bosco Martins conduziu as atividades e a programa\u00e7\u00e3o terminou com uma suculenta feijoada.<\/p>\n\n\n\n<p>&#8230;<\/p>\n\n\n\n<p><strong>Inseguro<\/strong><\/p>\n\n\n\n<p>O mundo est\u00e1 mesmo inseguro. Imagina s\u00f3 que um homem consegue entrar, se hospedar, e disparar tiros num elegante hotel em Washington (EUA) onde estava o irrequieto Donald Trump.<\/p>\n\n\n\n<p>&#8230;<\/p>\n\n\n\n<p><strong>Inseguro mesmo<\/strong><\/p>\n\n\n\n<p>O presidente norte-americano participava de um evento super tradicional: um jantar de gala com jornalistas que trabalham como correspondentes e cobrem a Casa Branca. Em tempos das loucuras de Trump, tal acontecimento s\u00f3 comprova a fragilidade marcante dos dias atuais. Que tristeza!<\/p>\n\n\n\n<p>&#8230;<\/p>\n","protected":false},"excerpt":{"rendered":"<p>\u00b4Cuspir no prato que comeu\u00b4 \u00e9 uma express\u00e3o popular bastante conhecida e muita usada. Ela pode ser entendida como ingratid\u00e3o, j\u00e1 que ocorre em situa\u00e7\u00f5es como criticar um trabalho antigo ap\u00f3s sair dele, ou em situa\u00e7\u00f5es de desprezo para algu\u00e9m que j\u00e1 foi \u00fatil e\/ou ben\u00e9fico. Resumo da \u00f3pera: aponta para a falta de reconhecimento [&hellip;]<\/p>\n","protected":false},"author":3,"featured_media":4867,"comment_status":"open","ping_status":"open","sticky":false,"template":"","format":"standard","meta":{"footnotes":""},"categories":[26],"tags":[],"class_list":["post-4864","post","type-post","status-publish","format-standard","has-post-thumbnail","hentry","category-de-olho"],"yoast_head":"<!-- This site is optimized with the Yoast SEO plugin v27.1.1 - https:\/\/yoast.com\/product\/yoast-seo-wordpress\/ -->\n<title>Que coisa feia: vereador cospe no prato que comeu - O PROGRESSO<\/title>\n<meta name=\"robots\" content=\"index, follow, max-snippet:-1, max-image-preview:large, max-video-preview:-1\" \/>\n<link rel=\"canonical\" href=\"https:\/\/progresso.com.br\/index.php\/2026\/04\/27\/que-coisa-feia-vereador-cospe-no-prato-que-comeu\/\" \/>\n<meta property=\"og:locale\" content=\"pt_BR\" \/>\n<meta property=\"og:type\" content=\"article\" \/>\n<meta property=\"og:title\" content=\"Que coisa feia: vereador cospe no prato que comeu - O PROGRESSO\" \/>\n<meta property=\"og:description\" content=\"\u00b4Cuspir no prato que comeu\u00b4 \u00e9 uma express\u00e3o popular bastante conhecida e muita usada. Ela pode ser entendida como ingratid\u00e3o, j\u00e1 que ocorre em situa\u00e7\u00f5es como criticar um trabalho antigo ap\u00f3s sair dele, ou em situa\u00e7\u00f5es de desprezo para algu\u00e9m que j\u00e1 foi \u00fatil e\/ou ben\u00e9fico. Resumo da \u00f3pera: aponta para a falta de reconhecimento [&hellip;]\" \/>\n<meta property=\"og:url\" content=\"https:\/\/progresso.com.br\/index.php\/2026\/04\/27\/que-coisa-feia-vereador-cospe-no-prato-que-comeu\/\" \/>\n<meta property=\"og:site_name\" content=\"O PROGRESSO\" \/>\n<meta property=\"article:publisher\" content=\"https:\/\/www.facebook.com\/share\/1CeoksKBj6\/\" \/>\n<meta property=\"article:published_time\" content=\"2026-04-27T13:56:18+00:00\" \/>\n<meta property=\"og:image\" content=\"https:\/\/progresso.com.br\/wp-content\/uploads\/2026\/04\/vereador-cuspindo.jpeg\" \/>\n\t<meta property=\"og:image:width\" content=\"567\" \/>\n\t<meta property=\"og:image:height\" content=\"283\" \/>\n\t<meta property=\"og:image:type\" content=\"image\/jpeg\" \/>\n<meta name=\"author\" content=\"Alfredo\" \/>\n<meta name=\"twitter:card\" content=\"summary_large_image\" \/>\n<meta name=\"twitter:label1\" content=\"Escrito por\" \/>\n\t<meta name=\"twitter:data1\" content=\"Alfredo\" \/>\n\t<meta name=\"twitter:label2\" content=\"Est. tempo de leitura\" \/>\n\t<meta name=\"twitter:data2\" content=\"5 minutos\" \/>\n<script type=\"application\/ld+json\" class=\"yoast-schema-graph\">{\"@context\":\"https:\/\/schema.org\",\"@graph\":[{\"@type\":\"Article\",\"@id\":\"https:\/\/progresso.com.br\/index.php\/2026\/04\/27\/que-coisa-feia-vereador-cospe-no-prato-que-comeu\/#article\",\"isPartOf\":{\"@id\":\"https:\/\/progresso.com.br\/index.php\/2026\/04\/27\/que-coisa-feia-vereador-cospe-no-prato-que-comeu\/\"},\"author\":{\"name\":\"Alfredo\",\"@id\":\"https:\/\/progresso.com.br\/#\/schema\/person\/b7390ac97c5e156cc2e02aa8e88f1bf2\"},\"headline\":\"Que coisa feia: vereador cospe no prato que comeu\",\"datePublished\":\"2026-04-27T13:56:18+00:00\",\"mainEntityOfPage\":{\"@id\":\"https:\/\/progresso.com.br\/index.php\/2026\/04\/27\/que-coisa-feia-vereador-cospe-no-prato-que-comeu\/\"},\"wordCount\":727,\"commentCount\":0,\"publisher\":{\"@id\":\"https:\/\/progresso.com.br\/#organization\"},\"image\":{\"@id\":\"https:\/\/progresso.com.br\/index.php\/2026\/04\/27\/que-coisa-feia-vereador-cospe-no-prato-que-comeu\/#primaryimage\"},\"thumbnailUrl\":\"https:\/\/progresso.com.br\/wp-content\/uploads\/2026\/04\/vereador-cuspindo.jpeg\",\"articleSection\":[\"De Olho\"],\"inLanguage\":\"pt-BR\",\"potentialAction\":[{\"@type\":\"CommentAction\",\"name\":\"Comment\",\"target\":[\"https:\/\/progresso.com.br\/index.php\/2026\/04\/27\/que-coisa-feia-vereador-cospe-no-prato-que-comeu\/#respond\"]}]},{\"@type\":\"WebPage\",\"@id\":\"https:\/\/progresso.com.br\/index.php\/2026\/04\/27\/que-coisa-feia-vereador-cospe-no-prato-que-comeu\/\",\"url\":\"https:\/\/progresso.com.br\/index.php\/2026\/04\/27\/que-coisa-feia-vereador-cospe-no-prato-que-comeu\/\",\"name\":\"Que coisa feia: vereador cospe no prato que comeu - O PROGRESSO\",\"isPartOf\":{\"@id\":\"https:\/\/progresso.com.br\/#website\"},\"primaryImageOfPage\":{\"@id\":\"https:\/\/progresso.com.br\/index.php\/2026\/04\/27\/que-coisa-feia-vereador-cospe-no-prato-que-comeu\/#primaryimage\"},\"image\":{\"@id\":\"https:\/\/progresso.com.br\/index.php\/2026\/04\/27\/que-coisa-feia-vereador-cospe-no-prato-que-comeu\/#primaryimage\"},\"thumbnailUrl\":\"https:\/\/progresso.com.br\/wp-content\/uploads\/2026\/04\/vereador-cuspindo.jpeg\",\"datePublished\":\"2026-04-27T13:56:18+00:00\",\"breadcrumb\":{\"@id\":\"https:\/\/progresso.com.br\/index.php\/2026\/04\/27\/que-coisa-feia-vereador-cospe-no-prato-que-comeu\/#breadcrumb\"},\"inLanguage\":\"pt-BR\",\"potentialAction\":[{\"@type\":\"ReadAction\",\"target\":[\"https:\/\/progresso.com.br\/index.php\/2026\/04\/27\/que-coisa-feia-vereador-cospe-no-prato-que-comeu\/\"]}]},{\"@type\":\"ImageObject\",\"inLanguage\":\"pt-BR\",\"@id\":\"https:\/\/progresso.com.br\/index.php\/2026\/04\/27\/que-coisa-feia-vereador-cospe-no-prato-que-comeu\/#primaryimage\",\"url\":\"https:\/\/progresso.com.br\/wp-content\/uploads\/2026\/04\/vereador-cuspindo.jpeg\",\"contentUrl\":\"https:\/\/progresso.com.br\/wp-content\/uploads\/2026\/04\/vereador-cuspindo.jpeg\",\"width\":567,\"height\":283},{\"@type\":\"BreadcrumbList\",\"@id\":\"https:\/\/progresso.com.br\/index.php\/2026\/04\/27\/que-coisa-feia-vereador-cospe-no-prato-que-comeu\/#breadcrumb\",\"itemListElement\":[{\"@type\":\"ListItem\",\"position\":1,\"name\":\"In\u00edcio\",\"item\":\"https:\/\/progresso.com.br\/\"},{\"@type\":\"ListItem\",\"position\":2,\"name\":\"Que coisa feia: vereador cospe no prato que comeu\"}]},{\"@type\":\"WebSite\",\"@id\":\"https:\/\/progresso.com.br\/#website\",\"url\":\"https:\/\/progresso.com.br\/\",\"name\":\"O PROGRESSO\",\"description\":\"\",\"publisher\":{\"@id\":\"https:\/\/progresso.com.br\/#organization\"},\"potentialAction\":[{\"@type\":\"SearchAction\",\"target\":{\"@type\":\"EntryPoint\",\"urlTemplate\":\"https:\/\/progresso.com.br\/?s={search_term_string}\"},\"query-input\":{\"@type\":\"PropertyValueSpecification\",\"valueRequired\":true,\"valueName\":\"search_term_string\"}}],\"inLanguage\":\"pt-BR\"},{\"@type\":\"Organization\",\"@id\":\"https:\/\/progresso.com.br\/#organization\",\"name\":\"O PROGRESSO\",\"url\":\"https:\/\/progresso.com.br\/\",\"logo\":{\"@type\":\"ImageObject\",\"inLanguage\":\"pt-BR\",\"@id\":\"https:\/\/progresso.com.br\/#\/schema\/logo\/image\/\",\"url\":\"https:\/\/progresso.com.br\/wp-content\/uploads\/2026\/03\/logo_proog.jpg\",\"contentUrl\":\"https:\/\/progresso.com.br\/wp-content\/uploads\/2026\/03\/logo_proog.jpg\",\"width\":1960,\"height\":1080,\"caption\":\"O PROGRESSO\"},\"image\":{\"@id\":\"https:\/\/progresso.com.br\/#\/schema\/logo\/image\/\"},\"sameAs\":[\"https:\/\/www.facebook.com\/share\/1CeoksKBj6\/\",\"https:\/\/www.instagram.com\/oprogresso_digital\"]},{\"@type\":\"Person\",\"@id\":\"https:\/\/progresso.com.br\/#\/schema\/person\/b7390ac97c5e156cc2e02aa8e88f1bf2\",\"name\":\"Alfredo\",\"image\":{\"@type\":\"ImageObject\",\"inLanguage\":\"pt-BR\",\"@id\":\"https:\/\/progresso.com.br\/#\/schema\/person\/image\/\",\"url\":\"https:\/\/secure.gravatar.com\/avatar\/ca208a3111522ad69d765c6f0ea1ce4742c74e10aba78ae7158042d704d65a9f?s=96&d=mm&r=g\",\"contentUrl\":\"https:\/\/secure.gravatar.com\/avatar\/ca208a3111522ad69d765c6f0ea1ce4742c74e10aba78ae7158042d704d65a9f?s=96&d=mm&r=g\",\"caption\":\"Alfredo\"},\"url\":\"https:\/\/progresso.com.br\/index.php\/author\/alfredo\/\"}]}<\/script>\n<!-- \/ Yoast SEO plugin. -->","yoast_head_json":{"title":"Que coisa feia: vereador cospe no prato que comeu - O PROGRESSO","robots":{"index":"index","follow":"follow","max-snippet":"max-snippet:-1","max-image-preview":"max-image-preview:large","max-video-preview":"max-video-preview:-1"},"canonical":"https:\/\/progresso.com.br\/index.php\/2026\/04\/27\/que-coisa-feia-vereador-cospe-no-prato-que-comeu\/","og_locale":"pt_BR","og_type":"article","og_title":"Que coisa feia: vereador cospe no prato que comeu - O PROGRESSO","og_description":"\u00b4Cuspir no prato que comeu\u00b4 \u00e9 uma express\u00e3o popular bastante conhecida e muita usada. Ela pode ser entendida como ingratid\u00e3o, j\u00e1 que ocorre em situa\u00e7\u00f5es como criticar um trabalho antigo ap\u00f3s sair dele, ou em situa\u00e7\u00f5es de desprezo para algu\u00e9m que j\u00e1 foi \u00fatil e\/ou ben\u00e9fico. Resumo da \u00f3pera: aponta para a falta de reconhecimento [&hellip;]","og_url":"https:\/\/progresso.com.br\/index.php\/2026\/04\/27\/que-coisa-feia-vereador-cospe-no-prato-que-comeu\/","og_site_name":"O PROGRESSO","article_publisher":"https:\/\/www.facebook.com\/share\/1CeoksKBj6\/","article_published_time":"2026-04-27T13:56:18+00:00","og_image":[{"width":567,"height":283,"url":"https:\/\/progresso.com.br\/wp-content\/uploads\/2026\/04\/vereador-cuspindo.jpeg","type":"image\/jpeg"}],"author":"Alfredo","twitter_card":"summary_large_image","twitter_misc":{"Escrito por":"Alfredo","Est. tempo de leitura":"5 minutos"},"schema":{"@context":"https:\/\/schema.org","@graph":[{"@type":"Article","@id":"https:\/\/progresso.com.br\/index.php\/2026\/04\/27\/que-coisa-feia-vereador-cospe-no-prato-que-comeu\/#article","isPartOf":{"@id":"https:\/\/progresso.com.br\/index.php\/2026\/04\/27\/que-coisa-feia-vereador-cospe-no-prato-que-comeu\/"},"author":{"name":"Alfredo","@id":"https:\/\/progresso.com.br\/#\/schema\/person\/b7390ac97c5e156cc2e02aa8e88f1bf2"},"headline":"Que coisa feia: vereador cospe no prato que comeu","datePublished":"2026-04-27T13:56:18+00:00","mainEntityOfPage":{"@id":"https:\/\/progresso.com.br\/index.php\/2026\/04\/27\/que-coisa-feia-vereador-cospe-no-prato-que-comeu\/"},"wordCount":727,"commentCount":0,"publisher":{"@id":"https:\/\/progresso.com.br\/#organization"},"image":{"@id":"https:\/\/progresso.com.br\/index.php\/2026\/04\/27\/que-coisa-feia-vereador-cospe-no-prato-que-comeu\/#primaryimage"},"thumbnailUrl":"https:\/\/progresso.com.br\/wp-content\/uploads\/2026\/04\/vereador-cuspindo.jpeg","articleSection":["De Olho"],"inLanguage":"pt-BR","potentialAction":[{"@type":"CommentAction","name":"Comment","target":["https:\/\/progresso.com.br\/index.php\/2026\/04\/27\/que-coisa-feia-vereador-cospe-no-prato-que-comeu\/#respond"]}]},{"@type":"WebPage","@id":"https:\/\/progresso.com.br\/index.php\/2026\/04\/27\/que-coisa-feia-vereador-cospe-no-prato-que-comeu\/","url":"https:\/\/progresso.com.br\/index.php\/2026\/04\/27\/que-coisa-feia-vereador-cospe-no-prato-que-comeu\/","name":"Que coisa feia: vereador cospe no prato que comeu - O PROGRESSO","isPartOf":{"@id":"https:\/\/progresso.com.br\/#website"},"primaryImageOfPage":{"@id":"https:\/\/progresso.com.br\/index.php\/2026\/04\/27\/que-coisa-feia-vereador-cospe-no-prato-que-comeu\/#primaryimage"},"image":{"@id":"https:\/\/progresso.com.br\/index.php\/2026\/04\/27\/que-coisa-feia-vereador-cospe-no-prato-que-comeu\/#primaryimage"},"thumbnailUrl":"https:\/\/progresso.com.br\/wp-content\/uploads\/2026\/04\/vereador-cuspindo.jpeg","datePublished":"2026-04-27T13:56:18+00:00","breadcrumb":{"@id":"https:\/\/progresso.com.br\/index.php\/2026\/04\/27\/que-coisa-feia-vereador-cospe-no-prato-que-comeu\/#breadcrumb"},"inLanguage":"pt-BR","potentialAction":[{"@type":"ReadAction","target":["https:\/\/progresso.com.br\/index.php\/2026\/04\/27\/que-coisa-feia-vereador-cospe-no-prato-que-comeu\/"]}]},{"@type":"ImageObject","inLanguage":"pt-BR","@id":"https:\/\/progresso.com.br\/index.php\/2026\/04\/27\/que-coisa-feia-vereador-cospe-no-prato-que-comeu\/#primaryimage","url":"https:\/\/progresso.com.br\/wp-content\/uploads\/2026\/04\/vereador-cuspindo.jpeg","contentUrl":"https:\/\/progresso.com.br\/wp-content\/uploads\/2026\/04\/vereador-cuspindo.jpeg","width":567,"height":283},{"@type":"BreadcrumbList","@id":"https:\/\/progresso.com.br\/index.php\/2026\/04\/27\/que-coisa-feia-vereador-cospe-no-prato-que-comeu\/#breadcrumb","itemListElement":[{"@type":"ListItem","position":1,"name":"In\u00edcio","item":"https:\/\/progresso.com.br\/"},{"@type":"ListItem","position":2,"name":"Que coisa feia: vereador cospe no prato que comeu"}]},{"@type":"WebSite","@id":"https:\/\/progresso.com.br\/#website","url":"https:\/\/progresso.com.br\/","name":"O PROGRESSO","description":"","publisher":{"@id":"https:\/\/progresso.com.br\/#organization"},"potentialAction":[{"@type":"SearchAction","target":{"@type":"EntryPoint","urlTemplate":"https:\/\/progresso.com.br\/?s={search_term_string}"},"query-input":{"@type":"PropertyValueSpecification","valueRequired":true,"valueName":"search_term_string"}}],"inLanguage":"pt-BR"},{"@type":"Organization","@id":"https:\/\/progresso.com.br\/#organization","name":"O PROGRESSO","url":"https:\/\/progresso.com.br\/","logo":{"@type":"ImageObject","inLanguage":"pt-BR","@id":"https:\/\/progresso.com.br\/#\/schema\/logo\/image\/","url":"https:\/\/progresso.com.br\/wp-content\/uploads\/2026\/03\/logo_proog.jpg","contentUrl":"https:\/\/progresso.com.br\/wp-content\/uploads\/2026\/03\/logo_proog.jpg","width":1960,"height":1080,"caption":"O PROGRESSO"},"image":{"@id":"https:\/\/progresso.com.br\/#\/schema\/logo\/image\/"},"sameAs":["https:\/\/www.facebook.com\/share\/1CeoksKBj6\/","https:\/\/www.instagram.com\/oprogresso_digital"]},{"@type":"Person","@id":"https:\/\/progresso.com.br\/#\/schema\/person\/b7390ac97c5e156cc2e02aa8e88f1bf2","name":"Alfredo","image":{"@type":"ImageObject","inLanguage":"pt-BR","@id":"https:\/\/progresso.com.br\/#\/schema\/person\/image\/","url":"https:\/\/secure.gravatar.com\/avatar\/ca208a3111522ad69d765c6f0ea1ce4742c74e10aba78ae7158042d704d65a9f?s=96&d=mm&r=g","contentUrl":"https:\/\/secure.gravatar.com\/avatar\/ca208a3111522ad69d765c6f0ea1ce4742c74e10aba78ae7158042d704d65a9f?s=96&d=mm&r=g","caption":"Alfredo"},"url":"https:\/\/progresso.com.br\/index.php\/author\/alfredo\/"}]}},"_links":{"self":[{"href":"https:\/\/progresso.com.br\/index.php\/wp-json\/wp\/v2\/posts\/4864","targetHints":{"allow":["GET"]}}],"collection":[{"href":"https:\/\/progresso.com.br\/index.php\/wp-json\/wp\/v2\/posts"}],"about":[{"href":"https:\/\/progresso.com.br\/index.php\/wp-json\/wp\/v2\/types\/post"}],"author":[{"embeddable":true,"href":"https:\/\/progresso.com.br\/index.php\/wp-json\/wp\/v2\/users\/3"}],"replies":[{"embeddable":true,"href":"https:\/\/progresso.com.br\/index.php\/wp-json\/wp\/v2\/comments?post=4864"}],"version-history":[{"count":1,"href":"https:\/\/progresso.com.br\/index.php\/wp-json\/wp\/v2\/posts\/4864\/revisions"}],"predecessor-version":[{"id":4868,"href":"https:\/\/progresso.com.br\/index.php\/wp-json\/wp\/v2\/posts\/4864\/revisions\/4868"}],"wp:featuredmedia":[{"embeddable":true,"href":"https:\/\/progresso.com.br\/index.php\/wp-json\/wp\/v2\/media\/4867"}],"wp:attachment":[{"href":"https:\/\/progresso.com.br\/index.php\/wp-json\/wp\/v2\/media?parent=4864"}],"wp:term":[{"taxonomy":"category","embeddable":true,"href":"https:\/\/progresso.com.br\/index.php\/wp-json\/wp\/v2\/categories?post=4864"},{"taxonomy":"post_tag","embeddable":true,"href":"https:\/\/progresso.com.br\/index.php\/wp-json\/wp\/v2\/tags?post=4864"}],"curies":[{"name":"wp","href":"https:\/\/api.w.org\/{rel}","templated":true}]}}