{"id":4869,"date":"2026-04-27T10:45:00","date_gmt":"2026-04-27T14:45:00","guid":{"rendered":"https:\/\/progresso.com.br\/?p=4869"},"modified":"2026-04-27T11:21:18","modified_gmt":"2026-04-27T15:21:18","slug":"audiencia-publica-na-camara-de-dourados-debateu-plano-municipal-de-leitura","status":"publish","type":"post","link":"https:\/\/progresso.com.br\/index.php\/2026\/04\/27\/audiencia-publica-na-camara-de-dourados-debateu-plano-municipal-de-leitura\/","title":{"rendered":"Audi\u00eancia p\u00fablica na C\u00e2mara de Dourados debateu Plano Municipal de Leitura"},"content":{"rendered":"\n<p><strong><em>Encontro reuniu autoridades, educadores, escritores e artistas e refor\u00e7ou import\u00e2ncia da literatura e das bibliotecas<br><\/em><\/strong><\/p>\n\n\n\n<p><em>Rog\u00e9rio Vidmantas<\/em><\/p>\n\n\n\n<p>A C\u00e2mara Municipal de Dourados realizou, na \u00faltima quinta-feira (23), audi\u00eancia p\u00fablica \u201cEntre livros, vozes e direitos\u201d. A iniciativa, proposta pelos vereadores Franklin Schmalz e Elias Ishy, ambos do PT, por meio das Comiss\u00f5es de Cultura e de Educa\u00e7\u00e3o da Casa, reuniu autoridades, educadores, escritores, artistas e representantes da sociedade civil para discutir a constru\u00e7\u00e3o do Plano Municipal do Livro, Leitura, Literatura, Escrita e Bibliotecas (PMLLLEB).&nbsp;<\/p>\n\n\n\n<p>Realizada na mesma data em que se celebra o Dia Mundial do Livro, a audi\u00eancia refor\u00e7ou a import\u00e2ncia da leitura, da literatura e das bibliotecas como pilares para o desenvolvimento educacional e cultural da sociedade.&nbsp;<\/p>\n\n\n\n<p>Ao longo do encontro, foi destacado o car\u00e1ter coletivo da proposta, que busca ampliar o di\u00e1logo com a popula\u00e7\u00e3o e garantir que o plano reflita as necessidades reais da comunidade. A audi\u00eancia teve como objetivo central ouvir contribui\u00e7\u00f5es e fortalecer a participa\u00e7\u00e3o social na elabora\u00e7\u00e3o do documento, que ir\u00e1 orientar as pol\u00edticas p\u00fablicas do setor pelos pr\u00f3ximos dez anos.&nbsp;<\/p>\n\n\n\n<p>Durante a programa\u00e7\u00e3o, o p\u00fablico acompanhou apresenta\u00e7\u00f5es culturais que valorizaram a produ\u00e7\u00e3o art\u00edstica local, al\u00e9m do lan\u00e7amento do livro Territ\u00f3rios de Escreviv\u00eancias: Desvendando Carolina Maria de Jesus, da professora e pesquisadora Cl\u00e1udia Marques Roma, evidenciando a for\u00e7a da literatura como ferramenta de express\u00e3o e transforma\u00e7\u00e3o.&nbsp;<\/p>\n\n\n\n<p>A mesa de autoridades foi composta pelos vereadores Franklin e Elias Ishy, pelo vereador S\u00e9rgio Nogueira, pelo secret\u00e1rio municipal de Educa\u00e7\u00e3o, Nilson Francisco, por Kallen Christiany Miranda Ferreira, representando a Secretaria Municipal de Cultura, pela professora Rosemar Borges, da Academia Douradense de Letras, e pela palestrante Dra. Professora Rose Cristiani Franco Seco Liston.&nbsp;<\/p>\n\n\n\n<p>O Plano de Leitura \u00e9 um instrumento estrat\u00e9gico de planejamento com vig\u00eancia decenal e&nbsp; tem como objetivo garantir o acesso universal, democr\u00e1tico e inclusivo ao livro, \u00e0 leitura, \u00e0 literatura, \u00e0 escrita e \u00e0s bibliotecas. Estruturado em eixos como democratiza\u00e7\u00e3o do acesso \u00e0 informa\u00e7\u00e3o, incentivo \u00e0 leitura, valoriza\u00e7\u00e3o da produ\u00e7\u00e3o cultural e fortalecimento da cadeia do livro, o plano busca consolidar Dourados como uma cidade leitora, multicultural e participativa.&nbsp;<\/p>\n\n\n\n<p>A audi\u00eancia p\u00fablica representa mais uma etapa no processo de constru\u00e7\u00e3o coletiva do plano, que segue aberto \u00e0 participa\u00e7\u00e3o da popula\u00e7\u00e3o por meio do envio de sugest\u00f5es. A proposta ainda passar\u00e1 por ajustes antes de ser encaminhada para aprecia\u00e7\u00e3o do Executivo e do Legislativo municipal.<\/p>\n","protected":false},"excerpt":{"rendered":"<p>Encontro reuniu autoridades, educadores, escritores e artistas e refor\u00e7ou import\u00e2ncia da literatura e das bibliotecas Rog\u00e9rio Vidmantas A C\u00e2mara Municipal de Dourados realizou, na \u00faltima quinta-feira (23), audi\u00eancia p\u00fablica \u201cEntre livros, vozes e direitos\u201d. A iniciativa, proposta pelos vereadores Franklin Schmalz e Elias Ishy, ambos do PT, por meio das Comiss\u00f5es de Cultura e de [&hellip;]<\/p>\n","protected":false},"author":5,"featured_media":4870,"comment_status":"open","ping_status":"open","sticky":false,"template":"","format":"standard","meta":{"footnotes":""},"categories":[19,28,9],"tags":[],"class_list":["post-4869","post","type-post","status-publish","format-standard","has-post-thumbnail","hentry","category-cultura","category-dourados","category-politica"],"yoast_head":"<!-- This site is optimized with the Yoast SEO plugin v27.1.1 - https:\/\/yoast.com\/product\/yoast-seo-wordpress\/ -->\n<title>Audi\u00eancia p\u00fablica na C\u00e2mara de Dourados debateu Plano Municipal de Leitura - O PROGRESSO<\/title>\n<meta name=\"robots\" content=\"index, follow, max-snippet:-1, max-image-preview:large, max-video-preview:-1\" \/>\n<link rel=\"canonical\" href=\"https:\/\/progresso.com.br\/index.php\/2026\/04\/27\/audiencia-publica-na-camara-de-dourados-debateu-plano-municipal-de-leitura\/\" \/>\n<meta property=\"og:locale\" content=\"pt_BR\" \/>\n<meta property=\"og:type\" content=\"article\" \/>\n<meta property=\"og:title\" content=\"Audi\u00eancia p\u00fablica na C\u00e2mara de Dourados debateu Plano Municipal de Leitura - O PROGRESSO\" \/>\n<meta property=\"og:description\" content=\"Encontro reuniu autoridades, educadores, escritores e artistas e refor\u00e7ou import\u00e2ncia da literatura e das bibliotecas Rog\u00e9rio Vidmantas A C\u00e2mara Municipal de Dourados realizou, na \u00faltima quinta-feira (23), audi\u00eancia p\u00fablica \u201cEntre livros, vozes e direitos\u201d. A iniciativa, proposta pelos vereadores Franklin Schmalz e Elias Ishy, ambos do PT, por meio das Comiss\u00f5es de Cultura e de [&hellip;]\" \/>\n<meta property=\"og:url\" content=\"https:\/\/progresso.com.br\/index.php\/2026\/04\/27\/audiencia-publica-na-camara-de-dourados-debateu-plano-municipal-de-leitura\/\" \/>\n<meta property=\"og:site_name\" content=\"O PROGRESSO\" \/>\n<meta property=\"article:publisher\" content=\"https:\/\/www.facebook.com\/share\/1CeoksKBj6\/\" \/>\n<meta property=\"article:published_time\" content=\"2026-04-27T14:45:00+00:00\" \/>\n<meta property=\"article:modified_time\" content=\"2026-04-27T15:21:18+00:00\" \/>\n<meta property=\"og:image\" content=\"https:\/\/progresso.com.br\/wp-content\/uploads\/2026\/04\/CMD_4686-scaled.jpg\" \/>\n\t<meta property=\"og:image:width\" content=\"2560\" \/>\n\t<meta property=\"og:image:height\" content=\"1707\" \/>\n\t<meta property=\"og:image:type\" content=\"image\/jpeg\" \/>\n<meta name=\"author\" content=\"Rog\u00e9rio Vidmantas\" \/>\n<meta name=\"twitter:card\" content=\"summary_large_image\" \/>\n<meta name=\"twitter:label1\" content=\"Escrito por\" \/>\n\t<meta name=\"twitter:data1\" content=\"Rog\u00e9rio Vidmantas\" \/>\n\t<meta name=\"twitter:label2\" content=\"Est. tempo de leitura\" \/>\n\t<meta name=\"twitter:data2\" content=\"3 minutos\" \/>\n<script type=\"application\/ld+json\" class=\"yoast-schema-graph\">{\"@context\":\"https:\/\/schema.org\",\"@graph\":[{\"@type\":\"Article\",\"@id\":\"https:\/\/progresso.com.br\/index.php\/2026\/04\/27\/audiencia-publica-na-camara-de-dourados-debateu-plano-municipal-de-leitura\/#article\",\"isPartOf\":{\"@id\":\"https:\/\/progresso.com.br\/index.php\/2026\/04\/27\/audiencia-publica-na-camara-de-dourados-debateu-plano-municipal-de-leitura\/\"},\"author\":{\"name\":\"Rog\u00e9rio Vidmantas\",\"@id\":\"https:\/\/progresso.com.br\/#\/schema\/person\/471791cc575a7e23811d1070fa9d20ee\"},\"headline\":\"Audi\u00eancia p\u00fablica na C\u00e2mara de Dourados debateu Plano Municipal de Leitura\",\"datePublished\":\"2026-04-27T14:45:00+00:00\",\"dateModified\":\"2026-04-27T15:21:18+00:00\",\"mainEntityOfPage\":{\"@id\":\"https:\/\/progresso.com.br\/index.php\/2026\/04\/27\/audiencia-publica-na-camara-de-dourados-debateu-plano-municipal-de-leitura\/\"},\"wordCount\":454,\"commentCount\":0,\"publisher\":{\"@id\":\"https:\/\/progresso.com.br\/#organization\"},\"image\":{\"@id\":\"https:\/\/progresso.com.br\/index.php\/2026\/04\/27\/audiencia-publica-na-camara-de-dourados-debateu-plano-municipal-de-leitura\/#primaryimage\"},\"thumbnailUrl\":\"https:\/\/progresso.com.br\/wp-content\/uploads\/2026\/04\/CMD_4686-scaled.jpg\",\"articleSection\":[\"Cultura\",\"Dourados\",\"Pol\u00edtica\"],\"inLanguage\":\"pt-BR\",\"potentialAction\":[{\"@type\":\"CommentAction\",\"name\":\"Comment\",\"target\":[\"https:\/\/progresso.com.br\/index.php\/2026\/04\/27\/audiencia-publica-na-camara-de-dourados-debateu-plano-municipal-de-leitura\/#respond\"]}]},{\"@type\":\"WebPage\",\"@id\":\"https:\/\/progresso.com.br\/index.php\/2026\/04\/27\/audiencia-publica-na-camara-de-dourados-debateu-plano-municipal-de-leitura\/\",\"url\":\"https:\/\/progresso.com.br\/index.php\/2026\/04\/27\/audiencia-publica-na-camara-de-dourados-debateu-plano-municipal-de-leitura\/\",\"name\":\"Audi\u00eancia p\u00fablica na C\u00e2mara de Dourados debateu Plano Municipal de Leitura - O PROGRESSO\",\"isPartOf\":{\"@id\":\"https:\/\/progresso.com.br\/#website\"},\"primaryImageOfPage\":{\"@id\":\"https:\/\/progresso.com.br\/index.php\/2026\/04\/27\/audiencia-publica-na-camara-de-dourados-debateu-plano-municipal-de-leitura\/#primaryimage\"},\"image\":{\"@id\":\"https:\/\/progresso.com.br\/index.php\/2026\/04\/27\/audiencia-publica-na-camara-de-dourados-debateu-plano-municipal-de-leitura\/#primaryimage\"},\"thumbnailUrl\":\"https:\/\/progresso.com.br\/wp-content\/uploads\/2026\/04\/CMD_4686-scaled.jpg\",\"datePublished\":\"2026-04-27T14:45:00+00:00\",\"dateModified\":\"2026-04-27T15:21:18+00:00\",\"breadcrumb\":{\"@id\":\"https:\/\/progresso.com.br\/index.php\/2026\/04\/27\/audiencia-publica-na-camara-de-dourados-debateu-plano-municipal-de-leitura\/#breadcrumb\"},\"inLanguage\":\"pt-BR\",\"potentialAction\":[{\"@type\":\"ReadAction\",\"target\":[\"https:\/\/progresso.com.br\/index.php\/2026\/04\/27\/audiencia-publica-na-camara-de-dourados-debateu-plano-municipal-de-leitura\/\"]}]},{\"@type\":\"ImageObject\",\"inLanguage\":\"pt-BR\",\"@id\":\"https:\/\/progresso.com.br\/index.php\/2026\/04\/27\/audiencia-publica-na-camara-de-dourados-debateu-plano-municipal-de-leitura\/#primaryimage\",\"url\":\"https:\/\/progresso.com.br\/wp-content\/uploads\/2026\/04\/CMD_4686-scaled.jpg\",\"contentUrl\":\"https:\/\/progresso.com.br\/wp-content\/uploads\/2026\/04\/CMD_4686-scaled.jpg\",\"width\":2560,\"height\":1707,\"caption\":\"Audi\u00eancia reuniu autoridades, educadores, escritores e artistas na C\u00e2mara de Dourados (Foto: F. Grott\/CMD)\"},{\"@type\":\"BreadcrumbList\",\"@id\":\"https:\/\/progresso.com.br\/index.php\/2026\/04\/27\/audiencia-publica-na-camara-de-dourados-debateu-plano-municipal-de-leitura\/#breadcrumb\",\"itemListElement\":[{\"@type\":\"ListItem\",\"position\":1,\"name\":\"In\u00edcio\",\"item\":\"https:\/\/progresso.com.br\/\"},{\"@type\":\"ListItem\",\"position\":2,\"name\":\"Audi\u00eancia p\u00fablica na C\u00e2mara de Dourados debateu Plano Municipal de Leitura\"}]},{\"@type\":\"WebSite\",\"@id\":\"https:\/\/progresso.com.br\/#website\",\"url\":\"https:\/\/progresso.com.br\/\",\"name\":\"O PROGRESSO\",\"description\":\"\",\"publisher\":{\"@id\":\"https:\/\/progresso.com.br\/#organization\"},\"potentialAction\":[{\"@type\":\"SearchAction\",\"target\":{\"@type\":\"EntryPoint\",\"urlTemplate\":\"https:\/\/progresso.com.br\/?s={search_term_string}\"},\"query-input\":{\"@type\":\"PropertyValueSpecification\",\"valueRequired\":true,\"valueName\":\"search_term_string\"}}],\"inLanguage\":\"pt-BR\"},{\"@type\":\"Organization\",\"@id\":\"https:\/\/progresso.com.br\/#organization\",\"name\":\"O PROGRESSO\",\"url\":\"https:\/\/progresso.com.br\/\",\"logo\":{\"@type\":\"ImageObject\",\"inLanguage\":\"pt-BR\",\"@id\":\"https:\/\/progresso.com.br\/#\/schema\/logo\/image\/\",\"url\":\"https:\/\/progresso.com.br\/wp-content\/uploads\/2026\/03\/logo_proog.jpg\",\"contentUrl\":\"https:\/\/progresso.com.br\/wp-content\/uploads\/2026\/03\/logo_proog.jpg\",\"width\":1960,\"height\":1080,\"caption\":\"O PROGRESSO\"},\"image\":{\"@id\":\"https:\/\/progresso.com.br\/#\/schema\/logo\/image\/\"},\"sameAs\":[\"https:\/\/www.facebook.com\/share\/1CeoksKBj6\/\",\"https:\/\/www.instagram.com\/oprogresso_digital\"]},{\"@type\":\"Person\",\"@id\":\"https:\/\/progresso.com.br\/#\/schema\/person\/471791cc575a7e23811d1070fa9d20ee\",\"name\":\"Rog\u00e9rio Vidmantas\",\"image\":{\"@type\":\"ImageObject\",\"inLanguage\":\"pt-BR\",\"@id\":\"https:\/\/progresso.com.br\/#\/schema\/person\/image\/\",\"url\":\"https:\/\/secure.gravatar.com\/avatar\/10a86aae4992f407879fa7e12fb476cdff79509ad9ec42967d62b4fbcee7c57b?s=96&d=mm&r=g\",\"contentUrl\":\"https:\/\/secure.gravatar.com\/avatar\/10a86aae4992f407879fa7e12fb476cdff79509ad9ec42967d62b4fbcee7c57b?s=96&d=mm&r=g\",\"caption\":\"Rog\u00e9rio Vidmantas\"},\"url\":\"https:\/\/progresso.com.br\/index.php\/author\/vidmantas\/\"}]}<\/script>\n<!-- \/ Yoast SEO plugin. -->","yoast_head_json":{"title":"Audi\u00eancia p\u00fablica na C\u00e2mara de Dourados debateu Plano Municipal de Leitura - O PROGRESSO","robots":{"index":"index","follow":"follow","max-snippet":"max-snippet:-1","max-image-preview":"max-image-preview:large","max-video-preview":"max-video-preview:-1"},"canonical":"https:\/\/progresso.com.br\/index.php\/2026\/04\/27\/audiencia-publica-na-camara-de-dourados-debateu-plano-municipal-de-leitura\/","og_locale":"pt_BR","og_type":"article","og_title":"Audi\u00eancia p\u00fablica na C\u00e2mara de Dourados debateu Plano Municipal de Leitura - O PROGRESSO","og_description":"Encontro reuniu autoridades, educadores, escritores e artistas e refor\u00e7ou import\u00e2ncia da literatura e das bibliotecas Rog\u00e9rio Vidmantas A C\u00e2mara Municipal de Dourados realizou, na \u00faltima quinta-feira (23), audi\u00eancia p\u00fablica \u201cEntre livros, vozes e direitos\u201d. A iniciativa, proposta pelos vereadores Franklin Schmalz e Elias Ishy, ambos do PT, por meio das Comiss\u00f5es de Cultura e de [&hellip;]","og_url":"https:\/\/progresso.com.br\/index.php\/2026\/04\/27\/audiencia-publica-na-camara-de-dourados-debateu-plano-municipal-de-leitura\/","og_site_name":"O PROGRESSO","article_publisher":"https:\/\/www.facebook.com\/share\/1CeoksKBj6\/","article_published_time":"2026-04-27T14:45:00+00:00","article_modified_time":"2026-04-27T15:21:18+00:00","og_image":[{"width":2560,"height":1707,"url":"https:\/\/progresso.com.br\/wp-content\/uploads\/2026\/04\/CMD_4686-scaled.jpg","type":"image\/jpeg"}],"author":"Rog\u00e9rio Vidmantas","twitter_card":"summary_large_image","twitter_misc":{"Escrito por":"Rog\u00e9rio Vidmantas","Est. tempo de leitura":"3 minutos"},"schema":{"@context":"https:\/\/schema.org","@graph":[{"@type":"Article","@id":"https:\/\/progresso.com.br\/index.php\/2026\/04\/27\/audiencia-publica-na-camara-de-dourados-debateu-plano-municipal-de-leitura\/#article","isPartOf":{"@id":"https:\/\/progresso.com.br\/index.php\/2026\/04\/27\/audiencia-publica-na-camara-de-dourados-debateu-plano-municipal-de-leitura\/"},"author":{"name":"Rog\u00e9rio Vidmantas","@id":"https:\/\/progresso.com.br\/#\/schema\/person\/471791cc575a7e23811d1070fa9d20ee"},"headline":"Audi\u00eancia p\u00fablica na C\u00e2mara de Dourados debateu Plano Municipal de Leitura","datePublished":"2026-04-27T14:45:00+00:00","dateModified":"2026-04-27T15:21:18+00:00","mainEntityOfPage":{"@id":"https:\/\/progresso.com.br\/index.php\/2026\/04\/27\/audiencia-publica-na-camara-de-dourados-debateu-plano-municipal-de-leitura\/"},"wordCount":454,"commentCount":0,"publisher":{"@id":"https:\/\/progresso.com.br\/#organization"},"image":{"@id":"https:\/\/progresso.com.br\/index.php\/2026\/04\/27\/audiencia-publica-na-camara-de-dourados-debateu-plano-municipal-de-leitura\/#primaryimage"},"thumbnailUrl":"https:\/\/progresso.com.br\/wp-content\/uploads\/2026\/04\/CMD_4686-scaled.jpg","articleSection":["Cultura","Dourados","Pol\u00edtica"],"inLanguage":"pt-BR","potentialAction":[{"@type":"CommentAction","name":"Comment","target":["https:\/\/progresso.com.br\/index.php\/2026\/04\/27\/audiencia-publica-na-camara-de-dourados-debateu-plano-municipal-de-leitura\/#respond"]}]},{"@type":"WebPage","@id":"https:\/\/progresso.com.br\/index.php\/2026\/04\/27\/audiencia-publica-na-camara-de-dourados-debateu-plano-municipal-de-leitura\/","url":"https:\/\/progresso.com.br\/index.php\/2026\/04\/27\/audiencia-publica-na-camara-de-dourados-debateu-plano-municipal-de-leitura\/","name":"Audi\u00eancia p\u00fablica na C\u00e2mara de Dourados debateu Plano Municipal de Leitura - O PROGRESSO","isPartOf":{"@id":"https:\/\/progresso.com.br\/#website"},"primaryImageOfPage":{"@id":"https:\/\/progresso.com.br\/index.php\/2026\/04\/27\/audiencia-publica-na-camara-de-dourados-debateu-plano-municipal-de-leitura\/#primaryimage"},"image":{"@id":"https:\/\/progresso.com.br\/index.php\/2026\/04\/27\/audiencia-publica-na-camara-de-dourados-debateu-plano-municipal-de-leitura\/#primaryimage"},"thumbnailUrl":"https:\/\/progresso.com.br\/wp-content\/uploads\/2026\/04\/CMD_4686-scaled.jpg","datePublished":"2026-04-27T14:45:00+00:00","dateModified":"2026-04-27T15:21:18+00:00","breadcrumb":{"@id":"https:\/\/progresso.com.br\/index.php\/2026\/04\/27\/audiencia-publica-na-camara-de-dourados-debateu-plano-municipal-de-leitura\/#breadcrumb"},"inLanguage":"pt-BR","potentialAction":[{"@type":"ReadAction","target":["https:\/\/progresso.com.br\/index.php\/2026\/04\/27\/audiencia-publica-na-camara-de-dourados-debateu-plano-municipal-de-leitura\/"]}]},{"@type":"ImageObject","inLanguage":"pt-BR","@id":"https:\/\/progresso.com.br\/index.php\/2026\/04\/27\/audiencia-publica-na-camara-de-dourados-debateu-plano-municipal-de-leitura\/#primaryimage","url":"https:\/\/progresso.com.br\/wp-content\/uploads\/2026\/04\/CMD_4686-scaled.jpg","contentUrl":"https:\/\/progresso.com.br\/wp-content\/uploads\/2026\/04\/CMD_4686-scaled.jpg","width":2560,"height":1707,"caption":"Audi\u00eancia reuniu autoridades, educadores, escritores e artistas na C\u00e2mara de Dourados (Foto: F. Grott\/CMD)"},{"@type":"BreadcrumbList","@id":"https:\/\/progresso.com.br\/index.php\/2026\/04\/27\/audiencia-publica-na-camara-de-dourados-debateu-plano-municipal-de-leitura\/#breadcrumb","itemListElement":[{"@type":"ListItem","position":1,"name":"In\u00edcio","item":"https:\/\/progresso.com.br\/"},{"@type":"ListItem","position":2,"name":"Audi\u00eancia p\u00fablica na C\u00e2mara de Dourados debateu Plano Municipal de Leitura"}]},{"@type":"WebSite","@id":"https:\/\/progresso.com.br\/#website","url":"https:\/\/progresso.com.br\/","name":"O PROGRESSO","description":"","publisher":{"@id":"https:\/\/progresso.com.br\/#organization"},"potentialAction":[{"@type":"SearchAction","target":{"@type":"EntryPoint","urlTemplate":"https:\/\/progresso.com.br\/?s={search_term_string}"},"query-input":{"@type":"PropertyValueSpecification","valueRequired":true,"valueName":"search_term_string"}}],"inLanguage":"pt-BR"},{"@type":"Organization","@id":"https:\/\/progresso.com.br\/#organization","name":"O PROGRESSO","url":"https:\/\/progresso.com.br\/","logo":{"@type":"ImageObject","inLanguage":"pt-BR","@id":"https:\/\/progresso.com.br\/#\/schema\/logo\/image\/","url":"https:\/\/progresso.com.br\/wp-content\/uploads\/2026\/03\/logo_proog.jpg","contentUrl":"https:\/\/progresso.com.br\/wp-content\/uploads\/2026\/03\/logo_proog.jpg","width":1960,"height":1080,"caption":"O PROGRESSO"},"image":{"@id":"https:\/\/progresso.com.br\/#\/schema\/logo\/image\/"},"sameAs":["https:\/\/www.facebook.com\/share\/1CeoksKBj6\/","https:\/\/www.instagram.com\/oprogresso_digital"]},{"@type":"Person","@id":"https:\/\/progresso.com.br\/#\/schema\/person\/471791cc575a7e23811d1070fa9d20ee","name":"Rog\u00e9rio Vidmantas","image":{"@type":"ImageObject","inLanguage":"pt-BR","@id":"https:\/\/progresso.com.br\/#\/schema\/person\/image\/","url":"https:\/\/secure.gravatar.com\/avatar\/10a86aae4992f407879fa7e12fb476cdff79509ad9ec42967d62b4fbcee7c57b?s=96&d=mm&r=g","contentUrl":"https:\/\/secure.gravatar.com\/avatar\/10a86aae4992f407879fa7e12fb476cdff79509ad9ec42967d62b4fbcee7c57b?s=96&d=mm&r=g","caption":"Rog\u00e9rio Vidmantas"},"url":"https:\/\/progresso.com.br\/index.php\/author\/vidmantas\/"}]}},"_links":{"self":[{"href":"https:\/\/progresso.com.br\/index.php\/wp-json\/wp\/v2\/posts\/4869","targetHints":{"allow":["GET"]}}],"collection":[{"href":"https:\/\/progresso.com.br\/index.php\/wp-json\/wp\/v2\/posts"}],"about":[{"href":"https:\/\/progresso.com.br\/index.php\/wp-json\/wp\/v2\/types\/post"}],"author":[{"embeddable":true,"href":"https:\/\/progresso.com.br\/index.php\/wp-json\/wp\/v2\/users\/5"}],"replies":[{"embeddable":true,"href":"https:\/\/progresso.com.br\/index.php\/wp-json\/wp\/v2\/comments?post=4869"}],"version-history":[{"count":1,"href":"https:\/\/progresso.com.br\/index.php\/wp-json\/wp\/v2\/posts\/4869\/revisions"}],"predecessor-version":[{"id":4871,"href":"https:\/\/progresso.com.br\/index.php\/wp-json\/wp\/v2\/posts\/4869\/revisions\/4871"}],"wp:featuredmedia":[{"embeddable":true,"href":"https:\/\/progresso.com.br\/index.php\/wp-json\/wp\/v2\/media\/4870"}],"wp:attachment":[{"href":"https:\/\/progresso.com.br\/index.php\/wp-json\/wp\/v2\/media?parent=4869"}],"wp:term":[{"taxonomy":"category","embeddable":true,"href":"https:\/\/progresso.com.br\/index.php\/wp-json\/wp\/v2\/categories?post=4869"},{"taxonomy":"post_tag","embeddable":true,"href":"https:\/\/progresso.com.br\/index.php\/wp-json\/wp\/v2\/tags?post=4869"}],"curies":[{"name":"wp","href":"https:\/\/api.w.org\/{rel}","templated":true}]}}