{"id":4879,"date":"2026-04-27T14:24:12","date_gmt":"2026-04-27T18:24:12","guid":{"rendered":"https:\/\/progresso.com.br\/?p=4879"},"modified":"2026-04-27T14:24:13","modified_gmt":"2026-04-27T18:24:13","slug":"juizes-pedem-adiamento-de-decisao-que-limitou-penduricalhos","status":"publish","type":"post","link":"https:\/\/progresso.com.br\/index.php\/2026\/04\/27\/juizes-pedem-adiamento-de-decisao-que-limitou-penduricalhos\/","title":{"rendered":"Ju\u00edzes pedem adiamento de decis\u00e3o que limitou penduricalhos"},"content":{"rendered":"\n<p><strong><em>Entidade pede 30 dias para aplica\u00e7\u00e3o das regras<\/em><\/strong><\/p>\n\n\n\n<p><em>Andre Richter &#8211;  Ag\u00eancia Brasil<\/em><\/p>\n\n\n\n<p><strong>Associa\u00e7\u00f5es que representam ju\u00edzes e membros do Minist\u00e9rio P\u00fablico pediram ao Supremo Tribunal Federal (STF) mais 30 dias para aplica\u00e7\u00e3o das regras que restringiram o pagamento de penduricalhos.<\/strong><img decoding=\"async\" src=\"https:\/\/agenciabrasil.ebc.com.br\/ebc.png?id=1687407&amp;o=node\"><img decoding=\"async\" src=\"https:\/\/agenciabrasil.ebc.com.br\/ebc.gif?id=1687407&amp;o=node\"><\/p>\n\n\n\n<p>Penduricalhos&nbsp;s\u00e3o benef\u00edcios concedidos a servidores p\u00fablicos e que, somados ao sal\u00e1rio, n\u00e3o cumprem o teto remunerat\u00f3rio constitucional de R$ 46,3 mil.<\/p>\n\n\n\n<p><strong>No dia 25 de mar\u00e7o, por unanimidade, os ministros do Supremo decidiram que as indeniza\u00e7\u00f5es adicionais, gratifica\u00e7\u00f5es e aux\u00edlios dever\u00e3o ser limitados a 35% do valor do sal\u00e1rio dos ministros do STF, que tem o teto como refer\u00eancia e \u00e9 equivalente a R$ 46,3 mil.<\/strong><\/p>\n\n\n\n<p><strong>Pela decis\u00e3o da Corte, as restri\u00e7\u00f5es devem ser aplicadas de forma imediata pelos \u00f3rg\u00e3os do Judici\u00e1rio e do Minist\u00e9rio P\u00fablico.<\/strong><\/p>\n\n\n\n<p>Segundo a Associa\u00e7\u00e3o dos Magistrados Brasileiros (AMB), entidade que representa as demais associa\u00e7\u00f5es, os tribunais est\u00e3o com dificuldade para aplicar a decis\u00e3o da Corte. A entidade ainda acrescentou que ac\u00f3rd\u00e3o do julgamento ainda n\u00e3o foi publicado, e os magistrados n\u00e3o podem ser prejudicados com o corte dos penduricalhos.<\/p>\n\n\n\n<p><strong>Conforme solicita\u00e7\u00e3o da Associa\u00e7\u00e3o dos Magistrados&nbsp;&nbsp;o prazo de mais 30 dias para aplica\u00e7\u00e3o das regras passaria a contar a partir do julgamento de eventuais recursos contra a limita\u00e7\u00e3o do pagamento dos penduricalhos.<\/strong><\/p>\n\n\n\n<blockquote class=\"wp-block-quote is-layout-flow wp-block-quote-is-layout-flow\">\n<p>&#8220;O que \u00e9 certo e a AMB pode atestar \u00e9 que os tribunais est\u00e3o em dificuldade para dar cumprimento \u00e0 decis\u00e3o desse STF sem que tal cumprimento possa violar direito dos magistrados em raz\u00e3o de eventual incompreens\u00e3o da decis\u00e3o\u201d, afirmou a entidade.<\/p>\n<\/blockquote>\n\n\n\n<h2 class=\"wp-block-heading\">Penduricalhos<\/h2>\n\n\n\n<p>Na pr\u00e1tica, apesar de limitar os penduricalhos em 35%, a decis\u00e3o do Supremo validou os pagamentos acima do teto constitucional.<\/p>\n\n\n\n<p><strong>Dessa forma, ju\u00edzes, promotores e procuradores poder\u00e3o ganhar pelo menos R$ 62,5 mil mensais, somando o teto de R$ 46,3 mil e R$ 16,2 mil em penduricalhos.<\/strong><\/p>\n\n\n\n<p>No final de carreira, o sal\u00e1rio poder\u00e1 chegar a R$ 78,8 mil, com o pagamento de aux\u00edlio por tempo de servi\u00e7o (ATS), que tamb\u00e9m foi limitado a 35% do teto.<\/p>\n","protected":false},"excerpt":{"rendered":"<p>Entidade pede 30 dias para aplica\u00e7\u00e3o das regras Andre Richter &#8211; Ag\u00eancia Brasil Associa\u00e7\u00f5es que representam ju\u00edzes e membros do Minist\u00e9rio P\u00fablico pediram ao Supremo Tribunal Federal (STF) mais 30 dias para aplica\u00e7\u00e3o das regras que restringiram o pagamento de penduricalhos. Penduricalhos&nbsp;s\u00e3o benef\u00edcios concedidos a servidores p\u00fablicos e que, somados ao sal\u00e1rio, n\u00e3o cumprem o [&hellip;]<\/p>\n","protected":false},"author":2,"featured_media":4884,"comment_status":"open","ping_status":"open","sticky":false,"template":"","format":"standard","meta":{"footnotes":""},"categories":[9],"tags":[],"class_list":["post-4879","post","type-post","status-publish","format-standard","has-post-thumbnail","hentry","category-politica"],"yoast_head":"<!-- This site is optimized with the Yoast SEO plugin v27.1.1 - https:\/\/yoast.com\/product\/yoast-seo-wordpress\/ -->\n<title>Ju\u00edzes pedem adiamento de decis\u00e3o que limitou penduricalhos - O PROGRESSO<\/title>\n<meta name=\"robots\" content=\"index, follow, max-snippet:-1, max-image-preview:large, max-video-preview:-1\" \/>\n<link rel=\"canonical\" href=\"https:\/\/progresso.com.br\/index.php\/2026\/04\/27\/juizes-pedem-adiamento-de-decisao-que-limitou-penduricalhos\/\" \/>\n<meta property=\"og:locale\" content=\"pt_BR\" \/>\n<meta property=\"og:type\" content=\"article\" \/>\n<meta property=\"og:title\" content=\"Ju\u00edzes pedem adiamento de decis\u00e3o que limitou penduricalhos - O PROGRESSO\" \/>\n<meta property=\"og:description\" content=\"Entidade pede 30 dias para aplica\u00e7\u00e3o das regras Andre Richter &#8211; Ag\u00eancia Brasil Associa\u00e7\u00f5es que representam ju\u00edzes e membros do Minist\u00e9rio P\u00fablico pediram ao Supremo Tribunal Federal (STF) mais 30 dias para aplica\u00e7\u00e3o das regras que restringiram o pagamento de penduricalhos. Penduricalhos&nbsp;s\u00e3o benef\u00edcios concedidos a servidores p\u00fablicos e que, somados ao sal\u00e1rio, n\u00e3o cumprem o [&hellip;]\" \/>\n<meta property=\"og:url\" content=\"https:\/\/progresso.com.br\/index.php\/2026\/04\/27\/juizes-pedem-adiamento-de-decisao-que-limitou-penduricalhos\/\" \/>\n<meta property=\"og:site_name\" content=\"O PROGRESSO\" \/>\n<meta property=\"article:publisher\" content=\"https:\/\/www.facebook.com\/share\/1CeoksKBj6\/\" \/>\n<meta property=\"article:published_time\" content=\"2026-04-27T18:24:12+00:00\" \/>\n<meta property=\"article:modified_time\" content=\"2026-04-27T18:24:13+00:00\" \/>\n<meta property=\"og:image\" content=\"https:\/\/progresso.com.br\/wp-content\/uploads\/2026\/04\/mca_abr_161019894.webp\" \/>\n\t<meta property=\"og:image:width\" content=\"1170\" \/>\n\t<meta property=\"og:image:height\" content=\"700\" \/>\n\t<meta property=\"og:image:type\" content=\"image\/webp\" \/>\n<meta name=\"author\" content=\"Rose\" \/>\n<meta name=\"twitter:card\" content=\"summary_large_image\" \/>\n<meta name=\"twitter:label1\" content=\"Escrito por\" \/>\n\t<meta name=\"twitter:data1\" content=\"Rose\" \/>\n\t<meta name=\"twitter:label2\" content=\"Est. tempo de leitura\" \/>\n\t<meta name=\"twitter:data2\" content=\"3 minutos\" \/>\n<script type=\"application\/ld+json\" class=\"yoast-schema-graph\">{\"@context\":\"https:\/\/schema.org\",\"@graph\":[{\"@type\":\"Article\",\"@id\":\"https:\/\/progresso.com.br\/index.php\/2026\/04\/27\/juizes-pedem-adiamento-de-decisao-que-limitou-penduricalhos\/#article\",\"isPartOf\":{\"@id\":\"https:\/\/progresso.com.br\/index.php\/2026\/04\/27\/juizes-pedem-adiamento-de-decisao-que-limitou-penduricalhos\/\"},\"author\":{\"name\":\"Rose\",\"@id\":\"https:\/\/progresso.com.br\/#\/schema\/person\/5dd27138d4463fbbaace62120bfc002b\"},\"headline\":\"Ju\u00edzes pedem adiamento de decis\u00e3o que limitou penduricalhos\",\"datePublished\":\"2026-04-27T18:24:12+00:00\",\"dateModified\":\"2026-04-27T18:24:13+00:00\",\"mainEntityOfPage\":{\"@id\":\"https:\/\/progresso.com.br\/index.php\/2026\/04\/27\/juizes-pedem-adiamento-de-decisao-que-limitou-penduricalhos\/\"},\"wordCount\":376,\"commentCount\":0,\"publisher\":{\"@id\":\"https:\/\/progresso.com.br\/#organization\"},\"image\":{\"@id\":\"https:\/\/progresso.com.br\/index.php\/2026\/04\/27\/juizes-pedem-adiamento-de-decisao-que-limitou-penduricalhos\/#primaryimage\"},\"thumbnailUrl\":\"https:\/\/progresso.com.br\/wp-content\/uploads\/2026\/04\/mca_abr_161019894.webp\",\"articleSection\":[\"Pol\u00edtica\"],\"inLanguage\":\"pt-BR\",\"potentialAction\":[{\"@type\":\"CommentAction\",\"name\":\"Comment\",\"target\":[\"https:\/\/progresso.com.br\/index.php\/2026\/04\/27\/juizes-pedem-adiamento-de-decisao-que-limitou-penduricalhos\/#respond\"]}]},{\"@type\":\"WebPage\",\"@id\":\"https:\/\/progresso.com.br\/index.php\/2026\/04\/27\/juizes-pedem-adiamento-de-decisao-que-limitou-penduricalhos\/\",\"url\":\"https:\/\/progresso.com.br\/index.php\/2026\/04\/27\/juizes-pedem-adiamento-de-decisao-que-limitou-penduricalhos\/\",\"name\":\"Ju\u00edzes pedem adiamento de decis\u00e3o que limitou penduricalhos - O PROGRESSO\",\"isPartOf\":{\"@id\":\"https:\/\/progresso.com.br\/#website\"},\"primaryImageOfPage\":{\"@id\":\"https:\/\/progresso.com.br\/index.php\/2026\/04\/27\/juizes-pedem-adiamento-de-decisao-que-limitou-penduricalhos\/#primaryimage\"},\"image\":{\"@id\":\"https:\/\/progresso.com.br\/index.php\/2026\/04\/27\/juizes-pedem-adiamento-de-decisao-que-limitou-penduricalhos\/#primaryimage\"},\"thumbnailUrl\":\"https:\/\/progresso.com.br\/wp-content\/uploads\/2026\/04\/mca_abr_161019894.webp\",\"datePublished\":\"2026-04-27T18:24:12+00:00\",\"dateModified\":\"2026-04-27T18:24:13+00:00\",\"breadcrumb\":{\"@id\":\"https:\/\/progresso.com.br\/index.php\/2026\/04\/27\/juizes-pedem-adiamento-de-decisao-que-limitou-penduricalhos\/#breadcrumb\"},\"inLanguage\":\"pt-BR\",\"potentialAction\":[{\"@type\":\"ReadAction\",\"target\":[\"https:\/\/progresso.com.br\/index.php\/2026\/04\/27\/juizes-pedem-adiamento-de-decisao-que-limitou-penduricalhos\/\"]}]},{\"@type\":\"ImageObject\",\"inLanguage\":\"pt-BR\",\"@id\":\"https:\/\/progresso.com.br\/index.php\/2026\/04\/27\/juizes-pedem-adiamento-de-decisao-que-limitou-penduricalhos\/#primaryimage\",\"url\":\"https:\/\/progresso.com.br\/wp-content\/uploads\/2026\/04\/mca_abr_161019894.webp\",\"contentUrl\":\"https:\/\/progresso.com.br\/wp-content\/uploads\/2026\/04\/mca_abr_161019894.webp\",\"width\":1170,\"height\":700,\"caption\":\"(Foto: Marcello Casal JrAg\u00eancia Brasil)\"},{\"@type\":\"BreadcrumbList\",\"@id\":\"https:\/\/progresso.com.br\/index.php\/2026\/04\/27\/juizes-pedem-adiamento-de-decisao-que-limitou-penduricalhos\/#breadcrumb\",\"itemListElement\":[{\"@type\":\"ListItem\",\"position\":1,\"name\":\"In\u00edcio\",\"item\":\"https:\/\/progresso.com.br\/\"},{\"@type\":\"ListItem\",\"position\":2,\"name\":\"Ju\u00edzes pedem adiamento de decis\u00e3o que limitou penduricalhos\"}]},{\"@type\":\"WebSite\",\"@id\":\"https:\/\/progresso.com.br\/#website\",\"url\":\"https:\/\/progresso.com.br\/\",\"name\":\"O PROGRESSO\",\"description\":\"\",\"publisher\":{\"@id\":\"https:\/\/progresso.com.br\/#organization\"},\"potentialAction\":[{\"@type\":\"SearchAction\",\"target\":{\"@type\":\"EntryPoint\",\"urlTemplate\":\"https:\/\/progresso.com.br\/?s={search_term_string}\"},\"query-input\":{\"@type\":\"PropertyValueSpecification\",\"valueRequired\":true,\"valueName\":\"search_term_string\"}}],\"inLanguage\":\"pt-BR\"},{\"@type\":\"Organization\",\"@id\":\"https:\/\/progresso.com.br\/#organization\",\"name\":\"O PROGRESSO\",\"url\":\"https:\/\/progresso.com.br\/\",\"logo\":{\"@type\":\"ImageObject\",\"inLanguage\":\"pt-BR\",\"@id\":\"https:\/\/progresso.com.br\/#\/schema\/logo\/image\/\",\"url\":\"https:\/\/progresso.com.br\/wp-content\/uploads\/2026\/03\/logo_proog.jpg\",\"contentUrl\":\"https:\/\/progresso.com.br\/wp-content\/uploads\/2026\/03\/logo_proog.jpg\",\"width\":1960,\"height\":1080,\"caption\":\"O PROGRESSO\"},\"image\":{\"@id\":\"https:\/\/progresso.com.br\/#\/schema\/logo\/image\/\"},\"sameAs\":[\"https:\/\/www.facebook.com\/share\/1CeoksKBj6\/\",\"https:\/\/www.instagram.com\/oprogresso_digital\"]},{\"@type\":\"Person\",\"@id\":\"https:\/\/progresso.com.br\/#\/schema\/person\/5dd27138d4463fbbaace62120bfc002b\",\"name\":\"Rose\",\"image\":{\"@type\":\"ImageObject\",\"inLanguage\":\"pt-BR\",\"@id\":\"https:\/\/progresso.com.br\/#\/schema\/person\/image\/\",\"url\":\"https:\/\/secure.gravatar.com\/avatar\/1b6890e759cdd3a88d9f751cb423720b9861c5239167cd3586355638b6556599?s=96&d=mm&r=g\",\"contentUrl\":\"https:\/\/secure.gravatar.com\/avatar\/1b6890e759cdd3a88d9f751cb423720b9861c5239167cd3586355638b6556599?s=96&d=mm&r=g\",\"caption\":\"Rose\"},\"url\":\"https:\/\/progresso.com.br\/index.php\/author\/rose\/\"}]}<\/script>\n<!-- \/ Yoast SEO plugin. -->","yoast_head_json":{"title":"Ju\u00edzes pedem adiamento de decis\u00e3o que limitou penduricalhos - O PROGRESSO","robots":{"index":"index","follow":"follow","max-snippet":"max-snippet:-1","max-image-preview":"max-image-preview:large","max-video-preview":"max-video-preview:-1"},"canonical":"https:\/\/progresso.com.br\/index.php\/2026\/04\/27\/juizes-pedem-adiamento-de-decisao-que-limitou-penduricalhos\/","og_locale":"pt_BR","og_type":"article","og_title":"Ju\u00edzes pedem adiamento de decis\u00e3o que limitou penduricalhos - O PROGRESSO","og_description":"Entidade pede 30 dias para aplica\u00e7\u00e3o das regras Andre Richter &#8211; Ag\u00eancia Brasil Associa\u00e7\u00f5es que representam ju\u00edzes e membros do Minist\u00e9rio P\u00fablico pediram ao Supremo Tribunal Federal (STF) mais 30 dias para aplica\u00e7\u00e3o das regras que restringiram o pagamento de penduricalhos. Penduricalhos&nbsp;s\u00e3o benef\u00edcios concedidos a servidores p\u00fablicos e que, somados ao sal\u00e1rio, n\u00e3o cumprem o [&hellip;]","og_url":"https:\/\/progresso.com.br\/index.php\/2026\/04\/27\/juizes-pedem-adiamento-de-decisao-que-limitou-penduricalhos\/","og_site_name":"O PROGRESSO","article_publisher":"https:\/\/www.facebook.com\/share\/1CeoksKBj6\/","article_published_time":"2026-04-27T18:24:12+00:00","article_modified_time":"2026-04-27T18:24:13+00:00","og_image":[{"width":1170,"height":700,"url":"https:\/\/progresso.com.br\/wp-content\/uploads\/2026\/04\/mca_abr_161019894.webp","type":"image\/webp"}],"author":"Rose","twitter_card":"summary_large_image","twitter_misc":{"Escrito por":"Rose","Est. tempo de leitura":"3 minutos"},"schema":{"@context":"https:\/\/schema.org","@graph":[{"@type":"Article","@id":"https:\/\/progresso.com.br\/index.php\/2026\/04\/27\/juizes-pedem-adiamento-de-decisao-que-limitou-penduricalhos\/#article","isPartOf":{"@id":"https:\/\/progresso.com.br\/index.php\/2026\/04\/27\/juizes-pedem-adiamento-de-decisao-que-limitou-penduricalhos\/"},"author":{"name":"Rose","@id":"https:\/\/progresso.com.br\/#\/schema\/person\/5dd27138d4463fbbaace62120bfc002b"},"headline":"Ju\u00edzes pedem adiamento de decis\u00e3o que limitou penduricalhos","datePublished":"2026-04-27T18:24:12+00:00","dateModified":"2026-04-27T18:24:13+00:00","mainEntityOfPage":{"@id":"https:\/\/progresso.com.br\/index.php\/2026\/04\/27\/juizes-pedem-adiamento-de-decisao-que-limitou-penduricalhos\/"},"wordCount":376,"commentCount":0,"publisher":{"@id":"https:\/\/progresso.com.br\/#organization"},"image":{"@id":"https:\/\/progresso.com.br\/index.php\/2026\/04\/27\/juizes-pedem-adiamento-de-decisao-que-limitou-penduricalhos\/#primaryimage"},"thumbnailUrl":"https:\/\/progresso.com.br\/wp-content\/uploads\/2026\/04\/mca_abr_161019894.webp","articleSection":["Pol\u00edtica"],"inLanguage":"pt-BR","potentialAction":[{"@type":"CommentAction","name":"Comment","target":["https:\/\/progresso.com.br\/index.php\/2026\/04\/27\/juizes-pedem-adiamento-de-decisao-que-limitou-penduricalhos\/#respond"]}]},{"@type":"WebPage","@id":"https:\/\/progresso.com.br\/index.php\/2026\/04\/27\/juizes-pedem-adiamento-de-decisao-que-limitou-penduricalhos\/","url":"https:\/\/progresso.com.br\/index.php\/2026\/04\/27\/juizes-pedem-adiamento-de-decisao-que-limitou-penduricalhos\/","name":"Ju\u00edzes pedem adiamento de decis\u00e3o que limitou penduricalhos - O PROGRESSO","isPartOf":{"@id":"https:\/\/progresso.com.br\/#website"},"primaryImageOfPage":{"@id":"https:\/\/progresso.com.br\/index.php\/2026\/04\/27\/juizes-pedem-adiamento-de-decisao-que-limitou-penduricalhos\/#primaryimage"},"image":{"@id":"https:\/\/progresso.com.br\/index.php\/2026\/04\/27\/juizes-pedem-adiamento-de-decisao-que-limitou-penduricalhos\/#primaryimage"},"thumbnailUrl":"https:\/\/progresso.com.br\/wp-content\/uploads\/2026\/04\/mca_abr_161019894.webp","datePublished":"2026-04-27T18:24:12+00:00","dateModified":"2026-04-27T18:24:13+00:00","breadcrumb":{"@id":"https:\/\/progresso.com.br\/index.php\/2026\/04\/27\/juizes-pedem-adiamento-de-decisao-que-limitou-penduricalhos\/#breadcrumb"},"inLanguage":"pt-BR","potentialAction":[{"@type":"ReadAction","target":["https:\/\/progresso.com.br\/index.php\/2026\/04\/27\/juizes-pedem-adiamento-de-decisao-que-limitou-penduricalhos\/"]}]},{"@type":"ImageObject","inLanguage":"pt-BR","@id":"https:\/\/progresso.com.br\/index.php\/2026\/04\/27\/juizes-pedem-adiamento-de-decisao-que-limitou-penduricalhos\/#primaryimage","url":"https:\/\/progresso.com.br\/wp-content\/uploads\/2026\/04\/mca_abr_161019894.webp","contentUrl":"https:\/\/progresso.com.br\/wp-content\/uploads\/2026\/04\/mca_abr_161019894.webp","width":1170,"height":700,"caption":"(Foto: Marcello Casal JrAg\u00eancia Brasil)"},{"@type":"BreadcrumbList","@id":"https:\/\/progresso.com.br\/index.php\/2026\/04\/27\/juizes-pedem-adiamento-de-decisao-que-limitou-penduricalhos\/#breadcrumb","itemListElement":[{"@type":"ListItem","position":1,"name":"In\u00edcio","item":"https:\/\/progresso.com.br\/"},{"@type":"ListItem","position":2,"name":"Ju\u00edzes pedem adiamento de decis\u00e3o que limitou penduricalhos"}]},{"@type":"WebSite","@id":"https:\/\/progresso.com.br\/#website","url":"https:\/\/progresso.com.br\/","name":"O PROGRESSO","description":"","publisher":{"@id":"https:\/\/progresso.com.br\/#organization"},"potentialAction":[{"@type":"SearchAction","target":{"@type":"EntryPoint","urlTemplate":"https:\/\/progresso.com.br\/?s={search_term_string}"},"query-input":{"@type":"PropertyValueSpecification","valueRequired":true,"valueName":"search_term_string"}}],"inLanguage":"pt-BR"},{"@type":"Organization","@id":"https:\/\/progresso.com.br\/#organization","name":"O PROGRESSO","url":"https:\/\/progresso.com.br\/","logo":{"@type":"ImageObject","inLanguage":"pt-BR","@id":"https:\/\/progresso.com.br\/#\/schema\/logo\/image\/","url":"https:\/\/progresso.com.br\/wp-content\/uploads\/2026\/03\/logo_proog.jpg","contentUrl":"https:\/\/progresso.com.br\/wp-content\/uploads\/2026\/03\/logo_proog.jpg","width":1960,"height":1080,"caption":"O PROGRESSO"},"image":{"@id":"https:\/\/progresso.com.br\/#\/schema\/logo\/image\/"},"sameAs":["https:\/\/www.facebook.com\/share\/1CeoksKBj6\/","https:\/\/www.instagram.com\/oprogresso_digital"]},{"@type":"Person","@id":"https:\/\/progresso.com.br\/#\/schema\/person\/5dd27138d4463fbbaace62120bfc002b","name":"Rose","image":{"@type":"ImageObject","inLanguage":"pt-BR","@id":"https:\/\/progresso.com.br\/#\/schema\/person\/image\/","url":"https:\/\/secure.gravatar.com\/avatar\/1b6890e759cdd3a88d9f751cb423720b9861c5239167cd3586355638b6556599?s=96&d=mm&r=g","contentUrl":"https:\/\/secure.gravatar.com\/avatar\/1b6890e759cdd3a88d9f751cb423720b9861c5239167cd3586355638b6556599?s=96&d=mm&r=g","caption":"Rose"},"url":"https:\/\/progresso.com.br\/index.php\/author\/rose\/"}]}},"_links":{"self":[{"href":"https:\/\/progresso.com.br\/index.php\/wp-json\/wp\/v2\/posts\/4879","targetHints":{"allow":["GET"]}}],"collection":[{"href":"https:\/\/progresso.com.br\/index.php\/wp-json\/wp\/v2\/posts"}],"about":[{"href":"https:\/\/progresso.com.br\/index.php\/wp-json\/wp\/v2\/types\/post"}],"author":[{"embeddable":true,"href":"https:\/\/progresso.com.br\/index.php\/wp-json\/wp\/v2\/users\/2"}],"replies":[{"embeddable":true,"href":"https:\/\/progresso.com.br\/index.php\/wp-json\/wp\/v2\/comments?post=4879"}],"version-history":[{"count":1,"href":"https:\/\/progresso.com.br\/index.php\/wp-json\/wp\/v2\/posts\/4879\/revisions"}],"predecessor-version":[{"id":4885,"href":"https:\/\/progresso.com.br\/index.php\/wp-json\/wp\/v2\/posts\/4879\/revisions\/4885"}],"wp:featuredmedia":[{"embeddable":true,"href":"https:\/\/progresso.com.br\/index.php\/wp-json\/wp\/v2\/media\/4884"}],"wp:attachment":[{"href":"https:\/\/progresso.com.br\/index.php\/wp-json\/wp\/v2\/media?parent=4879"}],"wp:term":[{"taxonomy":"category","embeddable":true,"href":"https:\/\/progresso.com.br\/index.php\/wp-json\/wp\/v2\/categories?post=4879"},{"taxonomy":"post_tag","embeddable":true,"href":"https:\/\/progresso.com.br\/index.php\/wp-json\/wp\/v2\/tags?post=4879"}],"curies":[{"name":"wp","href":"https:\/\/api.w.org\/{rel}","templated":true}]}}