{"id":4880,"date":"2026-04-27T14:15:21","date_gmt":"2026-04-27T18:15:21","guid":{"rendered":"https:\/\/progresso.com.br\/?p=4880"},"modified":"2026-04-27T14:15:21","modified_gmt":"2026-04-27T18:15:21","slug":"juventude-ag-vira-a-chave-apos-eliminar-minas-futsal-e-foca-na-copa-do-brasil","status":"publish","type":"post","link":"https:\/\/progresso.com.br\/index.php\/2026\/04\/27\/juventude-ag-vira-a-chave-apos-eliminar-minas-futsal-e-foca-na-copa-do-brasil\/","title":{"rendered":"Juventude AG vira a chave ap\u00f3s eliminar Minas Futsal e foca na Copa do Brasil"},"content":{"rendered":"\n<p><strong><em>Com vaga nas oitavas da Copa LNF, equipe douradense retoma treinos e se prepara para duelo contra o Fidas Futsal<\/em><\/strong><\/p>\n\n\n\n<p><em>Rog\u00e9rio Vidmantas<\/em><\/p>\n\n\n\n<p>A festa pela classifica\u00e7\u00e3o do Juventude AG na Copa LNF, eliminando o tradicional Minas T\u00eanis Clube-MG, durou pouco. O time j\u00e1 virou aten\u00e7\u00e3o para confronto eliminat\u00f3rio em outra competi\u00e7\u00e3o e retorna aos treinos j\u00e1 nesta segunda-feira (27) para enfrentar o Fidas Futsal-DF, em Bras\u00edlia, no pr\u00f3ximo s\u00e1bado (2), pela rodada de ida das oitavas de final da Copa do Brasil de Futsal.<\/p>\n\n\n\n<p>Neste domingo (26), no Gin\u00e1sio Municipal Ulysses Guimar\u00e3es, em Dourados, o JAG venceu o Minas Futsal por 1 a 0, gol de Rodrigo Acre, e agora espera o sorteio para conhecer o advers\u00e1rio nas oitavas de final da Liga LNF. O autor do gol da classifica\u00e7\u00e3o, o camisa 10 aposta que o resultado d\u00e1 g\u00e1s ao time nas outras competi\u00e7\u00f5es.<\/p>\n\n\n\n<p>\u201cMostramos que podemos competir em alto n\u00edvel e, mantendo essa pegada, acredito que vamos recuperar os pontos bobos que perdemos na LNF Silver e tamb\u00e9m buscar a classifica\u00e7\u00e3o na Copa do Brasil\u201d, disse em entrevista \u00e0 LNF TV, ap\u00f3s a vit\u00f3ria deste domingo.<\/p>\n\n\n\n<figure class=\"wp-block-image size-large\"><img loading=\"lazy\" decoding=\"async\" width=\"1024\" height=\"683\" src=\"https:\/\/progresso.com.br\/wp-content\/uploads\/2026\/04\/JAG-2604-MB-1024x683.jpg\" alt=\"\" class=\"wp-image-4882\" srcset=\"https:\/\/progresso.com.br\/wp-content\/uploads\/2026\/04\/JAG-2604-MB-1024x683.jpg 1024w, https:\/\/progresso.com.br\/wp-content\/uploads\/2026\/04\/JAG-2604-MB-300x200.jpg 300w, https:\/\/progresso.com.br\/wp-content\/uploads\/2026\/04\/JAG-2604-MB-768x512.jpg 768w, https:\/\/progresso.com.br\/wp-content\/uploads\/2026\/04\/JAG-2604-MB-630x420.jpg 630w, https:\/\/progresso.com.br\/wp-content\/uploads\/2026\/04\/JAG-2604-MB-640x427.jpg 640w, https:\/\/progresso.com.br\/wp-content\/uploads\/2026\/04\/JAG-2604-MB-681x454.jpg 681w, https:\/\/progresso.com.br\/wp-content\/uploads\/2026\/04\/JAG-2604-MB.jpg 1104w\" sizes=\"auto, (max-width: 1024px) 100vw, 1024px\" \/><figcaption class=\"wp-element-caption\">Jogadores comemoram com a torcida classifica\u00e7\u00e3o para segunda fase da Copa LNF (Foto: Marcelo Berton\/Juventude AG)<\/figcaption><\/figure>\n\n\n\n<p>Na programa\u00e7\u00e3o da Comiss\u00e3o T\u00e9cnica, o time retorna aos trabalhos no CSU \u00c1gua Boa na tarde desta segunda. Ter\u00e7a (28) e quinta (30) treina em dois per\u00edodos, quarta (29) est\u00e1 previsto treino f\u00edsico na academia. A viagem da delega\u00e7\u00e3o do JAG para o Distrito Federal ser\u00e1 na noite de quinta, com previs\u00e3o de chegada no dia seguinte e, no s\u00e1bado (2), \u00e0s 18h (MS), enfrenta o Fidas Futsal no Gin\u00e1sio Espelho D\u2019\u00c1gua, com retorno para Dourados no dia seguinte.<\/p>\n\n\n\n<p>A partida de volta entre Juventude AG e Fidas Futsal acontece no dia 10 de maio, domingo, \u00e0s 10h (MS), no Gin\u00e1sio Ulysses Guimar\u00e3es, em Dourados.<\/p>\n\n\n\n<p>Para disputar a LNF Silver, Copa LNF e Copa do Brasil, o Juventude AG tem apoio do Governo do Estado, atrav\u00e9s da Setesc e Fundesporte, Comit\u00ea Brasileiro de Clubes &#8211; CBC, Prefeitura de Dourados, atrav\u00e9s da Funed, Sanesul, Fendt, Grupo FV, LOG Engenharia, A\u00e7o Telha, A\u00e7o Fort, MF CON, CECAD, Lubfil, Cassems, Oxisoldas, BC Construtora, Oximep, Salim Esportes e Sport.Com.<\/p>\n","protected":false},"excerpt":{"rendered":"<p>Com vaga nas oitavas da Copa LNF, equipe douradense retoma treinos e se prepara para duelo contra o Fidas Futsal Rog\u00e9rio Vidmantas A festa pela classifica\u00e7\u00e3o do Juventude AG na Copa LNF, eliminando o tradicional Minas T\u00eanis Clube-MG, durou pouco. O time j\u00e1 virou aten\u00e7\u00e3o para confronto eliminat\u00f3rio em outra competi\u00e7\u00e3o e retorna aos treinos [&hellip;]<\/p>\n","protected":false},"author":5,"featured_media":4881,"comment_status":"open","ping_status":"open","sticky":false,"template":"","format":"standard","meta":{"footnotes":""},"categories":[2,17],"tags":[],"class_list":["post-4880","post","type-post","status-publish","format-standard","has-post-thumbnail","hentry","category-destaque","category-esporte"],"yoast_head":"<!-- This site is optimized with the Yoast SEO plugin v27.1.1 - https:\/\/yoast.com\/product\/yoast-seo-wordpress\/ -->\n<title>Juventude AG vira a chave ap\u00f3s eliminar Minas Futsal e foca na Copa do Brasil - O PROGRESSO<\/title>\n<meta name=\"robots\" content=\"index, follow, max-snippet:-1, max-image-preview:large, max-video-preview:-1\" \/>\n<link rel=\"canonical\" href=\"https:\/\/progresso.com.br\/index.php\/2026\/04\/27\/juventude-ag-vira-a-chave-apos-eliminar-minas-futsal-e-foca-na-copa-do-brasil\/\" \/>\n<meta property=\"og:locale\" content=\"pt_BR\" \/>\n<meta property=\"og:type\" content=\"article\" \/>\n<meta property=\"og:title\" content=\"Juventude AG vira a chave ap\u00f3s eliminar Minas Futsal e foca na Copa do Brasil - O PROGRESSO\" \/>\n<meta property=\"og:description\" content=\"Com vaga nas oitavas da Copa LNF, equipe douradense retoma treinos e se prepara para duelo contra o Fidas Futsal Rog\u00e9rio Vidmantas A festa pela classifica\u00e7\u00e3o do Juventude AG na Copa LNF, eliminando o tradicional Minas T\u00eanis Clube-MG, durou pouco. O time j\u00e1 virou aten\u00e7\u00e3o para confronto eliminat\u00f3rio em outra competi\u00e7\u00e3o e retorna aos treinos [&hellip;]\" \/>\n<meta property=\"og:url\" content=\"https:\/\/progresso.com.br\/index.php\/2026\/04\/27\/juventude-ag-vira-a-chave-apos-eliminar-minas-futsal-e-foca-na-copa-do-brasil\/\" \/>\n<meta property=\"og:site_name\" content=\"O PROGRESSO\" \/>\n<meta property=\"article:publisher\" content=\"https:\/\/www.facebook.com\/share\/1CeoksKBj6\/\" \/>\n<meta property=\"article:published_time\" content=\"2026-04-27T18:15:21+00:00\" \/>\n<meta property=\"og:image\" content=\"https:\/\/progresso.com.br\/wp-content\/uploads\/2026\/04\/Treino-2303a-MB.jpg\" \/>\n\t<meta property=\"og:image:width\" content=\"1280\" \/>\n\t<meta property=\"og:image:height\" content=\"832\" \/>\n\t<meta property=\"og:image:type\" content=\"image\/jpeg\" \/>\n<meta name=\"author\" content=\"Rog\u00e9rio Vidmantas\" \/>\n<meta name=\"twitter:card\" content=\"summary_large_image\" \/>\n<meta name=\"twitter:label1\" content=\"Escrito por\" \/>\n\t<meta name=\"twitter:data1\" content=\"Rog\u00e9rio Vidmantas\" \/>\n\t<meta name=\"twitter:label2\" content=\"Est. tempo de leitura\" \/>\n\t<meta name=\"twitter:data2\" content=\"3 minutos\" \/>\n<script type=\"application\/ld+json\" class=\"yoast-schema-graph\">{\"@context\":\"https:\/\/schema.org\",\"@graph\":[{\"@type\":\"Article\",\"@id\":\"https:\/\/progresso.com.br\/index.php\/2026\/04\/27\/juventude-ag-vira-a-chave-apos-eliminar-minas-futsal-e-foca-na-copa-do-brasil\/#article\",\"isPartOf\":{\"@id\":\"https:\/\/progresso.com.br\/index.php\/2026\/04\/27\/juventude-ag-vira-a-chave-apos-eliminar-minas-futsal-e-foca-na-copa-do-brasil\/\"},\"author\":{\"name\":\"Rog\u00e9rio Vidmantas\",\"@id\":\"https:\/\/progresso.com.br\/#\/schema\/person\/471791cc575a7e23811d1070fa9d20ee\"},\"headline\":\"Juventude AG vira a chave ap\u00f3s eliminar Minas Futsal e foca na Copa do Brasil\",\"datePublished\":\"2026-04-27T18:15:21+00:00\",\"mainEntityOfPage\":{\"@id\":\"https:\/\/progresso.com.br\/index.php\/2026\/04\/27\/juventude-ag-vira-a-chave-apos-eliminar-minas-futsal-e-foca-na-copa-do-brasil\/\"},\"wordCount\":412,\"commentCount\":0,\"publisher\":{\"@id\":\"https:\/\/progresso.com.br\/#organization\"},\"image\":{\"@id\":\"https:\/\/progresso.com.br\/index.php\/2026\/04\/27\/juventude-ag-vira-a-chave-apos-eliminar-minas-futsal-e-foca-na-copa-do-brasil\/#primaryimage\"},\"thumbnailUrl\":\"https:\/\/progresso.com.br\/wp-content\/uploads\/2026\/04\/Treino-2303a-MB.jpg\",\"articleSection\":[\"Em destaque\",\"Esporte\"],\"inLanguage\":\"pt-BR\",\"potentialAction\":[{\"@type\":\"CommentAction\",\"name\":\"Comment\",\"target\":[\"https:\/\/progresso.com.br\/index.php\/2026\/04\/27\/juventude-ag-vira-a-chave-apos-eliminar-minas-futsal-e-foca-na-copa-do-brasil\/#respond\"]}]},{\"@type\":\"WebPage\",\"@id\":\"https:\/\/progresso.com.br\/index.php\/2026\/04\/27\/juventude-ag-vira-a-chave-apos-eliminar-minas-futsal-e-foca-na-copa-do-brasil\/\",\"url\":\"https:\/\/progresso.com.br\/index.php\/2026\/04\/27\/juventude-ag-vira-a-chave-apos-eliminar-minas-futsal-e-foca-na-copa-do-brasil\/\",\"name\":\"Juventude AG vira a chave ap\u00f3s eliminar Minas Futsal e foca na Copa do Brasil - O PROGRESSO\",\"isPartOf\":{\"@id\":\"https:\/\/progresso.com.br\/#website\"},\"primaryImageOfPage\":{\"@id\":\"https:\/\/progresso.com.br\/index.php\/2026\/04\/27\/juventude-ag-vira-a-chave-apos-eliminar-minas-futsal-e-foca-na-copa-do-brasil\/#primaryimage\"},\"image\":{\"@id\":\"https:\/\/progresso.com.br\/index.php\/2026\/04\/27\/juventude-ag-vira-a-chave-apos-eliminar-minas-futsal-e-foca-na-copa-do-brasil\/#primaryimage\"},\"thumbnailUrl\":\"https:\/\/progresso.com.br\/wp-content\/uploads\/2026\/04\/Treino-2303a-MB.jpg\",\"datePublished\":\"2026-04-27T18:15:21+00:00\",\"breadcrumb\":{\"@id\":\"https:\/\/progresso.com.br\/index.php\/2026\/04\/27\/juventude-ag-vira-a-chave-apos-eliminar-minas-futsal-e-foca-na-copa-do-brasil\/#breadcrumb\"},\"inLanguage\":\"pt-BR\",\"potentialAction\":[{\"@type\":\"ReadAction\",\"target\":[\"https:\/\/progresso.com.br\/index.php\/2026\/04\/27\/juventude-ag-vira-a-chave-apos-eliminar-minas-futsal-e-foca-na-copa-do-brasil\/\"]}]},{\"@type\":\"ImageObject\",\"inLanguage\":\"pt-BR\",\"@id\":\"https:\/\/progresso.com.br\/index.php\/2026\/04\/27\/juventude-ag-vira-a-chave-apos-eliminar-minas-futsal-e-foca-na-copa-do-brasil\/#primaryimage\",\"url\":\"https:\/\/progresso.com.br\/wp-content\/uploads\/2026\/04\/Treino-2303a-MB.jpg\",\"contentUrl\":\"https:\/\/progresso.com.br\/wp-content\/uploads\/2026\/04\/Treino-2303a-MB.jpg\",\"width\":1280,\"height\":832,\"caption\":\"Jogadores voltam aos treinos nesta segunda-feira no CSU \u00c1gua Boa (Foto: Marcelo Berton\/Juventude AG)\"},{\"@type\":\"BreadcrumbList\",\"@id\":\"https:\/\/progresso.com.br\/index.php\/2026\/04\/27\/juventude-ag-vira-a-chave-apos-eliminar-minas-futsal-e-foca-na-copa-do-brasil\/#breadcrumb\",\"itemListElement\":[{\"@type\":\"ListItem\",\"position\":1,\"name\":\"In\u00edcio\",\"item\":\"https:\/\/progresso.com.br\/\"},{\"@type\":\"ListItem\",\"position\":2,\"name\":\"Juventude AG vira a chave ap\u00f3s eliminar Minas Futsal e foca na Copa do Brasil\"}]},{\"@type\":\"WebSite\",\"@id\":\"https:\/\/progresso.com.br\/#website\",\"url\":\"https:\/\/progresso.com.br\/\",\"name\":\"O PROGRESSO\",\"description\":\"\",\"publisher\":{\"@id\":\"https:\/\/progresso.com.br\/#organization\"},\"potentialAction\":[{\"@type\":\"SearchAction\",\"target\":{\"@type\":\"EntryPoint\",\"urlTemplate\":\"https:\/\/progresso.com.br\/?s={search_term_string}\"},\"query-input\":{\"@type\":\"PropertyValueSpecification\",\"valueRequired\":true,\"valueName\":\"search_term_string\"}}],\"inLanguage\":\"pt-BR\"},{\"@type\":\"Organization\",\"@id\":\"https:\/\/progresso.com.br\/#organization\",\"name\":\"O PROGRESSO\",\"url\":\"https:\/\/progresso.com.br\/\",\"logo\":{\"@type\":\"ImageObject\",\"inLanguage\":\"pt-BR\",\"@id\":\"https:\/\/progresso.com.br\/#\/schema\/logo\/image\/\",\"url\":\"https:\/\/progresso.com.br\/wp-content\/uploads\/2026\/03\/logo_proog.jpg\",\"contentUrl\":\"https:\/\/progresso.com.br\/wp-content\/uploads\/2026\/03\/logo_proog.jpg\",\"width\":1960,\"height\":1080,\"caption\":\"O PROGRESSO\"},\"image\":{\"@id\":\"https:\/\/progresso.com.br\/#\/schema\/logo\/image\/\"},\"sameAs\":[\"https:\/\/www.facebook.com\/share\/1CeoksKBj6\/\",\"https:\/\/www.instagram.com\/oprogresso_digital\"]},{\"@type\":\"Person\",\"@id\":\"https:\/\/progresso.com.br\/#\/schema\/person\/471791cc575a7e23811d1070fa9d20ee\",\"name\":\"Rog\u00e9rio Vidmantas\",\"image\":{\"@type\":\"ImageObject\",\"inLanguage\":\"pt-BR\",\"@id\":\"https:\/\/progresso.com.br\/#\/schema\/person\/image\/\",\"url\":\"https:\/\/secure.gravatar.com\/avatar\/10a86aae4992f407879fa7e12fb476cdff79509ad9ec42967d62b4fbcee7c57b?s=96&d=mm&r=g\",\"contentUrl\":\"https:\/\/secure.gravatar.com\/avatar\/10a86aae4992f407879fa7e12fb476cdff79509ad9ec42967d62b4fbcee7c57b?s=96&d=mm&r=g\",\"caption\":\"Rog\u00e9rio Vidmantas\"},\"url\":\"https:\/\/progresso.com.br\/index.php\/author\/vidmantas\/\"}]}<\/script>\n<!-- \/ Yoast SEO plugin. -->","yoast_head_json":{"title":"Juventude AG vira a chave ap\u00f3s eliminar Minas Futsal e foca na Copa do Brasil - O PROGRESSO","robots":{"index":"index","follow":"follow","max-snippet":"max-snippet:-1","max-image-preview":"max-image-preview:large","max-video-preview":"max-video-preview:-1"},"canonical":"https:\/\/progresso.com.br\/index.php\/2026\/04\/27\/juventude-ag-vira-a-chave-apos-eliminar-minas-futsal-e-foca-na-copa-do-brasil\/","og_locale":"pt_BR","og_type":"article","og_title":"Juventude AG vira a chave ap\u00f3s eliminar Minas Futsal e foca na Copa do Brasil - O PROGRESSO","og_description":"Com vaga nas oitavas da Copa LNF, equipe douradense retoma treinos e se prepara para duelo contra o Fidas Futsal Rog\u00e9rio Vidmantas A festa pela classifica\u00e7\u00e3o do Juventude AG na Copa LNF, eliminando o tradicional Minas T\u00eanis Clube-MG, durou pouco. O time j\u00e1 virou aten\u00e7\u00e3o para confronto eliminat\u00f3rio em outra competi\u00e7\u00e3o e retorna aos treinos [&hellip;]","og_url":"https:\/\/progresso.com.br\/index.php\/2026\/04\/27\/juventude-ag-vira-a-chave-apos-eliminar-minas-futsal-e-foca-na-copa-do-brasil\/","og_site_name":"O PROGRESSO","article_publisher":"https:\/\/www.facebook.com\/share\/1CeoksKBj6\/","article_published_time":"2026-04-27T18:15:21+00:00","og_image":[{"width":1280,"height":832,"url":"https:\/\/progresso.com.br\/wp-content\/uploads\/2026\/04\/Treino-2303a-MB.jpg","type":"image\/jpeg"}],"author":"Rog\u00e9rio Vidmantas","twitter_card":"summary_large_image","twitter_misc":{"Escrito por":"Rog\u00e9rio Vidmantas","Est. tempo de leitura":"3 minutos"},"schema":{"@context":"https:\/\/schema.org","@graph":[{"@type":"Article","@id":"https:\/\/progresso.com.br\/index.php\/2026\/04\/27\/juventude-ag-vira-a-chave-apos-eliminar-minas-futsal-e-foca-na-copa-do-brasil\/#article","isPartOf":{"@id":"https:\/\/progresso.com.br\/index.php\/2026\/04\/27\/juventude-ag-vira-a-chave-apos-eliminar-minas-futsal-e-foca-na-copa-do-brasil\/"},"author":{"name":"Rog\u00e9rio Vidmantas","@id":"https:\/\/progresso.com.br\/#\/schema\/person\/471791cc575a7e23811d1070fa9d20ee"},"headline":"Juventude AG vira a chave ap\u00f3s eliminar Minas Futsal e foca na Copa do Brasil","datePublished":"2026-04-27T18:15:21+00:00","mainEntityOfPage":{"@id":"https:\/\/progresso.com.br\/index.php\/2026\/04\/27\/juventude-ag-vira-a-chave-apos-eliminar-minas-futsal-e-foca-na-copa-do-brasil\/"},"wordCount":412,"commentCount":0,"publisher":{"@id":"https:\/\/progresso.com.br\/#organization"},"image":{"@id":"https:\/\/progresso.com.br\/index.php\/2026\/04\/27\/juventude-ag-vira-a-chave-apos-eliminar-minas-futsal-e-foca-na-copa-do-brasil\/#primaryimage"},"thumbnailUrl":"https:\/\/progresso.com.br\/wp-content\/uploads\/2026\/04\/Treino-2303a-MB.jpg","articleSection":["Em destaque","Esporte"],"inLanguage":"pt-BR","potentialAction":[{"@type":"CommentAction","name":"Comment","target":["https:\/\/progresso.com.br\/index.php\/2026\/04\/27\/juventude-ag-vira-a-chave-apos-eliminar-minas-futsal-e-foca-na-copa-do-brasil\/#respond"]}]},{"@type":"WebPage","@id":"https:\/\/progresso.com.br\/index.php\/2026\/04\/27\/juventude-ag-vira-a-chave-apos-eliminar-minas-futsal-e-foca-na-copa-do-brasil\/","url":"https:\/\/progresso.com.br\/index.php\/2026\/04\/27\/juventude-ag-vira-a-chave-apos-eliminar-minas-futsal-e-foca-na-copa-do-brasil\/","name":"Juventude AG vira a chave ap\u00f3s eliminar Minas Futsal e foca na Copa do Brasil - O PROGRESSO","isPartOf":{"@id":"https:\/\/progresso.com.br\/#website"},"primaryImageOfPage":{"@id":"https:\/\/progresso.com.br\/index.php\/2026\/04\/27\/juventude-ag-vira-a-chave-apos-eliminar-minas-futsal-e-foca-na-copa-do-brasil\/#primaryimage"},"image":{"@id":"https:\/\/progresso.com.br\/index.php\/2026\/04\/27\/juventude-ag-vira-a-chave-apos-eliminar-minas-futsal-e-foca-na-copa-do-brasil\/#primaryimage"},"thumbnailUrl":"https:\/\/progresso.com.br\/wp-content\/uploads\/2026\/04\/Treino-2303a-MB.jpg","datePublished":"2026-04-27T18:15:21+00:00","breadcrumb":{"@id":"https:\/\/progresso.com.br\/index.php\/2026\/04\/27\/juventude-ag-vira-a-chave-apos-eliminar-minas-futsal-e-foca-na-copa-do-brasil\/#breadcrumb"},"inLanguage":"pt-BR","potentialAction":[{"@type":"ReadAction","target":["https:\/\/progresso.com.br\/index.php\/2026\/04\/27\/juventude-ag-vira-a-chave-apos-eliminar-minas-futsal-e-foca-na-copa-do-brasil\/"]}]},{"@type":"ImageObject","inLanguage":"pt-BR","@id":"https:\/\/progresso.com.br\/index.php\/2026\/04\/27\/juventude-ag-vira-a-chave-apos-eliminar-minas-futsal-e-foca-na-copa-do-brasil\/#primaryimage","url":"https:\/\/progresso.com.br\/wp-content\/uploads\/2026\/04\/Treino-2303a-MB.jpg","contentUrl":"https:\/\/progresso.com.br\/wp-content\/uploads\/2026\/04\/Treino-2303a-MB.jpg","width":1280,"height":832,"caption":"Jogadores voltam aos treinos nesta segunda-feira no CSU \u00c1gua Boa (Foto: Marcelo Berton\/Juventude AG)"},{"@type":"BreadcrumbList","@id":"https:\/\/progresso.com.br\/index.php\/2026\/04\/27\/juventude-ag-vira-a-chave-apos-eliminar-minas-futsal-e-foca-na-copa-do-brasil\/#breadcrumb","itemListElement":[{"@type":"ListItem","position":1,"name":"In\u00edcio","item":"https:\/\/progresso.com.br\/"},{"@type":"ListItem","position":2,"name":"Juventude AG vira a chave ap\u00f3s eliminar Minas Futsal e foca na Copa do Brasil"}]},{"@type":"WebSite","@id":"https:\/\/progresso.com.br\/#website","url":"https:\/\/progresso.com.br\/","name":"O PROGRESSO","description":"","publisher":{"@id":"https:\/\/progresso.com.br\/#organization"},"potentialAction":[{"@type":"SearchAction","target":{"@type":"EntryPoint","urlTemplate":"https:\/\/progresso.com.br\/?s={search_term_string}"},"query-input":{"@type":"PropertyValueSpecification","valueRequired":true,"valueName":"search_term_string"}}],"inLanguage":"pt-BR"},{"@type":"Organization","@id":"https:\/\/progresso.com.br\/#organization","name":"O PROGRESSO","url":"https:\/\/progresso.com.br\/","logo":{"@type":"ImageObject","inLanguage":"pt-BR","@id":"https:\/\/progresso.com.br\/#\/schema\/logo\/image\/","url":"https:\/\/progresso.com.br\/wp-content\/uploads\/2026\/03\/logo_proog.jpg","contentUrl":"https:\/\/progresso.com.br\/wp-content\/uploads\/2026\/03\/logo_proog.jpg","width":1960,"height":1080,"caption":"O PROGRESSO"},"image":{"@id":"https:\/\/progresso.com.br\/#\/schema\/logo\/image\/"},"sameAs":["https:\/\/www.facebook.com\/share\/1CeoksKBj6\/","https:\/\/www.instagram.com\/oprogresso_digital"]},{"@type":"Person","@id":"https:\/\/progresso.com.br\/#\/schema\/person\/471791cc575a7e23811d1070fa9d20ee","name":"Rog\u00e9rio Vidmantas","image":{"@type":"ImageObject","inLanguage":"pt-BR","@id":"https:\/\/progresso.com.br\/#\/schema\/person\/image\/","url":"https:\/\/secure.gravatar.com\/avatar\/10a86aae4992f407879fa7e12fb476cdff79509ad9ec42967d62b4fbcee7c57b?s=96&d=mm&r=g","contentUrl":"https:\/\/secure.gravatar.com\/avatar\/10a86aae4992f407879fa7e12fb476cdff79509ad9ec42967d62b4fbcee7c57b?s=96&d=mm&r=g","caption":"Rog\u00e9rio Vidmantas"},"url":"https:\/\/progresso.com.br\/index.php\/author\/vidmantas\/"}]}},"_links":{"self":[{"href":"https:\/\/progresso.com.br\/index.php\/wp-json\/wp\/v2\/posts\/4880","targetHints":{"allow":["GET"]}}],"collection":[{"href":"https:\/\/progresso.com.br\/index.php\/wp-json\/wp\/v2\/posts"}],"about":[{"href":"https:\/\/progresso.com.br\/index.php\/wp-json\/wp\/v2\/types\/post"}],"author":[{"embeddable":true,"href":"https:\/\/progresso.com.br\/index.php\/wp-json\/wp\/v2\/users\/5"}],"replies":[{"embeddable":true,"href":"https:\/\/progresso.com.br\/index.php\/wp-json\/wp\/v2\/comments?post=4880"}],"version-history":[{"count":1,"href":"https:\/\/progresso.com.br\/index.php\/wp-json\/wp\/v2\/posts\/4880\/revisions"}],"predecessor-version":[{"id":4883,"href":"https:\/\/progresso.com.br\/index.php\/wp-json\/wp\/v2\/posts\/4880\/revisions\/4883"}],"wp:featuredmedia":[{"embeddable":true,"href":"https:\/\/progresso.com.br\/index.php\/wp-json\/wp\/v2\/media\/4881"}],"wp:attachment":[{"href":"https:\/\/progresso.com.br\/index.php\/wp-json\/wp\/v2\/media?parent=4880"}],"wp:term":[{"taxonomy":"category","embeddable":true,"href":"https:\/\/progresso.com.br\/index.php\/wp-json\/wp\/v2\/categories?post=4880"},{"taxonomy":"post_tag","embeddable":true,"href":"https:\/\/progresso.com.br\/index.php\/wp-json\/wp\/v2\/tags?post=4880"}],"curies":[{"name":"wp","href":"https:\/\/api.w.org\/{rel}","templated":true}]}}