{"id":4891,"date":"2026-04-27T15:23:57","date_gmt":"2026-04-27T19:23:57","guid":{"rendered":"https:\/\/progresso.com.br\/?p=4891"},"modified":"2026-04-27T15:23:58","modified_gmt":"2026-04-27T19:23:58","slug":"fortalecimento-do-atendimento-oncologico-em-ms-com-nova-ala-inaugurada","status":"publish","type":"post","link":"https:\/\/progresso.com.br\/index.php\/2026\/04\/27\/fortalecimento-do-atendimento-oncologico-em-ms-com-nova-ala-inaugurada\/","title":{"rendered":"Fortalecimento do atendimento oncol\u00f3gico em MS com nova ala inaugurada"},"content":{"rendered":"\n<p><strong><em>O HCAA \u00e9 o maior hospital oncol\u00f3gico de MS, com cerca de 500 profissionais e mais de 230 mil atendimentos realizados no \u00faltimo ano.<\/em><\/strong><\/p>\n\n\n\n<p><em>Comunica\u00e7\u00e3o Governo de MS<\/em><\/p>\n\n\n\n<p>Para ampliar o atendimento oncol\u00f3gico em Mato Grosso do Sul, o Governo do Estado e o Hospital de C\u00e2ncer Alfredo Abr\u00e3o (HCAA) inauguraram um novo pavimento com 32 leitos para adultos. A entrega contou com a presen\u00e7a do governador Eduardo Riedel nesta segunda-feira (27).<\/p>\n\n\n\n<p>A nova ala integra a unidade III \u2013 Nelson Buainain, que ter\u00e1 nove andares e vem sendo aberta por etapas para refor\u00e7ar o atendimento pelo SUS. O 5\u00ba andar, chamado \u201cAla Fam\u00edlias do Agro\u201d, foi viabilizado com doa\u00e7\u00f5es de 25 fam\u00edlias do agroneg\u00f3cio, totalizando R$ 1,25 milh\u00e3o.<\/p>\n\n\n\n<p>Com a inaugura\u00e7\u00e3o, cinco andares j\u00e1 est\u00e3o em funcionamento, com servi\u00e7os como exames de imagem, UTI, ambulat\u00f3rio e interna\u00e7\u00e3o. Outros quatro pavimentos ainda ser\u00e3o conclu\u00eddos, incluindo o 2\u00ba andar, que ter\u00e1 20 leitos de UTI.<\/p>\n\n\n\n<p>Desde 2024, o Governo do Estado destinou R$ 35 milh\u00f5es para custeio da unidade. O HCAA, maior hospital oncol\u00f3gico do estado, conta com cerca de 500 profissionais e realizou mais de 230 mil atendimentos no \u00faltimo ano.<\/p>\n","protected":false},"excerpt":{"rendered":"<p>O HCAA \u00e9 o maior hospital oncol\u00f3gico de MS, com cerca de 500 profissionais e mais de 230 mil atendimentos realizados no \u00faltimo ano. Comunica\u00e7\u00e3o Governo de MS Para ampliar o atendimento oncol\u00f3gico em Mato Grosso do Sul, o Governo do Estado e o Hospital de C\u00e2ncer Alfredo Abr\u00e3o (HCAA) inauguraram um novo pavimento com [&hellip;]<\/p>\n","protected":false},"author":2,"featured_media":4892,"comment_status":"open","ping_status":"open","sticky":false,"template":"","format":"standard","meta":{"footnotes":""},"categories":[13,2],"tags":[],"class_list":["post-4891","post","type-post","status-publish","format-standard","has-post-thumbnail","hentry","category-cotidiano","category-destaque"],"yoast_head":"<!-- This site is optimized with the Yoast SEO plugin v27.1.1 - https:\/\/yoast.com\/product\/yoast-seo-wordpress\/ -->\n<title>Fortalecimento do atendimento oncol\u00f3gico em MS com nova ala inaugurada - O PROGRESSO<\/title>\n<meta name=\"robots\" content=\"index, follow, max-snippet:-1, max-image-preview:large, max-video-preview:-1\" \/>\n<link rel=\"canonical\" href=\"https:\/\/progresso.com.br\/index.php\/2026\/04\/27\/fortalecimento-do-atendimento-oncologico-em-ms-com-nova-ala-inaugurada\/\" \/>\n<meta property=\"og:locale\" content=\"pt_BR\" \/>\n<meta property=\"og:type\" content=\"article\" \/>\n<meta property=\"og:title\" content=\"Fortalecimento do atendimento oncol\u00f3gico em MS com nova ala inaugurada - O PROGRESSO\" \/>\n<meta property=\"og:description\" content=\"O HCAA \u00e9 o maior hospital oncol\u00f3gico de MS, com cerca de 500 profissionais e mais de 230 mil atendimentos realizados no \u00faltimo ano. Comunica\u00e7\u00e3o Governo de MS Para ampliar o atendimento oncol\u00f3gico em Mato Grosso do Sul, o Governo do Estado e o Hospital de C\u00e2ncer Alfredo Abr\u00e3o (HCAA) inauguraram um novo pavimento com [&hellip;]\" \/>\n<meta property=\"og:url\" content=\"https:\/\/progresso.com.br\/index.php\/2026\/04\/27\/fortalecimento-do-atendimento-oncologico-em-ms-com-nova-ala-inaugurada\/\" \/>\n<meta property=\"og:site_name\" content=\"O PROGRESSO\" \/>\n<meta property=\"article:publisher\" content=\"https:\/\/www.facebook.com\/share\/1CeoksKBj6\/\" \/>\n<meta property=\"article:published_time\" content=\"2026-04-27T19:23:57+00:00\" \/>\n<meta property=\"article:modified_time\" content=\"2026-04-27T19:23:58+00:00\" \/>\n<meta property=\"og:image\" content=\"https:\/\/progresso.com.br\/wp-content\/uploads\/2026\/04\/Inauguracao-5-andar-Hospital-do-Cancer-Foto-Alvaro-Rezende-09-730x480-1.jpg\" \/>\n\t<meta property=\"og:image:width\" content=\"730\" \/>\n\t<meta property=\"og:image:height\" content=\"480\" \/>\n\t<meta property=\"og:image:type\" content=\"image\/jpeg\" \/>\n<meta name=\"author\" content=\"Rose\" \/>\n<meta name=\"twitter:card\" content=\"summary_large_image\" \/>\n<meta name=\"twitter:label1\" content=\"Escrito por\" \/>\n\t<meta name=\"twitter:data1\" content=\"Rose\" \/>\n\t<meta name=\"twitter:label2\" content=\"Est. tempo de leitura\" \/>\n\t<meta name=\"twitter:data2\" content=\"2 minutos\" \/>\n<script type=\"application\/ld+json\" class=\"yoast-schema-graph\">{\"@context\":\"https:\/\/schema.org\",\"@graph\":[{\"@type\":\"Article\",\"@id\":\"https:\/\/progresso.com.br\/index.php\/2026\/04\/27\/fortalecimento-do-atendimento-oncologico-em-ms-com-nova-ala-inaugurada\/#article\",\"isPartOf\":{\"@id\":\"https:\/\/progresso.com.br\/index.php\/2026\/04\/27\/fortalecimento-do-atendimento-oncologico-em-ms-com-nova-ala-inaugurada\/\"},\"author\":{\"name\":\"Rose\",\"@id\":\"https:\/\/progresso.com.br\/#\/schema\/person\/5dd27138d4463fbbaace62120bfc002b\"},\"headline\":\"Fortalecimento do atendimento oncol\u00f3gico em MS com nova ala inaugurada\",\"datePublished\":\"2026-04-27T19:23:57+00:00\",\"dateModified\":\"2026-04-27T19:23:58+00:00\",\"mainEntityOfPage\":{\"@id\":\"https:\/\/progresso.com.br\/index.php\/2026\/04\/27\/fortalecimento-do-atendimento-oncologico-em-ms-com-nova-ala-inaugurada\/\"},\"wordCount\":208,\"commentCount\":0,\"publisher\":{\"@id\":\"https:\/\/progresso.com.br\/#organization\"},\"image\":{\"@id\":\"https:\/\/progresso.com.br\/index.php\/2026\/04\/27\/fortalecimento-do-atendimento-oncologico-em-ms-com-nova-ala-inaugurada\/#primaryimage\"},\"thumbnailUrl\":\"https:\/\/progresso.com.br\/wp-content\/uploads\/2026\/04\/Inauguracao-5-andar-Hospital-do-Cancer-Foto-Alvaro-Rezende-09-730x480-1.jpg\",\"articleSection\":[\"Cotidiano\",\"Em destaque\"],\"inLanguage\":\"pt-BR\",\"potentialAction\":[{\"@type\":\"CommentAction\",\"name\":\"Comment\",\"target\":[\"https:\/\/progresso.com.br\/index.php\/2026\/04\/27\/fortalecimento-do-atendimento-oncologico-em-ms-com-nova-ala-inaugurada\/#respond\"]}]},{\"@type\":\"WebPage\",\"@id\":\"https:\/\/progresso.com.br\/index.php\/2026\/04\/27\/fortalecimento-do-atendimento-oncologico-em-ms-com-nova-ala-inaugurada\/\",\"url\":\"https:\/\/progresso.com.br\/index.php\/2026\/04\/27\/fortalecimento-do-atendimento-oncologico-em-ms-com-nova-ala-inaugurada\/\",\"name\":\"Fortalecimento do atendimento oncol\u00f3gico em MS com nova ala inaugurada - O PROGRESSO\",\"isPartOf\":{\"@id\":\"https:\/\/progresso.com.br\/#website\"},\"primaryImageOfPage\":{\"@id\":\"https:\/\/progresso.com.br\/index.php\/2026\/04\/27\/fortalecimento-do-atendimento-oncologico-em-ms-com-nova-ala-inaugurada\/#primaryimage\"},\"image\":{\"@id\":\"https:\/\/progresso.com.br\/index.php\/2026\/04\/27\/fortalecimento-do-atendimento-oncologico-em-ms-com-nova-ala-inaugurada\/#primaryimage\"},\"thumbnailUrl\":\"https:\/\/progresso.com.br\/wp-content\/uploads\/2026\/04\/Inauguracao-5-andar-Hospital-do-Cancer-Foto-Alvaro-Rezende-09-730x480-1.jpg\",\"datePublished\":\"2026-04-27T19:23:57+00:00\",\"dateModified\":\"2026-04-27T19:23:58+00:00\",\"breadcrumb\":{\"@id\":\"https:\/\/progresso.com.br\/index.php\/2026\/04\/27\/fortalecimento-do-atendimento-oncologico-em-ms-com-nova-ala-inaugurada\/#breadcrumb\"},\"inLanguage\":\"pt-BR\",\"potentialAction\":[{\"@type\":\"ReadAction\",\"target\":[\"https:\/\/progresso.com.br\/index.php\/2026\/04\/27\/fortalecimento-do-atendimento-oncologico-em-ms-com-nova-ala-inaugurada\/\"]}]},{\"@type\":\"ImageObject\",\"inLanguage\":\"pt-BR\",\"@id\":\"https:\/\/progresso.com.br\/index.php\/2026\/04\/27\/fortalecimento-do-atendimento-oncologico-em-ms-com-nova-ala-inaugurada\/#primaryimage\",\"url\":\"https:\/\/progresso.com.br\/wp-content\/uploads\/2026\/04\/Inauguracao-5-andar-Hospital-do-Cancer-Foto-Alvaro-Rezende-09-730x480-1.jpg\",\"contentUrl\":\"https:\/\/progresso.com.br\/wp-content\/uploads\/2026\/04\/Inauguracao-5-andar-Hospital-do-Cancer-Foto-Alvaro-Rezende-09-730x480-1.jpg\",\"width\":730,\"height\":480,\"caption\":\"(Foto: \u00c1lvaro Rezende\/Secom-MS)\"},{\"@type\":\"BreadcrumbList\",\"@id\":\"https:\/\/progresso.com.br\/index.php\/2026\/04\/27\/fortalecimento-do-atendimento-oncologico-em-ms-com-nova-ala-inaugurada\/#breadcrumb\",\"itemListElement\":[{\"@type\":\"ListItem\",\"position\":1,\"name\":\"In\u00edcio\",\"item\":\"https:\/\/progresso.com.br\/\"},{\"@type\":\"ListItem\",\"position\":2,\"name\":\"Fortalecimento do atendimento oncol\u00f3gico em MS com nova ala inaugurada\"}]},{\"@type\":\"WebSite\",\"@id\":\"https:\/\/progresso.com.br\/#website\",\"url\":\"https:\/\/progresso.com.br\/\",\"name\":\"O PROGRESSO\",\"description\":\"\",\"publisher\":{\"@id\":\"https:\/\/progresso.com.br\/#organization\"},\"potentialAction\":[{\"@type\":\"SearchAction\",\"target\":{\"@type\":\"EntryPoint\",\"urlTemplate\":\"https:\/\/progresso.com.br\/?s={search_term_string}\"},\"query-input\":{\"@type\":\"PropertyValueSpecification\",\"valueRequired\":true,\"valueName\":\"search_term_string\"}}],\"inLanguage\":\"pt-BR\"},{\"@type\":\"Organization\",\"@id\":\"https:\/\/progresso.com.br\/#organization\",\"name\":\"O PROGRESSO\",\"url\":\"https:\/\/progresso.com.br\/\",\"logo\":{\"@type\":\"ImageObject\",\"inLanguage\":\"pt-BR\",\"@id\":\"https:\/\/progresso.com.br\/#\/schema\/logo\/image\/\",\"url\":\"https:\/\/progresso.com.br\/wp-content\/uploads\/2026\/03\/logo_proog.jpg\",\"contentUrl\":\"https:\/\/progresso.com.br\/wp-content\/uploads\/2026\/03\/logo_proog.jpg\",\"width\":1960,\"height\":1080,\"caption\":\"O PROGRESSO\"},\"image\":{\"@id\":\"https:\/\/progresso.com.br\/#\/schema\/logo\/image\/\"},\"sameAs\":[\"https:\/\/www.facebook.com\/share\/1CeoksKBj6\/\",\"https:\/\/www.instagram.com\/oprogresso_digital\"]},{\"@type\":\"Person\",\"@id\":\"https:\/\/progresso.com.br\/#\/schema\/person\/5dd27138d4463fbbaace62120bfc002b\",\"name\":\"Rose\",\"image\":{\"@type\":\"ImageObject\",\"inLanguage\":\"pt-BR\",\"@id\":\"https:\/\/progresso.com.br\/#\/schema\/person\/image\/\",\"url\":\"https:\/\/secure.gravatar.com\/avatar\/1b6890e759cdd3a88d9f751cb423720b9861c5239167cd3586355638b6556599?s=96&d=mm&r=g\",\"contentUrl\":\"https:\/\/secure.gravatar.com\/avatar\/1b6890e759cdd3a88d9f751cb423720b9861c5239167cd3586355638b6556599?s=96&d=mm&r=g\",\"caption\":\"Rose\"},\"url\":\"https:\/\/progresso.com.br\/index.php\/author\/rose\/\"}]}<\/script>\n<!-- \/ Yoast SEO plugin. -->","yoast_head_json":{"title":"Fortalecimento do atendimento oncol\u00f3gico em MS com nova ala inaugurada - O PROGRESSO","robots":{"index":"index","follow":"follow","max-snippet":"max-snippet:-1","max-image-preview":"max-image-preview:large","max-video-preview":"max-video-preview:-1"},"canonical":"https:\/\/progresso.com.br\/index.php\/2026\/04\/27\/fortalecimento-do-atendimento-oncologico-em-ms-com-nova-ala-inaugurada\/","og_locale":"pt_BR","og_type":"article","og_title":"Fortalecimento do atendimento oncol\u00f3gico em MS com nova ala inaugurada - O PROGRESSO","og_description":"O HCAA \u00e9 o maior hospital oncol\u00f3gico de MS, com cerca de 500 profissionais e mais de 230 mil atendimentos realizados no \u00faltimo ano. Comunica\u00e7\u00e3o Governo de MS Para ampliar o atendimento oncol\u00f3gico em Mato Grosso do Sul, o Governo do Estado e o Hospital de C\u00e2ncer Alfredo Abr\u00e3o (HCAA) inauguraram um novo pavimento com [&hellip;]","og_url":"https:\/\/progresso.com.br\/index.php\/2026\/04\/27\/fortalecimento-do-atendimento-oncologico-em-ms-com-nova-ala-inaugurada\/","og_site_name":"O PROGRESSO","article_publisher":"https:\/\/www.facebook.com\/share\/1CeoksKBj6\/","article_published_time":"2026-04-27T19:23:57+00:00","article_modified_time":"2026-04-27T19:23:58+00:00","og_image":[{"width":730,"height":480,"url":"https:\/\/progresso.com.br\/wp-content\/uploads\/2026\/04\/Inauguracao-5-andar-Hospital-do-Cancer-Foto-Alvaro-Rezende-09-730x480-1.jpg","type":"image\/jpeg"}],"author":"Rose","twitter_card":"summary_large_image","twitter_misc":{"Escrito por":"Rose","Est. tempo de leitura":"2 minutos"},"schema":{"@context":"https:\/\/schema.org","@graph":[{"@type":"Article","@id":"https:\/\/progresso.com.br\/index.php\/2026\/04\/27\/fortalecimento-do-atendimento-oncologico-em-ms-com-nova-ala-inaugurada\/#article","isPartOf":{"@id":"https:\/\/progresso.com.br\/index.php\/2026\/04\/27\/fortalecimento-do-atendimento-oncologico-em-ms-com-nova-ala-inaugurada\/"},"author":{"name":"Rose","@id":"https:\/\/progresso.com.br\/#\/schema\/person\/5dd27138d4463fbbaace62120bfc002b"},"headline":"Fortalecimento do atendimento oncol\u00f3gico em MS com nova ala inaugurada","datePublished":"2026-04-27T19:23:57+00:00","dateModified":"2026-04-27T19:23:58+00:00","mainEntityOfPage":{"@id":"https:\/\/progresso.com.br\/index.php\/2026\/04\/27\/fortalecimento-do-atendimento-oncologico-em-ms-com-nova-ala-inaugurada\/"},"wordCount":208,"commentCount":0,"publisher":{"@id":"https:\/\/progresso.com.br\/#organization"},"image":{"@id":"https:\/\/progresso.com.br\/index.php\/2026\/04\/27\/fortalecimento-do-atendimento-oncologico-em-ms-com-nova-ala-inaugurada\/#primaryimage"},"thumbnailUrl":"https:\/\/progresso.com.br\/wp-content\/uploads\/2026\/04\/Inauguracao-5-andar-Hospital-do-Cancer-Foto-Alvaro-Rezende-09-730x480-1.jpg","articleSection":["Cotidiano","Em destaque"],"inLanguage":"pt-BR","potentialAction":[{"@type":"CommentAction","name":"Comment","target":["https:\/\/progresso.com.br\/index.php\/2026\/04\/27\/fortalecimento-do-atendimento-oncologico-em-ms-com-nova-ala-inaugurada\/#respond"]}]},{"@type":"WebPage","@id":"https:\/\/progresso.com.br\/index.php\/2026\/04\/27\/fortalecimento-do-atendimento-oncologico-em-ms-com-nova-ala-inaugurada\/","url":"https:\/\/progresso.com.br\/index.php\/2026\/04\/27\/fortalecimento-do-atendimento-oncologico-em-ms-com-nova-ala-inaugurada\/","name":"Fortalecimento do atendimento oncol\u00f3gico em MS com nova ala inaugurada - O PROGRESSO","isPartOf":{"@id":"https:\/\/progresso.com.br\/#website"},"primaryImageOfPage":{"@id":"https:\/\/progresso.com.br\/index.php\/2026\/04\/27\/fortalecimento-do-atendimento-oncologico-em-ms-com-nova-ala-inaugurada\/#primaryimage"},"image":{"@id":"https:\/\/progresso.com.br\/index.php\/2026\/04\/27\/fortalecimento-do-atendimento-oncologico-em-ms-com-nova-ala-inaugurada\/#primaryimage"},"thumbnailUrl":"https:\/\/progresso.com.br\/wp-content\/uploads\/2026\/04\/Inauguracao-5-andar-Hospital-do-Cancer-Foto-Alvaro-Rezende-09-730x480-1.jpg","datePublished":"2026-04-27T19:23:57+00:00","dateModified":"2026-04-27T19:23:58+00:00","breadcrumb":{"@id":"https:\/\/progresso.com.br\/index.php\/2026\/04\/27\/fortalecimento-do-atendimento-oncologico-em-ms-com-nova-ala-inaugurada\/#breadcrumb"},"inLanguage":"pt-BR","potentialAction":[{"@type":"ReadAction","target":["https:\/\/progresso.com.br\/index.php\/2026\/04\/27\/fortalecimento-do-atendimento-oncologico-em-ms-com-nova-ala-inaugurada\/"]}]},{"@type":"ImageObject","inLanguage":"pt-BR","@id":"https:\/\/progresso.com.br\/index.php\/2026\/04\/27\/fortalecimento-do-atendimento-oncologico-em-ms-com-nova-ala-inaugurada\/#primaryimage","url":"https:\/\/progresso.com.br\/wp-content\/uploads\/2026\/04\/Inauguracao-5-andar-Hospital-do-Cancer-Foto-Alvaro-Rezende-09-730x480-1.jpg","contentUrl":"https:\/\/progresso.com.br\/wp-content\/uploads\/2026\/04\/Inauguracao-5-andar-Hospital-do-Cancer-Foto-Alvaro-Rezende-09-730x480-1.jpg","width":730,"height":480,"caption":"(Foto: \u00c1lvaro Rezende\/Secom-MS)"},{"@type":"BreadcrumbList","@id":"https:\/\/progresso.com.br\/index.php\/2026\/04\/27\/fortalecimento-do-atendimento-oncologico-em-ms-com-nova-ala-inaugurada\/#breadcrumb","itemListElement":[{"@type":"ListItem","position":1,"name":"In\u00edcio","item":"https:\/\/progresso.com.br\/"},{"@type":"ListItem","position":2,"name":"Fortalecimento do atendimento oncol\u00f3gico em MS com nova ala inaugurada"}]},{"@type":"WebSite","@id":"https:\/\/progresso.com.br\/#website","url":"https:\/\/progresso.com.br\/","name":"O PROGRESSO","description":"","publisher":{"@id":"https:\/\/progresso.com.br\/#organization"},"potentialAction":[{"@type":"SearchAction","target":{"@type":"EntryPoint","urlTemplate":"https:\/\/progresso.com.br\/?s={search_term_string}"},"query-input":{"@type":"PropertyValueSpecification","valueRequired":true,"valueName":"search_term_string"}}],"inLanguage":"pt-BR"},{"@type":"Organization","@id":"https:\/\/progresso.com.br\/#organization","name":"O PROGRESSO","url":"https:\/\/progresso.com.br\/","logo":{"@type":"ImageObject","inLanguage":"pt-BR","@id":"https:\/\/progresso.com.br\/#\/schema\/logo\/image\/","url":"https:\/\/progresso.com.br\/wp-content\/uploads\/2026\/03\/logo_proog.jpg","contentUrl":"https:\/\/progresso.com.br\/wp-content\/uploads\/2026\/03\/logo_proog.jpg","width":1960,"height":1080,"caption":"O PROGRESSO"},"image":{"@id":"https:\/\/progresso.com.br\/#\/schema\/logo\/image\/"},"sameAs":["https:\/\/www.facebook.com\/share\/1CeoksKBj6\/","https:\/\/www.instagram.com\/oprogresso_digital"]},{"@type":"Person","@id":"https:\/\/progresso.com.br\/#\/schema\/person\/5dd27138d4463fbbaace62120bfc002b","name":"Rose","image":{"@type":"ImageObject","inLanguage":"pt-BR","@id":"https:\/\/progresso.com.br\/#\/schema\/person\/image\/","url":"https:\/\/secure.gravatar.com\/avatar\/1b6890e759cdd3a88d9f751cb423720b9861c5239167cd3586355638b6556599?s=96&d=mm&r=g","contentUrl":"https:\/\/secure.gravatar.com\/avatar\/1b6890e759cdd3a88d9f751cb423720b9861c5239167cd3586355638b6556599?s=96&d=mm&r=g","caption":"Rose"},"url":"https:\/\/progresso.com.br\/index.php\/author\/rose\/"}]}},"_links":{"self":[{"href":"https:\/\/progresso.com.br\/index.php\/wp-json\/wp\/v2\/posts\/4891","targetHints":{"allow":["GET"]}}],"collection":[{"href":"https:\/\/progresso.com.br\/index.php\/wp-json\/wp\/v2\/posts"}],"about":[{"href":"https:\/\/progresso.com.br\/index.php\/wp-json\/wp\/v2\/types\/post"}],"author":[{"embeddable":true,"href":"https:\/\/progresso.com.br\/index.php\/wp-json\/wp\/v2\/users\/2"}],"replies":[{"embeddable":true,"href":"https:\/\/progresso.com.br\/index.php\/wp-json\/wp\/v2\/comments?post=4891"}],"version-history":[{"count":1,"href":"https:\/\/progresso.com.br\/index.php\/wp-json\/wp\/v2\/posts\/4891\/revisions"}],"predecessor-version":[{"id":4893,"href":"https:\/\/progresso.com.br\/index.php\/wp-json\/wp\/v2\/posts\/4891\/revisions\/4893"}],"wp:featuredmedia":[{"embeddable":true,"href":"https:\/\/progresso.com.br\/index.php\/wp-json\/wp\/v2\/media\/4892"}],"wp:attachment":[{"href":"https:\/\/progresso.com.br\/index.php\/wp-json\/wp\/v2\/media?parent=4891"}],"wp:term":[{"taxonomy":"category","embeddable":true,"href":"https:\/\/progresso.com.br\/index.php\/wp-json\/wp\/v2\/categories?post=4891"},{"taxonomy":"post_tag","embeddable":true,"href":"https:\/\/progresso.com.br\/index.php\/wp-json\/wp\/v2\/tags?post=4891"}],"curies":[{"name":"wp","href":"https:\/\/api.w.org\/{rel}","templated":true}]}}