{"id":4894,"date":"2026-04-27T16:00:00","date_gmt":"2026-04-27T20:00:00","guid":{"rendered":"https:\/\/progresso.com.br\/?p=4894"},"modified":"2026-04-27T15:47:45","modified_gmt":"2026-04-27T19:47:45","slug":"seguranca-do-paciente-ganha-destaque-em-workshop-sobre-qualidade-em-saude-em-dourados","status":"publish","type":"post","link":"https:\/\/progresso.com.br\/index.php\/2026\/04\/27\/seguranca-do-paciente-ganha-destaque-em-workshop-sobre-qualidade-em-saude-em-dourados\/","title":{"rendered":"Seguran\u00e7a do paciente ganha destaque em workshop sobre qualidade em sa\u00fade em Dourados"},"content":{"rendered":"\n<p><em><strong>Evento gratuito refor\u00e7a pr\u00e1ticas de melhoria cont\u00ednua nas institui\u00e7\u00f5es de sa\u00fade, em parceria com a SES<\/strong><\/em><\/p>\n\n\n\n<p><em>Comunica\u00e7\u00e3o SES<\/em><\/p>\n\n\n\n<p>O workshop \u201cQualidade em Sa\u00fade sem Complica\u00e7\u00e3o: Passo a passo para a melhoria cont\u00ednua\u201d, realizado no Gales Park Hotel, reuniu profissionais da \u00e1rea da sa\u00fade de Dourados e regi\u00e3o, em um momento dedicado \u00e0 troca de conhecimentos, experi\u00eancias e fortalecimento das pr\u00e1ticas de qualidade e seguran\u00e7a do paciente.<\/p>\n\n\n\n<p>Com uma abordagem pr\u00e1tica e acess\u00edvel, o evento realizado pela Ensino Agir no dia 15 deste m\u00eas apresentou conceitos fundamentais da gest\u00e3o da qualidade, al\u00e9m de ferramentas e metodologias voltadas \u00e0 melhoria cont\u00ednua dos servi\u00e7os de sa\u00fade, redu\u00e7\u00e3o de falhas e qualifica\u00e7\u00e3o dos processos assistenciais e administrativos \u2014 pontos diretamente relacionados \u00e0 promo\u00e7\u00e3o de uma assist\u00eancia mais segura ao paciente.<\/p>\n\n\n\n<p>A condu\u00e7\u00e3o do evento ficou por conta do Diretor de Ensino e Desenvolvimento da Agir, J. Ant\u00f4nio Cirino, que destacou a participa\u00e7\u00e3o ativa do p\u00fablico e o ambiente de aprendizado constru\u00eddo ao longo da manh\u00e3. \u201cPercebemos um grande interesse dos profissionais em aplicar, na pr\u00e1tica, as ferramentas apresentadas, o que mostra o quanto a qualidade em sa\u00fade \u00e9 uma pauta cada vez mais presente nas institui\u00e7\u00f5es\u201d, ressaltou.<\/p>\n\n\n\n<p><strong>Qualidade e seguran\u00e7a do paciente em foco<\/strong><\/p>\n\n\n<div class=\"wp-block-image\">\n<figure class=\"alignleft\"><a href=\"https:\/\/www.saude.ms.gov.br\/wp-content\/uploads\/2026\/04\/WhatsApp-Image-2026-04-17-at-14.30.01-1.jpeg\"><img decoding=\"async\" src=\"https:\/\/www.saude.ms.gov.br\/wp-content\/uploads\/2026\/04\/WhatsApp-Image-2026-04-17-at-14.30.01-1.jpeg\" alt=\"\" class=\"wp-image-46610\"\/><\/a><\/figure>\n<\/div>\n\n\n<p>A programa\u00e7\u00e3o tamb\u00e9m refor\u00e7ou a import\u00e2ncia da qualidade e da seguran\u00e7a do paciente como pilares essenciais na assist\u00eancia em sa\u00fade. A coordenadora do N\u00facleo Estadual de Gest\u00e3o e Estrat\u00e9gia de Seguran\u00e7a do Paciente, Dra. Eduarda Tebet, destacou o papel dos profissionais na constru\u00e7\u00e3o de uma cultura segura dentro das institui\u00e7\u00f5es. \u201cFalar sobre qualidade e seguran\u00e7a do paciente \u00e9 falar sobre compromisso com a vida. Momentos como este s\u00e3o fundamentais para fortalecer essa cultura e estimular pr\u00e1ticas cada vez mais seguras e eficientes nos servi\u00e7os de sa\u00fade\u201d, afirmou.<\/p>\n\n\n\n<p>O assessor t\u00e9cnico m\u00e9dico da Secretaria de Estado de Sa\u00fade de Mato Grosso do Sul, Dr. Jo\u00e3o Ricardo Tognini, tamb\u00e9m ressaltou a relev\u00e2ncia do tema. \u201cA qualifica\u00e7\u00e3o dos processos e o engajamento das equipes s\u00e3o determinantes para garantir uma assist\u00eancia mais segura. Iniciativas como esse workshop contribuem diretamente para o aprimoramento dos servi\u00e7os e para a consolida\u00e7\u00e3o de boas pr\u00e1ticas na sa\u00fade\u201d, pontuou.<\/p>\n\n\n\n<p>A Diretora Geral do HRD (Hospital Regional de Dourados), Andr\u00e9ia Alc\u00e2ntara, tamb\u00e9m enfatizou a relev\u00e2ncia da iniciativa para o munic\u00edpio. \u201cReceber um evento como esse em Dourados \u00e9 extremamente positivo, pois fortalece a qualifica\u00e7\u00e3o dos nossos profissionais e contribui diretamente para a melhoria dos servi\u00e7os de sa\u00fade oferecidos \u00e0 popula\u00e7\u00e3o. \u00c9 uma oportunidade de atualiza\u00e7\u00e3o e integra\u00e7\u00e3o que impacta toda a rede\u201d, afirmou.<\/p>\n\n\n\n<p><em>*com informa\u00e7\u00f5es HRD<\/em><br><\/p>\n","protected":false},"excerpt":{"rendered":"<p>Evento gratuito refor\u00e7a pr\u00e1ticas de melhoria cont\u00ednua nas institui\u00e7\u00f5es de sa\u00fade, em parceria com a SES Comunica\u00e7\u00e3o SES O workshop \u201cQualidade em Sa\u00fade sem Complica\u00e7\u00e3o: Passo a passo para a melhoria cont\u00ednua\u201d, realizado no Gales Park Hotel, reuniu profissionais da \u00e1rea da sa\u00fade de Dourados e regi\u00e3o, em um momento dedicado \u00e0 troca de conhecimentos, [&hellip;]<\/p>\n","protected":false},"author":2,"featured_media":4901,"comment_status":"open","ping_status":"open","sticky":false,"template":"","format":"standard","meta":{"footnotes":""},"categories":[28],"tags":[],"class_list":["post-4894","post","type-post","status-publish","format-standard","has-post-thumbnail","hentry","category-dourados"],"yoast_head":"<!-- This site is optimized with the Yoast SEO plugin v27.1.1 - https:\/\/yoast.com\/product\/yoast-seo-wordpress\/ -->\n<title>Seguran\u00e7a do paciente ganha destaque em workshop sobre qualidade em sa\u00fade em Dourados - O PROGRESSO<\/title>\n<meta name=\"robots\" content=\"index, follow, max-snippet:-1, max-image-preview:large, max-video-preview:-1\" \/>\n<link rel=\"canonical\" href=\"https:\/\/progresso.com.br\/index.php\/2026\/04\/27\/seguranca-do-paciente-ganha-destaque-em-workshop-sobre-qualidade-em-saude-em-dourados\/\" \/>\n<meta property=\"og:locale\" content=\"pt_BR\" \/>\n<meta property=\"og:type\" content=\"article\" \/>\n<meta property=\"og:title\" content=\"Seguran\u00e7a do paciente ganha destaque em workshop sobre qualidade em sa\u00fade em Dourados - O PROGRESSO\" \/>\n<meta property=\"og:description\" content=\"Evento gratuito refor\u00e7a pr\u00e1ticas de melhoria cont\u00ednua nas institui\u00e7\u00f5es de sa\u00fade, em parceria com a SES Comunica\u00e7\u00e3o SES O workshop \u201cQualidade em Sa\u00fade sem Complica\u00e7\u00e3o: Passo a passo para a melhoria cont\u00ednua\u201d, realizado no Gales Park Hotel, reuniu profissionais da \u00e1rea da sa\u00fade de Dourados e regi\u00e3o, em um momento dedicado \u00e0 troca de conhecimentos, [&hellip;]\" \/>\n<meta property=\"og:url\" content=\"https:\/\/progresso.com.br\/index.php\/2026\/04\/27\/seguranca-do-paciente-ganha-destaque-em-workshop-sobre-qualidade-em-saude-em-dourados\/\" \/>\n<meta property=\"og:site_name\" content=\"O PROGRESSO\" \/>\n<meta property=\"article:publisher\" content=\"https:\/\/www.facebook.com\/share\/1CeoksKBj6\/\" \/>\n<meta property=\"article:published_time\" content=\"2026-04-27T20:00:00+00:00\" \/>\n<meta property=\"og:image\" content=\"https:\/\/progresso.com.br\/wp-content\/uploads\/2026\/04\/WhatsApp-Image-2026-04-17-at-14.30.01-730x480-1.jpeg\" \/>\n\t<meta property=\"og:image:width\" content=\"730\" \/>\n\t<meta property=\"og:image:height\" content=\"480\" \/>\n\t<meta property=\"og:image:type\" content=\"image\/jpeg\" \/>\n<meta name=\"author\" content=\"Rose\" \/>\n<meta name=\"twitter:card\" content=\"summary_large_image\" \/>\n<meta name=\"twitter:label1\" content=\"Escrito por\" \/>\n\t<meta name=\"twitter:data1\" content=\"Rose\" \/>\n\t<meta name=\"twitter:label2\" content=\"Est. tempo de leitura\" \/>\n\t<meta name=\"twitter:data2\" content=\"3 minutos\" \/>\n<script type=\"application\/ld+json\" class=\"yoast-schema-graph\">{\"@context\":\"https:\/\/schema.org\",\"@graph\":[{\"@type\":\"Article\",\"@id\":\"https:\/\/progresso.com.br\/index.php\/2026\/04\/27\/seguranca-do-paciente-ganha-destaque-em-workshop-sobre-qualidade-em-saude-em-dourados\/#article\",\"isPartOf\":{\"@id\":\"https:\/\/progresso.com.br\/index.php\/2026\/04\/27\/seguranca-do-paciente-ganha-destaque-em-workshop-sobre-qualidade-em-saude-em-dourados\/\"},\"author\":{\"name\":\"Rose\",\"@id\":\"https:\/\/progresso.com.br\/#\/schema\/person\/5dd27138d4463fbbaace62120bfc002b\"},\"headline\":\"Seguran\u00e7a do paciente ganha destaque em workshop sobre qualidade em sa\u00fade em Dourados\",\"datePublished\":\"2026-04-27T20:00:00+00:00\",\"mainEntityOfPage\":{\"@id\":\"https:\/\/progresso.com.br\/index.php\/2026\/04\/27\/seguranca-do-paciente-ganha-destaque-em-workshop-sobre-qualidade-em-saude-em-dourados\/\"},\"wordCount\":499,\"commentCount\":0,\"publisher\":{\"@id\":\"https:\/\/progresso.com.br\/#organization\"},\"image\":{\"@id\":\"https:\/\/progresso.com.br\/index.php\/2026\/04\/27\/seguranca-do-paciente-ganha-destaque-em-workshop-sobre-qualidade-em-saude-em-dourados\/#primaryimage\"},\"thumbnailUrl\":\"https:\/\/progresso.com.br\/wp-content\/uploads\/2026\/04\/WhatsApp-Image-2026-04-17-at-14.30.01-730x480-1.jpeg\",\"articleSection\":[\"Dourados\"],\"inLanguage\":\"pt-BR\",\"potentialAction\":[{\"@type\":\"CommentAction\",\"name\":\"Comment\",\"target\":[\"https:\/\/progresso.com.br\/index.php\/2026\/04\/27\/seguranca-do-paciente-ganha-destaque-em-workshop-sobre-qualidade-em-saude-em-dourados\/#respond\"]}]},{\"@type\":\"WebPage\",\"@id\":\"https:\/\/progresso.com.br\/index.php\/2026\/04\/27\/seguranca-do-paciente-ganha-destaque-em-workshop-sobre-qualidade-em-saude-em-dourados\/\",\"url\":\"https:\/\/progresso.com.br\/index.php\/2026\/04\/27\/seguranca-do-paciente-ganha-destaque-em-workshop-sobre-qualidade-em-saude-em-dourados\/\",\"name\":\"Seguran\u00e7a do paciente ganha destaque em workshop sobre qualidade em sa\u00fade em Dourados - O PROGRESSO\",\"isPartOf\":{\"@id\":\"https:\/\/progresso.com.br\/#website\"},\"primaryImageOfPage\":{\"@id\":\"https:\/\/progresso.com.br\/index.php\/2026\/04\/27\/seguranca-do-paciente-ganha-destaque-em-workshop-sobre-qualidade-em-saude-em-dourados\/#primaryimage\"},\"image\":{\"@id\":\"https:\/\/progresso.com.br\/index.php\/2026\/04\/27\/seguranca-do-paciente-ganha-destaque-em-workshop-sobre-qualidade-em-saude-em-dourados\/#primaryimage\"},\"thumbnailUrl\":\"https:\/\/progresso.com.br\/wp-content\/uploads\/2026\/04\/WhatsApp-Image-2026-04-17-at-14.30.01-730x480-1.jpeg\",\"datePublished\":\"2026-04-27T20:00:00+00:00\",\"breadcrumb\":{\"@id\":\"https:\/\/progresso.com.br\/index.php\/2026\/04\/27\/seguranca-do-paciente-ganha-destaque-em-workshop-sobre-qualidade-em-saude-em-dourados\/#breadcrumb\"},\"inLanguage\":\"pt-BR\",\"potentialAction\":[{\"@type\":\"ReadAction\",\"target\":[\"https:\/\/progresso.com.br\/index.php\/2026\/04\/27\/seguranca-do-paciente-ganha-destaque-em-workshop-sobre-qualidade-em-saude-em-dourados\/\"]}]},{\"@type\":\"ImageObject\",\"inLanguage\":\"pt-BR\",\"@id\":\"https:\/\/progresso.com.br\/index.php\/2026\/04\/27\/seguranca-do-paciente-ganha-destaque-em-workshop-sobre-qualidade-em-saude-em-dourados\/#primaryimage\",\"url\":\"https:\/\/progresso.com.br\/wp-content\/uploads\/2026\/04\/WhatsApp-Image-2026-04-17-at-14.30.01-730x480-1.jpeg\",\"contentUrl\":\"https:\/\/progresso.com.br\/wp-content\/uploads\/2026\/04\/WhatsApp-Image-2026-04-17-at-14.30.01-730x480-1.jpeg\",\"width\":730,\"height\":480,\"caption\":\"(Fotos: HRD)\"},{\"@type\":\"BreadcrumbList\",\"@id\":\"https:\/\/progresso.com.br\/index.php\/2026\/04\/27\/seguranca-do-paciente-ganha-destaque-em-workshop-sobre-qualidade-em-saude-em-dourados\/#breadcrumb\",\"itemListElement\":[{\"@type\":\"ListItem\",\"position\":1,\"name\":\"In\u00edcio\",\"item\":\"https:\/\/progresso.com.br\/\"},{\"@type\":\"ListItem\",\"position\":2,\"name\":\"Seguran\u00e7a do paciente ganha destaque em workshop sobre qualidade em sa\u00fade em Dourados\"}]},{\"@type\":\"WebSite\",\"@id\":\"https:\/\/progresso.com.br\/#website\",\"url\":\"https:\/\/progresso.com.br\/\",\"name\":\"O PROGRESSO\",\"description\":\"\",\"publisher\":{\"@id\":\"https:\/\/progresso.com.br\/#organization\"},\"potentialAction\":[{\"@type\":\"SearchAction\",\"target\":{\"@type\":\"EntryPoint\",\"urlTemplate\":\"https:\/\/progresso.com.br\/?s={search_term_string}\"},\"query-input\":{\"@type\":\"PropertyValueSpecification\",\"valueRequired\":true,\"valueName\":\"search_term_string\"}}],\"inLanguage\":\"pt-BR\"},{\"@type\":\"Organization\",\"@id\":\"https:\/\/progresso.com.br\/#organization\",\"name\":\"O PROGRESSO\",\"url\":\"https:\/\/progresso.com.br\/\",\"logo\":{\"@type\":\"ImageObject\",\"inLanguage\":\"pt-BR\",\"@id\":\"https:\/\/progresso.com.br\/#\/schema\/logo\/image\/\",\"url\":\"https:\/\/progresso.com.br\/wp-content\/uploads\/2026\/03\/logo_proog.jpg\",\"contentUrl\":\"https:\/\/progresso.com.br\/wp-content\/uploads\/2026\/03\/logo_proog.jpg\",\"width\":1960,\"height\":1080,\"caption\":\"O PROGRESSO\"},\"image\":{\"@id\":\"https:\/\/progresso.com.br\/#\/schema\/logo\/image\/\"},\"sameAs\":[\"https:\/\/www.facebook.com\/share\/1CeoksKBj6\/\",\"https:\/\/www.instagram.com\/oprogresso_digital\"]},{\"@type\":\"Person\",\"@id\":\"https:\/\/progresso.com.br\/#\/schema\/person\/5dd27138d4463fbbaace62120bfc002b\",\"name\":\"Rose\",\"image\":{\"@type\":\"ImageObject\",\"inLanguage\":\"pt-BR\",\"@id\":\"https:\/\/progresso.com.br\/#\/schema\/person\/image\/\",\"url\":\"https:\/\/secure.gravatar.com\/avatar\/1b6890e759cdd3a88d9f751cb423720b9861c5239167cd3586355638b6556599?s=96&d=mm&r=g\",\"contentUrl\":\"https:\/\/secure.gravatar.com\/avatar\/1b6890e759cdd3a88d9f751cb423720b9861c5239167cd3586355638b6556599?s=96&d=mm&r=g\",\"caption\":\"Rose\"},\"url\":\"https:\/\/progresso.com.br\/index.php\/author\/rose\/\"}]}<\/script>\n<!-- \/ Yoast SEO plugin. -->","yoast_head_json":{"title":"Seguran\u00e7a do paciente ganha destaque em workshop sobre qualidade em sa\u00fade em Dourados - O PROGRESSO","robots":{"index":"index","follow":"follow","max-snippet":"max-snippet:-1","max-image-preview":"max-image-preview:large","max-video-preview":"max-video-preview:-1"},"canonical":"https:\/\/progresso.com.br\/index.php\/2026\/04\/27\/seguranca-do-paciente-ganha-destaque-em-workshop-sobre-qualidade-em-saude-em-dourados\/","og_locale":"pt_BR","og_type":"article","og_title":"Seguran\u00e7a do paciente ganha destaque em workshop sobre qualidade em sa\u00fade em Dourados - O PROGRESSO","og_description":"Evento gratuito refor\u00e7a pr\u00e1ticas de melhoria cont\u00ednua nas institui\u00e7\u00f5es de sa\u00fade, em parceria com a SES Comunica\u00e7\u00e3o SES O workshop \u201cQualidade em Sa\u00fade sem Complica\u00e7\u00e3o: Passo a passo para a melhoria cont\u00ednua\u201d, realizado no Gales Park Hotel, reuniu profissionais da \u00e1rea da sa\u00fade de Dourados e regi\u00e3o, em um momento dedicado \u00e0 troca de conhecimentos, [&hellip;]","og_url":"https:\/\/progresso.com.br\/index.php\/2026\/04\/27\/seguranca-do-paciente-ganha-destaque-em-workshop-sobre-qualidade-em-saude-em-dourados\/","og_site_name":"O PROGRESSO","article_publisher":"https:\/\/www.facebook.com\/share\/1CeoksKBj6\/","article_published_time":"2026-04-27T20:00:00+00:00","og_image":[{"width":730,"height":480,"url":"https:\/\/progresso.com.br\/wp-content\/uploads\/2026\/04\/WhatsApp-Image-2026-04-17-at-14.30.01-730x480-1.jpeg","type":"image\/jpeg"}],"author":"Rose","twitter_card":"summary_large_image","twitter_misc":{"Escrito por":"Rose","Est. tempo de leitura":"3 minutos"},"schema":{"@context":"https:\/\/schema.org","@graph":[{"@type":"Article","@id":"https:\/\/progresso.com.br\/index.php\/2026\/04\/27\/seguranca-do-paciente-ganha-destaque-em-workshop-sobre-qualidade-em-saude-em-dourados\/#article","isPartOf":{"@id":"https:\/\/progresso.com.br\/index.php\/2026\/04\/27\/seguranca-do-paciente-ganha-destaque-em-workshop-sobre-qualidade-em-saude-em-dourados\/"},"author":{"name":"Rose","@id":"https:\/\/progresso.com.br\/#\/schema\/person\/5dd27138d4463fbbaace62120bfc002b"},"headline":"Seguran\u00e7a do paciente ganha destaque em workshop sobre qualidade em sa\u00fade em Dourados","datePublished":"2026-04-27T20:00:00+00:00","mainEntityOfPage":{"@id":"https:\/\/progresso.com.br\/index.php\/2026\/04\/27\/seguranca-do-paciente-ganha-destaque-em-workshop-sobre-qualidade-em-saude-em-dourados\/"},"wordCount":499,"commentCount":0,"publisher":{"@id":"https:\/\/progresso.com.br\/#organization"},"image":{"@id":"https:\/\/progresso.com.br\/index.php\/2026\/04\/27\/seguranca-do-paciente-ganha-destaque-em-workshop-sobre-qualidade-em-saude-em-dourados\/#primaryimage"},"thumbnailUrl":"https:\/\/progresso.com.br\/wp-content\/uploads\/2026\/04\/WhatsApp-Image-2026-04-17-at-14.30.01-730x480-1.jpeg","articleSection":["Dourados"],"inLanguage":"pt-BR","potentialAction":[{"@type":"CommentAction","name":"Comment","target":["https:\/\/progresso.com.br\/index.php\/2026\/04\/27\/seguranca-do-paciente-ganha-destaque-em-workshop-sobre-qualidade-em-saude-em-dourados\/#respond"]}]},{"@type":"WebPage","@id":"https:\/\/progresso.com.br\/index.php\/2026\/04\/27\/seguranca-do-paciente-ganha-destaque-em-workshop-sobre-qualidade-em-saude-em-dourados\/","url":"https:\/\/progresso.com.br\/index.php\/2026\/04\/27\/seguranca-do-paciente-ganha-destaque-em-workshop-sobre-qualidade-em-saude-em-dourados\/","name":"Seguran\u00e7a do paciente ganha destaque em workshop sobre qualidade em sa\u00fade em Dourados - O PROGRESSO","isPartOf":{"@id":"https:\/\/progresso.com.br\/#website"},"primaryImageOfPage":{"@id":"https:\/\/progresso.com.br\/index.php\/2026\/04\/27\/seguranca-do-paciente-ganha-destaque-em-workshop-sobre-qualidade-em-saude-em-dourados\/#primaryimage"},"image":{"@id":"https:\/\/progresso.com.br\/index.php\/2026\/04\/27\/seguranca-do-paciente-ganha-destaque-em-workshop-sobre-qualidade-em-saude-em-dourados\/#primaryimage"},"thumbnailUrl":"https:\/\/progresso.com.br\/wp-content\/uploads\/2026\/04\/WhatsApp-Image-2026-04-17-at-14.30.01-730x480-1.jpeg","datePublished":"2026-04-27T20:00:00+00:00","breadcrumb":{"@id":"https:\/\/progresso.com.br\/index.php\/2026\/04\/27\/seguranca-do-paciente-ganha-destaque-em-workshop-sobre-qualidade-em-saude-em-dourados\/#breadcrumb"},"inLanguage":"pt-BR","potentialAction":[{"@type":"ReadAction","target":["https:\/\/progresso.com.br\/index.php\/2026\/04\/27\/seguranca-do-paciente-ganha-destaque-em-workshop-sobre-qualidade-em-saude-em-dourados\/"]}]},{"@type":"ImageObject","inLanguage":"pt-BR","@id":"https:\/\/progresso.com.br\/index.php\/2026\/04\/27\/seguranca-do-paciente-ganha-destaque-em-workshop-sobre-qualidade-em-saude-em-dourados\/#primaryimage","url":"https:\/\/progresso.com.br\/wp-content\/uploads\/2026\/04\/WhatsApp-Image-2026-04-17-at-14.30.01-730x480-1.jpeg","contentUrl":"https:\/\/progresso.com.br\/wp-content\/uploads\/2026\/04\/WhatsApp-Image-2026-04-17-at-14.30.01-730x480-1.jpeg","width":730,"height":480,"caption":"(Fotos: HRD)"},{"@type":"BreadcrumbList","@id":"https:\/\/progresso.com.br\/index.php\/2026\/04\/27\/seguranca-do-paciente-ganha-destaque-em-workshop-sobre-qualidade-em-saude-em-dourados\/#breadcrumb","itemListElement":[{"@type":"ListItem","position":1,"name":"In\u00edcio","item":"https:\/\/progresso.com.br\/"},{"@type":"ListItem","position":2,"name":"Seguran\u00e7a do paciente ganha destaque em workshop sobre qualidade em sa\u00fade em Dourados"}]},{"@type":"WebSite","@id":"https:\/\/progresso.com.br\/#website","url":"https:\/\/progresso.com.br\/","name":"O PROGRESSO","description":"","publisher":{"@id":"https:\/\/progresso.com.br\/#organization"},"potentialAction":[{"@type":"SearchAction","target":{"@type":"EntryPoint","urlTemplate":"https:\/\/progresso.com.br\/?s={search_term_string}"},"query-input":{"@type":"PropertyValueSpecification","valueRequired":true,"valueName":"search_term_string"}}],"inLanguage":"pt-BR"},{"@type":"Organization","@id":"https:\/\/progresso.com.br\/#organization","name":"O PROGRESSO","url":"https:\/\/progresso.com.br\/","logo":{"@type":"ImageObject","inLanguage":"pt-BR","@id":"https:\/\/progresso.com.br\/#\/schema\/logo\/image\/","url":"https:\/\/progresso.com.br\/wp-content\/uploads\/2026\/03\/logo_proog.jpg","contentUrl":"https:\/\/progresso.com.br\/wp-content\/uploads\/2026\/03\/logo_proog.jpg","width":1960,"height":1080,"caption":"O PROGRESSO"},"image":{"@id":"https:\/\/progresso.com.br\/#\/schema\/logo\/image\/"},"sameAs":["https:\/\/www.facebook.com\/share\/1CeoksKBj6\/","https:\/\/www.instagram.com\/oprogresso_digital"]},{"@type":"Person","@id":"https:\/\/progresso.com.br\/#\/schema\/person\/5dd27138d4463fbbaace62120bfc002b","name":"Rose","image":{"@type":"ImageObject","inLanguage":"pt-BR","@id":"https:\/\/progresso.com.br\/#\/schema\/person\/image\/","url":"https:\/\/secure.gravatar.com\/avatar\/1b6890e759cdd3a88d9f751cb423720b9861c5239167cd3586355638b6556599?s=96&d=mm&r=g","contentUrl":"https:\/\/secure.gravatar.com\/avatar\/1b6890e759cdd3a88d9f751cb423720b9861c5239167cd3586355638b6556599?s=96&d=mm&r=g","caption":"Rose"},"url":"https:\/\/progresso.com.br\/index.php\/author\/rose\/"}]}},"_links":{"self":[{"href":"https:\/\/progresso.com.br\/index.php\/wp-json\/wp\/v2\/posts\/4894","targetHints":{"allow":["GET"]}}],"collection":[{"href":"https:\/\/progresso.com.br\/index.php\/wp-json\/wp\/v2\/posts"}],"about":[{"href":"https:\/\/progresso.com.br\/index.php\/wp-json\/wp\/v2\/types\/post"}],"author":[{"embeddable":true,"href":"https:\/\/progresso.com.br\/index.php\/wp-json\/wp\/v2\/users\/2"}],"replies":[{"embeddable":true,"href":"https:\/\/progresso.com.br\/index.php\/wp-json\/wp\/v2\/comments?post=4894"}],"version-history":[{"count":1,"href":"https:\/\/progresso.com.br\/index.php\/wp-json\/wp\/v2\/posts\/4894\/revisions"}],"predecessor-version":[{"id":4902,"href":"https:\/\/progresso.com.br\/index.php\/wp-json\/wp\/v2\/posts\/4894\/revisions\/4902"}],"wp:featuredmedia":[{"embeddable":true,"href":"https:\/\/progresso.com.br\/index.php\/wp-json\/wp\/v2\/media\/4901"}],"wp:attachment":[{"href":"https:\/\/progresso.com.br\/index.php\/wp-json\/wp\/v2\/media?parent=4894"}],"wp:term":[{"taxonomy":"category","embeddable":true,"href":"https:\/\/progresso.com.br\/index.php\/wp-json\/wp\/v2\/categories?post=4894"},{"taxonomy":"post_tag","embeddable":true,"href":"https:\/\/progresso.com.br\/index.php\/wp-json\/wp\/v2\/tags?post=4894"}],"curies":[{"name":"wp","href":"https:\/\/api.w.org\/{rel}","templated":true}]}}