{"id":4903,"date":"2026-04-27T16:15:00","date_gmt":"2026-04-27T20:15:00","guid":{"rendered":"https:\/\/progresso.com.br\/?p=4903"},"modified":"2026-04-27T15:49:22","modified_gmt":"2026-04-27T19:49:22","slug":"mato-grosso-do-sul-fortalece-politica-de-turismo-acessivel-e-inclusivo","status":"publish","type":"post","link":"https:\/\/progresso.com.br\/index.php\/2026\/04\/27\/mato-grosso-do-sul-fortalece-politica-de-turismo-acessivel-e-inclusivo\/","title":{"rendered":"Mato Grosso do Sul fortalece pol\u00edtica de turismo acess\u00edvel e inclusivo"},"content":{"rendered":"\n<p><em>Comunica\u00e7\u00e3o Fundtur<\/em><\/p>\n\n\n\n<p>Mato Grosso do Sul avan\u00e7a na consolida\u00e7\u00e3o de uma pol\u00edtica p\u00fablica estruturada voltada ao turismo acess\u00edvel e inclusivo, reafirmando o compromisso com a promo\u00e7\u00e3o de destinos mais preparados, seguros e acolhedores para todas as pessoas. Como parte desse processo, a Funda\u00e7\u00e3o de Turismo de Mato Grosso do Sul (Fundtur MS) realizou o lan\u00e7amento oficial do v\u00eddeo promocional do Programa Turismo Acess\u00edvel e Inclusivo, durante agenda institucional realizada na WTM Latin America, em S\u00e3o Paulo.<\/p>\n\n\n\n<p>O material apresenta viv\u00eancias reais de pessoas com defici\u00eancia, pessoas idosas e pessoas com mobilidade reduzida em experi\u00eancias tur\u00edsticas no estado, evidenciando que a acessibilidade \u00e9 uma pr\u00e1tica poss\u00edvel, planejada e essencial para o desenvolvimento do setor. A iniciativa refor\u00e7a o posicionamento de Mato Grosso do Sul como refer\u00eancia nacional na constru\u00e7\u00e3o de destinos mais inclusivos.<\/p>\n\n\n\n<p>A coordenadora do programa, Telma Nantes, destaca que a proposta est\u00e1 fundamentada em escuta ativa e responsabilidade social. \u201cTrata-se de uma pol\u00edtica p\u00fablica constru\u00edda a partir da viv\u00eancia e das necessidades reais das pessoas. Nosso objetivo \u00e9 garantir que o turismo seja acess\u00edvel, com qualidade e respeito, promovendo inclus\u00e3o de forma efetiva\u201d, afirma.<\/p>\n\n\n\n<p>O gerente de Estrutura\u00e7\u00e3o e Inova\u00e7\u00e3o do Turismo da Fundtur MS, \u00c9dson Moroni, ressalta o car\u00e1ter integrado da iniciativa. \u201cEstamos estruturando um modelo que envolve poder p\u00fablico, iniciativa privada e sociedade, com foco na qualifica\u00e7\u00e3o dos destinos e na amplia\u00e7\u00e3o do acesso ao turismo\u201d, pontua.<\/p>\n\n\n\n<p>Para o diretor-presidente da Fundtur MS, Bruno Wendling, o turismo acess\u00edvel e inclusivo \u00e9 estrat\u00e9gico para o desenvolvimento do estado. \u201cA acessibilidade deixa de ser um diferencial e passa a ser um eixo estruturante do turismo. Mato Grosso do Sul avan\u00e7a ao alinhar inclus\u00e3o social e desenvolvimento econ\u00f4mico, fortalecendo sua competitividade no cen\u00e1rio nacional\u201d, destaca.<\/p>\n\n\n\n<p>Al\u00e9m do lan\u00e7amento do material, a agenda institucional incluiu reuni\u00f5es t\u00e9cnicas, articula\u00e7\u00f5es com especialistas e representantes do setor, e a realiza\u00e7\u00e3o de experi\u00eancias sensoriais como degusta\u00e7\u00e3o \u00e0s cegas, ampliando a discuss\u00e3o sobre inova\u00e7\u00e3o e inclus\u00e3o na promo\u00e7\u00e3o do destino.<\/p>\n\n\n\n<p>A iniciativa integra um conjunto de a\u00e7\u00f5es cont\u00ednuas do estado voltadas \u00e0 elimina\u00e7\u00e3o de barreiras e \u00e0 constru\u00e7\u00e3o de um turismo mais justo, acess\u00edvel e alinhado \u00e0s boas pr\u00e1ticas nacionais e internacionais.<\/p>\n","protected":false},"excerpt":{"rendered":"<p>Comunica\u00e7\u00e3o Fundtur Mato Grosso do Sul avan\u00e7a na consolida\u00e7\u00e3o de uma pol\u00edtica p\u00fablica estruturada voltada ao turismo acess\u00edvel e inclusivo, reafirmando o compromisso com a promo\u00e7\u00e3o de destinos mais preparados, seguros e acolhedores para todas as pessoas. Como parte desse processo, a Funda\u00e7\u00e3o de Turismo de Mato Grosso do Sul (Fundtur MS) realizou o lan\u00e7amento [&hellip;]<\/p>\n","protected":false},"author":2,"featured_media":4905,"comment_status":"open","ping_status":"open","sticky":false,"template":"","format":"standard","meta":{"footnotes":""},"categories":[13],"tags":[],"class_list":["post-4903","post","type-post","status-publish","format-standard","has-post-thumbnail","hentry","category-cotidiano"],"yoast_head":"<!-- This site is optimized with the Yoast SEO plugin v27.1.1 - https:\/\/yoast.com\/product\/yoast-seo-wordpress\/ -->\n<title>Mato Grosso do Sul fortalece pol\u00edtica de turismo acess\u00edvel e inclusivo - O PROGRESSO<\/title>\n<meta name=\"robots\" content=\"index, follow, max-snippet:-1, max-image-preview:large, max-video-preview:-1\" \/>\n<link rel=\"canonical\" href=\"https:\/\/progresso.com.br\/index.php\/2026\/04\/27\/mato-grosso-do-sul-fortalece-politica-de-turismo-acessivel-e-inclusivo\/\" \/>\n<meta property=\"og:locale\" content=\"pt_BR\" \/>\n<meta property=\"og:type\" content=\"article\" \/>\n<meta property=\"og:title\" content=\"Mato Grosso do Sul fortalece pol\u00edtica de turismo acess\u00edvel e inclusivo - O PROGRESSO\" \/>\n<meta property=\"og:description\" content=\"Comunica\u00e7\u00e3o Fundtur Mato Grosso do Sul avan\u00e7a na consolida\u00e7\u00e3o de uma pol\u00edtica p\u00fablica estruturada voltada ao turismo acess\u00edvel e inclusivo, reafirmando o compromisso com a promo\u00e7\u00e3o de destinos mais preparados, seguros e acolhedores para todas as pessoas. Como parte desse processo, a Funda\u00e7\u00e3o de Turismo de Mato Grosso do Sul (Fundtur MS) realizou o lan\u00e7amento [&hellip;]\" \/>\n<meta property=\"og:url\" content=\"https:\/\/progresso.com.br\/index.php\/2026\/04\/27\/mato-grosso-do-sul-fortalece-politica-de-turismo-acessivel-e-inclusivo\/\" \/>\n<meta property=\"og:site_name\" content=\"O PROGRESSO\" \/>\n<meta property=\"article:publisher\" content=\"https:\/\/www.facebook.com\/share\/1CeoksKBj6\/\" \/>\n<meta property=\"article:published_time\" content=\"2026-04-27T20:15:00+00:00\" \/>\n<meta property=\"og:image\" content=\"https:\/\/progresso.com.br\/wp-content\/uploads\/2026\/04\/Turismo-acessivel-WTM-2026-foto-@visitmsoficial-2-730x480-1.jpeg\" \/>\n\t<meta property=\"og:image:width\" content=\"730\" \/>\n\t<meta property=\"og:image:height\" content=\"480\" \/>\n\t<meta property=\"og:image:type\" content=\"image\/jpeg\" \/>\n<meta name=\"author\" content=\"Rose\" \/>\n<meta name=\"twitter:card\" content=\"summary_large_image\" \/>\n<meta name=\"twitter:label1\" content=\"Escrito por\" \/>\n\t<meta name=\"twitter:data1\" content=\"Rose\" \/>\n\t<meta name=\"twitter:label2\" content=\"Est. tempo de leitura\" \/>\n\t<meta name=\"twitter:data2\" content=\"3 minutos\" \/>\n<script type=\"application\/ld+json\" class=\"yoast-schema-graph\">{\"@context\":\"https:\/\/schema.org\",\"@graph\":[{\"@type\":\"Article\",\"@id\":\"https:\/\/progresso.com.br\/index.php\/2026\/04\/27\/mato-grosso-do-sul-fortalece-politica-de-turismo-acessivel-e-inclusivo\/#article\",\"isPartOf\":{\"@id\":\"https:\/\/progresso.com.br\/index.php\/2026\/04\/27\/mato-grosso-do-sul-fortalece-politica-de-turismo-acessivel-e-inclusivo\/\"},\"author\":{\"name\":\"Rose\",\"@id\":\"https:\/\/progresso.com.br\/#\/schema\/person\/5dd27138d4463fbbaace62120bfc002b\"},\"headline\":\"Mato Grosso do Sul fortalece pol\u00edtica de turismo acess\u00edvel e inclusivo\",\"datePublished\":\"2026-04-27T20:15:00+00:00\",\"mainEntityOfPage\":{\"@id\":\"https:\/\/progresso.com.br\/index.php\/2026\/04\/27\/mato-grosso-do-sul-fortalece-politica-de-turismo-acessivel-e-inclusivo\/\"},\"wordCount\":421,\"commentCount\":0,\"publisher\":{\"@id\":\"https:\/\/progresso.com.br\/#organization\"},\"image\":{\"@id\":\"https:\/\/progresso.com.br\/index.php\/2026\/04\/27\/mato-grosso-do-sul-fortalece-politica-de-turismo-acessivel-e-inclusivo\/#primaryimage\"},\"thumbnailUrl\":\"https:\/\/progresso.com.br\/wp-content\/uploads\/2026\/04\/Turismo-acessivel-WTM-2026-foto-@visitmsoficial-2-730x480-1.jpeg\",\"articleSection\":[\"Cotidiano\"],\"inLanguage\":\"pt-BR\",\"potentialAction\":[{\"@type\":\"CommentAction\",\"name\":\"Comment\",\"target\":[\"https:\/\/progresso.com.br\/index.php\/2026\/04\/27\/mato-grosso-do-sul-fortalece-politica-de-turismo-acessivel-e-inclusivo\/#respond\"]}]},{\"@type\":\"WebPage\",\"@id\":\"https:\/\/progresso.com.br\/index.php\/2026\/04\/27\/mato-grosso-do-sul-fortalece-politica-de-turismo-acessivel-e-inclusivo\/\",\"url\":\"https:\/\/progresso.com.br\/index.php\/2026\/04\/27\/mato-grosso-do-sul-fortalece-politica-de-turismo-acessivel-e-inclusivo\/\",\"name\":\"Mato Grosso do Sul fortalece pol\u00edtica de turismo acess\u00edvel e inclusivo - O PROGRESSO\",\"isPartOf\":{\"@id\":\"https:\/\/progresso.com.br\/#website\"},\"primaryImageOfPage\":{\"@id\":\"https:\/\/progresso.com.br\/index.php\/2026\/04\/27\/mato-grosso-do-sul-fortalece-politica-de-turismo-acessivel-e-inclusivo\/#primaryimage\"},\"image\":{\"@id\":\"https:\/\/progresso.com.br\/index.php\/2026\/04\/27\/mato-grosso-do-sul-fortalece-politica-de-turismo-acessivel-e-inclusivo\/#primaryimage\"},\"thumbnailUrl\":\"https:\/\/progresso.com.br\/wp-content\/uploads\/2026\/04\/Turismo-acessivel-WTM-2026-foto-@visitmsoficial-2-730x480-1.jpeg\",\"datePublished\":\"2026-04-27T20:15:00+00:00\",\"breadcrumb\":{\"@id\":\"https:\/\/progresso.com.br\/index.php\/2026\/04\/27\/mato-grosso-do-sul-fortalece-politica-de-turismo-acessivel-e-inclusivo\/#breadcrumb\"},\"inLanguage\":\"pt-BR\",\"potentialAction\":[{\"@type\":\"ReadAction\",\"target\":[\"https:\/\/progresso.com.br\/index.php\/2026\/04\/27\/mato-grosso-do-sul-fortalece-politica-de-turismo-acessivel-e-inclusivo\/\"]}]},{\"@type\":\"ImageObject\",\"inLanguage\":\"pt-BR\",\"@id\":\"https:\/\/progresso.com.br\/index.php\/2026\/04\/27\/mato-grosso-do-sul-fortalece-politica-de-turismo-acessivel-e-inclusivo\/#primaryimage\",\"url\":\"https:\/\/progresso.com.br\/wp-content\/uploads\/2026\/04\/Turismo-acessivel-WTM-2026-foto-@visitmsoficial-2-730x480-1.jpeg\",\"contentUrl\":\"https:\/\/progresso.com.br\/wp-content\/uploads\/2026\/04\/Turismo-acessivel-WTM-2026-foto-@visitmsoficial-2-730x480-1.jpeg\",\"width\":730,\"height\":480,\"caption\":\"(Foto: Foto: @visitmsoficial)\"},{\"@type\":\"BreadcrumbList\",\"@id\":\"https:\/\/progresso.com.br\/index.php\/2026\/04\/27\/mato-grosso-do-sul-fortalece-politica-de-turismo-acessivel-e-inclusivo\/#breadcrumb\",\"itemListElement\":[{\"@type\":\"ListItem\",\"position\":1,\"name\":\"In\u00edcio\",\"item\":\"https:\/\/progresso.com.br\/\"},{\"@type\":\"ListItem\",\"position\":2,\"name\":\"Mato Grosso do Sul fortalece pol\u00edtica de turismo acess\u00edvel e inclusivo\"}]},{\"@type\":\"WebSite\",\"@id\":\"https:\/\/progresso.com.br\/#website\",\"url\":\"https:\/\/progresso.com.br\/\",\"name\":\"O PROGRESSO\",\"description\":\"\",\"publisher\":{\"@id\":\"https:\/\/progresso.com.br\/#organization\"},\"potentialAction\":[{\"@type\":\"SearchAction\",\"target\":{\"@type\":\"EntryPoint\",\"urlTemplate\":\"https:\/\/progresso.com.br\/?s={search_term_string}\"},\"query-input\":{\"@type\":\"PropertyValueSpecification\",\"valueRequired\":true,\"valueName\":\"search_term_string\"}}],\"inLanguage\":\"pt-BR\"},{\"@type\":\"Organization\",\"@id\":\"https:\/\/progresso.com.br\/#organization\",\"name\":\"O PROGRESSO\",\"url\":\"https:\/\/progresso.com.br\/\",\"logo\":{\"@type\":\"ImageObject\",\"inLanguage\":\"pt-BR\",\"@id\":\"https:\/\/progresso.com.br\/#\/schema\/logo\/image\/\",\"url\":\"https:\/\/progresso.com.br\/wp-content\/uploads\/2026\/03\/logo_proog.jpg\",\"contentUrl\":\"https:\/\/progresso.com.br\/wp-content\/uploads\/2026\/03\/logo_proog.jpg\",\"width\":1960,\"height\":1080,\"caption\":\"O PROGRESSO\"},\"image\":{\"@id\":\"https:\/\/progresso.com.br\/#\/schema\/logo\/image\/\"},\"sameAs\":[\"https:\/\/www.facebook.com\/share\/1CeoksKBj6\/\",\"https:\/\/www.instagram.com\/oprogresso_digital\"]},{\"@type\":\"Person\",\"@id\":\"https:\/\/progresso.com.br\/#\/schema\/person\/5dd27138d4463fbbaace62120bfc002b\",\"name\":\"Rose\",\"image\":{\"@type\":\"ImageObject\",\"inLanguage\":\"pt-BR\",\"@id\":\"https:\/\/progresso.com.br\/#\/schema\/person\/image\/\",\"url\":\"https:\/\/secure.gravatar.com\/avatar\/1b6890e759cdd3a88d9f751cb423720b9861c5239167cd3586355638b6556599?s=96&d=mm&r=g\",\"contentUrl\":\"https:\/\/secure.gravatar.com\/avatar\/1b6890e759cdd3a88d9f751cb423720b9861c5239167cd3586355638b6556599?s=96&d=mm&r=g\",\"caption\":\"Rose\"},\"url\":\"https:\/\/progresso.com.br\/index.php\/author\/rose\/\"}]}<\/script>\n<!-- \/ Yoast SEO plugin. -->","yoast_head_json":{"title":"Mato Grosso do Sul fortalece pol\u00edtica de turismo acess\u00edvel e inclusivo - O PROGRESSO","robots":{"index":"index","follow":"follow","max-snippet":"max-snippet:-1","max-image-preview":"max-image-preview:large","max-video-preview":"max-video-preview:-1"},"canonical":"https:\/\/progresso.com.br\/index.php\/2026\/04\/27\/mato-grosso-do-sul-fortalece-politica-de-turismo-acessivel-e-inclusivo\/","og_locale":"pt_BR","og_type":"article","og_title":"Mato Grosso do Sul fortalece pol\u00edtica de turismo acess\u00edvel e inclusivo - O PROGRESSO","og_description":"Comunica\u00e7\u00e3o Fundtur Mato Grosso do Sul avan\u00e7a na consolida\u00e7\u00e3o de uma pol\u00edtica p\u00fablica estruturada voltada ao turismo acess\u00edvel e inclusivo, reafirmando o compromisso com a promo\u00e7\u00e3o de destinos mais preparados, seguros e acolhedores para todas as pessoas. Como parte desse processo, a Funda\u00e7\u00e3o de Turismo de Mato Grosso do Sul (Fundtur MS) realizou o lan\u00e7amento [&hellip;]","og_url":"https:\/\/progresso.com.br\/index.php\/2026\/04\/27\/mato-grosso-do-sul-fortalece-politica-de-turismo-acessivel-e-inclusivo\/","og_site_name":"O PROGRESSO","article_publisher":"https:\/\/www.facebook.com\/share\/1CeoksKBj6\/","article_published_time":"2026-04-27T20:15:00+00:00","og_image":[{"width":730,"height":480,"url":"https:\/\/progresso.com.br\/wp-content\/uploads\/2026\/04\/Turismo-acessivel-WTM-2026-foto-@visitmsoficial-2-730x480-1.jpeg","type":"image\/jpeg"}],"author":"Rose","twitter_card":"summary_large_image","twitter_misc":{"Escrito por":"Rose","Est. tempo de leitura":"3 minutos"},"schema":{"@context":"https:\/\/schema.org","@graph":[{"@type":"Article","@id":"https:\/\/progresso.com.br\/index.php\/2026\/04\/27\/mato-grosso-do-sul-fortalece-politica-de-turismo-acessivel-e-inclusivo\/#article","isPartOf":{"@id":"https:\/\/progresso.com.br\/index.php\/2026\/04\/27\/mato-grosso-do-sul-fortalece-politica-de-turismo-acessivel-e-inclusivo\/"},"author":{"name":"Rose","@id":"https:\/\/progresso.com.br\/#\/schema\/person\/5dd27138d4463fbbaace62120bfc002b"},"headline":"Mato Grosso do Sul fortalece pol\u00edtica de turismo acess\u00edvel e inclusivo","datePublished":"2026-04-27T20:15:00+00:00","mainEntityOfPage":{"@id":"https:\/\/progresso.com.br\/index.php\/2026\/04\/27\/mato-grosso-do-sul-fortalece-politica-de-turismo-acessivel-e-inclusivo\/"},"wordCount":421,"commentCount":0,"publisher":{"@id":"https:\/\/progresso.com.br\/#organization"},"image":{"@id":"https:\/\/progresso.com.br\/index.php\/2026\/04\/27\/mato-grosso-do-sul-fortalece-politica-de-turismo-acessivel-e-inclusivo\/#primaryimage"},"thumbnailUrl":"https:\/\/progresso.com.br\/wp-content\/uploads\/2026\/04\/Turismo-acessivel-WTM-2026-foto-@visitmsoficial-2-730x480-1.jpeg","articleSection":["Cotidiano"],"inLanguage":"pt-BR","potentialAction":[{"@type":"CommentAction","name":"Comment","target":["https:\/\/progresso.com.br\/index.php\/2026\/04\/27\/mato-grosso-do-sul-fortalece-politica-de-turismo-acessivel-e-inclusivo\/#respond"]}]},{"@type":"WebPage","@id":"https:\/\/progresso.com.br\/index.php\/2026\/04\/27\/mato-grosso-do-sul-fortalece-politica-de-turismo-acessivel-e-inclusivo\/","url":"https:\/\/progresso.com.br\/index.php\/2026\/04\/27\/mato-grosso-do-sul-fortalece-politica-de-turismo-acessivel-e-inclusivo\/","name":"Mato Grosso do Sul fortalece pol\u00edtica de turismo acess\u00edvel e inclusivo - O PROGRESSO","isPartOf":{"@id":"https:\/\/progresso.com.br\/#website"},"primaryImageOfPage":{"@id":"https:\/\/progresso.com.br\/index.php\/2026\/04\/27\/mato-grosso-do-sul-fortalece-politica-de-turismo-acessivel-e-inclusivo\/#primaryimage"},"image":{"@id":"https:\/\/progresso.com.br\/index.php\/2026\/04\/27\/mato-grosso-do-sul-fortalece-politica-de-turismo-acessivel-e-inclusivo\/#primaryimage"},"thumbnailUrl":"https:\/\/progresso.com.br\/wp-content\/uploads\/2026\/04\/Turismo-acessivel-WTM-2026-foto-@visitmsoficial-2-730x480-1.jpeg","datePublished":"2026-04-27T20:15:00+00:00","breadcrumb":{"@id":"https:\/\/progresso.com.br\/index.php\/2026\/04\/27\/mato-grosso-do-sul-fortalece-politica-de-turismo-acessivel-e-inclusivo\/#breadcrumb"},"inLanguage":"pt-BR","potentialAction":[{"@type":"ReadAction","target":["https:\/\/progresso.com.br\/index.php\/2026\/04\/27\/mato-grosso-do-sul-fortalece-politica-de-turismo-acessivel-e-inclusivo\/"]}]},{"@type":"ImageObject","inLanguage":"pt-BR","@id":"https:\/\/progresso.com.br\/index.php\/2026\/04\/27\/mato-grosso-do-sul-fortalece-politica-de-turismo-acessivel-e-inclusivo\/#primaryimage","url":"https:\/\/progresso.com.br\/wp-content\/uploads\/2026\/04\/Turismo-acessivel-WTM-2026-foto-@visitmsoficial-2-730x480-1.jpeg","contentUrl":"https:\/\/progresso.com.br\/wp-content\/uploads\/2026\/04\/Turismo-acessivel-WTM-2026-foto-@visitmsoficial-2-730x480-1.jpeg","width":730,"height":480,"caption":"(Foto: Foto: @visitmsoficial)"},{"@type":"BreadcrumbList","@id":"https:\/\/progresso.com.br\/index.php\/2026\/04\/27\/mato-grosso-do-sul-fortalece-politica-de-turismo-acessivel-e-inclusivo\/#breadcrumb","itemListElement":[{"@type":"ListItem","position":1,"name":"In\u00edcio","item":"https:\/\/progresso.com.br\/"},{"@type":"ListItem","position":2,"name":"Mato Grosso do Sul fortalece pol\u00edtica de turismo acess\u00edvel e inclusivo"}]},{"@type":"WebSite","@id":"https:\/\/progresso.com.br\/#website","url":"https:\/\/progresso.com.br\/","name":"O PROGRESSO","description":"","publisher":{"@id":"https:\/\/progresso.com.br\/#organization"},"potentialAction":[{"@type":"SearchAction","target":{"@type":"EntryPoint","urlTemplate":"https:\/\/progresso.com.br\/?s={search_term_string}"},"query-input":{"@type":"PropertyValueSpecification","valueRequired":true,"valueName":"search_term_string"}}],"inLanguage":"pt-BR"},{"@type":"Organization","@id":"https:\/\/progresso.com.br\/#organization","name":"O PROGRESSO","url":"https:\/\/progresso.com.br\/","logo":{"@type":"ImageObject","inLanguage":"pt-BR","@id":"https:\/\/progresso.com.br\/#\/schema\/logo\/image\/","url":"https:\/\/progresso.com.br\/wp-content\/uploads\/2026\/03\/logo_proog.jpg","contentUrl":"https:\/\/progresso.com.br\/wp-content\/uploads\/2026\/03\/logo_proog.jpg","width":1960,"height":1080,"caption":"O PROGRESSO"},"image":{"@id":"https:\/\/progresso.com.br\/#\/schema\/logo\/image\/"},"sameAs":["https:\/\/www.facebook.com\/share\/1CeoksKBj6\/","https:\/\/www.instagram.com\/oprogresso_digital"]},{"@type":"Person","@id":"https:\/\/progresso.com.br\/#\/schema\/person\/5dd27138d4463fbbaace62120bfc002b","name":"Rose","image":{"@type":"ImageObject","inLanguage":"pt-BR","@id":"https:\/\/progresso.com.br\/#\/schema\/person\/image\/","url":"https:\/\/secure.gravatar.com\/avatar\/1b6890e759cdd3a88d9f751cb423720b9861c5239167cd3586355638b6556599?s=96&d=mm&r=g","contentUrl":"https:\/\/secure.gravatar.com\/avatar\/1b6890e759cdd3a88d9f751cb423720b9861c5239167cd3586355638b6556599?s=96&d=mm&r=g","caption":"Rose"},"url":"https:\/\/progresso.com.br\/index.php\/author\/rose\/"}]}},"_links":{"self":[{"href":"https:\/\/progresso.com.br\/index.php\/wp-json\/wp\/v2\/posts\/4903","targetHints":{"allow":["GET"]}}],"collection":[{"href":"https:\/\/progresso.com.br\/index.php\/wp-json\/wp\/v2\/posts"}],"about":[{"href":"https:\/\/progresso.com.br\/index.php\/wp-json\/wp\/v2\/types\/post"}],"author":[{"embeddable":true,"href":"https:\/\/progresso.com.br\/index.php\/wp-json\/wp\/v2\/users\/2"}],"replies":[{"embeddable":true,"href":"https:\/\/progresso.com.br\/index.php\/wp-json\/wp\/v2\/comments?post=4903"}],"version-history":[{"count":1,"href":"https:\/\/progresso.com.br\/index.php\/wp-json\/wp\/v2\/posts\/4903\/revisions"}],"predecessor-version":[{"id":4906,"href":"https:\/\/progresso.com.br\/index.php\/wp-json\/wp\/v2\/posts\/4903\/revisions\/4906"}],"wp:featuredmedia":[{"embeddable":true,"href":"https:\/\/progresso.com.br\/index.php\/wp-json\/wp\/v2\/media\/4905"}],"wp:attachment":[{"href":"https:\/\/progresso.com.br\/index.php\/wp-json\/wp\/v2\/media?parent=4903"}],"wp:term":[{"taxonomy":"category","embeddable":true,"href":"https:\/\/progresso.com.br\/index.php\/wp-json\/wp\/v2\/categories?post=4903"},{"taxonomy":"post_tag","embeddable":true,"href":"https:\/\/progresso.com.br\/index.php\/wp-json\/wp\/v2\/tags?post=4903"}],"curies":[{"name":"wp","href":"https:\/\/api.w.org\/{rel}","templated":true}]}}